{"id":243550,"date":"2025-03-23T16:55:50","date_gmt":"2025-03-23T19:55:50","guid":{"rendered":"https:\/\/www.gaveanews.com\/?p=243550"},"modified":"2025-03-23T16:49:02","modified_gmt":"2025-03-23T19:49:02","slug":"ramon-diaz-decide-nao-utilizar-mais-atacante-no-corinthians","status":"publish","type":"post","link":"https:\/\/www.gaveanews.com\/index.php\/2025\/03\/23\/ramon-diaz-decide-nao-utilizar-mais-atacante-no-corinthians\/","title":{"rendered":"Ram\u00f3n D\u00edaz decide n\u00e3o utilizar mais atacante no Corinthians"},"content":{"rendered":"\n<p>Com a reta final do Campeonato Paulista, a comiss\u00e3o t\u00e9cnica do Corinthians j\u00e1 come\u00e7a a planejar os pr\u00f3ximos passos da equipe para a sequ\u00eancia da temporada. Entre as decis\u00f5es de Ram\u00f3n D\u00edaz, uma das mudan\u00e7as mais evidentes foi a perda de espa\u00e7o de H\u00e9ctor Hern\u00e1ndez no elenco.<\/p>\n\n\n\n<figure class=\"wp-block-image size-large\"><img loading=\"lazy\" decoding=\"async\" width=\"1024\" height=\"540\" src=\"http:\/\/www.gaveanews.com\/wp-content\/uploads\/Hector-Hernandez-deixou-a-Neo-Quimica-Arena-com-4-minutos-de-jogo-1024x540.webp\" alt=\"\" class=\"wp-image-163228\" srcset=\"https:\/\/www.gaveanews.com\/wp-content\/uploads\/Hector-Hernandez-deixou-a-Neo-Quimica-Arena-com-4-minutos-de-jogo-1024x540.webp 1024w, https:\/\/www.gaveanews.com\/wp-content\/uploads\/Hector-Hernandez-deixou-a-Neo-Quimica-Arena-com-4-minutos-de-jogo-300x158.webp 300w, https:\/\/www.gaveanews.com\/wp-content\/uploads\/Hector-Hernandez-deixou-a-Neo-Quimica-Arena-com-4-minutos-de-jogo-768x405.webp 768w, https:\/\/www.gaveanews.com\/wp-content\/uploads\/Hector-Hernandez-deixou-a-Neo-Quimica-Arena-com-4-minutos-de-jogo-1536x810.webp 1536w, https:\/\/www.gaveanews.com\/wp-content\/uploads\/Hector-Hernandez-deixou-a-Neo-Quimica-Arena-com-4-minutos-de-jogo-796x420.webp 796w, https:\/\/www.gaveanews.com\/wp-content\/uploads\/Hector-Hernandez-deixou-a-Neo-Quimica-Arena-com-4-minutos-de-jogo-1592x840.webp 1592w, https:\/\/www.gaveanews.com\/wp-content\/uploads\/Hector-Hernandez-deixou-a-Neo-Quimica-Arena-com-4-minutos-de-jogo-640x338.webp 640w, https:\/\/www.gaveanews.com\/wp-content\/uploads\/Hector-Hernandez-deixou-a-Neo-Quimica-Arena-com-4-minutos-de-jogo-1280x675.webp 1280w, https:\/\/www.gaveanews.com\/wp-content\/uploads\/Hector-Hernandez-deixou-a-Neo-Quimica-Arena-com-4-minutos-de-jogo-681x359.webp 681w, https:\/\/www.gaveanews.com\/wp-content\/uploads\/Hector-Hernandez-deixou-a-Neo-Quimica-Arena-com-4-minutos-de-jogo-1362x718.webp 1362w, https:\/\/www.gaveanews.com\/wp-content\/uploads\/Hector-Hernandez-deixou-a-Neo-Quimica-Arena-com-4-minutos-de-jogo-100x53.webp 100w, https:\/\/www.gaveanews.com\/wp-content\/uploads\/Hector-Hernandez-deixou-a-Neo-Quimica-Arena-com-4-minutos-de-jogo.webp 1892w\" sizes=\"auto, (max-width: 1024px) 100vw, 1024px\" \/><figcaption class=\"wp-element-caption\">H\u00e9ctor Hern\u00e1ndez deixou a Neo Quimica Arena com 4 minutos de jogo (Foto: Reprodu\u00e7\u00e3o\/Rede Globo)<\/figcaption><\/figure>\n\n\n\n<p>A expectativa era de que o atacante ganhasse mais minutos ap\u00f3s a sa\u00edda de Pedro Raul, emprestado ao Cear\u00e1, tornando-se o substituto imediato de Yuri Alberto. No entanto, o jogador espanhol n\u00e3o entra em campo h\u00e1 um m\u00eas por op\u00e7\u00e3o da comiss\u00e3o t\u00e9cnica.<\/p>\n\n\n\n<p>Desde o empate por 2 a 2 contra o Guarani, na Neo Qu\u00edmica Arena, Hern\u00e1ndez n\u00e3o recebeu novas oportunidades. Naquela partida, ele foi titular, mas n\u00e3o conseguiu se destacar. Desde ent\u00e3o, o t\u00e9cnico Ram\u00f3n D\u00edaz tem apostado em outras alternativas ofensivas, como a forma\u00e7\u00e3o com Romero e Talles Magno, deixando o camisa 22 fora at\u00e9 do banco de reservas em v\u00e1rias partidas.<\/p>\n\n\n\n<p>O \u00fanico jogo em que foi relacionado ap\u00f3s perder espa\u00e7o foi na derrota para o Barcelona de Guayaquil, no Equador, pela Copa Libertadores. Fora isso, o atacante espanhol ficou de fora das \u00faltimas listas de convocados. Apesar da aus\u00eancia, o clube garante que ele segue treinando normalmente e que sua exclus\u00e3o se d\u00e1 apenas por crit\u00e9rios t\u00e9cnicos.<\/p>\n\n\n\n<p>Mesmo sem atuar, Hern\u00e1ndez mant\u00e9m proximidade com o Corinthians. No \u00faltimo domingo, o jogador acompanhou a primeira partida da final do Campeonato Paulista contra o Palmeiras no estabelecimento de Kadu Melo, sobrinho do presidente Augusto Melo, e cantou junto com os torcedores.<\/p>\n\n\n\n<p>O atacante tem contrato com o Corinthians at\u00e9 31 de dezembro de 2026, mas, se n\u00e3o receber novas oportunidades at\u00e9 o meio do ano, a possibilidade de uma transfer\u00eancia para o futebol europeu pode ganhar for\u00e7a. Enquanto isso, ele segue aguardando uma chance para voltar a atuar com a camisa do clube.<\/p>\n","protected":false},"excerpt":{"rendered":"<p>Com a reta final do Campeonato Paulista, a comiss\u00e3o t\u00e9cnica do Corinthians j\u00e1 come\u00e7a a planejar os pr\u00f3ximos passos da equipe para a sequ\u00eancia da temporada. Entre as decis\u00f5es de Ram\u00f3n D\u00edaz, uma das mudan\u00e7as mais evidentes foi a perda de espa\u00e7o de H\u00e9ctor Hern\u00e1ndez no elenco. A expectativa era de que o atacante ganhasse [&hellip;]<\/p>\n","protected":false},"author":17,"featured_media":190015,"comment_status":"open","ping_status":"closed","sticky":false,"template":"","format":"standard","meta":{"footnotes":""},"categories":[141],"tags":[],"class_list":["post-243550","post","type-post","status-publish","format-standard","has-post-thumbnail","hentry","category-corinthians"],"yoast_head":"<!-- This site is optimized with the Yoast SEO Premium plugin v24.2 (Yoast SEO v26.9) - https:\/\/yoast.com\/product\/yoast-seo-premium-wordpress\/ -->\n<title>Ram\u00f3n D\u00edaz decide n\u00e3o utilizar mais atacante no Corinthians<\/title>\n<meta name=\"robots\" content=\"index, follow, max-snippet:-1, max-image-preview:large, max-video-preview:-1\" \/>\n<link rel=\"canonical\" href=\"https:\/\/www.gaveanews.com\/index.php\/2025\/03\/23\/ramon-diaz-decide-nao-utilizar-mais-atacante-no-corinthians\/\" \/>\n<meta property=\"og:locale\" content=\"pt_BR\" \/>\n<meta property=\"og:type\" content=\"article\" \/>\n<meta property=\"og:title\" content=\"Ram\u00f3n D\u00edaz decide n\u00e3o utilizar mais atacante no Corinthians\" \/>\n<meta property=\"og:description\" content=\"Com a reta final do Campeonato Paulista, a comiss\u00e3o t\u00e9cnica do Corinthians j\u00e1 come\u00e7a a planejar os pr\u00f3ximos passos da equipe para a sequ\u00eancia da temporada. Entre as decis\u00f5es de Ram\u00f3n D\u00edaz, uma das mudan\u00e7as mais evidentes foi a perda de espa\u00e7o de H\u00e9ctor Hern\u00e1ndez no elenco. A expectativa era de que o atacante ganhasse [&hellip;]\" \/>\n<meta property=\"og:url\" content=\"https:\/\/www.gaveanews.com\/index.php\/2025\/03\/23\/ramon-diaz-decide-nao-utilizar-mais-atacante-no-corinthians\/\" \/>\n<meta property=\"og:site_name\" content=\"G\u00e1vea News\" \/>\n<meta property=\"article:publisher\" content=\"https:\/\/facebook.com\/gaveaNews\/\" \/>\n<meta property=\"article:published_time\" content=\"2025-03-23T19:55:50+00:00\" \/>\n<meta property=\"og:image\" content=\"https:\/\/www.gaveanews.com\/wp-content\/uploads\/Ramon-Diaz-pelo-Corinthians-em-2024-1.webp\" \/>\n\t<meta property=\"og:image:width\" content=\"774\" \/>\n\t<meta property=\"og:image:height\" content=\"483\" \/>\n\t<meta property=\"og:image:type\" content=\"image\/webp\" \/>\n<meta name=\"author\" content=\"Geovanna Thomaz\" \/>\n<meta name=\"twitter:card\" content=\"summary_large_image\" \/>\n<meta name=\"twitter:label1\" content=\"Escrito por\" \/>\n\t<meta name=\"twitter:data1\" content=\"Geovanna Thomaz\" \/>\n\t<meta name=\"twitter:label2\" content=\"Est. tempo de leitura\" \/>\n\t<meta name=\"twitter:data2\" content=\"3 minutos\" \/>\n<script type=\"application\/ld+json\" class=\"yoast-schema-graph\">{\"@context\":\"https:\/\/schema.org\",\"@graph\":[{\"@type\":\"NewsArticle\",\"@id\":\"https:\/\/www.gaveanews.com\/index.php\/2025\/03\/23\/ramon-diaz-decide-nao-utilizar-mais-atacante-no-corinthians\/#article\",\"isPartOf\":{\"@id\":\"https:\/\/www.gaveanews.com\/index.php\/2025\/03\/23\/ramon-diaz-decide-nao-utilizar-mais-atacante-no-corinthians\/\"},\"author\":{\"name\":\"Geovanna Thomaz\",\"@id\":\"https:\/\/www.gaveanews.com\/#\/schema\/person\/f42654babcd2b2014a1a65af82b081f1\"},\"headline\":\"Ram\u00f3n D\u00edaz decide n\u00e3o utilizar mais atacante no Corinthians\",\"datePublished\":\"2025-03-23T19:55:50+00:00\",\"mainEntityOfPage\":{\"@id\":\"https:\/\/www.gaveanews.com\/index.php\/2025\/03\/23\/ramon-diaz-decide-nao-utilizar-mais-atacante-no-corinthians\/\"},\"wordCount\":368,\"commentCount\":0,\"image\":{\"@id\":\"https:\/\/www.gaveanews.com\/index.php\/2025\/03\/23\/ramon-diaz-decide-nao-utilizar-mais-atacante-no-corinthians\/#primaryimage\"},\"thumbnailUrl\":\"https:\/\/www.gaveanews.com\/wp-content\/uploads\/Ramon-Diaz-pelo-Corinthians-em-2024-1.webp\",\"articleSection\":[\"Corinthians\"],\"inLanguage\":\"pt-BR\",\"potentialAction\":[{\"@type\":\"CommentAction\",\"name\":\"Comment\",\"target\":[\"https:\/\/www.gaveanews.com\/index.php\/2025\/03\/23\/ramon-diaz-decide-nao-utilizar-mais-atacante-no-corinthians\/#respond\"]}],\"copyrightYear\":\"2025\",\"copyrightHolder\":{\"@id\":\"https:\/\/www.gaveanews.com\/#organization\"}},{\"@type\":\"WebPage\",\"@id\":\"https:\/\/www.gaveanews.com\/index.php\/2025\/03\/23\/ramon-diaz-decide-nao-utilizar-mais-atacante-no-corinthians\/\",\"url\":\"https:\/\/www.gaveanews.com\/index.php\/2025\/03\/23\/ramon-diaz-decide-nao-utilizar-mais-atacante-no-corinthians\/\",\"name\":\"Ram\u00f3n D\u00edaz decide n\u00e3o utilizar mais atacante no Corinthians\",\"isPartOf\":{\"@id\":\"https:\/\/www.gaveanews.com\/#website\"},\"primaryImageOfPage\":{\"@id\":\"https:\/\/www.gaveanews.com\/index.php\/2025\/03\/23\/ramon-diaz-decide-nao-utilizar-mais-atacante-no-corinthians\/#primaryimage\"},\"image\":{\"@id\":\"https:\/\/www.gaveanews.com\/index.php\/2025\/03\/23\/ramon-diaz-decide-nao-utilizar-mais-atacante-no-corinthians\/#primaryimage\"},\"thumbnailUrl\":\"https:\/\/www.gaveanews.com\/wp-content\/uploads\/Ramon-Diaz-pelo-Corinthians-em-2024-1.webp\",\"datePublished\":\"2025-03-23T19:55:50+00:00\",\"author\":{\"@id\":\"https:\/\/www.gaveanews.com\/#\/schema\/person\/f42654babcd2b2014a1a65af82b081f1\"},\"breadcrumb\":{\"@id\":\"https:\/\/www.gaveanews.com\/index.php\/2025\/03\/23\/ramon-diaz-decide-nao-utilizar-mais-atacante-no-corinthians\/#breadcrumb\"},\"inLanguage\":\"pt-BR\",\"potentialAction\":[{\"@type\":\"ReadAction\",\"target\":[\"https:\/\/www.gaveanews.com\/index.php\/2025\/03\/23\/ramon-diaz-decide-nao-utilizar-mais-atacante-no-corinthians\/\"]}]},{\"@type\":\"ImageObject\",\"inLanguage\":\"pt-BR\",\"@id\":\"https:\/\/www.gaveanews.com\/index.php\/2025\/03\/23\/ramon-diaz-decide-nao-utilizar-mais-atacante-no-corinthians\/#primaryimage\",\"url\":\"https:\/\/www.gaveanews.com\/wp-content\/uploads\/Ramon-Diaz-pelo-Corinthians-em-2024-1.webp\",\"contentUrl\":\"https:\/\/www.gaveanews.com\/wp-content\/uploads\/Ramon-Diaz-pelo-Corinthians-em-2024-1.webp\",\"width\":774,\"height\":483,\"caption\":\"Ram\u00f3n D\u00edaz pelo Corinthians em 2024 (Foto: Rodrigo Coca\/Ag\u00eancia Corinthians)\"},{\"@type\":\"BreadcrumbList\",\"@id\":\"https:\/\/www.gaveanews.com\/index.php\/2025\/03\/23\/ramon-diaz-decide-nao-utilizar-mais-atacante-no-corinthians\/#breadcrumb\",\"itemListElement\":[{\"@type\":\"ListItem\",\"position\":1,\"name\":\"Home\",\"item\":\"https:\/\/www.gaveanews.com\/\"},{\"@type\":\"ListItem\",\"position\":2,\"name\":\"Ram\u00f3n D\u00edaz decide n\u00e3o utilizar mais atacante no Corinthians\"}]},{\"@type\":\"WebSite\",\"@id\":\"https:\/\/www.gaveanews.com\/#website\",\"url\":\"https:\/\/www.gaveanews.com\/\",\"name\":\"G\u00e1vea News\",\"description\":\"Veja todas as not\u00edcias sobre o Flamengo: Contrata\u00e7\u00f5es, categorias de base, resultados das partidas, tabela de classifica\u00e7\u00e3o, pr\u00f3ximos jogos!\",\"potentialAction\":[{\"@type\":\"SearchAction\",\"target\":{\"@type\":\"EntryPoint\",\"urlTemplate\":\"https:\/\/www.gaveanews.com\/?s={search_term_string}\"},\"query-input\":{\"@type\":\"PropertyValueSpecification\",\"valueRequired\":true,\"valueName\":\"search_term_string\"}}],\"inLanguage\":\"pt-BR\"},{\"@type\":\"Person\",\"@id\":\"https:\/\/www.gaveanews.com\/#\/schema\/person\/f42654babcd2b2014a1a65af82b081f1\",\"name\":\"Geovanna Thomaz\",\"image\":{\"@type\":\"ImageObject\",\"inLanguage\":\"pt-BR\",\"@id\":\"https:\/\/www.gaveanews.com\/#\/schema\/person\/image\/\",\"url\":\"https:\/\/secure.gravatar.com\/avatar\/4092073255489533afb558984b49b64268c47198af8623cc82a925ae9fb7118a?s=96&d=mm&r=g\",\"contentUrl\":\"https:\/\/secure.gravatar.com\/avatar\/4092073255489533afb558984b49b64268c47198af8623cc82a925ae9fb7118a?s=96&d=mm&r=g\",\"caption\":\"Geovanna Thomaz\"}}]}<\/script>\n<!-- \/ Yoast SEO Premium plugin. -->","yoast_head_json":{"title":"Ram\u00f3n D\u00edaz decide n\u00e3o utilizar mais atacante no Corinthians","robots":{"index":"index","follow":"follow","max-snippet":"max-snippet:-1","max-image-preview":"max-image-preview:large","max-video-preview":"max-video-preview:-1"},"canonical":"https:\/\/www.gaveanews.com\/index.php\/2025\/03\/23\/ramon-diaz-decide-nao-utilizar-mais-atacante-no-corinthians\/","og_locale":"pt_BR","og_type":"article","og_title":"Ram\u00f3n D\u00edaz decide n\u00e3o utilizar mais atacante no Corinthians","og_description":"Com a reta final do Campeonato Paulista, a comiss\u00e3o t\u00e9cnica do Corinthians j\u00e1 come\u00e7a a planejar os pr\u00f3ximos passos da equipe para a sequ\u00eancia da temporada. Entre as decis\u00f5es de Ram\u00f3n D\u00edaz, uma das mudan\u00e7as mais evidentes foi a perda de espa\u00e7o de H\u00e9ctor Hern\u00e1ndez no elenco. A expectativa era de que o atacante ganhasse [&hellip;]","og_url":"https:\/\/www.gaveanews.com\/index.php\/2025\/03\/23\/ramon-diaz-decide-nao-utilizar-mais-atacante-no-corinthians\/","og_site_name":"G\u00e1vea News","article_publisher":"https:\/\/facebook.com\/gaveaNews\/","article_published_time":"2025-03-23T19:55:50+00:00","og_image":[{"width":774,"height":483,"url":"https:\/\/www.gaveanews.com\/wp-content\/uploads\/Ramon-Diaz-pelo-Corinthians-em-2024-1.webp","type":"image\/webp"}],"author":"Geovanna Thomaz","twitter_card":"summary_large_image","twitter_misc":{"Escrito por":"Geovanna Thomaz","Est. tempo de leitura":"3 minutos"},"schema":{"@context":"https:\/\/schema.org","@graph":[{"@type":"NewsArticle","@id":"https:\/\/www.gaveanews.com\/index.php\/2025\/03\/23\/ramon-diaz-decide-nao-utilizar-mais-atacante-no-corinthians\/#article","isPartOf":{"@id":"https:\/\/www.gaveanews.com\/index.php\/2025\/03\/23\/ramon-diaz-decide-nao-utilizar-mais-atacante-no-corinthians\/"},"author":{"name":"Geovanna Thomaz","@id":"https:\/\/www.gaveanews.com\/#\/schema\/person\/f42654babcd2b2014a1a65af82b081f1"},"headline":"Ram\u00f3n D\u00edaz decide n\u00e3o utilizar mais atacante no Corinthians","datePublished":"2025-03-23T19:55:50+00:00","mainEntityOfPage":{"@id":"https:\/\/www.gaveanews.com\/index.php\/2025\/03\/23\/ramon-diaz-decide-nao-utilizar-mais-atacante-no-corinthians\/"},"wordCount":368,"commentCount":0,"image":{"@id":"https:\/\/www.gaveanews.com\/index.php\/2025\/03\/23\/ramon-diaz-decide-nao-utilizar-mais-atacante-no-corinthians\/#primaryimage"},"thumbnailUrl":"https:\/\/www.gaveanews.com\/wp-content\/uploads\/Ramon-Diaz-pelo-Corinthians-em-2024-1.webp","articleSection":["Corinthians"],"inLanguage":"pt-BR","potentialAction":[{"@type":"CommentAction","name":"Comment","target":["https:\/\/www.gaveanews.com\/index.php\/2025\/03\/23\/ramon-diaz-decide-nao-utilizar-mais-atacante-no-corinthians\/#respond"]}],"copyrightYear":"2025","copyrightHolder":{"@id":"https:\/\/www.gaveanews.com\/#organization"}},{"@type":"WebPage","@id":"https:\/\/www.gaveanews.com\/index.php\/2025\/03\/23\/ramon-diaz-decide-nao-utilizar-mais-atacante-no-corinthians\/","url":"https:\/\/www.gaveanews.com\/index.php\/2025\/03\/23\/ramon-diaz-decide-nao-utilizar-mais-atacante-no-corinthians\/","name":"Ram\u00f3n D\u00edaz decide n\u00e3o utilizar mais atacante no Corinthians","isPartOf":{"@id":"https:\/\/www.gaveanews.com\/#website"},"primaryImageOfPage":{"@id":"https:\/\/www.gaveanews.com\/index.php\/2025\/03\/23\/ramon-diaz-decide-nao-utilizar-mais-atacante-no-corinthians\/#primaryimage"},"image":{"@id":"https:\/\/www.gaveanews.com\/index.php\/2025\/03\/23\/ramon-diaz-decide-nao-utilizar-mais-atacante-no-corinthians\/#primaryimage"},"thumbnailUrl":"https:\/\/www.gaveanews.com\/wp-content\/uploads\/Ramon-Diaz-pelo-Corinthians-em-2024-1.webp","datePublished":"2025-03-23T19:55:50+00:00","author":{"@id":"https:\/\/www.gaveanews.com\/#\/schema\/person\/f42654babcd2b2014a1a65af82b081f1"},"breadcrumb":{"@id":"https:\/\/www.gaveanews.com\/index.php\/2025\/03\/23\/ramon-diaz-decide-nao-utilizar-mais-atacante-no-corinthians\/#breadcrumb"},"inLanguage":"pt-BR","potentialAction":[{"@type":"ReadAction","target":["https:\/\/www.gaveanews.com\/index.php\/2025\/03\/23\/ramon-diaz-decide-nao-utilizar-mais-atacante-no-corinthians\/"]}]},{"@type":"ImageObject","inLanguage":"pt-BR","@id":"https:\/\/www.gaveanews.com\/index.php\/2025\/03\/23\/ramon-diaz-decide-nao-utilizar-mais-atacante-no-corinthians\/#primaryimage","url":"https:\/\/www.gaveanews.com\/wp-content\/uploads\/Ramon-Diaz-pelo-Corinthians-em-2024-1.webp","contentUrl":"https:\/\/www.gaveanews.com\/wp-content\/uploads\/Ramon-Diaz-pelo-Corinthians-em-2024-1.webp","width":774,"height":483,"caption":"Ram\u00f3n D\u00edaz pelo Corinthians em 2024 (Foto: Rodrigo Coca\/Ag\u00eancia Corinthians)"},{"@type":"BreadcrumbList","@id":"https:\/\/www.gaveanews.com\/index.php\/2025\/03\/23\/ramon-diaz-decide-nao-utilizar-mais-atacante-no-corinthians\/#breadcrumb","itemListElement":[{"@type":"ListItem","position":1,"name":"Home","item":"https:\/\/www.gaveanews.com\/"},{"@type":"ListItem","position":2,"name":"Ram\u00f3n D\u00edaz decide n\u00e3o utilizar mais atacante no Corinthians"}]},{"@type":"WebSite","@id":"https:\/\/www.gaveanews.com\/#website","url":"https:\/\/www.gaveanews.com\/","name":"G\u00e1vea News","description":"Veja todas as not\u00edcias sobre o Flamengo: Contrata\u00e7\u00f5es, categorias de base, resultados das partidas, tabela de classifica\u00e7\u00e3o, pr\u00f3ximos jogos!","potentialAction":[{"@type":"SearchAction","target":{"@type":"EntryPoint","urlTemplate":"https:\/\/www.gaveanews.com\/?s={search_term_string}"},"query-input":{"@type":"PropertyValueSpecification","valueRequired":true,"valueName":"search_term_string"}}],"inLanguage":"pt-BR"},{"@type":"Person","@id":"https:\/\/www.gaveanews.com\/#\/schema\/person\/f42654babcd2b2014a1a65af82b081f1","name":"Geovanna Thomaz","image":{"@type":"ImageObject","inLanguage":"pt-BR","@id":"https:\/\/www.gaveanews.com\/#\/schema\/person\/image\/","url":"https:\/\/secure.gravatar.com\/avatar\/4092073255489533afb558984b49b64268c47198af8623cc82a925ae9fb7118a?s=96&d=mm&r=g","contentUrl":"https:\/\/secure.gravatar.com\/avatar\/4092073255489533afb558984b49b64268c47198af8623cc82a925ae9fb7118a?s=96&d=mm&r=g","caption":"Geovanna Thomaz"}}]}},"_links":{"self":[{"href":"https:\/\/www.gaveanews.com\/index.php\/wp-json\/wp\/v2\/posts\/243550","targetHints":{"allow":["GET"]}}],"collection":[{"href":"https:\/\/www.gaveanews.com\/index.php\/wp-json\/wp\/v2\/posts"}],"about":[{"href":"https:\/\/www.gaveanews.com\/index.php\/wp-json\/wp\/v2\/types\/post"}],"author":[{"embeddable":true,"href":"https:\/\/www.gaveanews.com\/index.php\/wp-json\/wp\/v2\/users\/17"}],"replies":[{"embeddable":true,"href":"https:\/\/www.gaveanews.com\/index.php\/wp-json\/wp\/v2\/comments?post=243550"}],"version-history":[{"count":2,"href":"https:\/\/www.gaveanews.com\/index.php\/wp-json\/wp\/v2\/posts\/243550\/revisions"}],"predecessor-version":[{"id":243556,"href":"https:\/\/www.gaveanews.com\/index.php\/wp-json\/wp\/v2\/posts\/243550\/revisions\/243556"}],"wp:featuredmedia":[{"embeddable":true,"href":"https:\/\/www.gaveanews.com\/index.php\/wp-json\/wp\/v2\/media\/190015"}],"wp:attachment":[{"href":"https:\/\/www.gaveanews.com\/index.php\/wp-json\/wp\/v2\/media?parent=243550"}],"wp:term":[{"taxonomy":"category","embeddable":true,"href":"https:\/\/www.gaveanews.com\/index.php\/wp-json\/wp\/v2\/categories?post=243550"},{"taxonomy":"post_tag","embeddable":true,"href":"https:\/\/www.gaveanews.com\/index.php\/wp-json\/wp\/v2\/tags?post=243550"}],"curies":[{"name":"wp","href":"https:\/\/api.w.org\/{rel}","templated":true}]}}