{"id":243563,"date":"2025-03-23T16:30:00","date_gmt":"2025-03-23T19:30:00","guid":{"rendered":"https:\/\/www.gaveanews.com\/?p=243563"},"modified":"2025-03-23T16:24:48","modified_gmt":"2025-03-23T19:24:48","slug":"empresario-aponta-erro-crucial-cometido-por-neymar","status":"publish","type":"post","link":"https:\/\/www.gaveanews.com\/index.php\/2025\/03\/23\/empresario-aponta-erro-crucial-cometido-por-neymar\/","title":{"rendered":"Empres\u00e1rio aponta erro crucial cometido por Neymar"},"content":{"rendered":"\n<p>O empres\u00e1rio Andr\u00e9 Cury, com ampla experi\u00eancia no mercado de transfer\u00eancias, expressou uma opini\u00e3o contundente sobre a carreira de Neymar. Segundo ele, a decis\u00e3o do jogador de trocar o Barcelona pelo Paris Saint-Germain em 2018 foi um erro estrat\u00e9gico que comprometeu sua trajet\u00f3ria no futebol. Para Cury, se tivesse permanecido na equipe catal\u00e3, Neymar teria conquistado pelo menos tr\u00eas Bolas de Ouro.<\/p>\n\n\n\n<p>Na vis\u00e3o do agente, Neymar foi um dos grandes respons\u00e1veis por colocar o PSG em evid\u00eancia no cen\u00e1rio mundial. &#8220;O Paris Saint-Germain tinha que agradecer todo dia. Em qualquer lugar do mundo que voc\u00ea vai hoje, tem uma camisa do Paris Saint-Germain. O cara sabe onde \u00e9 o clube, sabe a escala\u00e7\u00e3o. Antes, voc\u00eas nem tinham assistido um jogo deles&#8221;, afirmou Cury, ressaltando o impacto da chegada do brasileiro ao clube franc\u00eas.<\/p>\n\n\n\n<p>Entretanto, Cury avalia que a mudan\u00e7a foi precipitada e baseada em empolga\u00e7\u00e3o. &#8220;O cara era jovem, tinha 23, 24 anos, se empolgou e errou. Quando ele se deu conta, j\u00e1 era tarde&#8221;, comentou. Para ele, Neymar se encaixava perfeitamente no estilo de jogo do Barcelona, e sua sa\u00edda representou uma ruptura prejudicial \u00e0 sua ascens\u00e3o no futebol mundial.<\/p>\n\n\n\n<p>Al\u00e9m de sua an\u00e1lise sobre Neymar, Andr\u00e9 Cury tamb\u00e9m falou sobre sua trajet\u00f3ria no mercado esportivo. Com mais de 30 anos de experi\u00eancia, ele esteve envolvido em algumas das maiores transfer\u00eancias do futebol brasileiro, incluindo as negocia\u00e7\u00f5es de Ronaldinho Ga\u00facho, Philippe Coutinho e Vitor Roque. Sua influ\u00eancia no mercado \u00e9 not\u00f3ria, sendo um dos agentes mais requisitados durante as janelas de transfer\u00eancias.<\/p>\n\n\n\n<p>O empres\u00e1rio revelou ainda que possui valores significativos a receber de clubes brasileiros, estimados em cerca de R$ 200 milh\u00f5es. Corinthians, S\u00e3o Paulo e Atl\u00e9tico-MG est\u00e3o entre as equipes que acumulam d\u00edvidas com ele. &#8220;Se arrependimento matasse&#8230; Para mim, \u00e9 horroroso ter que cobrar um clube. Mas a gente vive de prestar servi\u00e7o, e uma hora tem que cobrar&#8221;, desabafou Cury.<\/p>\n\n\n\n<p>Apesar das cr\u00edticas e das dificuldades enfrentadas por Neymar ap\u00f3s sua transfer\u00eancia, Cury acredita que o jogador ainda pode reescrever sua hist\u00f3ria. &#8220;Agora \u00e9 correr atr\u00e1s de 2026&#8221;, afirmou, sugerindo que o foco de Neymar deve estar na pr\u00f3xima Copa do Mundo para recuperar o prest\u00edgio que, segundo ele, foi perdido ap\u00f3s a sa\u00edda do Barcelona.<\/p>\n","protected":false},"excerpt":{"rendered":"<p>O empres\u00e1rio Andr\u00e9 Cury, com ampla experi\u00eancia no mercado de transfer\u00eancias, expressou uma opini\u00e3o contundente sobre a carreira de Neymar. Segundo ele, a decis\u00e3o do jogador de trocar o Barcelona pelo Paris Saint-Germain em 2018 foi um erro estrat\u00e9gico que comprometeu sua trajet\u00f3ria no futebol. Para Cury, se tivesse permanecido na equipe catal\u00e3, Neymar teria [&hellip;]<\/p>\n","protected":false},"author":18,"featured_media":221593,"comment_status":"open","ping_status":"closed","sticky":false,"template":"","format":"standard","meta":{"footnotes":""},"categories":[81,139],"tags":[],"class_list":["post-243563","post","type-post","status-publish","format-standard","has-post-thumbnail","hentry","category-celebridades","category-santos"],"yoast_head":"<!-- This site is optimized with the Yoast SEO Premium plugin v24.2 (Yoast SEO v26.9) - https:\/\/yoast.com\/product\/yoast-seo-premium-wordpress\/ -->\n<title>Empres\u00e1rio aponta erro crucial cometido por Neymar<\/title>\n<meta name=\"robots\" content=\"index, follow, max-snippet:-1, max-image-preview:large, max-video-preview:-1\" \/>\n<link rel=\"canonical\" href=\"https:\/\/www.gaveanews.com\/index.php\/2025\/03\/23\/empresario-aponta-erro-crucial-cometido-por-neymar\/\" \/>\n<meta property=\"og:locale\" content=\"pt_BR\" \/>\n<meta property=\"og:type\" content=\"article\" \/>\n<meta property=\"og:title\" content=\"Empres\u00e1rio aponta erro crucial cometido por Neymar\" \/>\n<meta property=\"og:description\" content=\"O empres\u00e1rio Andr\u00e9 Cury, com ampla experi\u00eancia no mercado de transfer\u00eancias, expressou uma opini\u00e3o contundente sobre a carreira de Neymar. Segundo ele, a decis\u00e3o do jogador de trocar o Barcelona pelo Paris Saint-Germain em 2018 foi um erro estrat\u00e9gico que comprometeu sua trajet\u00f3ria no futebol. Para Cury, se tivesse permanecido na equipe catal\u00e3, Neymar teria [&hellip;]\" \/>\n<meta property=\"og:url\" content=\"https:\/\/www.gaveanews.com\/index.php\/2025\/03\/23\/empresario-aponta-erro-crucial-cometido-por-neymar\/\" \/>\n<meta property=\"og:site_name\" content=\"G\u00e1vea News\" \/>\n<meta property=\"article:publisher\" content=\"https:\/\/facebook.com\/gaveaNews\/\" \/>\n<meta property=\"article:published_time\" content=\"2025-03-23T19:30:00+00:00\" \/>\n<meta property=\"og:image\" content=\"https:\/\/www.gaveanews.com\/wp-content\/uploads\/Neymar-volta-ao-Santos.webp\" \/>\n\t<meta property=\"og:image:width\" content=\"573\" \/>\n\t<meta property=\"og:image:height\" content=\"636\" \/>\n\t<meta property=\"og:image:type\" content=\"image\/jpeg\" \/>\n<meta name=\"author\" content=\"Paula Silva\" \/>\n<meta name=\"twitter:card\" content=\"summary_large_image\" \/>\n<meta name=\"twitter:label1\" content=\"Escrito por\" \/>\n\t<meta name=\"twitter:data1\" content=\"Paula Silva\" \/>\n\t<meta name=\"twitter:label2\" content=\"Est. tempo de leitura\" \/>\n\t<meta name=\"twitter:data2\" content=\"3 minutos\" \/>\n<script type=\"application\/ld+json\" class=\"yoast-schema-graph\">{\"@context\":\"https:\/\/schema.org\",\"@graph\":[{\"@type\":\"NewsArticle\",\"@id\":\"https:\/\/www.gaveanews.com\/index.php\/2025\/03\/23\/empresario-aponta-erro-crucial-cometido-por-neymar\/#article\",\"isPartOf\":{\"@id\":\"https:\/\/www.gaveanews.com\/index.php\/2025\/03\/23\/empresario-aponta-erro-crucial-cometido-por-neymar\/\"},\"author\":{\"name\":\"Paula Silva\",\"@id\":\"https:\/\/www.gaveanews.com\/#\/schema\/person\/daf63eec72e1164eb13dc35096c2b8da\"},\"headline\":\"Empres\u00e1rio aponta erro crucial cometido por Neymar\",\"datePublished\":\"2025-03-23T19:30:00+00:00\",\"mainEntityOfPage\":{\"@id\":\"https:\/\/www.gaveanews.com\/index.php\/2025\/03\/23\/empresario-aponta-erro-crucial-cometido-por-neymar\/\"},\"wordCount\":414,\"commentCount\":0,\"image\":{\"@id\":\"https:\/\/www.gaveanews.com\/index.php\/2025\/03\/23\/empresario-aponta-erro-crucial-cometido-por-neymar\/#primaryimage\"},\"thumbnailUrl\":\"https:\/\/www.gaveanews.com\/wp-content\/uploads\/Neymar-volta-ao-Santos.webp\",\"articleSection\":[\"Celebridades\",\"Santos\"],\"inLanguage\":\"pt-BR\",\"potentialAction\":[{\"@type\":\"CommentAction\",\"name\":\"Comment\",\"target\":[\"https:\/\/www.gaveanews.com\/index.php\/2025\/03\/23\/empresario-aponta-erro-crucial-cometido-por-neymar\/#respond\"]}],\"copyrightYear\":\"2025\",\"copyrightHolder\":{\"@id\":\"https:\/\/www.gaveanews.com\/#organization\"}},{\"@type\":\"WebPage\",\"@id\":\"https:\/\/www.gaveanews.com\/index.php\/2025\/03\/23\/empresario-aponta-erro-crucial-cometido-por-neymar\/\",\"url\":\"https:\/\/www.gaveanews.com\/index.php\/2025\/03\/23\/empresario-aponta-erro-crucial-cometido-por-neymar\/\",\"name\":\"Empres\u00e1rio aponta erro crucial cometido por Neymar\",\"isPartOf\":{\"@id\":\"https:\/\/www.gaveanews.com\/#website\"},\"primaryImageOfPage\":{\"@id\":\"https:\/\/www.gaveanews.com\/index.php\/2025\/03\/23\/empresario-aponta-erro-crucial-cometido-por-neymar\/#primaryimage\"},\"image\":{\"@id\":\"https:\/\/www.gaveanews.com\/index.php\/2025\/03\/23\/empresario-aponta-erro-crucial-cometido-por-neymar\/#primaryimage\"},\"thumbnailUrl\":\"https:\/\/www.gaveanews.com\/wp-content\/uploads\/Neymar-volta-ao-Santos.webp\",\"datePublished\":\"2025-03-23T19:30:00+00:00\",\"author\":{\"@id\":\"https:\/\/www.gaveanews.com\/#\/schema\/person\/daf63eec72e1164eb13dc35096c2b8da\"},\"breadcrumb\":{\"@id\":\"https:\/\/www.gaveanews.com\/index.php\/2025\/03\/23\/empresario-aponta-erro-crucial-cometido-por-neymar\/#breadcrumb\"},\"inLanguage\":\"pt-BR\",\"potentialAction\":[{\"@type\":\"ReadAction\",\"target\":[\"https:\/\/www.gaveanews.com\/index.php\/2025\/03\/23\/empresario-aponta-erro-crucial-cometido-por-neymar\/\"]}]},{\"@type\":\"ImageObject\",\"inLanguage\":\"pt-BR\",\"@id\":\"https:\/\/www.gaveanews.com\/index.php\/2025\/03\/23\/empresario-aponta-erro-crucial-cometido-por-neymar\/#primaryimage\",\"url\":\"https:\/\/www.gaveanews.com\/wp-content\/uploads\/Neymar-volta-ao-Santos.webp\",\"contentUrl\":\"https:\/\/www.gaveanews.com\/wp-content\/uploads\/Neymar-volta-ao-Santos.webp\",\"width\":573,\"height\":636,\"caption\":\"Neymar volta ao Santos (Foto: GuilhermeKastner \/ Santos FC)\"},{\"@type\":\"BreadcrumbList\",\"@id\":\"https:\/\/www.gaveanews.com\/index.php\/2025\/03\/23\/empresario-aponta-erro-crucial-cometido-por-neymar\/#breadcrumb\",\"itemListElement\":[{\"@type\":\"ListItem\",\"position\":1,\"name\":\"Home\",\"item\":\"https:\/\/www.gaveanews.com\/\"},{\"@type\":\"ListItem\",\"position\":2,\"name\":\"Empres\u00e1rio aponta erro crucial cometido por Neymar\"}]},{\"@type\":\"WebSite\",\"@id\":\"https:\/\/www.gaveanews.com\/#website\",\"url\":\"https:\/\/www.gaveanews.com\/\",\"name\":\"G\u00e1vea News\",\"description\":\"Veja todas as not\u00edcias sobre o Flamengo: Contrata\u00e7\u00f5es, categorias de base, resultados das partidas, tabela de classifica\u00e7\u00e3o, pr\u00f3ximos jogos!\",\"potentialAction\":[{\"@type\":\"SearchAction\",\"target\":{\"@type\":\"EntryPoint\",\"urlTemplate\":\"https:\/\/www.gaveanews.com\/?s={search_term_string}\"},\"query-input\":{\"@type\":\"PropertyValueSpecification\",\"valueRequired\":true,\"valueName\":\"search_term_string\"}}],\"inLanguage\":\"pt-BR\"},{\"@type\":\"Person\",\"@id\":\"https:\/\/www.gaveanews.com\/#\/schema\/person\/daf63eec72e1164eb13dc35096c2b8da\",\"name\":\"Paula Silva\",\"image\":{\"@type\":\"ImageObject\",\"inLanguage\":\"pt-BR\",\"@id\":\"https:\/\/www.gaveanews.com\/#\/schema\/person\/image\/\",\"url\":\"https:\/\/secure.gravatar.com\/avatar\/eda381c845527cc5d64c13b901833cda29d97500ba040d3e6461f76f51d163bb?s=96&d=mm&r=g\",\"contentUrl\":\"https:\/\/secure.gravatar.com\/avatar\/eda381c845527cc5d64c13b901833cda29d97500ba040d3e6461f76f51d163bb?s=96&d=mm&r=g\",\"caption\":\"Paula Silva\"}}]}<\/script>\n<!-- \/ Yoast SEO Premium plugin. -->","yoast_head_json":{"title":"Empres\u00e1rio aponta erro crucial cometido por Neymar","robots":{"index":"index","follow":"follow","max-snippet":"max-snippet:-1","max-image-preview":"max-image-preview:large","max-video-preview":"max-video-preview:-1"},"canonical":"https:\/\/www.gaveanews.com\/index.php\/2025\/03\/23\/empresario-aponta-erro-crucial-cometido-por-neymar\/","og_locale":"pt_BR","og_type":"article","og_title":"Empres\u00e1rio aponta erro crucial cometido por Neymar","og_description":"O empres\u00e1rio Andr\u00e9 Cury, com ampla experi\u00eancia no mercado de transfer\u00eancias, expressou uma opini\u00e3o contundente sobre a carreira de Neymar. Segundo ele, a decis\u00e3o do jogador de trocar o Barcelona pelo Paris Saint-Germain em 2018 foi um erro estrat\u00e9gico que comprometeu sua trajet\u00f3ria no futebol. Para Cury, se tivesse permanecido na equipe catal\u00e3, Neymar teria [&hellip;]","og_url":"https:\/\/www.gaveanews.com\/index.php\/2025\/03\/23\/empresario-aponta-erro-crucial-cometido-por-neymar\/","og_site_name":"G\u00e1vea News","article_publisher":"https:\/\/facebook.com\/gaveaNews\/","article_published_time":"2025-03-23T19:30:00+00:00","og_image":[{"width":573,"height":636,"url":"https:\/\/www.gaveanews.com\/wp-content\/uploads\/Neymar-volta-ao-Santos.webp","type":"image\/jpeg"}],"author":"Paula Silva","twitter_card":"summary_large_image","twitter_misc":{"Escrito por":"Paula Silva","Est. tempo de leitura":"3 minutos"},"schema":{"@context":"https:\/\/schema.org","@graph":[{"@type":"NewsArticle","@id":"https:\/\/www.gaveanews.com\/index.php\/2025\/03\/23\/empresario-aponta-erro-crucial-cometido-por-neymar\/#article","isPartOf":{"@id":"https:\/\/www.gaveanews.com\/index.php\/2025\/03\/23\/empresario-aponta-erro-crucial-cometido-por-neymar\/"},"author":{"name":"Paula Silva","@id":"https:\/\/www.gaveanews.com\/#\/schema\/person\/daf63eec72e1164eb13dc35096c2b8da"},"headline":"Empres\u00e1rio aponta erro crucial cometido por Neymar","datePublished":"2025-03-23T19:30:00+00:00","mainEntityOfPage":{"@id":"https:\/\/www.gaveanews.com\/index.php\/2025\/03\/23\/empresario-aponta-erro-crucial-cometido-por-neymar\/"},"wordCount":414,"commentCount":0,"image":{"@id":"https:\/\/www.gaveanews.com\/index.php\/2025\/03\/23\/empresario-aponta-erro-crucial-cometido-por-neymar\/#primaryimage"},"thumbnailUrl":"https:\/\/www.gaveanews.com\/wp-content\/uploads\/Neymar-volta-ao-Santos.webp","articleSection":["Celebridades","Santos"],"inLanguage":"pt-BR","potentialAction":[{"@type":"CommentAction","name":"Comment","target":["https:\/\/www.gaveanews.com\/index.php\/2025\/03\/23\/empresario-aponta-erro-crucial-cometido-por-neymar\/#respond"]}],"copyrightYear":"2025","copyrightHolder":{"@id":"https:\/\/www.gaveanews.com\/#organization"}},{"@type":"WebPage","@id":"https:\/\/www.gaveanews.com\/index.php\/2025\/03\/23\/empresario-aponta-erro-crucial-cometido-por-neymar\/","url":"https:\/\/www.gaveanews.com\/index.php\/2025\/03\/23\/empresario-aponta-erro-crucial-cometido-por-neymar\/","name":"Empres\u00e1rio aponta erro crucial cometido por Neymar","isPartOf":{"@id":"https:\/\/www.gaveanews.com\/#website"},"primaryImageOfPage":{"@id":"https:\/\/www.gaveanews.com\/index.php\/2025\/03\/23\/empresario-aponta-erro-crucial-cometido-por-neymar\/#primaryimage"},"image":{"@id":"https:\/\/www.gaveanews.com\/index.php\/2025\/03\/23\/empresario-aponta-erro-crucial-cometido-por-neymar\/#primaryimage"},"thumbnailUrl":"https:\/\/www.gaveanews.com\/wp-content\/uploads\/Neymar-volta-ao-Santos.webp","datePublished":"2025-03-23T19:30:00+00:00","author":{"@id":"https:\/\/www.gaveanews.com\/#\/schema\/person\/daf63eec72e1164eb13dc35096c2b8da"},"breadcrumb":{"@id":"https:\/\/www.gaveanews.com\/index.php\/2025\/03\/23\/empresario-aponta-erro-crucial-cometido-por-neymar\/#breadcrumb"},"inLanguage":"pt-BR","potentialAction":[{"@type":"ReadAction","target":["https:\/\/www.gaveanews.com\/index.php\/2025\/03\/23\/empresario-aponta-erro-crucial-cometido-por-neymar\/"]}]},{"@type":"ImageObject","inLanguage":"pt-BR","@id":"https:\/\/www.gaveanews.com\/index.php\/2025\/03\/23\/empresario-aponta-erro-crucial-cometido-por-neymar\/#primaryimage","url":"https:\/\/www.gaveanews.com\/wp-content\/uploads\/Neymar-volta-ao-Santos.webp","contentUrl":"https:\/\/www.gaveanews.com\/wp-content\/uploads\/Neymar-volta-ao-Santos.webp","width":573,"height":636,"caption":"Neymar volta ao Santos (Foto: GuilhermeKastner \/ Santos FC)"},{"@type":"BreadcrumbList","@id":"https:\/\/www.gaveanews.com\/index.php\/2025\/03\/23\/empresario-aponta-erro-crucial-cometido-por-neymar\/#breadcrumb","itemListElement":[{"@type":"ListItem","position":1,"name":"Home","item":"https:\/\/www.gaveanews.com\/"},{"@type":"ListItem","position":2,"name":"Empres\u00e1rio aponta erro crucial cometido por Neymar"}]},{"@type":"WebSite","@id":"https:\/\/www.gaveanews.com\/#website","url":"https:\/\/www.gaveanews.com\/","name":"G\u00e1vea News","description":"Veja todas as not\u00edcias sobre o Flamengo: Contrata\u00e7\u00f5es, categorias de base, resultados das partidas, tabela de classifica\u00e7\u00e3o, pr\u00f3ximos jogos!","potentialAction":[{"@type":"SearchAction","target":{"@type":"EntryPoint","urlTemplate":"https:\/\/www.gaveanews.com\/?s={search_term_string}"},"query-input":{"@type":"PropertyValueSpecification","valueRequired":true,"valueName":"search_term_string"}}],"inLanguage":"pt-BR"},{"@type":"Person","@id":"https:\/\/www.gaveanews.com\/#\/schema\/person\/daf63eec72e1164eb13dc35096c2b8da","name":"Paula Silva","image":{"@type":"ImageObject","inLanguage":"pt-BR","@id":"https:\/\/www.gaveanews.com\/#\/schema\/person\/image\/","url":"https:\/\/secure.gravatar.com\/avatar\/eda381c845527cc5d64c13b901833cda29d97500ba040d3e6461f76f51d163bb?s=96&d=mm&r=g","contentUrl":"https:\/\/secure.gravatar.com\/avatar\/eda381c845527cc5d64c13b901833cda29d97500ba040d3e6461f76f51d163bb?s=96&d=mm&r=g","caption":"Paula Silva"}}]}},"_links":{"self":[{"href":"https:\/\/www.gaveanews.com\/index.php\/wp-json\/wp\/v2\/posts\/243563","targetHints":{"allow":["GET"]}}],"collection":[{"href":"https:\/\/www.gaveanews.com\/index.php\/wp-json\/wp\/v2\/posts"}],"about":[{"href":"https:\/\/www.gaveanews.com\/index.php\/wp-json\/wp\/v2\/types\/post"}],"author":[{"embeddable":true,"href":"https:\/\/www.gaveanews.com\/index.php\/wp-json\/wp\/v2\/users\/18"}],"replies":[{"embeddable":true,"href":"https:\/\/www.gaveanews.com\/index.php\/wp-json\/wp\/v2\/comments?post=243563"}],"version-history":[{"count":1,"href":"https:\/\/www.gaveanews.com\/index.php\/wp-json\/wp\/v2\/posts\/243563\/revisions"}],"predecessor-version":[{"id":243564,"href":"https:\/\/www.gaveanews.com\/index.php\/wp-json\/wp\/v2\/posts\/243563\/revisions\/243564"}],"wp:featuredmedia":[{"embeddable":true,"href":"https:\/\/www.gaveanews.com\/index.php\/wp-json\/wp\/v2\/media\/221593"}],"wp:attachment":[{"href":"https:\/\/www.gaveanews.com\/index.php\/wp-json\/wp\/v2\/media?parent=243563"}],"wp:term":[{"taxonomy":"category","embeddable":true,"href":"https:\/\/www.gaveanews.com\/index.php\/wp-json\/wp\/v2\/categories?post=243563"},{"taxonomy":"post_tag","embeddable":true,"href":"https:\/\/www.gaveanews.com\/index.php\/wp-json\/wp\/v2\/tags?post=243563"}],"curies":[{"name":"wp","href":"https:\/\/api.w.org\/{rel}","templated":true}]}}