{"id":243606,"date":"2025-03-23T21:10:00","date_gmt":"2025-03-24T00:10:00","guid":{"rendered":"https:\/\/www.gaveanews.com\/?p=243606"},"modified":"2025-03-23T18:14:19","modified_gmt":"2025-03-23T21:14:19","slug":"repercussao-negativa-na-europa-novo-contrato-sera-assinado-e-recado-de-neto-para-ramon-diaz-as-ultimas-noticias-do-corinthians","status":"publish","type":"post","link":"https:\/\/www.gaveanews.com\/index.php\/2025\/03\/23\/repercussao-negativa-na-europa-novo-contrato-sera-assinado-e-recado-de-neto-para-ramon-diaz-as-ultimas-noticias-do-corinthians\/","title":{"rendered":"Repercuss\u00e3o negativa na Europa, novo contrato ser\u00e1 assinado e recado de Neto para Ram\u00f3n D\u00edaz: as \u00faltimas not\u00edcias do Corinthians"},"content":{"rendered":"\n<p>Nas \u00faltimas horas, o foco das not\u00edcias sobre o Corinthians se concentram nos bastidores do clube, com destaques do dia a dia do time.<\/p>\n\n\n\n<p>Por conta deste contexto, leia abaixo um resumo preparado pela equipe do portal G\u00e1vea News para lhe manter muito bem informado!<\/p>\n\n\n\n<div class=\"wp-block-group\"><div class=\"wp-block-group__inner-container is-layout-constrained wp-block-group-is-layout-constrained\">\n<h2 class=\"wp-block-heading\" id=\"h-recado-de-neto-para-ramon-diaz\">Recado de Neto para Ram\u00f3n D\u00edaz <\/h2>\n\n\n\n<p>O ex-jogador e comentarista Craque Neto saiu em defesa do t\u00e9cnico Ram\u00f3n D\u00edaz durante o programa <em>Os Donos da Bola<\/em>, criticando parte da imprensa que, segundo ele, torce pela demiss\u00e3o do treinador. Neto ressaltou que o argentino tem feito um trabalho s\u00f3lido \u00e0 frente do Corinthians, destacando a campanha no Campeonato Paulista e algumas decis\u00f5es importantes, como a valoriza\u00e7\u00e3o de jogadores como Carrillo e Matheuzinho, al\u00e9m da chegada de refor\u00e7os para a defesa <strong><a href=\"https:\/\/www.gaveanews.com\/index.php\/2025\/03\/22\/craque-neto-aponta-tecnico-que-e-perseguido-pela-imprensa\/\">(leia a mat\u00e9ria completa).<\/a><\/strong><\/p>\n\n\n\n<figure class=\"wp-block-image size-full\"><img loading=\"lazy\" decoding=\"async\" width=\"846\" height=\"476\" src=\"http:\/\/www.gaveanews.com\/wp-content\/uploads\/Comentarista-Neto-em-programa-da-Band.webp\" alt=\"\" class=\"wp-image-71983\" srcset=\"https:\/\/www.gaveanews.com\/wp-content\/uploads\/Comentarista-Neto-em-programa-da-Band.webp 846w, https:\/\/www.gaveanews.com\/wp-content\/uploads\/Comentarista-Neto-em-programa-da-Band-300x169.webp 300w, https:\/\/www.gaveanews.com\/wp-content\/uploads\/Comentarista-Neto-em-programa-da-Band-768x432.webp 768w, https:\/\/www.gaveanews.com\/wp-content\/uploads\/Comentarista-Neto-em-programa-da-Band-746x420.webp 746w, https:\/\/www.gaveanews.com\/wp-content\/uploads\/Comentarista-Neto-em-programa-da-Band-640x360.webp 640w, https:\/\/www.gaveanews.com\/wp-content\/uploads\/Comentarista-Neto-em-programa-da-Band-681x383.webp 681w, https:\/\/www.gaveanews.com\/wp-content\/uploads\/Comentarista-Neto-em-programa-da-Band-100x56.webp 100w\" sizes=\"auto, (max-width: 846px) 100vw, 846px\" \/><figcaption class=\"wp-element-caption\">Comentarista Neto em programa da Band (Foto: Reprodu\u00e7\u00e3o\/Band)<\/figcaption><\/figure>\n\n\n\n<p>O apresentador tamb\u00e9m comparou o tratamento dado a D\u00edaz com outros treinadores, questionando por que o argentino recebe mais cr\u00edticas do que t\u00e9cnicos como Zubeld\u00eda, do S\u00e3o Paulo. Al\u00e9m disso, Neto refor\u00e7ou sua confian\u00e7a no Corinthians na final do Paulist\u00e3o contra o Palmeiras, lembrando que o time tem a vantagem do empate na Neo Qu\u00edmica Arena para conquistar o t\u00edtulo estadual.<\/p>\n\n\n\n<p>Al\u00e9m da decis\u00e3o do Paulista, o Corinthians conheceu seus advers\u00e1rios na Copa Sul-Americana, caindo no Grupo C ao lado de Am\u00e9rica de Cali, Hurac\u00e1n e Racing-URU. Apenas o primeiro colocado avan\u00e7a diretamente \u00e0s oitavas de final, enquanto o segundo disputa um playoff contra um eliminado da Libertadores. O clube agora se prepara para os desafios da temporada, buscando consolidar o trabalho de Ram\u00f3n D\u00edaz.<\/p>\n\n\n\n<h2 class=\"wp-block-heading\" id=\"h-novo-contrato-sera-assinado\">Novo contrato ser\u00e1 assinado<\/h2>\n\n\n\n<p>O Corinthians est\u00e1 pr\u00f3ximo de oficializar a renova\u00e7\u00e3o do contrato do lateral-esquerdo Matheus Bidu, cujo v\u00ednculo atual terminaria no fim de 2025. A diretoria alvinegra acertou os principais termos do novo acordo, que ter\u00e1 dura\u00e7\u00e3o de tr\u00eas temporadas e incluir\u00e1 uma valoriza\u00e7\u00e3o salarial para o jogador. Com isso, o clube evita que Bidu possa assinar um pr\u00e9-contrato com outra equipe a partir de julho, garantindo sua perman\u00eancia no elenco por mais tempo <strong><a href=\"https:\/\/www.gaveanews.com\/index.php\/2025\/03\/21\/corinthians-encaminha-renovacao-de-contrato\/\">(leia a mat\u00e9ria completa).<\/a><\/strong><\/p>\n\n\n\n<figure class=\"wp-block-image size-large\"><img loading=\"lazy\" decoding=\"async\" width=\"929\" height=\"1024\" src=\"http:\/\/www.gaveanews.com\/wp-content\/uploads\/Matheus-Bidu-em-acao-pelo-Corinthians-929x1024.webp\" alt=\"\" class=\"wp-image-158697\" srcset=\"https:\/\/www.gaveanews.com\/wp-content\/uploads\/Matheus-Bidu-em-acao-pelo-Corinthians-929x1024.webp 929w, https:\/\/www.gaveanews.com\/wp-content\/uploads\/Matheus-Bidu-em-acao-pelo-Corinthians-272x300.webp 272w, https:\/\/www.gaveanews.com\/wp-content\/uploads\/Matheus-Bidu-em-acao-pelo-Corinthians-768x846.webp 768w, https:\/\/www.gaveanews.com\/wp-content\/uploads\/Matheus-Bidu-em-acao-pelo-Corinthians-381x420.webp 381w, https:\/\/www.gaveanews.com\/wp-content\/uploads\/Matheus-Bidu-em-acao-pelo-Corinthians-762x840.webp 762w, https:\/\/www.gaveanews.com\/wp-content\/uploads\/Matheus-Bidu-em-acao-pelo-Corinthians-640x705.webp 640w, https:\/\/www.gaveanews.com\/wp-content\/uploads\/Matheus-Bidu-em-acao-pelo-Corinthians-681x750.webp 681w, https:\/\/www.gaveanews.com\/wp-content\/uploads\/Matheus-Bidu-em-acao-pelo-Corinthians-100x110.webp 100w, https:\/\/www.gaveanews.com\/wp-content\/uploads\/Matheus-Bidu-em-acao-pelo-Corinthians.webp 1080w\" sizes=\"auto, (max-width: 929px) 100vw, 929px\" \/><figcaption class=\"wp-element-caption\">Matheus Bidu em a\u00e7\u00e3o pelo Corinthians (Foto: Reprodu\u00e7\u00e3o\/Instagram)<\/figcaption><\/figure>\n\n\n\n<p>Apesar de ter perdido espa\u00e7o para Fabrizio Angileri nesta temporada, Bidu foi pe\u00e7a fundamental na reta final do \u00faltimo Campeonato Brasileiro, quando o Corinthians garantiu nove vit\u00f3rias consecutivas e conquistou vaga na Pr\u00e9-Libertadores. <\/p>\n\n\n\n<p>Desde sua chegada ao clube, em 2023, ele disputou 84 partidas e marcou cinco gols. A diretoria considera que sua experi\u00eancia e desempenho ofensivo ainda podem ser valiosos para a equipe.<\/p>\n\n\n\n<p>Al\u00e9m de Bidu, o Corinthians j\u00e1 acertou recentemente as renova\u00e7\u00f5es de Romero, Cac\u00e1, Andr\u00e9 Carrillo e Maycon. O clube tamb\u00e9m segue negociando a perman\u00eancia do atacante Talles Magno, emprestado pelo New York City FC at\u00e9 o meio do ano. Com a renova\u00e7\u00e3o encaminhada, Bidu busca recuperar espa\u00e7o na equipe e seguir contribuindo para o planejamento do clube nas pr\u00f3ximas temporadas.<\/p>\n\n\n\n<h2 class=\"wp-block-heading\" id=\"h-repercussao-negativa-na-europa\">Repercuss\u00e3o negativa na Europa<\/h2>\n\n\n\n<p>Memphis Depay retornou \u00e0 sele\u00e7\u00e3o holandesa ap\u00f3s mais de um ano, mas sua atua\u00e7\u00e3o no empate por 2 a 2 contra a Espanha, pela Liga das Na\u00e7\u00f5es, foi alvo de cr\u00edticas. O jornal De Telegraaf descreveu sua performance como &#8220;infeliz&#8221;, destacando que o atacante do Corinthians teve dificuldades para criar boas oportunidades e viu Unai Sim\u00f3n defender uma de suas melhores finaliza\u00e7\u00f5es. Assim, sua volta ao time nacional gerou mais repercuss\u00e3o negativa do que entusiasmo entre torcedores e analistas <strong><a href=\"https:\/\/www.gaveanews.com\/index.php\/2025\/03\/21\/depay-ganha-repercussao-negativa-na-europa\/\">(leia a mat\u00e9ria completa).<\/a><\/strong><\/p>\n\n\n\n<figure class=\"wp-block-image size-large\"><img loading=\"lazy\" decoding=\"async\" width=\"913\" height=\"1024\" src=\"http:\/\/www.gaveanews.com\/wp-content\/uploads\/Memphis-Depay-pelo-Corinthians-913x1024.webp\" alt=\"\" class=\"wp-image-199280\" srcset=\"https:\/\/www.gaveanews.com\/wp-content\/uploads\/Memphis-Depay-pelo-Corinthians-913x1024.webp 913w, https:\/\/www.gaveanews.com\/wp-content\/uploads\/Memphis-Depay-pelo-Corinthians-268x300.webp 268w, https:\/\/www.gaveanews.com\/wp-content\/uploads\/Memphis-Depay-pelo-Corinthians-768x861.webp 768w, https:\/\/www.gaveanews.com\/wp-content\/uploads\/Memphis-Depay-pelo-Corinthians-375x420.webp 375w, https:\/\/www.gaveanews.com\/wp-content\/uploads\/Memphis-Depay-pelo-Corinthians-749x840.webp 749w, https:\/\/www.gaveanews.com\/wp-content\/uploads\/Memphis-Depay-pelo-Corinthians-640x718.webp 640w, https:\/\/www.gaveanews.com\/wp-content\/uploads\/Memphis-Depay-pelo-Corinthians-681x764.webp 681w, https:\/\/www.gaveanews.com\/wp-content\/uploads\/Memphis-Depay-pelo-Corinthians-100x112.webp 100w, https:\/\/www.gaveanews.com\/wp-content\/uploads\/Memphis-Depay-pelo-Corinthians.webp 1170w\" sizes=\"auto, (max-width: 913px) 100vw, 913px\" \/><figcaption class=\"wp-element-caption\">Memphis Depay pelo Corinthians  (Foto: Reprodu\u00e7\u00e3o\/Instagram Depay)<\/figcaption><\/figure>\n\n\n\n<p>A imprensa holandesa esperava mais do jogador, que esteve ausente da sele\u00e7\u00e3o desde julho do ano passado, antes de se transferir para o Corinthians. Com a forte concorr\u00eancia no ataque da Holanda, Depay precisar\u00e1 apresentar um desempenho melhor se quiser continuar sendo convocado. A cr\u00edtica aponta que sua falta de efici\u00eancia na partida pode custar espa\u00e7o na equipe para os pr\u00f3ximos desafios internacionais.<\/p>\n\n\n\n<p>Apesar do retorno abaixo das expectativas, o atacante segue sendo um dos jogadores mais experientes da sele\u00e7\u00e3o e ainda tem tempo para recuperar seu prest\u00edgio. O foco agora est\u00e1 em demonstrar dentro de campo que pode ser uma pe\u00e7a-chave para a Holanda e tamb\u00e9m consolidar seu papel no Corinthians, onde busca maior regularidade e impacto no setor ofensivo.<\/p>\n<\/div><\/div>\n","protected":false},"excerpt":{"rendered":"<p>Nas \u00faltimas horas, o foco das not\u00edcias sobre o Corinthians se concentram nos bastidores do clube, com destaques do dia a dia do time. Por conta deste contexto, leia abaixo um resumo preparado pela equipe do portal G\u00e1vea News para lhe manter muito bem informado! Recado de Neto para Ram\u00f3n D\u00edaz O ex-jogador e comentarista [&hellip;]<\/p>\n","protected":false},"author":33,"featured_media":154473,"comment_status":"open","ping_status":"closed","sticky":false,"template":"","format":"standard","meta":{"footnotes":""},"categories":[141],"tags":[],"class_list":["post-243606","post","type-post","status-publish","format-standard","has-post-thumbnail","hentry","category-corinthians"],"yoast_head":"<!-- This site is optimized with the Yoast SEO Premium plugin v24.2 (Yoast SEO v26.9) - https:\/\/yoast.com\/product\/yoast-seo-premium-wordpress\/ -->\n<title>Repercuss\u00e3o negativa na Europa, novo contrato ser\u00e1 assinado e recado de Neto para Ram\u00f3n D\u00edaz: as \u00faltimas not\u00edcias do Corinthians<\/title>\n<meta name=\"robots\" content=\"index, follow, max-snippet:-1, max-image-preview:large, max-video-preview:-1\" \/>\n<link rel=\"canonical\" href=\"https:\/\/www.gaveanews.com\/index.php\/2025\/03\/23\/repercussao-negativa-na-europa-novo-contrato-sera-assinado-e-recado-de-neto-para-ramon-diaz-as-ultimas-noticias-do-corinthians\/\" \/>\n<meta property=\"og:locale\" content=\"pt_BR\" \/>\n<meta property=\"og:type\" content=\"article\" \/>\n<meta property=\"og:title\" content=\"Repercuss\u00e3o negativa na Europa, novo contrato ser\u00e1 assinado e recado de Neto para Ram\u00f3n D\u00edaz: as \u00faltimas not\u00edcias do Corinthians\" \/>\n<meta property=\"og:description\" content=\"Nas \u00faltimas horas, o foco das not\u00edcias sobre o Corinthians se concentram nos bastidores do clube, com destaques do dia a dia do time. Por conta deste contexto, leia abaixo um resumo preparado pela equipe do portal G\u00e1vea News para lhe manter muito bem informado! Recado de Neto para Ram\u00f3n D\u00edaz O ex-jogador e comentarista [&hellip;]\" \/>\n<meta property=\"og:url\" content=\"https:\/\/www.gaveanews.com\/index.php\/2025\/03\/23\/repercussao-negativa-na-europa-novo-contrato-sera-assinado-e-recado-de-neto-para-ramon-diaz-as-ultimas-noticias-do-corinthians\/\" \/>\n<meta property=\"og:site_name\" content=\"G\u00e1vea News\" \/>\n<meta property=\"article:publisher\" content=\"https:\/\/facebook.com\/gaveaNews\/\" \/>\n<meta property=\"article:published_time\" content=\"2025-03-24T00:10:00+00:00\" \/>\n<meta property=\"og:image\" content=\"https:\/\/www.gaveanews.com\/wp-content\/uploads\/Escudo-do-Corinthians-na-Neo-Quimica-Arena.webp\" \/>\n\t<meta property=\"og:image:width\" content=\"1440\" \/>\n\t<meta property=\"og:image:height\" content=\"959\" \/>\n\t<meta property=\"og:image:type\" content=\"image\/jpeg\" \/>\n<meta name=\"author\" content=\"Brenda Cezillo\" \/>\n<meta name=\"twitter:card\" content=\"summary_large_image\" \/>\n<meta name=\"twitter:label1\" content=\"Escrito por\" \/>\n\t<meta name=\"twitter:data1\" content=\"Brenda Cezillo\" \/>\n\t<meta name=\"twitter:label2\" content=\"Est. tempo de leitura\" \/>\n\t<meta name=\"twitter:data2\" content=\"5 minutos\" \/>\n<script type=\"application\/ld+json\" class=\"yoast-schema-graph\">{\"@context\":\"https:\/\/schema.org\",\"@graph\":[{\"@type\":\"NewsArticle\",\"@id\":\"https:\/\/www.gaveanews.com\/index.php\/2025\/03\/23\/repercussao-negativa-na-europa-novo-contrato-sera-assinado-e-recado-de-neto-para-ramon-diaz-as-ultimas-noticias-do-corinthians\/#article\",\"isPartOf\":{\"@id\":\"https:\/\/www.gaveanews.com\/index.php\/2025\/03\/23\/repercussao-negativa-na-europa-novo-contrato-sera-assinado-e-recado-de-neto-para-ramon-diaz-as-ultimas-noticias-do-corinthians\/\"},\"author\":{\"name\":\"Brenda Cezillo\",\"@id\":\"https:\/\/www.gaveanews.com\/#\/schema\/person\/c79759ca337c40791ae8d08e2923d403\"},\"headline\":\"Repercuss\u00e3o negativa na Europa, novo contrato ser\u00e1 assinado e recado de Neto para Ram\u00f3n D\u00edaz: as \u00faltimas not\u00edcias do Corinthians\",\"datePublished\":\"2025-03-24T00:10:00+00:00\",\"mainEntityOfPage\":{\"@id\":\"https:\/\/www.gaveanews.com\/index.php\/2025\/03\/23\/repercussao-negativa-na-europa-novo-contrato-sera-assinado-e-recado-de-neto-para-ramon-diaz-as-ultimas-noticias-do-corinthians\/\"},\"wordCount\":787,\"commentCount\":0,\"image\":{\"@id\":\"https:\/\/www.gaveanews.com\/index.php\/2025\/03\/23\/repercussao-negativa-na-europa-novo-contrato-sera-assinado-e-recado-de-neto-para-ramon-diaz-as-ultimas-noticias-do-corinthians\/#primaryimage\"},\"thumbnailUrl\":\"https:\/\/www.gaveanews.com\/wp-content\/uploads\/Escudo-do-Corinthians-na-Neo-Quimica-Arena.webp\",\"articleSection\":[\"Corinthians\"],\"inLanguage\":\"pt-BR\",\"potentialAction\":[{\"@type\":\"CommentAction\",\"name\":\"Comment\",\"target\":[\"https:\/\/www.gaveanews.com\/index.php\/2025\/03\/23\/repercussao-negativa-na-europa-novo-contrato-sera-assinado-e-recado-de-neto-para-ramon-diaz-as-ultimas-noticias-do-corinthians\/#respond\"]}],\"copyrightYear\":\"2025\",\"copyrightHolder\":{\"@id\":\"https:\/\/www.gaveanews.com\/#organization\"}},{\"@type\":\"WebPage\",\"@id\":\"https:\/\/www.gaveanews.com\/index.php\/2025\/03\/23\/repercussao-negativa-na-europa-novo-contrato-sera-assinado-e-recado-de-neto-para-ramon-diaz-as-ultimas-noticias-do-corinthians\/\",\"url\":\"https:\/\/www.gaveanews.com\/index.php\/2025\/03\/23\/repercussao-negativa-na-europa-novo-contrato-sera-assinado-e-recado-de-neto-para-ramon-diaz-as-ultimas-noticias-do-corinthians\/\",\"name\":\"Repercuss\u00e3o negativa na Europa, novo contrato ser\u00e1 assinado e recado de Neto para Ram\u00f3n D\u00edaz: as \u00faltimas not\u00edcias do Corinthians\",\"isPartOf\":{\"@id\":\"https:\/\/www.gaveanews.com\/#website\"},\"primaryImageOfPage\":{\"@id\":\"https:\/\/www.gaveanews.com\/index.php\/2025\/03\/23\/repercussao-negativa-na-europa-novo-contrato-sera-assinado-e-recado-de-neto-para-ramon-diaz-as-ultimas-noticias-do-corinthians\/#primaryimage\"},\"image\":{\"@id\":\"https:\/\/www.gaveanews.com\/index.php\/2025\/03\/23\/repercussao-negativa-na-europa-novo-contrato-sera-assinado-e-recado-de-neto-para-ramon-diaz-as-ultimas-noticias-do-corinthians\/#primaryimage\"},\"thumbnailUrl\":\"https:\/\/www.gaveanews.com\/wp-content\/uploads\/Escudo-do-Corinthians-na-Neo-Quimica-Arena.webp\",\"datePublished\":\"2025-03-24T00:10:00+00:00\",\"author\":{\"@id\":\"https:\/\/www.gaveanews.com\/#\/schema\/person\/c79759ca337c40791ae8d08e2923d403\"},\"breadcrumb\":{\"@id\":\"https:\/\/www.gaveanews.com\/index.php\/2025\/03\/23\/repercussao-negativa-na-europa-novo-contrato-sera-assinado-e-recado-de-neto-para-ramon-diaz-as-ultimas-noticias-do-corinthians\/#breadcrumb\"},\"inLanguage\":\"pt-BR\",\"potentialAction\":[{\"@type\":\"ReadAction\",\"target\":[\"https:\/\/www.gaveanews.com\/index.php\/2025\/03\/23\/repercussao-negativa-na-europa-novo-contrato-sera-assinado-e-recado-de-neto-para-ramon-diaz-as-ultimas-noticias-do-corinthians\/\"]}]},{\"@type\":\"ImageObject\",\"inLanguage\":\"pt-BR\",\"@id\":\"https:\/\/www.gaveanews.com\/index.php\/2025\/03\/23\/repercussao-negativa-na-europa-novo-contrato-sera-assinado-e-recado-de-neto-para-ramon-diaz-as-ultimas-noticias-do-corinthians\/#primaryimage\",\"url\":\"https:\/\/www.gaveanews.com\/wp-content\/uploads\/Escudo-do-Corinthians-na-Neo-Quimica-Arena.webp\",\"contentUrl\":\"https:\/\/www.gaveanews.com\/wp-content\/uploads\/Escudo-do-Corinthians-na-Neo-Quimica-Arena.webp\",\"width\":1440,\"height\":959,\"caption\":\"Escudo do Corinthians na N\u00e9o Qu\u00edmica Arena (Foto Reprodu\u00e7\u00e3o\/Instagram)\"},{\"@type\":\"BreadcrumbList\",\"@id\":\"https:\/\/www.gaveanews.com\/index.php\/2025\/03\/23\/repercussao-negativa-na-europa-novo-contrato-sera-assinado-e-recado-de-neto-para-ramon-diaz-as-ultimas-noticias-do-corinthians\/#breadcrumb\",\"itemListElement\":[{\"@type\":\"ListItem\",\"position\":1,\"name\":\"Home\",\"item\":\"https:\/\/www.gaveanews.com\/\"},{\"@type\":\"ListItem\",\"position\":2,\"name\":\"Repercuss\u00e3o negativa na Europa, novo contrato ser\u00e1 assinado e recado de Neto para Ram\u00f3n D\u00edaz: as \u00faltimas not\u00edcias do Corinthians\"}]},{\"@type\":\"WebSite\",\"@id\":\"https:\/\/www.gaveanews.com\/#website\",\"url\":\"https:\/\/www.gaveanews.com\/\",\"name\":\"G\u00e1vea News\",\"description\":\"Veja todas as not\u00edcias sobre o Flamengo: Contrata\u00e7\u00f5es, categorias de base, resultados das partidas, tabela de classifica\u00e7\u00e3o, pr\u00f3ximos jogos!\",\"potentialAction\":[{\"@type\":\"SearchAction\",\"target\":{\"@type\":\"EntryPoint\",\"urlTemplate\":\"https:\/\/www.gaveanews.com\/?s={search_term_string}\"},\"query-input\":{\"@type\":\"PropertyValueSpecification\",\"valueRequired\":true,\"valueName\":\"search_term_string\"}}],\"inLanguage\":\"pt-BR\"},{\"@type\":\"Person\",\"@id\":\"https:\/\/www.gaveanews.com\/#\/schema\/person\/c79759ca337c40791ae8d08e2923d403\",\"name\":\"Brenda Cezillo\",\"image\":{\"@type\":\"ImageObject\",\"inLanguage\":\"pt-BR\",\"@id\":\"https:\/\/www.gaveanews.com\/#\/schema\/person\/image\/\",\"url\":\"https:\/\/secure.gravatar.com\/avatar\/1738d75cee7317f9c29ae61dd67620c5883d80a92e42a6fff88ae5d527af217a?s=96&d=mm&r=g\",\"contentUrl\":\"https:\/\/secure.gravatar.com\/avatar\/1738d75cee7317f9c29ae61dd67620c5883d80a92e42a6fff88ae5d527af217a?s=96&d=mm&r=g\",\"caption\":\"Brenda Cezillo\"}}]}<\/script>\n<!-- \/ Yoast SEO Premium plugin. -->","yoast_head_json":{"title":"Repercuss\u00e3o negativa na Europa, novo contrato ser\u00e1 assinado e recado de Neto para Ram\u00f3n D\u00edaz: as \u00faltimas not\u00edcias do Corinthians","robots":{"index":"index","follow":"follow","max-snippet":"max-snippet:-1","max-image-preview":"max-image-preview:large","max-video-preview":"max-video-preview:-1"},"canonical":"https:\/\/www.gaveanews.com\/index.php\/2025\/03\/23\/repercussao-negativa-na-europa-novo-contrato-sera-assinado-e-recado-de-neto-para-ramon-diaz-as-ultimas-noticias-do-corinthians\/","og_locale":"pt_BR","og_type":"article","og_title":"Repercuss\u00e3o negativa na Europa, novo contrato ser\u00e1 assinado e recado de Neto para Ram\u00f3n D\u00edaz: as \u00faltimas not\u00edcias do Corinthians","og_description":"Nas \u00faltimas horas, o foco das not\u00edcias sobre o Corinthians se concentram nos bastidores do clube, com destaques do dia a dia do time. Por conta deste contexto, leia abaixo um resumo preparado pela equipe do portal G\u00e1vea News para lhe manter muito bem informado! Recado de Neto para Ram\u00f3n D\u00edaz O ex-jogador e comentarista [&hellip;]","og_url":"https:\/\/www.gaveanews.com\/index.php\/2025\/03\/23\/repercussao-negativa-na-europa-novo-contrato-sera-assinado-e-recado-de-neto-para-ramon-diaz-as-ultimas-noticias-do-corinthians\/","og_site_name":"G\u00e1vea News","article_publisher":"https:\/\/facebook.com\/gaveaNews\/","article_published_time":"2025-03-24T00:10:00+00:00","og_image":[{"width":1440,"height":959,"url":"https:\/\/www.gaveanews.com\/wp-content\/uploads\/Escudo-do-Corinthians-na-Neo-Quimica-Arena.webp","type":"image\/jpeg"}],"author":"Brenda Cezillo","twitter_card":"summary_large_image","twitter_misc":{"Escrito por":"Brenda Cezillo","Est. tempo de leitura":"5 minutos"},"schema":{"@context":"https:\/\/schema.org","@graph":[{"@type":"NewsArticle","@id":"https:\/\/www.gaveanews.com\/index.php\/2025\/03\/23\/repercussao-negativa-na-europa-novo-contrato-sera-assinado-e-recado-de-neto-para-ramon-diaz-as-ultimas-noticias-do-corinthians\/#article","isPartOf":{"@id":"https:\/\/www.gaveanews.com\/index.php\/2025\/03\/23\/repercussao-negativa-na-europa-novo-contrato-sera-assinado-e-recado-de-neto-para-ramon-diaz-as-ultimas-noticias-do-corinthians\/"},"author":{"name":"Brenda Cezillo","@id":"https:\/\/www.gaveanews.com\/#\/schema\/person\/c79759ca337c40791ae8d08e2923d403"},"headline":"Repercuss\u00e3o negativa na Europa, novo contrato ser\u00e1 assinado e recado de Neto para Ram\u00f3n D\u00edaz: as \u00faltimas not\u00edcias do Corinthians","datePublished":"2025-03-24T00:10:00+00:00","mainEntityOfPage":{"@id":"https:\/\/www.gaveanews.com\/index.php\/2025\/03\/23\/repercussao-negativa-na-europa-novo-contrato-sera-assinado-e-recado-de-neto-para-ramon-diaz-as-ultimas-noticias-do-corinthians\/"},"wordCount":787,"commentCount":0,"image":{"@id":"https:\/\/www.gaveanews.com\/index.php\/2025\/03\/23\/repercussao-negativa-na-europa-novo-contrato-sera-assinado-e-recado-de-neto-para-ramon-diaz-as-ultimas-noticias-do-corinthians\/#primaryimage"},"thumbnailUrl":"https:\/\/www.gaveanews.com\/wp-content\/uploads\/Escudo-do-Corinthians-na-Neo-Quimica-Arena.webp","articleSection":["Corinthians"],"inLanguage":"pt-BR","potentialAction":[{"@type":"CommentAction","name":"Comment","target":["https:\/\/www.gaveanews.com\/index.php\/2025\/03\/23\/repercussao-negativa-na-europa-novo-contrato-sera-assinado-e-recado-de-neto-para-ramon-diaz-as-ultimas-noticias-do-corinthians\/#respond"]}],"copyrightYear":"2025","copyrightHolder":{"@id":"https:\/\/www.gaveanews.com\/#organization"}},{"@type":"WebPage","@id":"https:\/\/www.gaveanews.com\/index.php\/2025\/03\/23\/repercussao-negativa-na-europa-novo-contrato-sera-assinado-e-recado-de-neto-para-ramon-diaz-as-ultimas-noticias-do-corinthians\/","url":"https:\/\/www.gaveanews.com\/index.php\/2025\/03\/23\/repercussao-negativa-na-europa-novo-contrato-sera-assinado-e-recado-de-neto-para-ramon-diaz-as-ultimas-noticias-do-corinthians\/","name":"Repercuss\u00e3o negativa na Europa, novo contrato ser\u00e1 assinado e recado de Neto para Ram\u00f3n D\u00edaz: as \u00faltimas not\u00edcias do Corinthians","isPartOf":{"@id":"https:\/\/www.gaveanews.com\/#website"},"primaryImageOfPage":{"@id":"https:\/\/www.gaveanews.com\/index.php\/2025\/03\/23\/repercussao-negativa-na-europa-novo-contrato-sera-assinado-e-recado-de-neto-para-ramon-diaz-as-ultimas-noticias-do-corinthians\/#primaryimage"},"image":{"@id":"https:\/\/www.gaveanews.com\/index.php\/2025\/03\/23\/repercussao-negativa-na-europa-novo-contrato-sera-assinado-e-recado-de-neto-para-ramon-diaz-as-ultimas-noticias-do-corinthians\/#primaryimage"},"thumbnailUrl":"https:\/\/www.gaveanews.com\/wp-content\/uploads\/Escudo-do-Corinthians-na-Neo-Quimica-Arena.webp","datePublished":"2025-03-24T00:10:00+00:00","author":{"@id":"https:\/\/www.gaveanews.com\/#\/schema\/person\/c79759ca337c40791ae8d08e2923d403"},"breadcrumb":{"@id":"https:\/\/www.gaveanews.com\/index.php\/2025\/03\/23\/repercussao-negativa-na-europa-novo-contrato-sera-assinado-e-recado-de-neto-para-ramon-diaz-as-ultimas-noticias-do-corinthians\/#breadcrumb"},"inLanguage":"pt-BR","potentialAction":[{"@type":"ReadAction","target":["https:\/\/www.gaveanews.com\/index.php\/2025\/03\/23\/repercussao-negativa-na-europa-novo-contrato-sera-assinado-e-recado-de-neto-para-ramon-diaz-as-ultimas-noticias-do-corinthians\/"]}]},{"@type":"ImageObject","inLanguage":"pt-BR","@id":"https:\/\/www.gaveanews.com\/index.php\/2025\/03\/23\/repercussao-negativa-na-europa-novo-contrato-sera-assinado-e-recado-de-neto-para-ramon-diaz-as-ultimas-noticias-do-corinthians\/#primaryimage","url":"https:\/\/www.gaveanews.com\/wp-content\/uploads\/Escudo-do-Corinthians-na-Neo-Quimica-Arena.webp","contentUrl":"https:\/\/www.gaveanews.com\/wp-content\/uploads\/Escudo-do-Corinthians-na-Neo-Quimica-Arena.webp","width":1440,"height":959,"caption":"Escudo do Corinthians na N\u00e9o Qu\u00edmica Arena (Foto Reprodu\u00e7\u00e3o\/Instagram)"},{"@type":"BreadcrumbList","@id":"https:\/\/www.gaveanews.com\/index.php\/2025\/03\/23\/repercussao-negativa-na-europa-novo-contrato-sera-assinado-e-recado-de-neto-para-ramon-diaz-as-ultimas-noticias-do-corinthians\/#breadcrumb","itemListElement":[{"@type":"ListItem","position":1,"name":"Home","item":"https:\/\/www.gaveanews.com\/"},{"@type":"ListItem","position":2,"name":"Repercuss\u00e3o negativa na Europa, novo contrato ser\u00e1 assinado e recado de Neto para Ram\u00f3n D\u00edaz: as \u00faltimas not\u00edcias do Corinthians"}]},{"@type":"WebSite","@id":"https:\/\/www.gaveanews.com\/#website","url":"https:\/\/www.gaveanews.com\/","name":"G\u00e1vea News","description":"Veja todas as not\u00edcias sobre o Flamengo: Contrata\u00e7\u00f5es, categorias de base, resultados das partidas, tabela de classifica\u00e7\u00e3o, pr\u00f3ximos jogos!","potentialAction":[{"@type":"SearchAction","target":{"@type":"EntryPoint","urlTemplate":"https:\/\/www.gaveanews.com\/?s={search_term_string}"},"query-input":{"@type":"PropertyValueSpecification","valueRequired":true,"valueName":"search_term_string"}}],"inLanguage":"pt-BR"},{"@type":"Person","@id":"https:\/\/www.gaveanews.com\/#\/schema\/person\/c79759ca337c40791ae8d08e2923d403","name":"Brenda Cezillo","image":{"@type":"ImageObject","inLanguage":"pt-BR","@id":"https:\/\/www.gaveanews.com\/#\/schema\/person\/image\/","url":"https:\/\/secure.gravatar.com\/avatar\/1738d75cee7317f9c29ae61dd67620c5883d80a92e42a6fff88ae5d527af217a?s=96&d=mm&r=g","contentUrl":"https:\/\/secure.gravatar.com\/avatar\/1738d75cee7317f9c29ae61dd67620c5883d80a92e42a6fff88ae5d527af217a?s=96&d=mm&r=g","caption":"Brenda Cezillo"}}]}},"_links":{"self":[{"href":"https:\/\/www.gaveanews.com\/index.php\/wp-json\/wp\/v2\/posts\/243606","targetHints":{"allow":["GET"]}}],"collection":[{"href":"https:\/\/www.gaveanews.com\/index.php\/wp-json\/wp\/v2\/posts"}],"about":[{"href":"https:\/\/www.gaveanews.com\/index.php\/wp-json\/wp\/v2\/types\/post"}],"author":[{"embeddable":true,"href":"https:\/\/www.gaveanews.com\/index.php\/wp-json\/wp\/v2\/users\/33"}],"replies":[{"embeddable":true,"href":"https:\/\/www.gaveanews.com\/index.php\/wp-json\/wp\/v2\/comments?post=243606"}],"version-history":[{"count":1,"href":"https:\/\/www.gaveanews.com\/index.php\/wp-json\/wp\/v2\/posts\/243606\/revisions"}],"predecessor-version":[{"id":243622,"href":"https:\/\/www.gaveanews.com\/index.php\/wp-json\/wp\/v2\/posts\/243606\/revisions\/243622"}],"wp:featuredmedia":[{"embeddable":true,"href":"https:\/\/www.gaveanews.com\/index.php\/wp-json\/wp\/v2\/media\/154473"}],"wp:attachment":[{"href":"https:\/\/www.gaveanews.com\/index.php\/wp-json\/wp\/v2\/media?parent=243606"}],"wp:term":[{"taxonomy":"category","embeddable":true,"href":"https:\/\/www.gaveanews.com\/index.php\/wp-json\/wp\/v2\/categories?post=243606"},{"taxonomy":"post_tag","embeddable":true,"href":"https:\/\/www.gaveanews.com\/index.php\/wp-json\/wp\/v2\/tags?post=243606"}],"curies":[{"name":"wp","href":"https:\/\/api.w.org\/{rel}","templated":true}]}}