{"id":243674,"date":"2025-03-23T20:40:00","date_gmt":"2025-03-23T23:40:00","guid":{"rendered":"https:\/\/www.gaveanews.com\/?p=243674"},"modified":"2025-03-23T19:18:09","modified_gmt":"2025-03-23T22:18:09","slug":"a-declaracao-de-ronaldo-fenomeno-direcionada-a-vanderlei-luxemburgo","status":"publish","type":"post","link":"https:\/\/www.gaveanews.com\/index.php\/2025\/03\/23\/a-declaracao-de-ronaldo-fenomeno-direcionada-a-vanderlei-luxemburgo\/","title":{"rendered":"A declara\u00e7\u00e3o de Ronaldo Fen\u00f4meno direcionada a Vanderlei Luxemburgo"},"content":{"rendered":"\n<p>Ronaldo Fen\u00f4meno comentou sobre a forma de trabalho de Vanderlei Luxemburgo, destacando que, apesar de suas qualidades como treinador, ele adotava um estilo autorit\u00e1rio. Em entrevista ao podcast Charla, o ex-jogador afirmou que Luxemburgo costumava confrontar os principais atletas do elenco como forma de demonstrar autoridade.<\/p>\n\n\n\n<p>\u201cO Luxemburgo gostava de brigar com as estrelas. Ele pegava os principais jogadores e discutia na frente de todo mundo para mostrar que estava no controle. Era algo desnecess\u00e1rio\u201d, disse Ronaldo. Apesar disso, ele reconheceu o talento do treinador, ressaltando que seus treinos eram de alto n\u00edvel. \u201cEle \u00e9 muito bom, acima da m\u00e9dia, mas sempre teve problemas na gest\u00e3o do grupo\u201d, completou o ex-atacante.<\/p>\n\n\n\n<p>Ao comparar com outros treinadores, Ronaldo destacou a diferen\u00e7a de abordagem de Luiz Felipe Scolari, especialmente durante o per\u00edodo que antecedeu o pentacampeonato mundial da sele\u00e7\u00e3o brasileira em 2002. Para ele, Felip\u00e3o soube unir o elenco e criar um ambiente positivo para os jogadores.<\/p>\n\n\n\n<p>\u201cO Felip\u00e3o sempre foi mais voltado para o grupo, um cara comprometido, que criava um ambiente familiar. Isso fez toda a diferen\u00e7a\u201d, afirmou Ronaldo. O ex-jogador ressaltou que a confian\u00e7a do treinador foi essencial para seu desempenho na Copa do Mundo, principalmente por conta da grave les\u00e3o que havia sofrido antes do torneio.<\/p>\n\n\n\n<p>Ronaldo revelou que sua presen\u00e7a no Mundial foi colocada em d\u00favida, mas Felip\u00e3o confiou plenamente em sua recupera\u00e7\u00e3o. Segundo ele, o m\u00e9dico Jos\u00e9 Luiz Runco teve um papel fundamental para garantir ao t\u00e9cnico que ele estava fisicamente preparado. \u201cO Felip\u00e3o confiou em mim no escuro. Ele acreditou que, se eu estivesse bem fisicamente, entregaria o que era esperado\u201d, relatou.<\/p>\n\n\n\n<p>A decis\u00e3o do treinador se mostrou acertada, pois Ronaldo se tornou o grande destaque da sele\u00e7\u00e3o na campanha do pentacampeonato. A abordagem de Felip\u00e3o, baseada na confian\u00e7a e no apoio ao elenco, se mostrou eficaz e resultou no t\u00edtulo mundial em 2002.<\/p>\n","protected":false},"excerpt":{"rendered":"<p>Ronaldo Fen\u00f4meno comentou sobre a forma de trabalho de Vanderlei Luxemburgo, destacando que, apesar de suas qualidades como treinador, ele adotava um estilo autorit\u00e1rio. Em entrevista ao podcast Charla, o ex-jogador afirmou que Luxemburgo costumava confrontar os principais atletas do elenco como forma de demonstrar autoridade. \u201cO Luxemburgo gostava de brigar com as estrelas. Ele [&hellip;]<\/p>\n","protected":false},"author":18,"featured_media":157476,"comment_status":"open","ping_status":"closed","sticky":false,"template":"","format":"standard","meta":{"footnotes":""},"categories":[478],"tags":[],"class_list":["post-243674","post","type-post","status-publish","format-standard","has-post-thumbnail","hentry","category-brasil"],"yoast_head":"<!-- This site is optimized with the Yoast SEO Premium plugin v24.2 (Yoast SEO v26.9) - https:\/\/yoast.com\/product\/yoast-seo-premium-wordpress\/ -->\n<title>A declara\u00e7\u00e3o de Ronaldo Fen\u00f4meno direcionada a Vanderlei Luxemburgo<\/title>\n<meta name=\"robots\" content=\"index, follow, max-snippet:-1, max-image-preview:large, max-video-preview:-1\" \/>\n<link rel=\"canonical\" href=\"https:\/\/www.gaveanews.com\/index.php\/2025\/03\/23\/a-declaracao-de-ronaldo-fenomeno-direcionada-a-vanderlei-luxemburgo\/\" \/>\n<meta property=\"og:locale\" content=\"pt_BR\" \/>\n<meta property=\"og:type\" content=\"article\" \/>\n<meta property=\"og:title\" content=\"A declara\u00e7\u00e3o de Ronaldo Fen\u00f4meno direcionada a Vanderlei Luxemburgo\" \/>\n<meta property=\"og:description\" content=\"Ronaldo Fen\u00f4meno comentou sobre a forma de trabalho de Vanderlei Luxemburgo, destacando que, apesar de suas qualidades como treinador, ele adotava um estilo autorit\u00e1rio. Em entrevista ao podcast Charla, o ex-jogador afirmou que Luxemburgo costumava confrontar os principais atletas do elenco como forma de demonstrar autoridade. \u201cO Luxemburgo gostava de brigar com as estrelas. Ele [&hellip;]\" \/>\n<meta property=\"og:url\" content=\"https:\/\/www.gaveanews.com\/index.php\/2025\/03\/23\/a-declaracao-de-ronaldo-fenomeno-direcionada-a-vanderlei-luxemburgo\/\" \/>\n<meta property=\"og:site_name\" content=\"G\u00e1vea News\" \/>\n<meta property=\"article:publisher\" content=\"https:\/\/facebook.com\/gaveaNews\/\" \/>\n<meta property=\"article:published_time\" content=\"2025-03-23T23:40:00+00:00\" \/>\n<meta property=\"og:image\" content=\"https:\/\/www.gaveanews.com\/wp-content\/uploads\/Ronaldo-Fenomeno-durante-premiacao-da-FIFA.webp\" \/>\n\t<meta property=\"og:image:width\" content=\"640\" \/>\n\t<meta property=\"og:image:height\" content=\"480\" \/>\n\t<meta property=\"og:image:type\" content=\"image\/jpeg\" \/>\n<meta name=\"author\" content=\"Paula Silva\" \/>\n<meta name=\"twitter:card\" content=\"summary_large_image\" \/>\n<meta name=\"twitter:label1\" content=\"Escrito por\" \/>\n\t<meta name=\"twitter:data1\" content=\"Paula Silva\" \/>\n\t<meta name=\"twitter:label2\" content=\"Est. tempo de leitura\" \/>\n\t<meta name=\"twitter:data2\" content=\"2 minutos\" \/>\n<script type=\"application\/ld+json\" class=\"yoast-schema-graph\">{\"@context\":\"https:\/\/schema.org\",\"@graph\":[{\"@type\":\"NewsArticle\",\"@id\":\"https:\/\/www.gaveanews.com\/index.php\/2025\/03\/23\/a-declaracao-de-ronaldo-fenomeno-direcionada-a-vanderlei-luxemburgo\/#article\",\"isPartOf\":{\"@id\":\"https:\/\/www.gaveanews.com\/index.php\/2025\/03\/23\/a-declaracao-de-ronaldo-fenomeno-direcionada-a-vanderlei-luxemburgo\/\"},\"author\":{\"name\":\"Paula Silva\",\"@id\":\"https:\/\/www.gaveanews.com\/#\/schema\/person\/daf63eec72e1164eb13dc35096c2b8da\"},\"headline\":\"A declara\u00e7\u00e3o de Ronaldo Fen\u00f4meno direcionada a Vanderlei Luxemburgo\",\"datePublished\":\"2025-03-23T23:40:00+00:00\",\"mainEntityOfPage\":{\"@id\":\"https:\/\/www.gaveanews.com\/index.php\/2025\/03\/23\/a-declaracao-de-ronaldo-fenomeno-direcionada-a-vanderlei-luxemburgo\/\"},\"wordCount\":343,\"commentCount\":0,\"image\":{\"@id\":\"https:\/\/www.gaveanews.com\/index.php\/2025\/03\/23\/a-declaracao-de-ronaldo-fenomeno-direcionada-a-vanderlei-luxemburgo\/#primaryimage\"},\"thumbnailUrl\":\"https:\/\/www.gaveanews.com\/wp-content\/uploads\/Ronaldo-Fenomeno-durante-premiacao-da-FIFA.webp\",\"articleSection\":[\"Brasil\"],\"inLanguage\":\"pt-BR\",\"potentialAction\":[{\"@type\":\"CommentAction\",\"name\":\"Comment\",\"target\":[\"https:\/\/www.gaveanews.com\/index.php\/2025\/03\/23\/a-declaracao-de-ronaldo-fenomeno-direcionada-a-vanderlei-luxemburgo\/#respond\"]}],\"copyrightYear\":\"2025\",\"copyrightHolder\":{\"@id\":\"https:\/\/www.gaveanews.com\/#organization\"}},{\"@type\":\"WebPage\",\"@id\":\"https:\/\/www.gaveanews.com\/index.php\/2025\/03\/23\/a-declaracao-de-ronaldo-fenomeno-direcionada-a-vanderlei-luxemburgo\/\",\"url\":\"https:\/\/www.gaveanews.com\/index.php\/2025\/03\/23\/a-declaracao-de-ronaldo-fenomeno-direcionada-a-vanderlei-luxemburgo\/\",\"name\":\"A declara\u00e7\u00e3o de Ronaldo Fen\u00f4meno direcionada a Vanderlei Luxemburgo\",\"isPartOf\":{\"@id\":\"https:\/\/www.gaveanews.com\/#website\"},\"primaryImageOfPage\":{\"@id\":\"https:\/\/www.gaveanews.com\/index.php\/2025\/03\/23\/a-declaracao-de-ronaldo-fenomeno-direcionada-a-vanderlei-luxemburgo\/#primaryimage\"},\"image\":{\"@id\":\"https:\/\/www.gaveanews.com\/index.php\/2025\/03\/23\/a-declaracao-de-ronaldo-fenomeno-direcionada-a-vanderlei-luxemburgo\/#primaryimage\"},\"thumbnailUrl\":\"https:\/\/www.gaveanews.com\/wp-content\/uploads\/Ronaldo-Fenomeno-durante-premiacao-da-FIFA.webp\",\"datePublished\":\"2025-03-23T23:40:00+00:00\",\"author\":{\"@id\":\"https:\/\/www.gaveanews.com\/#\/schema\/person\/daf63eec72e1164eb13dc35096c2b8da\"},\"breadcrumb\":{\"@id\":\"https:\/\/www.gaveanews.com\/index.php\/2025\/03\/23\/a-declaracao-de-ronaldo-fenomeno-direcionada-a-vanderlei-luxemburgo\/#breadcrumb\"},\"inLanguage\":\"pt-BR\",\"potentialAction\":[{\"@type\":\"ReadAction\",\"target\":[\"https:\/\/www.gaveanews.com\/index.php\/2025\/03\/23\/a-declaracao-de-ronaldo-fenomeno-direcionada-a-vanderlei-luxemburgo\/\"]}]},{\"@type\":\"ImageObject\",\"inLanguage\":\"pt-BR\",\"@id\":\"https:\/\/www.gaveanews.com\/index.php\/2025\/03\/23\/a-declaracao-de-ronaldo-fenomeno-direcionada-a-vanderlei-luxemburgo\/#primaryimage\",\"url\":\"https:\/\/www.gaveanews.com\/wp-content\/uploads\/Ronaldo-Fenomeno-durante-premiacao-da-FIFA.webp\",\"contentUrl\":\"https:\/\/www.gaveanews.com\/wp-content\/uploads\/Ronaldo-Fenomeno-durante-premiacao-da-FIFA.webp\",\"width\":640,\"height\":480,\"caption\":\"Ronaldo Fen\u00f4meno durante premia\u00e7\u00e3o da FIFA (Foto: Reprodu\u00e7\u00e3o)\"},{\"@type\":\"BreadcrumbList\",\"@id\":\"https:\/\/www.gaveanews.com\/index.php\/2025\/03\/23\/a-declaracao-de-ronaldo-fenomeno-direcionada-a-vanderlei-luxemburgo\/#breadcrumb\",\"itemListElement\":[{\"@type\":\"ListItem\",\"position\":1,\"name\":\"Home\",\"item\":\"https:\/\/www.gaveanews.com\/\"},{\"@type\":\"ListItem\",\"position\":2,\"name\":\"A declara\u00e7\u00e3o de Ronaldo Fen\u00f4meno direcionada a Vanderlei Luxemburgo\"}]},{\"@type\":\"WebSite\",\"@id\":\"https:\/\/www.gaveanews.com\/#website\",\"url\":\"https:\/\/www.gaveanews.com\/\",\"name\":\"G\u00e1vea News\",\"description\":\"Veja todas as not\u00edcias sobre o Flamengo: Contrata\u00e7\u00f5es, categorias de base, resultados das partidas, tabela de classifica\u00e7\u00e3o, pr\u00f3ximos jogos!\",\"potentialAction\":[{\"@type\":\"SearchAction\",\"target\":{\"@type\":\"EntryPoint\",\"urlTemplate\":\"https:\/\/www.gaveanews.com\/?s={search_term_string}\"},\"query-input\":{\"@type\":\"PropertyValueSpecification\",\"valueRequired\":true,\"valueName\":\"search_term_string\"}}],\"inLanguage\":\"pt-BR\"},{\"@type\":\"Person\",\"@id\":\"https:\/\/www.gaveanews.com\/#\/schema\/person\/daf63eec72e1164eb13dc35096c2b8da\",\"name\":\"Paula Silva\",\"image\":{\"@type\":\"ImageObject\",\"inLanguage\":\"pt-BR\",\"@id\":\"https:\/\/www.gaveanews.com\/#\/schema\/person\/image\/\",\"url\":\"https:\/\/secure.gravatar.com\/avatar\/eda381c845527cc5d64c13b901833cda29d97500ba040d3e6461f76f51d163bb?s=96&d=mm&r=g\",\"contentUrl\":\"https:\/\/secure.gravatar.com\/avatar\/eda381c845527cc5d64c13b901833cda29d97500ba040d3e6461f76f51d163bb?s=96&d=mm&r=g\",\"caption\":\"Paula Silva\"}}]}<\/script>\n<!-- \/ Yoast SEO Premium plugin. -->","yoast_head_json":{"title":"A declara\u00e7\u00e3o de Ronaldo Fen\u00f4meno direcionada a Vanderlei Luxemburgo","robots":{"index":"index","follow":"follow","max-snippet":"max-snippet:-1","max-image-preview":"max-image-preview:large","max-video-preview":"max-video-preview:-1"},"canonical":"https:\/\/www.gaveanews.com\/index.php\/2025\/03\/23\/a-declaracao-de-ronaldo-fenomeno-direcionada-a-vanderlei-luxemburgo\/","og_locale":"pt_BR","og_type":"article","og_title":"A declara\u00e7\u00e3o de Ronaldo Fen\u00f4meno direcionada a Vanderlei Luxemburgo","og_description":"Ronaldo Fen\u00f4meno comentou sobre a forma de trabalho de Vanderlei Luxemburgo, destacando que, apesar de suas qualidades como treinador, ele adotava um estilo autorit\u00e1rio. Em entrevista ao podcast Charla, o ex-jogador afirmou que Luxemburgo costumava confrontar os principais atletas do elenco como forma de demonstrar autoridade. \u201cO Luxemburgo gostava de brigar com as estrelas. Ele [&hellip;]","og_url":"https:\/\/www.gaveanews.com\/index.php\/2025\/03\/23\/a-declaracao-de-ronaldo-fenomeno-direcionada-a-vanderlei-luxemburgo\/","og_site_name":"G\u00e1vea News","article_publisher":"https:\/\/facebook.com\/gaveaNews\/","article_published_time":"2025-03-23T23:40:00+00:00","og_image":[{"width":640,"height":480,"url":"https:\/\/www.gaveanews.com\/wp-content\/uploads\/Ronaldo-Fenomeno-durante-premiacao-da-FIFA.webp","type":"image\/jpeg"}],"author":"Paula Silva","twitter_card":"summary_large_image","twitter_misc":{"Escrito por":"Paula Silva","Est. tempo de leitura":"2 minutos"},"schema":{"@context":"https:\/\/schema.org","@graph":[{"@type":"NewsArticle","@id":"https:\/\/www.gaveanews.com\/index.php\/2025\/03\/23\/a-declaracao-de-ronaldo-fenomeno-direcionada-a-vanderlei-luxemburgo\/#article","isPartOf":{"@id":"https:\/\/www.gaveanews.com\/index.php\/2025\/03\/23\/a-declaracao-de-ronaldo-fenomeno-direcionada-a-vanderlei-luxemburgo\/"},"author":{"name":"Paula Silva","@id":"https:\/\/www.gaveanews.com\/#\/schema\/person\/daf63eec72e1164eb13dc35096c2b8da"},"headline":"A declara\u00e7\u00e3o de Ronaldo Fen\u00f4meno direcionada a Vanderlei Luxemburgo","datePublished":"2025-03-23T23:40:00+00:00","mainEntityOfPage":{"@id":"https:\/\/www.gaveanews.com\/index.php\/2025\/03\/23\/a-declaracao-de-ronaldo-fenomeno-direcionada-a-vanderlei-luxemburgo\/"},"wordCount":343,"commentCount":0,"image":{"@id":"https:\/\/www.gaveanews.com\/index.php\/2025\/03\/23\/a-declaracao-de-ronaldo-fenomeno-direcionada-a-vanderlei-luxemburgo\/#primaryimage"},"thumbnailUrl":"https:\/\/www.gaveanews.com\/wp-content\/uploads\/Ronaldo-Fenomeno-durante-premiacao-da-FIFA.webp","articleSection":["Brasil"],"inLanguage":"pt-BR","potentialAction":[{"@type":"CommentAction","name":"Comment","target":["https:\/\/www.gaveanews.com\/index.php\/2025\/03\/23\/a-declaracao-de-ronaldo-fenomeno-direcionada-a-vanderlei-luxemburgo\/#respond"]}],"copyrightYear":"2025","copyrightHolder":{"@id":"https:\/\/www.gaveanews.com\/#organization"}},{"@type":"WebPage","@id":"https:\/\/www.gaveanews.com\/index.php\/2025\/03\/23\/a-declaracao-de-ronaldo-fenomeno-direcionada-a-vanderlei-luxemburgo\/","url":"https:\/\/www.gaveanews.com\/index.php\/2025\/03\/23\/a-declaracao-de-ronaldo-fenomeno-direcionada-a-vanderlei-luxemburgo\/","name":"A declara\u00e7\u00e3o de Ronaldo Fen\u00f4meno direcionada a Vanderlei Luxemburgo","isPartOf":{"@id":"https:\/\/www.gaveanews.com\/#website"},"primaryImageOfPage":{"@id":"https:\/\/www.gaveanews.com\/index.php\/2025\/03\/23\/a-declaracao-de-ronaldo-fenomeno-direcionada-a-vanderlei-luxemburgo\/#primaryimage"},"image":{"@id":"https:\/\/www.gaveanews.com\/index.php\/2025\/03\/23\/a-declaracao-de-ronaldo-fenomeno-direcionada-a-vanderlei-luxemburgo\/#primaryimage"},"thumbnailUrl":"https:\/\/www.gaveanews.com\/wp-content\/uploads\/Ronaldo-Fenomeno-durante-premiacao-da-FIFA.webp","datePublished":"2025-03-23T23:40:00+00:00","author":{"@id":"https:\/\/www.gaveanews.com\/#\/schema\/person\/daf63eec72e1164eb13dc35096c2b8da"},"breadcrumb":{"@id":"https:\/\/www.gaveanews.com\/index.php\/2025\/03\/23\/a-declaracao-de-ronaldo-fenomeno-direcionada-a-vanderlei-luxemburgo\/#breadcrumb"},"inLanguage":"pt-BR","potentialAction":[{"@type":"ReadAction","target":["https:\/\/www.gaveanews.com\/index.php\/2025\/03\/23\/a-declaracao-de-ronaldo-fenomeno-direcionada-a-vanderlei-luxemburgo\/"]}]},{"@type":"ImageObject","inLanguage":"pt-BR","@id":"https:\/\/www.gaveanews.com\/index.php\/2025\/03\/23\/a-declaracao-de-ronaldo-fenomeno-direcionada-a-vanderlei-luxemburgo\/#primaryimage","url":"https:\/\/www.gaveanews.com\/wp-content\/uploads\/Ronaldo-Fenomeno-durante-premiacao-da-FIFA.webp","contentUrl":"https:\/\/www.gaveanews.com\/wp-content\/uploads\/Ronaldo-Fenomeno-durante-premiacao-da-FIFA.webp","width":640,"height":480,"caption":"Ronaldo Fen\u00f4meno durante premia\u00e7\u00e3o da FIFA (Foto: Reprodu\u00e7\u00e3o)"},{"@type":"BreadcrumbList","@id":"https:\/\/www.gaveanews.com\/index.php\/2025\/03\/23\/a-declaracao-de-ronaldo-fenomeno-direcionada-a-vanderlei-luxemburgo\/#breadcrumb","itemListElement":[{"@type":"ListItem","position":1,"name":"Home","item":"https:\/\/www.gaveanews.com\/"},{"@type":"ListItem","position":2,"name":"A declara\u00e7\u00e3o de Ronaldo Fen\u00f4meno direcionada a Vanderlei Luxemburgo"}]},{"@type":"WebSite","@id":"https:\/\/www.gaveanews.com\/#website","url":"https:\/\/www.gaveanews.com\/","name":"G\u00e1vea News","description":"Veja todas as not\u00edcias sobre o Flamengo: Contrata\u00e7\u00f5es, categorias de base, resultados das partidas, tabela de classifica\u00e7\u00e3o, pr\u00f3ximos jogos!","potentialAction":[{"@type":"SearchAction","target":{"@type":"EntryPoint","urlTemplate":"https:\/\/www.gaveanews.com\/?s={search_term_string}"},"query-input":{"@type":"PropertyValueSpecification","valueRequired":true,"valueName":"search_term_string"}}],"inLanguage":"pt-BR"},{"@type":"Person","@id":"https:\/\/www.gaveanews.com\/#\/schema\/person\/daf63eec72e1164eb13dc35096c2b8da","name":"Paula Silva","image":{"@type":"ImageObject","inLanguage":"pt-BR","@id":"https:\/\/www.gaveanews.com\/#\/schema\/person\/image\/","url":"https:\/\/secure.gravatar.com\/avatar\/eda381c845527cc5d64c13b901833cda29d97500ba040d3e6461f76f51d163bb?s=96&d=mm&r=g","contentUrl":"https:\/\/secure.gravatar.com\/avatar\/eda381c845527cc5d64c13b901833cda29d97500ba040d3e6461f76f51d163bb?s=96&d=mm&r=g","caption":"Paula Silva"}}]}},"_links":{"self":[{"href":"https:\/\/www.gaveanews.com\/index.php\/wp-json\/wp\/v2\/posts\/243674","targetHints":{"allow":["GET"]}}],"collection":[{"href":"https:\/\/www.gaveanews.com\/index.php\/wp-json\/wp\/v2\/posts"}],"about":[{"href":"https:\/\/www.gaveanews.com\/index.php\/wp-json\/wp\/v2\/types\/post"}],"author":[{"embeddable":true,"href":"https:\/\/www.gaveanews.com\/index.php\/wp-json\/wp\/v2\/users\/18"}],"replies":[{"embeddable":true,"href":"https:\/\/www.gaveanews.com\/index.php\/wp-json\/wp\/v2\/comments?post=243674"}],"version-history":[{"count":1,"href":"https:\/\/www.gaveanews.com\/index.php\/wp-json\/wp\/v2\/posts\/243674\/revisions"}],"predecessor-version":[{"id":243680,"href":"https:\/\/www.gaveanews.com\/index.php\/wp-json\/wp\/v2\/posts\/243674\/revisions\/243680"}],"wp:featuredmedia":[{"embeddable":true,"href":"https:\/\/www.gaveanews.com\/index.php\/wp-json\/wp\/v2\/media\/157476"}],"wp:attachment":[{"href":"https:\/\/www.gaveanews.com\/index.php\/wp-json\/wp\/v2\/media?parent=243674"}],"wp:term":[{"taxonomy":"category","embeddable":true,"href":"https:\/\/www.gaveanews.com\/index.php\/wp-json\/wp\/v2\/categories?post=243674"},{"taxonomy":"post_tag","embeddable":true,"href":"https:\/\/www.gaveanews.com\/index.php\/wp-json\/wp\/v2\/tags?post=243674"}],"curies":[{"name":"wp","href":"https:\/\/api.w.org\/{rel}","templated":true}]}}