{"id":243798,"date":"2025-03-24T11:45:00","date_gmt":"2025-03-24T14:45:00","guid":{"rendered":"https:\/\/www.gaveanews.com\/?p=243798"},"modified":"2025-03-24T10:32:41","modified_gmt":"2025-03-24T13:32:41","slug":"vini-jr-rodrygo-raphinha-gabriel-martinelli-savinho-matheus-cunha-joao-pedro-estevao-endrick-e-gabriel-jesus-os-atacantes-brasileiros-mais-valiosos-do-mundo","status":"publish","type":"post","link":"https:\/\/www.gaveanews.com\/index.php\/2025\/03\/24\/vini-jr-rodrygo-raphinha-gabriel-martinelli-savinho-matheus-cunha-joao-pedro-estevao-endrick-e-gabriel-jesus-os-atacantes-brasileiros-mais-valiosos-do-mundo\/","title":{"rendered":"Vini Jr, Rodrygo, Raphinha, Gabriel Martinelli, Savinho, Matheus Cunha, Jo\u00e3o Pedro, Est\u00eav\u00e3o, Endrick e Gabriel Jesus: os atacantes brasileiros mais valiosos do mundo"},"content":{"rendered":"\n<p>A primeira janela de transfer\u00eancias do ano j\u00e1 fechou com as equipes se refor\u00e7ando bastante. Os clubes aproveitaram para buscar pe\u00e7as que pudessem contribuir com o grupo, visando o bom desempenho em 2025.<\/p>\n\n\n\n<p>Al\u00e9m de um salto t\u00e9cnico das equipes, houve tamb\u00e9m um aumento do valor de cada plantel. Nesse cen\u00e1rio, o G\u00e1vea News elencou o top-10 dos atacantes brasileiros mais valiosos do mundo. Os dados foram retirados do site &#8220;Transfermarkt&#8221;.<\/p>\n\n\n\n<h2 class=\"wp-block-heading\" id=\"h-gabriel-jesus\">Gabriel Jesus<\/h2>\n\n\n\n<p>Gabriel Jesus abre a lista dos atacantes brasileiros mais valiosos do mundo. O atleta do Arsenal, da Inglaterra, aparece em d\u00e9cimo lugar com valor de mercado na casa dos 40 milh\u00f5es de euros, cerca de 247,3 milh\u00f5es de reais.<\/p>\n\n\n\n<figure class=\"wp-block-image size-large\"><img loading=\"lazy\" decoding=\"async\" width=\"1024\" height=\"771\" src=\"http:\/\/www.gaveanews.com\/wp-content\/uploads\/Gabriel-Jesus-em-acao-pelo-Arsenal-1024x771.webp\" alt=\"\" class=\"wp-image-200976\" srcset=\"https:\/\/www.gaveanews.com\/wp-content\/uploads\/Gabriel-Jesus-em-acao-pelo-Arsenal-1024x771.webp 1024w, https:\/\/www.gaveanews.com\/wp-content\/uploads\/Gabriel-Jesus-em-acao-pelo-Arsenal-300x226.webp 300w, https:\/\/www.gaveanews.com\/wp-content\/uploads\/Gabriel-Jesus-em-acao-pelo-Arsenal-768x578.webp 768w, https:\/\/www.gaveanews.com\/wp-content\/uploads\/Gabriel-Jesus-em-acao-pelo-Arsenal-558x420.webp 558w, https:\/\/www.gaveanews.com\/wp-content\/uploads\/Gabriel-Jesus-em-acao-pelo-Arsenal-80x60.webp 80w, https:\/\/www.gaveanews.com\/wp-content\/uploads\/Gabriel-Jesus-em-acao-pelo-Arsenal-160x120.webp 160w, https:\/\/www.gaveanews.com\/wp-content\/uploads\/Gabriel-Jesus-em-acao-pelo-Arsenal-100x75.webp 100w, https:\/\/www.gaveanews.com\/wp-content\/uploads\/Gabriel-Jesus-em-acao-pelo-Arsenal-200x150.webp 200w, https:\/\/www.gaveanews.com\/wp-content\/uploads\/Gabriel-Jesus-em-acao-pelo-Arsenal-180x135.webp 180w, https:\/\/www.gaveanews.com\/wp-content\/uploads\/Gabriel-Jesus-em-acao-pelo-Arsenal-360x270.webp 360w, https:\/\/www.gaveanews.com\/wp-content\/uploads\/Gabriel-Jesus-em-acao-pelo-Arsenal-238x178.webp 238w, https:\/\/www.gaveanews.com\/wp-content\/uploads\/Gabriel-Jesus-em-acao-pelo-Arsenal-640x482.webp 640w, https:\/\/www.gaveanews.com\/wp-content\/uploads\/Gabriel-Jesus-em-acao-pelo-Arsenal-681x513.webp 681w, https:\/\/www.gaveanews.com\/wp-content\/uploads\/Gabriel-Jesus-em-acao-pelo-Arsenal.webp 1047w\" sizes=\"auto, (max-width: 1024px) 100vw, 1024px\" \/><figcaption class=\"wp-element-caption\">Gabriel Jesus em a\u00e7\u00e3o pelo Arsenal (Foto: Reprodu\u00e7\u00e3o\/Instagram Gabriel Jesus) <\/figcaption><\/figure>\n\n\n\n<h2 class=\"wp-block-heading\" id=\"h-endrick\">Endrick<\/h2>\n\n\n\n<p>Endrick vem logo na sequ\u00eancia como um dos atacantes brasileiros mais valiosos do planeta. O atleta do Real Madrid, da Espanha, tem valor de mercado na casa dos 40 milh\u00f5es de euros, cerca de 247,3 milh\u00f5es de reais.<\/p>\n\n\n\n<figure class=\"wp-block-image size-full\"><img loading=\"lazy\" decoding=\"async\" width=\"1200\" height=\"675\" src=\"http:\/\/www.gaveanews.com\/wp-content\/uploads\/endrick_-_real_madrid_1.jpg_554688468.webp\" alt=\"\" class=\"wp-image-161086\" srcset=\"https:\/\/www.gaveanews.com\/wp-content\/uploads\/endrick_-_real_madrid_1.jpg_554688468.webp 1200w, https:\/\/www.gaveanews.com\/wp-content\/uploads\/endrick_-_real_madrid_1.jpg_554688468-300x169.webp 300w, https:\/\/www.gaveanews.com\/wp-content\/uploads\/endrick_-_real_madrid_1.jpg_554688468-1024x576.webp 1024w, https:\/\/www.gaveanews.com\/wp-content\/uploads\/endrick_-_real_madrid_1.jpg_554688468-768x432.webp 768w, https:\/\/www.gaveanews.com\/wp-content\/uploads\/endrick_-_real_madrid_1.jpg_554688468-747x420.webp 747w, https:\/\/www.gaveanews.com\/wp-content\/uploads\/endrick_-_real_madrid_1.jpg_554688468-640x360.webp 640w, https:\/\/www.gaveanews.com\/wp-content\/uploads\/endrick_-_real_madrid_1.jpg_554688468-681x383.webp 681w, https:\/\/www.gaveanews.com\/wp-content\/uploads\/endrick_-_real_madrid_1.jpg_554688468-100x56.webp 100w\" sizes=\"auto, (max-width: 1200px) 100vw, 1200px\" \/><figcaption class=\"wp-element-caption\">Endrick marcou seu primeiro gol pelo Real Madrid &#8211; Angel Martinez (2024 Getty Images, Getty Images Europe)\n<\/figcaption><\/figure>\n\n\n\n<h2 class=\"wp-block-heading\" id=\"h-estevao\">Est\u00eav\u00e3o<\/h2>\n\n\n\n<p>Est\u00eav\u00e3o \u00e9 um dos atacantes brasileiros mais valiosos do planeta. O atleta do Palmeiras tem valor de mercado na casa dos 50 milh\u00f5es de euros, cerca de 309,1 milh\u00f5es de reais.<\/p>\n\n\n\n<figure class=\"wp-block-image size-full\"><img loading=\"lazy\" decoding=\"async\" width=\"1024\" height=\"576\" src=\"http:\/\/www.gaveanews.com\/wp-content\/uploads\/O-jogador-Estevao-da-SE-Palmeiras-comemora-seu-contra-a-equipe-do-Botafogo-FC-durante-partida-valida-pela-terceira-fase-da-Copa-do-Brasil-na-arena-Allianz-Parque-1024x576-1.webp\" alt=\"\" class=\"wp-image-141974\" srcset=\"https:\/\/www.gaveanews.com\/wp-content\/uploads\/O-jogador-Estevao-da-SE-Palmeiras-comemora-seu-contra-a-equipe-do-Botafogo-FC-durante-partida-valida-pela-terceira-fase-da-Copa-do-Brasil-na-arena-Allianz-Parque-1024x576-1.webp 1024w, https:\/\/www.gaveanews.com\/wp-content\/uploads\/O-jogador-Estevao-da-SE-Palmeiras-comemora-seu-contra-a-equipe-do-Botafogo-FC-durante-partida-valida-pela-terceira-fase-da-Copa-do-Brasil-na-arena-Allianz-Parque-1024x576-1-300x169.webp 300w, https:\/\/www.gaveanews.com\/wp-content\/uploads\/O-jogador-Estevao-da-SE-Palmeiras-comemora-seu-contra-a-equipe-do-Botafogo-FC-durante-partida-valida-pela-terceira-fase-da-Copa-do-Brasil-na-arena-Allianz-Parque-1024x576-1-768x432.webp 768w, https:\/\/www.gaveanews.com\/wp-content\/uploads\/O-jogador-Estevao-da-SE-Palmeiras-comemora-seu-contra-a-equipe-do-Botafogo-FC-durante-partida-valida-pela-terceira-fase-da-Copa-do-Brasil-na-arena-Allianz-Parque-1024x576-1-747x420.webp 747w, https:\/\/www.gaveanews.com\/wp-content\/uploads\/O-jogador-Estevao-da-SE-Palmeiras-comemora-seu-contra-a-equipe-do-Botafogo-FC-durante-partida-valida-pela-terceira-fase-da-Copa-do-Brasil-na-arena-Allianz-Parque-1024x576-1-640x360.webp 640w, https:\/\/www.gaveanews.com\/wp-content\/uploads\/O-jogador-Estevao-da-SE-Palmeiras-comemora-seu-contra-a-equipe-do-Botafogo-FC-durante-partida-valida-pela-terceira-fase-da-Copa-do-Brasil-na-arena-Allianz-Parque-1024x576-1-681x383.webp 681w, https:\/\/www.gaveanews.com\/wp-content\/uploads\/O-jogador-Estevao-da-SE-Palmeiras-comemora-seu-contra-a-equipe-do-Botafogo-FC-durante-partida-valida-pela-terceira-fase-da-Copa-do-Brasil-na-arena-Allianz-Parque-1024x576-1-1022x576.webp 1022w, https:\/\/www.gaveanews.com\/wp-content\/uploads\/O-jogador-Estevao-da-SE-Palmeiras-comemora-seu-contra-a-equipe-do-Botafogo-FC-durante-partida-valida-pela-terceira-fase-da-Copa-do-Brasil-na-arena-Allianz-Parque-1024x576-1-100x56.webp 100w\" sizes=\"auto, (max-width: 1024px) 100vw, 1024px\" \/><figcaption class=\"wp-element-caption\">O jogador Est\u00eav\u00e3o &#8211; Foto: Cesar Greco\/Palmeiras\/by Canon<\/figcaption><\/figure>\n\n\n\n<h2 class=\"wp-block-heading\" id=\"h-joao-pedro\">Jo\u00e3o Pedro<\/h2>\n\n\n\n<p>Jo\u00e3o Pedro tem o mesmo valor de mercado que Andrey. O Brigthon, da Inglaterra, tem valor de mercado na casa dos 50 milh\u00f5es de euros, cerca de 309,1 milh\u00f5es de reais.<\/p>\n\n\n\n<figure class=\"wp-block-image size-large\"><img loading=\"lazy\" decoding=\"async\" width=\"1024\" height=\"1024\" src=\"http:\/\/www.gaveanews.com\/wp-content\/uploads\/Joao-Pedro-em-acao-pelo-Brighton-Hove-Albion-1024x1024.webp\" alt=\"\" class=\"wp-image-116536\" srcset=\"https:\/\/www.gaveanews.com\/wp-content\/uploads\/Joao-Pedro-em-acao-pelo-Brighton-Hove-Albion-1024x1024.webp 1024w, https:\/\/www.gaveanews.com\/wp-content\/uploads\/Joao-Pedro-em-acao-pelo-Brighton-Hove-Albion-300x300.webp 300w, https:\/\/www.gaveanews.com\/wp-content\/uploads\/Joao-Pedro-em-acao-pelo-Brighton-Hove-Albion-150x150.webp 150w, https:\/\/www.gaveanews.com\/wp-content\/uploads\/Joao-Pedro-em-acao-pelo-Brighton-Hove-Albion-768x768.webp 768w, https:\/\/www.gaveanews.com\/wp-content\/uploads\/Joao-Pedro-em-acao-pelo-Brighton-Hove-Albion-420x420.webp 420w, https:\/\/www.gaveanews.com\/wp-content\/uploads\/Joao-Pedro-em-acao-pelo-Brighton-Hove-Albion-840x840.webp 840w, https:\/\/www.gaveanews.com\/wp-content\/uploads\/Joao-Pedro-em-acao-pelo-Brighton-Hove-Albion-640x640.webp 640w, https:\/\/www.gaveanews.com\/wp-content\/uploads\/Joao-Pedro-em-acao-pelo-Brighton-Hove-Albion-681x681.webp 681w, https:\/\/www.gaveanews.com\/wp-content\/uploads\/Joao-Pedro-em-acao-pelo-Brighton-Hove-Albion-100x100.webp 100w, https:\/\/www.gaveanews.com\/wp-content\/uploads\/Joao-Pedro-em-acao-pelo-Brighton-Hove-Albion.webp 1080w\" sizes=\"auto, (max-width: 1024px) 100vw, 1024px\" \/><figcaption class=\"wp-element-caption\">Jo\u00e3o Pedro em a\u00e7\u00e3o pelo Brighton &#038; Hove Albion (Foto: Reprodu\u00e7\u00e3o\/Instagram)<\/figcaption><\/figure>\n\n\n\n<h2 class=\"wp-block-heading\" id=\"h-matheus-cunha\">Matheus Cunha<\/h2>\n\n\n\n<p>Matheus Cunha \u00e9 um dos atletas do Wolverhampton, da Inglaterra, e \u00e9 um dos atacantes mais valiosos do planeta. Ele foi avaliado em 55 milh\u00f5es de reais, cerca de 340 milh\u00f5es de reais.<\/p>\n\n\n\n<figure class=\"wp-block-image size-full\"><img loading=\"lazy\" decoding=\"async\" width=\"874\" height=\"557\" src=\"http:\/\/www.gaveanews.com\/wp-content\/uploads\/Matheus-Cunha-pelo-Wolverhampton.webp\" alt=\"\" class=\"wp-image-196010\" srcset=\"https:\/\/www.gaveanews.com\/wp-content\/uploads\/Matheus-Cunha-pelo-Wolverhampton.webp 874w, https:\/\/www.gaveanews.com\/wp-content\/uploads\/Matheus-Cunha-pelo-Wolverhampton-300x191.webp 300w, https:\/\/www.gaveanews.com\/wp-content\/uploads\/Matheus-Cunha-pelo-Wolverhampton-768x489.webp 768w, https:\/\/www.gaveanews.com\/wp-content\/uploads\/Matheus-Cunha-pelo-Wolverhampton-659x420.webp 659w, https:\/\/www.gaveanews.com\/wp-content\/uploads\/Matheus-Cunha-pelo-Wolverhampton-640x408.webp 640w, https:\/\/www.gaveanews.com\/wp-content\/uploads\/Matheus-Cunha-pelo-Wolverhampton-681x434.webp 681w, https:\/\/www.gaveanews.com\/wp-content\/uploads\/Matheus-Cunha-pelo-Wolverhampton-100x64.webp 100w\" sizes=\"auto, (max-width: 874px) 100vw, 874px\" \/><figcaption class=\"wp-element-caption\">Matheus Cunha pelo Wolverhampton (Foto: Matheus Cunha)<\/figcaption><\/figure>\n\n\n\n<h2 class=\"wp-block-heading\" id=\"h-savinho\">Savinho<\/h2>\n\n\n\n<p>Na quinta posi\u00e7\u00e3o aparece Savinho. O atacante do Manchester City, da Inglaterra, est\u00e1 avaliado em 55 milh\u00f5es de euros, cerca de 340 milh\u00f5es de reais.<\/p>\n\n\n\n<figure class=\"wp-block-image size-large\"><img loading=\"lazy\" decoding=\"async\" width=\"819\" height=\"1024\" src=\"http:\/\/www.gaveanews.com\/wp-content\/uploads\/savinho_1707176434077-819x1024.webp\" alt=\"\" class=\"wp-image-125723\" srcset=\"https:\/\/www.gaveanews.com\/wp-content\/uploads\/savinho_1707176434077-819x1024.webp 819w, https:\/\/www.gaveanews.com\/wp-content\/uploads\/savinho_1707176434077-240x300.webp 240w, https:\/\/www.gaveanews.com\/wp-content\/uploads\/savinho_1707176434077-768x960.webp 768w, https:\/\/www.gaveanews.com\/wp-content\/uploads\/savinho_1707176434077-1229x1536.webp 1229w, https:\/\/www.gaveanews.com\/wp-content\/uploads\/savinho_1707176434077-336x420.webp 336w, https:\/\/www.gaveanews.com\/wp-content\/uploads\/savinho_1707176434077-672x840.webp 672w, https:\/\/www.gaveanews.com\/wp-content\/uploads\/savinho_1707176434077-640x800.webp 640w, https:\/\/www.gaveanews.com\/wp-content\/uploads\/savinho_1707176434077-1280x1600.webp 1280w, https:\/\/www.gaveanews.com\/wp-content\/uploads\/savinho_1707176434077-681x851.webp 681w, https:\/\/www.gaveanews.com\/wp-content\/uploads\/savinho_1707176434077-1362x1703.webp 1362w, https:\/\/www.gaveanews.com\/wp-content\/uploads\/savinho_1707176434077-100x125.webp 100w, https:\/\/www.gaveanews.com\/wp-content\/uploads\/savinho_1707176434077.webp 1440w\" sizes=\"auto, (max-width: 819px) 100vw, 819px\" \/><figcaption class=\"wp-element-caption\">Savinho em a\u00e7\u00e3o pela Sele\u00e7\u00e3o Brasileira (Foto: Reprodu\u00e7\u00e3o\/Instagram)<\/figcaption><\/figure>\n\n\n\n<h2 class=\"wp-block-heading\" id=\"h-gabriel-martinelli\">Gabriel Martinelli<\/h2>\n\n\n\n<p>Gabriel Martinelli aparece na quarta posi\u00e7\u00e3o. O atacante do Arsenal, da Inglaterra, est\u00e1 avaliado em 55  milh\u00f5es de euros, cerca de 340 milh\u00f5es de reais.<\/p>\n\n\n\n<figure class=\"wp-block-image size-large\"><img loading=\"lazy\" decoding=\"async\" width=\"1024\" height=\"1024\" src=\"http:\/\/www.gaveanews.com\/wp-content\/uploads\/Gabriel-Martinelli-comemora-apos-marcar-um-gol-pelo-Arsenal-1024x1024.webp\" alt=\"\" class=\"wp-image-174141\" srcset=\"https:\/\/www.gaveanews.com\/wp-content\/uploads\/Gabriel-Martinelli-comemora-apos-marcar-um-gol-pelo-Arsenal-1024x1024.webp 1024w, https:\/\/www.gaveanews.com\/wp-content\/uploads\/Gabriel-Martinelli-comemora-apos-marcar-um-gol-pelo-Arsenal-300x300.webp 300w, https:\/\/www.gaveanews.com\/wp-content\/uploads\/Gabriel-Martinelli-comemora-apos-marcar-um-gol-pelo-Arsenal-150x150.webp 150w, https:\/\/www.gaveanews.com\/wp-content\/uploads\/Gabriel-Martinelli-comemora-apos-marcar-um-gol-pelo-Arsenal-768x768.webp 768w, https:\/\/www.gaveanews.com\/wp-content\/uploads\/Gabriel-Martinelli-comemora-apos-marcar-um-gol-pelo-Arsenal-420x420.webp 420w, https:\/\/www.gaveanews.com\/wp-content\/uploads\/Gabriel-Martinelli-comemora-apos-marcar-um-gol-pelo-Arsenal-840x840.webp 840w, https:\/\/www.gaveanews.com\/wp-content\/uploads\/Gabriel-Martinelli-comemora-apos-marcar-um-gol-pelo-Arsenal-640x640.webp 640w, https:\/\/www.gaveanews.com\/wp-content\/uploads\/Gabriel-Martinelli-comemora-apos-marcar-um-gol-pelo-Arsenal-681x681.webp 681w, https:\/\/www.gaveanews.com\/wp-content\/uploads\/Gabriel-Martinelli-comemora-apos-marcar-um-gol-pelo-Arsenal-100x100.webp 100w, https:\/\/www.gaveanews.com\/wp-content\/uploads\/Gabriel-Martinelli-comemora-apos-marcar-um-gol-pelo-Arsenal.webp 1080w\" sizes=\"auto, (max-width: 1024px) 100vw, 1024px\" \/><figcaption class=\"wp-element-caption\">Gabriel Martinelli comemora ap\u00f3s marcar um gol pelo Arsenal (Foto: Reprodu\u00e7\u00e3o\/Instagram\/Arsenal)<\/figcaption><\/figure>\n\n\n\n<h2 class=\"wp-block-heading\" id=\"h-raphinha\">Raphinha<\/h2>\n\n\n\n<p>Raphinha \u00e9 o 3\u00b0 no top-10 de atacantes brasileiros mais valiosos do mundo. O jogador Barcelona, da Espanha, est\u00e1 avaliado em 80 milh\u00f5es de euros, cerca de 494,6 milh\u00f5es de reais.<\/p>\n\n\n\n<figure class=\"wp-block-image size-large\"><img loading=\"lazy\" decoding=\"async\" width=\"820\" height=\"1024\" src=\"http:\/\/www.gaveanews.com\/wp-content\/uploads\/Raphinha-em-acao-pelo-Barcelona-820x1024.webp\" alt=\"\" class=\"wp-image-172534\" srcset=\"https:\/\/www.gaveanews.com\/wp-content\/uploads\/Raphinha-em-acao-pelo-Barcelona-820x1024.webp 820w, https:\/\/www.gaveanews.com\/wp-content\/uploads\/Raphinha-em-acao-pelo-Barcelona-240x300.webp 240w, https:\/\/www.gaveanews.com\/wp-content\/uploads\/Raphinha-em-acao-pelo-Barcelona-768x959.webp 768w, https:\/\/www.gaveanews.com\/wp-content\/uploads\/Raphinha-em-acao-pelo-Barcelona-1229x1536.webp 1229w, https:\/\/www.gaveanews.com\/wp-content\/uploads\/Raphinha-em-acao-pelo-Barcelona-336x420.webp 336w, https:\/\/www.gaveanews.com\/wp-content\/uploads\/Raphinha-em-acao-pelo-Barcelona-672x840.webp 672w, https:\/\/www.gaveanews.com\/wp-content\/uploads\/Raphinha-em-acao-pelo-Barcelona-640x800.webp 640w, https:\/\/www.gaveanews.com\/wp-content\/uploads\/Raphinha-em-acao-pelo-Barcelona-1280x1599.webp 1280w, https:\/\/www.gaveanews.com\/wp-content\/uploads\/Raphinha-em-acao-pelo-Barcelona-681x851.webp 681w, https:\/\/www.gaveanews.com\/wp-content\/uploads\/Raphinha-em-acao-pelo-Barcelona-1362x1702.webp 1362w, https:\/\/www.gaveanews.com\/wp-content\/uploads\/Raphinha-em-acao-pelo-Barcelona-100x125.webp 100w, https:\/\/www.gaveanews.com\/wp-content\/uploads\/Raphinha-em-acao-pelo-Barcelona.webp 1440w\" sizes=\"auto, (max-width: 820px) 100vw, 820px\" \/><figcaption class=\"wp-element-caption\">Raphinha em a\u00e7\u00e3o pelo Barcelona (Foto: Reprodu\u00e7\u00e3o\/Barcelona)<\/figcaption><\/figure>\n\n\n\n<h2 class=\"wp-block-heading\" id=\"h-rodrygo\">Rodrygo<\/h2>\n\n\n\n<p>A segunda posi\u00e7\u00e3o pertence a Rodrygo. O atacante do Real Madrid, da Espanha, aparece com valor de mercado em torno de 100 milh\u00f5es de euros, cerca de 618,3 milh\u00f5es de reais.<\/p>\n\n\n\n<figure class=\"wp-block-image size-full\"><img loading=\"lazy\" decoding=\"async\" width=\"846\" height=\"564\" src=\"http:\/\/www.gaveanews.com\/wp-content\/uploads\/rodrygo-real-madrid.webp\" alt=\"\" class=\"wp-image-94011\" srcset=\"https:\/\/www.gaveanews.com\/wp-content\/uploads\/rodrygo-real-madrid.webp 846w, https:\/\/www.gaveanews.com\/wp-content\/uploads\/rodrygo-real-madrid-300x200.webp 300w, https:\/\/www.gaveanews.com\/wp-content\/uploads\/rodrygo-real-madrid-768x512.webp 768w, https:\/\/www.gaveanews.com\/wp-content\/uploads\/rodrygo-real-madrid-630x420.webp 630w, https:\/\/www.gaveanews.com\/wp-content\/uploads\/rodrygo-real-madrid-640x427.webp 640w, https:\/\/www.gaveanews.com\/wp-content\/uploads\/rodrygo-real-madrid-681x454.webp 681w, https:\/\/www.gaveanews.com\/wp-content\/uploads\/rodrygo-real-madrid-100x67.webp 100w\" sizes=\"auto, (max-width: 846px) 100vw, 846px\" \/><figcaption class=\"wp-element-caption\">Rodrygo em a\u00e7\u00e3o pelo Real Madrid no Mundial de Clubes (Foto: KHALED DESOUKI\/AFP)<\/figcaption><\/figure>\n\n\n\n<h2 class=\"wp-block-heading\" id=\"h-vini-jr\">Vini Jr<\/h2>\n\n\n\n<p>Vini Jr \u00e9 o primeiro da lista sendo o atacante mais valioso do mundo. O atleta da Real Madrid, da Espanha, tem valor de mercado na casa dos 200 milh\u00f5es de euros, cerca de 1,2 bilh\u00e3o de reais.<\/p>\n\n\n\n<figure class=\"wp-block-image size-large\"><img loading=\"lazy\" decoding=\"async\" width=\"826\" height=\"1024\" src=\"http:\/\/www.gaveanews.com\/wp-content\/uploads\/Vini-Jr-posa-para-foto-apos-ser-campeao-da-Supercopa-da-Uefa-2024-826x1024.webp\" alt=\"\" class=\"wp-image-158699\" srcset=\"https:\/\/www.gaveanews.com\/wp-content\/uploads\/Vini-Jr-posa-para-foto-apos-ser-campeao-da-Supercopa-da-Uefa-2024-826x1024.webp 826w, https:\/\/www.gaveanews.com\/wp-content\/uploads\/Vini-Jr-posa-para-foto-apos-ser-campeao-da-Supercopa-da-Uefa-2024-242x300.webp 242w, https:\/\/www.gaveanews.com\/wp-content\/uploads\/Vini-Jr-posa-para-foto-apos-ser-campeao-da-Supercopa-da-Uefa-2024-768x952.webp 768w, https:\/\/www.gaveanews.com\/wp-content\/uploads\/Vini-Jr-posa-para-foto-apos-ser-campeao-da-Supercopa-da-Uefa-2024-1239x1536.webp 1239w, https:\/\/www.gaveanews.com\/wp-content\/uploads\/Vini-Jr-posa-para-foto-apos-ser-campeao-da-Supercopa-da-Uefa-2024-339x420.webp 339w, https:\/\/www.gaveanews.com\/wp-content\/uploads\/Vini-Jr-posa-para-foto-apos-ser-campeao-da-Supercopa-da-Uefa-2024-677x840.webp 677w, https:\/\/www.gaveanews.com\/wp-content\/uploads\/Vini-Jr-posa-para-foto-apos-ser-campeao-da-Supercopa-da-Uefa-2024-640x794.webp 640w, https:\/\/www.gaveanews.com\/wp-content\/uploads\/Vini-Jr-posa-para-foto-apos-ser-campeao-da-Supercopa-da-Uefa-2024-681x844.webp 681w, https:\/\/www.gaveanews.com\/wp-content\/uploads\/Vini-Jr-posa-para-foto-apos-ser-campeao-da-Supercopa-da-Uefa-2024-100x124.webp 100w, https:\/\/www.gaveanews.com\/wp-content\/uploads\/Vini-Jr-posa-para-foto-apos-ser-campeao-da-Supercopa-da-Uefa-2024.webp 1242w\" sizes=\"auto, (max-width: 826px) 100vw, 826px\" \/><figcaption class=\"wp-element-caption\">Vini Jr posa para foto ap\u00f3s ser campe\u00e3o da Supercopa da Uefa 2024 (Foto: Reprodu\u00e7\u00e3o\/Instagram)<\/figcaption><\/figure>\n\n\n\n<p><\/p>\n","protected":false},"excerpt":{"rendered":"<p>A primeira janela de transfer\u00eancias do ano j\u00e1 fechou com as equipes se refor\u00e7ando bastante. Os clubes aproveitaram para buscar pe\u00e7as que pudessem contribuir com o grupo, visando o bom desempenho em 2025. Al\u00e9m de um salto t\u00e9cnico das equipes, houve tamb\u00e9m um aumento do valor de cada plantel. Nesse cen\u00e1rio, o G\u00e1vea News elencou [&hellip;]<\/p>\n","protected":false},"author":29,"featured_media":131354,"comment_status":"open","ping_status":"closed","sticky":false,"template":"","format":"standard","meta":{"footnotes":""},"categories":[91,87,479,84,150,88,486],"tags":[],"class_list":["post-243798","post","type-post","status-publish","format-standard","has-post-thumbnail","hentry","category-arsenal","category-barcelona","category-brighton-hove-albion","category-manchester-city","category-palmeiras","category-real-madrid","category-wolverhampton"],"yoast_head":"<!-- This site is optimized with the Yoast SEO Premium plugin v24.2 (Yoast SEO v26.9) - https:\/\/yoast.com\/product\/yoast-seo-premium-wordpress\/ -->\n<title>Vini Jr, Rodrygo, Raphinha, Gabriel Martinelli, Savinho, Matheus Cunha, Jo\u00e3o Pedro, Est\u00eav\u00e3o, Endrick e Gabriel Jesus: os atacantes brasileiros mais valiosos do mundo<\/title>\n<meta name=\"robots\" content=\"index, follow, max-snippet:-1, max-image-preview:large, max-video-preview:-1\" \/>\n<link rel=\"canonical\" href=\"https:\/\/www.gaveanews.com\/index.php\/2025\/03\/24\/vini-jr-rodrygo-raphinha-gabriel-martinelli-savinho-matheus-cunha-joao-pedro-estevao-endrick-e-gabriel-jesus-os-atacantes-brasileiros-mais-valiosos-do-mundo\/\" \/>\n<meta property=\"og:locale\" content=\"pt_BR\" \/>\n<meta property=\"og:type\" content=\"article\" \/>\n<meta property=\"og:title\" content=\"Vini Jr, Rodrygo, Raphinha, Gabriel Martinelli, Savinho, Matheus Cunha, Jo\u00e3o Pedro, Est\u00eav\u00e3o, Endrick e Gabriel Jesus: os atacantes brasileiros mais valiosos do mundo\" \/>\n<meta property=\"og:description\" content=\"A primeira janela de transfer\u00eancias do ano j\u00e1 fechou com as equipes se refor\u00e7ando bastante. Os clubes aproveitaram para buscar pe\u00e7as que pudessem contribuir com o grupo, visando o bom desempenho em 2025. Al\u00e9m de um salto t\u00e9cnico das equipes, houve tamb\u00e9m um aumento do valor de cada plantel. Nesse cen\u00e1rio, o G\u00e1vea News elencou [&hellip;]\" \/>\n<meta property=\"og:url\" content=\"https:\/\/www.gaveanews.com\/index.php\/2025\/03\/24\/vini-jr-rodrygo-raphinha-gabriel-martinelli-savinho-matheus-cunha-joao-pedro-estevao-endrick-e-gabriel-jesus-os-atacantes-brasileiros-mais-valiosos-do-mundo\/\" \/>\n<meta property=\"og:site_name\" content=\"G\u00e1vea News\" \/>\n<meta property=\"article:publisher\" content=\"https:\/\/facebook.com\/gaveaNews\/\" \/>\n<meta property=\"article:published_time\" content=\"2025-03-24T14:45:00+00:00\" \/>\n<meta property=\"og:image\" content=\"https:\/\/www.gaveanews.com\/wp-content\/uploads\/vinicius-junior-hat-trick-real-madrid-barcelona.webp\" \/>\n\t<meta property=\"og:image:width\" content=\"1080\" \/>\n\t<meta property=\"og:image:height\" content=\"607\" \/>\n\t<meta property=\"og:image:type\" content=\"image\/webp\" \/>\n<meta name=\"author\" content=\"Marco Menezes\" \/>\n<meta name=\"twitter:card\" content=\"summary_large_image\" \/>\n<meta name=\"twitter:label1\" content=\"Escrito por\" \/>\n\t<meta name=\"twitter:data1\" content=\"Marco Menezes\" \/>\n\t<meta name=\"twitter:label2\" content=\"Est. tempo de leitura\" \/>\n\t<meta name=\"twitter:data2\" content=\"6 minutos\" \/>\n<script type=\"application\/ld+json\" class=\"yoast-schema-graph\">{\"@context\":\"https:\/\/schema.org\",\"@graph\":[{\"@type\":\"NewsArticle\",\"@id\":\"https:\/\/www.gaveanews.com\/index.php\/2025\/03\/24\/vini-jr-rodrygo-raphinha-gabriel-martinelli-savinho-matheus-cunha-joao-pedro-estevao-endrick-e-gabriel-jesus-os-atacantes-brasileiros-mais-valiosos-do-mundo\/#article\",\"isPartOf\":{\"@id\":\"https:\/\/www.gaveanews.com\/index.php\/2025\/03\/24\/vini-jr-rodrygo-raphinha-gabriel-martinelli-savinho-matheus-cunha-joao-pedro-estevao-endrick-e-gabriel-jesus-os-atacantes-brasileiros-mais-valiosos-do-mundo\/\"},\"author\":{\"name\":\"Marco Menezes\",\"@id\":\"https:\/\/www.gaveanews.com\/#\/schema\/person\/a9f62fe75380c6bada1b2fc49bc23d69\"},\"headline\":\"Vini Jr, Rodrygo, Raphinha, Gabriel Martinelli, Savinho, Matheus Cunha, Jo\u00e3o Pedro, Est\u00eav\u00e3o, Endrick e Gabriel Jesus: os atacantes brasileiros mais valiosos do mundo\",\"datePublished\":\"2025-03-24T14:45:00+00:00\",\"mainEntityOfPage\":{\"@id\":\"https:\/\/www.gaveanews.com\/index.php\/2025\/03\/24\/vini-jr-rodrygo-raphinha-gabriel-martinelli-savinho-matheus-cunha-joao-pedro-estevao-endrick-e-gabriel-jesus-os-atacantes-brasileiros-mais-valiosos-do-mundo\/\"},\"wordCount\":578,\"commentCount\":0,\"image\":{\"@id\":\"https:\/\/www.gaveanews.com\/index.php\/2025\/03\/24\/vini-jr-rodrygo-raphinha-gabriel-martinelli-savinho-matheus-cunha-joao-pedro-estevao-endrick-e-gabriel-jesus-os-atacantes-brasileiros-mais-valiosos-do-mundo\/#primaryimage\"},\"thumbnailUrl\":\"https:\/\/www.gaveanews.com\/wp-content\/uploads\/vinicius-junior-hat-trick-real-madrid-barcelona.webp\",\"articleSection\":[\"Arsenal\",\"Barcelona\",\"Brighton &amp; Hove Albion\",\"Manchester City\",\"Palmeiras\",\"Real Madrid\",\"Wolverhampton\"],\"inLanguage\":\"pt-BR\",\"potentialAction\":[{\"@type\":\"CommentAction\",\"name\":\"Comment\",\"target\":[\"https:\/\/www.gaveanews.com\/index.php\/2025\/03\/24\/vini-jr-rodrygo-raphinha-gabriel-martinelli-savinho-matheus-cunha-joao-pedro-estevao-endrick-e-gabriel-jesus-os-atacantes-brasileiros-mais-valiosos-do-mundo\/#respond\"]}],\"copyrightYear\":\"2025\",\"copyrightHolder\":{\"@id\":\"https:\/\/www.gaveanews.com\/#organization\"}},{\"@type\":\"WebPage\",\"@id\":\"https:\/\/www.gaveanews.com\/index.php\/2025\/03\/24\/vini-jr-rodrygo-raphinha-gabriel-martinelli-savinho-matheus-cunha-joao-pedro-estevao-endrick-e-gabriel-jesus-os-atacantes-brasileiros-mais-valiosos-do-mundo\/\",\"url\":\"https:\/\/www.gaveanews.com\/index.php\/2025\/03\/24\/vini-jr-rodrygo-raphinha-gabriel-martinelli-savinho-matheus-cunha-joao-pedro-estevao-endrick-e-gabriel-jesus-os-atacantes-brasileiros-mais-valiosos-do-mundo\/\",\"name\":\"Vini Jr, Rodrygo, Raphinha, Gabriel Martinelli, Savinho, Matheus Cunha, Jo\u00e3o Pedro, Est\u00eav\u00e3o, Endrick e Gabriel Jesus: os atacantes brasileiros mais valiosos do mundo\",\"isPartOf\":{\"@id\":\"https:\/\/www.gaveanews.com\/#website\"},\"primaryImageOfPage\":{\"@id\":\"https:\/\/www.gaveanews.com\/index.php\/2025\/03\/24\/vini-jr-rodrygo-raphinha-gabriel-martinelli-savinho-matheus-cunha-joao-pedro-estevao-endrick-e-gabriel-jesus-os-atacantes-brasileiros-mais-valiosos-do-mundo\/#primaryimage\"},\"image\":{\"@id\":\"https:\/\/www.gaveanews.com\/index.php\/2025\/03\/24\/vini-jr-rodrygo-raphinha-gabriel-martinelli-savinho-matheus-cunha-joao-pedro-estevao-endrick-e-gabriel-jesus-os-atacantes-brasileiros-mais-valiosos-do-mundo\/#primaryimage\"},\"thumbnailUrl\":\"https:\/\/www.gaveanews.com\/wp-content\/uploads\/vinicius-junior-hat-trick-real-madrid-barcelona.webp\",\"datePublished\":\"2025-03-24T14:45:00+00:00\",\"author\":{\"@id\":\"https:\/\/www.gaveanews.com\/#\/schema\/person\/a9f62fe75380c6bada1b2fc49bc23d69\"},\"breadcrumb\":{\"@id\":\"https:\/\/www.gaveanews.com\/index.php\/2025\/03\/24\/vini-jr-rodrygo-raphinha-gabriel-martinelli-savinho-matheus-cunha-joao-pedro-estevao-endrick-e-gabriel-jesus-os-atacantes-brasileiros-mais-valiosos-do-mundo\/#breadcrumb\"},\"inLanguage\":\"pt-BR\",\"potentialAction\":[{\"@type\":\"ReadAction\",\"target\":[\"https:\/\/www.gaveanews.com\/index.php\/2025\/03\/24\/vini-jr-rodrygo-raphinha-gabriel-martinelli-savinho-matheus-cunha-joao-pedro-estevao-endrick-e-gabriel-jesus-os-atacantes-brasileiros-mais-valiosos-do-mundo\/\"]}]},{\"@type\":\"ImageObject\",\"inLanguage\":\"pt-BR\",\"@id\":\"https:\/\/www.gaveanews.com\/index.php\/2025\/03\/24\/vini-jr-rodrygo-raphinha-gabriel-martinelli-savinho-matheus-cunha-joao-pedro-estevao-endrick-e-gabriel-jesus-os-atacantes-brasileiros-mais-valiosos-do-mundo\/#primaryimage\",\"url\":\"https:\/\/www.gaveanews.com\/wp-content\/uploads\/vinicius-junior-hat-trick-real-madrid-barcelona.webp\",\"contentUrl\":\"https:\/\/www.gaveanews.com\/wp-content\/uploads\/vinicius-junior-hat-trick-real-madrid-barcelona.webp\",\"width\":1080,\"height\":607,\"caption\":\"Vin\u00edcius J\u00fanior ao comemorar gol marcado contra o Barcelona (Foto: Reprodu\u00e7\u00e3o\/Real Madrid)\"},{\"@type\":\"BreadcrumbList\",\"@id\":\"https:\/\/www.gaveanews.com\/index.php\/2025\/03\/24\/vini-jr-rodrygo-raphinha-gabriel-martinelli-savinho-matheus-cunha-joao-pedro-estevao-endrick-e-gabriel-jesus-os-atacantes-brasileiros-mais-valiosos-do-mundo\/#breadcrumb\",\"itemListElement\":[{\"@type\":\"ListItem\",\"position\":1,\"name\":\"Home\",\"item\":\"https:\/\/www.gaveanews.com\/\"},{\"@type\":\"ListItem\",\"position\":2,\"name\":\"Vini Jr, Rodrygo, Raphinha, Gabriel Martinelli, Savinho, Matheus Cunha, Jo\u00e3o Pedro, Est\u00eav\u00e3o, Endrick e Gabriel Jesus: os atacantes brasileiros mais valiosos do mundo\"}]},{\"@type\":\"WebSite\",\"@id\":\"https:\/\/www.gaveanews.com\/#website\",\"url\":\"https:\/\/www.gaveanews.com\/\",\"name\":\"G\u00e1vea News\",\"description\":\"Veja todas as not\u00edcias sobre o Flamengo: Contrata\u00e7\u00f5es, categorias de base, resultados das partidas, tabela de classifica\u00e7\u00e3o, pr\u00f3ximos jogos!\",\"potentialAction\":[{\"@type\":\"SearchAction\",\"target\":{\"@type\":\"EntryPoint\",\"urlTemplate\":\"https:\/\/www.gaveanews.com\/?s={search_term_string}\"},\"query-input\":{\"@type\":\"PropertyValueSpecification\",\"valueRequired\":true,\"valueName\":\"search_term_string\"}}],\"inLanguage\":\"pt-BR\"},{\"@type\":\"Person\",\"@id\":\"https:\/\/www.gaveanews.com\/#\/schema\/person\/a9f62fe75380c6bada1b2fc49bc23d69\",\"name\":\"Marco Menezes\",\"image\":{\"@type\":\"ImageObject\",\"inLanguage\":\"pt-BR\",\"@id\":\"https:\/\/www.gaveanews.com\/#\/schema\/person\/image\/\",\"url\":\"https:\/\/secure.gravatar.com\/avatar\/a1d148ae17fc8bfc5dbccffd07979e8bd2c9ba494221779de86ec2c7907b71ec?s=96&d=mm&r=g\",\"contentUrl\":\"https:\/\/secure.gravatar.com\/avatar\/a1d148ae17fc8bfc5dbccffd07979e8bd2c9ba494221779de86ec2c7907b71ec?s=96&d=mm&r=g\",\"caption\":\"Marco Menezes\"}}]}<\/script>\n<!-- \/ Yoast SEO Premium plugin. -->","yoast_head_json":{"title":"Vini Jr, Rodrygo, Raphinha, Gabriel Martinelli, Savinho, Matheus Cunha, Jo\u00e3o Pedro, Est\u00eav\u00e3o, Endrick e Gabriel Jesus: os atacantes brasileiros mais valiosos do mundo","robots":{"index":"index","follow":"follow","max-snippet":"max-snippet:-1","max-image-preview":"max-image-preview:large","max-video-preview":"max-video-preview:-1"},"canonical":"https:\/\/www.gaveanews.com\/index.php\/2025\/03\/24\/vini-jr-rodrygo-raphinha-gabriel-martinelli-savinho-matheus-cunha-joao-pedro-estevao-endrick-e-gabriel-jesus-os-atacantes-brasileiros-mais-valiosos-do-mundo\/","og_locale":"pt_BR","og_type":"article","og_title":"Vini Jr, Rodrygo, Raphinha, Gabriel Martinelli, Savinho, Matheus Cunha, Jo\u00e3o Pedro, Est\u00eav\u00e3o, Endrick e Gabriel Jesus: os atacantes brasileiros mais valiosos do mundo","og_description":"A primeira janela de transfer\u00eancias do ano j\u00e1 fechou com as equipes se refor\u00e7ando bastante. Os clubes aproveitaram para buscar pe\u00e7as que pudessem contribuir com o grupo, visando o bom desempenho em 2025. Al\u00e9m de um salto t\u00e9cnico das equipes, houve tamb\u00e9m um aumento do valor de cada plantel. Nesse cen\u00e1rio, o G\u00e1vea News elencou [&hellip;]","og_url":"https:\/\/www.gaveanews.com\/index.php\/2025\/03\/24\/vini-jr-rodrygo-raphinha-gabriel-martinelli-savinho-matheus-cunha-joao-pedro-estevao-endrick-e-gabriel-jesus-os-atacantes-brasileiros-mais-valiosos-do-mundo\/","og_site_name":"G\u00e1vea News","article_publisher":"https:\/\/facebook.com\/gaveaNews\/","article_published_time":"2025-03-24T14:45:00+00:00","og_image":[{"width":1080,"height":607,"url":"https:\/\/www.gaveanews.com\/wp-content\/uploads\/vinicius-junior-hat-trick-real-madrid-barcelona.webp","type":"image\/webp"}],"author":"Marco Menezes","twitter_card":"summary_large_image","twitter_misc":{"Escrito por":"Marco Menezes","Est. tempo de leitura":"6 minutos"},"schema":{"@context":"https:\/\/schema.org","@graph":[{"@type":"NewsArticle","@id":"https:\/\/www.gaveanews.com\/index.php\/2025\/03\/24\/vini-jr-rodrygo-raphinha-gabriel-martinelli-savinho-matheus-cunha-joao-pedro-estevao-endrick-e-gabriel-jesus-os-atacantes-brasileiros-mais-valiosos-do-mundo\/#article","isPartOf":{"@id":"https:\/\/www.gaveanews.com\/index.php\/2025\/03\/24\/vini-jr-rodrygo-raphinha-gabriel-martinelli-savinho-matheus-cunha-joao-pedro-estevao-endrick-e-gabriel-jesus-os-atacantes-brasileiros-mais-valiosos-do-mundo\/"},"author":{"name":"Marco Menezes","@id":"https:\/\/www.gaveanews.com\/#\/schema\/person\/a9f62fe75380c6bada1b2fc49bc23d69"},"headline":"Vini Jr, Rodrygo, Raphinha, Gabriel Martinelli, Savinho, Matheus Cunha, Jo\u00e3o Pedro, Est\u00eav\u00e3o, Endrick e Gabriel Jesus: os atacantes brasileiros mais valiosos do mundo","datePublished":"2025-03-24T14:45:00+00:00","mainEntityOfPage":{"@id":"https:\/\/www.gaveanews.com\/index.php\/2025\/03\/24\/vini-jr-rodrygo-raphinha-gabriel-martinelli-savinho-matheus-cunha-joao-pedro-estevao-endrick-e-gabriel-jesus-os-atacantes-brasileiros-mais-valiosos-do-mundo\/"},"wordCount":578,"commentCount":0,"image":{"@id":"https:\/\/www.gaveanews.com\/index.php\/2025\/03\/24\/vini-jr-rodrygo-raphinha-gabriel-martinelli-savinho-matheus-cunha-joao-pedro-estevao-endrick-e-gabriel-jesus-os-atacantes-brasileiros-mais-valiosos-do-mundo\/#primaryimage"},"thumbnailUrl":"https:\/\/www.gaveanews.com\/wp-content\/uploads\/vinicius-junior-hat-trick-real-madrid-barcelona.webp","articleSection":["Arsenal","Barcelona","Brighton &amp; Hove Albion","Manchester City","Palmeiras","Real Madrid","Wolverhampton"],"inLanguage":"pt-BR","potentialAction":[{"@type":"CommentAction","name":"Comment","target":["https:\/\/www.gaveanews.com\/index.php\/2025\/03\/24\/vini-jr-rodrygo-raphinha-gabriel-martinelli-savinho-matheus-cunha-joao-pedro-estevao-endrick-e-gabriel-jesus-os-atacantes-brasileiros-mais-valiosos-do-mundo\/#respond"]}],"copyrightYear":"2025","copyrightHolder":{"@id":"https:\/\/www.gaveanews.com\/#organization"}},{"@type":"WebPage","@id":"https:\/\/www.gaveanews.com\/index.php\/2025\/03\/24\/vini-jr-rodrygo-raphinha-gabriel-martinelli-savinho-matheus-cunha-joao-pedro-estevao-endrick-e-gabriel-jesus-os-atacantes-brasileiros-mais-valiosos-do-mundo\/","url":"https:\/\/www.gaveanews.com\/index.php\/2025\/03\/24\/vini-jr-rodrygo-raphinha-gabriel-martinelli-savinho-matheus-cunha-joao-pedro-estevao-endrick-e-gabriel-jesus-os-atacantes-brasileiros-mais-valiosos-do-mundo\/","name":"Vini Jr, Rodrygo, Raphinha, Gabriel Martinelli, Savinho, Matheus Cunha, Jo\u00e3o Pedro, Est\u00eav\u00e3o, Endrick e Gabriel Jesus: os atacantes brasileiros mais valiosos do mundo","isPartOf":{"@id":"https:\/\/www.gaveanews.com\/#website"},"primaryImageOfPage":{"@id":"https:\/\/www.gaveanews.com\/index.php\/2025\/03\/24\/vini-jr-rodrygo-raphinha-gabriel-martinelli-savinho-matheus-cunha-joao-pedro-estevao-endrick-e-gabriel-jesus-os-atacantes-brasileiros-mais-valiosos-do-mundo\/#primaryimage"},"image":{"@id":"https:\/\/www.gaveanews.com\/index.php\/2025\/03\/24\/vini-jr-rodrygo-raphinha-gabriel-martinelli-savinho-matheus-cunha-joao-pedro-estevao-endrick-e-gabriel-jesus-os-atacantes-brasileiros-mais-valiosos-do-mundo\/#primaryimage"},"thumbnailUrl":"https:\/\/www.gaveanews.com\/wp-content\/uploads\/vinicius-junior-hat-trick-real-madrid-barcelona.webp","datePublished":"2025-03-24T14:45:00+00:00","author":{"@id":"https:\/\/www.gaveanews.com\/#\/schema\/person\/a9f62fe75380c6bada1b2fc49bc23d69"},"breadcrumb":{"@id":"https:\/\/www.gaveanews.com\/index.php\/2025\/03\/24\/vini-jr-rodrygo-raphinha-gabriel-martinelli-savinho-matheus-cunha-joao-pedro-estevao-endrick-e-gabriel-jesus-os-atacantes-brasileiros-mais-valiosos-do-mundo\/#breadcrumb"},"inLanguage":"pt-BR","potentialAction":[{"@type":"ReadAction","target":["https:\/\/www.gaveanews.com\/index.php\/2025\/03\/24\/vini-jr-rodrygo-raphinha-gabriel-martinelli-savinho-matheus-cunha-joao-pedro-estevao-endrick-e-gabriel-jesus-os-atacantes-brasileiros-mais-valiosos-do-mundo\/"]}]},{"@type":"ImageObject","inLanguage":"pt-BR","@id":"https:\/\/www.gaveanews.com\/index.php\/2025\/03\/24\/vini-jr-rodrygo-raphinha-gabriel-martinelli-savinho-matheus-cunha-joao-pedro-estevao-endrick-e-gabriel-jesus-os-atacantes-brasileiros-mais-valiosos-do-mundo\/#primaryimage","url":"https:\/\/www.gaveanews.com\/wp-content\/uploads\/vinicius-junior-hat-trick-real-madrid-barcelona.webp","contentUrl":"https:\/\/www.gaveanews.com\/wp-content\/uploads\/vinicius-junior-hat-trick-real-madrid-barcelona.webp","width":1080,"height":607,"caption":"Vin\u00edcius J\u00fanior ao comemorar gol marcado contra o Barcelona (Foto: Reprodu\u00e7\u00e3o\/Real Madrid)"},{"@type":"BreadcrumbList","@id":"https:\/\/www.gaveanews.com\/index.php\/2025\/03\/24\/vini-jr-rodrygo-raphinha-gabriel-martinelli-savinho-matheus-cunha-joao-pedro-estevao-endrick-e-gabriel-jesus-os-atacantes-brasileiros-mais-valiosos-do-mundo\/#breadcrumb","itemListElement":[{"@type":"ListItem","position":1,"name":"Home","item":"https:\/\/www.gaveanews.com\/"},{"@type":"ListItem","position":2,"name":"Vini Jr, Rodrygo, Raphinha, Gabriel Martinelli, Savinho, Matheus Cunha, Jo\u00e3o Pedro, Est\u00eav\u00e3o, Endrick e Gabriel Jesus: os atacantes brasileiros mais valiosos do mundo"}]},{"@type":"WebSite","@id":"https:\/\/www.gaveanews.com\/#website","url":"https:\/\/www.gaveanews.com\/","name":"G\u00e1vea News","description":"Veja todas as not\u00edcias sobre o Flamengo: Contrata\u00e7\u00f5es, categorias de base, resultados das partidas, tabela de classifica\u00e7\u00e3o, pr\u00f3ximos jogos!","potentialAction":[{"@type":"SearchAction","target":{"@type":"EntryPoint","urlTemplate":"https:\/\/www.gaveanews.com\/?s={search_term_string}"},"query-input":{"@type":"PropertyValueSpecification","valueRequired":true,"valueName":"search_term_string"}}],"inLanguage":"pt-BR"},{"@type":"Person","@id":"https:\/\/www.gaveanews.com\/#\/schema\/person\/a9f62fe75380c6bada1b2fc49bc23d69","name":"Marco Menezes","image":{"@type":"ImageObject","inLanguage":"pt-BR","@id":"https:\/\/www.gaveanews.com\/#\/schema\/person\/image\/","url":"https:\/\/secure.gravatar.com\/avatar\/a1d148ae17fc8bfc5dbccffd07979e8bd2c9ba494221779de86ec2c7907b71ec?s=96&d=mm&r=g","contentUrl":"https:\/\/secure.gravatar.com\/avatar\/a1d148ae17fc8bfc5dbccffd07979e8bd2c9ba494221779de86ec2c7907b71ec?s=96&d=mm&r=g","caption":"Marco Menezes"}}]}},"_links":{"self":[{"href":"https:\/\/www.gaveanews.com\/index.php\/wp-json\/wp\/v2\/posts\/243798","targetHints":{"allow":["GET"]}}],"collection":[{"href":"https:\/\/www.gaveanews.com\/index.php\/wp-json\/wp\/v2\/posts"}],"about":[{"href":"https:\/\/www.gaveanews.com\/index.php\/wp-json\/wp\/v2\/types\/post"}],"author":[{"embeddable":true,"href":"https:\/\/www.gaveanews.com\/index.php\/wp-json\/wp\/v2\/users\/29"}],"replies":[{"embeddable":true,"href":"https:\/\/www.gaveanews.com\/index.php\/wp-json\/wp\/v2\/comments?post=243798"}],"version-history":[{"count":1,"href":"https:\/\/www.gaveanews.com\/index.php\/wp-json\/wp\/v2\/posts\/243798\/revisions"}],"predecessor-version":[{"id":243799,"href":"https:\/\/www.gaveanews.com\/index.php\/wp-json\/wp\/v2\/posts\/243798\/revisions\/243799"}],"wp:featuredmedia":[{"embeddable":true,"href":"https:\/\/www.gaveanews.com\/index.php\/wp-json\/wp\/v2\/media\/131354"}],"wp:attachment":[{"href":"https:\/\/www.gaveanews.com\/index.php\/wp-json\/wp\/v2\/media?parent=243798"}],"wp:term":[{"taxonomy":"category","embeddable":true,"href":"https:\/\/www.gaveanews.com\/index.php\/wp-json\/wp\/v2\/categories?post=243798"},{"taxonomy":"post_tag","embeddable":true,"href":"https:\/\/www.gaveanews.com\/index.php\/wp-json\/wp\/v2\/tags?post=243798"}],"curies":[{"name":"wp","href":"https:\/\/api.w.org\/{rel}","templated":true}]}}