{"id":243862,"date":"2025-03-24T12:10:00","date_gmt":"2025-03-24T15:10:00","guid":{"rendered":"https:\/\/www.gaveanews.com\/?p=243862"},"modified":"2025-03-24T10:33:15","modified_gmt":"2025-03-24T13:33:15","slug":"a-declaracao-de-cuello-direcionada-a-hulk-do-atletico-mg","status":"publish","type":"post","link":"https:\/\/www.gaveanews.com\/index.php\/2025\/03\/24\/a-declaracao-de-cuello-direcionada-a-hulk-do-atletico-mg\/","title":{"rendered":"A declara\u00e7\u00e3o de Cuello direcionada a Hulk, do Atl\u00e9tico-MG"},"content":{"rendered":"\n<p>O atacante argentino Cuello rapidamente consolida-se como figura central no elenco do Atl\u00e9tico, desde sua chegada no in\u00edcio de 2025. O jogador, proveniente do Athletico-PR, acumula n\u00fameros expressivos e participa\u00e7\u00e3o decisiva em campo.<\/p>\n\n\n\n<p>Em dez partidas, Cuello j\u00e1 deixou sua marca com dois gols e tr\u00eas assist\u00eancias. Ademais, sua atua\u00e7\u00e3o foi fundamental para a conquista do hexacampeonato Mineiro pelo Atl\u00e9tico neste ano, demonstrando a import\u00e2ncia do atleta no esquema t\u00e1tico.<\/p>\n\n\n\n<p>Em entrevista concedida ao jornal argentino Ol\u00e9, Cuello compartilhou suas impress\u00f5es sobre o in\u00edcio promissor no Galo. Assim, o jogador enfatizou a influ\u00eancia do t\u00e9cnico Cuca, tanto nas negocia\u00e7\u00f5es para sua contrata\u00e7\u00e3o, quanto no seu rendimento em campo.<\/p>\n\n\n\n<h2 class=\"wp-block-heading\" id=\"h-influencia-de-cuca\">Influ\u00eancia de Cuca <\/h2>\n\n\n\n<p>&#8220;Cuca me deu confian\u00e7a para vir, para ser titular&#8221;, revelou Cuello. O treinador, que trabalhou com o atacante no Athletico-PR em 2024, incentiva um estilo de jogo agressivo. &#8220;Ele sempre me pede para ser agressivo, para enfrentar quando tenho algo para enfrentar, para chegar ao objetivo&#8221;, acrescentou. Desse modo, Cuca tamb\u00e9m orienta o ponta a buscar constantemente o gol, a assist\u00eancia e a presen\u00e7a na \u00e1rea, acompanhando as jogadas ofensivas.<\/p>\n\n\n\n<p>Ademais, Cuello tamb\u00e9m comentou sobre a r\u00e1pida adapta\u00e7\u00e3o ao time titular. &#8220;Desde que cheguei, tive minutos e, em pouco tempo, conquistei a posi\u00e7\u00e3o&#8221;, afirmou. O jogador ressaltou a import\u00e2ncia de continuar evoluindo e trabalhando para manter o crescimento.<\/p>\n\n\n\n<h2 class=\"wp-block-heading\" id=\"h-parceria-com-hulk\">Parceria com Hulk<\/h2>\n\n\n\n<p>Al\u00e9m disso, o atacante argentino n\u00e3o poupou elogios ao companheiro de equipe Hulk, a quem considera &#8220;o melhor do Brasil&#8221;. Cuello revelou que recebe conselhos do experiente jogador, especialmente sobre a import\u00e2ncia das tabelas e do posicionamento em campo.<\/p>\n\n\n\n<p>&#8220;Ele sempre me diz para fazer tabelas&#8221;, comentou Cuello, referindo-se ao termo usado no Brasil para trocas r\u00e1pidas de passes. &#8220;Ele sempre me diz que, dependendo do movimento que faz, sempre olhe para ele antes de dar o passe&#8221;, detalhou, mostrando a sintonia entre os dois.<\/p>\n\n\n\n<figure class=\"wp-block-image size-large\"><img loading=\"lazy\" decoding=\"async\" width=\"1024\" height=\"822\" src=\"http:\/\/www.gaveanews.com\/wp-content\/uploads\/Hulk-em-acao-pelo-Atletico-MG-1024x822.webp\" alt=\"\" class=\"wp-image-183983\" srcset=\"https:\/\/www.gaveanews.com\/wp-content\/uploads\/Hulk-em-acao-pelo-Atletico-MG-1024x822.webp 1024w, https:\/\/www.gaveanews.com\/wp-content\/uploads\/Hulk-em-acao-pelo-Atletico-MG-300x241.webp 300w, https:\/\/www.gaveanews.com\/wp-content\/uploads\/Hulk-em-acao-pelo-Atletico-MG-768x616.webp 768w, https:\/\/www.gaveanews.com\/wp-content\/uploads\/Hulk-em-acao-pelo-Atletico-MG-523x420.webp 523w, https:\/\/www.gaveanews.com\/wp-content\/uploads\/Hulk-em-acao-pelo-Atletico-MG-1046x840.webp 1046w, https:\/\/www.gaveanews.com\/wp-content\/uploads\/Hulk-em-acao-pelo-Atletico-MG-640x514.webp 640w, https:\/\/www.gaveanews.com\/wp-content\/uploads\/Hulk-em-acao-pelo-Atletico-MG-1280x1027.webp 1280w, https:\/\/www.gaveanews.com\/wp-content\/uploads\/Hulk-em-acao-pelo-Atletico-MG-681x547.webp 681w, https:\/\/www.gaveanews.com\/wp-content\/uploads\/Hulk-em-acao-pelo-Atletico-MG-100x80.webp 100w, https:\/\/www.gaveanews.com\/wp-content\/uploads\/Hulk-em-acao-pelo-Atletico-MG.webp 1328w\" sizes=\"auto, (max-width: 1024px) 100vw, 1024px\" \/><figcaption class=\"wp-element-caption\">Hulk em a\u00e7\u00e3o pelo Atl\u00e9tico-MG (Foto: Pedro Souza\/Atletico)\n<\/figcaption><\/figure>\n\n\n\n<p>Cuello expressou admira\u00e7\u00e3o pela intelig\u00eancia e capacidade f\u00edsica de Hulk, mesmo aos 38 anos. &#8220;\u00c9 um jogador que, apesar da idade, al\u00e9m da for\u00e7a f\u00edsica, possui uma vasta experi\u00eancia&#8221;, observou. A parceria entre os dois, segundo Cuello, tem sido produtiva desde o in\u00edcio. &#8220;A verdade \u00e9 que, desde o primeiro dia que cheguei, nos entendemos muito bem&#8221;, concluiu.<\/p>\n\n\n\n<p>Com contrato assinado at\u00e9 2028, Cuello consolidou-se como titular no ataque do Atl\u00e9tico sob o comando de Cuca. Sendo assim, o jogador enfrentar\u00e1, ao longo da temporada, os desafios da S\u00e9rie A do Campeonato Brasileiro, da Copa Sul-Americana e da Copa do Brasil, na qual o time j\u00e1 alcan\u00e7ou a terceira fase.<\/p>\n","protected":false},"excerpt":{"rendered":"<p>O atacante argentino Cuello rapidamente consolida-se como figura central no elenco do Atl\u00e9tico, desde sua chegada no in\u00edcio de 2025. O jogador, proveniente do Athletico-PR, acumula n\u00fameros expressivos e participa\u00e7\u00e3o decisiva em campo. Em dez partidas, Cuello j\u00e1 deixou sua marca com dois gols e tr\u00eas assist\u00eancias. Ademais, sua atua\u00e7\u00e3o foi fundamental para a conquista [&hellip;]<\/p>\n","protected":false},"author":28,"featured_media":223423,"comment_status":"open","ping_status":"closed","sticky":false,"template":"","format":"standard","meta":{"footnotes":""},"categories":[136],"tags":[],"class_list":["post-243862","post","type-post","status-publish","format-standard","has-post-thumbnail","hentry","category-atletico-mg"],"yoast_head":"<!-- This site is optimized with the Yoast SEO Premium plugin v24.2 (Yoast SEO v26.9) - https:\/\/yoast.com\/product\/yoast-seo-premium-wordpress\/ -->\n<title>A declara\u00e7\u00e3o de Cuello direcionada a Hulk, do Atl\u00e9tico-MG<\/title>\n<meta name=\"robots\" content=\"index, follow, max-snippet:-1, max-image-preview:large, max-video-preview:-1\" \/>\n<link rel=\"canonical\" href=\"https:\/\/www.gaveanews.com\/index.php\/2025\/03\/24\/a-declaracao-de-cuello-direcionada-a-hulk-do-atletico-mg\/\" \/>\n<meta property=\"og:locale\" content=\"pt_BR\" \/>\n<meta property=\"og:type\" content=\"article\" \/>\n<meta property=\"og:title\" content=\"A declara\u00e7\u00e3o de Cuello direcionada a Hulk, do Atl\u00e9tico-MG\" \/>\n<meta property=\"og:description\" content=\"O atacante argentino Cuello rapidamente consolida-se como figura central no elenco do Atl\u00e9tico, desde sua chegada no in\u00edcio de 2025. O jogador, proveniente do Athletico-PR, acumula n\u00fameros expressivos e participa\u00e7\u00e3o decisiva em campo. Em dez partidas, Cuello j\u00e1 deixou sua marca com dois gols e tr\u00eas assist\u00eancias. Ademais, sua atua\u00e7\u00e3o foi fundamental para a conquista [&hellip;]\" \/>\n<meta property=\"og:url\" content=\"https:\/\/www.gaveanews.com\/index.php\/2025\/03\/24\/a-declaracao-de-cuello-direcionada-a-hulk-do-atletico-mg\/\" \/>\n<meta property=\"og:site_name\" content=\"G\u00e1vea News\" \/>\n<meta property=\"article:publisher\" content=\"https:\/\/facebook.com\/gaveaNews\/\" \/>\n<meta property=\"article:published_time\" content=\"2025-03-24T15:10:00+00:00\" \/>\n<meta property=\"og:image\" content=\"https:\/\/www.gaveanews.com\/wp-content\/uploads\/Cuello-se-lesiona-no-Atletico-MG.webp\" \/>\n\t<meta property=\"og:image:width\" content=\"803\" \/>\n\t<meta property=\"og:image:height\" content=\"554\" \/>\n\t<meta property=\"og:image:type\" content=\"image\/jpeg\" \/>\n<meta name=\"author\" content=\"Hudson Pereira\" \/>\n<meta name=\"twitter:card\" content=\"summary_large_image\" \/>\n<meta name=\"twitter:label1\" content=\"Escrito por\" \/>\n\t<meta name=\"twitter:data1\" content=\"Hudson Pereira\" \/>\n\t<meta name=\"twitter:label2\" content=\"Est. tempo de leitura\" \/>\n\t<meta name=\"twitter:data2\" content=\"3 minutos\" \/>\n<script type=\"application\/ld+json\" class=\"yoast-schema-graph\">{\"@context\":\"https:\/\/schema.org\",\"@graph\":[{\"@type\":\"NewsArticle\",\"@id\":\"https:\/\/www.gaveanews.com\/index.php\/2025\/03\/24\/a-declaracao-de-cuello-direcionada-a-hulk-do-atletico-mg\/#article\",\"isPartOf\":{\"@id\":\"https:\/\/www.gaveanews.com\/index.php\/2025\/03\/24\/a-declaracao-de-cuello-direcionada-a-hulk-do-atletico-mg\/\"},\"author\":{\"name\":\"Hudson Pereira\",\"@id\":\"https:\/\/www.gaveanews.com\/#\/schema\/person\/bd08f00534b403119b92741a6d469ef0\"},\"headline\":\"A declara\u00e7\u00e3o de Cuello direcionada a Hulk, do Atl\u00e9tico-MG\",\"datePublished\":\"2025-03-24T15:10:00+00:00\",\"mainEntityOfPage\":{\"@id\":\"https:\/\/www.gaveanews.com\/index.php\/2025\/03\/24\/a-declaracao-de-cuello-direcionada-a-hulk-do-atletico-mg\/\"},\"wordCount\":474,\"commentCount\":0,\"image\":{\"@id\":\"https:\/\/www.gaveanews.com\/index.php\/2025\/03\/24\/a-declaracao-de-cuello-direcionada-a-hulk-do-atletico-mg\/#primaryimage\"},\"thumbnailUrl\":\"https:\/\/www.gaveanews.com\/wp-content\/uploads\/Cuello-se-lesiona-no-Atletico-MG.webp\",\"articleSection\":[\"Atl\u00e9tico-MG\"],\"inLanguage\":\"pt-BR\",\"potentialAction\":[{\"@type\":\"CommentAction\",\"name\":\"Comment\",\"target\":[\"https:\/\/www.gaveanews.com\/index.php\/2025\/03\/24\/a-declaracao-de-cuello-direcionada-a-hulk-do-atletico-mg\/#respond\"]}],\"copyrightYear\":\"2025\",\"copyrightHolder\":{\"@id\":\"https:\/\/www.gaveanews.com\/#organization\"}},{\"@type\":\"WebPage\",\"@id\":\"https:\/\/www.gaveanews.com\/index.php\/2025\/03\/24\/a-declaracao-de-cuello-direcionada-a-hulk-do-atletico-mg\/\",\"url\":\"https:\/\/www.gaveanews.com\/index.php\/2025\/03\/24\/a-declaracao-de-cuello-direcionada-a-hulk-do-atletico-mg\/\",\"name\":\"A declara\u00e7\u00e3o de Cuello direcionada a Hulk, do Atl\u00e9tico-MG\",\"isPartOf\":{\"@id\":\"https:\/\/www.gaveanews.com\/#website\"},\"primaryImageOfPage\":{\"@id\":\"https:\/\/www.gaveanews.com\/index.php\/2025\/03\/24\/a-declaracao-de-cuello-direcionada-a-hulk-do-atletico-mg\/#primaryimage\"},\"image\":{\"@id\":\"https:\/\/www.gaveanews.com\/index.php\/2025\/03\/24\/a-declaracao-de-cuello-direcionada-a-hulk-do-atletico-mg\/#primaryimage\"},\"thumbnailUrl\":\"https:\/\/www.gaveanews.com\/wp-content\/uploads\/Cuello-se-lesiona-no-Atletico-MG.webp\",\"datePublished\":\"2025-03-24T15:10:00+00:00\",\"author\":{\"@id\":\"https:\/\/www.gaveanews.com\/#\/schema\/person\/bd08f00534b403119b92741a6d469ef0\"},\"breadcrumb\":{\"@id\":\"https:\/\/www.gaveanews.com\/index.php\/2025\/03\/24\/a-declaracao-de-cuello-direcionada-a-hulk-do-atletico-mg\/#breadcrumb\"},\"inLanguage\":\"pt-BR\",\"potentialAction\":[{\"@type\":\"ReadAction\",\"target\":[\"https:\/\/www.gaveanews.com\/index.php\/2025\/03\/24\/a-declaracao-de-cuello-direcionada-a-hulk-do-atletico-mg\/\"]}]},{\"@type\":\"ImageObject\",\"inLanguage\":\"pt-BR\",\"@id\":\"https:\/\/www.gaveanews.com\/index.php\/2025\/03\/24\/a-declaracao-de-cuello-direcionada-a-hulk-do-atletico-mg\/#primaryimage\",\"url\":\"https:\/\/www.gaveanews.com\/wp-content\/uploads\/Cuello-se-lesiona-no-Atletico-MG.webp\",\"contentUrl\":\"https:\/\/www.gaveanews.com\/wp-content\/uploads\/Cuello-se-lesiona-no-Atletico-MG.webp\",\"width\":803,\"height\":554,\"caption\":\"Cuello se lesiona no Atl\u00e9tico-MG (Foto: Pedro Souza \/ Atl\u00e9tico)\"},{\"@type\":\"BreadcrumbList\",\"@id\":\"https:\/\/www.gaveanews.com\/index.php\/2025\/03\/24\/a-declaracao-de-cuello-direcionada-a-hulk-do-atletico-mg\/#breadcrumb\",\"itemListElement\":[{\"@type\":\"ListItem\",\"position\":1,\"name\":\"Home\",\"item\":\"https:\/\/www.gaveanews.com\/\"},{\"@type\":\"ListItem\",\"position\":2,\"name\":\"A declara\u00e7\u00e3o de Cuello direcionada a Hulk, do Atl\u00e9tico-MG\"}]},{\"@type\":\"WebSite\",\"@id\":\"https:\/\/www.gaveanews.com\/#website\",\"url\":\"https:\/\/www.gaveanews.com\/\",\"name\":\"G\u00e1vea News\",\"description\":\"Veja todas as not\u00edcias sobre o Flamengo: Contrata\u00e7\u00f5es, categorias de base, resultados das partidas, tabela de classifica\u00e7\u00e3o, pr\u00f3ximos jogos!\",\"potentialAction\":[{\"@type\":\"SearchAction\",\"target\":{\"@type\":\"EntryPoint\",\"urlTemplate\":\"https:\/\/www.gaveanews.com\/?s={search_term_string}\"},\"query-input\":{\"@type\":\"PropertyValueSpecification\",\"valueRequired\":true,\"valueName\":\"search_term_string\"}}],\"inLanguage\":\"pt-BR\"},{\"@type\":\"Person\",\"@id\":\"https:\/\/www.gaveanews.com\/#\/schema\/person\/bd08f00534b403119b92741a6d469ef0\",\"name\":\"Hudson Pereira\",\"image\":{\"@type\":\"ImageObject\",\"inLanguage\":\"pt-BR\",\"@id\":\"https:\/\/www.gaveanews.com\/#\/schema\/person\/image\/\",\"url\":\"https:\/\/secure.gravatar.com\/avatar\/ecc491b489e454e510efffc9b23c1052ce5fb4f2e05555768ba65819cd55f03e?s=96&d=mm&r=g\",\"contentUrl\":\"https:\/\/secure.gravatar.com\/avatar\/ecc491b489e454e510efffc9b23c1052ce5fb4f2e05555768ba65819cd55f03e?s=96&d=mm&r=g\",\"caption\":\"Hudson Pereira\"}}]}<\/script>\n<!-- \/ Yoast SEO Premium plugin. -->","yoast_head_json":{"title":"A declara\u00e7\u00e3o de Cuello direcionada a Hulk, do Atl\u00e9tico-MG","robots":{"index":"index","follow":"follow","max-snippet":"max-snippet:-1","max-image-preview":"max-image-preview:large","max-video-preview":"max-video-preview:-1"},"canonical":"https:\/\/www.gaveanews.com\/index.php\/2025\/03\/24\/a-declaracao-de-cuello-direcionada-a-hulk-do-atletico-mg\/","og_locale":"pt_BR","og_type":"article","og_title":"A declara\u00e7\u00e3o de Cuello direcionada a Hulk, do Atl\u00e9tico-MG","og_description":"O atacante argentino Cuello rapidamente consolida-se como figura central no elenco do Atl\u00e9tico, desde sua chegada no in\u00edcio de 2025. O jogador, proveniente do Athletico-PR, acumula n\u00fameros expressivos e participa\u00e7\u00e3o decisiva em campo. Em dez partidas, Cuello j\u00e1 deixou sua marca com dois gols e tr\u00eas assist\u00eancias. Ademais, sua atua\u00e7\u00e3o foi fundamental para a conquista [&hellip;]","og_url":"https:\/\/www.gaveanews.com\/index.php\/2025\/03\/24\/a-declaracao-de-cuello-direcionada-a-hulk-do-atletico-mg\/","og_site_name":"G\u00e1vea News","article_publisher":"https:\/\/facebook.com\/gaveaNews\/","article_published_time":"2025-03-24T15:10:00+00:00","og_image":[{"width":803,"height":554,"url":"https:\/\/www.gaveanews.com\/wp-content\/uploads\/Cuello-se-lesiona-no-Atletico-MG.webp","type":"image\/jpeg"}],"author":"Hudson Pereira","twitter_card":"summary_large_image","twitter_misc":{"Escrito por":"Hudson Pereira","Est. tempo de leitura":"3 minutos"},"schema":{"@context":"https:\/\/schema.org","@graph":[{"@type":"NewsArticle","@id":"https:\/\/www.gaveanews.com\/index.php\/2025\/03\/24\/a-declaracao-de-cuello-direcionada-a-hulk-do-atletico-mg\/#article","isPartOf":{"@id":"https:\/\/www.gaveanews.com\/index.php\/2025\/03\/24\/a-declaracao-de-cuello-direcionada-a-hulk-do-atletico-mg\/"},"author":{"name":"Hudson Pereira","@id":"https:\/\/www.gaveanews.com\/#\/schema\/person\/bd08f00534b403119b92741a6d469ef0"},"headline":"A declara\u00e7\u00e3o de Cuello direcionada a Hulk, do Atl\u00e9tico-MG","datePublished":"2025-03-24T15:10:00+00:00","mainEntityOfPage":{"@id":"https:\/\/www.gaveanews.com\/index.php\/2025\/03\/24\/a-declaracao-de-cuello-direcionada-a-hulk-do-atletico-mg\/"},"wordCount":474,"commentCount":0,"image":{"@id":"https:\/\/www.gaveanews.com\/index.php\/2025\/03\/24\/a-declaracao-de-cuello-direcionada-a-hulk-do-atletico-mg\/#primaryimage"},"thumbnailUrl":"https:\/\/www.gaveanews.com\/wp-content\/uploads\/Cuello-se-lesiona-no-Atletico-MG.webp","articleSection":["Atl\u00e9tico-MG"],"inLanguage":"pt-BR","potentialAction":[{"@type":"CommentAction","name":"Comment","target":["https:\/\/www.gaveanews.com\/index.php\/2025\/03\/24\/a-declaracao-de-cuello-direcionada-a-hulk-do-atletico-mg\/#respond"]}],"copyrightYear":"2025","copyrightHolder":{"@id":"https:\/\/www.gaveanews.com\/#organization"}},{"@type":"WebPage","@id":"https:\/\/www.gaveanews.com\/index.php\/2025\/03\/24\/a-declaracao-de-cuello-direcionada-a-hulk-do-atletico-mg\/","url":"https:\/\/www.gaveanews.com\/index.php\/2025\/03\/24\/a-declaracao-de-cuello-direcionada-a-hulk-do-atletico-mg\/","name":"A declara\u00e7\u00e3o de Cuello direcionada a Hulk, do Atl\u00e9tico-MG","isPartOf":{"@id":"https:\/\/www.gaveanews.com\/#website"},"primaryImageOfPage":{"@id":"https:\/\/www.gaveanews.com\/index.php\/2025\/03\/24\/a-declaracao-de-cuello-direcionada-a-hulk-do-atletico-mg\/#primaryimage"},"image":{"@id":"https:\/\/www.gaveanews.com\/index.php\/2025\/03\/24\/a-declaracao-de-cuello-direcionada-a-hulk-do-atletico-mg\/#primaryimage"},"thumbnailUrl":"https:\/\/www.gaveanews.com\/wp-content\/uploads\/Cuello-se-lesiona-no-Atletico-MG.webp","datePublished":"2025-03-24T15:10:00+00:00","author":{"@id":"https:\/\/www.gaveanews.com\/#\/schema\/person\/bd08f00534b403119b92741a6d469ef0"},"breadcrumb":{"@id":"https:\/\/www.gaveanews.com\/index.php\/2025\/03\/24\/a-declaracao-de-cuello-direcionada-a-hulk-do-atletico-mg\/#breadcrumb"},"inLanguage":"pt-BR","potentialAction":[{"@type":"ReadAction","target":["https:\/\/www.gaveanews.com\/index.php\/2025\/03\/24\/a-declaracao-de-cuello-direcionada-a-hulk-do-atletico-mg\/"]}]},{"@type":"ImageObject","inLanguage":"pt-BR","@id":"https:\/\/www.gaveanews.com\/index.php\/2025\/03\/24\/a-declaracao-de-cuello-direcionada-a-hulk-do-atletico-mg\/#primaryimage","url":"https:\/\/www.gaveanews.com\/wp-content\/uploads\/Cuello-se-lesiona-no-Atletico-MG.webp","contentUrl":"https:\/\/www.gaveanews.com\/wp-content\/uploads\/Cuello-se-lesiona-no-Atletico-MG.webp","width":803,"height":554,"caption":"Cuello se lesiona no Atl\u00e9tico-MG (Foto: Pedro Souza \/ Atl\u00e9tico)"},{"@type":"BreadcrumbList","@id":"https:\/\/www.gaveanews.com\/index.php\/2025\/03\/24\/a-declaracao-de-cuello-direcionada-a-hulk-do-atletico-mg\/#breadcrumb","itemListElement":[{"@type":"ListItem","position":1,"name":"Home","item":"https:\/\/www.gaveanews.com\/"},{"@type":"ListItem","position":2,"name":"A declara\u00e7\u00e3o de Cuello direcionada a Hulk, do Atl\u00e9tico-MG"}]},{"@type":"WebSite","@id":"https:\/\/www.gaveanews.com\/#website","url":"https:\/\/www.gaveanews.com\/","name":"G\u00e1vea News","description":"Veja todas as not\u00edcias sobre o Flamengo: Contrata\u00e7\u00f5es, categorias de base, resultados das partidas, tabela de classifica\u00e7\u00e3o, pr\u00f3ximos jogos!","potentialAction":[{"@type":"SearchAction","target":{"@type":"EntryPoint","urlTemplate":"https:\/\/www.gaveanews.com\/?s={search_term_string}"},"query-input":{"@type":"PropertyValueSpecification","valueRequired":true,"valueName":"search_term_string"}}],"inLanguage":"pt-BR"},{"@type":"Person","@id":"https:\/\/www.gaveanews.com\/#\/schema\/person\/bd08f00534b403119b92741a6d469ef0","name":"Hudson Pereira","image":{"@type":"ImageObject","inLanguage":"pt-BR","@id":"https:\/\/www.gaveanews.com\/#\/schema\/person\/image\/","url":"https:\/\/secure.gravatar.com\/avatar\/ecc491b489e454e510efffc9b23c1052ce5fb4f2e05555768ba65819cd55f03e?s=96&d=mm&r=g","contentUrl":"https:\/\/secure.gravatar.com\/avatar\/ecc491b489e454e510efffc9b23c1052ce5fb4f2e05555768ba65819cd55f03e?s=96&d=mm&r=g","caption":"Hudson Pereira"}}]}},"_links":{"self":[{"href":"https:\/\/www.gaveanews.com\/index.php\/wp-json\/wp\/v2\/posts\/243862","targetHints":{"allow":["GET"]}}],"collection":[{"href":"https:\/\/www.gaveanews.com\/index.php\/wp-json\/wp\/v2\/posts"}],"about":[{"href":"https:\/\/www.gaveanews.com\/index.php\/wp-json\/wp\/v2\/types\/post"}],"author":[{"embeddable":true,"href":"https:\/\/www.gaveanews.com\/index.php\/wp-json\/wp\/v2\/users\/28"}],"replies":[{"embeddable":true,"href":"https:\/\/www.gaveanews.com\/index.php\/wp-json\/wp\/v2\/comments?post=243862"}],"version-history":[{"count":1,"href":"https:\/\/www.gaveanews.com\/index.php\/wp-json\/wp\/v2\/posts\/243862\/revisions"}],"predecessor-version":[{"id":243865,"href":"https:\/\/www.gaveanews.com\/index.php\/wp-json\/wp\/v2\/posts\/243862\/revisions\/243865"}],"wp:featuredmedia":[{"embeddable":true,"href":"https:\/\/www.gaveanews.com\/index.php\/wp-json\/wp\/v2\/media\/223423"}],"wp:attachment":[{"href":"https:\/\/www.gaveanews.com\/index.php\/wp-json\/wp\/v2\/media?parent=243862"}],"wp:term":[{"taxonomy":"category","embeddable":true,"href":"https:\/\/www.gaveanews.com\/index.php\/wp-json\/wp\/v2\/categories?post=243862"},{"taxonomy":"post_tag","embeddable":true,"href":"https:\/\/www.gaveanews.com\/index.php\/wp-json\/wp\/v2\/tags?post=243862"}],"curies":[{"name":"wp","href":"https:\/\/api.w.org\/{rel}","templated":true}]}}