{"id":243899,"date":"2025-03-24T14:15:00","date_gmt":"2025-03-24T17:15:00","guid":{"rendered":"https:\/\/www.gaveanews.com\/?p=243899"},"modified":"2025-03-24T13:24:13","modified_gmt":"2025-03-24T16:24:13","slug":"atitude-de-lucas-evangelista-impressiona-diretoria-do-palmeiras","status":"publish","type":"post","link":"https:\/\/www.gaveanews.com\/index.php\/2025\/03\/24\/atitude-de-lucas-evangelista-impressiona-diretoria-do-palmeiras\/","title":{"rendered":"Atitude de Lucas Evangelista impressiona diretoria do Palmeiras"},"content":{"rendered":"\n<p>O Palmeiras apresentou oficialmente o volante Lucas Evangelista na \u00faltima sexta-feira (21). O jogador, assim, j\u00e1 causa \u00f3tima impress\u00e3o nos bastidores do clube. Funcion\u00e1rios e membros da comiss\u00e3o t\u00e9cnica relatam surpresa positiva com o desempenho do atleta nos primeiros dias de atividades.<\/p>\n\n\n\n<p>Lucas Evangelista demonstrou, em pouco tempo, grande facilidade de adapta\u00e7\u00e3o. O volante conversa frequentemente com os companheiros e aconselha os atletas mais jovens. Al\u00e9m disso, seu perfil de lideran\u00e7a, mesmo com poucos treinos, j\u00e1 recebeu elogios segundo informa\u00e7\u00f5es do portal &#8216;Nosso Palestra&#8217;. <\/p>\n\n\n\n<p>Durante sua apresenta\u00e7\u00e3o oficial, Lucas Evangelista comentou sobre a for\u00e7a do Palmeiras. &#8220;O Palmeiras est\u00e1 ganhando t\u00edtulos, sempre brigando por t\u00edtulo. Desde que cheguei no Palmeiras, o clube \u00e9 a grande pot\u00eancia no Brasil&#8221;, afirmou. Ele tamb\u00e9m mencionou o bom ambiente do elenco: &#8220;O Jhon Jhon comentou comigo que o ambiente \u00e9 sensacional, e eu j\u00e1 desconfiava disso, um time para ganhar v\u00e1rios t\u00edtulos, \u00e9 essencial o ambiente deve ser bom&#8221;.<\/p>\n\n\n\n<p>O jogador, ademais, expressou sua satisfa\u00e7\u00e3o com a receptividade no clube. &#8220;Cheguei faz pouco tempo, estou muito a vontade, em casa. N\u00e3o senti vaidade de ningu\u00e9m&#8221;, declarou. Consequentemente, sentindo-se aben\u00e7oado e feliz.<\/p>\n\n\n\n<p>Lucas Evangelista \u00e9 o s\u00e9timo refor\u00e7o do Palmeiras para a temporada 2025. Paulinho, Facundo Torres, Emiliano Mart\u00ednez, Micael, Bruno Fuchs e Vitor Roque tamb\u00e9m chegaram. O volante j\u00e1 consta no Boletim Informativo Di\u00e1rio (BID) da CBF. Portanto, sua estreia pode acontecer contra o Botafogo, no dia 30, na abertura do Campeonato Brasileiro.<\/p>\n\n\n\n<figure class=\"wp-block-image size-full\"><img loading=\"lazy\" decoding=\"async\" width=\"850\" height=\"585\" src=\"http:\/\/www.gaveanews.com\/wp-content\/uploads\/Vitor-Roque-pelo-Palmeiras.webp\" alt=\"\" class=\"wp-image-236329\"\/><figcaption class=\"wp-element-caption\">Vitor Roque pelo Palmeiras (Foto: Cesar Greco\/Palmeiras)<\/figcaption><\/figure>\n\n\n\n<h2 class=\"wp-block-heading\" id=\"h-preparacao-para-o-classico-e-retrospecto\">Prepara\u00e7\u00e3o para o cl\u00e1ssico e retrospecto<\/h2>\n\n\n\n<p>Neste domingo (23), o Palmeiras intensificou, na Academia de Futebol, a prepara\u00e7\u00e3o para a final do Campeonato Paulista. O confronto contra o Corinthians acontece na quinta-feira (27), \u00e0s 21h35, na Neo Qu\u00edmica Arena.<\/p>\n\n\n\n<p>Ap\u00f3s ativa\u00e7\u00e3o no centro de excel\u00eancia, os jogadores realizaram uma atividade t\u00e9cnica com objetivos espec\u00edficos. A comiss\u00e3o t\u00e9cnica promoveu, em seguida, um trabalho com \u00eanfase em simula\u00e7\u00f5es de jogo, como transi\u00e7\u00f5es e contra-ataques. Por fim, houve uma movimenta\u00e7\u00e3o em dimens\u00f5es reduzidas, al\u00e9m do ensaio de jogadas ofensivas.<\/p>\n\n\n\n<p>Bruno Rodrigues, Paulinho, Gustavo Gomez e Marcos Rocha seguiram cronograma com o N\u00facleo de Sa\u00fade e Performance. O meio-campista Mauricio, em transi\u00e7\u00e3o f\u00edsica, treinou normalmente com o elenco. Mauricio, ali\u00e1s, soma nove jogos e cinco gols na atual temporada.<\/p>\n\n\n\n<p>A final de 2025 ser\u00e1 a oitava entre Palmeiras e Corinthians na hist\u00f3ria do Campeonato Paulista. O retrospecto, contudo, \u00e9 favor\u00e1vel ao Palmeiras, com quatro t\u00edtulos contra tr\u00eas do rival. <\/p>\n\n\n\n<p>O Verd\u00e3o conquistou o t\u00edtulo em 1936, 1974, 1993 e 2020, enquanto o Corinthians venceu em 1995, 1999 e 2018. Ademais, na d\u00e9cada atual, iniciada em 2020, o Palmeiras tamb\u00e9m leva vantagem, com oito vit\u00f3rias, oito empates e apenas quatro derrotas em 20 jogos. O alviverde marcou 28 gols e sofreu 17.<\/p>\n","protected":false},"excerpt":{"rendered":"<p>O Palmeiras apresentou oficialmente o volante Lucas Evangelista na \u00faltima sexta-feira (21). O jogador, assim, j\u00e1 causa \u00f3tima impress\u00e3o nos bastidores do clube. Funcion\u00e1rios e membros da comiss\u00e3o t\u00e9cnica relatam surpresa positiva com o desempenho do atleta nos primeiros dias de atividades. Lucas Evangelista demonstrou, em pouco tempo, grande facilidade de adapta\u00e7\u00e3o. O volante conversa [&hellip;]<\/p>\n","protected":false},"author":28,"featured_media":243013,"comment_status":"open","ping_status":"closed","sticky":false,"template":"","format":"standard","meta":{"footnotes":""},"categories":[150],"tags":[],"class_list":["post-243899","post","type-post","status-publish","format-standard","has-post-thumbnail","hentry","category-palmeiras"],"yoast_head":"<!-- This site is optimized with the Yoast SEO Premium plugin v24.2 (Yoast SEO v26.9) - https:\/\/yoast.com\/product\/yoast-seo-premium-wordpress\/ -->\n<title>Atitude de Lucas Evangelista impressiona diretoria do Palmeiras<\/title>\n<meta name=\"robots\" content=\"index, follow, max-snippet:-1, max-image-preview:large, max-video-preview:-1\" \/>\n<link rel=\"canonical\" href=\"https:\/\/www.gaveanews.com\/index.php\/2025\/03\/24\/atitude-de-lucas-evangelista-impressiona-diretoria-do-palmeiras\/\" \/>\n<meta property=\"og:locale\" content=\"pt_BR\" \/>\n<meta property=\"og:type\" content=\"article\" \/>\n<meta property=\"og:title\" content=\"Atitude de Lucas Evangelista impressiona diretoria do Palmeiras\" \/>\n<meta property=\"og:description\" content=\"O Palmeiras apresentou oficialmente o volante Lucas Evangelista na \u00faltima sexta-feira (21). O jogador, assim, j\u00e1 causa \u00f3tima impress\u00e3o nos bastidores do clube. Funcion\u00e1rios e membros da comiss\u00e3o t\u00e9cnica relatam surpresa positiva com o desempenho do atleta nos primeiros dias de atividades. Lucas Evangelista demonstrou, em pouco tempo, grande facilidade de adapta\u00e7\u00e3o. O volante conversa [&hellip;]\" \/>\n<meta property=\"og:url\" content=\"https:\/\/www.gaveanews.com\/index.php\/2025\/03\/24\/atitude-de-lucas-evangelista-impressiona-diretoria-do-palmeiras\/\" \/>\n<meta property=\"og:site_name\" content=\"G\u00e1vea News\" \/>\n<meta property=\"article:publisher\" content=\"https:\/\/facebook.com\/gaveaNews\/\" \/>\n<meta property=\"article:published_time\" content=\"2025-03-24T17:15:00+00:00\" \/>\n<meta property=\"og:image\" content=\"https:\/\/www.gaveanews.com\/wp-content\/uploads\/Lucas-Evangelista-e-apresentado-pelo-Cruzeiro.webp\" \/>\n\t<meta property=\"og:image:width\" content=\"969\" \/>\n\t<meta property=\"og:image:height\" content=\"570\" \/>\n\t<meta property=\"og:image:type\" content=\"image\/jpeg\" \/>\n<meta name=\"author\" content=\"Hudson Pereira\" \/>\n<meta name=\"twitter:card\" content=\"summary_large_image\" \/>\n<meta name=\"twitter:label1\" content=\"Escrito por\" \/>\n\t<meta name=\"twitter:data1\" content=\"Hudson Pereira\" \/>\n\t<meta name=\"twitter:label2\" content=\"Est. tempo de leitura\" \/>\n\t<meta name=\"twitter:data2\" content=\"3 minutos\" \/>\n<script type=\"application\/ld+json\" class=\"yoast-schema-graph\">{\"@context\":\"https:\/\/schema.org\",\"@graph\":[{\"@type\":\"NewsArticle\",\"@id\":\"https:\/\/www.gaveanews.com\/index.php\/2025\/03\/24\/atitude-de-lucas-evangelista-impressiona-diretoria-do-palmeiras\/#article\",\"isPartOf\":{\"@id\":\"https:\/\/www.gaveanews.com\/index.php\/2025\/03\/24\/atitude-de-lucas-evangelista-impressiona-diretoria-do-palmeiras\/\"},\"author\":{\"name\":\"Hudson Pereira\",\"@id\":\"https:\/\/www.gaveanews.com\/#\/schema\/person\/bd08f00534b403119b92741a6d469ef0\"},\"headline\":\"Atitude de Lucas Evangelista impressiona diretoria do Palmeiras\",\"datePublished\":\"2025-03-24T17:15:00+00:00\",\"mainEntityOfPage\":{\"@id\":\"https:\/\/www.gaveanews.com\/index.php\/2025\/03\/24\/atitude-de-lucas-evangelista-impressiona-diretoria-do-palmeiras\/\"},\"wordCount\":495,\"commentCount\":0,\"image\":{\"@id\":\"https:\/\/www.gaveanews.com\/index.php\/2025\/03\/24\/atitude-de-lucas-evangelista-impressiona-diretoria-do-palmeiras\/#primaryimage\"},\"thumbnailUrl\":\"https:\/\/www.gaveanews.com\/wp-content\/uploads\/Lucas-Evangelista-e-apresentado-pelo-Cruzeiro.webp\",\"articleSection\":[\"Palmeiras\"],\"inLanguage\":\"pt-BR\",\"potentialAction\":[{\"@type\":\"CommentAction\",\"name\":\"Comment\",\"target\":[\"https:\/\/www.gaveanews.com\/index.php\/2025\/03\/24\/atitude-de-lucas-evangelista-impressiona-diretoria-do-palmeiras\/#respond\"]}],\"copyrightYear\":\"2025\",\"copyrightHolder\":{\"@id\":\"https:\/\/www.gaveanews.com\/#organization\"}},{\"@type\":\"WebPage\",\"@id\":\"https:\/\/www.gaveanews.com\/index.php\/2025\/03\/24\/atitude-de-lucas-evangelista-impressiona-diretoria-do-palmeiras\/\",\"url\":\"https:\/\/www.gaveanews.com\/index.php\/2025\/03\/24\/atitude-de-lucas-evangelista-impressiona-diretoria-do-palmeiras\/\",\"name\":\"Atitude de Lucas Evangelista impressiona diretoria do Palmeiras\",\"isPartOf\":{\"@id\":\"https:\/\/www.gaveanews.com\/#website\"},\"primaryImageOfPage\":{\"@id\":\"https:\/\/www.gaveanews.com\/index.php\/2025\/03\/24\/atitude-de-lucas-evangelista-impressiona-diretoria-do-palmeiras\/#primaryimage\"},\"image\":{\"@id\":\"https:\/\/www.gaveanews.com\/index.php\/2025\/03\/24\/atitude-de-lucas-evangelista-impressiona-diretoria-do-palmeiras\/#primaryimage\"},\"thumbnailUrl\":\"https:\/\/www.gaveanews.com\/wp-content\/uploads\/Lucas-Evangelista-e-apresentado-pelo-Cruzeiro.webp\",\"datePublished\":\"2025-03-24T17:15:00+00:00\",\"author\":{\"@id\":\"https:\/\/www.gaveanews.com\/#\/schema\/person\/bd08f00534b403119b92741a6d469ef0\"},\"breadcrumb\":{\"@id\":\"https:\/\/www.gaveanews.com\/index.php\/2025\/03\/24\/atitude-de-lucas-evangelista-impressiona-diretoria-do-palmeiras\/#breadcrumb\"},\"inLanguage\":\"pt-BR\",\"potentialAction\":[{\"@type\":\"ReadAction\",\"target\":[\"https:\/\/www.gaveanews.com\/index.php\/2025\/03\/24\/atitude-de-lucas-evangelista-impressiona-diretoria-do-palmeiras\/\"]}]},{\"@type\":\"ImageObject\",\"inLanguage\":\"pt-BR\",\"@id\":\"https:\/\/www.gaveanews.com\/index.php\/2025\/03\/24\/atitude-de-lucas-evangelista-impressiona-diretoria-do-palmeiras\/#primaryimage\",\"url\":\"https:\/\/www.gaveanews.com\/wp-content\/uploads\/Lucas-Evangelista-e-apresentado-pelo-Cruzeiro.webp\",\"contentUrl\":\"https:\/\/www.gaveanews.com\/wp-content\/uploads\/Lucas-Evangelista-e-apresentado-pelo-Cruzeiro.webp\",\"width\":969,\"height\":570,\"caption\":\"Lucas Evangelista \u00e9 apresentado pelo Cruzeiro (Foto: Cesar Greco\/Palmeiras\/by Canon)\"},{\"@type\":\"BreadcrumbList\",\"@id\":\"https:\/\/www.gaveanews.com\/index.php\/2025\/03\/24\/atitude-de-lucas-evangelista-impressiona-diretoria-do-palmeiras\/#breadcrumb\",\"itemListElement\":[{\"@type\":\"ListItem\",\"position\":1,\"name\":\"Home\",\"item\":\"https:\/\/www.gaveanews.com\/\"},{\"@type\":\"ListItem\",\"position\":2,\"name\":\"Atitude de Lucas Evangelista impressiona diretoria do Palmeiras\"}]},{\"@type\":\"WebSite\",\"@id\":\"https:\/\/www.gaveanews.com\/#website\",\"url\":\"https:\/\/www.gaveanews.com\/\",\"name\":\"G\u00e1vea News\",\"description\":\"Veja todas as not\u00edcias sobre o Flamengo: Contrata\u00e7\u00f5es, categorias de base, resultados das partidas, tabela de classifica\u00e7\u00e3o, pr\u00f3ximos jogos!\",\"potentialAction\":[{\"@type\":\"SearchAction\",\"target\":{\"@type\":\"EntryPoint\",\"urlTemplate\":\"https:\/\/www.gaveanews.com\/?s={search_term_string}\"},\"query-input\":{\"@type\":\"PropertyValueSpecification\",\"valueRequired\":true,\"valueName\":\"search_term_string\"}}],\"inLanguage\":\"pt-BR\"},{\"@type\":\"Person\",\"@id\":\"https:\/\/www.gaveanews.com\/#\/schema\/person\/bd08f00534b403119b92741a6d469ef0\",\"name\":\"Hudson Pereira\",\"image\":{\"@type\":\"ImageObject\",\"inLanguage\":\"pt-BR\",\"@id\":\"https:\/\/www.gaveanews.com\/#\/schema\/person\/image\/\",\"url\":\"https:\/\/secure.gravatar.com\/avatar\/ecc491b489e454e510efffc9b23c1052ce5fb4f2e05555768ba65819cd55f03e?s=96&d=mm&r=g\",\"contentUrl\":\"https:\/\/secure.gravatar.com\/avatar\/ecc491b489e454e510efffc9b23c1052ce5fb4f2e05555768ba65819cd55f03e?s=96&d=mm&r=g\",\"caption\":\"Hudson Pereira\"}}]}<\/script>\n<!-- \/ Yoast SEO Premium plugin. -->","yoast_head_json":{"title":"Atitude de Lucas Evangelista impressiona diretoria do Palmeiras","robots":{"index":"index","follow":"follow","max-snippet":"max-snippet:-1","max-image-preview":"max-image-preview:large","max-video-preview":"max-video-preview:-1"},"canonical":"https:\/\/www.gaveanews.com\/index.php\/2025\/03\/24\/atitude-de-lucas-evangelista-impressiona-diretoria-do-palmeiras\/","og_locale":"pt_BR","og_type":"article","og_title":"Atitude de Lucas Evangelista impressiona diretoria do Palmeiras","og_description":"O Palmeiras apresentou oficialmente o volante Lucas Evangelista na \u00faltima sexta-feira (21). O jogador, assim, j\u00e1 causa \u00f3tima impress\u00e3o nos bastidores do clube. Funcion\u00e1rios e membros da comiss\u00e3o t\u00e9cnica relatam surpresa positiva com o desempenho do atleta nos primeiros dias de atividades. Lucas Evangelista demonstrou, em pouco tempo, grande facilidade de adapta\u00e7\u00e3o. O volante conversa [&hellip;]","og_url":"https:\/\/www.gaveanews.com\/index.php\/2025\/03\/24\/atitude-de-lucas-evangelista-impressiona-diretoria-do-palmeiras\/","og_site_name":"G\u00e1vea News","article_publisher":"https:\/\/facebook.com\/gaveaNews\/","article_published_time":"2025-03-24T17:15:00+00:00","og_image":[{"width":969,"height":570,"url":"https:\/\/www.gaveanews.com\/wp-content\/uploads\/Lucas-Evangelista-e-apresentado-pelo-Cruzeiro.webp","type":"image\/jpeg"}],"author":"Hudson Pereira","twitter_card":"summary_large_image","twitter_misc":{"Escrito por":"Hudson Pereira","Est. tempo de leitura":"3 minutos"},"schema":{"@context":"https:\/\/schema.org","@graph":[{"@type":"NewsArticle","@id":"https:\/\/www.gaveanews.com\/index.php\/2025\/03\/24\/atitude-de-lucas-evangelista-impressiona-diretoria-do-palmeiras\/#article","isPartOf":{"@id":"https:\/\/www.gaveanews.com\/index.php\/2025\/03\/24\/atitude-de-lucas-evangelista-impressiona-diretoria-do-palmeiras\/"},"author":{"name":"Hudson Pereira","@id":"https:\/\/www.gaveanews.com\/#\/schema\/person\/bd08f00534b403119b92741a6d469ef0"},"headline":"Atitude de Lucas Evangelista impressiona diretoria do Palmeiras","datePublished":"2025-03-24T17:15:00+00:00","mainEntityOfPage":{"@id":"https:\/\/www.gaveanews.com\/index.php\/2025\/03\/24\/atitude-de-lucas-evangelista-impressiona-diretoria-do-palmeiras\/"},"wordCount":495,"commentCount":0,"image":{"@id":"https:\/\/www.gaveanews.com\/index.php\/2025\/03\/24\/atitude-de-lucas-evangelista-impressiona-diretoria-do-palmeiras\/#primaryimage"},"thumbnailUrl":"https:\/\/www.gaveanews.com\/wp-content\/uploads\/Lucas-Evangelista-e-apresentado-pelo-Cruzeiro.webp","articleSection":["Palmeiras"],"inLanguage":"pt-BR","potentialAction":[{"@type":"CommentAction","name":"Comment","target":["https:\/\/www.gaveanews.com\/index.php\/2025\/03\/24\/atitude-de-lucas-evangelista-impressiona-diretoria-do-palmeiras\/#respond"]}],"copyrightYear":"2025","copyrightHolder":{"@id":"https:\/\/www.gaveanews.com\/#organization"}},{"@type":"WebPage","@id":"https:\/\/www.gaveanews.com\/index.php\/2025\/03\/24\/atitude-de-lucas-evangelista-impressiona-diretoria-do-palmeiras\/","url":"https:\/\/www.gaveanews.com\/index.php\/2025\/03\/24\/atitude-de-lucas-evangelista-impressiona-diretoria-do-palmeiras\/","name":"Atitude de Lucas Evangelista impressiona diretoria do Palmeiras","isPartOf":{"@id":"https:\/\/www.gaveanews.com\/#website"},"primaryImageOfPage":{"@id":"https:\/\/www.gaveanews.com\/index.php\/2025\/03\/24\/atitude-de-lucas-evangelista-impressiona-diretoria-do-palmeiras\/#primaryimage"},"image":{"@id":"https:\/\/www.gaveanews.com\/index.php\/2025\/03\/24\/atitude-de-lucas-evangelista-impressiona-diretoria-do-palmeiras\/#primaryimage"},"thumbnailUrl":"https:\/\/www.gaveanews.com\/wp-content\/uploads\/Lucas-Evangelista-e-apresentado-pelo-Cruzeiro.webp","datePublished":"2025-03-24T17:15:00+00:00","author":{"@id":"https:\/\/www.gaveanews.com\/#\/schema\/person\/bd08f00534b403119b92741a6d469ef0"},"breadcrumb":{"@id":"https:\/\/www.gaveanews.com\/index.php\/2025\/03\/24\/atitude-de-lucas-evangelista-impressiona-diretoria-do-palmeiras\/#breadcrumb"},"inLanguage":"pt-BR","potentialAction":[{"@type":"ReadAction","target":["https:\/\/www.gaveanews.com\/index.php\/2025\/03\/24\/atitude-de-lucas-evangelista-impressiona-diretoria-do-palmeiras\/"]}]},{"@type":"ImageObject","inLanguage":"pt-BR","@id":"https:\/\/www.gaveanews.com\/index.php\/2025\/03\/24\/atitude-de-lucas-evangelista-impressiona-diretoria-do-palmeiras\/#primaryimage","url":"https:\/\/www.gaveanews.com\/wp-content\/uploads\/Lucas-Evangelista-e-apresentado-pelo-Cruzeiro.webp","contentUrl":"https:\/\/www.gaveanews.com\/wp-content\/uploads\/Lucas-Evangelista-e-apresentado-pelo-Cruzeiro.webp","width":969,"height":570,"caption":"Lucas Evangelista \u00e9 apresentado pelo Cruzeiro (Foto: Cesar Greco\/Palmeiras\/by Canon)"},{"@type":"BreadcrumbList","@id":"https:\/\/www.gaveanews.com\/index.php\/2025\/03\/24\/atitude-de-lucas-evangelista-impressiona-diretoria-do-palmeiras\/#breadcrumb","itemListElement":[{"@type":"ListItem","position":1,"name":"Home","item":"https:\/\/www.gaveanews.com\/"},{"@type":"ListItem","position":2,"name":"Atitude de Lucas Evangelista impressiona diretoria do Palmeiras"}]},{"@type":"WebSite","@id":"https:\/\/www.gaveanews.com\/#website","url":"https:\/\/www.gaveanews.com\/","name":"G\u00e1vea News","description":"Veja todas as not\u00edcias sobre o Flamengo: Contrata\u00e7\u00f5es, categorias de base, resultados das partidas, tabela de classifica\u00e7\u00e3o, pr\u00f3ximos jogos!","potentialAction":[{"@type":"SearchAction","target":{"@type":"EntryPoint","urlTemplate":"https:\/\/www.gaveanews.com\/?s={search_term_string}"},"query-input":{"@type":"PropertyValueSpecification","valueRequired":true,"valueName":"search_term_string"}}],"inLanguage":"pt-BR"},{"@type":"Person","@id":"https:\/\/www.gaveanews.com\/#\/schema\/person\/bd08f00534b403119b92741a6d469ef0","name":"Hudson Pereira","image":{"@type":"ImageObject","inLanguage":"pt-BR","@id":"https:\/\/www.gaveanews.com\/#\/schema\/person\/image\/","url":"https:\/\/secure.gravatar.com\/avatar\/ecc491b489e454e510efffc9b23c1052ce5fb4f2e05555768ba65819cd55f03e?s=96&d=mm&r=g","contentUrl":"https:\/\/secure.gravatar.com\/avatar\/ecc491b489e454e510efffc9b23c1052ce5fb4f2e05555768ba65819cd55f03e?s=96&d=mm&r=g","caption":"Hudson Pereira"}}]}},"_links":{"self":[{"href":"https:\/\/www.gaveanews.com\/index.php\/wp-json\/wp\/v2\/posts\/243899","targetHints":{"allow":["GET"]}}],"collection":[{"href":"https:\/\/www.gaveanews.com\/index.php\/wp-json\/wp\/v2\/posts"}],"about":[{"href":"https:\/\/www.gaveanews.com\/index.php\/wp-json\/wp\/v2\/types\/post"}],"author":[{"embeddable":true,"href":"https:\/\/www.gaveanews.com\/index.php\/wp-json\/wp\/v2\/users\/28"}],"replies":[{"embeddable":true,"href":"https:\/\/www.gaveanews.com\/index.php\/wp-json\/wp\/v2\/comments?post=243899"}],"version-history":[{"count":2,"href":"https:\/\/www.gaveanews.com\/index.php\/wp-json\/wp\/v2\/posts\/243899\/revisions"}],"predecessor-version":[{"id":243907,"href":"https:\/\/www.gaveanews.com\/index.php\/wp-json\/wp\/v2\/posts\/243899\/revisions\/243907"}],"wp:featuredmedia":[{"embeddable":true,"href":"https:\/\/www.gaveanews.com\/index.php\/wp-json\/wp\/v2\/media\/243013"}],"wp:attachment":[{"href":"https:\/\/www.gaveanews.com\/index.php\/wp-json\/wp\/v2\/media?parent=243899"}],"wp:term":[{"taxonomy":"category","embeddable":true,"href":"https:\/\/www.gaveanews.com\/index.php\/wp-json\/wp\/v2\/categories?post=243899"},{"taxonomy":"post_tag","embeddable":true,"href":"https:\/\/www.gaveanews.com\/index.php\/wp-json\/wp\/v2\/tags?post=243899"}],"curies":[{"name":"wp","href":"https:\/\/api.w.org\/{rel}","templated":true}]}}