{"id":244011,"date":"2025-03-24T17:15:00","date_gmt":"2025-03-24T20:15:00","guid":{"rendered":"https:\/\/www.gaveanews.com\/?p=244011"},"modified":"2025-03-24T16:25:34","modified_gmt":"2025-03-24T19:25:34","slug":"a-declaracao-de-dorival-jr-direcionada-ao-palmeiras","status":"publish","type":"post","link":"https:\/\/www.gaveanews.com\/index.php\/2025\/03\/24\/a-declaracao-de-dorival-jr-direcionada-ao-palmeiras\/","title":{"rendered":"A declara\u00e7\u00e3o de Dorival Jr direcionada ao Palmeiras"},"content":{"rendered":"\n<p>O jovem atacante Endrick, revelado pelo Palmeiras, continua sendo um dos nomes mais comentados do futebol brasileiro. Ap\u00f3s sua transfer\u00eancia para o Real Madrid, o jogador tem encontrado dificuldades para conquistar espa\u00e7o tanto em seu novo clube quanto na Sele\u00e7\u00e3o Brasileira. Mesmo assim, seu talento segue sendo reconhecido por treinadores e especialistas.<\/p>\n\n\n\n<p>Recentemente, Dorival J\u00fanior, t\u00e9cnico da Sele\u00e7\u00e3o Brasileira, teceu elogios ao trabalho do Palmeiras na forma\u00e7\u00e3o de Endrick. Durante uma entrevista coletiva, o treinador revelou que teve uma conversa longa com Carlo Ancelotti, t\u00e9cnico do Real Madrid, onde discutiram a evolu\u00e7\u00e3o do atacante. Segundo Dorival, o jovem tem mostrado maturidade e evolu\u00e7\u00e3o constante, caracter\u00edsticas que s\u00e3o fundamentais para seu desenvolvimento na Europa.<\/p>\n\n\n\n<figure class=\"wp-block-image size-large\"><img loading=\"lazy\" decoding=\"async\" width=\"1024\" height=\"682\" src=\"http:\/\/www.gaveanews.com\/wp-content\/uploads\/Endrick-com-a-camisa-do-Real-Madrid-em-2024-1024x682.webp\" alt=\"\" class=\"wp-image-159677\" srcset=\"https:\/\/www.gaveanews.com\/wp-content\/uploads\/Endrick-com-a-camisa-do-Real-Madrid-em-2024-1024x682.webp 1024w, https:\/\/www.gaveanews.com\/wp-content\/uploads\/Endrick-com-a-camisa-do-Real-Madrid-em-2024-300x200.webp 300w, https:\/\/www.gaveanews.com\/wp-content\/uploads\/Endrick-com-a-camisa-do-Real-Madrid-em-2024-768x511.webp 768w, https:\/\/www.gaveanews.com\/wp-content\/uploads\/Endrick-com-a-camisa-do-Real-Madrid-em-2024-631x420.webp 631w, https:\/\/www.gaveanews.com\/wp-content\/uploads\/Endrick-com-a-camisa-do-Real-Madrid-em-2024-1261x840.webp 1261w, https:\/\/www.gaveanews.com\/wp-content\/uploads\/Endrick-com-a-camisa-do-Real-Madrid-em-2024-640x426.webp 640w, https:\/\/www.gaveanews.com\/wp-content\/uploads\/Endrick-com-a-camisa-do-Real-Madrid-em-2024-1280x852.webp 1280w, https:\/\/www.gaveanews.com\/wp-content\/uploads\/Endrick-com-a-camisa-do-Real-Madrid-em-2024-681x454.webp 681w, https:\/\/www.gaveanews.com\/wp-content\/uploads\/Endrick-com-a-camisa-do-Real-Madrid-em-2024-1362x907.webp 1362w, https:\/\/www.gaveanews.com\/wp-content\/uploads\/Endrick-com-a-camisa-do-Real-Madrid-em-2024-100x67.webp 100w, https:\/\/www.gaveanews.com\/wp-content\/uploads\/Endrick-com-a-camisa-do-Real-Madrid-em-2024.webp 1440w\" sizes=\"auto, (max-width: 1024px) 100vw, 1024px\" \/><figcaption class=\"wp-element-caption\">Endrick com a camisa do Real Madrid em 2024 (Foto: Reprodu\u00e7\u00e3o\/Instagram)<\/figcaption><\/figure>\n\n\n\n<p>\u201cO Endrick vem sendo acompanhado de perto. Tive uma conversa de 2h30 com Ancelotti e falamos sobre o momento que ele vive. Ele est\u00e1 evoluindo muito, e o trabalho realizado no Palmeiras foi muito bem feito\u201d, destacou Dorival. O treinador ainda enfatizou que, caso tivesse permanecido no Brasil, Endrick tamb\u00e9m teria seguido um caminho de crescimento t\u00e9cnico e t\u00e1tico.<\/p>\n\n\n\n<p>Apesar do reconhecimento, o atacante ainda n\u00e3o tem recebido tantas oportunidades quanto se esperava. Na atual temporada, somou apenas 496 minutos em 28 partidas, com seis gols marcados. Essa minutagem limitada reflete tamb\u00e9m sua situa\u00e7\u00e3o na Sele\u00e7\u00e3o Brasileira, onde tem sido preterido em favor de outros atacantes.<\/p>\n\n\n\n<p>Para o pr\u00f3ximo confronto do Brasil, contra a Argentina, Endrick novamente come\u00e7ar\u00e1 no banco de reservas. Dorival J\u00fanior confirmou que Matheus Cunha ser\u00e1 o titular no ataque, formando um quarteto ofensivo ao lado de Raphinha, Vin\u00edcius J\u00fanior e Rodrygo. A torcida segue ansiosa por mais chances para o jovem atacante, que j\u00e1 demonstrou sua qualidade quando esteve em campo.<\/p>\n\n\n\n<p>A trajet\u00f3ria de Endrick ainda est\u00e1 no in\u00edcio, e sua adapta\u00e7\u00e3o ao futebol europeu segue em andamento. Enquanto isso, o Palmeiras recebe reconhecimento por ter desenvolvido um dos talentos mais promissores do futebol brasileiro nos \u00faltimos anos.<\/p>\n","protected":false},"excerpt":{"rendered":"<p>O jovem atacante Endrick, revelado pelo Palmeiras, continua sendo um dos nomes mais comentados do futebol brasileiro. Ap\u00f3s sua transfer\u00eancia para o Real Madrid, o jogador tem encontrado dificuldades para conquistar espa\u00e7o tanto em seu novo clube quanto na Sele\u00e7\u00e3o Brasileira. Mesmo assim, seu talento segue sendo reconhecido por treinadores e especialistas. Recentemente, Dorival J\u00fanior, [&hellip;]<\/p>\n","protected":false},"author":27,"featured_media":142254,"comment_status":"open","ping_status":"closed","sticky":false,"template":"","format":"standard","meta":{"footnotes":""},"categories":[478,150],"tags":[],"class_list":["post-244011","post","type-post","status-publish","format-standard","has-post-thumbnail","hentry","category-brasil","category-palmeiras"],"yoast_head":"<!-- This site is optimized with the Yoast SEO Premium plugin v24.2 (Yoast SEO v26.9) - https:\/\/yoast.com\/product\/yoast-seo-premium-wordpress\/ -->\n<title>A declara\u00e7\u00e3o de Dorival Jr direcionada ao Palmeiras<\/title>\n<meta name=\"robots\" content=\"index, follow, max-snippet:-1, max-image-preview:large, max-video-preview:-1\" \/>\n<link rel=\"canonical\" href=\"https:\/\/www.gaveanews.com\/index.php\/2025\/03\/24\/a-declaracao-de-dorival-jr-direcionada-ao-palmeiras\/\" \/>\n<meta property=\"og:locale\" content=\"pt_BR\" \/>\n<meta property=\"og:type\" content=\"article\" \/>\n<meta property=\"og:title\" content=\"A declara\u00e7\u00e3o de Dorival Jr direcionada ao Palmeiras\" \/>\n<meta property=\"og:description\" content=\"O jovem atacante Endrick, revelado pelo Palmeiras, continua sendo um dos nomes mais comentados do futebol brasileiro. Ap\u00f3s sua transfer\u00eancia para o Real Madrid, o jogador tem encontrado dificuldades para conquistar espa\u00e7o tanto em seu novo clube quanto na Sele\u00e7\u00e3o Brasileira. Mesmo assim, seu talento segue sendo reconhecido por treinadores e especialistas. Recentemente, Dorival J\u00fanior, [&hellip;]\" \/>\n<meta property=\"og:url\" content=\"https:\/\/www.gaveanews.com\/index.php\/2025\/03\/24\/a-declaracao-de-dorival-jr-direcionada-ao-palmeiras\/\" \/>\n<meta property=\"og:site_name\" content=\"G\u00e1vea News\" \/>\n<meta property=\"article:publisher\" content=\"https:\/\/facebook.com\/gaveaNews\/\" \/>\n<meta property=\"article:published_time\" content=\"2025-03-24T20:15:00+00:00\" \/>\n<meta name=\"author\" content=\"Matheus Felipe\" \/>\n<meta name=\"twitter:card\" content=\"summary_large_image\" \/>\n<meta name=\"twitter:label1\" content=\"Escrito por\" \/>\n\t<meta name=\"twitter:data1\" content=\"Matheus Felipe\" \/>\n\t<meta name=\"twitter:label2\" content=\"Est. tempo de leitura\" \/>\n\t<meta name=\"twitter:data2\" content=\"3 minutos\" \/>\n<script type=\"application\/ld+json\" class=\"yoast-schema-graph\">{\"@context\":\"https:\/\/schema.org\",\"@graph\":[{\"@type\":\"NewsArticle\",\"@id\":\"https:\/\/www.gaveanews.com\/index.php\/2025\/03\/24\/a-declaracao-de-dorival-jr-direcionada-ao-palmeiras\/#article\",\"isPartOf\":{\"@id\":\"https:\/\/www.gaveanews.com\/index.php\/2025\/03\/24\/a-declaracao-de-dorival-jr-direcionada-ao-palmeiras\/\"},\"author\":{\"name\":\"Matheus Felipe\",\"@id\":\"https:\/\/www.gaveanews.com\/#\/schema\/person\/8207cd4627f56151707418bfc835b2fb\"},\"headline\":\"A declara\u00e7\u00e3o de Dorival Jr direcionada ao Palmeiras\",\"datePublished\":\"2025-03-24T20:15:00+00:00\",\"mainEntityOfPage\":{\"@id\":\"https:\/\/www.gaveanews.com\/index.php\/2025\/03\/24\/a-declaracao-de-dorival-jr-direcionada-ao-palmeiras\/\"},\"wordCount\":362,\"commentCount\":0,\"image\":{\"@id\":\"https:\/\/www.gaveanews.com\/index.php\/2025\/03\/24\/a-declaracao-de-dorival-jr-direcionada-ao-palmeiras\/#primaryimage\"},\"thumbnailUrl\":\"https:\/\/www.gaveanews.com\/wp-content\/uploads\/2.avif\",\"articleSection\":[\"Brasil\",\"Palmeiras\"],\"inLanguage\":\"pt-BR\",\"potentialAction\":[{\"@type\":\"CommentAction\",\"name\":\"Comment\",\"target\":[\"https:\/\/www.gaveanews.com\/index.php\/2025\/03\/24\/a-declaracao-de-dorival-jr-direcionada-ao-palmeiras\/#respond\"]}],\"copyrightYear\":\"2025\",\"copyrightHolder\":{\"@id\":\"https:\/\/www.gaveanews.com\/#organization\"}},{\"@type\":\"WebPage\",\"@id\":\"https:\/\/www.gaveanews.com\/index.php\/2025\/03\/24\/a-declaracao-de-dorival-jr-direcionada-ao-palmeiras\/\",\"url\":\"https:\/\/www.gaveanews.com\/index.php\/2025\/03\/24\/a-declaracao-de-dorival-jr-direcionada-ao-palmeiras\/\",\"name\":\"A declara\u00e7\u00e3o de Dorival Jr direcionada ao Palmeiras\",\"isPartOf\":{\"@id\":\"https:\/\/www.gaveanews.com\/#website\"},\"primaryImageOfPage\":{\"@id\":\"https:\/\/www.gaveanews.com\/index.php\/2025\/03\/24\/a-declaracao-de-dorival-jr-direcionada-ao-palmeiras\/#primaryimage\"},\"image\":{\"@id\":\"https:\/\/www.gaveanews.com\/index.php\/2025\/03\/24\/a-declaracao-de-dorival-jr-direcionada-ao-palmeiras\/#primaryimage\"},\"thumbnailUrl\":\"https:\/\/www.gaveanews.com\/wp-content\/uploads\/2.avif\",\"datePublished\":\"2025-03-24T20:15:00+00:00\",\"author\":{\"@id\":\"https:\/\/www.gaveanews.com\/#\/schema\/person\/8207cd4627f56151707418bfc835b2fb\"},\"breadcrumb\":{\"@id\":\"https:\/\/www.gaveanews.com\/index.php\/2025\/03\/24\/a-declaracao-de-dorival-jr-direcionada-ao-palmeiras\/#breadcrumb\"},\"inLanguage\":\"pt-BR\",\"potentialAction\":[{\"@type\":\"ReadAction\",\"target\":[\"https:\/\/www.gaveanews.com\/index.php\/2025\/03\/24\/a-declaracao-de-dorival-jr-direcionada-ao-palmeiras\/\"]}]},{\"@type\":\"ImageObject\",\"inLanguage\":\"pt-BR\",\"@id\":\"https:\/\/www.gaveanews.com\/index.php\/2025\/03\/24\/a-declaracao-de-dorival-jr-direcionada-ao-palmeiras\/#primaryimage\",\"url\":\"https:\/\/www.gaveanews.com\/wp-content\/uploads\/2.avif\",\"contentUrl\":\"https:\/\/www.gaveanews.com\/wp-content\/uploads\/2.avif\",\"width\":984,\"height\":656,\"caption\":\"Dorival J\u00fanior \u2014 Foto: Andr\u00e9 Dur\u00e3o\"},{\"@type\":\"BreadcrumbList\",\"@id\":\"https:\/\/www.gaveanews.com\/index.php\/2025\/03\/24\/a-declaracao-de-dorival-jr-direcionada-ao-palmeiras\/#breadcrumb\",\"itemListElement\":[{\"@type\":\"ListItem\",\"position\":1,\"name\":\"Home\",\"item\":\"https:\/\/www.gaveanews.com\/\"},{\"@type\":\"ListItem\",\"position\":2,\"name\":\"A declara\u00e7\u00e3o de Dorival Jr direcionada ao Palmeiras\"}]},{\"@type\":\"WebSite\",\"@id\":\"https:\/\/www.gaveanews.com\/#website\",\"url\":\"https:\/\/www.gaveanews.com\/\",\"name\":\"G\u00e1vea News\",\"description\":\"Veja todas as not\u00edcias sobre o Flamengo: Contrata\u00e7\u00f5es, categorias de base, resultados das partidas, tabela de classifica\u00e7\u00e3o, pr\u00f3ximos jogos!\",\"potentialAction\":[{\"@type\":\"SearchAction\",\"target\":{\"@type\":\"EntryPoint\",\"urlTemplate\":\"https:\/\/www.gaveanews.com\/?s={search_term_string}\"},\"query-input\":{\"@type\":\"PropertyValueSpecification\",\"valueRequired\":true,\"valueName\":\"search_term_string\"}}],\"inLanguage\":\"pt-BR\"},{\"@type\":\"Person\",\"@id\":\"https:\/\/www.gaveanews.com\/#\/schema\/person\/8207cd4627f56151707418bfc835b2fb\",\"name\":\"Matheus Felipe\",\"image\":{\"@type\":\"ImageObject\",\"inLanguage\":\"pt-BR\",\"@id\":\"https:\/\/www.gaveanews.com\/#\/schema\/person\/image\/\",\"url\":\"https:\/\/secure.gravatar.com\/avatar\/a452ffbed9130f726358b298bb3a99ce4bd3c5338411f8440e87e14d74c7c087?s=96&d=mm&r=g\",\"contentUrl\":\"https:\/\/secure.gravatar.com\/avatar\/a452ffbed9130f726358b298bb3a99ce4bd3c5338411f8440e87e14d74c7c087?s=96&d=mm&r=g\",\"caption\":\"Matheus Felipe\"}}]}<\/script>\n<!-- \/ Yoast SEO Premium plugin. -->","yoast_head_json":{"title":"A declara\u00e7\u00e3o de Dorival Jr direcionada ao Palmeiras","robots":{"index":"index","follow":"follow","max-snippet":"max-snippet:-1","max-image-preview":"max-image-preview:large","max-video-preview":"max-video-preview:-1"},"canonical":"https:\/\/www.gaveanews.com\/index.php\/2025\/03\/24\/a-declaracao-de-dorival-jr-direcionada-ao-palmeiras\/","og_locale":"pt_BR","og_type":"article","og_title":"A declara\u00e7\u00e3o de Dorival Jr direcionada ao Palmeiras","og_description":"O jovem atacante Endrick, revelado pelo Palmeiras, continua sendo um dos nomes mais comentados do futebol brasileiro. Ap\u00f3s sua transfer\u00eancia para o Real Madrid, o jogador tem encontrado dificuldades para conquistar espa\u00e7o tanto em seu novo clube quanto na Sele\u00e7\u00e3o Brasileira. Mesmo assim, seu talento segue sendo reconhecido por treinadores e especialistas. Recentemente, Dorival J\u00fanior, [&hellip;]","og_url":"https:\/\/www.gaveanews.com\/index.php\/2025\/03\/24\/a-declaracao-de-dorival-jr-direcionada-ao-palmeiras\/","og_site_name":"G\u00e1vea News","article_publisher":"https:\/\/facebook.com\/gaveaNews\/","article_published_time":"2025-03-24T20:15:00+00:00","author":"Matheus Felipe","twitter_card":"summary_large_image","twitter_misc":{"Escrito por":"Matheus Felipe","Est. tempo de leitura":"3 minutos"},"schema":{"@context":"https:\/\/schema.org","@graph":[{"@type":"NewsArticle","@id":"https:\/\/www.gaveanews.com\/index.php\/2025\/03\/24\/a-declaracao-de-dorival-jr-direcionada-ao-palmeiras\/#article","isPartOf":{"@id":"https:\/\/www.gaveanews.com\/index.php\/2025\/03\/24\/a-declaracao-de-dorival-jr-direcionada-ao-palmeiras\/"},"author":{"name":"Matheus Felipe","@id":"https:\/\/www.gaveanews.com\/#\/schema\/person\/8207cd4627f56151707418bfc835b2fb"},"headline":"A declara\u00e7\u00e3o de Dorival Jr direcionada ao Palmeiras","datePublished":"2025-03-24T20:15:00+00:00","mainEntityOfPage":{"@id":"https:\/\/www.gaveanews.com\/index.php\/2025\/03\/24\/a-declaracao-de-dorival-jr-direcionada-ao-palmeiras\/"},"wordCount":362,"commentCount":0,"image":{"@id":"https:\/\/www.gaveanews.com\/index.php\/2025\/03\/24\/a-declaracao-de-dorival-jr-direcionada-ao-palmeiras\/#primaryimage"},"thumbnailUrl":"https:\/\/www.gaveanews.com\/wp-content\/uploads\/2.avif","articleSection":["Brasil","Palmeiras"],"inLanguage":"pt-BR","potentialAction":[{"@type":"CommentAction","name":"Comment","target":["https:\/\/www.gaveanews.com\/index.php\/2025\/03\/24\/a-declaracao-de-dorival-jr-direcionada-ao-palmeiras\/#respond"]}],"copyrightYear":"2025","copyrightHolder":{"@id":"https:\/\/www.gaveanews.com\/#organization"}},{"@type":"WebPage","@id":"https:\/\/www.gaveanews.com\/index.php\/2025\/03\/24\/a-declaracao-de-dorival-jr-direcionada-ao-palmeiras\/","url":"https:\/\/www.gaveanews.com\/index.php\/2025\/03\/24\/a-declaracao-de-dorival-jr-direcionada-ao-palmeiras\/","name":"A declara\u00e7\u00e3o de Dorival Jr direcionada ao Palmeiras","isPartOf":{"@id":"https:\/\/www.gaveanews.com\/#website"},"primaryImageOfPage":{"@id":"https:\/\/www.gaveanews.com\/index.php\/2025\/03\/24\/a-declaracao-de-dorival-jr-direcionada-ao-palmeiras\/#primaryimage"},"image":{"@id":"https:\/\/www.gaveanews.com\/index.php\/2025\/03\/24\/a-declaracao-de-dorival-jr-direcionada-ao-palmeiras\/#primaryimage"},"thumbnailUrl":"https:\/\/www.gaveanews.com\/wp-content\/uploads\/2.avif","datePublished":"2025-03-24T20:15:00+00:00","author":{"@id":"https:\/\/www.gaveanews.com\/#\/schema\/person\/8207cd4627f56151707418bfc835b2fb"},"breadcrumb":{"@id":"https:\/\/www.gaveanews.com\/index.php\/2025\/03\/24\/a-declaracao-de-dorival-jr-direcionada-ao-palmeiras\/#breadcrumb"},"inLanguage":"pt-BR","potentialAction":[{"@type":"ReadAction","target":["https:\/\/www.gaveanews.com\/index.php\/2025\/03\/24\/a-declaracao-de-dorival-jr-direcionada-ao-palmeiras\/"]}]},{"@type":"ImageObject","inLanguage":"pt-BR","@id":"https:\/\/www.gaveanews.com\/index.php\/2025\/03\/24\/a-declaracao-de-dorival-jr-direcionada-ao-palmeiras\/#primaryimage","url":"https:\/\/www.gaveanews.com\/wp-content\/uploads\/2.avif","contentUrl":"https:\/\/www.gaveanews.com\/wp-content\/uploads\/2.avif","width":984,"height":656,"caption":"Dorival J\u00fanior \u2014 Foto: Andr\u00e9 Dur\u00e3o"},{"@type":"BreadcrumbList","@id":"https:\/\/www.gaveanews.com\/index.php\/2025\/03\/24\/a-declaracao-de-dorival-jr-direcionada-ao-palmeiras\/#breadcrumb","itemListElement":[{"@type":"ListItem","position":1,"name":"Home","item":"https:\/\/www.gaveanews.com\/"},{"@type":"ListItem","position":2,"name":"A declara\u00e7\u00e3o de Dorival Jr direcionada ao Palmeiras"}]},{"@type":"WebSite","@id":"https:\/\/www.gaveanews.com\/#website","url":"https:\/\/www.gaveanews.com\/","name":"G\u00e1vea News","description":"Veja todas as not\u00edcias sobre o Flamengo: Contrata\u00e7\u00f5es, categorias de base, resultados das partidas, tabela de classifica\u00e7\u00e3o, pr\u00f3ximos jogos!","potentialAction":[{"@type":"SearchAction","target":{"@type":"EntryPoint","urlTemplate":"https:\/\/www.gaveanews.com\/?s={search_term_string}"},"query-input":{"@type":"PropertyValueSpecification","valueRequired":true,"valueName":"search_term_string"}}],"inLanguage":"pt-BR"},{"@type":"Person","@id":"https:\/\/www.gaveanews.com\/#\/schema\/person\/8207cd4627f56151707418bfc835b2fb","name":"Matheus Felipe","image":{"@type":"ImageObject","inLanguage":"pt-BR","@id":"https:\/\/www.gaveanews.com\/#\/schema\/person\/image\/","url":"https:\/\/secure.gravatar.com\/avatar\/a452ffbed9130f726358b298bb3a99ce4bd3c5338411f8440e87e14d74c7c087?s=96&d=mm&r=g","contentUrl":"https:\/\/secure.gravatar.com\/avatar\/a452ffbed9130f726358b298bb3a99ce4bd3c5338411f8440e87e14d74c7c087?s=96&d=mm&r=g","caption":"Matheus Felipe"}}]}},"_links":{"self":[{"href":"https:\/\/www.gaveanews.com\/index.php\/wp-json\/wp\/v2\/posts\/244011","targetHints":{"allow":["GET"]}}],"collection":[{"href":"https:\/\/www.gaveanews.com\/index.php\/wp-json\/wp\/v2\/posts"}],"about":[{"href":"https:\/\/www.gaveanews.com\/index.php\/wp-json\/wp\/v2\/types\/post"}],"author":[{"embeddable":true,"href":"https:\/\/www.gaveanews.com\/index.php\/wp-json\/wp\/v2\/users\/27"}],"replies":[{"embeddable":true,"href":"https:\/\/www.gaveanews.com\/index.php\/wp-json\/wp\/v2\/comments?post=244011"}],"version-history":[{"count":1,"href":"https:\/\/www.gaveanews.com\/index.php\/wp-json\/wp\/v2\/posts\/244011\/revisions"}],"predecessor-version":[{"id":244026,"href":"https:\/\/www.gaveanews.com\/index.php\/wp-json\/wp\/v2\/posts\/244011\/revisions\/244026"}],"wp:featuredmedia":[{"embeddable":true,"href":"https:\/\/www.gaveanews.com\/index.php\/wp-json\/wp\/v2\/media\/142254"}],"wp:attachment":[{"href":"https:\/\/www.gaveanews.com\/index.php\/wp-json\/wp\/v2\/media?parent=244011"}],"wp:term":[{"taxonomy":"category","embeddable":true,"href":"https:\/\/www.gaveanews.com\/index.php\/wp-json\/wp\/v2\/categories?post=244011"},{"taxonomy":"post_tag","embeddable":true,"href":"https:\/\/www.gaveanews.com\/index.php\/wp-json\/wp\/v2\/tags?post=244011"}],"curies":[{"name":"wp","href":"https:\/\/api.w.org\/{rel}","templated":true}]}}