{"id":244272,"date":"2025-03-25T01:45:00","date_gmt":"2025-03-25T04:45:00","guid":{"rendered":"https:\/\/www.gaveanews.com\/?p=244272"},"modified":"2025-03-24T22:27:54","modified_gmt":"2025-03-25T01:27:54","slug":"presidente-do-santos-marcelo-teixeira-manda-recado-para-ronaldo","status":"publish","type":"post","link":"https:\/\/www.gaveanews.com\/index.php\/2025\/03\/25\/presidente-do-santos-marcelo-teixeira-manda-recado-para-ronaldo\/","title":{"rendered":"Presidente do Santos, Marcelo Teixeira manda recado para Ronaldo"},"content":{"rendered":"\n<p>Durante a recente elei\u00e7\u00e3o para presid\u00eancia da CBF, o presidente do Santos, Marcelo Teixeira, declarou apoio \u00e0 reelei\u00e7\u00e3o de Ednaldo Rodrigues, que obteve 100% dos votos. Contudo, mesmo respaldando a continuidade do dirigente, Teixeira fez cr\u00edticas ao formato do pleito, marcado pela aus\u00eancia de concorr\u00eancia.<\/p>\n\n\n\n<p>\u201cAcho que o mais importante \u00e9 haver consist\u00eancia. N\u00e3o basta, como o Ronaldo, ter uma boa trajet\u00f3ria como atleta\u201d, afirmou o dirigente santista, referindo-se a Ronaldo Fen\u00f4meno, que chegou a manifestar interesse em disputar o comando da entidade. O ex-jogador, entretanto, n\u00e3o atendeu aos requisitos exigidos para formalizar sua candidatura.<\/p>\n\n\n\n<p>Marcelo Teixeira argumentou que ocupar a presid\u00eancia da CBF exige mais do que um nome consagrado no esporte. Segundo ele, \u00e9 necess\u00e1rio possuir experi\u00eancia administrativa, bagagem e uma equipe capacitada, capaz de contribuir com moderniza\u00e7\u00e3o e solu\u00e7\u00f5es estruturais, principalmente nas \u00e1reas de arbitragem e governan\u00e7a. \u201cO mais importante \u00e9 ter bagagem, experi\u00eancia e um grupo de trabalho que possa oferecer algo mais moderno\u201d, acrescentou.<\/p>\n\n\n\n<p>Apesar disso, o presidente do Santos salientou que sua cr\u00edtica \u00e0 falta de disputa eleitoral n\u00e3o representa oposi\u00e7\u00e3o ao atual presidente. \u201cGostar\u00edamos que, de forma democr\u00e1tica, tiv\u00e9ssemos outras op\u00e7\u00f5es de candidaturas, nada contr\u00e1rio \u00e0 perman\u00eancia do Ednaldo, at\u00e9 porque todos est\u00e3o apoiando a sua gest\u00e3o\u201d, esclareceu.<\/p>\n\n\n\n<p>Na vis\u00e3o do dirigente, a democracia interna nas entidades esportivas \u00e9 um fator determinante para o fortalecimento do futebol nacional. Assim sendo, ele destacou que um processo com mais alternativas favoreceria o debate e a qualifica\u00e7\u00e3o das propostas apresentadas.<\/p>\n\n\n\n<p>Por fim, Marcelo Teixeira refor\u00e7ou que a uni\u00e3o entre os clubes ser\u00e1 fundamental para o desenvolvimento do futebol brasileiro, abrangendo o masculino, o feminino e as categorias de base. \u201cAcredito que o trabalho \u00e9 de uma unidade entre os clubes, para que a gente fortale\u00e7a o esporte\u201d, concluiu.<\/p>\n","protected":false},"excerpt":{"rendered":"<p>Durante a recente elei\u00e7\u00e3o para presid\u00eancia da CBF, o presidente do Santos, Marcelo Teixeira, declarou apoio \u00e0 reelei\u00e7\u00e3o de Ednaldo Rodrigues, que obteve 100% dos votos. Contudo, mesmo respaldando a continuidade do dirigente, Teixeira fez cr\u00edticas ao formato do pleito, marcado pela aus\u00eancia de concorr\u00eancia. \u201cAcho que o mais importante \u00e9 haver consist\u00eancia. N\u00e3o basta, [&hellip;]<\/p>\n","protected":false},"author":18,"featured_media":147635,"comment_status":"open","ping_status":"closed","sticky":false,"template":"","format":"standard","meta":{"footnotes":""},"categories":[139],"tags":[],"class_list":["post-244272","post","type-post","status-publish","format-standard","has-post-thumbnail","hentry","category-santos"],"yoast_head":"<!-- This site is optimized with the Yoast SEO Premium plugin v24.2 (Yoast SEO v26.9) - https:\/\/yoast.com\/product\/yoast-seo-premium-wordpress\/ -->\n<title>Presidente do Santos, Marcelo Teixeira manda recado para Ronaldo<\/title>\n<meta name=\"robots\" content=\"index, follow, max-snippet:-1, max-image-preview:large, max-video-preview:-1\" \/>\n<link rel=\"canonical\" href=\"https:\/\/www.gaveanews.com\/index.php\/2025\/03\/25\/presidente-do-santos-marcelo-teixeira-manda-recado-para-ronaldo\/\" \/>\n<meta property=\"og:locale\" content=\"pt_BR\" \/>\n<meta property=\"og:type\" content=\"article\" \/>\n<meta property=\"og:title\" content=\"Presidente do Santos, Marcelo Teixeira manda recado para Ronaldo\" \/>\n<meta property=\"og:description\" content=\"Durante a recente elei\u00e7\u00e3o para presid\u00eancia da CBF, o presidente do Santos, Marcelo Teixeira, declarou apoio \u00e0 reelei\u00e7\u00e3o de Ednaldo Rodrigues, que obteve 100% dos votos. Contudo, mesmo respaldando a continuidade do dirigente, Teixeira fez cr\u00edticas ao formato do pleito, marcado pela aus\u00eancia de concorr\u00eancia. \u201cAcho que o mais importante \u00e9 haver consist\u00eancia. N\u00e3o basta, [&hellip;]\" \/>\n<meta property=\"og:url\" content=\"https:\/\/www.gaveanews.com\/index.php\/2025\/03\/25\/presidente-do-santos-marcelo-teixeira-manda-recado-para-ronaldo\/\" \/>\n<meta property=\"og:site_name\" content=\"G\u00e1vea News\" \/>\n<meta property=\"article:publisher\" content=\"https:\/\/facebook.com\/gaveaNews\/\" \/>\n<meta property=\"article:published_time\" content=\"2025-03-25T04:45:00+00:00\" \/>\n<meta property=\"og:image\" content=\"https:\/\/www.gaveanews.com\/wp-content\/uploads\/Marcelo-Teixeira-apos-a-eleicao-do-Santos-em-2023.webp\" \/>\n\t<meta property=\"og:image:width\" content=\"1024\" \/>\n\t<meta property=\"og:image:height\" content=\"683\" \/>\n\t<meta property=\"og:image:type\" content=\"image\/jpeg\" \/>\n<meta name=\"author\" content=\"Paula Silva\" \/>\n<meta name=\"twitter:card\" content=\"summary_large_image\" \/>\n<meta name=\"twitter:label1\" content=\"Escrito por\" \/>\n\t<meta name=\"twitter:data1\" content=\"Paula Silva\" \/>\n\t<meta name=\"twitter:label2\" content=\"Est. tempo de leitura\" \/>\n\t<meta name=\"twitter:data2\" content=\"2 minutos\" \/>\n<script type=\"application\/ld+json\" class=\"yoast-schema-graph\">{\"@context\":\"https:\/\/schema.org\",\"@graph\":[{\"@type\":\"NewsArticle\",\"@id\":\"https:\/\/www.gaveanews.com\/index.php\/2025\/03\/25\/presidente-do-santos-marcelo-teixeira-manda-recado-para-ronaldo\/#article\",\"isPartOf\":{\"@id\":\"https:\/\/www.gaveanews.com\/index.php\/2025\/03\/25\/presidente-do-santos-marcelo-teixeira-manda-recado-para-ronaldo\/\"},\"author\":{\"name\":\"Paula Silva\",\"@id\":\"https:\/\/www.gaveanews.com\/#\/schema\/person\/daf63eec72e1164eb13dc35096c2b8da\"},\"headline\":\"Presidente do Santos, Marcelo Teixeira manda recado para Ronaldo\",\"datePublished\":\"2025-03-25T04:45:00+00:00\",\"mainEntityOfPage\":{\"@id\":\"https:\/\/www.gaveanews.com\/index.php\/2025\/03\/25\/presidente-do-santos-marcelo-teixeira-manda-recado-para-ronaldo\/\"},\"wordCount\":326,\"commentCount\":0,\"image\":{\"@id\":\"https:\/\/www.gaveanews.com\/index.php\/2025\/03\/25\/presidente-do-santos-marcelo-teixeira-manda-recado-para-ronaldo\/#primaryimage\"},\"thumbnailUrl\":\"https:\/\/www.gaveanews.com\/wp-content\/uploads\/Marcelo-Teixeira-apos-a-eleicao-do-Santos-em-2023.webp\",\"articleSection\":[\"Santos\"],\"inLanguage\":\"pt-BR\",\"potentialAction\":[{\"@type\":\"CommentAction\",\"name\":\"Comment\",\"target\":[\"https:\/\/www.gaveanews.com\/index.php\/2025\/03\/25\/presidente-do-santos-marcelo-teixeira-manda-recado-para-ronaldo\/#respond\"]}],\"copyrightYear\":\"2025\",\"copyrightHolder\":{\"@id\":\"https:\/\/www.gaveanews.com\/#organization\"}},{\"@type\":\"WebPage\",\"@id\":\"https:\/\/www.gaveanews.com\/index.php\/2025\/03\/25\/presidente-do-santos-marcelo-teixeira-manda-recado-para-ronaldo\/\",\"url\":\"https:\/\/www.gaveanews.com\/index.php\/2025\/03\/25\/presidente-do-santos-marcelo-teixeira-manda-recado-para-ronaldo\/\",\"name\":\"Presidente do Santos, Marcelo Teixeira manda recado para Ronaldo\",\"isPartOf\":{\"@id\":\"https:\/\/www.gaveanews.com\/#website\"},\"primaryImageOfPage\":{\"@id\":\"https:\/\/www.gaveanews.com\/index.php\/2025\/03\/25\/presidente-do-santos-marcelo-teixeira-manda-recado-para-ronaldo\/#primaryimage\"},\"image\":{\"@id\":\"https:\/\/www.gaveanews.com\/index.php\/2025\/03\/25\/presidente-do-santos-marcelo-teixeira-manda-recado-para-ronaldo\/#primaryimage\"},\"thumbnailUrl\":\"https:\/\/www.gaveanews.com\/wp-content\/uploads\/Marcelo-Teixeira-apos-a-eleicao-do-Santos-em-2023.webp\",\"datePublished\":\"2025-03-25T04:45:00+00:00\",\"author\":{\"@id\":\"https:\/\/www.gaveanews.com\/#\/schema\/person\/daf63eec72e1164eb13dc35096c2b8da\"},\"breadcrumb\":{\"@id\":\"https:\/\/www.gaveanews.com\/index.php\/2025\/03\/25\/presidente-do-santos-marcelo-teixeira-manda-recado-para-ronaldo\/#breadcrumb\"},\"inLanguage\":\"pt-BR\",\"potentialAction\":[{\"@type\":\"ReadAction\",\"target\":[\"https:\/\/www.gaveanews.com\/index.php\/2025\/03\/25\/presidente-do-santos-marcelo-teixeira-manda-recado-para-ronaldo\/\"]}]},{\"@type\":\"ImageObject\",\"inLanguage\":\"pt-BR\",\"@id\":\"https:\/\/www.gaveanews.com\/index.php\/2025\/03\/25\/presidente-do-santos-marcelo-teixeira-manda-recado-para-ronaldo\/#primaryimage\",\"url\":\"https:\/\/www.gaveanews.com\/wp-content\/uploads\/Marcelo-Teixeira-apos-a-eleicao-do-Santos-em-2023.webp\",\"contentUrl\":\"https:\/\/www.gaveanews.com\/wp-content\/uploads\/Marcelo-Teixeira-apos-a-eleicao-do-Santos-em-2023.webp\",\"width\":1024,\"height\":683,\"caption\":\"Marcelo Teixeira ap\u00f3s a elei\u00e7\u00e3o do Santos em 2023 (Foto: Reprodu\u00e7\u00e3o\/Santos)\"},{\"@type\":\"BreadcrumbList\",\"@id\":\"https:\/\/www.gaveanews.com\/index.php\/2025\/03\/25\/presidente-do-santos-marcelo-teixeira-manda-recado-para-ronaldo\/#breadcrumb\",\"itemListElement\":[{\"@type\":\"ListItem\",\"position\":1,\"name\":\"Home\",\"item\":\"https:\/\/www.gaveanews.com\/\"},{\"@type\":\"ListItem\",\"position\":2,\"name\":\"Presidente do Santos, Marcelo Teixeira manda recado para Ronaldo\"}]},{\"@type\":\"WebSite\",\"@id\":\"https:\/\/www.gaveanews.com\/#website\",\"url\":\"https:\/\/www.gaveanews.com\/\",\"name\":\"G\u00e1vea News\",\"description\":\"Veja todas as not\u00edcias sobre o Flamengo: Contrata\u00e7\u00f5es, categorias de base, resultados das partidas, tabela de classifica\u00e7\u00e3o, pr\u00f3ximos jogos!\",\"potentialAction\":[{\"@type\":\"SearchAction\",\"target\":{\"@type\":\"EntryPoint\",\"urlTemplate\":\"https:\/\/www.gaveanews.com\/?s={search_term_string}\"},\"query-input\":{\"@type\":\"PropertyValueSpecification\",\"valueRequired\":true,\"valueName\":\"search_term_string\"}}],\"inLanguage\":\"pt-BR\"},{\"@type\":\"Person\",\"@id\":\"https:\/\/www.gaveanews.com\/#\/schema\/person\/daf63eec72e1164eb13dc35096c2b8da\",\"name\":\"Paula Silva\",\"image\":{\"@type\":\"ImageObject\",\"inLanguage\":\"pt-BR\",\"@id\":\"https:\/\/www.gaveanews.com\/#\/schema\/person\/image\/\",\"url\":\"https:\/\/secure.gravatar.com\/avatar\/eda381c845527cc5d64c13b901833cda29d97500ba040d3e6461f76f51d163bb?s=96&d=mm&r=g\",\"contentUrl\":\"https:\/\/secure.gravatar.com\/avatar\/eda381c845527cc5d64c13b901833cda29d97500ba040d3e6461f76f51d163bb?s=96&d=mm&r=g\",\"caption\":\"Paula Silva\"}}]}<\/script>\n<!-- \/ Yoast SEO Premium plugin. -->","yoast_head_json":{"title":"Presidente do Santos, Marcelo Teixeira manda recado para Ronaldo","robots":{"index":"index","follow":"follow","max-snippet":"max-snippet:-1","max-image-preview":"max-image-preview:large","max-video-preview":"max-video-preview:-1"},"canonical":"https:\/\/www.gaveanews.com\/index.php\/2025\/03\/25\/presidente-do-santos-marcelo-teixeira-manda-recado-para-ronaldo\/","og_locale":"pt_BR","og_type":"article","og_title":"Presidente do Santos, Marcelo Teixeira manda recado para Ronaldo","og_description":"Durante a recente elei\u00e7\u00e3o para presid\u00eancia da CBF, o presidente do Santos, Marcelo Teixeira, declarou apoio \u00e0 reelei\u00e7\u00e3o de Ednaldo Rodrigues, que obteve 100% dos votos. Contudo, mesmo respaldando a continuidade do dirigente, Teixeira fez cr\u00edticas ao formato do pleito, marcado pela aus\u00eancia de concorr\u00eancia. \u201cAcho que o mais importante \u00e9 haver consist\u00eancia. N\u00e3o basta, [&hellip;]","og_url":"https:\/\/www.gaveanews.com\/index.php\/2025\/03\/25\/presidente-do-santos-marcelo-teixeira-manda-recado-para-ronaldo\/","og_site_name":"G\u00e1vea News","article_publisher":"https:\/\/facebook.com\/gaveaNews\/","article_published_time":"2025-03-25T04:45:00+00:00","og_image":[{"width":1024,"height":683,"url":"https:\/\/www.gaveanews.com\/wp-content\/uploads\/Marcelo-Teixeira-apos-a-eleicao-do-Santos-em-2023.webp","type":"image\/jpeg"}],"author":"Paula Silva","twitter_card":"summary_large_image","twitter_misc":{"Escrito por":"Paula Silva","Est. tempo de leitura":"2 minutos"},"schema":{"@context":"https:\/\/schema.org","@graph":[{"@type":"NewsArticle","@id":"https:\/\/www.gaveanews.com\/index.php\/2025\/03\/25\/presidente-do-santos-marcelo-teixeira-manda-recado-para-ronaldo\/#article","isPartOf":{"@id":"https:\/\/www.gaveanews.com\/index.php\/2025\/03\/25\/presidente-do-santos-marcelo-teixeira-manda-recado-para-ronaldo\/"},"author":{"name":"Paula Silva","@id":"https:\/\/www.gaveanews.com\/#\/schema\/person\/daf63eec72e1164eb13dc35096c2b8da"},"headline":"Presidente do Santos, Marcelo Teixeira manda recado para Ronaldo","datePublished":"2025-03-25T04:45:00+00:00","mainEntityOfPage":{"@id":"https:\/\/www.gaveanews.com\/index.php\/2025\/03\/25\/presidente-do-santos-marcelo-teixeira-manda-recado-para-ronaldo\/"},"wordCount":326,"commentCount":0,"image":{"@id":"https:\/\/www.gaveanews.com\/index.php\/2025\/03\/25\/presidente-do-santos-marcelo-teixeira-manda-recado-para-ronaldo\/#primaryimage"},"thumbnailUrl":"https:\/\/www.gaveanews.com\/wp-content\/uploads\/Marcelo-Teixeira-apos-a-eleicao-do-Santos-em-2023.webp","articleSection":["Santos"],"inLanguage":"pt-BR","potentialAction":[{"@type":"CommentAction","name":"Comment","target":["https:\/\/www.gaveanews.com\/index.php\/2025\/03\/25\/presidente-do-santos-marcelo-teixeira-manda-recado-para-ronaldo\/#respond"]}],"copyrightYear":"2025","copyrightHolder":{"@id":"https:\/\/www.gaveanews.com\/#organization"}},{"@type":"WebPage","@id":"https:\/\/www.gaveanews.com\/index.php\/2025\/03\/25\/presidente-do-santos-marcelo-teixeira-manda-recado-para-ronaldo\/","url":"https:\/\/www.gaveanews.com\/index.php\/2025\/03\/25\/presidente-do-santos-marcelo-teixeira-manda-recado-para-ronaldo\/","name":"Presidente do Santos, Marcelo Teixeira manda recado para Ronaldo","isPartOf":{"@id":"https:\/\/www.gaveanews.com\/#website"},"primaryImageOfPage":{"@id":"https:\/\/www.gaveanews.com\/index.php\/2025\/03\/25\/presidente-do-santos-marcelo-teixeira-manda-recado-para-ronaldo\/#primaryimage"},"image":{"@id":"https:\/\/www.gaveanews.com\/index.php\/2025\/03\/25\/presidente-do-santos-marcelo-teixeira-manda-recado-para-ronaldo\/#primaryimage"},"thumbnailUrl":"https:\/\/www.gaveanews.com\/wp-content\/uploads\/Marcelo-Teixeira-apos-a-eleicao-do-Santos-em-2023.webp","datePublished":"2025-03-25T04:45:00+00:00","author":{"@id":"https:\/\/www.gaveanews.com\/#\/schema\/person\/daf63eec72e1164eb13dc35096c2b8da"},"breadcrumb":{"@id":"https:\/\/www.gaveanews.com\/index.php\/2025\/03\/25\/presidente-do-santos-marcelo-teixeira-manda-recado-para-ronaldo\/#breadcrumb"},"inLanguage":"pt-BR","potentialAction":[{"@type":"ReadAction","target":["https:\/\/www.gaveanews.com\/index.php\/2025\/03\/25\/presidente-do-santos-marcelo-teixeira-manda-recado-para-ronaldo\/"]}]},{"@type":"ImageObject","inLanguage":"pt-BR","@id":"https:\/\/www.gaveanews.com\/index.php\/2025\/03\/25\/presidente-do-santos-marcelo-teixeira-manda-recado-para-ronaldo\/#primaryimage","url":"https:\/\/www.gaveanews.com\/wp-content\/uploads\/Marcelo-Teixeira-apos-a-eleicao-do-Santos-em-2023.webp","contentUrl":"https:\/\/www.gaveanews.com\/wp-content\/uploads\/Marcelo-Teixeira-apos-a-eleicao-do-Santos-em-2023.webp","width":1024,"height":683,"caption":"Marcelo Teixeira ap\u00f3s a elei\u00e7\u00e3o do Santos em 2023 (Foto: Reprodu\u00e7\u00e3o\/Santos)"},{"@type":"BreadcrumbList","@id":"https:\/\/www.gaveanews.com\/index.php\/2025\/03\/25\/presidente-do-santos-marcelo-teixeira-manda-recado-para-ronaldo\/#breadcrumb","itemListElement":[{"@type":"ListItem","position":1,"name":"Home","item":"https:\/\/www.gaveanews.com\/"},{"@type":"ListItem","position":2,"name":"Presidente do Santos, Marcelo Teixeira manda recado para Ronaldo"}]},{"@type":"WebSite","@id":"https:\/\/www.gaveanews.com\/#website","url":"https:\/\/www.gaveanews.com\/","name":"G\u00e1vea News","description":"Veja todas as not\u00edcias sobre o Flamengo: Contrata\u00e7\u00f5es, categorias de base, resultados das partidas, tabela de classifica\u00e7\u00e3o, pr\u00f3ximos jogos!","potentialAction":[{"@type":"SearchAction","target":{"@type":"EntryPoint","urlTemplate":"https:\/\/www.gaveanews.com\/?s={search_term_string}"},"query-input":{"@type":"PropertyValueSpecification","valueRequired":true,"valueName":"search_term_string"}}],"inLanguage":"pt-BR"},{"@type":"Person","@id":"https:\/\/www.gaveanews.com\/#\/schema\/person\/daf63eec72e1164eb13dc35096c2b8da","name":"Paula Silva","image":{"@type":"ImageObject","inLanguage":"pt-BR","@id":"https:\/\/www.gaveanews.com\/#\/schema\/person\/image\/","url":"https:\/\/secure.gravatar.com\/avatar\/eda381c845527cc5d64c13b901833cda29d97500ba040d3e6461f76f51d163bb?s=96&d=mm&r=g","contentUrl":"https:\/\/secure.gravatar.com\/avatar\/eda381c845527cc5d64c13b901833cda29d97500ba040d3e6461f76f51d163bb?s=96&d=mm&r=g","caption":"Paula Silva"}}]}},"_links":{"self":[{"href":"https:\/\/www.gaveanews.com\/index.php\/wp-json\/wp\/v2\/posts\/244272","targetHints":{"allow":["GET"]}}],"collection":[{"href":"https:\/\/www.gaveanews.com\/index.php\/wp-json\/wp\/v2\/posts"}],"about":[{"href":"https:\/\/www.gaveanews.com\/index.php\/wp-json\/wp\/v2\/types\/post"}],"author":[{"embeddable":true,"href":"https:\/\/www.gaveanews.com\/index.php\/wp-json\/wp\/v2\/users\/18"}],"replies":[{"embeddable":true,"href":"https:\/\/www.gaveanews.com\/index.php\/wp-json\/wp\/v2\/comments?post=244272"}],"version-history":[{"count":1,"href":"https:\/\/www.gaveanews.com\/index.php\/wp-json\/wp\/v2\/posts\/244272\/revisions"}],"predecessor-version":[{"id":244282,"href":"https:\/\/www.gaveanews.com\/index.php\/wp-json\/wp\/v2\/posts\/244272\/revisions\/244282"}],"wp:featuredmedia":[{"embeddable":true,"href":"https:\/\/www.gaveanews.com\/index.php\/wp-json\/wp\/v2\/media\/147635"}],"wp:attachment":[{"href":"https:\/\/www.gaveanews.com\/index.php\/wp-json\/wp\/v2\/media?parent=244272"}],"wp:term":[{"taxonomy":"category","embeddable":true,"href":"https:\/\/www.gaveanews.com\/index.php\/wp-json\/wp\/v2\/categories?post=244272"},{"taxonomy":"post_tag","embeddable":true,"href":"https:\/\/www.gaveanews.com\/index.php\/wp-json\/wp\/v2\/tags?post=244272"}],"curies":[{"name":"wp","href":"https:\/\/api.w.org\/{rel}","templated":true}]}}