{"id":244284,"date":"2025-03-25T02:10:00","date_gmt":"2025-03-25T05:10:00","guid":{"rendered":"https:\/\/www.gaveanews.com\/?p=244284"},"modified":"2025-03-24T22:49:39","modified_gmt":"2025-03-25T01:49:39","slug":"sem-chances-com-ramon-diaz-ele-esta-esquecido-no-corinthians","status":"publish","type":"post","link":"https:\/\/www.gaveanews.com\/index.php\/2025\/03\/25\/sem-chances-com-ramon-diaz-ele-esta-esquecido-no-corinthians\/","title":{"rendered":"Sem chances com Ram\u00f3n D\u00edaz, ele est\u00e1 esquecido no\u00a0Corinthians"},"content":{"rendered":"\n<p>A fase de H\u00e9ctor Hern\u00e1ndez no Corinthians segue marcada pela escassez de oportunidades e cobran\u00e7as crescentes da torcida. O atacante espanhol completou recentemente um m\u00eas sem entrar em campo, mesmo ap\u00f3s a sa\u00edda de Pedro Raul, que abriu vaga no elenco ofensivo do clube. A \u00faltima vez que Hern\u00e1ndez foi utilizado aconteceu no empate com o Guarani, em 23 de fevereiro, na Neo Qu\u00edmica Arena.<\/p>\n\n\n\n<p>Desde ent\u00e3o, o jogador perdeu espa\u00e7o, inclusive no banco de reservas. Dos seis jogos seguintes do time, o centroavante foi relacionado em apenas um \u2013 contra o Barcelona, no Equador, pela fase preliminar da Libertadores. Nem mesmo no jogo de volta, em S\u00e3o Paulo, quando o Corinthians precisava de uma vit\u00f3ria por tr\u00eas gols de diferen\u00e7a, ele foi inclu\u00eddo entre os suplentes por Ram\u00f3n D\u00edaz.<\/p>\n\n\n\n<p>O treinador argentino, ali\u00e1s, tem optado por levar apenas Romero e Talles Magno como op\u00e7\u00f5es de ataque nos confrontos decisivos. Conforme apurado, a aus\u00eancia de Hern\u00e1ndez se d\u00e1 por crit\u00e9rios t\u00e9cnicos. Ele treina normalmente e n\u00e3o enfrenta qualquer problema f\u00edsico. O \u00fanico jogador entregue ao departamento m\u00e9dico recentemente era Igor Coronado, j\u00e1 em transi\u00e7\u00e3o f\u00edsica.<\/p>\n\n\n\n<p>Enquanto isso, parte da torcida tem intensificado as cr\u00edticas ao desempenho do atacante. Nas redes sociais, torcedores t\u00eam comparado a situa\u00e7\u00e3o do espanhol \u00e0 de Pedro Raul, que foi emprestado ao Cear\u00e1 no m\u00eas passado. \u201cAproveita o bonde e faz que nem o Pedro Raul, vai ser feliz em outro time!\u201d, escreveu um torcedor. Outro comentou: \u201cO n\u00edvel dele pelo que mostrou n\u00e3o d\u00e1\u201d.<\/p>\n\n\n\n<p>H\u00e9ctor Hern\u00e1ndez chegou ao Corinthians ap\u00f3s uma boa temporada com o GD Chaves, de Portugal, onde marcou 14 gols em 34 partidas. Contudo, ainda n\u00e3o conseguiu repetir esse desempenho no futebol brasileiro. Com contrato v\u00e1lido at\u00e9 31 de dezembro de 2026, ele soma 11 jogos com a camisa alvinegra, seis deles na atual temporada, sem balan\u00e7ar as redes.<\/p>\n\n\n\n<p>Apesar do momento, o atacante mant\u00e9m v\u00ednculos com o clube fora das quatro linhas. No \u00faltimo domingo, assistiu ao jogo de ida da final do Campeonato Paulista contra o Palmeiras ao lado de torcedores em um estabelecimento ligado \u00e0 fam\u00edlia do presidente Augusto Melo. A presen\u00e7a foi vista como um gesto de proximidade, mesmo em um cen\u00e1rio de incerteza quanto ao seu futuro no elenco.<\/p>\n","protected":false},"excerpt":{"rendered":"<p>A fase de H\u00e9ctor Hern\u00e1ndez no Corinthians segue marcada pela escassez de oportunidades e cobran\u00e7as crescentes da torcida. O atacante espanhol completou recentemente um m\u00eas sem entrar em campo, mesmo ap\u00f3s a sa\u00edda de Pedro Raul, que abriu vaga no elenco ofensivo do clube. A \u00faltima vez que Hern\u00e1ndez foi utilizado aconteceu no empate com [&hellip;]<\/p>\n","protected":false},"author":18,"featured_media":190015,"comment_status":"open","ping_status":"closed","sticky":false,"template":"","format":"standard","meta":{"footnotes":""},"categories":[141],"tags":[],"class_list":["post-244284","post","type-post","status-publish","format-standard","has-post-thumbnail","hentry","category-corinthians"],"yoast_head":"<!-- This site is optimized with the Yoast SEO Premium plugin v24.2 (Yoast SEO v26.9) - https:\/\/yoast.com\/product\/yoast-seo-premium-wordpress\/ -->\n<title>Sem chances com Ram\u00f3n D\u00edaz, ele est\u00e1 esquecido no\u00a0Corinthians<\/title>\n<meta name=\"robots\" content=\"index, follow, max-snippet:-1, max-image-preview:large, max-video-preview:-1\" \/>\n<link rel=\"canonical\" href=\"https:\/\/www.gaveanews.com\/index.php\/2025\/03\/25\/sem-chances-com-ramon-diaz-ele-esta-esquecido-no-corinthians\/\" \/>\n<meta property=\"og:locale\" content=\"pt_BR\" \/>\n<meta property=\"og:type\" content=\"article\" \/>\n<meta property=\"og:title\" content=\"Sem chances com Ram\u00f3n D\u00edaz, ele est\u00e1 esquecido no\u00a0Corinthians\" \/>\n<meta property=\"og:description\" content=\"A fase de H\u00e9ctor Hern\u00e1ndez no Corinthians segue marcada pela escassez de oportunidades e cobran\u00e7as crescentes da torcida. O atacante espanhol completou recentemente um m\u00eas sem entrar em campo, mesmo ap\u00f3s a sa\u00edda de Pedro Raul, que abriu vaga no elenco ofensivo do clube. A \u00faltima vez que Hern\u00e1ndez foi utilizado aconteceu no empate com [&hellip;]\" \/>\n<meta property=\"og:url\" content=\"https:\/\/www.gaveanews.com\/index.php\/2025\/03\/25\/sem-chances-com-ramon-diaz-ele-esta-esquecido-no-corinthians\/\" \/>\n<meta property=\"og:site_name\" content=\"G\u00e1vea News\" \/>\n<meta property=\"article:publisher\" content=\"https:\/\/facebook.com\/gaveaNews\/\" \/>\n<meta property=\"article:published_time\" content=\"2025-03-25T05:10:00+00:00\" \/>\n<meta property=\"og:image\" content=\"https:\/\/www.gaveanews.com\/wp-content\/uploads\/Ramon-Diaz-pelo-Corinthians-em-2024-1.webp\" \/>\n\t<meta property=\"og:image:width\" content=\"774\" \/>\n\t<meta property=\"og:image:height\" content=\"483\" \/>\n\t<meta property=\"og:image:type\" content=\"image\/webp\" \/>\n<meta name=\"author\" content=\"Paula Silva\" \/>\n<meta name=\"twitter:card\" content=\"summary_large_image\" \/>\n<meta name=\"twitter:label1\" content=\"Escrito por\" \/>\n\t<meta name=\"twitter:data1\" content=\"Paula Silva\" \/>\n\t<meta name=\"twitter:label2\" content=\"Est. tempo de leitura\" \/>\n\t<meta name=\"twitter:data2\" content=\"3 minutos\" \/>\n<script type=\"application\/ld+json\" class=\"yoast-schema-graph\">{\"@context\":\"https:\/\/schema.org\",\"@graph\":[{\"@type\":\"NewsArticle\",\"@id\":\"https:\/\/www.gaveanews.com\/index.php\/2025\/03\/25\/sem-chances-com-ramon-diaz-ele-esta-esquecido-no-corinthians\/#article\",\"isPartOf\":{\"@id\":\"https:\/\/www.gaveanews.com\/index.php\/2025\/03\/25\/sem-chances-com-ramon-diaz-ele-esta-esquecido-no-corinthians\/\"},\"author\":{\"name\":\"Paula Silva\",\"@id\":\"https:\/\/www.gaveanews.com\/#\/schema\/person\/daf63eec72e1164eb13dc35096c2b8da\"},\"headline\":\"Sem chances com Ram\u00f3n D\u00edaz, ele est\u00e1 esquecido no\u00a0Corinthians\",\"datePublished\":\"2025-03-25T05:10:00+00:00\",\"mainEntityOfPage\":{\"@id\":\"https:\/\/www.gaveanews.com\/index.php\/2025\/03\/25\/sem-chances-com-ramon-diaz-ele-esta-esquecido-no-corinthians\/\"},\"wordCount\":420,\"commentCount\":0,\"image\":{\"@id\":\"https:\/\/www.gaveanews.com\/index.php\/2025\/03\/25\/sem-chances-com-ramon-diaz-ele-esta-esquecido-no-corinthians\/#primaryimage\"},\"thumbnailUrl\":\"https:\/\/www.gaveanews.com\/wp-content\/uploads\/Ramon-Diaz-pelo-Corinthians-em-2024-1.webp\",\"articleSection\":[\"Corinthians\"],\"inLanguage\":\"pt-BR\",\"potentialAction\":[{\"@type\":\"CommentAction\",\"name\":\"Comment\",\"target\":[\"https:\/\/www.gaveanews.com\/index.php\/2025\/03\/25\/sem-chances-com-ramon-diaz-ele-esta-esquecido-no-corinthians\/#respond\"]}],\"copyrightYear\":\"2025\",\"copyrightHolder\":{\"@id\":\"https:\/\/www.gaveanews.com\/#organization\"}},{\"@type\":\"WebPage\",\"@id\":\"https:\/\/www.gaveanews.com\/index.php\/2025\/03\/25\/sem-chances-com-ramon-diaz-ele-esta-esquecido-no-corinthians\/\",\"url\":\"https:\/\/www.gaveanews.com\/index.php\/2025\/03\/25\/sem-chances-com-ramon-diaz-ele-esta-esquecido-no-corinthians\/\",\"name\":\"Sem chances com Ram\u00f3n D\u00edaz, ele est\u00e1 esquecido no\u00a0Corinthians\",\"isPartOf\":{\"@id\":\"https:\/\/www.gaveanews.com\/#website\"},\"primaryImageOfPage\":{\"@id\":\"https:\/\/www.gaveanews.com\/index.php\/2025\/03\/25\/sem-chances-com-ramon-diaz-ele-esta-esquecido-no-corinthians\/#primaryimage\"},\"image\":{\"@id\":\"https:\/\/www.gaveanews.com\/index.php\/2025\/03\/25\/sem-chances-com-ramon-diaz-ele-esta-esquecido-no-corinthians\/#primaryimage\"},\"thumbnailUrl\":\"https:\/\/www.gaveanews.com\/wp-content\/uploads\/Ramon-Diaz-pelo-Corinthians-em-2024-1.webp\",\"datePublished\":\"2025-03-25T05:10:00+00:00\",\"author\":{\"@id\":\"https:\/\/www.gaveanews.com\/#\/schema\/person\/daf63eec72e1164eb13dc35096c2b8da\"},\"breadcrumb\":{\"@id\":\"https:\/\/www.gaveanews.com\/index.php\/2025\/03\/25\/sem-chances-com-ramon-diaz-ele-esta-esquecido-no-corinthians\/#breadcrumb\"},\"inLanguage\":\"pt-BR\",\"potentialAction\":[{\"@type\":\"ReadAction\",\"target\":[\"https:\/\/www.gaveanews.com\/index.php\/2025\/03\/25\/sem-chances-com-ramon-diaz-ele-esta-esquecido-no-corinthians\/\"]}]},{\"@type\":\"ImageObject\",\"inLanguage\":\"pt-BR\",\"@id\":\"https:\/\/www.gaveanews.com\/index.php\/2025\/03\/25\/sem-chances-com-ramon-diaz-ele-esta-esquecido-no-corinthians\/#primaryimage\",\"url\":\"https:\/\/www.gaveanews.com\/wp-content\/uploads\/Ramon-Diaz-pelo-Corinthians-em-2024-1.webp\",\"contentUrl\":\"https:\/\/www.gaveanews.com\/wp-content\/uploads\/Ramon-Diaz-pelo-Corinthians-em-2024-1.webp\",\"width\":774,\"height\":483,\"caption\":\"Ram\u00f3n D\u00edaz pelo Corinthians em 2024 (Foto: Rodrigo Coca\/Ag\u00eancia Corinthians)\"},{\"@type\":\"BreadcrumbList\",\"@id\":\"https:\/\/www.gaveanews.com\/index.php\/2025\/03\/25\/sem-chances-com-ramon-diaz-ele-esta-esquecido-no-corinthians\/#breadcrumb\",\"itemListElement\":[{\"@type\":\"ListItem\",\"position\":1,\"name\":\"Home\",\"item\":\"https:\/\/www.gaveanews.com\/\"},{\"@type\":\"ListItem\",\"position\":2,\"name\":\"Sem chances com Ram\u00f3n D\u00edaz, ele est\u00e1 esquecido no\u00a0Corinthians\"}]},{\"@type\":\"WebSite\",\"@id\":\"https:\/\/www.gaveanews.com\/#website\",\"url\":\"https:\/\/www.gaveanews.com\/\",\"name\":\"G\u00e1vea News\",\"description\":\"Veja todas as not\u00edcias sobre o Flamengo: Contrata\u00e7\u00f5es, categorias de base, resultados das partidas, tabela de classifica\u00e7\u00e3o, pr\u00f3ximos jogos!\",\"potentialAction\":[{\"@type\":\"SearchAction\",\"target\":{\"@type\":\"EntryPoint\",\"urlTemplate\":\"https:\/\/www.gaveanews.com\/?s={search_term_string}\"},\"query-input\":{\"@type\":\"PropertyValueSpecification\",\"valueRequired\":true,\"valueName\":\"search_term_string\"}}],\"inLanguage\":\"pt-BR\"},{\"@type\":\"Person\",\"@id\":\"https:\/\/www.gaveanews.com\/#\/schema\/person\/daf63eec72e1164eb13dc35096c2b8da\",\"name\":\"Paula Silva\",\"image\":{\"@type\":\"ImageObject\",\"inLanguage\":\"pt-BR\",\"@id\":\"https:\/\/www.gaveanews.com\/#\/schema\/person\/image\/\",\"url\":\"https:\/\/secure.gravatar.com\/avatar\/eda381c845527cc5d64c13b901833cda29d97500ba040d3e6461f76f51d163bb?s=96&d=mm&r=g\",\"contentUrl\":\"https:\/\/secure.gravatar.com\/avatar\/eda381c845527cc5d64c13b901833cda29d97500ba040d3e6461f76f51d163bb?s=96&d=mm&r=g\",\"caption\":\"Paula Silva\"}}]}<\/script>\n<!-- \/ Yoast SEO Premium plugin. -->","yoast_head_json":{"title":"Sem chances com Ram\u00f3n D\u00edaz, ele est\u00e1 esquecido no\u00a0Corinthians","robots":{"index":"index","follow":"follow","max-snippet":"max-snippet:-1","max-image-preview":"max-image-preview:large","max-video-preview":"max-video-preview:-1"},"canonical":"https:\/\/www.gaveanews.com\/index.php\/2025\/03\/25\/sem-chances-com-ramon-diaz-ele-esta-esquecido-no-corinthians\/","og_locale":"pt_BR","og_type":"article","og_title":"Sem chances com Ram\u00f3n D\u00edaz, ele est\u00e1 esquecido no\u00a0Corinthians","og_description":"A fase de H\u00e9ctor Hern\u00e1ndez no Corinthians segue marcada pela escassez de oportunidades e cobran\u00e7as crescentes da torcida. O atacante espanhol completou recentemente um m\u00eas sem entrar em campo, mesmo ap\u00f3s a sa\u00edda de Pedro Raul, que abriu vaga no elenco ofensivo do clube. A \u00faltima vez que Hern\u00e1ndez foi utilizado aconteceu no empate com [&hellip;]","og_url":"https:\/\/www.gaveanews.com\/index.php\/2025\/03\/25\/sem-chances-com-ramon-diaz-ele-esta-esquecido-no-corinthians\/","og_site_name":"G\u00e1vea News","article_publisher":"https:\/\/facebook.com\/gaveaNews\/","article_published_time":"2025-03-25T05:10:00+00:00","og_image":[{"width":774,"height":483,"url":"https:\/\/www.gaveanews.com\/wp-content\/uploads\/Ramon-Diaz-pelo-Corinthians-em-2024-1.webp","type":"image\/webp"}],"author":"Paula Silva","twitter_card":"summary_large_image","twitter_misc":{"Escrito por":"Paula Silva","Est. tempo de leitura":"3 minutos"},"schema":{"@context":"https:\/\/schema.org","@graph":[{"@type":"NewsArticle","@id":"https:\/\/www.gaveanews.com\/index.php\/2025\/03\/25\/sem-chances-com-ramon-diaz-ele-esta-esquecido-no-corinthians\/#article","isPartOf":{"@id":"https:\/\/www.gaveanews.com\/index.php\/2025\/03\/25\/sem-chances-com-ramon-diaz-ele-esta-esquecido-no-corinthians\/"},"author":{"name":"Paula Silva","@id":"https:\/\/www.gaveanews.com\/#\/schema\/person\/daf63eec72e1164eb13dc35096c2b8da"},"headline":"Sem chances com Ram\u00f3n D\u00edaz, ele est\u00e1 esquecido no\u00a0Corinthians","datePublished":"2025-03-25T05:10:00+00:00","mainEntityOfPage":{"@id":"https:\/\/www.gaveanews.com\/index.php\/2025\/03\/25\/sem-chances-com-ramon-diaz-ele-esta-esquecido-no-corinthians\/"},"wordCount":420,"commentCount":0,"image":{"@id":"https:\/\/www.gaveanews.com\/index.php\/2025\/03\/25\/sem-chances-com-ramon-diaz-ele-esta-esquecido-no-corinthians\/#primaryimage"},"thumbnailUrl":"https:\/\/www.gaveanews.com\/wp-content\/uploads\/Ramon-Diaz-pelo-Corinthians-em-2024-1.webp","articleSection":["Corinthians"],"inLanguage":"pt-BR","potentialAction":[{"@type":"CommentAction","name":"Comment","target":["https:\/\/www.gaveanews.com\/index.php\/2025\/03\/25\/sem-chances-com-ramon-diaz-ele-esta-esquecido-no-corinthians\/#respond"]}],"copyrightYear":"2025","copyrightHolder":{"@id":"https:\/\/www.gaveanews.com\/#organization"}},{"@type":"WebPage","@id":"https:\/\/www.gaveanews.com\/index.php\/2025\/03\/25\/sem-chances-com-ramon-diaz-ele-esta-esquecido-no-corinthians\/","url":"https:\/\/www.gaveanews.com\/index.php\/2025\/03\/25\/sem-chances-com-ramon-diaz-ele-esta-esquecido-no-corinthians\/","name":"Sem chances com Ram\u00f3n D\u00edaz, ele est\u00e1 esquecido no\u00a0Corinthians","isPartOf":{"@id":"https:\/\/www.gaveanews.com\/#website"},"primaryImageOfPage":{"@id":"https:\/\/www.gaveanews.com\/index.php\/2025\/03\/25\/sem-chances-com-ramon-diaz-ele-esta-esquecido-no-corinthians\/#primaryimage"},"image":{"@id":"https:\/\/www.gaveanews.com\/index.php\/2025\/03\/25\/sem-chances-com-ramon-diaz-ele-esta-esquecido-no-corinthians\/#primaryimage"},"thumbnailUrl":"https:\/\/www.gaveanews.com\/wp-content\/uploads\/Ramon-Diaz-pelo-Corinthians-em-2024-1.webp","datePublished":"2025-03-25T05:10:00+00:00","author":{"@id":"https:\/\/www.gaveanews.com\/#\/schema\/person\/daf63eec72e1164eb13dc35096c2b8da"},"breadcrumb":{"@id":"https:\/\/www.gaveanews.com\/index.php\/2025\/03\/25\/sem-chances-com-ramon-diaz-ele-esta-esquecido-no-corinthians\/#breadcrumb"},"inLanguage":"pt-BR","potentialAction":[{"@type":"ReadAction","target":["https:\/\/www.gaveanews.com\/index.php\/2025\/03\/25\/sem-chances-com-ramon-diaz-ele-esta-esquecido-no-corinthians\/"]}]},{"@type":"ImageObject","inLanguage":"pt-BR","@id":"https:\/\/www.gaveanews.com\/index.php\/2025\/03\/25\/sem-chances-com-ramon-diaz-ele-esta-esquecido-no-corinthians\/#primaryimage","url":"https:\/\/www.gaveanews.com\/wp-content\/uploads\/Ramon-Diaz-pelo-Corinthians-em-2024-1.webp","contentUrl":"https:\/\/www.gaveanews.com\/wp-content\/uploads\/Ramon-Diaz-pelo-Corinthians-em-2024-1.webp","width":774,"height":483,"caption":"Ram\u00f3n D\u00edaz pelo Corinthians em 2024 (Foto: Rodrigo Coca\/Ag\u00eancia Corinthians)"},{"@type":"BreadcrumbList","@id":"https:\/\/www.gaveanews.com\/index.php\/2025\/03\/25\/sem-chances-com-ramon-diaz-ele-esta-esquecido-no-corinthians\/#breadcrumb","itemListElement":[{"@type":"ListItem","position":1,"name":"Home","item":"https:\/\/www.gaveanews.com\/"},{"@type":"ListItem","position":2,"name":"Sem chances com Ram\u00f3n D\u00edaz, ele est\u00e1 esquecido no\u00a0Corinthians"}]},{"@type":"WebSite","@id":"https:\/\/www.gaveanews.com\/#website","url":"https:\/\/www.gaveanews.com\/","name":"G\u00e1vea News","description":"Veja todas as not\u00edcias sobre o Flamengo: Contrata\u00e7\u00f5es, categorias de base, resultados das partidas, tabela de classifica\u00e7\u00e3o, pr\u00f3ximos jogos!","potentialAction":[{"@type":"SearchAction","target":{"@type":"EntryPoint","urlTemplate":"https:\/\/www.gaveanews.com\/?s={search_term_string}"},"query-input":{"@type":"PropertyValueSpecification","valueRequired":true,"valueName":"search_term_string"}}],"inLanguage":"pt-BR"},{"@type":"Person","@id":"https:\/\/www.gaveanews.com\/#\/schema\/person\/daf63eec72e1164eb13dc35096c2b8da","name":"Paula Silva","image":{"@type":"ImageObject","inLanguage":"pt-BR","@id":"https:\/\/www.gaveanews.com\/#\/schema\/person\/image\/","url":"https:\/\/secure.gravatar.com\/avatar\/eda381c845527cc5d64c13b901833cda29d97500ba040d3e6461f76f51d163bb?s=96&d=mm&r=g","contentUrl":"https:\/\/secure.gravatar.com\/avatar\/eda381c845527cc5d64c13b901833cda29d97500ba040d3e6461f76f51d163bb?s=96&d=mm&r=g","caption":"Paula Silva"}}]}},"_links":{"self":[{"href":"https:\/\/www.gaveanews.com\/index.php\/wp-json\/wp\/v2\/posts\/244284","targetHints":{"allow":["GET"]}}],"collection":[{"href":"https:\/\/www.gaveanews.com\/index.php\/wp-json\/wp\/v2\/posts"}],"about":[{"href":"https:\/\/www.gaveanews.com\/index.php\/wp-json\/wp\/v2\/types\/post"}],"author":[{"embeddable":true,"href":"https:\/\/www.gaveanews.com\/index.php\/wp-json\/wp\/v2\/users\/18"}],"replies":[{"embeddable":true,"href":"https:\/\/www.gaveanews.com\/index.php\/wp-json\/wp\/v2\/comments?post=244284"}],"version-history":[{"count":2,"href":"https:\/\/www.gaveanews.com\/index.php\/wp-json\/wp\/v2\/posts\/244284\/revisions"}],"predecessor-version":[{"id":244298,"href":"https:\/\/www.gaveanews.com\/index.php\/wp-json\/wp\/v2\/posts\/244284\/revisions\/244298"}],"wp:featuredmedia":[{"embeddable":true,"href":"https:\/\/www.gaveanews.com\/index.php\/wp-json\/wp\/v2\/media\/190015"}],"wp:attachment":[{"href":"https:\/\/www.gaveanews.com\/index.php\/wp-json\/wp\/v2\/media?parent=244284"}],"wp:term":[{"taxonomy":"category","embeddable":true,"href":"https:\/\/www.gaveanews.com\/index.php\/wp-json\/wp\/v2\/categories?post=244284"},{"taxonomy":"post_tag","embeddable":true,"href":"https:\/\/www.gaveanews.com\/index.php\/wp-json\/wp\/v2\/tags?post=244284"}],"curies":[{"name":"wp","href":"https:\/\/api.w.org\/{rel}","templated":true}]}}