{"id":244335,"date":"2025-03-25T03:40:00","date_gmt":"2025-03-25T06:40:00","guid":{"rendered":"https:\/\/www.gaveanews.com\/?p=244335"},"modified":"2025-03-24T23:51:05","modified_gmt":"2025-03-25T02:51:05","slug":"vinicius-revolta-diretoria-grave-punicao-para-serio-ramos-e-declaracao-de-andre-rizek-as-ultimas-noticias-do-real-madrid","status":"publish","type":"post","link":"https:\/\/www.gaveanews.com\/index.php\/2025\/03\/25\/vinicius-revolta-diretoria-grave-punicao-para-serio-ramos-e-declaracao-de-andre-rizek-as-ultimas-noticias-do-real-madrid\/","title":{"rendered":"Vinicius revolta diretoria, grave puni\u00e7\u00e3o para S\u00e9rio Ramos e declara\u00e7\u00e3o de Andr\u00e9 Rizek: as \u00faltimas not\u00edcias do Real Madrid"},"content":{"rendered":"\n<p>Nas \u00faltimas horas, o foco das not\u00edcias sobre o Real Madrid se concentram nos bastidores do clube, com destaques do dia a dia do time.<\/p>\n\n\n\n<p>Por conta deste contexto, leia abaixo um resumo preparado pela equipe do portal G\u00e1vea News para lhe manter muito bem informado!<\/p>\n\n\n\n<h2 class=\"wp-block-heading\" id=\"h-declaracao-de-andre-rizek\">Declara\u00e7\u00e3o de Andr\u00e9 Rizek<\/h2>\n\n\n\n<p>O jornalista Andr\u00e9 Rizek, do Grupo Globo, afirmou que Endrick, atacante do Real Madrid, \u00e9 a melhor op\u00e7\u00e3o para ocupar a camisa 9 da sele\u00e7\u00e3o brasileira. Durante o programa <em>Sele\u00e7\u00e3o SporTV<\/em>, ele comparou o jovem ex-Palmeiras a outros centroavantes brasileiros, incluindo Pedro, do Flamengo, e destacou que Endrick est\u00e1 em um n\u00edvel superior. Apesar de reconhecer a qualidade de Pedro no cen\u00e1rio nacional, Rizek acredita que ele n\u00e3o teria o mesmo impacto em competi\u00e7\u00f5es internacionais e n\u00e3o se encaixaria em clubes como o Real Madrid <strong><a href=\"https:\/\/www.gaveanews.com\/index.php\/2025\/03\/19\/andre-rizek-deixa-pedro-de-lado-e-aponta-melhor-centroavante-brasileiro\/\">(leia a mat\u00e9ria completa).<\/a><\/strong><\/p>\n\n\n\n<figure class=\"wp-block-image size-full\"><img loading=\"lazy\" decoding=\"async\" width=\"795\" height=\"448\" src=\"http:\/\/www.gaveanews.com\/wp-content\/uploads\/Andre-Rizek-durante-um-programa-do-SporTV.webp\" alt=\"\" class=\"wp-image-101875\" srcset=\"https:\/\/www.gaveanews.com\/wp-content\/uploads\/Andre-Rizek-durante-um-programa-do-SporTV.webp 795w, https:\/\/www.gaveanews.com\/wp-content\/uploads\/Andre-Rizek-durante-um-programa-do-SporTV-300x169.webp 300w, https:\/\/www.gaveanews.com\/wp-content\/uploads\/Andre-Rizek-durante-um-programa-do-SporTV-768x433.webp 768w, https:\/\/www.gaveanews.com\/wp-content\/uploads\/Andre-Rizek-durante-um-programa-do-SporTV-745x420.webp 745w, https:\/\/www.gaveanews.com\/wp-content\/uploads\/Andre-Rizek-durante-um-programa-do-SporTV-640x361.webp 640w, https:\/\/www.gaveanews.com\/wp-content\/uploads\/Andre-Rizek-durante-um-programa-do-SporTV-681x384.webp 681w, https:\/\/www.gaveanews.com\/wp-content\/uploads\/Andre-Rizek-durante-um-programa-do-SporTV-100x56.webp 100w\" sizes=\"auto, (max-width: 795px) 100vw, 795px\" \/><figcaption class=\"wp-element-caption\">Andr\u00e9 Rizek durante um programa do SporTV (Foto: Reprodu\u00e7\u00e3o\/SporTV)<\/figcaption><\/figure>\n\n\n\n<p>A opini\u00e3o do jornalista, no entanto, n\u00e3o \u00e9 un\u00e2nime. A comentarista Ana Tha\u00eds Matos discordou da escolha de Endrick, argumentando que sua baixa minutagem no Real Madrid deveria ser um fator decisivo para n\u00e3o ser convocado. <\/p>\n\n\n\n<p>Para ela, a falta de protagonismo do jovem atacante na Copa Am\u00e9rica e sua pouca experi\u00eancia no futebol europeu fazem com que outras op\u00e7\u00f5es sejam mais adequadas para a sele\u00e7\u00e3o no momento. O debate sobre o centroavante ideal para a equipe brasileira segue gerando diferentes pontos de vista entre os especialistas.<\/p>\n\n\n\n<p>Al\u00e9m da discuss\u00e3o sobre a sele\u00e7\u00e3o, Rizek tamb\u00e9m comentou a situa\u00e7\u00e3o do Gr\u00eamio no Brasileir\u00e3o. Para ele, o time ga\u00facho, vice-campe\u00e3o estadual, est\u00e1 atr\u00e1s do Internacional na busca por protagonismo no futebol do Rio Grande do Sul. A escolha do camisa 9 da sele\u00e7\u00e3o brasileira ser\u00e1 responsabilidade do t\u00e9cnico Dorival J\u00fanior, que precisar\u00e1 equilibrar talento, experi\u00eancia e ritmo de jogo para definir o melhor nome para os pr\u00f3ximos compromissos da equipe.<\/p>\n\n\n\n<h2 class=\"wp-block-heading\" id=\"h-grave-punicao-para-serio-ramos\">Grave puni\u00e7\u00e3o para S\u00e9rio Ramos<\/h2>\n\n\n\n<p>O zagueiro espanhol Sergio Ramos pode enfrentar uma suspens\u00e3o de at\u00e9 15 partidas no Campeonato Mexicano devido a um lance violento na partida entre Monterrey e Pumas. Nos acr\u00e9scimos do jogo, o defensor recebeu um cart\u00e3o vermelho direto ap\u00f3s atingir o atacante Guillermo Mart\u00ednez com um chute. Al\u00e9m disso, ainda no primeiro tempo, Ramos protagonizou um lance controverso ao acertar um advers\u00e1rio com uma cotovelada, que passou despercebida pela arbitragem<strong><a href=\"https:\/\/www.gaveanews.com\/index.php\/2025\/03\/19\/suspensao-sergio-ramos-pode-sofrer-grave-punicao\/\"> (leia a mat\u00e9ria completa).<\/a><\/strong><\/p>\n\n\n\n<figure class=\"wp-block-image size-large\"><img loading=\"lazy\" decoding=\"async\" width=\"1024\" height=\"768\" src=\"http:\/\/www.gaveanews.com\/wp-content\/uploads\/Sergio-Ramos-zagueiro-espanhol-1024x768.webp\" alt=\"\" class=\"wp-image-165630\" srcset=\"https:\/\/www.gaveanews.com\/wp-content\/uploads\/Sergio-Ramos-zagueiro-espanhol-1024x768.webp 1024w, https:\/\/www.gaveanews.com\/wp-content\/uploads\/Sergio-Ramos-zagueiro-espanhol-300x225.webp 300w, https:\/\/www.gaveanews.com\/wp-content\/uploads\/Sergio-Ramos-zagueiro-espanhol-768x576.webp 768w, https:\/\/www.gaveanews.com\/wp-content\/uploads\/Sergio-Ramos-zagueiro-espanhol-560x420.webp 560w, https:\/\/www.gaveanews.com\/wp-content\/uploads\/Sergio-Ramos-zagueiro-espanhol-1120x840.webp 1120w, https:\/\/www.gaveanews.com\/wp-content\/uploads\/Sergio-Ramos-zagueiro-espanhol-80x60.webp 80w, https:\/\/www.gaveanews.com\/wp-content\/uploads\/Sergio-Ramos-zagueiro-espanhol-160x120.webp 160w, https:\/\/www.gaveanews.com\/wp-content\/uploads\/Sergio-Ramos-zagueiro-espanhol-100x75.webp 100w, https:\/\/www.gaveanews.com\/wp-content\/uploads\/Sergio-Ramos-zagueiro-espanhol-200x150.webp 200w, https:\/\/www.gaveanews.com\/wp-content\/uploads\/Sergio-Ramos-zagueiro-espanhol-180x135.webp 180w, https:\/\/www.gaveanews.com\/wp-content\/uploads\/Sergio-Ramos-zagueiro-espanhol-360x270.webp 360w, https:\/\/www.gaveanews.com\/wp-content\/uploads\/Sergio-Ramos-zagueiro-espanhol-238x178.webp 238w, https:\/\/www.gaveanews.com\/wp-content\/uploads\/Sergio-Ramos-zagueiro-espanhol-476x356.webp 476w, https:\/\/www.gaveanews.com\/wp-content\/uploads\/Sergio-Ramos-zagueiro-espanhol-640x480.webp 640w, https:\/\/www.gaveanews.com\/wp-content\/uploads\/Sergio-Ramos-zagueiro-espanhol-1280x960.webp 1280w, https:\/\/www.gaveanews.com\/wp-content\/uploads\/Sergio-Ramos-zagueiro-espanhol-681x511.webp 681w, https:\/\/www.gaveanews.com\/wp-content\/uploads\/Sergio-Ramos-zagueiro-espanhol-1362x1022.webp 1362w, https:\/\/www.gaveanews.com\/wp-content\/uploads\/Sergio-Ramos-zagueiro-espanhol.webp 1440w\" sizes=\"auto, (max-width: 1024px) 100vw, 1024px\" \/><figcaption class=\"wp-element-caption\">Sergio Ramos, zagueiro espanhol (Foto: Reprodu\u00e7\u00e3o\/Instagram)<\/figcaption><\/figure>\n\n\n\n<p>A Federa\u00e7\u00e3o Mexicana de Futebol abriu uma investiga\u00e7\u00e3o para apurar os incidentes e, caso a puni\u00e7\u00e3o m\u00e1xima seja aplicada, Ramos poder\u00e1 ficar de fora do restante da temporada. Al\u00e9m da suspens\u00e3o, o jogador pode ser multado em at\u00e9 248 mil euros (aproximadamente R$ 1,5 milh\u00e3o), segundo informa\u00e7\u00f5es do jornal portugu\u00eas &#8220;A Bola&#8221;. O Monterrey, atual clube do defensor, ocupa a oitava posi\u00e7\u00e3o no campeonato e pode sofrer impacto significativo caso perca seu experiente zagueiro nesta fase decisiva da competi\u00e7\u00e3o.<\/p>\n\n\n\n<p>Apesar das pol\u00eamicas, Ramos tem se destacado desde sua chegada ao Monterrey, marcando tr\u00eas gols em apenas cinco partidas. Ap\u00f3s a expuls\u00e3o, ele fez uma publica\u00e7\u00e3o ir\u00f4nica nas redes sociais sobre o cart\u00e3o vermelho, gerando rea\u00e7\u00f5es diversas entre torcedores e analistas. Agora, resta aguardar a decis\u00e3o final da federa\u00e7\u00e3o sobre sua puni\u00e7\u00e3o, enquanto o Monterrey precisa considerar alternativas para refor\u00e7ar sua defesa na reta final do campeonato.<\/p>\n\n\n\n<h2 class=\"wp-block-heading\" id=\"h-vinicius-revolta-diretoria\">Vinicius revolta diretoria<\/h2>\n\n\n\n<p>O t\u00e9cnico Carlo Ancelotti demonstrou insatisfa\u00e7\u00e3o com a atua\u00e7\u00e3o de Vinicius J\u00fanior, Mbapp\u00e9 e Rodrygo no duelo contra o Atl\u00e9tico de Madrid pela Champions League. Apesar da classifica\u00e7\u00e3o nos p\u00eanaltis, o treinador se irritou com a falta de intensidade do trio ofensivo, especialmente no primeiro tempo da partida. A cobran\u00e7a veio de forma en\u00e9rgica, exigindo mais comprometimento dos atacantes nas pr\u00f3ximas partidas <strong><a href=\"https:\/\/www.gaveanews.com\/index.php\/2025\/03\/19\/vinicius-junior-deixa-diretoria-do-real-madrid-revoltada\/\">(leia a mat\u00e9ria completa).<\/a><\/strong><\/p>\n\n\n\n<figure class=\"wp-block-image size-large\"><img loading=\"lazy\" decoding=\"async\" width=\"819\" height=\"1024\" src=\"http:\/\/www.gaveanews.com\/wp-content\/uploads\/Vinicius-Junior-exibe-o-escudo-do-Real-Madrid-apos-marcar-um-gol-pelo-time-da-Espanha-819x1024.webp\" alt=\"\" class=\"wp-image-96404\" srcset=\"https:\/\/www.gaveanews.com\/wp-content\/uploads\/Vinicius-Junior-exibe-o-escudo-do-Real-Madrid-apos-marcar-um-gol-pelo-time-da-Espanha-819x1024.webp 819w, https:\/\/www.gaveanews.com\/wp-content\/uploads\/Vinicius-Junior-exibe-o-escudo-do-Real-Madrid-apos-marcar-um-gol-pelo-time-da-Espanha-240x300.webp 240w, https:\/\/www.gaveanews.com\/wp-content\/uploads\/Vinicius-Junior-exibe-o-escudo-do-Real-Madrid-apos-marcar-um-gol-pelo-time-da-Espanha-768x960.webp 768w, https:\/\/www.gaveanews.com\/wp-content\/uploads\/Vinicius-Junior-exibe-o-escudo-do-Real-Madrid-apos-marcar-um-gol-pelo-time-da-Espanha-1229x1536.webp 1229w, https:\/\/www.gaveanews.com\/wp-content\/uploads\/Vinicius-Junior-exibe-o-escudo-do-Real-Madrid-apos-marcar-um-gol-pelo-time-da-Espanha-336x420.webp 336w, https:\/\/www.gaveanews.com\/wp-content\/uploads\/Vinicius-Junior-exibe-o-escudo-do-Real-Madrid-apos-marcar-um-gol-pelo-time-da-Espanha-672x840.webp 672w, https:\/\/www.gaveanews.com\/wp-content\/uploads\/Vinicius-Junior-exibe-o-escudo-do-Real-Madrid-apos-marcar-um-gol-pelo-time-da-Espanha-640x800.webp 640w, https:\/\/www.gaveanews.com\/wp-content\/uploads\/Vinicius-Junior-exibe-o-escudo-do-Real-Madrid-apos-marcar-um-gol-pelo-time-da-Espanha-1280x1600.webp 1280w, https:\/\/www.gaveanews.com\/wp-content\/uploads\/Vinicius-Junior-exibe-o-escudo-do-Real-Madrid-apos-marcar-um-gol-pelo-time-da-Espanha-681x851.webp 681w, https:\/\/www.gaveanews.com\/wp-content\/uploads\/Vinicius-Junior-exibe-o-escudo-do-Real-Madrid-apos-marcar-um-gol-pelo-time-da-Espanha-1362x1703.webp 1362w, https:\/\/www.gaveanews.com\/wp-content\/uploads\/Vinicius-Junior-exibe-o-escudo-do-Real-Madrid-apos-marcar-um-gol-pelo-time-da-Espanha-100x125.webp 100w, https:\/\/www.gaveanews.com\/wp-content\/uploads\/Vinicius-Junior-exibe-o-escudo-do-Real-Madrid-apos-marcar-um-gol-pelo-time-da-Espanha.webp 1440w\" sizes=\"auto, (max-width: 819px) 100vw, 819px\" \/><figcaption class=\"wp-element-caption\">Vinicius J\u00fanior exibe o escudo do Real Madrid ap\u00f3s marcar um gol pelo time da Espanha (Foto: Reprodu\u00e7\u00e3o\/Instagram)<\/figcaption><\/figure>\n\n\n\n<p>Ap\u00f3s o epis\u00f3dio, o Real Madrid enfrentou o Villarreal pela La Liga e conquistou uma vit\u00f3ria por 2 a 1, com dois gols de Mbapp\u00e9, mantendo-se empatado em pontos com o l\u00edder Barcelona. Enquanto isso, Vinicius J\u00fanior segue com foco no clube e na Sele\u00e7\u00e3o Brasileira, preparando-se para os amistosos contra Col\u00f4mbia e Argentina durante a Data FIFA.<\/p>\n\n\n\n<p>Apesar das cr\u00edticas pontuais, Vinicius tem sido pe\u00e7a-chave no Real Madrid nesta temporada, acumulando 19 gols e 10 assist\u00eancias em 40 partidas. Seu desempenho refor\u00e7a sua import\u00e2ncia para o time de Ancelotti, que busca manter a equipe competitiva tanto no cen\u00e1rio nacional quanto internacional.<\/p>\n","protected":false},"excerpt":{"rendered":"<p>Nas \u00faltimas horas, o foco das not\u00edcias sobre o Real Madrid se concentram nos bastidores do clube, com destaques do dia a dia do time. Por conta deste contexto, leia abaixo um resumo preparado pela equipe do portal G\u00e1vea News para lhe manter muito bem informado! Declara\u00e7\u00e3o de Andr\u00e9 Rizek O jornalista Andr\u00e9 Rizek, do [&hellip;]<\/p>\n","protected":false},"author":33,"featured_media":115908,"comment_status":"open","ping_status":"closed","sticky":false,"template":"","format":"standard","meta":{"footnotes":""},"categories":[88],"tags":[],"class_list":["post-244335","post","type-post","status-publish","format-standard","has-post-thumbnail","hentry","category-real-madrid"],"yoast_head":"<!-- This site is optimized with the Yoast SEO Premium plugin v24.2 (Yoast SEO v26.9) - https:\/\/yoast.com\/product\/yoast-seo-premium-wordpress\/ -->\n<title>Vinicius revolta diretoria, grave puni\u00e7\u00e3o para S\u00e9rio Ramos e declara\u00e7\u00e3o de Andr\u00e9 Rizek: as \u00faltimas not\u00edcias do Real Madrid<\/title>\n<meta name=\"robots\" content=\"index, follow, max-snippet:-1, max-image-preview:large, max-video-preview:-1\" \/>\n<link rel=\"canonical\" href=\"https:\/\/www.gaveanews.com\/index.php\/2025\/03\/25\/vinicius-revolta-diretoria-grave-punicao-para-serio-ramos-e-declaracao-de-andre-rizek-as-ultimas-noticias-do-real-madrid\/\" \/>\n<meta property=\"og:locale\" content=\"pt_BR\" \/>\n<meta property=\"og:type\" content=\"article\" \/>\n<meta property=\"og:title\" content=\"Vinicius revolta diretoria, grave puni\u00e7\u00e3o para S\u00e9rio Ramos e declara\u00e7\u00e3o de Andr\u00e9 Rizek: as \u00faltimas not\u00edcias do Real Madrid\" \/>\n<meta property=\"og:description\" content=\"Nas \u00faltimas horas, o foco das not\u00edcias sobre o Real Madrid se concentram nos bastidores do clube, com destaques do dia a dia do time. Por conta deste contexto, leia abaixo um resumo preparado pela equipe do portal G\u00e1vea News para lhe manter muito bem informado! Declara\u00e7\u00e3o de Andr\u00e9 Rizek O jornalista Andr\u00e9 Rizek, do [&hellip;]\" \/>\n<meta property=\"og:url\" content=\"https:\/\/www.gaveanews.com\/index.php\/2025\/03\/25\/vinicius-revolta-diretoria-grave-punicao-para-serio-ramos-e-declaracao-de-andre-rizek-as-ultimas-noticias-do-real-madrid\/\" \/>\n<meta property=\"og:site_name\" content=\"G\u00e1vea News\" \/>\n<meta property=\"article:publisher\" content=\"https:\/\/facebook.com\/gaveaNews\/\" \/>\n<meta property=\"article:published_time\" content=\"2025-03-25T06:40:00+00:00\" \/>\n<meta property=\"og:image\" content=\"https:\/\/www.gaveanews.com\/wp-content\/uploads\/1668150552493_000_32NB2V9.webp\" \/>\n\t<meta property=\"og:image:width\" content=\"825\" \/>\n\t<meta property=\"og:image:height\" content=\"464\" \/>\n\t<meta property=\"og:image:type\" content=\"image\/jpeg\" \/>\n<meta name=\"author\" content=\"Brenda Cezillo\" \/>\n<meta name=\"twitter:card\" content=\"summary_large_image\" \/>\n<meta name=\"twitter:label1\" content=\"Escrito por\" \/>\n\t<meta name=\"twitter:data1\" content=\"Brenda Cezillo\" \/>\n\t<meta name=\"twitter:label2\" content=\"Est. tempo de leitura\" \/>\n\t<meta name=\"twitter:data2\" content=\"5 minutos\" \/>\n<script type=\"application\/ld+json\" class=\"yoast-schema-graph\">{\"@context\":\"https:\/\/schema.org\",\"@graph\":[{\"@type\":\"NewsArticle\",\"@id\":\"https:\/\/www.gaveanews.com\/index.php\/2025\/03\/25\/vinicius-revolta-diretoria-grave-punicao-para-serio-ramos-e-declaracao-de-andre-rizek-as-ultimas-noticias-do-real-madrid\/#article\",\"isPartOf\":{\"@id\":\"https:\/\/www.gaveanews.com\/index.php\/2025\/03\/25\/vinicius-revolta-diretoria-grave-punicao-para-serio-ramos-e-declaracao-de-andre-rizek-as-ultimas-noticias-do-real-madrid\/\"},\"author\":{\"name\":\"Brenda Cezillo\",\"@id\":\"https:\/\/www.gaveanews.com\/#\/schema\/person\/c79759ca337c40791ae8d08e2923d403\"},\"headline\":\"Vinicius revolta diretoria, grave puni\u00e7\u00e3o para S\u00e9rio Ramos e declara\u00e7\u00e3o de Andr\u00e9 Rizek: as \u00faltimas not\u00edcias do Real Madrid\",\"datePublished\":\"2025-03-25T06:40:00+00:00\",\"mainEntityOfPage\":{\"@id\":\"https:\/\/www.gaveanews.com\/index.php\/2025\/03\/25\/vinicius-revolta-diretoria-grave-punicao-para-serio-ramos-e-declaracao-de-andre-rizek-as-ultimas-noticias-do-real-madrid\/\"},\"wordCount\":838,\"commentCount\":0,\"image\":{\"@id\":\"https:\/\/www.gaveanews.com\/index.php\/2025\/03\/25\/vinicius-revolta-diretoria-grave-punicao-para-serio-ramos-e-declaracao-de-andre-rizek-as-ultimas-noticias-do-real-madrid\/#primaryimage\"},\"thumbnailUrl\":\"https:\/\/www.gaveanews.com\/wp-content\/uploads\/1668150552493_000_32NB2V9.webp\",\"articleSection\":[\"Real Madrid\"],\"inLanguage\":\"pt-BR\",\"potentialAction\":[{\"@type\":\"CommentAction\",\"name\":\"Comment\",\"target\":[\"https:\/\/www.gaveanews.com\/index.php\/2025\/03\/25\/vinicius-revolta-diretoria-grave-punicao-para-serio-ramos-e-declaracao-de-andre-rizek-as-ultimas-noticias-do-real-madrid\/#respond\"]}],\"copyrightYear\":\"2025\",\"copyrightHolder\":{\"@id\":\"https:\/\/www.gaveanews.com\/#organization\"}},{\"@type\":\"WebPage\",\"@id\":\"https:\/\/www.gaveanews.com\/index.php\/2025\/03\/25\/vinicius-revolta-diretoria-grave-punicao-para-serio-ramos-e-declaracao-de-andre-rizek-as-ultimas-noticias-do-real-madrid\/\",\"url\":\"https:\/\/www.gaveanews.com\/index.php\/2025\/03\/25\/vinicius-revolta-diretoria-grave-punicao-para-serio-ramos-e-declaracao-de-andre-rizek-as-ultimas-noticias-do-real-madrid\/\",\"name\":\"Vinicius revolta diretoria, grave puni\u00e7\u00e3o para S\u00e9rio Ramos e declara\u00e7\u00e3o de Andr\u00e9 Rizek: as \u00faltimas not\u00edcias do Real Madrid\",\"isPartOf\":{\"@id\":\"https:\/\/www.gaveanews.com\/#website\"},\"primaryImageOfPage\":{\"@id\":\"https:\/\/www.gaveanews.com\/index.php\/2025\/03\/25\/vinicius-revolta-diretoria-grave-punicao-para-serio-ramos-e-declaracao-de-andre-rizek-as-ultimas-noticias-do-real-madrid\/#primaryimage\"},\"image\":{\"@id\":\"https:\/\/www.gaveanews.com\/index.php\/2025\/03\/25\/vinicius-revolta-diretoria-grave-punicao-para-serio-ramos-e-declaracao-de-andre-rizek-as-ultimas-noticias-do-real-madrid\/#primaryimage\"},\"thumbnailUrl\":\"https:\/\/www.gaveanews.com\/wp-content\/uploads\/1668150552493_000_32NB2V9.webp\",\"datePublished\":\"2025-03-25T06:40:00+00:00\",\"author\":{\"@id\":\"https:\/\/www.gaveanews.com\/#\/schema\/person\/c79759ca337c40791ae8d08e2923d403\"},\"breadcrumb\":{\"@id\":\"https:\/\/www.gaveanews.com\/index.php\/2025\/03\/25\/vinicius-revolta-diretoria-grave-punicao-para-serio-ramos-e-declaracao-de-andre-rizek-as-ultimas-noticias-do-real-madrid\/#breadcrumb\"},\"inLanguage\":\"pt-BR\",\"potentialAction\":[{\"@type\":\"ReadAction\",\"target\":[\"https:\/\/www.gaveanews.com\/index.php\/2025\/03\/25\/vinicius-revolta-diretoria-grave-punicao-para-serio-ramos-e-declaracao-de-andre-rizek-as-ultimas-noticias-do-real-madrid\/\"]}]},{\"@type\":\"ImageObject\",\"inLanguage\":\"pt-BR\",\"@id\":\"https:\/\/www.gaveanews.com\/index.php\/2025\/03\/25\/vinicius-revolta-diretoria-grave-punicao-para-serio-ramos-e-declaracao-de-andre-rizek-as-ultimas-noticias-do-real-madrid\/#primaryimage\",\"url\":\"https:\/\/www.gaveanews.com\/wp-content\/uploads\/1668150552493_000_32NB2V9.webp\",\"contentUrl\":\"https:\/\/www.gaveanews.com\/wp-content\/uploads\/1668150552493_000_32NB2V9.webp\",\"width\":825,\"height\":464,\"caption\":\"Jogadores do Real Madrid comemorando (Foto: Pierre-Philippe Marcou \/ AFP)\"},{\"@type\":\"BreadcrumbList\",\"@id\":\"https:\/\/www.gaveanews.com\/index.php\/2025\/03\/25\/vinicius-revolta-diretoria-grave-punicao-para-serio-ramos-e-declaracao-de-andre-rizek-as-ultimas-noticias-do-real-madrid\/#breadcrumb\",\"itemListElement\":[{\"@type\":\"ListItem\",\"position\":1,\"name\":\"Home\",\"item\":\"https:\/\/www.gaveanews.com\/\"},{\"@type\":\"ListItem\",\"position\":2,\"name\":\"Vinicius revolta diretoria, grave puni\u00e7\u00e3o para S\u00e9rio Ramos e declara\u00e7\u00e3o de Andr\u00e9 Rizek: as \u00faltimas not\u00edcias do Real Madrid\"}]},{\"@type\":\"WebSite\",\"@id\":\"https:\/\/www.gaveanews.com\/#website\",\"url\":\"https:\/\/www.gaveanews.com\/\",\"name\":\"G\u00e1vea News\",\"description\":\"Veja todas as not\u00edcias sobre o Flamengo: Contrata\u00e7\u00f5es, categorias de base, resultados das partidas, tabela de classifica\u00e7\u00e3o, pr\u00f3ximos jogos!\",\"potentialAction\":[{\"@type\":\"SearchAction\",\"target\":{\"@type\":\"EntryPoint\",\"urlTemplate\":\"https:\/\/www.gaveanews.com\/?s={search_term_string}\"},\"query-input\":{\"@type\":\"PropertyValueSpecification\",\"valueRequired\":true,\"valueName\":\"search_term_string\"}}],\"inLanguage\":\"pt-BR\"},{\"@type\":\"Person\",\"@id\":\"https:\/\/www.gaveanews.com\/#\/schema\/person\/c79759ca337c40791ae8d08e2923d403\",\"name\":\"Brenda Cezillo\",\"image\":{\"@type\":\"ImageObject\",\"inLanguage\":\"pt-BR\",\"@id\":\"https:\/\/www.gaveanews.com\/#\/schema\/person\/image\/\",\"url\":\"https:\/\/secure.gravatar.com\/avatar\/1738d75cee7317f9c29ae61dd67620c5883d80a92e42a6fff88ae5d527af217a?s=96&d=mm&r=g\",\"contentUrl\":\"https:\/\/secure.gravatar.com\/avatar\/1738d75cee7317f9c29ae61dd67620c5883d80a92e42a6fff88ae5d527af217a?s=96&d=mm&r=g\",\"caption\":\"Brenda Cezillo\"}}]}<\/script>\n<!-- \/ Yoast SEO Premium plugin. -->","yoast_head_json":{"title":"Vinicius revolta diretoria, grave puni\u00e7\u00e3o para S\u00e9rio Ramos e declara\u00e7\u00e3o de Andr\u00e9 Rizek: as \u00faltimas not\u00edcias do Real Madrid","robots":{"index":"index","follow":"follow","max-snippet":"max-snippet:-1","max-image-preview":"max-image-preview:large","max-video-preview":"max-video-preview:-1"},"canonical":"https:\/\/www.gaveanews.com\/index.php\/2025\/03\/25\/vinicius-revolta-diretoria-grave-punicao-para-serio-ramos-e-declaracao-de-andre-rizek-as-ultimas-noticias-do-real-madrid\/","og_locale":"pt_BR","og_type":"article","og_title":"Vinicius revolta diretoria, grave puni\u00e7\u00e3o para S\u00e9rio Ramos e declara\u00e7\u00e3o de Andr\u00e9 Rizek: as \u00faltimas not\u00edcias do Real Madrid","og_description":"Nas \u00faltimas horas, o foco das not\u00edcias sobre o Real Madrid se concentram nos bastidores do clube, com destaques do dia a dia do time. Por conta deste contexto, leia abaixo um resumo preparado pela equipe do portal G\u00e1vea News para lhe manter muito bem informado! Declara\u00e7\u00e3o de Andr\u00e9 Rizek O jornalista Andr\u00e9 Rizek, do [&hellip;]","og_url":"https:\/\/www.gaveanews.com\/index.php\/2025\/03\/25\/vinicius-revolta-diretoria-grave-punicao-para-serio-ramos-e-declaracao-de-andre-rizek-as-ultimas-noticias-do-real-madrid\/","og_site_name":"G\u00e1vea News","article_publisher":"https:\/\/facebook.com\/gaveaNews\/","article_published_time":"2025-03-25T06:40:00+00:00","og_image":[{"width":825,"height":464,"url":"https:\/\/www.gaveanews.com\/wp-content\/uploads\/1668150552493_000_32NB2V9.webp","type":"image\/jpeg"}],"author":"Brenda Cezillo","twitter_card":"summary_large_image","twitter_misc":{"Escrito por":"Brenda Cezillo","Est. tempo de leitura":"5 minutos"},"schema":{"@context":"https:\/\/schema.org","@graph":[{"@type":"NewsArticle","@id":"https:\/\/www.gaveanews.com\/index.php\/2025\/03\/25\/vinicius-revolta-diretoria-grave-punicao-para-serio-ramos-e-declaracao-de-andre-rizek-as-ultimas-noticias-do-real-madrid\/#article","isPartOf":{"@id":"https:\/\/www.gaveanews.com\/index.php\/2025\/03\/25\/vinicius-revolta-diretoria-grave-punicao-para-serio-ramos-e-declaracao-de-andre-rizek-as-ultimas-noticias-do-real-madrid\/"},"author":{"name":"Brenda Cezillo","@id":"https:\/\/www.gaveanews.com\/#\/schema\/person\/c79759ca337c40791ae8d08e2923d403"},"headline":"Vinicius revolta diretoria, grave puni\u00e7\u00e3o para S\u00e9rio Ramos e declara\u00e7\u00e3o de Andr\u00e9 Rizek: as \u00faltimas not\u00edcias do Real Madrid","datePublished":"2025-03-25T06:40:00+00:00","mainEntityOfPage":{"@id":"https:\/\/www.gaveanews.com\/index.php\/2025\/03\/25\/vinicius-revolta-diretoria-grave-punicao-para-serio-ramos-e-declaracao-de-andre-rizek-as-ultimas-noticias-do-real-madrid\/"},"wordCount":838,"commentCount":0,"image":{"@id":"https:\/\/www.gaveanews.com\/index.php\/2025\/03\/25\/vinicius-revolta-diretoria-grave-punicao-para-serio-ramos-e-declaracao-de-andre-rizek-as-ultimas-noticias-do-real-madrid\/#primaryimage"},"thumbnailUrl":"https:\/\/www.gaveanews.com\/wp-content\/uploads\/1668150552493_000_32NB2V9.webp","articleSection":["Real Madrid"],"inLanguage":"pt-BR","potentialAction":[{"@type":"CommentAction","name":"Comment","target":["https:\/\/www.gaveanews.com\/index.php\/2025\/03\/25\/vinicius-revolta-diretoria-grave-punicao-para-serio-ramos-e-declaracao-de-andre-rizek-as-ultimas-noticias-do-real-madrid\/#respond"]}],"copyrightYear":"2025","copyrightHolder":{"@id":"https:\/\/www.gaveanews.com\/#organization"}},{"@type":"WebPage","@id":"https:\/\/www.gaveanews.com\/index.php\/2025\/03\/25\/vinicius-revolta-diretoria-grave-punicao-para-serio-ramos-e-declaracao-de-andre-rizek-as-ultimas-noticias-do-real-madrid\/","url":"https:\/\/www.gaveanews.com\/index.php\/2025\/03\/25\/vinicius-revolta-diretoria-grave-punicao-para-serio-ramos-e-declaracao-de-andre-rizek-as-ultimas-noticias-do-real-madrid\/","name":"Vinicius revolta diretoria, grave puni\u00e7\u00e3o para S\u00e9rio Ramos e declara\u00e7\u00e3o de Andr\u00e9 Rizek: as \u00faltimas not\u00edcias do Real Madrid","isPartOf":{"@id":"https:\/\/www.gaveanews.com\/#website"},"primaryImageOfPage":{"@id":"https:\/\/www.gaveanews.com\/index.php\/2025\/03\/25\/vinicius-revolta-diretoria-grave-punicao-para-serio-ramos-e-declaracao-de-andre-rizek-as-ultimas-noticias-do-real-madrid\/#primaryimage"},"image":{"@id":"https:\/\/www.gaveanews.com\/index.php\/2025\/03\/25\/vinicius-revolta-diretoria-grave-punicao-para-serio-ramos-e-declaracao-de-andre-rizek-as-ultimas-noticias-do-real-madrid\/#primaryimage"},"thumbnailUrl":"https:\/\/www.gaveanews.com\/wp-content\/uploads\/1668150552493_000_32NB2V9.webp","datePublished":"2025-03-25T06:40:00+00:00","author":{"@id":"https:\/\/www.gaveanews.com\/#\/schema\/person\/c79759ca337c40791ae8d08e2923d403"},"breadcrumb":{"@id":"https:\/\/www.gaveanews.com\/index.php\/2025\/03\/25\/vinicius-revolta-diretoria-grave-punicao-para-serio-ramos-e-declaracao-de-andre-rizek-as-ultimas-noticias-do-real-madrid\/#breadcrumb"},"inLanguage":"pt-BR","potentialAction":[{"@type":"ReadAction","target":["https:\/\/www.gaveanews.com\/index.php\/2025\/03\/25\/vinicius-revolta-diretoria-grave-punicao-para-serio-ramos-e-declaracao-de-andre-rizek-as-ultimas-noticias-do-real-madrid\/"]}]},{"@type":"ImageObject","inLanguage":"pt-BR","@id":"https:\/\/www.gaveanews.com\/index.php\/2025\/03\/25\/vinicius-revolta-diretoria-grave-punicao-para-serio-ramos-e-declaracao-de-andre-rizek-as-ultimas-noticias-do-real-madrid\/#primaryimage","url":"https:\/\/www.gaveanews.com\/wp-content\/uploads\/1668150552493_000_32NB2V9.webp","contentUrl":"https:\/\/www.gaveanews.com\/wp-content\/uploads\/1668150552493_000_32NB2V9.webp","width":825,"height":464,"caption":"Jogadores do Real Madrid comemorando (Foto: Pierre-Philippe Marcou \/ AFP)"},{"@type":"BreadcrumbList","@id":"https:\/\/www.gaveanews.com\/index.php\/2025\/03\/25\/vinicius-revolta-diretoria-grave-punicao-para-serio-ramos-e-declaracao-de-andre-rizek-as-ultimas-noticias-do-real-madrid\/#breadcrumb","itemListElement":[{"@type":"ListItem","position":1,"name":"Home","item":"https:\/\/www.gaveanews.com\/"},{"@type":"ListItem","position":2,"name":"Vinicius revolta diretoria, grave puni\u00e7\u00e3o para S\u00e9rio Ramos e declara\u00e7\u00e3o de Andr\u00e9 Rizek: as \u00faltimas not\u00edcias do Real Madrid"}]},{"@type":"WebSite","@id":"https:\/\/www.gaveanews.com\/#website","url":"https:\/\/www.gaveanews.com\/","name":"G\u00e1vea News","description":"Veja todas as not\u00edcias sobre o Flamengo: Contrata\u00e7\u00f5es, categorias de base, resultados das partidas, tabela de classifica\u00e7\u00e3o, pr\u00f3ximos jogos!","potentialAction":[{"@type":"SearchAction","target":{"@type":"EntryPoint","urlTemplate":"https:\/\/www.gaveanews.com\/?s={search_term_string}"},"query-input":{"@type":"PropertyValueSpecification","valueRequired":true,"valueName":"search_term_string"}}],"inLanguage":"pt-BR"},{"@type":"Person","@id":"https:\/\/www.gaveanews.com\/#\/schema\/person\/c79759ca337c40791ae8d08e2923d403","name":"Brenda Cezillo","image":{"@type":"ImageObject","inLanguage":"pt-BR","@id":"https:\/\/www.gaveanews.com\/#\/schema\/person\/image\/","url":"https:\/\/secure.gravatar.com\/avatar\/1738d75cee7317f9c29ae61dd67620c5883d80a92e42a6fff88ae5d527af217a?s=96&d=mm&r=g","contentUrl":"https:\/\/secure.gravatar.com\/avatar\/1738d75cee7317f9c29ae61dd67620c5883d80a92e42a6fff88ae5d527af217a?s=96&d=mm&r=g","caption":"Brenda Cezillo"}}]}},"_links":{"self":[{"href":"https:\/\/www.gaveanews.com\/index.php\/wp-json\/wp\/v2\/posts\/244335","targetHints":{"allow":["GET"]}}],"collection":[{"href":"https:\/\/www.gaveanews.com\/index.php\/wp-json\/wp\/v2\/posts"}],"about":[{"href":"https:\/\/www.gaveanews.com\/index.php\/wp-json\/wp\/v2\/types\/post"}],"author":[{"embeddable":true,"href":"https:\/\/www.gaveanews.com\/index.php\/wp-json\/wp\/v2\/users\/33"}],"replies":[{"embeddable":true,"href":"https:\/\/www.gaveanews.com\/index.php\/wp-json\/wp\/v2\/comments?post=244335"}],"version-history":[{"count":1,"href":"https:\/\/www.gaveanews.com\/index.php\/wp-json\/wp\/v2\/posts\/244335\/revisions"}],"predecessor-version":[{"id":244340,"href":"https:\/\/www.gaveanews.com\/index.php\/wp-json\/wp\/v2\/posts\/244335\/revisions\/244340"}],"wp:featuredmedia":[{"embeddable":true,"href":"https:\/\/www.gaveanews.com\/index.php\/wp-json\/wp\/v2\/media\/115908"}],"wp:attachment":[{"href":"https:\/\/www.gaveanews.com\/index.php\/wp-json\/wp\/v2\/media?parent=244335"}],"wp:term":[{"taxonomy":"category","embeddable":true,"href":"https:\/\/www.gaveanews.com\/index.php\/wp-json\/wp\/v2\/categories?post=244335"},{"taxonomy":"post_tag","embeddable":true,"href":"https:\/\/www.gaveanews.com\/index.php\/wp-json\/wp\/v2\/tags?post=244335"}],"curies":[{"name":"wp","href":"https:\/\/api.w.org\/{rel}","templated":true}]}}