{"id":244475,"date":"2025-03-25T12:40:00","date_gmt":"2025-03-25T15:40:00","guid":{"rendered":"https:\/\/www.gaveanews.com\/?p=244475"},"modified":"2025-03-25T12:14:22","modified_gmt":"2025-03-25T15:14:22","slug":"renato-paiva-esta-encantado-por-volante-do-botafogo","status":"publish","type":"post","link":"https:\/\/www.gaveanews.com\/index.php\/2025\/03\/25\/renato-paiva-esta-encantado-por-volante-do-botafogo\/","title":{"rendered":"Renato Paiva est\u00e1 &#8216;encantado&#8217; por volante do Botafogo"},"content":{"rendered":"\n<p>Ap\u00f3s um per\u00edodo de altos e baixos, Patrick de Paula encontrou sua melhor forma no Botafogo e come\u00e7a a justificar as expectativas criadas em torno de seu nome. O volante, que passou por uma recupera\u00e7\u00e3o dif\u00edcil, est\u00e1 se destacando na temporada de 2025 e se consolidou como um dos jogadores mais importantes da equipe.&nbsp;<\/p>\n\n\n\n<p>Sua atua\u00e7\u00e3o no triunfo por 3 a 1 sobre o Novorizontino foi um reflexo claro de sua boa fase, com n\u00fameros impressionantes que colocaram Patrick no topo do elenco, como o jogador com a maior m\u00e9dia de notas de 2025, segundo o Sofascore, com 7.31.<\/p>\n\n\n\n<h2 class=\"wp-block-heading\" id=\"h-a-versatilidade-de-patrick-de-paula-nbsp\">A versatilidade de Patrick de Paula&nbsp;<\/h2>\n\n\n\n<figure class=\"wp-block-image size-full\"><img loading=\"lazy\" decoding=\"async\" width=\"808\" height=\"572\" src=\"http:\/\/www.gaveanews.com\/wp-content\/uploads\/Patrick-de-Paula-pelo-Botafogo.webp\" alt=\"\" class=\"wp-image-199256\" srcset=\"https:\/\/www.gaveanews.com\/wp-content\/uploads\/Patrick-de-Paula-pelo-Botafogo.webp 808w, https:\/\/www.gaveanews.com\/wp-content\/uploads\/Patrick-de-Paula-pelo-Botafogo-300x212.webp 300w, https:\/\/www.gaveanews.com\/wp-content\/uploads\/Patrick-de-Paula-pelo-Botafogo-768x544.webp 768w, https:\/\/www.gaveanews.com\/wp-content\/uploads\/Patrick-de-Paula-pelo-Botafogo-593x420.webp 593w, https:\/\/www.gaveanews.com\/wp-content\/uploads\/Patrick-de-Paula-pelo-Botafogo-640x453.webp 640w, https:\/\/www.gaveanews.com\/wp-content\/uploads\/Patrick-de-Paula-pelo-Botafogo-681x482.webp 681w, https:\/\/www.gaveanews.com\/wp-content\/uploads\/Patrick-de-Paula-pelo-Botafogo-100x71.webp 100w\" sizes=\"auto, (max-width: 808px) 100vw, 808px\" \/><figcaption class=\"wp-element-caption\">Patrick de Paula pelo Botafogo (Foto: Vitor Silva\/Botafogo)<\/figcaption><\/figure>\n\n\n\n<p>O impacto de Patrick de Paula no time vai al\u00e9m de sua presen\u00e7a em campo. Em apenas 10 jogos oficiais, o volante j\u00e1 marcou 3 gols, sendo o artilheiro da equipe at\u00e9 o momento.&nbsp;<\/p>\n\n\n\n<p>No entanto, sua contribui\u00e7\u00e3o n\u00e3o se limita \u00e0s redes advers\u00e1rias. Ele tamb\u00e9m se destaca em outros fundamentos, como passes decisivos (8 no total), dribles certos (23, ocupando o 3\u00ba lugar no elenco) e bolas recuperadas (56, ficando em 3\u00ba tamb\u00e9m nesse aspecto). Isso porque Patrick tem mostrado uma enorme disposi\u00e7\u00e3o para atuar tanto ofensivamente quanto defensivamente, dominando o meio-campo com vigor e intelig\u00eancia.<\/p>\n\n\n\n<p>Outro dado que chama aten\u00e7\u00e3o \u00e9 sua precis\u00e3o em lan\u00e7amentos longos, com 62% de acerto, o que refor\u00e7a sua import\u00e2ncia na constru\u00e7\u00e3o das jogadas do Botafogo.&nbsp;<\/p>\n\n\n\n<p>Al\u00e9m disso, sua habilidade de sofrer faltas, ocupando a segunda posi\u00e7\u00e3o no time nesse quesito, mostra como ele tem sido uma pe\u00e7a fundamental na manuten\u00e7\u00e3o da posse de bola e no equil\u00edbrio das a\u00e7\u00f5es.<\/p>\n\n\n\n<p>Uma das mudan\u00e7as mais not\u00e1veis no jogo de Patrick de Paula nesta temporada foi sua adapta\u00e7\u00e3o a um papel mais ofensivo. Renato Paiva, que est\u00e1 moldando a equipe de acordo com suas pr\u00f3prias ideias, n\u00e3o hesitou em adiantar o volante para aproveitar sua for\u00e7a f\u00edsica e qualidade t\u00e9cnica.&nbsp;<\/p>\n\n\n\n<p>A aposta tem dado certo, e o pr\u00f3prio treinador revelou que Patrick &#8220;n\u00e3o pode ficar longe do gol&#8221;, o que significa que o jogador ter\u00e1 cada vez mais liberdade para aparecer na \u00e1rea advers\u00e1ria.<\/p>\n\n\n\n<h2 class=\"wp-block-heading\" id=\"h-botafogo-se-prepara-para-desafios-importantes\">Botafogo se prepara para desafios importantes<\/h2>\n\n\n\n<p>Com a chegada da estreia no Campeonato Brasileiro e da fase de grupos da Libertadores, Patrick de Paula se torna uma pe\u00e7a-chave para o Botafogo. Recuperado de les\u00e3o e cada vez mais adaptado ao estilo de Paiva, ele \u00e9 visto como uma das grandes esperan\u00e7as da torcida para os desafios que o time ter\u00e1 pela frente.&nbsp;<\/p>\n\n\n\n<p>Dessa maneira, o volante tem tudo para continuar sua ascens\u00e3o e ajudar o Botafogo a almejar objetivos maiores na temporada. Desse jeito, sua evolu\u00e7\u00e3o no time ser\u00e1 um dos principais focos do Glorioso nas pr\u00f3ximas semanas.<\/p>\n","protected":false},"excerpt":{"rendered":"<p>Ap\u00f3s um per\u00edodo de altos e baixos, Patrick de Paula encontrou sua melhor forma no Botafogo e come\u00e7a a justificar as expectativas criadas em torno de seu nome. O volante, que passou por uma recupera\u00e7\u00e3o dif\u00edcil, est\u00e1 se destacando na temporada de 2025 e se consolidou como um dos jogadores mais importantes da equipe.&nbsp; Sua [&hellip;]<\/p>\n","protected":false},"author":25,"featured_media":244411,"comment_status":"open","ping_status":"closed","sticky":false,"template":"","format":"standard","meta":{"footnotes":""},"categories":[138],"tags":[],"class_list":["post-244475","post","type-post","status-publish","format-standard","has-post-thumbnail","hentry","category-botafogo"],"yoast_head":"<!-- This site is optimized with the Yoast SEO Premium plugin v24.2 (Yoast SEO v26.9) - https:\/\/yoast.com\/product\/yoast-seo-premium-wordpress\/ -->\n<title>Renato Paiva est\u00e1 &#039;encantado&#039; por volante do Botafogo<\/title>\n<meta name=\"robots\" content=\"index, follow, max-snippet:-1, max-image-preview:large, max-video-preview:-1\" \/>\n<link rel=\"canonical\" href=\"https:\/\/www.gaveanews.com\/index.php\/2025\/03\/25\/renato-paiva-esta-encantado-por-volante-do-botafogo\/\" \/>\n<meta property=\"og:locale\" content=\"pt_BR\" \/>\n<meta property=\"og:type\" content=\"article\" \/>\n<meta property=\"og:title\" content=\"Renato Paiva est\u00e1 &#039;encantado&#039; por volante do Botafogo\" \/>\n<meta property=\"og:description\" content=\"Ap\u00f3s um per\u00edodo de altos e baixos, Patrick de Paula encontrou sua melhor forma no Botafogo e come\u00e7a a justificar as expectativas criadas em torno de seu nome. O volante, que passou por uma recupera\u00e7\u00e3o dif\u00edcil, est\u00e1 se destacando na temporada de 2025 e se consolidou como um dos jogadores mais importantes da equipe.&nbsp; Sua [&hellip;]\" \/>\n<meta property=\"og:url\" content=\"https:\/\/www.gaveanews.com\/index.php\/2025\/03\/25\/renato-paiva-esta-encantado-por-volante-do-botafogo\/\" \/>\n<meta property=\"og:site_name\" content=\"G\u00e1vea News\" \/>\n<meta property=\"article:publisher\" content=\"https:\/\/facebook.com\/gaveaNews\/\" \/>\n<meta property=\"article:published_time\" content=\"2025-03-25T15:40:00+00:00\" \/>\n<meta property=\"og:image\" content=\"https:\/\/www.gaveanews.com\/wp-content\/uploads\/Renato-Paiva-em-acao-pelo-Botafogo-em-2025.webp\" \/>\n\t<meta property=\"og:image:width\" content=\"900\" \/>\n\t<meta property=\"og:image:height\" content=\"600\" \/>\n\t<meta property=\"og:image:type\" content=\"image\/jpeg\" \/>\n<meta name=\"author\" content=\"Rafaela Ladeira\" \/>\n<meta name=\"twitter:card\" content=\"summary_large_image\" \/>\n<meta name=\"twitter:label1\" content=\"Escrito por\" \/>\n\t<meta name=\"twitter:data1\" content=\"Rafaela Ladeira\" \/>\n\t<meta name=\"twitter:label2\" content=\"Est. tempo de leitura\" \/>\n\t<meta name=\"twitter:data2\" content=\"3 minutos\" \/>\n<script type=\"application\/ld+json\" class=\"yoast-schema-graph\">{\"@context\":\"https:\/\/schema.org\",\"@graph\":[{\"@type\":\"NewsArticle\",\"@id\":\"https:\/\/www.gaveanews.com\/index.php\/2025\/03\/25\/renato-paiva-esta-encantado-por-volante-do-botafogo\/#article\",\"isPartOf\":{\"@id\":\"https:\/\/www.gaveanews.com\/index.php\/2025\/03\/25\/renato-paiva-esta-encantado-por-volante-do-botafogo\/\"},\"author\":{\"name\":\"Rafaela Ladeira\",\"@id\":\"https:\/\/www.gaveanews.com\/#\/schema\/person\/0eb3e3fe1754f0205218538adbe8f5ed\"},\"headline\":\"Renato Paiva est\u00e1 &#8216;encantado&#8217; por volante do Botafogo\",\"datePublished\":\"2025-03-25T15:40:00+00:00\",\"mainEntityOfPage\":{\"@id\":\"https:\/\/www.gaveanews.com\/index.php\/2025\/03\/25\/renato-paiva-esta-encantado-por-volante-do-botafogo\/\"},\"wordCount\":496,\"commentCount\":0,\"image\":{\"@id\":\"https:\/\/www.gaveanews.com\/index.php\/2025\/03\/25\/renato-paiva-esta-encantado-por-volante-do-botafogo\/#primaryimage\"},\"thumbnailUrl\":\"https:\/\/www.gaveanews.com\/wp-content\/uploads\/Renato-Paiva-em-acao-pelo-Botafogo-em-2025.webp\",\"articleSection\":[\"Botafogo\"],\"inLanguage\":\"pt-BR\",\"potentialAction\":[{\"@type\":\"CommentAction\",\"name\":\"Comment\",\"target\":[\"https:\/\/www.gaveanews.com\/index.php\/2025\/03\/25\/renato-paiva-esta-encantado-por-volante-do-botafogo\/#respond\"]}],\"copyrightYear\":\"2025\",\"copyrightHolder\":{\"@id\":\"https:\/\/www.gaveanews.com\/#organization\"}},{\"@type\":\"WebPage\",\"@id\":\"https:\/\/www.gaveanews.com\/index.php\/2025\/03\/25\/renato-paiva-esta-encantado-por-volante-do-botafogo\/\",\"url\":\"https:\/\/www.gaveanews.com\/index.php\/2025\/03\/25\/renato-paiva-esta-encantado-por-volante-do-botafogo\/\",\"name\":\"Renato Paiva est\u00e1 'encantado' por volante do Botafogo\",\"isPartOf\":{\"@id\":\"https:\/\/www.gaveanews.com\/#website\"},\"primaryImageOfPage\":{\"@id\":\"https:\/\/www.gaveanews.com\/index.php\/2025\/03\/25\/renato-paiva-esta-encantado-por-volante-do-botafogo\/#primaryimage\"},\"image\":{\"@id\":\"https:\/\/www.gaveanews.com\/index.php\/2025\/03\/25\/renato-paiva-esta-encantado-por-volante-do-botafogo\/#primaryimage\"},\"thumbnailUrl\":\"https:\/\/www.gaveanews.com\/wp-content\/uploads\/Renato-Paiva-em-acao-pelo-Botafogo-em-2025.webp\",\"datePublished\":\"2025-03-25T15:40:00+00:00\",\"author\":{\"@id\":\"https:\/\/www.gaveanews.com\/#\/schema\/person\/0eb3e3fe1754f0205218538adbe8f5ed\"},\"breadcrumb\":{\"@id\":\"https:\/\/www.gaveanews.com\/index.php\/2025\/03\/25\/renato-paiva-esta-encantado-por-volante-do-botafogo\/#breadcrumb\"},\"inLanguage\":\"pt-BR\",\"potentialAction\":[{\"@type\":\"ReadAction\",\"target\":[\"https:\/\/www.gaveanews.com\/index.php\/2025\/03\/25\/renato-paiva-esta-encantado-por-volante-do-botafogo\/\"]}]},{\"@type\":\"ImageObject\",\"inLanguage\":\"pt-BR\",\"@id\":\"https:\/\/www.gaveanews.com\/index.php\/2025\/03\/25\/renato-paiva-esta-encantado-por-volante-do-botafogo\/#primaryimage\",\"url\":\"https:\/\/www.gaveanews.com\/wp-content\/uploads\/Renato-Paiva-em-acao-pelo-Botafogo-em-2025.webp\",\"contentUrl\":\"https:\/\/www.gaveanews.com\/wp-content\/uploads\/Renato-Paiva-em-acao-pelo-Botafogo-em-2025.webp\",\"width\":900,\"height\":600,\"caption\":\"Renato Paiva em a\u00e7\u00e3o pelo Botafogo em 2025 (Foto: Vitor Silva\/Botafogo)\"},{\"@type\":\"BreadcrumbList\",\"@id\":\"https:\/\/www.gaveanews.com\/index.php\/2025\/03\/25\/renato-paiva-esta-encantado-por-volante-do-botafogo\/#breadcrumb\",\"itemListElement\":[{\"@type\":\"ListItem\",\"position\":1,\"name\":\"Home\",\"item\":\"https:\/\/www.gaveanews.com\/\"},{\"@type\":\"ListItem\",\"position\":2,\"name\":\"Renato Paiva est\u00e1 &#8216;encantado&#8217; por volante do Botafogo\"}]},{\"@type\":\"WebSite\",\"@id\":\"https:\/\/www.gaveanews.com\/#website\",\"url\":\"https:\/\/www.gaveanews.com\/\",\"name\":\"G\u00e1vea News\",\"description\":\"Veja todas as not\u00edcias sobre o Flamengo: Contrata\u00e7\u00f5es, categorias de base, resultados das partidas, tabela de classifica\u00e7\u00e3o, pr\u00f3ximos jogos!\",\"potentialAction\":[{\"@type\":\"SearchAction\",\"target\":{\"@type\":\"EntryPoint\",\"urlTemplate\":\"https:\/\/www.gaveanews.com\/?s={search_term_string}\"},\"query-input\":{\"@type\":\"PropertyValueSpecification\",\"valueRequired\":true,\"valueName\":\"search_term_string\"}}],\"inLanguage\":\"pt-BR\"},{\"@type\":\"Person\",\"@id\":\"https:\/\/www.gaveanews.com\/#\/schema\/person\/0eb3e3fe1754f0205218538adbe8f5ed\",\"name\":\"Rafaela Ladeira\",\"image\":{\"@type\":\"ImageObject\",\"inLanguage\":\"pt-BR\",\"@id\":\"https:\/\/www.gaveanews.com\/#\/schema\/person\/image\/\",\"url\":\"https:\/\/secure.gravatar.com\/avatar\/c31f513acffd85eacab5730cbdfdbbf59f21ba5aeada8cd890acea879fbb2455?s=96&d=mm&r=g\",\"contentUrl\":\"https:\/\/secure.gravatar.com\/avatar\/c31f513acffd85eacab5730cbdfdbbf59f21ba5aeada8cd890acea879fbb2455?s=96&d=mm&r=g\",\"caption\":\"Rafaela Ladeira\"}}]}<\/script>\n<!-- \/ Yoast SEO Premium plugin. -->","yoast_head_json":{"title":"Renato Paiva est\u00e1 'encantado' por volante do Botafogo","robots":{"index":"index","follow":"follow","max-snippet":"max-snippet:-1","max-image-preview":"max-image-preview:large","max-video-preview":"max-video-preview:-1"},"canonical":"https:\/\/www.gaveanews.com\/index.php\/2025\/03\/25\/renato-paiva-esta-encantado-por-volante-do-botafogo\/","og_locale":"pt_BR","og_type":"article","og_title":"Renato Paiva est\u00e1 'encantado' por volante do Botafogo","og_description":"Ap\u00f3s um per\u00edodo de altos e baixos, Patrick de Paula encontrou sua melhor forma no Botafogo e come\u00e7a a justificar as expectativas criadas em torno de seu nome. O volante, que passou por uma recupera\u00e7\u00e3o dif\u00edcil, est\u00e1 se destacando na temporada de 2025 e se consolidou como um dos jogadores mais importantes da equipe.&nbsp; Sua [&hellip;]","og_url":"https:\/\/www.gaveanews.com\/index.php\/2025\/03\/25\/renato-paiva-esta-encantado-por-volante-do-botafogo\/","og_site_name":"G\u00e1vea News","article_publisher":"https:\/\/facebook.com\/gaveaNews\/","article_published_time":"2025-03-25T15:40:00+00:00","og_image":[{"width":900,"height":600,"url":"https:\/\/www.gaveanews.com\/wp-content\/uploads\/Renato-Paiva-em-acao-pelo-Botafogo-em-2025.webp","type":"image\/jpeg"}],"author":"Rafaela Ladeira","twitter_card":"summary_large_image","twitter_misc":{"Escrito por":"Rafaela Ladeira","Est. tempo de leitura":"3 minutos"},"schema":{"@context":"https:\/\/schema.org","@graph":[{"@type":"NewsArticle","@id":"https:\/\/www.gaveanews.com\/index.php\/2025\/03\/25\/renato-paiva-esta-encantado-por-volante-do-botafogo\/#article","isPartOf":{"@id":"https:\/\/www.gaveanews.com\/index.php\/2025\/03\/25\/renato-paiva-esta-encantado-por-volante-do-botafogo\/"},"author":{"name":"Rafaela Ladeira","@id":"https:\/\/www.gaveanews.com\/#\/schema\/person\/0eb3e3fe1754f0205218538adbe8f5ed"},"headline":"Renato Paiva est\u00e1 &#8216;encantado&#8217; por volante do Botafogo","datePublished":"2025-03-25T15:40:00+00:00","mainEntityOfPage":{"@id":"https:\/\/www.gaveanews.com\/index.php\/2025\/03\/25\/renato-paiva-esta-encantado-por-volante-do-botafogo\/"},"wordCount":496,"commentCount":0,"image":{"@id":"https:\/\/www.gaveanews.com\/index.php\/2025\/03\/25\/renato-paiva-esta-encantado-por-volante-do-botafogo\/#primaryimage"},"thumbnailUrl":"https:\/\/www.gaveanews.com\/wp-content\/uploads\/Renato-Paiva-em-acao-pelo-Botafogo-em-2025.webp","articleSection":["Botafogo"],"inLanguage":"pt-BR","potentialAction":[{"@type":"CommentAction","name":"Comment","target":["https:\/\/www.gaveanews.com\/index.php\/2025\/03\/25\/renato-paiva-esta-encantado-por-volante-do-botafogo\/#respond"]}],"copyrightYear":"2025","copyrightHolder":{"@id":"https:\/\/www.gaveanews.com\/#organization"}},{"@type":"WebPage","@id":"https:\/\/www.gaveanews.com\/index.php\/2025\/03\/25\/renato-paiva-esta-encantado-por-volante-do-botafogo\/","url":"https:\/\/www.gaveanews.com\/index.php\/2025\/03\/25\/renato-paiva-esta-encantado-por-volante-do-botafogo\/","name":"Renato Paiva est\u00e1 'encantado' por volante do Botafogo","isPartOf":{"@id":"https:\/\/www.gaveanews.com\/#website"},"primaryImageOfPage":{"@id":"https:\/\/www.gaveanews.com\/index.php\/2025\/03\/25\/renato-paiva-esta-encantado-por-volante-do-botafogo\/#primaryimage"},"image":{"@id":"https:\/\/www.gaveanews.com\/index.php\/2025\/03\/25\/renato-paiva-esta-encantado-por-volante-do-botafogo\/#primaryimage"},"thumbnailUrl":"https:\/\/www.gaveanews.com\/wp-content\/uploads\/Renato-Paiva-em-acao-pelo-Botafogo-em-2025.webp","datePublished":"2025-03-25T15:40:00+00:00","author":{"@id":"https:\/\/www.gaveanews.com\/#\/schema\/person\/0eb3e3fe1754f0205218538adbe8f5ed"},"breadcrumb":{"@id":"https:\/\/www.gaveanews.com\/index.php\/2025\/03\/25\/renato-paiva-esta-encantado-por-volante-do-botafogo\/#breadcrumb"},"inLanguage":"pt-BR","potentialAction":[{"@type":"ReadAction","target":["https:\/\/www.gaveanews.com\/index.php\/2025\/03\/25\/renato-paiva-esta-encantado-por-volante-do-botafogo\/"]}]},{"@type":"ImageObject","inLanguage":"pt-BR","@id":"https:\/\/www.gaveanews.com\/index.php\/2025\/03\/25\/renato-paiva-esta-encantado-por-volante-do-botafogo\/#primaryimage","url":"https:\/\/www.gaveanews.com\/wp-content\/uploads\/Renato-Paiva-em-acao-pelo-Botafogo-em-2025.webp","contentUrl":"https:\/\/www.gaveanews.com\/wp-content\/uploads\/Renato-Paiva-em-acao-pelo-Botafogo-em-2025.webp","width":900,"height":600,"caption":"Renato Paiva em a\u00e7\u00e3o pelo Botafogo em 2025 (Foto: Vitor Silva\/Botafogo)"},{"@type":"BreadcrumbList","@id":"https:\/\/www.gaveanews.com\/index.php\/2025\/03\/25\/renato-paiva-esta-encantado-por-volante-do-botafogo\/#breadcrumb","itemListElement":[{"@type":"ListItem","position":1,"name":"Home","item":"https:\/\/www.gaveanews.com\/"},{"@type":"ListItem","position":2,"name":"Renato Paiva est\u00e1 &#8216;encantado&#8217; por volante do Botafogo"}]},{"@type":"WebSite","@id":"https:\/\/www.gaveanews.com\/#website","url":"https:\/\/www.gaveanews.com\/","name":"G\u00e1vea News","description":"Veja todas as not\u00edcias sobre o Flamengo: Contrata\u00e7\u00f5es, categorias de base, resultados das partidas, tabela de classifica\u00e7\u00e3o, pr\u00f3ximos jogos!","potentialAction":[{"@type":"SearchAction","target":{"@type":"EntryPoint","urlTemplate":"https:\/\/www.gaveanews.com\/?s={search_term_string}"},"query-input":{"@type":"PropertyValueSpecification","valueRequired":true,"valueName":"search_term_string"}}],"inLanguage":"pt-BR"},{"@type":"Person","@id":"https:\/\/www.gaveanews.com\/#\/schema\/person\/0eb3e3fe1754f0205218538adbe8f5ed","name":"Rafaela Ladeira","image":{"@type":"ImageObject","inLanguage":"pt-BR","@id":"https:\/\/www.gaveanews.com\/#\/schema\/person\/image\/","url":"https:\/\/secure.gravatar.com\/avatar\/c31f513acffd85eacab5730cbdfdbbf59f21ba5aeada8cd890acea879fbb2455?s=96&d=mm&r=g","contentUrl":"https:\/\/secure.gravatar.com\/avatar\/c31f513acffd85eacab5730cbdfdbbf59f21ba5aeada8cd890acea879fbb2455?s=96&d=mm&r=g","caption":"Rafaela Ladeira"}}]}},"_links":{"self":[{"href":"https:\/\/www.gaveanews.com\/index.php\/wp-json\/wp\/v2\/posts\/244475","targetHints":{"allow":["GET"]}}],"collection":[{"href":"https:\/\/www.gaveanews.com\/index.php\/wp-json\/wp\/v2\/posts"}],"about":[{"href":"https:\/\/www.gaveanews.com\/index.php\/wp-json\/wp\/v2\/types\/post"}],"author":[{"embeddable":true,"href":"https:\/\/www.gaveanews.com\/index.php\/wp-json\/wp\/v2\/users\/25"}],"replies":[{"embeddable":true,"href":"https:\/\/www.gaveanews.com\/index.php\/wp-json\/wp\/v2\/comments?post=244475"}],"version-history":[{"count":1,"href":"https:\/\/www.gaveanews.com\/index.php\/wp-json\/wp\/v2\/posts\/244475\/revisions"}],"predecessor-version":[{"id":244476,"href":"https:\/\/www.gaveanews.com\/index.php\/wp-json\/wp\/v2\/posts\/244475\/revisions\/244476"}],"wp:featuredmedia":[{"embeddable":true,"href":"https:\/\/www.gaveanews.com\/index.php\/wp-json\/wp\/v2\/media\/244411"}],"wp:attachment":[{"href":"https:\/\/www.gaveanews.com\/index.php\/wp-json\/wp\/v2\/media?parent=244475"}],"wp:term":[{"taxonomy":"category","embeddable":true,"href":"https:\/\/www.gaveanews.com\/index.php\/wp-json\/wp\/v2\/categories?post=244475"},{"taxonomy":"post_tag","embeddable":true,"href":"https:\/\/www.gaveanews.com\/index.php\/wp-json\/wp\/v2\/tags?post=244475"}],"curies":[{"name":"wp","href":"https:\/\/api.w.org\/{rel}","templated":true}]}}