{"id":24450,"date":"2019-08-10T11:50:59","date_gmt":"2019-08-10T14:50:59","guid":{"rendered":"http:\/\/www.gaveanews.com\/?p=24450"},"modified":"2019-08-10T07:26:48","modified_gmt":"2019-08-10T10:26:48","slug":"veja-como-estaria-a-tabela-do-brasileirao-sem-a-utilizacao-do-var","status":"publish","type":"post","link":"https:\/\/www.gaveanews.com\/index.php\/2019\/08\/10\/veja-como-estaria-a-tabela-do-brasileirao-sem-a-utilizacao-do-var\/","title":{"rendered":"Veja como estaria a tabela do Brasileir\u00e3o sem a utiliza\u00e7\u00e3o do VAR"},"content":{"rendered":"\n<p>O Brasileir\u00e3o 2019 agora tem todas as 20 equipes com o mesmo n\u00famero de jogos realizados. Ap\u00f3s o duelo entre Corinthians e Goi\u00e1s, nessa quarta-feira (07), os times somam 13 partidas. O Santos lidera com vantagem para Palmeiras e para o Flamengo, segundo e terceiro, respectivamente. <\/p>\n\n\n\n<p>De acordo com um levantamento feito pelo jornalista Alexandre Siqueira, que cataloga a utiliza\u00e7\u00e3o do \u00e1rbitro de v\u00eddeo desde a primeira rodada, a tabela teria mudan\u00e7as significativas n\u00e3o fosse o aux\u00edlio do VAR. O Corinthians, atualmente quinto colocado com 23 pontos, seria vice-l\u00edder com 27. O Goi\u00e1s, por sua vez, estaria na zona de rebaixamento com seis pontos a menos.<\/p>\n\n\n\n<p>Ao todo, o VAR j\u00e1 interferiu 123 vezes em 130 jogos. M\u00e9dia de quase uma interfer\u00eancia por partida. Apesar de trazer mais justi\u00e7a e um aumento nos acertos, a tecnologia tem sido questionada em algumas situa\u00e7\u00f5es. A principal cr\u00edtica \u00e9 a demora na tomada de decis\u00e3o.<\/p>\n\n\n\n<p><strong>Veja a tabela do Brasileir\u00e3o com e sem VAR ap\u00f3s 13 rodadas:<\/strong><\/p>\n\n\n\n<div class=\"wp-block-image\"><figure class=\"aligncenter\"><img decoding=\"async\" src=\"https:\/\/static-wp-tor15-prd.torcedores.com\/wp-content\/uploads\/2019\/08\/tabela-var.webp\" alt=\"\"\/><\/figure><\/div>\n\n\n\n\n\n<p>Retirado de: Torcedores<\/p>\n","protected":false},"excerpt":{"rendered":"<p>O Brasileir\u00e3o 2019 agora tem todas as 20 equipes com o mesmo n\u00famero de jogos realizados. Ap\u00f3s o duelo entre Corinthians e Goi\u00e1s, nessa quarta-feira (07), os times somam 13 partidas. O Santos lidera com vantagem para Palmeiras e para o Flamengo, segundo e terceiro, respectivamente. De acordo com um levantamento feito pelo jornalista Alexandre [&hellip;]<\/p>\n","protected":false},"author":1,"featured_media":23225,"comment_status":"open","ping_status":"open","sticky":false,"template":"","format":"standard","meta":{"footnotes":""},"categories":[1],"tags":[],"class_list":["post-24450","post","type-post","status-publish","format-standard","has-post-thumbnail","hentry","category-flamengo"],"yoast_head":"<!-- This site is optimized with the Yoast SEO Premium plugin v24.2 (Yoast SEO v26.9) - https:\/\/yoast.com\/product\/yoast-seo-premium-wordpress\/ -->\n<title>Veja como estaria a tabela do Brasileir\u00e3o sem a utiliza\u00e7\u00e3o do VAR<\/title>\n<meta name=\"robots\" content=\"index, follow, max-snippet:-1, max-image-preview:large, max-video-preview:-1\" \/>\n<link rel=\"canonical\" href=\"https:\/\/www.gaveanews.com\/index.php\/2019\/08\/10\/veja-como-estaria-a-tabela-do-brasileirao-sem-a-utilizacao-do-var\/\" \/>\n<meta property=\"og:locale\" content=\"pt_BR\" \/>\n<meta property=\"og:type\" content=\"article\" \/>\n<meta property=\"og:title\" content=\"Veja como estaria a tabela do Brasileir\u00e3o sem a utiliza\u00e7\u00e3o do VAR\" \/>\n<meta property=\"og:description\" content=\"O Brasileir\u00e3o 2019 agora tem todas as 20 equipes com o mesmo n\u00famero de jogos realizados. Ap\u00f3s o duelo entre Corinthians e Goi\u00e1s, nessa quarta-feira (07), os times somam 13 partidas. O Santos lidera com vantagem para Palmeiras e para o Flamengo, segundo e terceiro, respectivamente. De acordo com um levantamento feito pelo jornalista Alexandre [&hellip;]\" \/>\n<meta property=\"og:url\" content=\"https:\/\/www.gaveanews.com\/index.php\/2019\/08\/10\/veja-como-estaria-a-tabela-do-brasileirao-sem-a-utilizacao-do-var\/\" \/>\n<meta property=\"og:site_name\" content=\"G\u00e1vea News\" \/>\n<meta property=\"article:publisher\" content=\"https:\/\/facebook.com\/gaveaNews\/\" \/>\n<meta property=\"article:published_time\" content=\"2019-08-10T14:50:59+00:00\" \/>\n<meta property=\"og:image\" content=\"https:\/\/www.gaveanews.com\/wp-content\/uploads\/2019\/07\/Cabine-do-VAR-no-Maracana.webp\" \/>\n\t<meta property=\"og:image:width\" content=\"1\" \/>\n\t<meta property=\"og:image:height\" content=\"1\" \/>\n\t<meta property=\"og:image:type\" content=\"image\/jpeg\" \/>\n<meta name=\"author\" content=\"Equipe G\u00e1vea News\" \/>\n<meta name=\"twitter:card\" content=\"summary_large_image\" \/>\n<meta name=\"twitter:label1\" content=\"Escrito por\" \/>\n\t<meta name=\"twitter:data1\" content=\"Equipe G\u00e1vea News\" \/>\n\t<meta name=\"twitter:label2\" content=\"Est. tempo de leitura\" \/>\n\t<meta name=\"twitter:data2\" content=\"1 minuto\" \/>\n<script type=\"application\/ld+json\" class=\"yoast-schema-graph\">{\"@context\":\"https:\/\/schema.org\",\"@graph\":[{\"@type\":\"NewsArticle\",\"@id\":\"https:\/\/www.gaveanews.com\/index.php\/2019\/08\/10\/veja-como-estaria-a-tabela-do-brasileirao-sem-a-utilizacao-do-var\/#article\",\"isPartOf\":{\"@id\":\"https:\/\/www.gaveanews.com\/index.php\/2019\/08\/10\/veja-como-estaria-a-tabela-do-brasileirao-sem-a-utilizacao-do-var\/\"},\"author\":{\"name\":\"Equipe G\u00e1vea News\",\"@id\":\"https:\/\/www.gaveanews.com\/#\/schema\/person\/2ec14f73fb96be2caf28f91afb14749d\"},\"headline\":\"Veja como estaria a tabela do Brasileir\u00e3o sem a utiliza\u00e7\u00e3o do VAR\",\"datePublished\":\"2019-08-10T14:50:59+00:00\",\"mainEntityOfPage\":{\"@id\":\"https:\/\/www.gaveanews.com\/index.php\/2019\/08\/10\/veja-como-estaria-a-tabela-do-brasileirao-sem-a-utilizacao-do-var\/\"},\"wordCount\":190,\"commentCount\":0,\"image\":{\"@id\":\"https:\/\/www.gaveanews.com\/index.php\/2019\/08\/10\/veja-como-estaria-a-tabela-do-brasileirao-sem-a-utilizacao-do-var\/#primaryimage\"},\"thumbnailUrl\":\"https:\/\/www.gaveanews.com\/wp-content\/uploads\/2019\/07\/Cabine-do-VAR-no-Maracana.webp\",\"articleSection\":[\"Flamengo\"],\"inLanguage\":\"pt-BR\",\"potentialAction\":[{\"@type\":\"CommentAction\",\"name\":\"Comment\",\"target\":[\"https:\/\/www.gaveanews.com\/index.php\/2019\/08\/10\/veja-como-estaria-a-tabela-do-brasileirao-sem-a-utilizacao-do-var\/#respond\"]}],\"copyrightYear\":\"2019\",\"copyrightHolder\":{\"@id\":\"https:\/\/www.gaveanews.com\/#organization\"}},{\"@type\":\"WebPage\",\"@id\":\"https:\/\/www.gaveanews.com\/index.php\/2019\/08\/10\/veja-como-estaria-a-tabela-do-brasileirao-sem-a-utilizacao-do-var\/\",\"url\":\"https:\/\/www.gaveanews.com\/index.php\/2019\/08\/10\/veja-como-estaria-a-tabela-do-brasileirao-sem-a-utilizacao-do-var\/\",\"name\":\"Veja como estaria a tabela do Brasileir\u00e3o sem a utiliza\u00e7\u00e3o do VAR\",\"isPartOf\":{\"@id\":\"https:\/\/www.gaveanews.com\/#website\"},\"primaryImageOfPage\":{\"@id\":\"https:\/\/www.gaveanews.com\/index.php\/2019\/08\/10\/veja-como-estaria-a-tabela-do-brasileirao-sem-a-utilizacao-do-var\/#primaryimage\"},\"image\":{\"@id\":\"https:\/\/www.gaveanews.com\/index.php\/2019\/08\/10\/veja-como-estaria-a-tabela-do-brasileirao-sem-a-utilizacao-do-var\/#primaryimage\"},\"thumbnailUrl\":\"https:\/\/www.gaveanews.com\/wp-content\/uploads\/2019\/07\/Cabine-do-VAR-no-Maracana.webp\",\"datePublished\":\"2019-08-10T14:50:59+00:00\",\"author\":{\"@id\":\"https:\/\/www.gaveanews.com\/#\/schema\/person\/2ec14f73fb96be2caf28f91afb14749d\"},\"breadcrumb\":{\"@id\":\"https:\/\/www.gaveanews.com\/index.php\/2019\/08\/10\/veja-como-estaria-a-tabela-do-brasileirao-sem-a-utilizacao-do-var\/#breadcrumb\"},\"inLanguage\":\"pt-BR\",\"potentialAction\":[{\"@type\":\"ReadAction\",\"target\":[\"https:\/\/www.gaveanews.com\/index.php\/2019\/08\/10\/veja-como-estaria-a-tabela-do-brasileirao-sem-a-utilizacao-do-var\/\"]}]},{\"@type\":\"ImageObject\",\"inLanguage\":\"pt-BR\",\"@id\":\"https:\/\/www.gaveanews.com\/index.php\/2019\/08\/10\/veja-como-estaria-a-tabela-do-brasileirao-sem-a-utilizacao-do-var\/#primaryimage\",\"url\":\"https:\/\/www.gaveanews.com\/wp-content\/uploads\/2019\/07\/Cabine-do-VAR-no-Maracana.webp\",\"contentUrl\":\"https:\/\/www.gaveanews.com\/wp-content\/uploads\/2019\/07\/Cabine-do-VAR-no-Maracana.webp\",\"width\":645,\"height\":388,\"caption\":\"Cabine do VAR no Maracan\u00e3 (Foto: Marcelo Theobald)\"},{\"@type\":\"BreadcrumbList\",\"@id\":\"https:\/\/www.gaveanews.com\/index.php\/2019\/08\/10\/veja-como-estaria-a-tabela-do-brasileirao-sem-a-utilizacao-do-var\/#breadcrumb\",\"itemListElement\":[{\"@type\":\"ListItem\",\"position\":1,\"name\":\"Home\",\"item\":\"https:\/\/www.gaveanews.com\/\"},{\"@type\":\"ListItem\",\"position\":2,\"name\":\"Veja como estaria a tabela do Brasileir\u00e3o sem a utiliza\u00e7\u00e3o do VAR\"}]},{\"@type\":\"WebSite\",\"@id\":\"https:\/\/www.gaveanews.com\/#website\",\"url\":\"https:\/\/www.gaveanews.com\/\",\"name\":\"G\u00e1vea News\",\"description\":\"Veja todas as not\u00edcias sobre o Flamengo: Contrata\u00e7\u00f5es, categorias de base, resultados das partidas, tabela de classifica\u00e7\u00e3o, pr\u00f3ximos jogos!\",\"potentialAction\":[{\"@type\":\"SearchAction\",\"target\":{\"@type\":\"EntryPoint\",\"urlTemplate\":\"https:\/\/www.gaveanews.com\/?s={search_term_string}\"},\"query-input\":{\"@type\":\"PropertyValueSpecification\",\"valueRequired\":true,\"valueName\":\"search_term_string\"}}],\"inLanguage\":\"pt-BR\"},{\"@type\":\"Person\",\"@id\":\"https:\/\/www.gaveanews.com\/#\/schema\/person\/2ec14f73fb96be2caf28f91afb14749d\",\"name\":\"Equipe G\u00e1vea News\",\"image\":{\"@type\":\"ImageObject\",\"inLanguage\":\"pt-BR\",\"@id\":\"https:\/\/www.gaveanews.com\/#\/schema\/person\/image\/\",\"url\":\"https:\/\/secure.gravatar.com\/avatar\/1e1956f1facbffd3f8fa53a326721950116b3b9dc9bd44939c01180fd4a745a9?s=96&d=mm&r=g\",\"contentUrl\":\"https:\/\/secure.gravatar.com\/avatar\/1e1956f1facbffd3f8fa53a326721950116b3b9dc9bd44939c01180fd4a745a9?s=96&d=mm&r=g\",\"caption\":\"Equipe G\u00e1vea News\"}}]}<\/script>\n<!-- \/ Yoast SEO Premium plugin. -->","yoast_head_json":{"title":"Veja como estaria a tabela do Brasileir\u00e3o sem a utiliza\u00e7\u00e3o do VAR","robots":{"index":"index","follow":"follow","max-snippet":"max-snippet:-1","max-image-preview":"max-image-preview:large","max-video-preview":"max-video-preview:-1"},"canonical":"https:\/\/www.gaveanews.com\/index.php\/2019\/08\/10\/veja-como-estaria-a-tabela-do-brasileirao-sem-a-utilizacao-do-var\/","og_locale":"pt_BR","og_type":"article","og_title":"Veja como estaria a tabela do Brasileir\u00e3o sem a utiliza\u00e7\u00e3o do VAR","og_description":"O Brasileir\u00e3o 2019 agora tem todas as 20 equipes com o mesmo n\u00famero de jogos realizados. Ap\u00f3s o duelo entre Corinthians e Goi\u00e1s, nessa quarta-feira (07), os times somam 13 partidas. O Santos lidera com vantagem para Palmeiras e para o Flamengo, segundo e terceiro, respectivamente. De acordo com um levantamento feito pelo jornalista Alexandre [&hellip;]","og_url":"https:\/\/www.gaveanews.com\/index.php\/2019\/08\/10\/veja-como-estaria-a-tabela-do-brasileirao-sem-a-utilizacao-do-var\/","og_site_name":"G\u00e1vea News","article_publisher":"https:\/\/facebook.com\/gaveaNews\/","article_published_time":"2019-08-10T14:50:59+00:00","og_image":[{"url":"https:\/\/www.gaveanews.com\/wp-content\/uploads\/2019\/07\/Cabine-do-VAR-no-Maracana.webp","width":1,"height":1,"type":"image\/jpeg"}],"author":"Equipe G\u00e1vea News","twitter_card":"summary_large_image","twitter_misc":{"Escrito por":"Equipe G\u00e1vea News","Est. tempo de leitura":"1 minuto"},"schema":{"@context":"https:\/\/schema.org","@graph":[{"@type":"NewsArticle","@id":"https:\/\/www.gaveanews.com\/index.php\/2019\/08\/10\/veja-como-estaria-a-tabela-do-brasileirao-sem-a-utilizacao-do-var\/#article","isPartOf":{"@id":"https:\/\/www.gaveanews.com\/index.php\/2019\/08\/10\/veja-como-estaria-a-tabela-do-brasileirao-sem-a-utilizacao-do-var\/"},"author":{"name":"Equipe G\u00e1vea News","@id":"https:\/\/www.gaveanews.com\/#\/schema\/person\/2ec14f73fb96be2caf28f91afb14749d"},"headline":"Veja como estaria a tabela do Brasileir\u00e3o sem a utiliza\u00e7\u00e3o do VAR","datePublished":"2019-08-10T14:50:59+00:00","mainEntityOfPage":{"@id":"https:\/\/www.gaveanews.com\/index.php\/2019\/08\/10\/veja-como-estaria-a-tabela-do-brasileirao-sem-a-utilizacao-do-var\/"},"wordCount":190,"commentCount":0,"image":{"@id":"https:\/\/www.gaveanews.com\/index.php\/2019\/08\/10\/veja-como-estaria-a-tabela-do-brasileirao-sem-a-utilizacao-do-var\/#primaryimage"},"thumbnailUrl":"https:\/\/www.gaveanews.com\/wp-content\/uploads\/2019\/07\/Cabine-do-VAR-no-Maracana.webp","articleSection":["Flamengo"],"inLanguage":"pt-BR","potentialAction":[{"@type":"CommentAction","name":"Comment","target":["https:\/\/www.gaveanews.com\/index.php\/2019\/08\/10\/veja-como-estaria-a-tabela-do-brasileirao-sem-a-utilizacao-do-var\/#respond"]}],"copyrightYear":"2019","copyrightHolder":{"@id":"https:\/\/www.gaveanews.com\/#organization"}},{"@type":"WebPage","@id":"https:\/\/www.gaveanews.com\/index.php\/2019\/08\/10\/veja-como-estaria-a-tabela-do-brasileirao-sem-a-utilizacao-do-var\/","url":"https:\/\/www.gaveanews.com\/index.php\/2019\/08\/10\/veja-como-estaria-a-tabela-do-brasileirao-sem-a-utilizacao-do-var\/","name":"Veja como estaria a tabela do Brasileir\u00e3o sem a utiliza\u00e7\u00e3o do VAR","isPartOf":{"@id":"https:\/\/www.gaveanews.com\/#website"},"primaryImageOfPage":{"@id":"https:\/\/www.gaveanews.com\/index.php\/2019\/08\/10\/veja-como-estaria-a-tabela-do-brasileirao-sem-a-utilizacao-do-var\/#primaryimage"},"image":{"@id":"https:\/\/www.gaveanews.com\/index.php\/2019\/08\/10\/veja-como-estaria-a-tabela-do-brasileirao-sem-a-utilizacao-do-var\/#primaryimage"},"thumbnailUrl":"https:\/\/www.gaveanews.com\/wp-content\/uploads\/2019\/07\/Cabine-do-VAR-no-Maracana.webp","datePublished":"2019-08-10T14:50:59+00:00","author":{"@id":"https:\/\/www.gaveanews.com\/#\/schema\/person\/2ec14f73fb96be2caf28f91afb14749d"},"breadcrumb":{"@id":"https:\/\/www.gaveanews.com\/index.php\/2019\/08\/10\/veja-como-estaria-a-tabela-do-brasileirao-sem-a-utilizacao-do-var\/#breadcrumb"},"inLanguage":"pt-BR","potentialAction":[{"@type":"ReadAction","target":["https:\/\/www.gaveanews.com\/index.php\/2019\/08\/10\/veja-como-estaria-a-tabela-do-brasileirao-sem-a-utilizacao-do-var\/"]}]},{"@type":"ImageObject","inLanguage":"pt-BR","@id":"https:\/\/www.gaveanews.com\/index.php\/2019\/08\/10\/veja-como-estaria-a-tabela-do-brasileirao-sem-a-utilizacao-do-var\/#primaryimage","url":"https:\/\/www.gaveanews.com\/wp-content\/uploads\/2019\/07\/Cabine-do-VAR-no-Maracana.webp","contentUrl":"https:\/\/www.gaveanews.com\/wp-content\/uploads\/2019\/07\/Cabine-do-VAR-no-Maracana.webp","width":645,"height":388,"caption":"Cabine do VAR no Maracan\u00e3 (Foto: Marcelo Theobald)"},{"@type":"BreadcrumbList","@id":"https:\/\/www.gaveanews.com\/index.php\/2019\/08\/10\/veja-como-estaria-a-tabela-do-brasileirao-sem-a-utilizacao-do-var\/#breadcrumb","itemListElement":[{"@type":"ListItem","position":1,"name":"Home","item":"https:\/\/www.gaveanews.com\/"},{"@type":"ListItem","position":2,"name":"Veja como estaria a tabela do Brasileir\u00e3o sem a utiliza\u00e7\u00e3o do VAR"}]},{"@type":"WebSite","@id":"https:\/\/www.gaveanews.com\/#website","url":"https:\/\/www.gaveanews.com\/","name":"G\u00e1vea News","description":"Veja todas as not\u00edcias sobre o Flamengo: Contrata\u00e7\u00f5es, categorias de base, resultados das partidas, tabela de classifica\u00e7\u00e3o, pr\u00f3ximos jogos!","potentialAction":[{"@type":"SearchAction","target":{"@type":"EntryPoint","urlTemplate":"https:\/\/www.gaveanews.com\/?s={search_term_string}"},"query-input":{"@type":"PropertyValueSpecification","valueRequired":true,"valueName":"search_term_string"}}],"inLanguage":"pt-BR"},{"@type":"Person","@id":"https:\/\/www.gaveanews.com\/#\/schema\/person\/2ec14f73fb96be2caf28f91afb14749d","name":"Equipe G\u00e1vea News","image":{"@type":"ImageObject","inLanguage":"pt-BR","@id":"https:\/\/www.gaveanews.com\/#\/schema\/person\/image\/","url":"https:\/\/secure.gravatar.com\/avatar\/1e1956f1facbffd3f8fa53a326721950116b3b9dc9bd44939c01180fd4a745a9?s=96&d=mm&r=g","contentUrl":"https:\/\/secure.gravatar.com\/avatar\/1e1956f1facbffd3f8fa53a326721950116b3b9dc9bd44939c01180fd4a745a9?s=96&d=mm&r=g","caption":"Equipe G\u00e1vea News"}}]}},"_links":{"self":[{"href":"https:\/\/www.gaveanews.com\/index.php\/wp-json\/wp\/v2\/posts\/24450","targetHints":{"allow":["GET"]}}],"collection":[{"href":"https:\/\/www.gaveanews.com\/index.php\/wp-json\/wp\/v2\/posts"}],"about":[{"href":"https:\/\/www.gaveanews.com\/index.php\/wp-json\/wp\/v2\/types\/post"}],"author":[{"embeddable":true,"href":"https:\/\/www.gaveanews.com\/index.php\/wp-json\/wp\/v2\/users\/1"}],"replies":[{"embeddable":true,"href":"https:\/\/www.gaveanews.com\/index.php\/wp-json\/wp\/v2\/comments?post=24450"}],"version-history":[{"count":0,"href":"https:\/\/www.gaveanews.com\/index.php\/wp-json\/wp\/v2\/posts\/24450\/revisions"}],"wp:featuredmedia":[{"embeddable":true,"href":"https:\/\/www.gaveanews.com\/index.php\/wp-json\/wp\/v2\/media\/23225"}],"wp:attachment":[{"href":"https:\/\/www.gaveanews.com\/index.php\/wp-json\/wp\/v2\/media?parent=24450"}],"wp:term":[{"taxonomy":"category","embeddable":true,"href":"https:\/\/www.gaveanews.com\/index.php\/wp-json\/wp\/v2\/categories?post=24450"},{"taxonomy":"post_tag","embeddable":true,"href":"https:\/\/www.gaveanews.com\/index.php\/wp-json\/wp\/v2\/tags?post=24450"}],"curies":[{"name":"wp","href":"https:\/\/api.w.org\/{rel}","templated":true}]}}