{"id":244522,"date":"2025-03-25T17:00:00","date_gmt":"2025-03-25T20:00:00","guid":{"rendered":"https:\/\/www.gaveanews.com\/?p=244522"},"modified":"2025-03-25T14:53:01","modified_gmt":"2025-03-25T17:53:01","slug":"ex-tecnico-do-vasco-manda-recado-para-leandro-castan","status":"publish","type":"post","link":"https:\/\/www.gaveanews.com\/index.php\/2025\/03\/25\/ex-tecnico-do-vasco-manda-recado-para-leandro-castan\/","title":{"rendered":"Ex-t\u00e9cnico do Vasco manda recado para Leandro Cast\u00e1n"},"content":{"rendered":"\n<p>O Vasco, em fase de prepara\u00e7\u00e3o para uma maratona de jogos que inclui o Campeonato Brasileiro e a Copa Sul-Americana, vem aproveitando a Data FIFA para trabalhar sob o comando de Carille.&nbsp;<\/p>\n\n\n\n<p>Entretanto, enquanto o time se prepara para seus pr\u00f3ximos desafios, algumas declara\u00e7\u00f5es de ex-treinadores come\u00e7am a ressoar, com destaque para as cr\u00edticas de Ricardo S\u00e1 Pinto, ex-comandante da equipe em 2020. Suas palavras sobre o zagueiro Leandro Cast\u00e1n, em especial, est\u00e3o gerando discuss\u00f5es e reacendendo pol\u00eamicas entre os vasca\u00ednos.<\/p>\n\n\n\n<h2 class=\"wp-block-heading\" id=\"h-sa-pinto-critica-leandro-castan\">S\u00e1 Pinto critica Leandro Cast\u00e1n<\/h2>\n\n\n\n<figure class=\"wp-block-image size-large\"><img loading=\"lazy\" decoding=\"async\" width=\"1024\" height=\"825\" src=\"http:\/\/www.gaveanews.com\/wp-content\/uploads\/Leandro-Castan-pelo-Vasco-1024x825.webp\" alt=\"\" class=\"wp-image-213444\" srcset=\"https:\/\/www.gaveanews.com\/wp-content\/uploads\/Leandro-Castan-pelo-Vasco-1024x825.webp 1024w, https:\/\/www.gaveanews.com\/wp-content\/uploads\/Leandro-Castan-pelo-Vasco-300x242.webp 300w, https:\/\/www.gaveanews.com\/wp-content\/uploads\/Leandro-Castan-pelo-Vasco-768x619.webp 768w, https:\/\/www.gaveanews.com\/wp-content\/uploads\/Leandro-Castan-pelo-Vasco-521x420.webp 521w, https:\/\/www.gaveanews.com\/wp-content\/uploads\/Leandro-Castan-pelo-Vasco-1043x840.webp 1043w, https:\/\/www.gaveanews.com\/wp-content\/uploads\/Leandro-Castan-pelo-Vasco-640x516.webp 640w, https:\/\/www.gaveanews.com\/wp-content\/uploads\/Leandro-Castan-pelo-Vasco-1280x1031.webp 1280w, https:\/\/www.gaveanews.com\/wp-content\/uploads\/Leandro-Castan-pelo-Vasco-681x549.webp 681w, https:\/\/www.gaveanews.com\/wp-content\/uploads\/Leandro-Castan-pelo-Vasco-100x81.webp 100w, https:\/\/www.gaveanews.com\/wp-content\/uploads\/Leandro-Castan-pelo-Vasco.webp 1291w\" sizes=\"auto, (max-width: 1024px) 100vw, 1024px\" \/><figcaption class=\"wp-element-caption\">Leandro Castan pelo Vasco (Foto: Rafael Ribeiro\/Vasco)<\/figcaption><\/figure>\n\n\n\n<p>Em uma entrevista ao canal Expresso 1923, Ricardo S\u00e1 Pinto fez uma revela\u00e7\u00e3o contundente sobre a condi\u00e7\u00e3o f\u00edsica de Leandro Cast\u00e1n durante sua passagem pelo Vasco.&nbsp;<\/p>\n\n\n\n<p>O ex-treinador afirmou que o zagueiro estava completamente \u201cmorto fisicamente\u201d e que essa situa\u00e7\u00e3o afetou diretamente o rendimento da defesa vasca\u00edna.&nbsp;<\/p>\n\n\n\n<p>\u201c\u00c9 preciso continuidade para competir. Esse foi o esquema que encontrei para jogar o L\u00e9o Matos, o Netinho, o Castan, porque na linha de quatro n\u00e3o ia jogar, j\u00e1 estava morto. Estava morto\u201d, disparou S\u00e1 Pinto, deixando claro que a condi\u00e7\u00e3o f\u00edsica de Cast\u00e1n foi um dos fatores que comprometeram o desempenho do time durante sua gest\u00e3o.<\/p>\n\n\n\n<h2 class=\"wp-block-heading\" id=\"h-relacao-de-ajuda-e-desentendimentos\">Rela\u00e7\u00e3o de ajuda e desentendimentos<\/h2>\n\n\n\n<p>Al\u00e9m da cr\u00edtica \u00e0 condi\u00e7\u00e3o f\u00edsica do defensor, Ricardo S\u00e1 Pinto tamb\u00e9m revelou uma m\u00e1goa pessoal em rela\u00e7\u00e3o a Cast\u00e1n. O ex-treinador afirmou que, apesar das dificuldades enfrentadas durante o per\u00edodo de press\u00e3o e luta contra o rebaixamento, ele tentou ajudar o jogador.&nbsp;<\/p>\n\n\n\n<p>\u201cAinda fui um homem que o (Castan) ajudei. Depois do que ele disse, fiquei triste\u201d, afirmou S\u00e1 Pinto, mostrando que o relacionamento entre os dois n\u00e3o foi f\u00e1cil, especialmente ap\u00f3s a sa\u00edda do t\u00e9cnico, quando Cast\u00e1n fez algumas declara\u00e7\u00f5es que n\u00e3o agradaram o portugu\u00eas.<\/p>\n\n\n\n<h2 class=\"wp-block-heading\" id=\"h-o-legado-de-uma-relacao-conturbada\">O legado de uma rela\u00e7\u00e3o conturbada<\/h2>\n\n\n\n<p>Com isso, fica claro que a rela\u00e7\u00e3o entre Ricardo S\u00e1 Pinto e Leandro Cast\u00e1n foi marcada por desentendimentos e frustra\u00e7\u00f5es. O ex-treinador sentiu que, em um momento de grande press\u00e3o, Cast\u00e1n n\u00e3o mostrou a resposta esperada, e a falta de um entendimento m\u00fatuo contribuiu para o desgaste da passagem de S\u00e1 Pinto no clube.&nbsp;<\/p>\n\n\n\n<h2 class=\"wp-block-heading\" id=\"h-a-preparacao-do-vasco-para-os-proximos-desafios\">A prepara\u00e7\u00e3o do Vasco para os pr\u00f3ximos desafios<\/h2>\n\n\n\n<p>Enquanto as discuss\u00f5es sobre o passado continuam, o Vasco segue se preparando para a estreia no Campeonato Brasileiro e na Copa Sul-Americana, sob o comando de Carille.&nbsp;<\/p>\n\n\n\n<p>O clube se prepara para um confronto importante contra o Santos no pr\u00f3ximo domingo (30), em S\u00e3o Janu\u00e1rio, pelo Brasileir\u00e3o.<\/p>\n","protected":false},"excerpt":{"rendered":"<p>O Vasco, em fase de prepara\u00e7\u00e3o para uma maratona de jogos que inclui o Campeonato Brasileiro e a Copa Sul-Americana, vem aproveitando a Data FIFA para trabalhar sob o comando de Carille.&nbsp; Entretanto, enquanto o time se prepara para seus pr\u00f3ximos desafios, algumas declara\u00e7\u00f5es de ex-treinadores come\u00e7am a ressoar, com destaque para as cr\u00edticas de [&hellip;]<\/p>\n","protected":false},"author":25,"featured_media":152090,"comment_status":"open","ping_status":"closed","sticky":false,"template":"","format":"standard","meta":{"footnotes":""},"categories":[152],"tags":[],"class_list":["post-244522","post","type-post","status-publish","format-standard","has-post-thumbnail","hentry","category-vasco"],"yoast_head":"<!-- This site is optimized with the Yoast SEO Premium plugin v24.2 (Yoast SEO v26.9) - https:\/\/yoast.com\/product\/yoast-seo-premium-wordpress\/ -->\n<title>Ex-t\u00e9cnico do Vasco manda recado para Leandro Cast\u00e1n<\/title>\n<meta name=\"robots\" content=\"index, follow, max-snippet:-1, max-image-preview:large, max-video-preview:-1\" \/>\n<link rel=\"canonical\" href=\"https:\/\/www.gaveanews.com\/index.php\/2025\/03\/25\/ex-tecnico-do-vasco-manda-recado-para-leandro-castan\/\" \/>\n<meta property=\"og:locale\" content=\"pt_BR\" \/>\n<meta property=\"og:type\" content=\"article\" \/>\n<meta property=\"og:title\" content=\"Ex-t\u00e9cnico do Vasco manda recado para Leandro Cast\u00e1n\" \/>\n<meta property=\"og:description\" content=\"O Vasco, em fase de prepara\u00e7\u00e3o para uma maratona de jogos que inclui o Campeonato Brasileiro e a Copa Sul-Americana, vem aproveitando a Data FIFA para trabalhar sob o comando de Carille.&nbsp; Entretanto, enquanto o time se prepara para seus pr\u00f3ximos desafios, algumas declara\u00e7\u00f5es de ex-treinadores come\u00e7am a ressoar, com destaque para as cr\u00edticas de [&hellip;]\" \/>\n<meta property=\"og:url\" content=\"https:\/\/www.gaveanews.com\/index.php\/2025\/03\/25\/ex-tecnico-do-vasco-manda-recado-para-leandro-castan\/\" \/>\n<meta property=\"og:site_name\" content=\"G\u00e1vea News\" \/>\n<meta property=\"article:publisher\" content=\"https:\/\/facebook.com\/gaveaNews\/\" \/>\n<meta property=\"article:published_time\" content=\"2025-03-25T20:00:00+00:00\" \/>\n<meta property=\"og:image\" content=\"https:\/\/www.gaveanews.com\/wp-content\/uploads\/Bandeira-do-Vasco-da-Gama.webp\" \/>\n\t<meta property=\"og:image:width\" content=\"1159\" \/>\n\t<meta property=\"og:image:height\" content=\"772\" \/>\n\t<meta property=\"og:image:type\" content=\"image\/webp\" \/>\n<meta name=\"author\" content=\"Rafaela Ladeira\" \/>\n<meta name=\"twitter:card\" content=\"summary_large_image\" \/>\n<meta name=\"twitter:label1\" content=\"Escrito por\" \/>\n\t<meta name=\"twitter:data1\" content=\"Rafaela Ladeira\" \/>\n\t<meta name=\"twitter:label2\" content=\"Est. tempo de leitura\" \/>\n\t<meta name=\"twitter:data2\" content=\"3 minutos\" \/>\n<script type=\"application\/ld+json\" class=\"yoast-schema-graph\">{\"@context\":\"https:\/\/schema.org\",\"@graph\":[{\"@type\":\"NewsArticle\",\"@id\":\"https:\/\/www.gaveanews.com\/index.php\/2025\/03\/25\/ex-tecnico-do-vasco-manda-recado-para-leandro-castan\/#article\",\"isPartOf\":{\"@id\":\"https:\/\/www.gaveanews.com\/index.php\/2025\/03\/25\/ex-tecnico-do-vasco-manda-recado-para-leandro-castan\/\"},\"author\":{\"name\":\"Rafaela Ladeira\",\"@id\":\"https:\/\/www.gaveanews.com\/#\/schema\/person\/0eb3e3fe1754f0205218538adbe8f5ed\"},\"headline\":\"Ex-t\u00e9cnico do Vasco manda recado para Leandro Cast\u00e1n\",\"datePublished\":\"2025-03-25T20:00:00+00:00\",\"mainEntityOfPage\":{\"@id\":\"https:\/\/www.gaveanews.com\/index.php\/2025\/03\/25\/ex-tecnico-do-vasco-manda-recado-para-leandro-castan\/\"},\"wordCount\":474,\"commentCount\":0,\"image\":{\"@id\":\"https:\/\/www.gaveanews.com\/index.php\/2025\/03\/25\/ex-tecnico-do-vasco-manda-recado-para-leandro-castan\/#primaryimage\"},\"thumbnailUrl\":\"https:\/\/www.gaveanews.com\/wp-content\/uploads\/Bandeira-do-Vasco-da-Gama.webp\",\"articleSection\":[\"Vasco\"],\"inLanguage\":\"pt-BR\",\"potentialAction\":[{\"@type\":\"CommentAction\",\"name\":\"Comment\",\"target\":[\"https:\/\/www.gaveanews.com\/index.php\/2025\/03\/25\/ex-tecnico-do-vasco-manda-recado-para-leandro-castan\/#respond\"]}],\"copyrightYear\":\"2025\",\"copyrightHolder\":{\"@id\":\"https:\/\/www.gaveanews.com\/#organization\"}},{\"@type\":\"WebPage\",\"@id\":\"https:\/\/www.gaveanews.com\/index.php\/2025\/03\/25\/ex-tecnico-do-vasco-manda-recado-para-leandro-castan\/\",\"url\":\"https:\/\/www.gaveanews.com\/index.php\/2025\/03\/25\/ex-tecnico-do-vasco-manda-recado-para-leandro-castan\/\",\"name\":\"Ex-t\u00e9cnico do Vasco manda recado para Leandro Cast\u00e1n\",\"isPartOf\":{\"@id\":\"https:\/\/www.gaveanews.com\/#website\"},\"primaryImageOfPage\":{\"@id\":\"https:\/\/www.gaveanews.com\/index.php\/2025\/03\/25\/ex-tecnico-do-vasco-manda-recado-para-leandro-castan\/#primaryimage\"},\"image\":{\"@id\":\"https:\/\/www.gaveanews.com\/index.php\/2025\/03\/25\/ex-tecnico-do-vasco-manda-recado-para-leandro-castan\/#primaryimage\"},\"thumbnailUrl\":\"https:\/\/www.gaveanews.com\/wp-content\/uploads\/Bandeira-do-Vasco-da-Gama.webp\",\"datePublished\":\"2025-03-25T20:00:00+00:00\",\"author\":{\"@id\":\"https:\/\/www.gaveanews.com\/#\/schema\/person\/0eb3e3fe1754f0205218538adbe8f5ed\"},\"breadcrumb\":{\"@id\":\"https:\/\/www.gaveanews.com\/index.php\/2025\/03\/25\/ex-tecnico-do-vasco-manda-recado-para-leandro-castan\/#breadcrumb\"},\"inLanguage\":\"pt-BR\",\"potentialAction\":[{\"@type\":\"ReadAction\",\"target\":[\"https:\/\/www.gaveanews.com\/index.php\/2025\/03\/25\/ex-tecnico-do-vasco-manda-recado-para-leandro-castan\/\"]}]},{\"@type\":\"ImageObject\",\"inLanguage\":\"pt-BR\",\"@id\":\"https:\/\/www.gaveanews.com\/index.php\/2025\/03\/25\/ex-tecnico-do-vasco-manda-recado-para-leandro-castan\/#primaryimage\",\"url\":\"https:\/\/www.gaveanews.com\/wp-content\/uploads\/Bandeira-do-Vasco-da-Gama.webp\",\"contentUrl\":\"https:\/\/www.gaveanews.com\/wp-content\/uploads\/Bandeira-do-Vasco-da-Gama.webp\",\"width\":1159,\"height\":772,\"caption\":\"Bandeira do Vasco da Gama (Foto: Reprodu\u00e7\u00e3o\/Vasco)\"},{\"@type\":\"BreadcrumbList\",\"@id\":\"https:\/\/www.gaveanews.com\/index.php\/2025\/03\/25\/ex-tecnico-do-vasco-manda-recado-para-leandro-castan\/#breadcrumb\",\"itemListElement\":[{\"@type\":\"ListItem\",\"position\":1,\"name\":\"Home\",\"item\":\"https:\/\/www.gaveanews.com\/\"},{\"@type\":\"ListItem\",\"position\":2,\"name\":\"Ex-t\u00e9cnico do Vasco manda recado para Leandro Cast\u00e1n\"}]},{\"@type\":\"WebSite\",\"@id\":\"https:\/\/www.gaveanews.com\/#website\",\"url\":\"https:\/\/www.gaveanews.com\/\",\"name\":\"G\u00e1vea News\",\"description\":\"Veja todas as not\u00edcias sobre o Flamengo: Contrata\u00e7\u00f5es, categorias de base, resultados das partidas, tabela de classifica\u00e7\u00e3o, pr\u00f3ximos jogos!\",\"potentialAction\":[{\"@type\":\"SearchAction\",\"target\":{\"@type\":\"EntryPoint\",\"urlTemplate\":\"https:\/\/www.gaveanews.com\/?s={search_term_string}\"},\"query-input\":{\"@type\":\"PropertyValueSpecification\",\"valueRequired\":true,\"valueName\":\"search_term_string\"}}],\"inLanguage\":\"pt-BR\"},{\"@type\":\"Person\",\"@id\":\"https:\/\/www.gaveanews.com\/#\/schema\/person\/0eb3e3fe1754f0205218538adbe8f5ed\",\"name\":\"Rafaela Ladeira\",\"image\":{\"@type\":\"ImageObject\",\"inLanguage\":\"pt-BR\",\"@id\":\"https:\/\/www.gaveanews.com\/#\/schema\/person\/image\/\",\"url\":\"https:\/\/secure.gravatar.com\/avatar\/c31f513acffd85eacab5730cbdfdbbf59f21ba5aeada8cd890acea879fbb2455?s=96&d=mm&r=g\",\"contentUrl\":\"https:\/\/secure.gravatar.com\/avatar\/c31f513acffd85eacab5730cbdfdbbf59f21ba5aeada8cd890acea879fbb2455?s=96&d=mm&r=g\",\"caption\":\"Rafaela Ladeira\"}}]}<\/script>\n<!-- \/ Yoast SEO Premium plugin. -->","yoast_head_json":{"title":"Ex-t\u00e9cnico do Vasco manda recado para Leandro Cast\u00e1n","robots":{"index":"index","follow":"follow","max-snippet":"max-snippet:-1","max-image-preview":"max-image-preview:large","max-video-preview":"max-video-preview:-1"},"canonical":"https:\/\/www.gaveanews.com\/index.php\/2025\/03\/25\/ex-tecnico-do-vasco-manda-recado-para-leandro-castan\/","og_locale":"pt_BR","og_type":"article","og_title":"Ex-t\u00e9cnico do Vasco manda recado para Leandro Cast\u00e1n","og_description":"O Vasco, em fase de prepara\u00e7\u00e3o para uma maratona de jogos que inclui o Campeonato Brasileiro e a Copa Sul-Americana, vem aproveitando a Data FIFA para trabalhar sob o comando de Carille.&nbsp; Entretanto, enquanto o time se prepara para seus pr\u00f3ximos desafios, algumas declara\u00e7\u00f5es de ex-treinadores come\u00e7am a ressoar, com destaque para as cr\u00edticas de [&hellip;]","og_url":"https:\/\/www.gaveanews.com\/index.php\/2025\/03\/25\/ex-tecnico-do-vasco-manda-recado-para-leandro-castan\/","og_site_name":"G\u00e1vea News","article_publisher":"https:\/\/facebook.com\/gaveaNews\/","article_published_time":"2025-03-25T20:00:00+00:00","og_image":[{"width":1159,"height":772,"url":"https:\/\/www.gaveanews.com\/wp-content\/uploads\/Bandeira-do-Vasco-da-Gama.webp","type":"image\/webp"}],"author":"Rafaela Ladeira","twitter_card":"summary_large_image","twitter_misc":{"Escrito por":"Rafaela Ladeira","Est. tempo de leitura":"3 minutos"},"schema":{"@context":"https:\/\/schema.org","@graph":[{"@type":"NewsArticle","@id":"https:\/\/www.gaveanews.com\/index.php\/2025\/03\/25\/ex-tecnico-do-vasco-manda-recado-para-leandro-castan\/#article","isPartOf":{"@id":"https:\/\/www.gaveanews.com\/index.php\/2025\/03\/25\/ex-tecnico-do-vasco-manda-recado-para-leandro-castan\/"},"author":{"name":"Rafaela Ladeira","@id":"https:\/\/www.gaveanews.com\/#\/schema\/person\/0eb3e3fe1754f0205218538adbe8f5ed"},"headline":"Ex-t\u00e9cnico do Vasco manda recado para Leandro Cast\u00e1n","datePublished":"2025-03-25T20:00:00+00:00","mainEntityOfPage":{"@id":"https:\/\/www.gaveanews.com\/index.php\/2025\/03\/25\/ex-tecnico-do-vasco-manda-recado-para-leandro-castan\/"},"wordCount":474,"commentCount":0,"image":{"@id":"https:\/\/www.gaveanews.com\/index.php\/2025\/03\/25\/ex-tecnico-do-vasco-manda-recado-para-leandro-castan\/#primaryimage"},"thumbnailUrl":"https:\/\/www.gaveanews.com\/wp-content\/uploads\/Bandeira-do-Vasco-da-Gama.webp","articleSection":["Vasco"],"inLanguage":"pt-BR","potentialAction":[{"@type":"CommentAction","name":"Comment","target":["https:\/\/www.gaveanews.com\/index.php\/2025\/03\/25\/ex-tecnico-do-vasco-manda-recado-para-leandro-castan\/#respond"]}],"copyrightYear":"2025","copyrightHolder":{"@id":"https:\/\/www.gaveanews.com\/#organization"}},{"@type":"WebPage","@id":"https:\/\/www.gaveanews.com\/index.php\/2025\/03\/25\/ex-tecnico-do-vasco-manda-recado-para-leandro-castan\/","url":"https:\/\/www.gaveanews.com\/index.php\/2025\/03\/25\/ex-tecnico-do-vasco-manda-recado-para-leandro-castan\/","name":"Ex-t\u00e9cnico do Vasco manda recado para Leandro Cast\u00e1n","isPartOf":{"@id":"https:\/\/www.gaveanews.com\/#website"},"primaryImageOfPage":{"@id":"https:\/\/www.gaveanews.com\/index.php\/2025\/03\/25\/ex-tecnico-do-vasco-manda-recado-para-leandro-castan\/#primaryimage"},"image":{"@id":"https:\/\/www.gaveanews.com\/index.php\/2025\/03\/25\/ex-tecnico-do-vasco-manda-recado-para-leandro-castan\/#primaryimage"},"thumbnailUrl":"https:\/\/www.gaveanews.com\/wp-content\/uploads\/Bandeira-do-Vasco-da-Gama.webp","datePublished":"2025-03-25T20:00:00+00:00","author":{"@id":"https:\/\/www.gaveanews.com\/#\/schema\/person\/0eb3e3fe1754f0205218538adbe8f5ed"},"breadcrumb":{"@id":"https:\/\/www.gaveanews.com\/index.php\/2025\/03\/25\/ex-tecnico-do-vasco-manda-recado-para-leandro-castan\/#breadcrumb"},"inLanguage":"pt-BR","potentialAction":[{"@type":"ReadAction","target":["https:\/\/www.gaveanews.com\/index.php\/2025\/03\/25\/ex-tecnico-do-vasco-manda-recado-para-leandro-castan\/"]}]},{"@type":"ImageObject","inLanguage":"pt-BR","@id":"https:\/\/www.gaveanews.com\/index.php\/2025\/03\/25\/ex-tecnico-do-vasco-manda-recado-para-leandro-castan\/#primaryimage","url":"https:\/\/www.gaveanews.com\/wp-content\/uploads\/Bandeira-do-Vasco-da-Gama.webp","contentUrl":"https:\/\/www.gaveanews.com\/wp-content\/uploads\/Bandeira-do-Vasco-da-Gama.webp","width":1159,"height":772,"caption":"Bandeira do Vasco da Gama (Foto: Reprodu\u00e7\u00e3o\/Vasco)"},{"@type":"BreadcrumbList","@id":"https:\/\/www.gaveanews.com\/index.php\/2025\/03\/25\/ex-tecnico-do-vasco-manda-recado-para-leandro-castan\/#breadcrumb","itemListElement":[{"@type":"ListItem","position":1,"name":"Home","item":"https:\/\/www.gaveanews.com\/"},{"@type":"ListItem","position":2,"name":"Ex-t\u00e9cnico do Vasco manda recado para Leandro Cast\u00e1n"}]},{"@type":"WebSite","@id":"https:\/\/www.gaveanews.com\/#website","url":"https:\/\/www.gaveanews.com\/","name":"G\u00e1vea News","description":"Veja todas as not\u00edcias sobre o Flamengo: Contrata\u00e7\u00f5es, categorias de base, resultados das partidas, tabela de classifica\u00e7\u00e3o, pr\u00f3ximos jogos!","potentialAction":[{"@type":"SearchAction","target":{"@type":"EntryPoint","urlTemplate":"https:\/\/www.gaveanews.com\/?s={search_term_string}"},"query-input":{"@type":"PropertyValueSpecification","valueRequired":true,"valueName":"search_term_string"}}],"inLanguage":"pt-BR"},{"@type":"Person","@id":"https:\/\/www.gaveanews.com\/#\/schema\/person\/0eb3e3fe1754f0205218538adbe8f5ed","name":"Rafaela Ladeira","image":{"@type":"ImageObject","inLanguage":"pt-BR","@id":"https:\/\/www.gaveanews.com\/#\/schema\/person\/image\/","url":"https:\/\/secure.gravatar.com\/avatar\/c31f513acffd85eacab5730cbdfdbbf59f21ba5aeada8cd890acea879fbb2455?s=96&d=mm&r=g","contentUrl":"https:\/\/secure.gravatar.com\/avatar\/c31f513acffd85eacab5730cbdfdbbf59f21ba5aeada8cd890acea879fbb2455?s=96&d=mm&r=g","caption":"Rafaela Ladeira"}}]}},"_links":{"self":[{"href":"https:\/\/www.gaveanews.com\/index.php\/wp-json\/wp\/v2\/posts\/244522","targetHints":{"allow":["GET"]}}],"collection":[{"href":"https:\/\/www.gaveanews.com\/index.php\/wp-json\/wp\/v2\/posts"}],"about":[{"href":"https:\/\/www.gaveanews.com\/index.php\/wp-json\/wp\/v2\/types\/post"}],"author":[{"embeddable":true,"href":"https:\/\/www.gaveanews.com\/index.php\/wp-json\/wp\/v2\/users\/25"}],"replies":[{"embeddable":true,"href":"https:\/\/www.gaveanews.com\/index.php\/wp-json\/wp\/v2\/comments?post=244522"}],"version-history":[{"count":1,"href":"https:\/\/www.gaveanews.com\/index.php\/wp-json\/wp\/v2\/posts\/244522\/revisions"}],"predecessor-version":[{"id":244523,"href":"https:\/\/www.gaveanews.com\/index.php\/wp-json\/wp\/v2\/posts\/244522\/revisions\/244523"}],"wp:featuredmedia":[{"embeddable":true,"href":"https:\/\/www.gaveanews.com\/index.php\/wp-json\/wp\/v2\/media\/152090"}],"wp:attachment":[{"href":"https:\/\/www.gaveanews.com\/index.php\/wp-json\/wp\/v2\/media?parent=244522"}],"wp:term":[{"taxonomy":"category","embeddable":true,"href":"https:\/\/www.gaveanews.com\/index.php\/wp-json\/wp\/v2\/categories?post=244522"},{"taxonomy":"post_tag","embeddable":true,"href":"https:\/\/www.gaveanews.com\/index.php\/wp-json\/wp\/v2\/tags?post=244522"}],"curies":[{"name":"wp","href":"https:\/\/api.w.org\/{rel}","templated":true}]}}