{"id":244529,"date":"2025-03-25T17:10:00","date_gmt":"2025-03-25T20:10:00","guid":{"rendered":"https:\/\/www.gaveanews.com\/?p=244529"},"modified":"2025-03-25T15:05:56","modified_gmt":"2025-03-25T18:05:56","slug":"o-pensamento-de-leila-pereira-sobre-a-chegada-de-emerson-royal-ao-palmeiras","status":"publish","type":"post","link":"https:\/\/www.gaveanews.com\/index.php\/2025\/03\/25\/o-pensamento-de-leila-pereira-sobre-a-chegada-de-emerson-royal-ao-palmeiras\/","title":{"rendered":"O pensamento de Leila Pereira sobre a chegada de Emerson Royal ao Palmeiras"},"content":{"rendered":"\n<p>A cada janela de transfer\u00eancias, o Palmeiras segue firme em sua busca por refor\u00e7os de peso para manter sua competitividade no cen\u00e1rio nacional e internacional. Com um elenco recheado de estrelas e um investimento significativo feito no primeiro semestre, o Verd\u00e3o continua atento ao mercado.&nbsp;<\/p>\n\n\n\n<p>O objetivo \u00e9 fortalecer ainda mais o time para que Abel Ferreira tenha as ferramentas necess\u00e1rias para alcan\u00e7ar os pr\u00f3ximos t\u00edtulos, diante da alta cobran\u00e7a que recai sobre sua gest\u00e3o.<\/p>\n\n\n\n<h2 class=\"wp-block-heading\" id=\"h-a-pressao-sobre-abel-ferreira-e-a-necessidade-de-novos-reforcos\">A press\u00e3o sobre Abel Ferreira e a necessidade de novos refor\u00e7os<\/h2>\n\n\n\n<figure class=\"wp-block-image size-full\"><img loading=\"lazy\" decoding=\"async\" width=\"840\" height=\"510\" src=\"http:\/\/www.gaveanews.com\/wp-content\/uploads\/chrome_ODu3uwWaKP.webp\" alt=\"\" class=\"wp-image-102760\" srcset=\"https:\/\/www.gaveanews.com\/wp-content\/uploads\/chrome_ODu3uwWaKP.webp 840w, https:\/\/www.gaveanews.com\/wp-content\/uploads\/chrome_ODu3uwWaKP-300x182.webp 300w, https:\/\/www.gaveanews.com\/wp-content\/uploads\/chrome_ODu3uwWaKP-768x466.webp 768w, https:\/\/www.gaveanews.com\/wp-content\/uploads\/chrome_ODu3uwWaKP-692x420.webp 692w, https:\/\/www.gaveanews.com\/wp-content\/uploads\/chrome_ODu3uwWaKP-640x389.webp 640w, https:\/\/www.gaveanews.com\/wp-content\/uploads\/chrome_ODu3uwWaKP-681x413.webp 681w, https:\/\/www.gaveanews.com\/wp-content\/uploads\/chrome_ODu3uwWaKP-100x61.webp 100w\" sizes=\"auto, (max-width: 840px) 100vw, 840px\" \/><figcaption class=\"wp-element-caption\">Abel Ferreira em Jogo pelo Palmeiras &#8211; Foto Reprodu\u00e7\u00e3o<\/figcaption><\/figure>\n\n\n\n<p>Com um elenco de alt\u00edssimo n\u00edvel, Abel Ferreira encara uma press\u00e3o crescente para entregar resultados, especialmente depois da derrota para o Corinthians no Allianz Parque, por 1 a 0, na final do Campeonato Paulista.&nbsp;<\/p>\n\n\n\n<p>O Verd\u00e3o precisar\u00e1 reverter o placar na Neo Qu\u00edmica Arena, casa do maior rival, em um jogo decisivo para as pretens\u00f5es do time na competi\u00e7\u00e3o. Nesse cen\u00e1rio, Leila Pereira sabe que refor\u00e7os pontuais podem ser o diferencial para fortalecer a equipe e dar mais op\u00e7\u00f5es ao treinador.<\/p>\n\n\n\n<h2 class=\"wp-block-heading\" id=\"h-emerson-royal-e-alvo-do-palmeiras-na-lateral-direita\">Emerson Royal \u00e9 alvo do Palmeiras na lateral-direita<\/h2>\n\n\n\n<figure class=\"wp-block-image size-large\"><img loading=\"lazy\" decoding=\"async\" width=\"1024\" height=\"1024\" src=\"http:\/\/www.gaveanews.com\/wp-content\/uploads\/Emerson-Royal-durante-treino-do-Brasil-1024x1024.webp\" alt=\"\" class=\"wp-image-114437\" srcset=\"https:\/\/www.gaveanews.com\/wp-content\/uploads\/Emerson-Royal-durante-treino-do-Brasil-1024x1024.webp 1024w, https:\/\/www.gaveanews.com\/wp-content\/uploads\/Emerson-Royal-durante-treino-do-Brasil-300x300.webp 300w, https:\/\/www.gaveanews.com\/wp-content\/uploads\/Emerson-Royal-durante-treino-do-Brasil-150x150.webp 150w, https:\/\/www.gaveanews.com\/wp-content\/uploads\/Emerson-Royal-durante-treino-do-Brasil-768x768.webp 768w, https:\/\/www.gaveanews.com\/wp-content\/uploads\/Emerson-Royal-durante-treino-do-Brasil-420x420.webp 420w, https:\/\/www.gaveanews.com\/wp-content\/uploads\/Emerson-Royal-durante-treino-do-Brasil-840x840.webp 840w, https:\/\/www.gaveanews.com\/wp-content\/uploads\/Emerson-Royal-durante-treino-do-Brasil-640x640.webp 640w, https:\/\/www.gaveanews.com\/wp-content\/uploads\/Emerson-Royal-durante-treino-do-Brasil-681x681.webp 681w, https:\/\/www.gaveanews.com\/wp-content\/uploads\/Emerson-Royal-durante-treino-do-Brasil-100x100.webp 100w, https:\/\/www.gaveanews.com\/wp-content\/uploads\/Emerson-Royal-durante-treino-do-Brasil.webp 1080w\" sizes=\"auto, (max-width: 1024px) 100vw, 1024px\" \/><figcaption class=\"wp-element-caption\">Emerson Royal durante treino do Brasil (Foto: Reprodu\u00e7\u00e3o\/Instagram)<\/figcaption><\/figure>\n\n\n\n<p>O Palmeiras est\u00e1 de olho em um nome importante para refor\u00e7ar a lateral-direita. Trata-se de Emerson Royal, jogador revelado pelo Atl\u00e9tico-MG, com passagens pelo Tottenham e atualmente no Milan. Por\u00e9m, o defensor est\u00e1 fora dos planos do clube italiano, que busca emprest\u00e1-lo.&nbsp;<\/p>\n\n\n\n<p>O Verd\u00e3o, por sua vez, j\u00e1 intensificou as conversas e recebeu uma sinaliza\u00e7\u00e3o positiva da vontade do jogador em se transferir para o Palmeiras. Vale destacar que esse movimento no mercado j\u00e1 est\u00e1 em andamento, e o interesse da diretoria palmeirense segue firme.<\/p>\n\n\n\n<h2 class=\"wp-block-heading\" id=\"h-leila-pereira-segue-otimista\">Leila Pereira segue otimista<\/h2>\n\n\n\n<p>Sendo assim, Leila Pereira est\u00e1 otimista quanto \u00e0 chegada de Emerson Royal, mas prega cautela para n\u00e3o criar grandes expectativas. Isso porque o clube sabe que h\u00e1 uma s\u00e9rie de vari\u00e1veis envolvidas em negocia\u00e7\u00f5es desse tipo, e o neg\u00f3cio pode n\u00e3o se concretizar por motivos inesperados.&nbsp;<\/p>\n\n\n\n<p>Dessa maneira, o Palmeiras segue acompanhando de perto a situa\u00e7\u00e3o do jogador, com a esperan\u00e7a de contar com um refor\u00e7o importante para a sequ\u00eancia da temporada.<\/p>\n","protected":false},"excerpt":{"rendered":"<p>A cada janela de transfer\u00eancias, o Palmeiras segue firme em sua busca por refor\u00e7os de peso para manter sua competitividade no cen\u00e1rio nacional e internacional. Com um elenco recheado de estrelas e um investimento significativo feito no primeiro semestre, o Verd\u00e3o continua atento ao mercado.&nbsp; O objetivo \u00e9 fortalecer ainda mais o time para que [&hellip;]<\/p>\n","protected":false},"author":25,"featured_media":142474,"comment_status":"open","ping_status":"closed","sticky":false,"template":"","format":"standard","meta":{"footnotes":""},"categories":[150],"tags":[],"class_list":["post-244529","post","type-post","status-publish","format-standard","has-post-thumbnail","hentry","category-palmeiras"],"yoast_head":"<!-- This site is optimized with the Yoast SEO Premium plugin v24.2 (Yoast SEO v26.9) - https:\/\/yoast.com\/product\/yoast-seo-premium-wordpress\/ -->\n<title>O pensamento de Leila Pereira sobre a chegada de Emerson Royal ao Palmeiras<\/title>\n<meta name=\"robots\" content=\"index, follow, max-snippet:-1, max-image-preview:large, max-video-preview:-1\" \/>\n<link rel=\"canonical\" href=\"https:\/\/www.gaveanews.com\/index.php\/2025\/03\/25\/o-pensamento-de-leila-pereira-sobre-a-chegada-de-emerson-royal-ao-palmeiras\/\" \/>\n<meta property=\"og:locale\" content=\"pt_BR\" \/>\n<meta property=\"og:type\" content=\"article\" \/>\n<meta property=\"og:title\" content=\"O pensamento de Leila Pereira sobre a chegada de Emerson Royal ao Palmeiras\" \/>\n<meta property=\"og:description\" content=\"A cada janela de transfer\u00eancias, o Palmeiras segue firme em sua busca por refor\u00e7os de peso para manter sua competitividade no cen\u00e1rio nacional e internacional. Com um elenco recheado de estrelas e um investimento significativo feito no primeiro semestre, o Verd\u00e3o continua atento ao mercado.&nbsp; O objetivo \u00e9 fortalecer ainda mais o time para que [&hellip;]\" \/>\n<meta property=\"og:url\" content=\"https:\/\/www.gaveanews.com\/index.php\/2025\/03\/25\/o-pensamento-de-leila-pereira-sobre-a-chegada-de-emerson-royal-ao-palmeiras\/\" \/>\n<meta property=\"og:site_name\" content=\"G\u00e1vea News\" \/>\n<meta property=\"article:publisher\" content=\"https:\/\/facebook.com\/gaveaNews\/\" \/>\n<meta property=\"article:published_time\" content=\"2025-03-25T20:10:00+00:00\" \/>\n<meta property=\"og:image\" content=\"https:\/\/www.gaveanews.com\/wp-content\/uploads\/A-presidente-Leila-Pereira-da-SE-Palmeiras-durante-coletiva-de-imprensa-na-Academia-de-Futebol-2-696x385-1.webp\" \/>\n\t<meta property=\"og:image:width\" content=\"696\" \/>\n\t<meta property=\"og:image:height\" content=\"385\" \/>\n\t<meta property=\"og:image:type\" content=\"image\/webp\" \/>\n<meta name=\"author\" content=\"Rafaela Ladeira\" \/>\n<meta name=\"twitter:card\" content=\"summary_large_image\" \/>\n<meta name=\"twitter:label1\" content=\"Escrito por\" \/>\n\t<meta name=\"twitter:data1\" content=\"Rafaela Ladeira\" \/>\n\t<meta name=\"twitter:label2\" content=\"Est. tempo de leitura\" \/>\n\t<meta name=\"twitter:data2\" content=\"3 minutos\" \/>\n<script type=\"application\/ld+json\" class=\"yoast-schema-graph\">{\"@context\":\"https:\/\/schema.org\",\"@graph\":[{\"@type\":\"NewsArticle\",\"@id\":\"https:\/\/www.gaveanews.com\/index.php\/2025\/03\/25\/o-pensamento-de-leila-pereira-sobre-a-chegada-de-emerson-royal-ao-palmeiras\/#article\",\"isPartOf\":{\"@id\":\"https:\/\/www.gaveanews.com\/index.php\/2025\/03\/25\/o-pensamento-de-leila-pereira-sobre-a-chegada-de-emerson-royal-ao-palmeiras\/\"},\"author\":{\"name\":\"Rafaela Ladeira\",\"@id\":\"https:\/\/www.gaveanews.com\/#\/schema\/person\/0eb3e3fe1754f0205218538adbe8f5ed\"},\"headline\":\"O pensamento de Leila Pereira sobre a chegada de Emerson Royal ao Palmeiras\",\"datePublished\":\"2025-03-25T20:10:00+00:00\",\"mainEntityOfPage\":{\"@id\":\"https:\/\/www.gaveanews.com\/index.php\/2025\/03\/25\/o-pensamento-de-leila-pereira-sobre-a-chegada-de-emerson-royal-ao-palmeiras\/\"},\"wordCount\":406,\"commentCount\":0,\"image\":{\"@id\":\"https:\/\/www.gaveanews.com\/index.php\/2025\/03\/25\/o-pensamento-de-leila-pereira-sobre-a-chegada-de-emerson-royal-ao-palmeiras\/#primaryimage\"},\"thumbnailUrl\":\"https:\/\/www.gaveanews.com\/wp-content\/uploads\/A-presidente-Leila-Pereira-da-SE-Palmeiras-durante-coletiva-de-imprensa-na-Academia-de-Futebol-2-696x385-1.webp\",\"articleSection\":[\"Palmeiras\"],\"inLanguage\":\"pt-BR\",\"potentialAction\":[{\"@type\":\"CommentAction\",\"name\":\"Comment\",\"target\":[\"https:\/\/www.gaveanews.com\/index.php\/2025\/03\/25\/o-pensamento-de-leila-pereira-sobre-a-chegada-de-emerson-royal-ao-palmeiras\/#respond\"]}],\"copyrightYear\":\"2025\",\"copyrightHolder\":{\"@id\":\"https:\/\/www.gaveanews.com\/#organization\"}},{\"@type\":\"WebPage\",\"@id\":\"https:\/\/www.gaveanews.com\/index.php\/2025\/03\/25\/o-pensamento-de-leila-pereira-sobre-a-chegada-de-emerson-royal-ao-palmeiras\/\",\"url\":\"https:\/\/www.gaveanews.com\/index.php\/2025\/03\/25\/o-pensamento-de-leila-pereira-sobre-a-chegada-de-emerson-royal-ao-palmeiras\/\",\"name\":\"O pensamento de Leila Pereira sobre a chegada de Emerson Royal ao Palmeiras\",\"isPartOf\":{\"@id\":\"https:\/\/www.gaveanews.com\/#website\"},\"primaryImageOfPage\":{\"@id\":\"https:\/\/www.gaveanews.com\/index.php\/2025\/03\/25\/o-pensamento-de-leila-pereira-sobre-a-chegada-de-emerson-royal-ao-palmeiras\/#primaryimage\"},\"image\":{\"@id\":\"https:\/\/www.gaveanews.com\/index.php\/2025\/03\/25\/o-pensamento-de-leila-pereira-sobre-a-chegada-de-emerson-royal-ao-palmeiras\/#primaryimage\"},\"thumbnailUrl\":\"https:\/\/www.gaveanews.com\/wp-content\/uploads\/A-presidente-Leila-Pereira-da-SE-Palmeiras-durante-coletiva-de-imprensa-na-Academia-de-Futebol-2-696x385-1.webp\",\"datePublished\":\"2025-03-25T20:10:00+00:00\",\"author\":{\"@id\":\"https:\/\/www.gaveanews.com\/#\/schema\/person\/0eb3e3fe1754f0205218538adbe8f5ed\"},\"breadcrumb\":{\"@id\":\"https:\/\/www.gaveanews.com\/index.php\/2025\/03\/25\/o-pensamento-de-leila-pereira-sobre-a-chegada-de-emerson-royal-ao-palmeiras\/#breadcrumb\"},\"inLanguage\":\"pt-BR\",\"potentialAction\":[{\"@type\":\"ReadAction\",\"target\":[\"https:\/\/www.gaveanews.com\/index.php\/2025\/03\/25\/o-pensamento-de-leila-pereira-sobre-a-chegada-de-emerson-royal-ao-palmeiras\/\"]}]},{\"@type\":\"ImageObject\",\"inLanguage\":\"pt-BR\",\"@id\":\"https:\/\/www.gaveanews.com\/index.php\/2025\/03\/25\/o-pensamento-de-leila-pereira-sobre-a-chegada-de-emerson-royal-ao-palmeiras\/#primaryimage\",\"url\":\"https:\/\/www.gaveanews.com\/wp-content\/uploads\/A-presidente-Leila-Pereira-da-SE-Palmeiras-durante-coletiva-de-imprensa-na-Academia-de-Futebol-2-696x385-1.webp\",\"contentUrl\":\"https:\/\/www.gaveanews.com\/wp-content\/uploads\/A-presidente-Leila-Pereira-da-SE-Palmeiras-durante-coletiva-de-imprensa-na-Academia-de-Futebol-2-696x385-1.webp\",\"width\":696,\"height\":385,\"caption\":\"Leila Pereira em coletiva - Foto: Cesar Greco\/Palmeiras\"},{\"@type\":\"BreadcrumbList\",\"@id\":\"https:\/\/www.gaveanews.com\/index.php\/2025\/03\/25\/o-pensamento-de-leila-pereira-sobre-a-chegada-de-emerson-royal-ao-palmeiras\/#breadcrumb\",\"itemListElement\":[{\"@type\":\"ListItem\",\"position\":1,\"name\":\"Home\",\"item\":\"https:\/\/www.gaveanews.com\/\"},{\"@type\":\"ListItem\",\"position\":2,\"name\":\"O pensamento de Leila Pereira sobre a chegada de Emerson Royal ao Palmeiras\"}]},{\"@type\":\"WebSite\",\"@id\":\"https:\/\/www.gaveanews.com\/#website\",\"url\":\"https:\/\/www.gaveanews.com\/\",\"name\":\"G\u00e1vea News\",\"description\":\"Veja todas as not\u00edcias sobre o Flamengo: Contrata\u00e7\u00f5es, categorias de base, resultados das partidas, tabela de classifica\u00e7\u00e3o, pr\u00f3ximos jogos!\",\"potentialAction\":[{\"@type\":\"SearchAction\",\"target\":{\"@type\":\"EntryPoint\",\"urlTemplate\":\"https:\/\/www.gaveanews.com\/?s={search_term_string}\"},\"query-input\":{\"@type\":\"PropertyValueSpecification\",\"valueRequired\":true,\"valueName\":\"search_term_string\"}}],\"inLanguage\":\"pt-BR\"},{\"@type\":\"Person\",\"@id\":\"https:\/\/www.gaveanews.com\/#\/schema\/person\/0eb3e3fe1754f0205218538adbe8f5ed\",\"name\":\"Rafaela Ladeira\",\"image\":{\"@type\":\"ImageObject\",\"inLanguage\":\"pt-BR\",\"@id\":\"https:\/\/www.gaveanews.com\/#\/schema\/person\/image\/\",\"url\":\"https:\/\/secure.gravatar.com\/avatar\/c31f513acffd85eacab5730cbdfdbbf59f21ba5aeada8cd890acea879fbb2455?s=96&d=mm&r=g\",\"contentUrl\":\"https:\/\/secure.gravatar.com\/avatar\/c31f513acffd85eacab5730cbdfdbbf59f21ba5aeada8cd890acea879fbb2455?s=96&d=mm&r=g\",\"caption\":\"Rafaela Ladeira\"}}]}<\/script>\n<!-- \/ Yoast SEO Premium plugin. -->","yoast_head_json":{"title":"O pensamento de Leila Pereira sobre a chegada de Emerson Royal ao Palmeiras","robots":{"index":"index","follow":"follow","max-snippet":"max-snippet:-1","max-image-preview":"max-image-preview:large","max-video-preview":"max-video-preview:-1"},"canonical":"https:\/\/www.gaveanews.com\/index.php\/2025\/03\/25\/o-pensamento-de-leila-pereira-sobre-a-chegada-de-emerson-royal-ao-palmeiras\/","og_locale":"pt_BR","og_type":"article","og_title":"O pensamento de Leila Pereira sobre a chegada de Emerson Royal ao Palmeiras","og_description":"A cada janela de transfer\u00eancias, o Palmeiras segue firme em sua busca por refor\u00e7os de peso para manter sua competitividade no cen\u00e1rio nacional e internacional. Com um elenco recheado de estrelas e um investimento significativo feito no primeiro semestre, o Verd\u00e3o continua atento ao mercado.&nbsp; O objetivo \u00e9 fortalecer ainda mais o time para que [&hellip;]","og_url":"https:\/\/www.gaveanews.com\/index.php\/2025\/03\/25\/o-pensamento-de-leila-pereira-sobre-a-chegada-de-emerson-royal-ao-palmeiras\/","og_site_name":"G\u00e1vea News","article_publisher":"https:\/\/facebook.com\/gaveaNews\/","article_published_time":"2025-03-25T20:10:00+00:00","og_image":[{"width":696,"height":385,"url":"https:\/\/www.gaveanews.com\/wp-content\/uploads\/A-presidente-Leila-Pereira-da-SE-Palmeiras-durante-coletiva-de-imprensa-na-Academia-de-Futebol-2-696x385-1.webp","type":"image\/webp"}],"author":"Rafaela Ladeira","twitter_card":"summary_large_image","twitter_misc":{"Escrito por":"Rafaela Ladeira","Est. tempo de leitura":"3 minutos"},"schema":{"@context":"https:\/\/schema.org","@graph":[{"@type":"NewsArticle","@id":"https:\/\/www.gaveanews.com\/index.php\/2025\/03\/25\/o-pensamento-de-leila-pereira-sobre-a-chegada-de-emerson-royal-ao-palmeiras\/#article","isPartOf":{"@id":"https:\/\/www.gaveanews.com\/index.php\/2025\/03\/25\/o-pensamento-de-leila-pereira-sobre-a-chegada-de-emerson-royal-ao-palmeiras\/"},"author":{"name":"Rafaela Ladeira","@id":"https:\/\/www.gaveanews.com\/#\/schema\/person\/0eb3e3fe1754f0205218538adbe8f5ed"},"headline":"O pensamento de Leila Pereira sobre a chegada de Emerson Royal ao Palmeiras","datePublished":"2025-03-25T20:10:00+00:00","mainEntityOfPage":{"@id":"https:\/\/www.gaveanews.com\/index.php\/2025\/03\/25\/o-pensamento-de-leila-pereira-sobre-a-chegada-de-emerson-royal-ao-palmeiras\/"},"wordCount":406,"commentCount":0,"image":{"@id":"https:\/\/www.gaveanews.com\/index.php\/2025\/03\/25\/o-pensamento-de-leila-pereira-sobre-a-chegada-de-emerson-royal-ao-palmeiras\/#primaryimage"},"thumbnailUrl":"https:\/\/www.gaveanews.com\/wp-content\/uploads\/A-presidente-Leila-Pereira-da-SE-Palmeiras-durante-coletiva-de-imprensa-na-Academia-de-Futebol-2-696x385-1.webp","articleSection":["Palmeiras"],"inLanguage":"pt-BR","potentialAction":[{"@type":"CommentAction","name":"Comment","target":["https:\/\/www.gaveanews.com\/index.php\/2025\/03\/25\/o-pensamento-de-leila-pereira-sobre-a-chegada-de-emerson-royal-ao-palmeiras\/#respond"]}],"copyrightYear":"2025","copyrightHolder":{"@id":"https:\/\/www.gaveanews.com\/#organization"}},{"@type":"WebPage","@id":"https:\/\/www.gaveanews.com\/index.php\/2025\/03\/25\/o-pensamento-de-leila-pereira-sobre-a-chegada-de-emerson-royal-ao-palmeiras\/","url":"https:\/\/www.gaveanews.com\/index.php\/2025\/03\/25\/o-pensamento-de-leila-pereira-sobre-a-chegada-de-emerson-royal-ao-palmeiras\/","name":"O pensamento de Leila Pereira sobre a chegada de Emerson Royal ao Palmeiras","isPartOf":{"@id":"https:\/\/www.gaveanews.com\/#website"},"primaryImageOfPage":{"@id":"https:\/\/www.gaveanews.com\/index.php\/2025\/03\/25\/o-pensamento-de-leila-pereira-sobre-a-chegada-de-emerson-royal-ao-palmeiras\/#primaryimage"},"image":{"@id":"https:\/\/www.gaveanews.com\/index.php\/2025\/03\/25\/o-pensamento-de-leila-pereira-sobre-a-chegada-de-emerson-royal-ao-palmeiras\/#primaryimage"},"thumbnailUrl":"https:\/\/www.gaveanews.com\/wp-content\/uploads\/A-presidente-Leila-Pereira-da-SE-Palmeiras-durante-coletiva-de-imprensa-na-Academia-de-Futebol-2-696x385-1.webp","datePublished":"2025-03-25T20:10:00+00:00","author":{"@id":"https:\/\/www.gaveanews.com\/#\/schema\/person\/0eb3e3fe1754f0205218538adbe8f5ed"},"breadcrumb":{"@id":"https:\/\/www.gaveanews.com\/index.php\/2025\/03\/25\/o-pensamento-de-leila-pereira-sobre-a-chegada-de-emerson-royal-ao-palmeiras\/#breadcrumb"},"inLanguage":"pt-BR","potentialAction":[{"@type":"ReadAction","target":["https:\/\/www.gaveanews.com\/index.php\/2025\/03\/25\/o-pensamento-de-leila-pereira-sobre-a-chegada-de-emerson-royal-ao-palmeiras\/"]}]},{"@type":"ImageObject","inLanguage":"pt-BR","@id":"https:\/\/www.gaveanews.com\/index.php\/2025\/03\/25\/o-pensamento-de-leila-pereira-sobre-a-chegada-de-emerson-royal-ao-palmeiras\/#primaryimage","url":"https:\/\/www.gaveanews.com\/wp-content\/uploads\/A-presidente-Leila-Pereira-da-SE-Palmeiras-durante-coletiva-de-imprensa-na-Academia-de-Futebol-2-696x385-1.webp","contentUrl":"https:\/\/www.gaveanews.com\/wp-content\/uploads\/A-presidente-Leila-Pereira-da-SE-Palmeiras-durante-coletiva-de-imprensa-na-Academia-de-Futebol-2-696x385-1.webp","width":696,"height":385,"caption":"Leila Pereira em coletiva - Foto: Cesar Greco\/Palmeiras"},{"@type":"BreadcrumbList","@id":"https:\/\/www.gaveanews.com\/index.php\/2025\/03\/25\/o-pensamento-de-leila-pereira-sobre-a-chegada-de-emerson-royal-ao-palmeiras\/#breadcrumb","itemListElement":[{"@type":"ListItem","position":1,"name":"Home","item":"https:\/\/www.gaveanews.com\/"},{"@type":"ListItem","position":2,"name":"O pensamento de Leila Pereira sobre a chegada de Emerson Royal ao Palmeiras"}]},{"@type":"WebSite","@id":"https:\/\/www.gaveanews.com\/#website","url":"https:\/\/www.gaveanews.com\/","name":"G\u00e1vea News","description":"Veja todas as not\u00edcias sobre o Flamengo: Contrata\u00e7\u00f5es, categorias de base, resultados das partidas, tabela de classifica\u00e7\u00e3o, pr\u00f3ximos jogos!","potentialAction":[{"@type":"SearchAction","target":{"@type":"EntryPoint","urlTemplate":"https:\/\/www.gaveanews.com\/?s={search_term_string}"},"query-input":{"@type":"PropertyValueSpecification","valueRequired":true,"valueName":"search_term_string"}}],"inLanguage":"pt-BR"},{"@type":"Person","@id":"https:\/\/www.gaveanews.com\/#\/schema\/person\/0eb3e3fe1754f0205218538adbe8f5ed","name":"Rafaela Ladeira","image":{"@type":"ImageObject","inLanguage":"pt-BR","@id":"https:\/\/www.gaveanews.com\/#\/schema\/person\/image\/","url":"https:\/\/secure.gravatar.com\/avatar\/c31f513acffd85eacab5730cbdfdbbf59f21ba5aeada8cd890acea879fbb2455?s=96&d=mm&r=g","contentUrl":"https:\/\/secure.gravatar.com\/avatar\/c31f513acffd85eacab5730cbdfdbbf59f21ba5aeada8cd890acea879fbb2455?s=96&d=mm&r=g","caption":"Rafaela Ladeira"}}]}},"_links":{"self":[{"href":"https:\/\/www.gaveanews.com\/index.php\/wp-json\/wp\/v2\/posts\/244529","targetHints":{"allow":["GET"]}}],"collection":[{"href":"https:\/\/www.gaveanews.com\/index.php\/wp-json\/wp\/v2\/posts"}],"about":[{"href":"https:\/\/www.gaveanews.com\/index.php\/wp-json\/wp\/v2\/types\/post"}],"author":[{"embeddable":true,"href":"https:\/\/www.gaveanews.com\/index.php\/wp-json\/wp\/v2\/users\/25"}],"replies":[{"embeddable":true,"href":"https:\/\/www.gaveanews.com\/index.php\/wp-json\/wp\/v2\/comments?post=244529"}],"version-history":[{"count":1,"href":"https:\/\/www.gaveanews.com\/index.php\/wp-json\/wp\/v2\/posts\/244529\/revisions"}],"predecessor-version":[{"id":244530,"href":"https:\/\/www.gaveanews.com\/index.php\/wp-json\/wp\/v2\/posts\/244529\/revisions\/244530"}],"wp:featuredmedia":[{"embeddable":true,"href":"https:\/\/www.gaveanews.com\/index.php\/wp-json\/wp\/v2\/media\/142474"}],"wp:attachment":[{"href":"https:\/\/www.gaveanews.com\/index.php\/wp-json\/wp\/v2\/media?parent=244529"}],"wp:term":[{"taxonomy":"category","embeddable":true,"href":"https:\/\/www.gaveanews.com\/index.php\/wp-json\/wp\/v2\/categories?post=244529"},{"taxonomy":"post_tag","embeddable":true,"href":"https:\/\/www.gaveanews.com\/index.php\/wp-json\/wp\/v2\/tags?post=244529"}],"curies":[{"name":"wp","href":"https:\/\/api.w.org\/{rel}","templated":true}]}}