{"id":244531,"date":"2025-03-25T17:15:00","date_gmt":"2025-03-25T20:15:00","guid":{"rendered":"https:\/\/www.gaveanews.com\/?p=244531"},"modified":"2025-03-25T15:14:41","modified_gmt":"2025-03-25T18:14:41","slug":"flamengo-elege-novo-presidente-2","status":"publish","type":"post","link":"https:\/\/www.gaveanews.com\/index.php\/2025\/03\/25\/flamengo-elege-novo-presidente-2\/","title":{"rendered":"Flamengo elege novo presidente"},"content":{"rendered":"\n<p>Na \u00faltima segunda-feira, o Flamengo realizou mais uma elei\u00e7\u00e3o hist\u00f3rica, desta vez para o tri\u00eanio 2025-2027. O pleito, que aconteceu no sal\u00e3o nobre da G\u00e1vea, contou com a participa\u00e7\u00e3o de 1.054 s\u00f3cios do clube e resultou na escolha de Paulo Roberto Gomes como novo presidente do Conselho Fiscal.&nbsp;<\/p>\n\n\n\n<p>Gomes liderou a chapa 1, denominada &#8220;Integridade e Transpar\u00eancia&#8221;, que obteve 364 votos, contando com o apoio nos bastidores do atual presidente Luiz Eduardo Baptista, o Bap.<\/p>\n\n\n\n<h2 class=\"wp-block-heading\" id=\"h-disputa-acirrada-e-composicao-do-novo-conselho-fiscal\">Disputa acirrada e composi\u00e7\u00e3o do novo Conselho Fiscal<\/h2>\n\n\n\n<figure class=\"wp-block-embed is-type-photo is-provider-flickr wp-block-embed-flickr\"><div class=\"wp-block-embed__wrapper\">\n<a href=\"https:\/\/flic.kr\/p\/2qU2gbn\"><img loading=\"lazy\" decoding=\"async\" src=\"https:\/\/live.staticflickr.com\/65535\/54409958941_72e13aea8c_z.webp\" alt=\"com-364-votos-a-chapa-1-foi-eleita-nosso-muito-obrigado-a-todas-os-conselheiros-e-conselheiras-que\" width=\"637\" height=\"640\" \/><\/a>\n<\/div><figcaption class=\"wp-element-caption\">Francisco Gularte e Paulo Roberto Gomes. Foto: Reprodu\u00e7\u00e3o<\/figcaption><\/figure>\n\n\n\n<p>O processo eleitoral teve in\u00edcio \u00e0s 8h e se estendeu at\u00e9 as 21h, quando o Flamengo conheceu os resultados. A chapa 1, que venceu a elei\u00e7\u00e3o, garantiu 10 dos 14 assentos do Conselho Fiscal.&nbsp;<\/p>\n\n\n\n<p>Os outros quatro assentos foram conquistados pela chapa 3, &#8220;Independ\u00eancia Rubro-Negra&#8221;, liderada por Benny Kessel, que ficou com 326 votos. J\u00e1 as chapas 2 (&#8220;Flamengo Sempre&#8221;) e 4 (&#8220;Uni\u00e3o do Flamengo&#8221;) terminaram em terceiro e quarto lugar, com 141 e 222 votos, respectivamente.<\/p>\n\n\n\n<h2 class=\"wp-block-heading\" id=\"h-composicao-da-chapa-vencedora\">Composi\u00e7\u00e3o da chapa vencedora<\/h2>\n\n\n\n<p>Vale destacar que a composi\u00e7\u00e3o da chapa 1 trouxe nomes de peso, com Paulo Roberto Gomes \u00e0 frente e Francisco Gularte, Karina e Moraes Pereira, Leonardo Melo, e Paulo Henrique Bergqvist como titulares.&nbsp;<\/p>\n\n\n\n<p>A chapa tamb\u00e9m conta com suplentes como Carlos Alberto Junior, \u00c9rico Filho, Felipe Braunstein, Jos\u00e9 Ribamar Cypriano, e Rui Barbosa Raymundo. Essa equipe ser\u00e1 respons\u00e1vel por fiscalizar as contas do Flamengo, avaliando balan\u00e7os, balancetes e novos contratos.<\/p>\n\n\n\n<h2 class=\"wp-block-heading\" id=\"h-o-papel-do-conselho-fiscal-no-flamengo\">O papel do Conselho Fiscal no Flamengo<\/h2>\n\n\n\n<p>O Conselho Fiscal tem uma fun\u00e7\u00e3o crucial dentro da estrutura do clube, sendo o respons\u00e1vel por garantir a transpar\u00eancia e integridade das finan\u00e7as rubro-negras. Isso porque, em um clube com tamanha grandeza, a fiscaliza\u00e7\u00e3o adequada das contas \u00e9 essencial para manter a confian\u00e7a de seus s\u00f3cios e torcedores.<\/p>\n\n\n\n<h2 class=\"wp-block-heading\" id=\"h-outros-processos-eleitorais-e-expectativas-para-o-futuro\">Outros processos eleitorais e expectativas para o futuro<\/h2>\n\n\n\n<p>Recentemente, o Flamengo passou por outras elei\u00e7\u00f5es significativas, como a escolha de Bap para presidente, Ricardo Lomba para o Conselho Deliberativo e Emilio Habibe para o Conselho de Administra\u00e7\u00e3o.&nbsp;<\/p>\n\n\n\n<p>Sendo assim, com a nova composi\u00e7\u00e3o do Conselho Fiscal, o clube busca fortalecer sua governan\u00e7a e seguir em busca de mais t\u00edtulos e conquistas para a torcida rubro-negra.<\/p>\n\n\n\n<p>Com isso, Paulo Roberto Gomes e sua equipe assumem o importante papel de fiscalizar e garantir a sa\u00fade financeira do Flamengo, um clube que vive momentos de grande press\u00e3o e expectativas, tanto dentro quanto fora de campo.<\/p>\n","protected":false},"excerpt":{"rendered":"<p>Na \u00faltima segunda-feira, o Flamengo realizou mais uma elei\u00e7\u00e3o hist\u00f3rica, desta vez para o tri\u00eanio 2025-2027. O pleito, que aconteceu no sal\u00e3o nobre da G\u00e1vea, contou com a participa\u00e7\u00e3o de 1.054 s\u00f3cios do clube e resultou na escolha de Paulo Roberto Gomes como novo presidente do Conselho Fiscal.&nbsp; Gomes liderou a chapa 1, denominada &#8220;Integridade [&hellip;]<\/p>\n","protected":false},"author":25,"featured_media":124684,"comment_status":"open","ping_status":"closed","sticky":false,"template":"","format":"standard","meta":{"footnotes":""},"categories":[1],"tags":[],"class_list":["post-244531","post","type-post","status-publish","format-standard","has-post-thumbnail","hentry","category-flamengo"],"yoast_head":"<!-- This site is optimized with the Yoast SEO Premium plugin v24.2 (Yoast SEO v26.9) - https:\/\/yoast.com\/product\/yoast-seo-premium-wordpress\/ -->\n<title>Flamengo elege novo presidente<\/title>\n<meta name=\"robots\" content=\"index, follow, max-snippet:-1, max-image-preview:large, max-video-preview:-1\" \/>\n<link rel=\"canonical\" href=\"https:\/\/www.gaveanews.com\/index.php\/2025\/03\/25\/flamengo-elege-novo-presidente-2\/\" \/>\n<meta property=\"og:locale\" content=\"pt_BR\" \/>\n<meta property=\"og:type\" content=\"article\" \/>\n<meta property=\"og:title\" content=\"Flamengo elege novo presidente\" \/>\n<meta property=\"og:description\" content=\"Na \u00faltima segunda-feira, o Flamengo realizou mais uma elei\u00e7\u00e3o hist\u00f3rica, desta vez para o tri\u00eanio 2025-2027. O pleito, que aconteceu no sal\u00e3o nobre da G\u00e1vea, contou com a participa\u00e7\u00e3o de 1.054 s\u00f3cios do clube e resultou na escolha de Paulo Roberto Gomes como novo presidente do Conselho Fiscal.&nbsp; Gomes liderou a chapa 1, denominada &#8220;Integridade [&hellip;]\" \/>\n<meta property=\"og:url\" content=\"https:\/\/www.gaveanews.com\/index.php\/2025\/03\/25\/flamengo-elege-novo-presidente-2\/\" \/>\n<meta property=\"og:site_name\" content=\"G\u00e1vea News\" \/>\n<meta property=\"article:publisher\" content=\"https:\/\/facebook.com\/gaveaNews\/\" \/>\n<meta property=\"article:published_time\" content=\"2025-03-25T20:15:00+00:00\" \/>\n<meta property=\"og:image\" content=\"https:\/\/www.gaveanews.com\/wp-content\/uploads\/escudoDoFlamengo.webp\" \/>\n\t<meta property=\"og:image:width\" content=\"1095\" \/>\n\t<meta property=\"og:image:height\" content=\"730\" \/>\n\t<meta property=\"og:image:type\" content=\"image\/webp\" \/>\n<meta name=\"author\" content=\"Rafaela Ladeira\" \/>\n<meta name=\"twitter:card\" content=\"summary_large_image\" \/>\n<meta name=\"twitter:label1\" content=\"Escrito por\" \/>\n\t<meta name=\"twitter:data1\" content=\"Rafaela Ladeira\" \/>\n\t<meta name=\"twitter:label2\" content=\"Est. tempo de leitura\" \/>\n\t<meta name=\"twitter:data2\" content=\"3 minutos\" \/>\n<script type=\"application\/ld+json\" class=\"yoast-schema-graph\">{\"@context\":\"https:\/\/schema.org\",\"@graph\":[{\"@type\":\"NewsArticle\",\"@id\":\"https:\/\/www.gaveanews.com\/index.php\/2025\/03\/25\/flamengo-elege-novo-presidente-2\/#article\",\"isPartOf\":{\"@id\":\"https:\/\/www.gaveanews.com\/index.php\/2025\/03\/25\/flamengo-elege-novo-presidente-2\/\"},\"author\":{\"name\":\"Rafaela Ladeira\",\"@id\":\"https:\/\/www.gaveanews.com\/#\/schema\/person\/0eb3e3fe1754f0205218538adbe8f5ed\"},\"headline\":\"Flamengo elege novo presidente\",\"datePublished\":\"2025-03-25T20:15:00+00:00\",\"mainEntityOfPage\":{\"@id\":\"https:\/\/www.gaveanews.com\/index.php\/2025\/03\/25\/flamengo-elege-novo-presidente-2\/\"},\"wordCount\":431,\"commentCount\":0,\"image\":{\"@id\":\"https:\/\/www.gaveanews.com\/index.php\/2025\/03\/25\/flamengo-elege-novo-presidente-2\/#primaryimage\"},\"thumbnailUrl\":\"https:\/\/www.gaveanews.com\/wp-content\/uploads\/escudoDoFlamengo.webp\",\"articleSection\":[\"Flamengo\"],\"inLanguage\":\"pt-BR\",\"potentialAction\":[{\"@type\":\"CommentAction\",\"name\":\"Comment\",\"target\":[\"https:\/\/www.gaveanews.com\/index.php\/2025\/03\/25\/flamengo-elege-novo-presidente-2\/#respond\"]}],\"copyrightYear\":\"2025\",\"copyrightHolder\":{\"@id\":\"https:\/\/www.gaveanews.com\/#organization\"}},{\"@type\":\"WebPage\",\"@id\":\"https:\/\/www.gaveanews.com\/index.php\/2025\/03\/25\/flamengo-elege-novo-presidente-2\/\",\"url\":\"https:\/\/www.gaveanews.com\/index.php\/2025\/03\/25\/flamengo-elege-novo-presidente-2\/\",\"name\":\"Flamengo elege novo presidente\",\"isPartOf\":{\"@id\":\"https:\/\/www.gaveanews.com\/#website\"},\"primaryImageOfPage\":{\"@id\":\"https:\/\/www.gaveanews.com\/index.php\/2025\/03\/25\/flamengo-elege-novo-presidente-2\/#primaryimage\"},\"image\":{\"@id\":\"https:\/\/www.gaveanews.com\/index.php\/2025\/03\/25\/flamengo-elege-novo-presidente-2\/#primaryimage\"},\"thumbnailUrl\":\"https:\/\/www.gaveanews.com\/wp-content\/uploads\/escudoDoFlamengo.webp\",\"datePublished\":\"2025-03-25T20:15:00+00:00\",\"author\":{\"@id\":\"https:\/\/www.gaveanews.com\/#\/schema\/person\/0eb3e3fe1754f0205218538adbe8f5ed\"},\"breadcrumb\":{\"@id\":\"https:\/\/www.gaveanews.com\/index.php\/2025\/03\/25\/flamengo-elege-novo-presidente-2\/#breadcrumb\"},\"inLanguage\":\"pt-BR\",\"potentialAction\":[{\"@type\":\"ReadAction\",\"target\":[\"https:\/\/www.gaveanews.com\/index.php\/2025\/03\/25\/flamengo-elege-novo-presidente-2\/\"]}]},{\"@type\":\"ImageObject\",\"inLanguage\":\"pt-BR\",\"@id\":\"https:\/\/www.gaveanews.com\/index.php\/2025\/03\/25\/flamengo-elege-novo-presidente-2\/#primaryimage\",\"url\":\"https:\/\/www.gaveanews.com\/wp-content\/uploads\/escudoDoFlamengo.webp\",\"contentUrl\":\"https:\/\/www.gaveanews.com\/wp-content\/uploads\/escudoDoFlamengo.webp\",\"width\":1095,\"height\":730,\"caption\":\"Centro de treinamento do Flamengo (Foto: Reprodu\u00e7\u00e3o)\"},{\"@type\":\"BreadcrumbList\",\"@id\":\"https:\/\/www.gaveanews.com\/index.php\/2025\/03\/25\/flamengo-elege-novo-presidente-2\/#breadcrumb\",\"itemListElement\":[{\"@type\":\"ListItem\",\"position\":1,\"name\":\"Home\",\"item\":\"https:\/\/www.gaveanews.com\/\"},{\"@type\":\"ListItem\",\"position\":2,\"name\":\"Flamengo elege novo presidente\"}]},{\"@type\":\"WebSite\",\"@id\":\"https:\/\/www.gaveanews.com\/#website\",\"url\":\"https:\/\/www.gaveanews.com\/\",\"name\":\"G\u00e1vea News\",\"description\":\"Veja todas as not\u00edcias sobre o Flamengo: Contrata\u00e7\u00f5es, categorias de base, resultados das partidas, tabela de classifica\u00e7\u00e3o, pr\u00f3ximos jogos!\",\"potentialAction\":[{\"@type\":\"SearchAction\",\"target\":{\"@type\":\"EntryPoint\",\"urlTemplate\":\"https:\/\/www.gaveanews.com\/?s={search_term_string}\"},\"query-input\":{\"@type\":\"PropertyValueSpecification\",\"valueRequired\":true,\"valueName\":\"search_term_string\"}}],\"inLanguage\":\"pt-BR\"},{\"@type\":\"Person\",\"@id\":\"https:\/\/www.gaveanews.com\/#\/schema\/person\/0eb3e3fe1754f0205218538adbe8f5ed\",\"name\":\"Rafaela Ladeira\",\"image\":{\"@type\":\"ImageObject\",\"inLanguage\":\"pt-BR\",\"@id\":\"https:\/\/www.gaveanews.com\/#\/schema\/person\/image\/\",\"url\":\"https:\/\/secure.gravatar.com\/avatar\/c31f513acffd85eacab5730cbdfdbbf59f21ba5aeada8cd890acea879fbb2455?s=96&d=mm&r=g\",\"contentUrl\":\"https:\/\/secure.gravatar.com\/avatar\/c31f513acffd85eacab5730cbdfdbbf59f21ba5aeada8cd890acea879fbb2455?s=96&d=mm&r=g\",\"caption\":\"Rafaela Ladeira\"}}]}<\/script>\n<!-- \/ Yoast SEO Premium plugin. -->","yoast_head_json":{"title":"Flamengo elege novo presidente","robots":{"index":"index","follow":"follow","max-snippet":"max-snippet:-1","max-image-preview":"max-image-preview:large","max-video-preview":"max-video-preview:-1"},"canonical":"https:\/\/www.gaveanews.com\/index.php\/2025\/03\/25\/flamengo-elege-novo-presidente-2\/","og_locale":"pt_BR","og_type":"article","og_title":"Flamengo elege novo presidente","og_description":"Na \u00faltima segunda-feira, o Flamengo realizou mais uma elei\u00e7\u00e3o hist\u00f3rica, desta vez para o tri\u00eanio 2025-2027. O pleito, que aconteceu no sal\u00e3o nobre da G\u00e1vea, contou com a participa\u00e7\u00e3o de 1.054 s\u00f3cios do clube e resultou na escolha de Paulo Roberto Gomes como novo presidente do Conselho Fiscal.&nbsp; Gomes liderou a chapa 1, denominada &#8220;Integridade [&hellip;]","og_url":"https:\/\/www.gaveanews.com\/index.php\/2025\/03\/25\/flamengo-elege-novo-presidente-2\/","og_site_name":"G\u00e1vea News","article_publisher":"https:\/\/facebook.com\/gaveaNews\/","article_published_time":"2025-03-25T20:15:00+00:00","og_image":[{"width":1095,"height":730,"url":"https:\/\/www.gaveanews.com\/wp-content\/uploads\/escudoDoFlamengo.webp","type":"image\/webp"}],"author":"Rafaela Ladeira","twitter_card":"summary_large_image","twitter_misc":{"Escrito por":"Rafaela Ladeira","Est. tempo de leitura":"3 minutos"},"schema":{"@context":"https:\/\/schema.org","@graph":[{"@type":"NewsArticle","@id":"https:\/\/www.gaveanews.com\/index.php\/2025\/03\/25\/flamengo-elege-novo-presidente-2\/#article","isPartOf":{"@id":"https:\/\/www.gaveanews.com\/index.php\/2025\/03\/25\/flamengo-elege-novo-presidente-2\/"},"author":{"name":"Rafaela Ladeira","@id":"https:\/\/www.gaveanews.com\/#\/schema\/person\/0eb3e3fe1754f0205218538adbe8f5ed"},"headline":"Flamengo elege novo presidente","datePublished":"2025-03-25T20:15:00+00:00","mainEntityOfPage":{"@id":"https:\/\/www.gaveanews.com\/index.php\/2025\/03\/25\/flamengo-elege-novo-presidente-2\/"},"wordCount":431,"commentCount":0,"image":{"@id":"https:\/\/www.gaveanews.com\/index.php\/2025\/03\/25\/flamengo-elege-novo-presidente-2\/#primaryimage"},"thumbnailUrl":"https:\/\/www.gaveanews.com\/wp-content\/uploads\/escudoDoFlamengo.webp","articleSection":["Flamengo"],"inLanguage":"pt-BR","potentialAction":[{"@type":"CommentAction","name":"Comment","target":["https:\/\/www.gaveanews.com\/index.php\/2025\/03\/25\/flamengo-elege-novo-presidente-2\/#respond"]}],"copyrightYear":"2025","copyrightHolder":{"@id":"https:\/\/www.gaveanews.com\/#organization"}},{"@type":"WebPage","@id":"https:\/\/www.gaveanews.com\/index.php\/2025\/03\/25\/flamengo-elege-novo-presidente-2\/","url":"https:\/\/www.gaveanews.com\/index.php\/2025\/03\/25\/flamengo-elege-novo-presidente-2\/","name":"Flamengo elege novo presidente","isPartOf":{"@id":"https:\/\/www.gaveanews.com\/#website"},"primaryImageOfPage":{"@id":"https:\/\/www.gaveanews.com\/index.php\/2025\/03\/25\/flamengo-elege-novo-presidente-2\/#primaryimage"},"image":{"@id":"https:\/\/www.gaveanews.com\/index.php\/2025\/03\/25\/flamengo-elege-novo-presidente-2\/#primaryimage"},"thumbnailUrl":"https:\/\/www.gaveanews.com\/wp-content\/uploads\/escudoDoFlamengo.webp","datePublished":"2025-03-25T20:15:00+00:00","author":{"@id":"https:\/\/www.gaveanews.com\/#\/schema\/person\/0eb3e3fe1754f0205218538adbe8f5ed"},"breadcrumb":{"@id":"https:\/\/www.gaveanews.com\/index.php\/2025\/03\/25\/flamengo-elege-novo-presidente-2\/#breadcrumb"},"inLanguage":"pt-BR","potentialAction":[{"@type":"ReadAction","target":["https:\/\/www.gaveanews.com\/index.php\/2025\/03\/25\/flamengo-elege-novo-presidente-2\/"]}]},{"@type":"ImageObject","inLanguage":"pt-BR","@id":"https:\/\/www.gaveanews.com\/index.php\/2025\/03\/25\/flamengo-elege-novo-presidente-2\/#primaryimage","url":"https:\/\/www.gaveanews.com\/wp-content\/uploads\/escudoDoFlamengo.webp","contentUrl":"https:\/\/www.gaveanews.com\/wp-content\/uploads\/escudoDoFlamengo.webp","width":1095,"height":730,"caption":"Centro de treinamento do Flamengo (Foto: Reprodu\u00e7\u00e3o)"},{"@type":"BreadcrumbList","@id":"https:\/\/www.gaveanews.com\/index.php\/2025\/03\/25\/flamengo-elege-novo-presidente-2\/#breadcrumb","itemListElement":[{"@type":"ListItem","position":1,"name":"Home","item":"https:\/\/www.gaveanews.com\/"},{"@type":"ListItem","position":2,"name":"Flamengo elege novo presidente"}]},{"@type":"WebSite","@id":"https:\/\/www.gaveanews.com\/#website","url":"https:\/\/www.gaveanews.com\/","name":"G\u00e1vea News","description":"Veja todas as not\u00edcias sobre o Flamengo: Contrata\u00e7\u00f5es, categorias de base, resultados das partidas, tabela de classifica\u00e7\u00e3o, pr\u00f3ximos jogos!","potentialAction":[{"@type":"SearchAction","target":{"@type":"EntryPoint","urlTemplate":"https:\/\/www.gaveanews.com\/?s={search_term_string}"},"query-input":{"@type":"PropertyValueSpecification","valueRequired":true,"valueName":"search_term_string"}}],"inLanguage":"pt-BR"},{"@type":"Person","@id":"https:\/\/www.gaveanews.com\/#\/schema\/person\/0eb3e3fe1754f0205218538adbe8f5ed","name":"Rafaela Ladeira","image":{"@type":"ImageObject","inLanguage":"pt-BR","@id":"https:\/\/www.gaveanews.com\/#\/schema\/person\/image\/","url":"https:\/\/secure.gravatar.com\/avatar\/c31f513acffd85eacab5730cbdfdbbf59f21ba5aeada8cd890acea879fbb2455?s=96&d=mm&r=g","contentUrl":"https:\/\/secure.gravatar.com\/avatar\/c31f513acffd85eacab5730cbdfdbbf59f21ba5aeada8cd890acea879fbb2455?s=96&d=mm&r=g","caption":"Rafaela Ladeira"}}]}},"_links":{"self":[{"href":"https:\/\/www.gaveanews.com\/index.php\/wp-json\/wp\/v2\/posts\/244531","targetHints":{"allow":["GET"]}}],"collection":[{"href":"https:\/\/www.gaveanews.com\/index.php\/wp-json\/wp\/v2\/posts"}],"about":[{"href":"https:\/\/www.gaveanews.com\/index.php\/wp-json\/wp\/v2\/types\/post"}],"author":[{"embeddable":true,"href":"https:\/\/www.gaveanews.com\/index.php\/wp-json\/wp\/v2\/users\/25"}],"replies":[{"embeddable":true,"href":"https:\/\/www.gaveanews.com\/index.php\/wp-json\/wp\/v2\/comments?post=244531"}],"version-history":[{"count":1,"href":"https:\/\/www.gaveanews.com\/index.php\/wp-json\/wp\/v2\/posts\/244531\/revisions"}],"predecessor-version":[{"id":244532,"href":"https:\/\/www.gaveanews.com\/index.php\/wp-json\/wp\/v2\/posts\/244531\/revisions\/244532"}],"wp:featuredmedia":[{"embeddable":true,"href":"https:\/\/www.gaveanews.com\/index.php\/wp-json\/wp\/v2\/media\/124684"}],"wp:attachment":[{"href":"https:\/\/www.gaveanews.com\/index.php\/wp-json\/wp\/v2\/media?parent=244531"}],"wp:term":[{"taxonomy":"category","embeddable":true,"href":"https:\/\/www.gaveanews.com\/index.php\/wp-json\/wp\/v2\/categories?post=244531"},{"taxonomy":"post_tag","embeddable":true,"href":"https:\/\/www.gaveanews.com\/index.php\/wp-json\/wp\/v2\/tags?post=244531"}],"curies":[{"name":"wp","href":"https:\/\/api.w.org\/{rel}","templated":true}]}}