{"id":244533,"date":"2025-03-25T17:20:00","date_gmt":"2025-03-25T20:20:00","guid":{"rendered":"https:\/\/www.gaveanews.com\/?p=244533"},"modified":"2025-03-25T15:20:22","modified_gmt":"2025-03-25T18:20:22","slug":"o-pensamento-de-leila-pereira-sobre-criar-setor-popular-no-allianz-parque","status":"publish","type":"post","link":"https:\/\/www.gaveanews.com\/index.php\/2025\/03\/25\/o-pensamento-de-leila-pereira-sobre-criar-setor-popular-no-allianz-parque\/","title":{"rendered":"O pensamento de Leila Pereira sobre criar setor popular no Allianz Parque"},"content":{"rendered":"\n<p>O Palmeiras vive a expectativa de um jogo decisivo nesta quinta-feira (27), quando enfrentar\u00e1 o Corinthians na Neo Qu\u00edmica Arena. Em busca do tetracampeonato paulista, o Verd\u00e3o precisa reverter a derrota sofrida no primeiro jogo no Allianz Parque.&nbsp;<\/p>\n\n\n\n<p>Para garantir a ta\u00e7a, o time ter\u00e1 que vencer por dois gols de diferen\u00e7a no tempo normal; caso ven\u00e7a por um gol, a decis\u00e3o ser\u00e1 nos p\u00eanaltis. Al\u00e9m da tens\u00e3o dentro de campo, o clube tamb\u00e9m discute importantes mudan\u00e7as nos bastidores.<\/p>\n\n\n\n<h2 class=\"wp-block-heading\" id=\"h-allianz-parque-ampliacao-ou-transformacao-do-setor-gol-norte\">Allianz Parque: amplia\u00e7\u00e3o ou transforma\u00e7\u00e3o do setor &#8220;Gol Norte&#8221;<\/h2>\n\n\n\n<figure class=\"wp-block-image size-full\"><img loading=\"lazy\" decoding=\"async\" width=\"1023\" height=\"767\" src=\"http:\/\/www.gaveanews.com\/wp-content\/uploads\/Allianz-Parque-estadio-do-Palmeiras.webp\" alt=\"\" class=\"wp-image-155182\" srcset=\"https:\/\/www.gaveanews.com\/wp-content\/uploads\/Allianz-Parque-estadio-do-Palmeiras.webp 1023w, https:\/\/www.gaveanews.com\/wp-content\/uploads\/Allianz-Parque-estadio-do-Palmeiras-300x225.webp 300w, https:\/\/www.gaveanews.com\/wp-content\/uploads\/Allianz-Parque-estadio-do-Palmeiras-768x576.webp 768w, https:\/\/www.gaveanews.com\/wp-content\/uploads\/Allianz-Parque-estadio-do-Palmeiras-560x420.webp 560w, https:\/\/www.gaveanews.com\/wp-content\/uploads\/Allianz-Parque-estadio-do-Palmeiras-80x60.webp 80w, https:\/\/www.gaveanews.com\/wp-content\/uploads\/Allianz-Parque-estadio-do-Palmeiras-160x120.webp 160w, https:\/\/www.gaveanews.com\/wp-content\/uploads\/Allianz-Parque-estadio-do-Palmeiras-100x75.webp 100w, https:\/\/www.gaveanews.com\/wp-content\/uploads\/Allianz-Parque-estadio-do-Palmeiras-200x150.webp 200w, https:\/\/www.gaveanews.com\/wp-content\/uploads\/Allianz-Parque-estadio-do-Palmeiras-180x135.webp 180w, https:\/\/www.gaveanews.com\/wp-content\/uploads\/Allianz-Parque-estadio-do-Palmeiras-360x270.webp 360w, https:\/\/www.gaveanews.com\/wp-content\/uploads\/Allianz-Parque-estadio-do-Palmeiras-238x178.webp 238w, https:\/\/www.gaveanews.com\/wp-content\/uploads\/Allianz-Parque-estadio-do-Palmeiras-476x356.webp 476w, https:\/\/www.gaveanews.com\/wp-content\/uploads\/Allianz-Parque-estadio-do-Palmeiras-640x480.webp 640w, https:\/\/www.gaveanews.com\/wp-content\/uploads\/Allianz-Parque-estadio-do-Palmeiras-681x511.webp 681w\" sizes=\"auto, (max-width: 1023px) 100vw, 1023px\" \/><figcaption class=\"wp-element-caption\">Allianz Parque, est\u00e1dio do Palmeiras (Foto: Reprodu\u00e7\u00e3o\/Palmeiras)<\/figcaption><\/figure>\n\n\n\n<p>Enquanto a final se aproxima, o Palmeiras come\u00e7a a discutir a possibilidade de amplia\u00e7\u00e3o do Allianz Parque, especialmente no setor \u201cGol Norte\u201d.&nbsp;<\/p>\n\n\n\n<p>A proposta em pauta seria transformar essa \u00e1rea em um &#8220;setor popular&#8221;, oferecendo ingressos mais acess\u00edveis para os torcedores. Por\u00e9m, o jornalista Daniel Bocatto, da ESPN, trouxe \u00e0 tona uma s\u00e9rie de desafios log\u00edsticos relacionados a essa ideia.<\/p>\n\n\n\n<p>Isso porque a entrada e os banheiros do setor n\u00e3o s\u00e3o exclusivos para o &#8220;Gol Norte&#8221;, o que dificultaria a organiza\u00e7\u00e3o e a movimenta\u00e7\u00e3o do p\u00fablico.&nbsp;<\/p>\n\n\n\n<p>&#8220;N\u00e3o existe, por exemplo, uma entrada exclusiva para essa \u00e1rea do anfiteatro, tampouco banheiros para quem ocupa o setor&#8221;, explica Bocatto. Dessa forma, o clube precisaria encontrar solu\u00e7\u00f5es para os problemas estruturais antes de implementar uma mudan\u00e7a no local.<\/p>\n\n\n\n<h2 class=\"wp-block-heading\" id=\"h-plano-b-ampliacao-da-arquibancada-sem-o-setor-popular\">Plano B: amplia\u00e7\u00e3o da arquibancada sem o &#8220;setor popular&#8221;<\/h2>\n\n\n\n<p>Com isso, uma alternativa come\u00e7a a ganhar for\u00e7a nos bastidores: ao inv\u00e9s de criar o &#8220;setor popular&#8221;, a solu\u00e7\u00e3o seria ampliar a arquibancada do Allianz Parque. A ideia \u00e9 aumentar a capacidade do est\u00e1dio, que atualmente comporta 43.713 pessoas, para quase 45 mil.&nbsp;<\/p>\n\n\n\n<p>Essa estrat\u00e9gia permitiria ao Palmeiras atender \u00e0 demanda por mais ingressos sem os entraves da cria\u00e7\u00e3o de um novo setor.<\/p>\n\n\n\n<p>Vale destacar que a amplia\u00e7\u00e3o da arquibancada pode ser uma solu\u00e7\u00e3o mais simples e r\u00e1pida, al\u00e9m de permitir maior conforto aos torcedores. Sendo assim, o Palmeiras tem a chance de crescer em termos de infraestrutura, ao mesmo tempo em que segue se preparando para a final do Paulist\u00e3o, onde o foco \u00e9, sem d\u00favida, conquistar mais um t\u00edtulo para a hist\u00f3ria do clube.<\/p>\n","protected":false},"excerpt":{"rendered":"<p>O Palmeiras vive a expectativa de um jogo decisivo nesta quinta-feira (27), quando enfrentar\u00e1 o Corinthians na Neo Qu\u00edmica Arena. Em busca do tetracampeonato paulista, o Verd\u00e3o precisa reverter a derrota sofrida no primeiro jogo no Allianz Parque.&nbsp; Para garantir a ta\u00e7a, o time ter\u00e1 que vencer por dois gols de diferen\u00e7a no tempo normal; [&hellip;]<\/p>\n","protected":false},"author":25,"featured_media":108277,"comment_status":"open","ping_status":"closed","sticky":false,"template":"","format":"standard","meta":{"footnotes":""},"categories":[150],"tags":[],"class_list":["post-244533","post","type-post","status-publish","format-standard","has-post-thumbnail","hentry","category-palmeiras"],"yoast_head":"<!-- This site is optimized with the Yoast SEO Premium plugin v24.2 (Yoast SEO v26.9) - https:\/\/yoast.com\/product\/yoast-seo-premium-wordpress\/ -->\n<title>O pensamento de Leila Pereira sobre criar setor popular no Allianz Parque<\/title>\n<meta name=\"robots\" content=\"index, follow, max-snippet:-1, max-image-preview:large, max-video-preview:-1\" \/>\n<link rel=\"canonical\" href=\"https:\/\/www.gaveanews.com\/index.php\/2025\/03\/25\/o-pensamento-de-leila-pereira-sobre-criar-setor-popular-no-allianz-parque\/\" \/>\n<meta property=\"og:locale\" content=\"pt_BR\" \/>\n<meta property=\"og:type\" content=\"article\" \/>\n<meta property=\"og:title\" content=\"O pensamento de Leila Pereira sobre criar setor popular no Allianz Parque\" \/>\n<meta property=\"og:description\" content=\"O Palmeiras vive a expectativa de um jogo decisivo nesta quinta-feira (27), quando enfrentar\u00e1 o Corinthians na Neo Qu\u00edmica Arena. Em busca do tetracampeonato paulista, o Verd\u00e3o precisa reverter a derrota sofrida no primeiro jogo no Allianz Parque.&nbsp; Para garantir a ta\u00e7a, o time ter\u00e1 que vencer por dois gols de diferen\u00e7a no tempo normal; [&hellip;]\" \/>\n<meta property=\"og:url\" content=\"https:\/\/www.gaveanews.com\/index.php\/2025\/03\/25\/o-pensamento-de-leila-pereira-sobre-criar-setor-popular-no-allianz-parque\/\" \/>\n<meta property=\"og:site_name\" content=\"G\u00e1vea News\" \/>\n<meta property=\"article:publisher\" content=\"https:\/\/facebook.com\/gaveaNews\/\" \/>\n<meta property=\"article:published_time\" content=\"2025-03-25T20:20:00+00:00\" \/>\n<meta property=\"og:image\" content=\"https:\/\/www.gaveanews.com\/wp-content\/uploads\/Leila-Pereira-durante-coletiva-do-Palmeiras.webp\" \/>\n\t<meta property=\"og:image:width\" content=\"1200\" \/>\n\t<meta property=\"og:image:height\" content=\"750\" \/>\n\t<meta property=\"og:image:type\" content=\"image\/webp\" \/>\n<meta name=\"author\" content=\"Rafaela Ladeira\" \/>\n<meta name=\"twitter:card\" content=\"summary_large_image\" \/>\n<meta name=\"twitter:label1\" content=\"Escrito por\" \/>\n\t<meta name=\"twitter:data1\" content=\"Rafaela Ladeira\" \/>\n\t<meta name=\"twitter:label2\" content=\"Est. tempo de leitura\" \/>\n\t<meta name=\"twitter:data2\" content=\"3 minutos\" \/>\n<script type=\"application\/ld+json\" class=\"yoast-schema-graph\">{\"@context\":\"https:\/\/schema.org\",\"@graph\":[{\"@type\":\"NewsArticle\",\"@id\":\"https:\/\/www.gaveanews.com\/index.php\/2025\/03\/25\/o-pensamento-de-leila-pereira-sobre-criar-setor-popular-no-allianz-parque\/#article\",\"isPartOf\":{\"@id\":\"https:\/\/www.gaveanews.com\/index.php\/2025\/03\/25\/o-pensamento-de-leila-pereira-sobre-criar-setor-popular-no-allianz-parque\/\"},\"author\":{\"name\":\"Rafaela Ladeira\",\"@id\":\"https:\/\/www.gaveanews.com\/#\/schema\/person\/0eb3e3fe1754f0205218538adbe8f5ed\"},\"headline\":\"O pensamento de Leila Pereira sobre criar setor popular no Allianz Parque\",\"datePublished\":\"2025-03-25T20:20:00+00:00\",\"mainEntityOfPage\":{\"@id\":\"https:\/\/www.gaveanews.com\/index.php\/2025\/03\/25\/o-pensamento-de-leila-pereira-sobre-criar-setor-popular-no-allianz-parque\/\"},\"wordCount\":410,\"commentCount\":0,\"image\":{\"@id\":\"https:\/\/www.gaveanews.com\/index.php\/2025\/03\/25\/o-pensamento-de-leila-pereira-sobre-criar-setor-popular-no-allianz-parque\/#primaryimage\"},\"thumbnailUrl\":\"https:\/\/www.gaveanews.com\/wp-content\/uploads\/Leila-Pereira-durante-coletiva-do-Palmeiras.webp\",\"articleSection\":[\"Palmeiras\"],\"inLanguage\":\"pt-BR\",\"potentialAction\":[{\"@type\":\"CommentAction\",\"name\":\"Comment\",\"target\":[\"https:\/\/www.gaveanews.com\/index.php\/2025\/03\/25\/o-pensamento-de-leila-pereira-sobre-criar-setor-popular-no-allianz-parque\/#respond\"]}],\"copyrightYear\":\"2025\",\"copyrightHolder\":{\"@id\":\"https:\/\/www.gaveanews.com\/#organization\"}},{\"@type\":\"WebPage\",\"@id\":\"https:\/\/www.gaveanews.com\/index.php\/2025\/03\/25\/o-pensamento-de-leila-pereira-sobre-criar-setor-popular-no-allianz-parque\/\",\"url\":\"https:\/\/www.gaveanews.com\/index.php\/2025\/03\/25\/o-pensamento-de-leila-pereira-sobre-criar-setor-popular-no-allianz-parque\/\",\"name\":\"O pensamento de Leila Pereira sobre criar setor popular no Allianz Parque\",\"isPartOf\":{\"@id\":\"https:\/\/www.gaveanews.com\/#website\"},\"primaryImageOfPage\":{\"@id\":\"https:\/\/www.gaveanews.com\/index.php\/2025\/03\/25\/o-pensamento-de-leila-pereira-sobre-criar-setor-popular-no-allianz-parque\/#primaryimage\"},\"image\":{\"@id\":\"https:\/\/www.gaveanews.com\/index.php\/2025\/03\/25\/o-pensamento-de-leila-pereira-sobre-criar-setor-popular-no-allianz-parque\/#primaryimage\"},\"thumbnailUrl\":\"https:\/\/www.gaveanews.com\/wp-content\/uploads\/Leila-Pereira-durante-coletiva-do-Palmeiras.webp\",\"datePublished\":\"2025-03-25T20:20:00+00:00\",\"author\":{\"@id\":\"https:\/\/www.gaveanews.com\/#\/schema\/person\/0eb3e3fe1754f0205218538adbe8f5ed\"},\"breadcrumb\":{\"@id\":\"https:\/\/www.gaveanews.com\/index.php\/2025\/03\/25\/o-pensamento-de-leila-pereira-sobre-criar-setor-popular-no-allianz-parque\/#breadcrumb\"},\"inLanguage\":\"pt-BR\",\"potentialAction\":[{\"@type\":\"ReadAction\",\"target\":[\"https:\/\/www.gaveanews.com\/index.php\/2025\/03\/25\/o-pensamento-de-leila-pereira-sobre-criar-setor-popular-no-allianz-parque\/\"]}]},{\"@type\":\"ImageObject\",\"inLanguage\":\"pt-BR\",\"@id\":\"https:\/\/www.gaveanews.com\/index.php\/2025\/03\/25\/o-pensamento-de-leila-pereira-sobre-criar-setor-popular-no-allianz-parque\/#primaryimage\",\"url\":\"https:\/\/www.gaveanews.com\/wp-content\/uploads\/Leila-Pereira-durante-coletiva-do-Palmeiras.webp\",\"contentUrl\":\"https:\/\/www.gaveanews.com\/wp-content\/uploads\/Leila-Pereira-durante-coletiva-do-Palmeiras.webp\",\"width\":1200,\"height\":750,\"caption\":\"Leila Pereira durante coletiva do Palmeiras (Foto: Reprodu\u00e7\u00e3o)\"},{\"@type\":\"BreadcrumbList\",\"@id\":\"https:\/\/www.gaveanews.com\/index.php\/2025\/03\/25\/o-pensamento-de-leila-pereira-sobre-criar-setor-popular-no-allianz-parque\/#breadcrumb\",\"itemListElement\":[{\"@type\":\"ListItem\",\"position\":1,\"name\":\"Home\",\"item\":\"https:\/\/www.gaveanews.com\/\"},{\"@type\":\"ListItem\",\"position\":2,\"name\":\"O pensamento de Leila Pereira sobre criar setor popular no Allianz Parque\"}]},{\"@type\":\"WebSite\",\"@id\":\"https:\/\/www.gaveanews.com\/#website\",\"url\":\"https:\/\/www.gaveanews.com\/\",\"name\":\"G\u00e1vea News\",\"description\":\"Veja todas as not\u00edcias sobre o Flamengo: Contrata\u00e7\u00f5es, categorias de base, resultados das partidas, tabela de classifica\u00e7\u00e3o, pr\u00f3ximos jogos!\",\"potentialAction\":[{\"@type\":\"SearchAction\",\"target\":{\"@type\":\"EntryPoint\",\"urlTemplate\":\"https:\/\/www.gaveanews.com\/?s={search_term_string}\"},\"query-input\":{\"@type\":\"PropertyValueSpecification\",\"valueRequired\":true,\"valueName\":\"search_term_string\"}}],\"inLanguage\":\"pt-BR\"},{\"@type\":\"Person\",\"@id\":\"https:\/\/www.gaveanews.com\/#\/schema\/person\/0eb3e3fe1754f0205218538adbe8f5ed\",\"name\":\"Rafaela Ladeira\",\"image\":{\"@type\":\"ImageObject\",\"inLanguage\":\"pt-BR\",\"@id\":\"https:\/\/www.gaveanews.com\/#\/schema\/person\/image\/\",\"url\":\"https:\/\/secure.gravatar.com\/avatar\/c31f513acffd85eacab5730cbdfdbbf59f21ba5aeada8cd890acea879fbb2455?s=96&d=mm&r=g\",\"contentUrl\":\"https:\/\/secure.gravatar.com\/avatar\/c31f513acffd85eacab5730cbdfdbbf59f21ba5aeada8cd890acea879fbb2455?s=96&d=mm&r=g\",\"caption\":\"Rafaela Ladeira\"}}]}<\/script>\n<!-- \/ Yoast SEO Premium plugin. -->","yoast_head_json":{"title":"O pensamento de Leila Pereira sobre criar setor popular no Allianz Parque","robots":{"index":"index","follow":"follow","max-snippet":"max-snippet:-1","max-image-preview":"max-image-preview:large","max-video-preview":"max-video-preview:-1"},"canonical":"https:\/\/www.gaveanews.com\/index.php\/2025\/03\/25\/o-pensamento-de-leila-pereira-sobre-criar-setor-popular-no-allianz-parque\/","og_locale":"pt_BR","og_type":"article","og_title":"O pensamento de Leila Pereira sobre criar setor popular no Allianz Parque","og_description":"O Palmeiras vive a expectativa de um jogo decisivo nesta quinta-feira (27), quando enfrentar\u00e1 o Corinthians na Neo Qu\u00edmica Arena. Em busca do tetracampeonato paulista, o Verd\u00e3o precisa reverter a derrota sofrida no primeiro jogo no Allianz Parque.&nbsp; Para garantir a ta\u00e7a, o time ter\u00e1 que vencer por dois gols de diferen\u00e7a no tempo normal; [&hellip;]","og_url":"https:\/\/www.gaveanews.com\/index.php\/2025\/03\/25\/o-pensamento-de-leila-pereira-sobre-criar-setor-popular-no-allianz-parque\/","og_site_name":"G\u00e1vea News","article_publisher":"https:\/\/facebook.com\/gaveaNews\/","article_published_time":"2025-03-25T20:20:00+00:00","og_image":[{"width":1200,"height":750,"url":"https:\/\/www.gaveanews.com\/wp-content\/uploads\/Leila-Pereira-durante-coletiva-do-Palmeiras.webp","type":"image\/webp"}],"author":"Rafaela Ladeira","twitter_card":"summary_large_image","twitter_misc":{"Escrito por":"Rafaela Ladeira","Est. tempo de leitura":"3 minutos"},"schema":{"@context":"https:\/\/schema.org","@graph":[{"@type":"NewsArticle","@id":"https:\/\/www.gaveanews.com\/index.php\/2025\/03\/25\/o-pensamento-de-leila-pereira-sobre-criar-setor-popular-no-allianz-parque\/#article","isPartOf":{"@id":"https:\/\/www.gaveanews.com\/index.php\/2025\/03\/25\/o-pensamento-de-leila-pereira-sobre-criar-setor-popular-no-allianz-parque\/"},"author":{"name":"Rafaela Ladeira","@id":"https:\/\/www.gaveanews.com\/#\/schema\/person\/0eb3e3fe1754f0205218538adbe8f5ed"},"headline":"O pensamento de Leila Pereira sobre criar setor popular no Allianz Parque","datePublished":"2025-03-25T20:20:00+00:00","mainEntityOfPage":{"@id":"https:\/\/www.gaveanews.com\/index.php\/2025\/03\/25\/o-pensamento-de-leila-pereira-sobre-criar-setor-popular-no-allianz-parque\/"},"wordCount":410,"commentCount":0,"image":{"@id":"https:\/\/www.gaveanews.com\/index.php\/2025\/03\/25\/o-pensamento-de-leila-pereira-sobre-criar-setor-popular-no-allianz-parque\/#primaryimage"},"thumbnailUrl":"https:\/\/www.gaveanews.com\/wp-content\/uploads\/Leila-Pereira-durante-coletiva-do-Palmeiras.webp","articleSection":["Palmeiras"],"inLanguage":"pt-BR","potentialAction":[{"@type":"CommentAction","name":"Comment","target":["https:\/\/www.gaveanews.com\/index.php\/2025\/03\/25\/o-pensamento-de-leila-pereira-sobre-criar-setor-popular-no-allianz-parque\/#respond"]}],"copyrightYear":"2025","copyrightHolder":{"@id":"https:\/\/www.gaveanews.com\/#organization"}},{"@type":"WebPage","@id":"https:\/\/www.gaveanews.com\/index.php\/2025\/03\/25\/o-pensamento-de-leila-pereira-sobre-criar-setor-popular-no-allianz-parque\/","url":"https:\/\/www.gaveanews.com\/index.php\/2025\/03\/25\/o-pensamento-de-leila-pereira-sobre-criar-setor-popular-no-allianz-parque\/","name":"O pensamento de Leila Pereira sobre criar setor popular no Allianz Parque","isPartOf":{"@id":"https:\/\/www.gaveanews.com\/#website"},"primaryImageOfPage":{"@id":"https:\/\/www.gaveanews.com\/index.php\/2025\/03\/25\/o-pensamento-de-leila-pereira-sobre-criar-setor-popular-no-allianz-parque\/#primaryimage"},"image":{"@id":"https:\/\/www.gaveanews.com\/index.php\/2025\/03\/25\/o-pensamento-de-leila-pereira-sobre-criar-setor-popular-no-allianz-parque\/#primaryimage"},"thumbnailUrl":"https:\/\/www.gaveanews.com\/wp-content\/uploads\/Leila-Pereira-durante-coletiva-do-Palmeiras.webp","datePublished":"2025-03-25T20:20:00+00:00","author":{"@id":"https:\/\/www.gaveanews.com\/#\/schema\/person\/0eb3e3fe1754f0205218538adbe8f5ed"},"breadcrumb":{"@id":"https:\/\/www.gaveanews.com\/index.php\/2025\/03\/25\/o-pensamento-de-leila-pereira-sobre-criar-setor-popular-no-allianz-parque\/#breadcrumb"},"inLanguage":"pt-BR","potentialAction":[{"@type":"ReadAction","target":["https:\/\/www.gaveanews.com\/index.php\/2025\/03\/25\/o-pensamento-de-leila-pereira-sobre-criar-setor-popular-no-allianz-parque\/"]}]},{"@type":"ImageObject","inLanguage":"pt-BR","@id":"https:\/\/www.gaveanews.com\/index.php\/2025\/03\/25\/o-pensamento-de-leila-pereira-sobre-criar-setor-popular-no-allianz-parque\/#primaryimage","url":"https:\/\/www.gaveanews.com\/wp-content\/uploads\/Leila-Pereira-durante-coletiva-do-Palmeiras.webp","contentUrl":"https:\/\/www.gaveanews.com\/wp-content\/uploads\/Leila-Pereira-durante-coletiva-do-Palmeiras.webp","width":1200,"height":750,"caption":"Leila Pereira durante coletiva do Palmeiras (Foto: Reprodu\u00e7\u00e3o)"},{"@type":"BreadcrumbList","@id":"https:\/\/www.gaveanews.com\/index.php\/2025\/03\/25\/o-pensamento-de-leila-pereira-sobre-criar-setor-popular-no-allianz-parque\/#breadcrumb","itemListElement":[{"@type":"ListItem","position":1,"name":"Home","item":"https:\/\/www.gaveanews.com\/"},{"@type":"ListItem","position":2,"name":"O pensamento de Leila Pereira sobre criar setor popular no Allianz Parque"}]},{"@type":"WebSite","@id":"https:\/\/www.gaveanews.com\/#website","url":"https:\/\/www.gaveanews.com\/","name":"G\u00e1vea News","description":"Veja todas as not\u00edcias sobre o Flamengo: Contrata\u00e7\u00f5es, categorias de base, resultados das partidas, tabela de classifica\u00e7\u00e3o, pr\u00f3ximos jogos!","potentialAction":[{"@type":"SearchAction","target":{"@type":"EntryPoint","urlTemplate":"https:\/\/www.gaveanews.com\/?s={search_term_string}"},"query-input":{"@type":"PropertyValueSpecification","valueRequired":true,"valueName":"search_term_string"}}],"inLanguage":"pt-BR"},{"@type":"Person","@id":"https:\/\/www.gaveanews.com\/#\/schema\/person\/0eb3e3fe1754f0205218538adbe8f5ed","name":"Rafaela Ladeira","image":{"@type":"ImageObject","inLanguage":"pt-BR","@id":"https:\/\/www.gaveanews.com\/#\/schema\/person\/image\/","url":"https:\/\/secure.gravatar.com\/avatar\/c31f513acffd85eacab5730cbdfdbbf59f21ba5aeada8cd890acea879fbb2455?s=96&d=mm&r=g","contentUrl":"https:\/\/secure.gravatar.com\/avatar\/c31f513acffd85eacab5730cbdfdbbf59f21ba5aeada8cd890acea879fbb2455?s=96&d=mm&r=g","caption":"Rafaela Ladeira"}}]}},"_links":{"self":[{"href":"https:\/\/www.gaveanews.com\/index.php\/wp-json\/wp\/v2\/posts\/244533","targetHints":{"allow":["GET"]}}],"collection":[{"href":"https:\/\/www.gaveanews.com\/index.php\/wp-json\/wp\/v2\/posts"}],"about":[{"href":"https:\/\/www.gaveanews.com\/index.php\/wp-json\/wp\/v2\/types\/post"}],"author":[{"embeddable":true,"href":"https:\/\/www.gaveanews.com\/index.php\/wp-json\/wp\/v2\/users\/25"}],"replies":[{"embeddable":true,"href":"https:\/\/www.gaveanews.com\/index.php\/wp-json\/wp\/v2\/comments?post=244533"}],"version-history":[{"count":1,"href":"https:\/\/www.gaveanews.com\/index.php\/wp-json\/wp\/v2\/posts\/244533\/revisions"}],"predecessor-version":[{"id":244534,"href":"https:\/\/www.gaveanews.com\/index.php\/wp-json\/wp\/v2\/posts\/244533\/revisions\/244534"}],"wp:featuredmedia":[{"embeddable":true,"href":"https:\/\/www.gaveanews.com\/index.php\/wp-json\/wp\/v2\/media\/108277"}],"wp:attachment":[{"href":"https:\/\/www.gaveanews.com\/index.php\/wp-json\/wp\/v2\/media?parent=244533"}],"wp:term":[{"taxonomy":"category","embeddable":true,"href":"https:\/\/www.gaveanews.com\/index.php\/wp-json\/wp\/v2\/categories?post=244533"},{"taxonomy":"post_tag","embeddable":true,"href":"https:\/\/www.gaveanews.com\/index.php\/wp-json\/wp\/v2\/tags?post=244533"}],"curies":[{"name":"wp","href":"https:\/\/api.w.org\/{rel}","templated":true}]}}