{"id":244536,"date":"2025-03-26T08:20:00","date_gmt":"2025-03-26T11:20:00","guid":{"rendered":"https:\/\/www.gaveanews.com\/?p=244536"},"modified":"2025-03-26T01:27:12","modified_gmt":"2025-03-26T04:27:12","slug":"a-declaracao-de-luxemburgo-direcionada-ao-cruzeiro","status":"publish","type":"post","link":"https:\/\/www.gaveanews.com\/index.php\/2025\/03\/26\/a-declaracao-de-luxemburgo-direcionada-ao-cruzeiro\/","title":{"rendered":"A declara\u00e7\u00e3o de Luxemburgo direcionada ao Cruzeiro"},"content":{"rendered":"\n<h2 class=\"wp-block-heading\" id=\"h-eu-gostaria-de-ter-ficado-diz-luxa\">&#8220;Eu gostaria de ter ficado&#8221;, diz Luxa <\/h2>\n\n\n\n<p>Sem clube desde setembro de 2023 quando deixou o comando do Corinthians, o t\u00e9cnico Vanderlei Luxemburgo admitiu que gostaria de assumir o Cruzeiro. Quando Ronaldo Fen\u00f4meno comprou o clube mineiro, Luxa n\u00e3o seguiu. Ainda sim, o treinador diz que n\u00e3o guarda m\u00e1goas e revelou que gostaria de voltar ao time celeste, agora comandado pelo empres\u00e1rio Pedro Louren\u00e7o. <\/p>\n\n\n\n<p>\u201cN\u00e3o, de jeito nenhum (guarda m\u00e1goa). \u00c9 um direito que ele (Ronaldo) tem, ele que tinha pessoas para colocar para para a gest\u00e3o, ele entendeu dessa forma sem m\u00e1goa, zero de m\u00e1goa. O mais importante para mim foi que aquele momento era muito dif\u00edcil do Cruzeiro, muito dif\u00edcil. O Pedrinho do BH, dono do Cruzeiro, foi fant\u00e1stico. Ele deu a condi\u00e7\u00e3o para que n\u00f3s n\u00e3o deix\u00e1ssemos o time cair, que quase n\u00f3s subimos ainda\u201d, disse, em entrevista ao \u201cCNN Esporte S\/A\u201d.<\/p>\n\n\n\n<p>\u201cE o Pedrinho foi um dos caras que chegou e assumiu junto comigo e tudo que ele acordou comigo, ele cumpriu, e n\u00f3s n\u00e3o fomos para a Terceira Divis\u00e3o, e pod\u00edamos at\u00e9 ter tido o acesso. O Ronaldo tirou porque achou que tinha que tirar.\u00a0Eu gostaria de ter ficado. (\u2026) Agora, depois de sair o Ronaldo e entrando Pedrinho, muito mais ainda. Tenho uma amizade com ele muito boa\u201d, admitiu Luxa.<\/p>\n\n\n\n<p>Na entrevista, Luxemburgo ainda imaginou e contou como seria uma reuni\u00e3o com Pedrinho, caso ele fosse o t\u00e9cnico do Cruzeiro. <\/p>\n\n\n\n<p>\u201cEle n\u00e3o ia chegar para mim e falar assim: \u2018Bota fulano e beltrano\u2019. Vai chamar num almo\u00e7o l\u00e1 no BH, no supermercado. \u2018Luxa, voc\u00ea acha que vamos botar fulano? N\u00f3s vamos botar fulano aqui, t\u00e1 vendo que o time t\u00e1 uma merda?. P\u00f4, Luxa, o time t\u00e1 uma merda, n\u00e3o melhora n\u00e3o, de jeito nenhum. Seria um papo at\u00e9 meio meio legal de ter\u201d, finalizou Vanderlei Luxemburgo aos risos. <\/p>\n\n\n\n<p>Ap\u00f3s come\u00e7ar a temporada 2025 com Fernando Diniz no comando t\u00e9cnico da equipe, o Cruzeiro tem hoje Leonardo Jardim como comandante. Jardim possui v\u00ednculo com a Raposa at\u00e9 dezembro de 2026. <\/p>\n","protected":false},"excerpt":{"rendered":"<p>&#8220;Eu gostaria de ter ficado&#8221;, diz Luxa Sem clube desde setembro de 2023 quando deixou o comando do Corinthians, o t\u00e9cnico Vanderlei Luxemburgo admitiu que gostaria de assumir o Cruzeiro. Quando Ronaldo Fen\u00f4meno comprou o clube mineiro, Luxa n\u00e3o seguiu. Ainda sim, o treinador diz que n\u00e3o guarda m\u00e1goas e revelou que gostaria de voltar [&hellip;]<\/p>\n","protected":false},"author":21,"featured_media":33890,"comment_status":"open","ping_status":"closed","sticky":false,"template":"","format":"standard","meta":{"footnotes":""},"categories":[143],"tags":[],"class_list":["post-244536","post","type-post","status-publish","format-standard","has-post-thumbnail","hentry","category-cruzeiro"],"yoast_head":"<!-- This site is optimized with the Yoast SEO Premium plugin v24.2 (Yoast SEO v26.9) - https:\/\/yoast.com\/product\/yoast-seo-premium-wordpress\/ -->\n<title>A declara\u00e7\u00e3o de Luxemburgo direcionada ao Cruzeiro<\/title>\n<meta name=\"robots\" content=\"index, follow, max-snippet:-1, max-image-preview:large, max-video-preview:-1\" \/>\n<link rel=\"canonical\" href=\"https:\/\/www.gaveanews.com\/index.php\/2025\/03\/26\/a-declaracao-de-luxemburgo-direcionada-ao-cruzeiro\/\" \/>\n<meta property=\"og:locale\" content=\"pt_BR\" \/>\n<meta property=\"og:type\" content=\"article\" \/>\n<meta property=\"og:title\" content=\"A declara\u00e7\u00e3o de Luxemburgo direcionada ao Cruzeiro\" \/>\n<meta property=\"og:description\" content=\"&#8220;Eu gostaria de ter ficado&#8221;, diz Luxa Sem clube desde setembro de 2023 quando deixou o comando do Corinthians, o t\u00e9cnico Vanderlei Luxemburgo admitiu que gostaria de assumir o Cruzeiro. Quando Ronaldo Fen\u00f4meno comprou o clube mineiro, Luxa n\u00e3o seguiu. Ainda sim, o treinador diz que n\u00e3o guarda m\u00e1goas e revelou que gostaria de voltar [&hellip;]\" \/>\n<meta property=\"og:url\" content=\"https:\/\/www.gaveanews.com\/index.php\/2025\/03\/26\/a-declaracao-de-luxemburgo-direcionada-ao-cruzeiro\/\" \/>\n<meta property=\"og:site_name\" content=\"G\u00e1vea News\" \/>\n<meta property=\"article:publisher\" content=\"https:\/\/facebook.com\/gaveaNews\/\" \/>\n<meta property=\"article:published_time\" content=\"2025-03-26T11:20:00+00:00\" \/>\n<meta property=\"og:image\" content=\"https:\/\/www.gaveanews.com\/wp-content\/uploads\/vanderlei-luxemburgo-vasco-02-06-2019_husjdbczs8861a8jmkobu5fma.webp\" \/>\n\t<meta property=\"og:image:width\" content=\"1920\" \/>\n\t<meta property=\"og:image:height\" content=\"1080\" \/>\n\t<meta property=\"og:image:type\" content=\"image\/png\" \/>\n<meta name=\"author\" content=\"Andr\u00e9 Serra\" \/>\n<meta name=\"twitter:card\" content=\"summary_large_image\" \/>\n<meta name=\"twitter:label1\" content=\"Escrito por\" \/>\n\t<meta name=\"twitter:data1\" content=\"Andr\u00e9 Serra\" \/>\n\t<meta name=\"twitter:label2\" content=\"Est. tempo de leitura\" \/>\n\t<meta name=\"twitter:data2\" content=\"3 minutos\" \/>\n<script type=\"application\/ld+json\" class=\"yoast-schema-graph\">{\"@context\":\"https:\/\/schema.org\",\"@graph\":[{\"@type\":\"NewsArticle\",\"@id\":\"https:\/\/www.gaveanews.com\/index.php\/2025\/03\/26\/a-declaracao-de-luxemburgo-direcionada-ao-cruzeiro\/#article\",\"isPartOf\":{\"@id\":\"https:\/\/www.gaveanews.com\/index.php\/2025\/03\/26\/a-declaracao-de-luxemburgo-direcionada-ao-cruzeiro\/\"},\"author\":{\"name\":\"Andr\u00e9 Serra\",\"@id\":\"https:\/\/www.gaveanews.com\/#\/schema\/person\/0277a79a1289c451c281ec0411d84f0c\"},\"headline\":\"A declara\u00e7\u00e3o de Luxemburgo direcionada ao Cruzeiro\",\"datePublished\":\"2025-03-26T11:20:00+00:00\",\"mainEntityOfPage\":{\"@id\":\"https:\/\/www.gaveanews.com\/index.php\/2025\/03\/26\/a-declaracao-de-luxemburgo-direcionada-ao-cruzeiro\/\"},\"wordCount\":376,\"commentCount\":0,\"image\":{\"@id\":\"https:\/\/www.gaveanews.com\/index.php\/2025\/03\/26\/a-declaracao-de-luxemburgo-direcionada-ao-cruzeiro\/#primaryimage\"},\"thumbnailUrl\":\"https:\/\/www.gaveanews.com\/wp-content\/uploads\/vanderlei-luxemburgo-vasco-02-06-2019_husjdbczs8861a8jmkobu5fma.webp\",\"articleSection\":[\"Cruzeiro\"],\"inLanguage\":\"pt-BR\",\"potentialAction\":[{\"@type\":\"CommentAction\",\"name\":\"Comment\",\"target\":[\"https:\/\/www.gaveanews.com\/index.php\/2025\/03\/26\/a-declaracao-de-luxemburgo-direcionada-ao-cruzeiro\/#respond\"]}],\"copyrightYear\":\"2025\",\"copyrightHolder\":{\"@id\":\"https:\/\/www.gaveanews.com\/#organization\"}},{\"@type\":\"WebPage\",\"@id\":\"https:\/\/www.gaveanews.com\/index.php\/2025\/03\/26\/a-declaracao-de-luxemburgo-direcionada-ao-cruzeiro\/\",\"url\":\"https:\/\/www.gaveanews.com\/index.php\/2025\/03\/26\/a-declaracao-de-luxemburgo-direcionada-ao-cruzeiro\/\",\"name\":\"A declara\u00e7\u00e3o de Luxemburgo direcionada ao Cruzeiro\",\"isPartOf\":{\"@id\":\"https:\/\/www.gaveanews.com\/#website\"},\"primaryImageOfPage\":{\"@id\":\"https:\/\/www.gaveanews.com\/index.php\/2025\/03\/26\/a-declaracao-de-luxemburgo-direcionada-ao-cruzeiro\/#primaryimage\"},\"image\":{\"@id\":\"https:\/\/www.gaveanews.com\/index.php\/2025\/03\/26\/a-declaracao-de-luxemburgo-direcionada-ao-cruzeiro\/#primaryimage\"},\"thumbnailUrl\":\"https:\/\/www.gaveanews.com\/wp-content\/uploads\/vanderlei-luxemburgo-vasco-02-06-2019_husjdbczs8861a8jmkobu5fma.webp\",\"datePublished\":\"2025-03-26T11:20:00+00:00\",\"author\":{\"@id\":\"https:\/\/www.gaveanews.com\/#\/schema\/person\/0277a79a1289c451c281ec0411d84f0c\"},\"breadcrumb\":{\"@id\":\"https:\/\/www.gaveanews.com\/index.php\/2025\/03\/26\/a-declaracao-de-luxemburgo-direcionada-ao-cruzeiro\/#breadcrumb\"},\"inLanguage\":\"pt-BR\",\"potentialAction\":[{\"@type\":\"ReadAction\",\"target\":[\"https:\/\/www.gaveanews.com\/index.php\/2025\/03\/26\/a-declaracao-de-luxemburgo-direcionada-ao-cruzeiro\/\"]}]},{\"@type\":\"ImageObject\",\"inLanguage\":\"pt-BR\",\"@id\":\"https:\/\/www.gaveanews.com\/index.php\/2025\/03\/26\/a-declaracao-de-luxemburgo-direcionada-ao-cruzeiro\/#primaryimage\",\"url\":\"https:\/\/www.gaveanews.com\/wp-content\/uploads\/vanderlei-luxemburgo-vasco-02-06-2019_husjdbczs8861a8jmkobu5fma.webp\",\"contentUrl\":\"https:\/\/www.gaveanews.com\/wp-content\/uploads\/vanderlei-luxemburgo-vasco-02-06-2019_husjdbczs8861a8jmkobu5fma.webp\",\"width\":1920,\"height\":1080,\"caption\":\"Vanderlei Luxemburgo (Foto: Divulga\u00e7\u00e3o\/Vasco)\"},{\"@type\":\"BreadcrumbList\",\"@id\":\"https:\/\/www.gaveanews.com\/index.php\/2025\/03\/26\/a-declaracao-de-luxemburgo-direcionada-ao-cruzeiro\/#breadcrumb\",\"itemListElement\":[{\"@type\":\"ListItem\",\"position\":1,\"name\":\"Home\",\"item\":\"https:\/\/www.gaveanews.com\/\"},{\"@type\":\"ListItem\",\"position\":2,\"name\":\"A declara\u00e7\u00e3o de Luxemburgo direcionada ao Cruzeiro\"}]},{\"@type\":\"WebSite\",\"@id\":\"https:\/\/www.gaveanews.com\/#website\",\"url\":\"https:\/\/www.gaveanews.com\/\",\"name\":\"G\u00e1vea News\",\"description\":\"Veja todas as not\u00edcias sobre o Flamengo: Contrata\u00e7\u00f5es, categorias de base, resultados das partidas, tabela de classifica\u00e7\u00e3o, pr\u00f3ximos jogos!\",\"potentialAction\":[{\"@type\":\"SearchAction\",\"target\":{\"@type\":\"EntryPoint\",\"urlTemplate\":\"https:\/\/www.gaveanews.com\/?s={search_term_string}\"},\"query-input\":{\"@type\":\"PropertyValueSpecification\",\"valueRequired\":true,\"valueName\":\"search_term_string\"}}],\"inLanguage\":\"pt-BR\"},{\"@type\":\"Person\",\"@id\":\"https:\/\/www.gaveanews.com\/#\/schema\/person\/0277a79a1289c451c281ec0411d84f0c\",\"name\":\"Andr\u00e9 Serra\",\"image\":{\"@type\":\"ImageObject\",\"inLanguage\":\"pt-BR\",\"@id\":\"https:\/\/www.gaveanews.com\/#\/schema\/person\/image\/\",\"url\":\"https:\/\/secure.gravatar.com\/avatar\/d7231369fe48db93292b3e88eb2162dbd9a34a47a8437d9ef3bcaca2a86a83d7?s=96&d=mm&r=g\",\"contentUrl\":\"https:\/\/secure.gravatar.com\/avatar\/d7231369fe48db93292b3e88eb2162dbd9a34a47a8437d9ef3bcaca2a86a83d7?s=96&d=mm&r=g\",\"caption\":\"Andr\u00e9 Serra\"}}]}<\/script>\n<!-- \/ Yoast SEO Premium plugin. -->","yoast_head_json":{"title":"A declara\u00e7\u00e3o de Luxemburgo direcionada ao Cruzeiro","robots":{"index":"index","follow":"follow","max-snippet":"max-snippet:-1","max-image-preview":"max-image-preview:large","max-video-preview":"max-video-preview:-1"},"canonical":"https:\/\/www.gaveanews.com\/index.php\/2025\/03\/26\/a-declaracao-de-luxemburgo-direcionada-ao-cruzeiro\/","og_locale":"pt_BR","og_type":"article","og_title":"A declara\u00e7\u00e3o de Luxemburgo direcionada ao Cruzeiro","og_description":"&#8220;Eu gostaria de ter ficado&#8221;, diz Luxa Sem clube desde setembro de 2023 quando deixou o comando do Corinthians, o t\u00e9cnico Vanderlei Luxemburgo admitiu que gostaria de assumir o Cruzeiro. Quando Ronaldo Fen\u00f4meno comprou o clube mineiro, Luxa n\u00e3o seguiu. Ainda sim, o treinador diz que n\u00e3o guarda m\u00e1goas e revelou que gostaria de voltar [&hellip;]","og_url":"https:\/\/www.gaveanews.com\/index.php\/2025\/03\/26\/a-declaracao-de-luxemburgo-direcionada-ao-cruzeiro\/","og_site_name":"G\u00e1vea News","article_publisher":"https:\/\/facebook.com\/gaveaNews\/","article_published_time":"2025-03-26T11:20:00+00:00","og_image":[{"width":1920,"height":1080,"url":"https:\/\/www.gaveanews.com\/wp-content\/uploads\/vanderlei-luxemburgo-vasco-02-06-2019_husjdbczs8861a8jmkobu5fma.webp","type":"image\/png"}],"author":"Andr\u00e9 Serra","twitter_card":"summary_large_image","twitter_misc":{"Escrito por":"Andr\u00e9 Serra","Est. tempo de leitura":"3 minutos"},"schema":{"@context":"https:\/\/schema.org","@graph":[{"@type":"NewsArticle","@id":"https:\/\/www.gaveanews.com\/index.php\/2025\/03\/26\/a-declaracao-de-luxemburgo-direcionada-ao-cruzeiro\/#article","isPartOf":{"@id":"https:\/\/www.gaveanews.com\/index.php\/2025\/03\/26\/a-declaracao-de-luxemburgo-direcionada-ao-cruzeiro\/"},"author":{"name":"Andr\u00e9 Serra","@id":"https:\/\/www.gaveanews.com\/#\/schema\/person\/0277a79a1289c451c281ec0411d84f0c"},"headline":"A declara\u00e7\u00e3o de Luxemburgo direcionada ao Cruzeiro","datePublished":"2025-03-26T11:20:00+00:00","mainEntityOfPage":{"@id":"https:\/\/www.gaveanews.com\/index.php\/2025\/03\/26\/a-declaracao-de-luxemburgo-direcionada-ao-cruzeiro\/"},"wordCount":376,"commentCount":0,"image":{"@id":"https:\/\/www.gaveanews.com\/index.php\/2025\/03\/26\/a-declaracao-de-luxemburgo-direcionada-ao-cruzeiro\/#primaryimage"},"thumbnailUrl":"https:\/\/www.gaveanews.com\/wp-content\/uploads\/vanderlei-luxemburgo-vasco-02-06-2019_husjdbczs8861a8jmkobu5fma.webp","articleSection":["Cruzeiro"],"inLanguage":"pt-BR","potentialAction":[{"@type":"CommentAction","name":"Comment","target":["https:\/\/www.gaveanews.com\/index.php\/2025\/03\/26\/a-declaracao-de-luxemburgo-direcionada-ao-cruzeiro\/#respond"]}],"copyrightYear":"2025","copyrightHolder":{"@id":"https:\/\/www.gaveanews.com\/#organization"}},{"@type":"WebPage","@id":"https:\/\/www.gaveanews.com\/index.php\/2025\/03\/26\/a-declaracao-de-luxemburgo-direcionada-ao-cruzeiro\/","url":"https:\/\/www.gaveanews.com\/index.php\/2025\/03\/26\/a-declaracao-de-luxemburgo-direcionada-ao-cruzeiro\/","name":"A declara\u00e7\u00e3o de Luxemburgo direcionada ao Cruzeiro","isPartOf":{"@id":"https:\/\/www.gaveanews.com\/#website"},"primaryImageOfPage":{"@id":"https:\/\/www.gaveanews.com\/index.php\/2025\/03\/26\/a-declaracao-de-luxemburgo-direcionada-ao-cruzeiro\/#primaryimage"},"image":{"@id":"https:\/\/www.gaveanews.com\/index.php\/2025\/03\/26\/a-declaracao-de-luxemburgo-direcionada-ao-cruzeiro\/#primaryimage"},"thumbnailUrl":"https:\/\/www.gaveanews.com\/wp-content\/uploads\/vanderlei-luxemburgo-vasco-02-06-2019_husjdbczs8861a8jmkobu5fma.webp","datePublished":"2025-03-26T11:20:00+00:00","author":{"@id":"https:\/\/www.gaveanews.com\/#\/schema\/person\/0277a79a1289c451c281ec0411d84f0c"},"breadcrumb":{"@id":"https:\/\/www.gaveanews.com\/index.php\/2025\/03\/26\/a-declaracao-de-luxemburgo-direcionada-ao-cruzeiro\/#breadcrumb"},"inLanguage":"pt-BR","potentialAction":[{"@type":"ReadAction","target":["https:\/\/www.gaveanews.com\/index.php\/2025\/03\/26\/a-declaracao-de-luxemburgo-direcionada-ao-cruzeiro\/"]}]},{"@type":"ImageObject","inLanguage":"pt-BR","@id":"https:\/\/www.gaveanews.com\/index.php\/2025\/03\/26\/a-declaracao-de-luxemburgo-direcionada-ao-cruzeiro\/#primaryimage","url":"https:\/\/www.gaveanews.com\/wp-content\/uploads\/vanderlei-luxemburgo-vasco-02-06-2019_husjdbczs8861a8jmkobu5fma.webp","contentUrl":"https:\/\/www.gaveanews.com\/wp-content\/uploads\/vanderlei-luxemburgo-vasco-02-06-2019_husjdbczs8861a8jmkobu5fma.webp","width":1920,"height":1080,"caption":"Vanderlei Luxemburgo (Foto: Divulga\u00e7\u00e3o\/Vasco)"},{"@type":"BreadcrumbList","@id":"https:\/\/www.gaveanews.com\/index.php\/2025\/03\/26\/a-declaracao-de-luxemburgo-direcionada-ao-cruzeiro\/#breadcrumb","itemListElement":[{"@type":"ListItem","position":1,"name":"Home","item":"https:\/\/www.gaveanews.com\/"},{"@type":"ListItem","position":2,"name":"A declara\u00e7\u00e3o de Luxemburgo direcionada ao Cruzeiro"}]},{"@type":"WebSite","@id":"https:\/\/www.gaveanews.com\/#website","url":"https:\/\/www.gaveanews.com\/","name":"G\u00e1vea News","description":"Veja todas as not\u00edcias sobre o Flamengo: Contrata\u00e7\u00f5es, categorias de base, resultados das partidas, tabela de classifica\u00e7\u00e3o, pr\u00f3ximos jogos!","potentialAction":[{"@type":"SearchAction","target":{"@type":"EntryPoint","urlTemplate":"https:\/\/www.gaveanews.com\/?s={search_term_string}"},"query-input":{"@type":"PropertyValueSpecification","valueRequired":true,"valueName":"search_term_string"}}],"inLanguage":"pt-BR"},{"@type":"Person","@id":"https:\/\/www.gaveanews.com\/#\/schema\/person\/0277a79a1289c451c281ec0411d84f0c","name":"Andr\u00e9 Serra","image":{"@type":"ImageObject","inLanguage":"pt-BR","@id":"https:\/\/www.gaveanews.com\/#\/schema\/person\/image\/","url":"https:\/\/secure.gravatar.com\/avatar\/d7231369fe48db93292b3e88eb2162dbd9a34a47a8437d9ef3bcaca2a86a83d7?s=96&d=mm&r=g","contentUrl":"https:\/\/secure.gravatar.com\/avatar\/d7231369fe48db93292b3e88eb2162dbd9a34a47a8437d9ef3bcaca2a86a83d7?s=96&d=mm&r=g","caption":"Andr\u00e9 Serra"}}]}},"_links":{"self":[{"href":"https:\/\/www.gaveanews.com\/index.php\/wp-json\/wp\/v2\/posts\/244536","targetHints":{"allow":["GET"]}}],"collection":[{"href":"https:\/\/www.gaveanews.com\/index.php\/wp-json\/wp\/v2\/posts"}],"about":[{"href":"https:\/\/www.gaveanews.com\/index.php\/wp-json\/wp\/v2\/types\/post"}],"author":[{"embeddable":true,"href":"https:\/\/www.gaveanews.com\/index.php\/wp-json\/wp\/v2\/users\/21"}],"replies":[{"embeddable":true,"href":"https:\/\/www.gaveanews.com\/index.php\/wp-json\/wp\/v2\/comments?post=244536"}],"version-history":[{"count":1,"href":"https:\/\/www.gaveanews.com\/index.php\/wp-json\/wp\/v2\/posts\/244536\/revisions"}],"predecessor-version":[{"id":244539,"href":"https:\/\/www.gaveanews.com\/index.php\/wp-json\/wp\/v2\/posts\/244536\/revisions\/244539"}],"wp:featuredmedia":[{"embeddable":true,"href":"https:\/\/www.gaveanews.com\/index.php\/wp-json\/wp\/v2\/media\/33890"}],"wp:attachment":[{"href":"https:\/\/www.gaveanews.com\/index.php\/wp-json\/wp\/v2\/media?parent=244536"}],"wp:term":[{"taxonomy":"category","embeddable":true,"href":"https:\/\/www.gaveanews.com\/index.php\/wp-json\/wp\/v2\/categories?post=244536"},{"taxonomy":"post_tag","embeddable":true,"href":"https:\/\/www.gaveanews.com\/index.php\/wp-json\/wp\/v2\/tags?post=244536"}],"curies":[{"name":"wp","href":"https:\/\/api.w.org\/{rel}","templated":true}]}}