{"id":244543,"date":"2025-03-25T17:35:00","date_gmt":"2025-03-25T20:35:00","guid":{"rendered":"https:\/\/www.gaveanews.com\/?p=244543"},"modified":"2025-03-25T15:49:49","modified_gmt":"2025-03-25T18:49:49","slug":"vasco-faz-publicacao-direcionada-ao-goleiro-martin-silva","status":"publish","type":"post","link":"https:\/\/www.gaveanews.com\/index.php\/2025\/03\/25\/vasco-faz-publicacao-direcionada-ao-goleiro-martin-silva\/","title":{"rendered":"Vasco faz publica\u00e7\u00e3o direcionada ao goleiro Mart\u00edn Silva"},"content":{"rendered":"\n<p>\u00cddolo de uma gera\u00e7\u00e3o de vasca\u00ednos, Mart\u00edn Silva celebra mais um ano de vida nesta ter\u00e7a-feira. O ex-goleiro, que marcou \u00e9poca no clube de S\u00e3o Janu\u00e1rio, recebeu uma homenagem especial do Vasco, relembrando sua trajet\u00f3ria na Colina Hist\u00f3rica e os t\u00edtulos conquistados com a camisa cruz-maltina.<\/p>\n\n\n\n<h2 class=\"wp-block-heading\" id=\"h-passagem-marcante-e-titulos-pelo-vasco\">Passagem marcante e t\u00edtulos pelo Vasco<\/h2>\n\n\n\n<blockquote class=\"twitter-tweet\"><p lang=\"pt\" dir=\"ltr\">Hoje o goleiro Mart\u00edn Silva completa mais um ano de vida \ud83e\udd73<br><br>O pared\u00e3o somou mais de 200 partidas com a camisa do Vasco em sua passagem pela Colina Hist\u00f3rica e conquistou os t\u00edtulos do Campeonato Carioca em 2015 e 2016 \ud83e\udde4\ud83d\udca2<br><br>Feliz anivers\u00e1rio, Mart\u00edn! <a href=\"https:\/\/twitter.com\/hashtag\/VascoDaGama?src=hash&amp;ref_src=twsrc%5Etfw\">#VascoDaGama<\/a> <a href=\"https:\/\/t.co\/AKuNcLVvvq\">pic.twitter.com\/AKuNcLVvvq<\/a><\/p>&mdash; S\u00e3o Janu\u00e1rio (@saojanuario) <a href=\"https:\/\/twitter.com\/saojanuario\/status\/1904560736631665079?ref_src=twsrc%5Etfw\">March 25, 2025<\/a><\/blockquote> <script async src=\"https:\/\/platform.twitter.com\/widgets.js\" charset=\"utf-8\"><\/script>\n\n\n\n<p>Mart\u00edn Silva defendeu o Vasco em mais de 200 partidas, sendo pe\u00e7a fundamental da equipe em momentos decisivos.&nbsp;<\/p>\n\n\n\n<p>Al\u00e9m disso, sua lideran\u00e7a e seguran\u00e7a no gol o tornaram um dos jogadores mais queridos pela torcida. Isso porque o uruguaio foi essencial nas conquistas do Campeonato Carioca de 2015 e 2016, ajudando o time a superar rivais e erguer as ta\u00e7as estaduais.<\/p>\n\n\n\n<p>Sendo assim, seu nome est\u00e1 gravado na hist\u00f3ria recente do clube. Vale destacar que, durante sua passagem, Mart\u00edn Silva foi considerado um dos melhores goleiros atuando no Brasil, acumulando atua\u00e7\u00f5es de alto n\u00edvel e conquistando respeito no cen\u00e1rio nacional.<\/p>\n\n\n\n<h2 class=\"wp-block-heading\" id=\"h-reconhecimento-da-torcida-e-do-clube\">Reconhecimento da torcida e do clube<\/h2>\n\n\n\n<p>O Vasco n\u00e3o deixou a data passar em branco e fez quest\u00e3o de parabenizar o ex-jogador por meio de suas redes sociais. Com isso, a torcida cruz-maltina tamb\u00e9m aproveitou para demonstrar carinho e gratid\u00e3o, relembrando momentos ic\u00f4nicos do goleiro com a camisa do clube.<\/p>\n\n\n\n<p>Cabe ressaltar que, mesmo ap\u00f3s sua sa\u00edda, Mart\u00edn Silva segue sendo lembrado como um dos principais goleiros da hist\u00f3ria recente do Vasco. Dessa maneira, a publica\u00e7\u00e3o reafirma o reconhecimento do clube por um atleta que deixou sua marca dentro e fora de campo.<\/p>\n\n\n\n<h2 class=\"wp-block-heading\" id=\"h-legado-de-martin-silva-no-futebol\">Legado de Mart\u00edn Silva no futebol<\/h2>\n\n\n\n<p>Depois de sua passagem pelo Vasco, o goleiro seguiu sua carreira no futebol sul-americano, mantendo-se em alto n\u00edvel. Por isso, seu legado vai al\u00e9m dos t\u00edtulos: Mart\u00edn Silva \u00e9 s\u00edmbolo de dedica\u00e7\u00e3o e profissionalismo, atributos que o tornaram \u00eddolo em S\u00e3o Janu\u00e1rio.<\/p>\n\n\n\n<p>Desse jeito, a homenagem do Vasco refor\u00e7a a import\u00e2ncia do goleiro na trajet\u00f3ria do clube. E para os torcedores, fica a saudade de um pared\u00e3o que defendeu o Gigante da Colina com garra e compromisso.<\/p>\n","protected":false},"excerpt":{"rendered":"<p>\u00cddolo de uma gera\u00e7\u00e3o de vasca\u00ednos, Mart\u00edn Silva celebra mais um ano de vida nesta ter\u00e7a-feira. O ex-goleiro, que marcou \u00e9poca no clube de S\u00e3o Janu\u00e1rio, recebeu uma homenagem especial do Vasco, relembrando sua trajet\u00f3ria na Colina Hist\u00f3rica e os t\u00edtulos conquistados com a camisa cruz-maltina. Passagem marcante e t\u00edtulos pelo Vasco Hoje o goleiro [&hellip;]<\/p>\n","protected":false},"author":25,"featured_media":147443,"comment_status":"open","ping_status":"closed","sticky":false,"template":"","format":"standard","meta":{"footnotes":""},"categories":[152],"tags":[],"class_list":["post-244543","post","type-post","status-publish","format-standard","has-post-thumbnail","hentry","category-vasco"],"yoast_head":"<!-- This site is optimized with the Yoast SEO Premium plugin v24.2 (Yoast SEO v26.9) - https:\/\/yoast.com\/product\/yoast-seo-premium-wordpress\/ -->\n<title>Vasco faz publica\u00e7\u00e3o direcionada ao goleiro Mart\u00edn Silva<\/title>\n<meta name=\"robots\" content=\"index, follow, max-snippet:-1, max-image-preview:large, max-video-preview:-1\" \/>\n<link rel=\"canonical\" href=\"https:\/\/www.gaveanews.com\/index.php\/2025\/03\/25\/vasco-faz-publicacao-direcionada-ao-goleiro-martin-silva\/\" \/>\n<meta property=\"og:locale\" content=\"pt_BR\" \/>\n<meta property=\"og:type\" content=\"article\" \/>\n<meta property=\"og:title\" content=\"Vasco faz publica\u00e7\u00e3o direcionada ao goleiro Mart\u00edn Silva\" \/>\n<meta property=\"og:description\" content=\"\u00cddolo de uma gera\u00e7\u00e3o de vasca\u00ednos, Mart\u00edn Silva celebra mais um ano de vida nesta ter\u00e7a-feira. O ex-goleiro, que marcou \u00e9poca no clube de S\u00e3o Janu\u00e1rio, recebeu uma homenagem especial do Vasco, relembrando sua trajet\u00f3ria na Colina Hist\u00f3rica e os t\u00edtulos conquistados com a camisa cruz-maltina. Passagem marcante e t\u00edtulos pelo Vasco Hoje o goleiro [&hellip;]\" \/>\n<meta property=\"og:url\" content=\"https:\/\/www.gaveanews.com\/index.php\/2025\/03\/25\/vasco-faz-publicacao-direcionada-ao-goleiro-martin-silva\/\" \/>\n<meta property=\"og:site_name\" content=\"G\u00e1vea News\" \/>\n<meta property=\"article:publisher\" content=\"https:\/\/facebook.com\/gaveaNews\/\" \/>\n<meta property=\"article:published_time\" content=\"2025-03-25T20:35:00+00:00\" \/>\n<meta property=\"og:image\" content=\"https:\/\/www.gaveanews.com\/wp-content\/uploads\/Camisa-do-Vasco-da-Gama.webp\" \/>\n\t<meta property=\"og:image:width\" content=\"1440\" \/>\n\t<meta property=\"og:image:height\" content=\"960\" \/>\n\t<meta property=\"og:image:type\" content=\"image\/jpeg\" \/>\n<meta name=\"author\" content=\"Rafaela Ladeira\" \/>\n<meta name=\"twitter:card\" content=\"summary_large_image\" \/>\n<meta name=\"twitter:label1\" content=\"Escrito por\" \/>\n\t<meta name=\"twitter:data1\" content=\"Rafaela Ladeira\" \/>\n\t<meta name=\"twitter:label2\" content=\"Est. tempo de leitura\" \/>\n\t<meta name=\"twitter:data2\" content=\"3 minutos\" \/>\n<script type=\"application\/ld+json\" class=\"yoast-schema-graph\">{\"@context\":\"https:\/\/schema.org\",\"@graph\":[{\"@type\":\"NewsArticle\",\"@id\":\"https:\/\/www.gaveanews.com\/index.php\/2025\/03\/25\/vasco-faz-publicacao-direcionada-ao-goleiro-martin-silva\/#article\",\"isPartOf\":{\"@id\":\"https:\/\/www.gaveanews.com\/index.php\/2025\/03\/25\/vasco-faz-publicacao-direcionada-ao-goleiro-martin-silva\/\"},\"author\":{\"name\":\"Rafaela Ladeira\",\"@id\":\"https:\/\/www.gaveanews.com\/#\/schema\/person\/0eb3e3fe1754f0205218538adbe8f5ed\"},\"headline\":\"Vasco faz publica\u00e7\u00e3o direcionada ao goleiro Mart\u00edn Silva\",\"datePublished\":\"2025-03-25T20:35:00+00:00\",\"mainEntityOfPage\":{\"@id\":\"https:\/\/www.gaveanews.com\/index.php\/2025\/03\/25\/vasco-faz-publicacao-direcionada-ao-goleiro-martin-silva\/\"},\"wordCount\":437,\"commentCount\":0,\"image\":{\"@id\":\"https:\/\/www.gaveanews.com\/index.php\/2025\/03\/25\/vasco-faz-publicacao-direcionada-ao-goleiro-martin-silva\/#primaryimage\"},\"thumbnailUrl\":\"https:\/\/www.gaveanews.com\/wp-content\/uploads\/Camisa-do-Vasco-da-Gama.webp\",\"articleSection\":[\"Vasco\"],\"inLanguage\":\"pt-BR\",\"potentialAction\":[{\"@type\":\"CommentAction\",\"name\":\"Comment\",\"target\":[\"https:\/\/www.gaveanews.com\/index.php\/2025\/03\/25\/vasco-faz-publicacao-direcionada-ao-goleiro-martin-silva\/#respond\"]}],\"copyrightYear\":\"2025\",\"copyrightHolder\":{\"@id\":\"https:\/\/www.gaveanews.com\/#organization\"}},{\"@type\":\"WebPage\",\"@id\":\"https:\/\/www.gaveanews.com\/index.php\/2025\/03\/25\/vasco-faz-publicacao-direcionada-ao-goleiro-martin-silva\/\",\"url\":\"https:\/\/www.gaveanews.com\/index.php\/2025\/03\/25\/vasco-faz-publicacao-direcionada-ao-goleiro-martin-silva\/\",\"name\":\"Vasco faz publica\u00e7\u00e3o direcionada ao goleiro Mart\u00edn Silva\",\"isPartOf\":{\"@id\":\"https:\/\/www.gaveanews.com\/#website\"},\"primaryImageOfPage\":{\"@id\":\"https:\/\/www.gaveanews.com\/index.php\/2025\/03\/25\/vasco-faz-publicacao-direcionada-ao-goleiro-martin-silva\/#primaryimage\"},\"image\":{\"@id\":\"https:\/\/www.gaveanews.com\/index.php\/2025\/03\/25\/vasco-faz-publicacao-direcionada-ao-goleiro-martin-silva\/#primaryimage\"},\"thumbnailUrl\":\"https:\/\/www.gaveanews.com\/wp-content\/uploads\/Camisa-do-Vasco-da-Gama.webp\",\"datePublished\":\"2025-03-25T20:35:00+00:00\",\"author\":{\"@id\":\"https:\/\/www.gaveanews.com\/#\/schema\/person\/0eb3e3fe1754f0205218538adbe8f5ed\"},\"breadcrumb\":{\"@id\":\"https:\/\/www.gaveanews.com\/index.php\/2025\/03\/25\/vasco-faz-publicacao-direcionada-ao-goleiro-martin-silva\/#breadcrumb\"},\"inLanguage\":\"pt-BR\",\"potentialAction\":[{\"@type\":\"ReadAction\",\"target\":[\"https:\/\/www.gaveanews.com\/index.php\/2025\/03\/25\/vasco-faz-publicacao-direcionada-ao-goleiro-martin-silva\/\"]}]},{\"@type\":\"ImageObject\",\"inLanguage\":\"pt-BR\",\"@id\":\"https:\/\/www.gaveanews.com\/index.php\/2025\/03\/25\/vasco-faz-publicacao-direcionada-ao-goleiro-martin-silva\/#primaryimage\",\"url\":\"https:\/\/www.gaveanews.com\/wp-content\/uploads\/Camisa-do-Vasco-da-Gama.webp\",\"contentUrl\":\"https:\/\/www.gaveanews.com\/wp-content\/uploads\/Camisa-do-Vasco-da-Gama.webp\",\"width\":1440,\"height\":960,\"caption\":\"Camisa do Vasco da Gama (Foto: Reprodu\u00e7\u00e3o\/Instagram)\"},{\"@type\":\"BreadcrumbList\",\"@id\":\"https:\/\/www.gaveanews.com\/index.php\/2025\/03\/25\/vasco-faz-publicacao-direcionada-ao-goleiro-martin-silva\/#breadcrumb\",\"itemListElement\":[{\"@type\":\"ListItem\",\"position\":1,\"name\":\"Home\",\"item\":\"https:\/\/www.gaveanews.com\/\"},{\"@type\":\"ListItem\",\"position\":2,\"name\":\"Vasco faz publica\u00e7\u00e3o direcionada ao goleiro Mart\u00edn Silva\"}]},{\"@type\":\"WebSite\",\"@id\":\"https:\/\/www.gaveanews.com\/#website\",\"url\":\"https:\/\/www.gaveanews.com\/\",\"name\":\"G\u00e1vea News\",\"description\":\"Veja todas as not\u00edcias sobre o Flamengo: Contrata\u00e7\u00f5es, categorias de base, resultados das partidas, tabela de classifica\u00e7\u00e3o, pr\u00f3ximos jogos!\",\"potentialAction\":[{\"@type\":\"SearchAction\",\"target\":{\"@type\":\"EntryPoint\",\"urlTemplate\":\"https:\/\/www.gaveanews.com\/?s={search_term_string}\"},\"query-input\":{\"@type\":\"PropertyValueSpecification\",\"valueRequired\":true,\"valueName\":\"search_term_string\"}}],\"inLanguage\":\"pt-BR\"},{\"@type\":\"Person\",\"@id\":\"https:\/\/www.gaveanews.com\/#\/schema\/person\/0eb3e3fe1754f0205218538adbe8f5ed\",\"name\":\"Rafaela Ladeira\",\"image\":{\"@type\":\"ImageObject\",\"inLanguage\":\"pt-BR\",\"@id\":\"https:\/\/www.gaveanews.com\/#\/schema\/person\/image\/\",\"url\":\"https:\/\/secure.gravatar.com\/avatar\/c31f513acffd85eacab5730cbdfdbbf59f21ba5aeada8cd890acea879fbb2455?s=96&d=mm&r=g\",\"contentUrl\":\"https:\/\/secure.gravatar.com\/avatar\/c31f513acffd85eacab5730cbdfdbbf59f21ba5aeada8cd890acea879fbb2455?s=96&d=mm&r=g\",\"caption\":\"Rafaela Ladeira\"}}]}<\/script>\n<!-- \/ Yoast SEO Premium plugin. -->","yoast_head_json":{"title":"Vasco faz publica\u00e7\u00e3o direcionada ao goleiro Mart\u00edn Silva","robots":{"index":"index","follow":"follow","max-snippet":"max-snippet:-1","max-image-preview":"max-image-preview:large","max-video-preview":"max-video-preview:-1"},"canonical":"https:\/\/www.gaveanews.com\/index.php\/2025\/03\/25\/vasco-faz-publicacao-direcionada-ao-goleiro-martin-silva\/","og_locale":"pt_BR","og_type":"article","og_title":"Vasco faz publica\u00e7\u00e3o direcionada ao goleiro Mart\u00edn Silva","og_description":"\u00cddolo de uma gera\u00e7\u00e3o de vasca\u00ednos, Mart\u00edn Silva celebra mais um ano de vida nesta ter\u00e7a-feira. O ex-goleiro, que marcou \u00e9poca no clube de S\u00e3o Janu\u00e1rio, recebeu uma homenagem especial do Vasco, relembrando sua trajet\u00f3ria na Colina Hist\u00f3rica e os t\u00edtulos conquistados com a camisa cruz-maltina. Passagem marcante e t\u00edtulos pelo Vasco Hoje o goleiro [&hellip;]","og_url":"https:\/\/www.gaveanews.com\/index.php\/2025\/03\/25\/vasco-faz-publicacao-direcionada-ao-goleiro-martin-silva\/","og_site_name":"G\u00e1vea News","article_publisher":"https:\/\/facebook.com\/gaveaNews\/","article_published_time":"2025-03-25T20:35:00+00:00","og_image":[{"width":1440,"height":960,"url":"https:\/\/www.gaveanews.com\/wp-content\/uploads\/Camisa-do-Vasco-da-Gama.webp","type":"image\/jpeg"}],"author":"Rafaela Ladeira","twitter_card":"summary_large_image","twitter_misc":{"Escrito por":"Rafaela Ladeira","Est. tempo de leitura":"3 minutos"},"schema":{"@context":"https:\/\/schema.org","@graph":[{"@type":"NewsArticle","@id":"https:\/\/www.gaveanews.com\/index.php\/2025\/03\/25\/vasco-faz-publicacao-direcionada-ao-goleiro-martin-silva\/#article","isPartOf":{"@id":"https:\/\/www.gaveanews.com\/index.php\/2025\/03\/25\/vasco-faz-publicacao-direcionada-ao-goleiro-martin-silva\/"},"author":{"name":"Rafaela Ladeira","@id":"https:\/\/www.gaveanews.com\/#\/schema\/person\/0eb3e3fe1754f0205218538adbe8f5ed"},"headline":"Vasco faz publica\u00e7\u00e3o direcionada ao goleiro Mart\u00edn Silva","datePublished":"2025-03-25T20:35:00+00:00","mainEntityOfPage":{"@id":"https:\/\/www.gaveanews.com\/index.php\/2025\/03\/25\/vasco-faz-publicacao-direcionada-ao-goleiro-martin-silva\/"},"wordCount":437,"commentCount":0,"image":{"@id":"https:\/\/www.gaveanews.com\/index.php\/2025\/03\/25\/vasco-faz-publicacao-direcionada-ao-goleiro-martin-silva\/#primaryimage"},"thumbnailUrl":"https:\/\/www.gaveanews.com\/wp-content\/uploads\/Camisa-do-Vasco-da-Gama.webp","articleSection":["Vasco"],"inLanguage":"pt-BR","potentialAction":[{"@type":"CommentAction","name":"Comment","target":["https:\/\/www.gaveanews.com\/index.php\/2025\/03\/25\/vasco-faz-publicacao-direcionada-ao-goleiro-martin-silva\/#respond"]}],"copyrightYear":"2025","copyrightHolder":{"@id":"https:\/\/www.gaveanews.com\/#organization"}},{"@type":"WebPage","@id":"https:\/\/www.gaveanews.com\/index.php\/2025\/03\/25\/vasco-faz-publicacao-direcionada-ao-goleiro-martin-silva\/","url":"https:\/\/www.gaveanews.com\/index.php\/2025\/03\/25\/vasco-faz-publicacao-direcionada-ao-goleiro-martin-silva\/","name":"Vasco faz publica\u00e7\u00e3o direcionada ao goleiro Mart\u00edn Silva","isPartOf":{"@id":"https:\/\/www.gaveanews.com\/#website"},"primaryImageOfPage":{"@id":"https:\/\/www.gaveanews.com\/index.php\/2025\/03\/25\/vasco-faz-publicacao-direcionada-ao-goleiro-martin-silva\/#primaryimage"},"image":{"@id":"https:\/\/www.gaveanews.com\/index.php\/2025\/03\/25\/vasco-faz-publicacao-direcionada-ao-goleiro-martin-silva\/#primaryimage"},"thumbnailUrl":"https:\/\/www.gaveanews.com\/wp-content\/uploads\/Camisa-do-Vasco-da-Gama.webp","datePublished":"2025-03-25T20:35:00+00:00","author":{"@id":"https:\/\/www.gaveanews.com\/#\/schema\/person\/0eb3e3fe1754f0205218538adbe8f5ed"},"breadcrumb":{"@id":"https:\/\/www.gaveanews.com\/index.php\/2025\/03\/25\/vasco-faz-publicacao-direcionada-ao-goleiro-martin-silva\/#breadcrumb"},"inLanguage":"pt-BR","potentialAction":[{"@type":"ReadAction","target":["https:\/\/www.gaveanews.com\/index.php\/2025\/03\/25\/vasco-faz-publicacao-direcionada-ao-goleiro-martin-silva\/"]}]},{"@type":"ImageObject","inLanguage":"pt-BR","@id":"https:\/\/www.gaveanews.com\/index.php\/2025\/03\/25\/vasco-faz-publicacao-direcionada-ao-goleiro-martin-silva\/#primaryimage","url":"https:\/\/www.gaveanews.com\/wp-content\/uploads\/Camisa-do-Vasco-da-Gama.webp","contentUrl":"https:\/\/www.gaveanews.com\/wp-content\/uploads\/Camisa-do-Vasco-da-Gama.webp","width":1440,"height":960,"caption":"Camisa do Vasco da Gama (Foto: Reprodu\u00e7\u00e3o\/Instagram)"},{"@type":"BreadcrumbList","@id":"https:\/\/www.gaveanews.com\/index.php\/2025\/03\/25\/vasco-faz-publicacao-direcionada-ao-goleiro-martin-silva\/#breadcrumb","itemListElement":[{"@type":"ListItem","position":1,"name":"Home","item":"https:\/\/www.gaveanews.com\/"},{"@type":"ListItem","position":2,"name":"Vasco faz publica\u00e7\u00e3o direcionada ao goleiro Mart\u00edn Silva"}]},{"@type":"WebSite","@id":"https:\/\/www.gaveanews.com\/#website","url":"https:\/\/www.gaveanews.com\/","name":"G\u00e1vea News","description":"Veja todas as not\u00edcias sobre o Flamengo: Contrata\u00e7\u00f5es, categorias de base, resultados das partidas, tabela de classifica\u00e7\u00e3o, pr\u00f3ximos jogos!","potentialAction":[{"@type":"SearchAction","target":{"@type":"EntryPoint","urlTemplate":"https:\/\/www.gaveanews.com\/?s={search_term_string}"},"query-input":{"@type":"PropertyValueSpecification","valueRequired":true,"valueName":"search_term_string"}}],"inLanguage":"pt-BR"},{"@type":"Person","@id":"https:\/\/www.gaveanews.com\/#\/schema\/person\/0eb3e3fe1754f0205218538adbe8f5ed","name":"Rafaela Ladeira","image":{"@type":"ImageObject","inLanguage":"pt-BR","@id":"https:\/\/www.gaveanews.com\/#\/schema\/person\/image\/","url":"https:\/\/secure.gravatar.com\/avatar\/c31f513acffd85eacab5730cbdfdbbf59f21ba5aeada8cd890acea879fbb2455?s=96&d=mm&r=g","contentUrl":"https:\/\/secure.gravatar.com\/avatar\/c31f513acffd85eacab5730cbdfdbbf59f21ba5aeada8cd890acea879fbb2455?s=96&d=mm&r=g","caption":"Rafaela Ladeira"}}]}},"_links":{"self":[{"href":"https:\/\/www.gaveanews.com\/index.php\/wp-json\/wp\/v2\/posts\/244543","targetHints":{"allow":["GET"]}}],"collection":[{"href":"https:\/\/www.gaveanews.com\/index.php\/wp-json\/wp\/v2\/posts"}],"about":[{"href":"https:\/\/www.gaveanews.com\/index.php\/wp-json\/wp\/v2\/types\/post"}],"author":[{"embeddable":true,"href":"https:\/\/www.gaveanews.com\/index.php\/wp-json\/wp\/v2\/users\/25"}],"replies":[{"embeddable":true,"href":"https:\/\/www.gaveanews.com\/index.php\/wp-json\/wp\/v2\/comments?post=244543"}],"version-history":[{"count":1,"href":"https:\/\/www.gaveanews.com\/index.php\/wp-json\/wp\/v2\/posts\/244543\/revisions"}],"predecessor-version":[{"id":244544,"href":"https:\/\/www.gaveanews.com\/index.php\/wp-json\/wp\/v2\/posts\/244543\/revisions\/244544"}],"wp:featuredmedia":[{"embeddable":true,"href":"https:\/\/www.gaveanews.com\/index.php\/wp-json\/wp\/v2\/media\/147443"}],"wp:attachment":[{"href":"https:\/\/www.gaveanews.com\/index.php\/wp-json\/wp\/v2\/media?parent=244543"}],"wp:term":[{"taxonomy":"category","embeddable":true,"href":"https:\/\/www.gaveanews.com\/index.php\/wp-json\/wp\/v2\/categories?post=244543"},{"taxonomy":"post_tag","embeddable":true,"href":"https:\/\/www.gaveanews.com\/index.php\/wp-json\/wp\/v2\/tags?post=244543"}],"curies":[{"name":"wp","href":"https:\/\/api.w.org\/{rel}","templated":true}]}}