{"id":244555,"date":"2025-03-25T18:00:00","date_gmt":"2025-03-25T21:00:00","guid":{"rendered":"https:\/\/www.gaveanews.com\/?p=244555"},"modified":"2025-03-25T16:07:20","modified_gmt":"2025-03-25T19:07:20","slug":"decisao-da-diretoria-pode-prejudicar-o-vasco","status":"publish","type":"post","link":"https:\/\/www.gaveanews.com\/index.php\/2025\/03\/25\/decisao-da-diretoria-pode-prejudicar-o-vasco\/","title":{"rendered":"Decis\u00e3o da diretoria pode prejudicar o Vasco"},"content":{"rendered":"\n<p>O Vasco est\u00e1 prestes a enfrentar um desafio complicado no Campeonato Brasileiro. A diretoria optou por vender o mando de campo das partidas contra Palmeiras e Botafogo, que ser\u00e3o realizadas no Est\u00e1dio Man\u00e9 Garrincha, em Bras\u00edlia.&nbsp;<\/p>\n\n\n\n<p>No entanto, essa decis\u00e3o pode agravar uma sina que o clube carrega no local desde que o est\u00e1dio foi inaugurado para a Copa do Mundo de 2014. O Vasco ainda n\u00e3o venceu na S\u00e9rie A da competi\u00e7\u00e3o em Bras\u00edlia desde 2013, e esse hist\u00f3rico negativo preocupa.<\/p>\n\n\n\n<h2 class=\"wp-block-heading\" id=\"h-a-sina-do-vasco-no-mane-garrincha\">A sina do Vasco no Man\u00e9 Garrincha<\/h2>\n\n\n\n<figure class=\"wp-block-image size-full\"><img loading=\"lazy\" decoding=\"async\" width=\"795\" height=\"448\" src=\"http:\/\/www.gaveanews.com\/wp-content\/uploads\/estadio-mane-garrincha-1.webp\" alt=\"Est\u00e1dio Man\u00e9 Garrincha\" class=\"wp-image-148646\" srcset=\"https:\/\/www.gaveanews.com\/wp-content\/uploads\/estadio-mane-garrincha-1.webp 795w, https:\/\/www.gaveanews.com\/wp-content\/uploads\/estadio-mane-garrincha-1-300x169.webp 300w, https:\/\/www.gaveanews.com\/wp-content\/uploads\/estadio-mane-garrincha-1-768x433.webp 768w, https:\/\/www.gaveanews.com\/wp-content\/uploads\/estadio-mane-garrincha-1-745x420.webp 745w, https:\/\/www.gaveanews.com\/wp-content\/uploads\/estadio-mane-garrincha-1-640x361.webp 640w, https:\/\/www.gaveanews.com\/wp-content\/uploads\/estadio-mane-garrincha-1-681x384.webp 681w, https:\/\/www.gaveanews.com\/wp-content\/uploads\/estadio-mane-garrincha-1-100x56.webp 100w\" sizes=\"auto, (max-width: 795px) 100vw, 795px\" \/><figcaption class=\"wp-element-caption\">Est\u00e1dio Man\u00e9 Garrincha &#8211; Foto: Reprodu\u00e7\u00e3o<\/figcaption><\/figure>\n\n\n\n<p>Desde a inaugura\u00e7\u00e3o do Est\u00e1dio Man\u00e9 Garrincha, o Vasco mandou oito partidas do Campeonato Brasileiro no local, mas os resultados t\u00eam sido frustrantes. S\u00e3o tr\u00eas empates e cinco derrotas.&nbsp;<\/p>\n\n\n\n<p>A primeira vez que o clube jogou em Bras\u00edlia foi em 2013, contra o Flamengo, e a derrota foi por 1 a 0. No mesmo ano, empatou com o Corinthians e o Flamengo, as vit\u00f3rias sempre escaparam.<\/p>\n\n\n\n<p>Em 2015, o Vasco teve a sua pior derrota no est\u00e1dio, perdendo por 4 a 0 para o S\u00e3o Paulo. Esse jogo ficou marcado pela fragilidade do time, que n\u00e3o conseguiu reagir diante da superioridade paulista.&nbsp;<\/p>\n\n\n\n<p>Al\u00e9m disso, a derrota por 4 a 1 para o Corinthians em 2018, ap\u00f3s ter aberto o placar, evidenciou novamente a dificuldade do Vasco em conquistar bons resultados na cidade.<\/p>\n\n\n\n<h2 class=\"wp-block-heading\" id=\"h-resultados-decepcionantes-e-o-que-esperar-para-o-futuro\">Resultados decepcionantes e o que esperar para o futuro<\/h2>\n\n\n\n<p>Vale destacar que o hist\u00f3rico de fracassos n\u00e3o se limitou apenas a esses jogos. Em 2019, o Vasco perdeu novamente para o Flamengo por 4 a 1, com a equipe vasca\u00edna desperdi\u00e7ando dois p\u00eanaltis, um com Pikachu e outro com Bruno C\u00e9sar, ambos defendidos por Diego Alves.&nbsp;<\/p>\n\n\n\n<p>A \u00faltima partida do clube no Man\u00e9 Garrincha aconteceu no ano passado, quando perdeu por 1 a 0 para o Palmeiras, em jogo marcado por falha de Rayan e um lance de drible de Coutinho que destacou a fragilidade da marca\u00e7\u00e3o vasca\u00edna.<\/p>\n\n\n\n<p>Sendo assim, o Vasco entra em campo em Bras\u00edlia com a press\u00e3o de quebrar esse tabu de derrotas consecutivas. N\u00e3o s\u00f3 a sina no Man\u00e9 Garrincha, mas tamb\u00e9m a necessidade de conquistar pontos importantes para seguir no campeonato, deixa a torcida apreensiva. Isso porque, embora o time busque melhorar suas atua\u00e7\u00f5es, a estat\u00edstica recente n\u00e3o favorece o clube.<\/p>\n","protected":false},"excerpt":{"rendered":"<p>O Vasco est\u00e1 prestes a enfrentar um desafio complicado no Campeonato Brasileiro. A diretoria optou por vender o mando de campo das partidas contra Palmeiras e Botafogo, que ser\u00e3o realizadas no Est\u00e1dio Man\u00e9 Garrincha, em Bras\u00edlia.&nbsp; No entanto, essa decis\u00e3o pode agravar uma sina que o clube carrega no local desde que o est\u00e1dio foi [&hellip;]<\/p>\n","protected":false},"author":25,"featured_media":146559,"comment_status":"open","ping_status":"closed","sticky":false,"template":"","format":"standard","meta":{"footnotes":""},"categories":[152],"tags":[],"class_list":["post-244555","post","type-post","status-publish","format-standard","has-post-thumbnail","hentry","category-vasco"],"yoast_head":"<!-- This site is optimized with the Yoast SEO Premium plugin v24.2 (Yoast SEO v26.9) - https:\/\/yoast.com\/product\/yoast-seo-premium-wordpress\/ -->\n<title>Decis\u00e3o da diretoria pode prejudicar o Vasco<\/title>\n<meta name=\"robots\" content=\"index, follow, max-snippet:-1, max-image-preview:large, max-video-preview:-1\" \/>\n<link rel=\"canonical\" href=\"https:\/\/www.gaveanews.com\/index.php\/2025\/03\/25\/decisao-da-diretoria-pode-prejudicar-o-vasco\/\" \/>\n<meta property=\"og:locale\" content=\"pt_BR\" \/>\n<meta property=\"og:type\" content=\"article\" \/>\n<meta property=\"og:title\" content=\"Decis\u00e3o da diretoria pode prejudicar o Vasco\" \/>\n<meta property=\"og:description\" content=\"O Vasco est\u00e1 prestes a enfrentar um desafio complicado no Campeonato Brasileiro. A diretoria optou por vender o mando de campo das partidas contra Palmeiras e Botafogo, que ser\u00e3o realizadas no Est\u00e1dio Man\u00e9 Garrincha, em Bras\u00edlia.&nbsp; No entanto, essa decis\u00e3o pode agravar uma sina que o clube carrega no local desde que o est\u00e1dio foi [&hellip;]\" \/>\n<meta property=\"og:url\" content=\"https:\/\/www.gaveanews.com\/index.php\/2025\/03\/25\/decisao-da-diretoria-pode-prejudicar-o-vasco\/\" \/>\n<meta property=\"og:site_name\" content=\"G\u00e1vea News\" \/>\n<meta property=\"article:publisher\" content=\"https:\/\/facebook.com\/gaveaNews\/\" \/>\n<meta property=\"article:published_time\" content=\"2025-03-25T21:00:00+00:00\" \/>\n<meta property=\"og:image\" content=\"https:\/\/www.gaveanews.com\/wp-content\/uploads\/Pedrinho-presidente-do-Vasco.webp\" \/>\n\t<meta property=\"og:image:width\" content=\"1024\" \/>\n\t<meta property=\"og:image:height\" content=\"562\" \/>\n\t<meta property=\"og:image:type\" content=\"image\/jpeg\" \/>\n<meta name=\"author\" content=\"Rafaela Ladeira\" \/>\n<meta name=\"twitter:card\" content=\"summary_large_image\" \/>\n<meta name=\"twitter:label1\" content=\"Escrito por\" \/>\n\t<meta name=\"twitter:data1\" content=\"Rafaela Ladeira\" \/>\n\t<meta name=\"twitter:label2\" content=\"Est. tempo de leitura\" \/>\n\t<meta name=\"twitter:data2\" content=\"3 minutos\" \/>\n<script type=\"application\/ld+json\" class=\"yoast-schema-graph\">{\"@context\":\"https:\/\/schema.org\",\"@graph\":[{\"@type\":\"NewsArticle\",\"@id\":\"https:\/\/www.gaveanews.com\/index.php\/2025\/03\/25\/decisao-da-diretoria-pode-prejudicar-o-vasco\/#article\",\"isPartOf\":{\"@id\":\"https:\/\/www.gaveanews.com\/index.php\/2025\/03\/25\/decisao-da-diretoria-pode-prejudicar-o-vasco\/\"},\"author\":{\"name\":\"Rafaela Ladeira\",\"@id\":\"https:\/\/www.gaveanews.com\/#\/schema\/person\/0eb3e3fe1754f0205218538adbe8f5ed\"},\"headline\":\"Decis\u00e3o da diretoria pode prejudicar o Vasco\",\"datePublished\":\"2025-03-25T21:00:00+00:00\",\"mainEntityOfPage\":{\"@id\":\"https:\/\/www.gaveanews.com\/index.php\/2025\/03\/25\/decisao-da-diretoria-pode-prejudicar-o-vasco\/\"},\"wordCount\":418,\"commentCount\":0,\"image\":{\"@id\":\"https:\/\/www.gaveanews.com\/index.php\/2025\/03\/25\/decisao-da-diretoria-pode-prejudicar-o-vasco\/#primaryimage\"},\"thumbnailUrl\":\"https:\/\/www.gaveanews.com\/wp-content\/uploads\/Pedrinho-presidente-do-Vasco.webp\",\"articleSection\":[\"Vasco\"],\"inLanguage\":\"pt-BR\",\"potentialAction\":[{\"@type\":\"CommentAction\",\"name\":\"Comment\",\"target\":[\"https:\/\/www.gaveanews.com\/index.php\/2025\/03\/25\/decisao-da-diretoria-pode-prejudicar-o-vasco\/#respond\"]}],\"copyrightYear\":\"2025\",\"copyrightHolder\":{\"@id\":\"https:\/\/www.gaveanews.com\/#organization\"}},{\"@type\":\"WebPage\",\"@id\":\"https:\/\/www.gaveanews.com\/index.php\/2025\/03\/25\/decisao-da-diretoria-pode-prejudicar-o-vasco\/\",\"url\":\"https:\/\/www.gaveanews.com\/index.php\/2025\/03\/25\/decisao-da-diretoria-pode-prejudicar-o-vasco\/\",\"name\":\"Decis\u00e3o da diretoria pode prejudicar o Vasco\",\"isPartOf\":{\"@id\":\"https:\/\/www.gaveanews.com\/#website\"},\"primaryImageOfPage\":{\"@id\":\"https:\/\/www.gaveanews.com\/index.php\/2025\/03\/25\/decisao-da-diretoria-pode-prejudicar-o-vasco\/#primaryimage\"},\"image\":{\"@id\":\"https:\/\/www.gaveanews.com\/index.php\/2025\/03\/25\/decisao-da-diretoria-pode-prejudicar-o-vasco\/#primaryimage\"},\"thumbnailUrl\":\"https:\/\/www.gaveanews.com\/wp-content\/uploads\/Pedrinho-presidente-do-Vasco.webp\",\"datePublished\":\"2025-03-25T21:00:00+00:00\",\"author\":{\"@id\":\"https:\/\/www.gaveanews.com\/#\/schema\/person\/0eb3e3fe1754f0205218538adbe8f5ed\"},\"breadcrumb\":{\"@id\":\"https:\/\/www.gaveanews.com\/index.php\/2025\/03\/25\/decisao-da-diretoria-pode-prejudicar-o-vasco\/#breadcrumb\"},\"inLanguage\":\"pt-BR\",\"potentialAction\":[{\"@type\":\"ReadAction\",\"target\":[\"https:\/\/www.gaveanews.com\/index.php\/2025\/03\/25\/decisao-da-diretoria-pode-prejudicar-o-vasco\/\"]}]},{\"@type\":\"ImageObject\",\"inLanguage\":\"pt-BR\",\"@id\":\"https:\/\/www.gaveanews.com\/index.php\/2025\/03\/25\/decisao-da-diretoria-pode-prejudicar-o-vasco\/#primaryimage\",\"url\":\"https:\/\/www.gaveanews.com\/wp-content\/uploads\/Pedrinho-presidente-do-Vasco.webp\",\"contentUrl\":\"https:\/\/www.gaveanews.com\/wp-content\/uploads\/Pedrinho-presidente-do-Vasco.webp\",\"width\":1024,\"height\":562,\"caption\":\"Pedrinho, presidente do Vasco (Foto: Reprodu\u00e7\u00e3o\/Vasco TV)\"},{\"@type\":\"BreadcrumbList\",\"@id\":\"https:\/\/www.gaveanews.com\/index.php\/2025\/03\/25\/decisao-da-diretoria-pode-prejudicar-o-vasco\/#breadcrumb\",\"itemListElement\":[{\"@type\":\"ListItem\",\"position\":1,\"name\":\"Home\",\"item\":\"https:\/\/www.gaveanews.com\/\"},{\"@type\":\"ListItem\",\"position\":2,\"name\":\"Decis\u00e3o da diretoria pode prejudicar o Vasco\"}]},{\"@type\":\"WebSite\",\"@id\":\"https:\/\/www.gaveanews.com\/#website\",\"url\":\"https:\/\/www.gaveanews.com\/\",\"name\":\"G\u00e1vea News\",\"description\":\"Veja todas as not\u00edcias sobre o Flamengo: Contrata\u00e7\u00f5es, categorias de base, resultados das partidas, tabela de classifica\u00e7\u00e3o, pr\u00f3ximos jogos!\",\"potentialAction\":[{\"@type\":\"SearchAction\",\"target\":{\"@type\":\"EntryPoint\",\"urlTemplate\":\"https:\/\/www.gaveanews.com\/?s={search_term_string}\"},\"query-input\":{\"@type\":\"PropertyValueSpecification\",\"valueRequired\":true,\"valueName\":\"search_term_string\"}}],\"inLanguage\":\"pt-BR\"},{\"@type\":\"Person\",\"@id\":\"https:\/\/www.gaveanews.com\/#\/schema\/person\/0eb3e3fe1754f0205218538adbe8f5ed\",\"name\":\"Rafaela Ladeira\",\"image\":{\"@type\":\"ImageObject\",\"inLanguage\":\"pt-BR\",\"@id\":\"https:\/\/www.gaveanews.com\/#\/schema\/person\/image\/\",\"url\":\"https:\/\/secure.gravatar.com\/avatar\/c31f513acffd85eacab5730cbdfdbbf59f21ba5aeada8cd890acea879fbb2455?s=96&d=mm&r=g\",\"contentUrl\":\"https:\/\/secure.gravatar.com\/avatar\/c31f513acffd85eacab5730cbdfdbbf59f21ba5aeada8cd890acea879fbb2455?s=96&d=mm&r=g\",\"caption\":\"Rafaela Ladeira\"}}]}<\/script>\n<!-- \/ Yoast SEO Premium plugin. -->","yoast_head_json":{"title":"Decis\u00e3o da diretoria pode prejudicar o Vasco","robots":{"index":"index","follow":"follow","max-snippet":"max-snippet:-1","max-image-preview":"max-image-preview:large","max-video-preview":"max-video-preview:-1"},"canonical":"https:\/\/www.gaveanews.com\/index.php\/2025\/03\/25\/decisao-da-diretoria-pode-prejudicar-o-vasco\/","og_locale":"pt_BR","og_type":"article","og_title":"Decis\u00e3o da diretoria pode prejudicar o Vasco","og_description":"O Vasco est\u00e1 prestes a enfrentar um desafio complicado no Campeonato Brasileiro. A diretoria optou por vender o mando de campo das partidas contra Palmeiras e Botafogo, que ser\u00e3o realizadas no Est\u00e1dio Man\u00e9 Garrincha, em Bras\u00edlia.&nbsp; No entanto, essa decis\u00e3o pode agravar uma sina que o clube carrega no local desde que o est\u00e1dio foi [&hellip;]","og_url":"https:\/\/www.gaveanews.com\/index.php\/2025\/03\/25\/decisao-da-diretoria-pode-prejudicar-o-vasco\/","og_site_name":"G\u00e1vea News","article_publisher":"https:\/\/facebook.com\/gaveaNews\/","article_published_time":"2025-03-25T21:00:00+00:00","og_image":[{"width":1024,"height":562,"url":"https:\/\/www.gaveanews.com\/wp-content\/uploads\/Pedrinho-presidente-do-Vasco.webp","type":"image\/jpeg"}],"author":"Rafaela Ladeira","twitter_card":"summary_large_image","twitter_misc":{"Escrito por":"Rafaela Ladeira","Est. tempo de leitura":"3 minutos"},"schema":{"@context":"https:\/\/schema.org","@graph":[{"@type":"NewsArticle","@id":"https:\/\/www.gaveanews.com\/index.php\/2025\/03\/25\/decisao-da-diretoria-pode-prejudicar-o-vasco\/#article","isPartOf":{"@id":"https:\/\/www.gaveanews.com\/index.php\/2025\/03\/25\/decisao-da-diretoria-pode-prejudicar-o-vasco\/"},"author":{"name":"Rafaela Ladeira","@id":"https:\/\/www.gaveanews.com\/#\/schema\/person\/0eb3e3fe1754f0205218538adbe8f5ed"},"headline":"Decis\u00e3o da diretoria pode prejudicar o Vasco","datePublished":"2025-03-25T21:00:00+00:00","mainEntityOfPage":{"@id":"https:\/\/www.gaveanews.com\/index.php\/2025\/03\/25\/decisao-da-diretoria-pode-prejudicar-o-vasco\/"},"wordCount":418,"commentCount":0,"image":{"@id":"https:\/\/www.gaveanews.com\/index.php\/2025\/03\/25\/decisao-da-diretoria-pode-prejudicar-o-vasco\/#primaryimage"},"thumbnailUrl":"https:\/\/www.gaveanews.com\/wp-content\/uploads\/Pedrinho-presidente-do-Vasco.webp","articleSection":["Vasco"],"inLanguage":"pt-BR","potentialAction":[{"@type":"CommentAction","name":"Comment","target":["https:\/\/www.gaveanews.com\/index.php\/2025\/03\/25\/decisao-da-diretoria-pode-prejudicar-o-vasco\/#respond"]}],"copyrightYear":"2025","copyrightHolder":{"@id":"https:\/\/www.gaveanews.com\/#organization"}},{"@type":"WebPage","@id":"https:\/\/www.gaveanews.com\/index.php\/2025\/03\/25\/decisao-da-diretoria-pode-prejudicar-o-vasco\/","url":"https:\/\/www.gaveanews.com\/index.php\/2025\/03\/25\/decisao-da-diretoria-pode-prejudicar-o-vasco\/","name":"Decis\u00e3o da diretoria pode prejudicar o Vasco","isPartOf":{"@id":"https:\/\/www.gaveanews.com\/#website"},"primaryImageOfPage":{"@id":"https:\/\/www.gaveanews.com\/index.php\/2025\/03\/25\/decisao-da-diretoria-pode-prejudicar-o-vasco\/#primaryimage"},"image":{"@id":"https:\/\/www.gaveanews.com\/index.php\/2025\/03\/25\/decisao-da-diretoria-pode-prejudicar-o-vasco\/#primaryimage"},"thumbnailUrl":"https:\/\/www.gaveanews.com\/wp-content\/uploads\/Pedrinho-presidente-do-Vasco.webp","datePublished":"2025-03-25T21:00:00+00:00","author":{"@id":"https:\/\/www.gaveanews.com\/#\/schema\/person\/0eb3e3fe1754f0205218538adbe8f5ed"},"breadcrumb":{"@id":"https:\/\/www.gaveanews.com\/index.php\/2025\/03\/25\/decisao-da-diretoria-pode-prejudicar-o-vasco\/#breadcrumb"},"inLanguage":"pt-BR","potentialAction":[{"@type":"ReadAction","target":["https:\/\/www.gaveanews.com\/index.php\/2025\/03\/25\/decisao-da-diretoria-pode-prejudicar-o-vasco\/"]}]},{"@type":"ImageObject","inLanguage":"pt-BR","@id":"https:\/\/www.gaveanews.com\/index.php\/2025\/03\/25\/decisao-da-diretoria-pode-prejudicar-o-vasco\/#primaryimage","url":"https:\/\/www.gaveanews.com\/wp-content\/uploads\/Pedrinho-presidente-do-Vasco.webp","contentUrl":"https:\/\/www.gaveanews.com\/wp-content\/uploads\/Pedrinho-presidente-do-Vasco.webp","width":1024,"height":562,"caption":"Pedrinho, presidente do Vasco (Foto: Reprodu\u00e7\u00e3o\/Vasco TV)"},{"@type":"BreadcrumbList","@id":"https:\/\/www.gaveanews.com\/index.php\/2025\/03\/25\/decisao-da-diretoria-pode-prejudicar-o-vasco\/#breadcrumb","itemListElement":[{"@type":"ListItem","position":1,"name":"Home","item":"https:\/\/www.gaveanews.com\/"},{"@type":"ListItem","position":2,"name":"Decis\u00e3o da diretoria pode prejudicar o Vasco"}]},{"@type":"WebSite","@id":"https:\/\/www.gaveanews.com\/#website","url":"https:\/\/www.gaveanews.com\/","name":"G\u00e1vea News","description":"Veja todas as not\u00edcias sobre o Flamengo: Contrata\u00e7\u00f5es, categorias de base, resultados das partidas, tabela de classifica\u00e7\u00e3o, pr\u00f3ximos jogos!","potentialAction":[{"@type":"SearchAction","target":{"@type":"EntryPoint","urlTemplate":"https:\/\/www.gaveanews.com\/?s={search_term_string}"},"query-input":{"@type":"PropertyValueSpecification","valueRequired":true,"valueName":"search_term_string"}}],"inLanguage":"pt-BR"},{"@type":"Person","@id":"https:\/\/www.gaveanews.com\/#\/schema\/person\/0eb3e3fe1754f0205218538adbe8f5ed","name":"Rafaela Ladeira","image":{"@type":"ImageObject","inLanguage":"pt-BR","@id":"https:\/\/www.gaveanews.com\/#\/schema\/person\/image\/","url":"https:\/\/secure.gravatar.com\/avatar\/c31f513acffd85eacab5730cbdfdbbf59f21ba5aeada8cd890acea879fbb2455?s=96&d=mm&r=g","contentUrl":"https:\/\/secure.gravatar.com\/avatar\/c31f513acffd85eacab5730cbdfdbbf59f21ba5aeada8cd890acea879fbb2455?s=96&d=mm&r=g","caption":"Rafaela Ladeira"}}]}},"_links":{"self":[{"href":"https:\/\/www.gaveanews.com\/index.php\/wp-json\/wp\/v2\/posts\/244555","targetHints":{"allow":["GET"]}}],"collection":[{"href":"https:\/\/www.gaveanews.com\/index.php\/wp-json\/wp\/v2\/posts"}],"about":[{"href":"https:\/\/www.gaveanews.com\/index.php\/wp-json\/wp\/v2\/types\/post"}],"author":[{"embeddable":true,"href":"https:\/\/www.gaveanews.com\/index.php\/wp-json\/wp\/v2\/users\/25"}],"replies":[{"embeddable":true,"href":"https:\/\/www.gaveanews.com\/index.php\/wp-json\/wp\/v2\/comments?post=244555"}],"version-history":[{"count":1,"href":"https:\/\/www.gaveanews.com\/index.php\/wp-json\/wp\/v2\/posts\/244555\/revisions"}],"predecessor-version":[{"id":244556,"href":"https:\/\/www.gaveanews.com\/index.php\/wp-json\/wp\/v2\/posts\/244555\/revisions\/244556"}],"wp:featuredmedia":[{"embeddable":true,"href":"https:\/\/www.gaveanews.com\/index.php\/wp-json\/wp\/v2\/media\/146559"}],"wp:attachment":[{"href":"https:\/\/www.gaveanews.com\/index.php\/wp-json\/wp\/v2\/media?parent=244555"}],"wp:term":[{"taxonomy":"category","embeddable":true,"href":"https:\/\/www.gaveanews.com\/index.php\/wp-json\/wp\/v2\/categories?post=244555"},{"taxonomy":"post_tag","embeddable":true,"href":"https:\/\/www.gaveanews.com\/index.php\/wp-json\/wp\/v2\/tags?post=244555"}],"curies":[{"name":"wp","href":"https:\/\/api.w.org\/{rel}","templated":true}]}}