{"id":244557,"date":"2025-03-25T18:05:00","date_gmt":"2025-03-25T21:05:00","guid":{"rendered":"https:\/\/www.gaveanews.com\/?p=244557"},"modified":"2025-04-10T12:32:20","modified_gmt":"2025-04-10T15:32:20","slug":"corinthians-ganha-amplo-destaque-na-europa","status":"publish","type":"post","link":"https:\/\/www.gaveanews.com\/index.php\/2025\/03\/25\/corinthians-ganha-amplo-destaque-na-europa\/","title":{"rendered":"Corinthians ganha amplo destaque na Europa"},"content":{"rendered":"\n<p>A chegada de Memphis Depay ao Corinthians n\u00e3o apenas movimentou os gramados brasileiros, mas tamb\u00e9m teve um impacto significativo nas buscas pela equipe, colocando o Tim\u00e3o entre as palavras mais pesquisadas na Holanda. O que causou esse fen\u00f4meno? Vamos entender o impacto da contrata\u00e7\u00e3o e como o jogador se tornou um verdadeiro \u00edcone, tanto em campo quanto fora dele.<\/p>\n\n\n\n<h2 class=\"wp-block-heading\" id=\"h-o-impacto-da-contratacao-de-memphis-depay\">O impacto da contrata\u00e7\u00e3o de Memphis Depay<\/h2>\n\n\n\n<figure class=\"wp-block-image size-large\"><img loading=\"lazy\" decoding=\"async\" width=\"913\" height=\"1024\" src=\"http:\/\/www.gaveanews.com\/wp-content\/uploads\/Memphis-Depay-pelo-Corinthians-913x1024.webp\" alt=\"\" class=\"wp-image-199280\" srcset=\"https:\/\/www.gaveanews.com\/wp-content\/uploads\/Memphis-Depay-pelo-Corinthians-913x1024.webp 913w, https:\/\/www.gaveanews.com\/wp-content\/uploads\/Memphis-Depay-pelo-Corinthians-268x300.webp 268w, https:\/\/www.gaveanews.com\/wp-content\/uploads\/Memphis-Depay-pelo-Corinthians-768x861.webp 768w, https:\/\/www.gaveanews.com\/wp-content\/uploads\/Memphis-Depay-pelo-Corinthians-375x420.webp 375w, https:\/\/www.gaveanews.com\/wp-content\/uploads\/Memphis-Depay-pelo-Corinthians-749x840.webp 749w, https:\/\/www.gaveanews.com\/wp-content\/uploads\/Memphis-Depay-pelo-Corinthians-640x718.webp 640w, https:\/\/www.gaveanews.com\/wp-content\/uploads\/Memphis-Depay-pelo-Corinthians-681x764.webp 681w, https:\/\/www.gaveanews.com\/wp-content\/uploads\/Memphis-Depay-pelo-Corinthians-100x112.webp 100w, https:\/\/www.gaveanews.com\/wp-content\/uploads\/Memphis-Depay-pelo-Corinthians.webp 1170w\" sizes=\"auto, (max-width: 913px) 100vw, 913px\" \/><figcaption class=\"wp-element-caption\">Memphis Depay pelo Corinthians  (Foto: Reprodu\u00e7\u00e3o\/Instagram Depay)<\/figcaption><\/figure>\n\n\n\n<p>Memphis Depay, com sua experi\u00eancia internacional e talento, rapidamente se tornou uma das maiores estrelas do Corinthians. Desde sua chegada, o atacante disputou 29 jogos pelo clube, marcando nove gols e somando 11 assist\u00eancias. Al\u00e9m disso, seu impacto foi sentido tamb\u00e9m fora das quatro linhas, mais especificamente nos motores de busca.<\/p>\n\n\n\n<p>De acordo com um estudo realizado pela Ag\u00eancia Conversion, as buscas pelo <a href=\"https:\/\/www.nike.com.br\/sc\/corinthians-nike\">Corinthians <\/a>aumentaram 1.300% na Holanda ap\u00f3s a contrata\u00e7\u00e3o do atacante. Antes disso, o time brasileiro praticamente n\u00e3o aparecia nas pesquisas do pa\u00eds. Com isso, o clube se viu em alta entre os holandeses, que agora acompanham de perto o desempenho de Depay no Brasil.<\/p>\n\n\n\n<h2 class=\"wp-block-heading\" id=\"h-o-efeito-memphis-depay-no-brasil\">O efeito Memphis Depay no Brasil<\/h2>\n\n\n\n<p>No Brasil, a presen\u00e7a do atacante tamb\u00e9m causou um grande aumento nas buscas. As pesquisas pelo nome de Memphis Depay cresceram impressionantes 643,65% entre 1\u00ba de agosto de 2024 e fevereiro de 2025, saltando de 90.500 para 673.000 buscas no Google. Isso porque a atua\u00e7\u00e3o de Depay no Corinthians atraiu a aten\u00e7\u00e3o de torcedores e imprensa, n\u00e3o apenas em territ\u00f3rio nacional, mas tamb\u00e9m internacionalmente.<\/p>\n\n\n\n<p>Sendo assim, a contrata\u00e7\u00e3o do holand\u00eas tamb\u00e9m tem gerado frutos para o pr\u00f3prio Corinthians, atraindo mais visibilidade para o clube e ampliando seu alcance globalmente.<\/p>\n\n\n\n<h2 class=\"wp-block-heading\" id=\"h-desempenho-de-memphis-e-convocacao-para-a-selecao\">Desempenho de Memphis e convoca\u00e7\u00e3o para a sele\u00e7\u00e3o<\/h2>\n\n\n\n<p>Vale destacar que Memphis Depay vive um bom momento na temporada de 2025. Com sete assist\u00eancias e dois gols em 15 jogos, o atacante tem sido uma pe\u00e7a fundamental no Corinthians. Seu bom desempenho tamb\u00e9m chamou a aten\u00e7\u00e3o do t\u00e9cnico Ronald Koeman, que o convocou para a Sele\u00e7\u00e3o Holandesa.<\/p>\n\n\n\n<p>Dessa maneira, Memphis continua brilhando tanto no Brasil quanto na Europa, consolidando-se como um dos principais jogadores do futebol mundial e, por isso, colocando o Corinthians no radar dos holandeses.<\/p>\n","protected":false},"excerpt":{"rendered":"<p>A chegada de Memphis Depay ao Corinthians n\u00e3o apenas movimentou os gramados brasileiros, mas tamb\u00e9m teve um impacto significativo nas buscas pela equipe, colocando o Tim\u00e3o entre as palavras mais pesquisadas na Holanda. O que causou esse fen\u00f4meno? Vamos entender o impacto da contrata\u00e7\u00e3o e como o jogador se tornou um verdadeiro \u00edcone, tanto em [&hellip;]<\/p>\n","protected":false},"author":24,"featured_media":154473,"comment_status":"open","ping_status":"closed","sticky":false,"template":"","format":"standard","meta":{"footnotes":""},"categories":[141],"tags":[],"class_list":["post-244557","post","type-post","status-publish","format-standard","has-post-thumbnail","hentry","category-corinthians"],"yoast_head":"<!-- This site is optimized with the Yoast SEO Premium plugin v24.2 (Yoast SEO v26.9) - https:\/\/yoast.com\/product\/yoast-seo-premium-wordpress\/ -->\n<title>Corinthians ganha amplo destaque na Europa<\/title>\n<meta name=\"robots\" content=\"index, follow, max-snippet:-1, max-image-preview:large, max-video-preview:-1\" \/>\n<link rel=\"canonical\" href=\"https:\/\/www.gaveanews.com\/index.php\/2025\/03\/25\/corinthians-ganha-amplo-destaque-na-europa\/\" \/>\n<meta property=\"og:locale\" content=\"pt_BR\" \/>\n<meta property=\"og:type\" content=\"article\" \/>\n<meta property=\"og:title\" content=\"Corinthians ganha amplo destaque na Europa\" \/>\n<meta property=\"og:description\" content=\"A chegada de Memphis Depay ao Corinthians n\u00e3o apenas movimentou os gramados brasileiros, mas tamb\u00e9m teve um impacto significativo nas buscas pela equipe, colocando o Tim\u00e3o entre as palavras mais pesquisadas na Holanda. O que causou esse fen\u00f4meno? Vamos entender o impacto da contrata\u00e7\u00e3o e como o jogador se tornou um verdadeiro \u00edcone, tanto em [&hellip;]\" \/>\n<meta property=\"og:url\" content=\"https:\/\/www.gaveanews.com\/index.php\/2025\/03\/25\/corinthians-ganha-amplo-destaque-na-europa\/\" \/>\n<meta property=\"og:site_name\" content=\"G\u00e1vea News\" \/>\n<meta property=\"article:publisher\" content=\"https:\/\/facebook.com\/gaveaNews\/\" \/>\n<meta property=\"article:published_time\" content=\"2025-03-25T21:05:00+00:00\" \/>\n<meta property=\"article:modified_time\" content=\"2025-04-10T15:32:20+00:00\" \/>\n<meta property=\"og:image\" content=\"http:\/\/www.gaveanews.com\/wp-content\/uploads\/Escudo-do-Corinthians-na-Neo-Quimica-Arena.webp\" \/>\n\t<meta property=\"og:image:width\" content=\"1440\" \/>\n\t<meta property=\"og:image:height\" content=\"959\" \/>\n\t<meta property=\"og:image:type\" content=\"image\/jpeg\" \/>\n<meta name=\"author\" content=\"Leandro Cardoso\" \/>\n<meta name=\"twitter:card\" content=\"summary_large_image\" \/>\n<meta name=\"twitter:label1\" content=\"Escrito por\" \/>\n\t<meta name=\"twitter:data1\" content=\"Leandro Cardoso\" \/>\n\t<meta name=\"twitter:label2\" content=\"Est. tempo de leitura\" \/>\n\t<meta name=\"twitter:data2\" content=\"3 minutos\" \/>\n<script type=\"application\/ld+json\" class=\"yoast-schema-graph\">{\"@context\":\"https:\/\/schema.org\",\"@graph\":[{\"@type\":\"NewsArticle\",\"@id\":\"https:\/\/www.gaveanews.com\/index.php\/2025\/03\/25\/corinthians-ganha-amplo-destaque-na-europa\/#article\",\"isPartOf\":{\"@id\":\"https:\/\/www.gaveanews.com\/index.php\/2025\/03\/25\/corinthians-ganha-amplo-destaque-na-europa\/\"},\"author\":{\"name\":\"Leandro Cardoso\",\"@id\":\"https:\/\/www.gaveanews.com\/#\/schema\/person\/2424ec6409bc3f068411fc5e4e9b6168\"},\"headline\":\"Corinthians ganha amplo destaque na Europa\",\"datePublished\":\"2025-03-25T21:05:00+00:00\",\"dateModified\":\"2025-04-10T15:32:20+00:00\",\"mainEntityOfPage\":{\"@id\":\"https:\/\/www.gaveanews.com\/index.php\/2025\/03\/25\/corinthians-ganha-amplo-destaque-na-europa\/\"},\"wordCount\":393,\"commentCount\":0,\"image\":{\"@id\":\"https:\/\/www.gaveanews.com\/index.php\/2025\/03\/25\/corinthians-ganha-amplo-destaque-na-europa\/#primaryimage\"},\"thumbnailUrl\":\"https:\/\/www.gaveanews.com\/wp-content\/uploads\/Escudo-do-Corinthians-na-Neo-Quimica-Arena.webp\",\"articleSection\":[\"Corinthians\"],\"inLanguage\":\"pt-BR\",\"potentialAction\":[{\"@type\":\"CommentAction\",\"name\":\"Comment\",\"target\":[\"https:\/\/www.gaveanews.com\/index.php\/2025\/03\/25\/corinthians-ganha-amplo-destaque-na-europa\/#respond\"]}],\"copyrightYear\":\"2025\",\"copyrightHolder\":{\"@id\":\"https:\/\/www.gaveanews.com\/#organization\"}},{\"@type\":\"WebPage\",\"@id\":\"https:\/\/www.gaveanews.com\/index.php\/2025\/03\/25\/corinthians-ganha-amplo-destaque-na-europa\/\",\"url\":\"https:\/\/www.gaveanews.com\/index.php\/2025\/03\/25\/corinthians-ganha-amplo-destaque-na-europa\/\",\"name\":\"Corinthians ganha amplo destaque na Europa\",\"isPartOf\":{\"@id\":\"https:\/\/www.gaveanews.com\/#website\"},\"primaryImageOfPage\":{\"@id\":\"https:\/\/www.gaveanews.com\/index.php\/2025\/03\/25\/corinthians-ganha-amplo-destaque-na-europa\/#primaryimage\"},\"image\":{\"@id\":\"https:\/\/www.gaveanews.com\/index.php\/2025\/03\/25\/corinthians-ganha-amplo-destaque-na-europa\/#primaryimage\"},\"thumbnailUrl\":\"https:\/\/www.gaveanews.com\/wp-content\/uploads\/Escudo-do-Corinthians-na-Neo-Quimica-Arena.webp\",\"datePublished\":\"2025-03-25T21:05:00+00:00\",\"dateModified\":\"2025-04-10T15:32:20+00:00\",\"author\":{\"@id\":\"https:\/\/www.gaveanews.com\/#\/schema\/person\/2424ec6409bc3f068411fc5e4e9b6168\"},\"breadcrumb\":{\"@id\":\"https:\/\/www.gaveanews.com\/index.php\/2025\/03\/25\/corinthians-ganha-amplo-destaque-na-europa\/#breadcrumb\"},\"inLanguage\":\"pt-BR\",\"potentialAction\":[{\"@type\":\"ReadAction\",\"target\":[\"https:\/\/www.gaveanews.com\/index.php\/2025\/03\/25\/corinthians-ganha-amplo-destaque-na-europa\/\"]}]},{\"@type\":\"ImageObject\",\"inLanguage\":\"pt-BR\",\"@id\":\"https:\/\/www.gaveanews.com\/index.php\/2025\/03\/25\/corinthians-ganha-amplo-destaque-na-europa\/#primaryimage\",\"url\":\"https:\/\/www.gaveanews.com\/wp-content\/uploads\/Escudo-do-Corinthians-na-Neo-Quimica-Arena.webp\",\"contentUrl\":\"https:\/\/www.gaveanews.com\/wp-content\/uploads\/Escudo-do-Corinthians-na-Neo-Quimica-Arena.webp\",\"width\":1440,\"height\":959,\"caption\":\"Escudo do Corinthians na N\u00e9o Qu\u00edmica Arena (Foto Reprodu\u00e7\u00e3o\/Instagram)\"},{\"@type\":\"BreadcrumbList\",\"@id\":\"https:\/\/www.gaveanews.com\/index.php\/2025\/03\/25\/corinthians-ganha-amplo-destaque-na-europa\/#breadcrumb\",\"itemListElement\":[{\"@type\":\"ListItem\",\"position\":1,\"name\":\"Home\",\"item\":\"https:\/\/www.gaveanews.com\/\"},{\"@type\":\"ListItem\",\"position\":2,\"name\":\"Corinthians ganha amplo destaque na Europa\"}]},{\"@type\":\"WebSite\",\"@id\":\"https:\/\/www.gaveanews.com\/#website\",\"url\":\"https:\/\/www.gaveanews.com\/\",\"name\":\"G\u00e1vea News\",\"description\":\"Veja todas as not\u00edcias sobre o Flamengo: Contrata\u00e7\u00f5es, categorias de base, resultados das partidas, tabela de classifica\u00e7\u00e3o, pr\u00f3ximos jogos!\",\"potentialAction\":[{\"@type\":\"SearchAction\",\"target\":{\"@type\":\"EntryPoint\",\"urlTemplate\":\"https:\/\/www.gaveanews.com\/?s={search_term_string}\"},\"query-input\":{\"@type\":\"PropertyValueSpecification\",\"valueRequired\":true,\"valueName\":\"search_term_string\"}}],\"inLanguage\":\"pt-BR\"},{\"@type\":\"Person\",\"@id\":\"https:\/\/www.gaveanews.com\/#\/schema\/person\/2424ec6409bc3f068411fc5e4e9b6168\",\"name\":\"Leandro Cardoso\",\"image\":{\"@type\":\"ImageObject\",\"inLanguage\":\"pt-BR\",\"@id\":\"https:\/\/www.gaveanews.com\/#\/schema\/person\/image\/\",\"url\":\"https:\/\/secure.gravatar.com\/avatar\/8ca179f9b55eefe9f376f5493ef25475bfa59fbc28ce937f6076ce20e523098f?s=96&d=mm&r=g\",\"contentUrl\":\"https:\/\/secure.gravatar.com\/avatar\/8ca179f9b55eefe9f376f5493ef25475bfa59fbc28ce937f6076ce20e523098f?s=96&d=mm&r=g\",\"caption\":\"Leandro Cardoso\"}}]}<\/script>\n<!-- \/ Yoast SEO Premium plugin. -->","yoast_head_json":{"title":"Corinthians ganha amplo destaque na Europa","robots":{"index":"index","follow":"follow","max-snippet":"max-snippet:-1","max-image-preview":"max-image-preview:large","max-video-preview":"max-video-preview:-1"},"canonical":"https:\/\/www.gaveanews.com\/index.php\/2025\/03\/25\/corinthians-ganha-amplo-destaque-na-europa\/","og_locale":"pt_BR","og_type":"article","og_title":"Corinthians ganha amplo destaque na Europa","og_description":"A chegada de Memphis Depay ao Corinthians n\u00e3o apenas movimentou os gramados brasileiros, mas tamb\u00e9m teve um impacto significativo nas buscas pela equipe, colocando o Tim\u00e3o entre as palavras mais pesquisadas na Holanda. O que causou esse fen\u00f4meno? Vamos entender o impacto da contrata\u00e7\u00e3o e como o jogador se tornou um verdadeiro \u00edcone, tanto em [&hellip;]","og_url":"https:\/\/www.gaveanews.com\/index.php\/2025\/03\/25\/corinthians-ganha-amplo-destaque-na-europa\/","og_site_name":"G\u00e1vea News","article_publisher":"https:\/\/facebook.com\/gaveaNews\/","article_published_time":"2025-03-25T21:05:00+00:00","article_modified_time":"2025-04-10T15:32:20+00:00","og_image":[{"width":1440,"height":959,"url":"http:\/\/www.gaveanews.com\/wp-content\/uploads\/Escudo-do-Corinthians-na-Neo-Quimica-Arena.webp","type":"image\/jpeg"}],"author":"Leandro Cardoso","twitter_card":"summary_large_image","twitter_misc":{"Escrito por":"Leandro Cardoso","Est. tempo de leitura":"3 minutos"},"schema":{"@context":"https:\/\/schema.org","@graph":[{"@type":"NewsArticle","@id":"https:\/\/www.gaveanews.com\/index.php\/2025\/03\/25\/corinthians-ganha-amplo-destaque-na-europa\/#article","isPartOf":{"@id":"https:\/\/www.gaveanews.com\/index.php\/2025\/03\/25\/corinthians-ganha-amplo-destaque-na-europa\/"},"author":{"name":"Leandro Cardoso","@id":"https:\/\/www.gaveanews.com\/#\/schema\/person\/2424ec6409bc3f068411fc5e4e9b6168"},"headline":"Corinthians ganha amplo destaque na Europa","datePublished":"2025-03-25T21:05:00+00:00","dateModified":"2025-04-10T15:32:20+00:00","mainEntityOfPage":{"@id":"https:\/\/www.gaveanews.com\/index.php\/2025\/03\/25\/corinthians-ganha-amplo-destaque-na-europa\/"},"wordCount":393,"commentCount":0,"image":{"@id":"https:\/\/www.gaveanews.com\/index.php\/2025\/03\/25\/corinthians-ganha-amplo-destaque-na-europa\/#primaryimage"},"thumbnailUrl":"https:\/\/www.gaveanews.com\/wp-content\/uploads\/Escudo-do-Corinthians-na-Neo-Quimica-Arena.webp","articleSection":["Corinthians"],"inLanguage":"pt-BR","potentialAction":[{"@type":"CommentAction","name":"Comment","target":["https:\/\/www.gaveanews.com\/index.php\/2025\/03\/25\/corinthians-ganha-amplo-destaque-na-europa\/#respond"]}],"copyrightYear":"2025","copyrightHolder":{"@id":"https:\/\/www.gaveanews.com\/#organization"}},{"@type":"WebPage","@id":"https:\/\/www.gaveanews.com\/index.php\/2025\/03\/25\/corinthians-ganha-amplo-destaque-na-europa\/","url":"https:\/\/www.gaveanews.com\/index.php\/2025\/03\/25\/corinthians-ganha-amplo-destaque-na-europa\/","name":"Corinthians ganha amplo destaque na Europa","isPartOf":{"@id":"https:\/\/www.gaveanews.com\/#website"},"primaryImageOfPage":{"@id":"https:\/\/www.gaveanews.com\/index.php\/2025\/03\/25\/corinthians-ganha-amplo-destaque-na-europa\/#primaryimage"},"image":{"@id":"https:\/\/www.gaveanews.com\/index.php\/2025\/03\/25\/corinthians-ganha-amplo-destaque-na-europa\/#primaryimage"},"thumbnailUrl":"https:\/\/www.gaveanews.com\/wp-content\/uploads\/Escudo-do-Corinthians-na-Neo-Quimica-Arena.webp","datePublished":"2025-03-25T21:05:00+00:00","dateModified":"2025-04-10T15:32:20+00:00","author":{"@id":"https:\/\/www.gaveanews.com\/#\/schema\/person\/2424ec6409bc3f068411fc5e4e9b6168"},"breadcrumb":{"@id":"https:\/\/www.gaveanews.com\/index.php\/2025\/03\/25\/corinthians-ganha-amplo-destaque-na-europa\/#breadcrumb"},"inLanguage":"pt-BR","potentialAction":[{"@type":"ReadAction","target":["https:\/\/www.gaveanews.com\/index.php\/2025\/03\/25\/corinthians-ganha-amplo-destaque-na-europa\/"]}]},{"@type":"ImageObject","inLanguage":"pt-BR","@id":"https:\/\/www.gaveanews.com\/index.php\/2025\/03\/25\/corinthians-ganha-amplo-destaque-na-europa\/#primaryimage","url":"https:\/\/www.gaveanews.com\/wp-content\/uploads\/Escudo-do-Corinthians-na-Neo-Quimica-Arena.webp","contentUrl":"https:\/\/www.gaveanews.com\/wp-content\/uploads\/Escudo-do-Corinthians-na-Neo-Quimica-Arena.webp","width":1440,"height":959,"caption":"Escudo do Corinthians na N\u00e9o Qu\u00edmica Arena (Foto Reprodu\u00e7\u00e3o\/Instagram)"},{"@type":"BreadcrumbList","@id":"https:\/\/www.gaveanews.com\/index.php\/2025\/03\/25\/corinthians-ganha-amplo-destaque-na-europa\/#breadcrumb","itemListElement":[{"@type":"ListItem","position":1,"name":"Home","item":"https:\/\/www.gaveanews.com\/"},{"@type":"ListItem","position":2,"name":"Corinthians ganha amplo destaque na Europa"}]},{"@type":"WebSite","@id":"https:\/\/www.gaveanews.com\/#website","url":"https:\/\/www.gaveanews.com\/","name":"G\u00e1vea News","description":"Veja todas as not\u00edcias sobre o Flamengo: Contrata\u00e7\u00f5es, categorias de base, resultados das partidas, tabela de classifica\u00e7\u00e3o, pr\u00f3ximos jogos!","potentialAction":[{"@type":"SearchAction","target":{"@type":"EntryPoint","urlTemplate":"https:\/\/www.gaveanews.com\/?s={search_term_string}"},"query-input":{"@type":"PropertyValueSpecification","valueRequired":true,"valueName":"search_term_string"}}],"inLanguage":"pt-BR"},{"@type":"Person","@id":"https:\/\/www.gaveanews.com\/#\/schema\/person\/2424ec6409bc3f068411fc5e4e9b6168","name":"Leandro Cardoso","image":{"@type":"ImageObject","inLanguage":"pt-BR","@id":"https:\/\/www.gaveanews.com\/#\/schema\/person\/image\/","url":"https:\/\/secure.gravatar.com\/avatar\/8ca179f9b55eefe9f376f5493ef25475bfa59fbc28ce937f6076ce20e523098f?s=96&d=mm&r=g","contentUrl":"https:\/\/secure.gravatar.com\/avatar\/8ca179f9b55eefe9f376f5493ef25475bfa59fbc28ce937f6076ce20e523098f?s=96&d=mm&r=g","caption":"Leandro Cardoso"}}]}},"_links":{"self":[{"href":"https:\/\/www.gaveanews.com\/index.php\/wp-json\/wp\/v2\/posts\/244557","targetHints":{"allow":["GET"]}}],"collection":[{"href":"https:\/\/www.gaveanews.com\/index.php\/wp-json\/wp\/v2\/posts"}],"about":[{"href":"https:\/\/www.gaveanews.com\/index.php\/wp-json\/wp\/v2\/types\/post"}],"author":[{"embeddable":true,"href":"https:\/\/www.gaveanews.com\/index.php\/wp-json\/wp\/v2\/users\/24"}],"replies":[{"embeddable":true,"href":"https:\/\/www.gaveanews.com\/index.php\/wp-json\/wp\/v2\/comments?post=244557"}],"version-history":[{"count":3,"href":"https:\/\/www.gaveanews.com\/index.php\/wp-json\/wp\/v2\/posts\/244557\/revisions"}],"predecessor-version":[{"id":251655,"href":"https:\/\/www.gaveanews.com\/index.php\/wp-json\/wp\/v2\/posts\/244557\/revisions\/251655"}],"wp:featuredmedia":[{"embeddable":true,"href":"https:\/\/www.gaveanews.com\/index.php\/wp-json\/wp\/v2\/media\/154473"}],"wp:attachment":[{"href":"https:\/\/www.gaveanews.com\/index.php\/wp-json\/wp\/v2\/media?parent=244557"}],"wp:term":[{"taxonomy":"category","embeddable":true,"href":"https:\/\/www.gaveanews.com\/index.php\/wp-json\/wp\/v2\/categories?post=244557"},{"taxonomy":"post_tag","embeddable":true,"href":"https:\/\/www.gaveanews.com\/index.php\/wp-json\/wp\/v2\/tags?post=244557"}],"curies":[{"name":"wp","href":"https:\/\/api.w.org\/{rel}","templated":true}]}}