{"id":244560,"date":"2025-03-25T18:10:00","date_gmt":"2025-03-25T21:10:00","guid":{"rendered":"https:\/\/www.gaveanews.com\/?p=244560"},"modified":"2025-03-26T15:37:14","modified_gmt":"2025-03-26T18:37:14","slug":"vasco-toma-atitude-importante-visando-o-classico-com-o-flamengo","status":"publish","type":"post","link":"https:\/\/www.gaveanews.com\/index.php\/2025\/03\/25\/vasco-toma-atitude-importante-visando-o-classico-com-o-flamengo\/","title":{"rendered":"Vasco toma atitude importante visando o cl\u00e1ssico com o Flamengo"},"content":{"rendered":"\n<p>Ap\u00f3s a elimina\u00e7\u00e3o no Campeonato Carioca, o <a href=\"https:\/\/vasconoticias.com.br\/\">Vasco <\/a>agora concentra suas for\u00e7as nos desafios que marcam a sequ\u00eancia da temporada, com a estreia no Campeonato Brasileiro, a Copa Sul-Americana e a terceira fase da Copa do Brasil se aproximando.\u00a0<\/p>\n\n\n\n<p>No entanto, \u00e9 no confronto contra o Flamengo que o clube deposita grande parte de suas aten\u00e7\u00f5es, especialmente pela possibilidade de jogar o cl\u00e1ssico em S\u00e3o Janu\u00e1rio, algo que, at\u00e9 agora, tem sido um grande objetivo da diretoria vasca\u00edna.<\/p>\n\n\n\n<h2 class=\"wp-block-heading\" id=\"h-o-desejo-de-jogar-em-sao-januario\">O desejo de jogar em S\u00e3o Janu\u00e1rio<\/h2>\n\n\n\n<figure class=\"wp-block-image size-full\"><img loading=\"lazy\" decoding=\"async\" width=\"1024\" height=\"562\" src=\"http:\/\/www.gaveanews.com\/wp-content\/uploads\/Pedrinho-presidente-do-Vasco.webp\" alt=\"\" class=\"wp-image-146559\" srcset=\"https:\/\/www.gaveanews.com\/wp-content\/uploads\/Pedrinho-presidente-do-Vasco.webp 1024w, https:\/\/www.gaveanews.com\/wp-content\/uploads\/Pedrinho-presidente-do-Vasco-300x165.webp 300w, https:\/\/www.gaveanews.com\/wp-content\/uploads\/Pedrinho-presidente-do-Vasco-768x422.webp 768w, https:\/\/www.gaveanews.com\/wp-content\/uploads\/Pedrinho-presidente-do-Vasco-765x420.webp 765w, https:\/\/www.gaveanews.com\/wp-content\/uploads\/Pedrinho-presidente-do-Vasco-640x350.webp 640w, https:\/\/www.gaveanews.com\/wp-content\/uploads\/Pedrinho-presidente-do-Vasco-681x374.webp 681w, https:\/\/www.gaveanews.com\/wp-content\/uploads\/Pedrinho-presidente-do-Vasco-1022x562.webp 1022w, https:\/\/www.gaveanews.com\/wp-content\/uploads\/Pedrinho-presidente-do-Vasco-100x55.webp 100w\" sizes=\"auto, (max-width: 1024px) 100vw, 1024px\" \/><figcaption class=\"wp-element-caption\">Pedrinho, presidente do Vasco (Foto: Reprodu\u00e7\u00e3o\/Vasco TV)<\/figcaption><\/figure>\n\n\n\n<p>Ao contr\u00e1rio do estadual, onde o clube n\u00e3o teve sucesso ao tentar mandar o cl\u00e1ssico contra o Flamengo em S\u00e3o Janu\u00e1rio, o Vasco est\u00e1 confiante de que poder\u00e1 realizar o confronto no seu est\u00e1dio, em abril, durante a quinta rodada do Campeonato Brasileiro.&nbsp;<\/p>\n\n\n\n<p>A dire\u00e7\u00e3o do clube j\u00e1 acionou o Batalh\u00e3o Especial de Policiamento em Est\u00e1dios (Bepe) para avaliar a possibilidade de receber o maior rival em seus dom\u00ednios, algo que foi vetado durante as semifinais do Carioca devido \u00e0 postura da Pol\u00edcia Militar.&nbsp;<\/p>\n\n\n\n<p>Sendo assim, o Cruzmaltino busca agora alternativas, otimista ap\u00f3s o sinal verde das autoridades de seguran\u00e7a.<\/p>\n\n\n\n<p>Isso porque o Maracan\u00e3, que seria a op\u00e7\u00e3o principal, estar\u00e1 indispon\u00edvel devido a um evento religioso da Igreja Universal do Reino de Deus na Sexta-feira Santa, que impede a realiza\u00e7\u00e3o do jogo no local no dia 19 de abril.&nbsp;<\/p>\n\n\n\n<p>Portanto, S\u00e3o Janu\u00e1rio se torna a principal prioridade do clube, que j\u00e1 movimenta seus bastidores para garantir que o duelo aconte\u00e7a na casa vasca\u00edna.<\/p>\n\n\n\n<h2 class=\"wp-block-heading\" id=\"h-expectativa-para-o-campeonato-brasileiro-e-copa-do-brasil\">Expectativa para o Campeonato Brasileiro e Copa do Brasil<\/h2>\n\n\n\n<p>Al\u00e9m disso, o Vasco tamb\u00e9m est\u00e1 se preparando para a estreia no Campeonato Brasileiro e a Copa Sul-Americana, competi\u00e7\u00f5es que prometem ser desafiadoras. O time tamb\u00e9m ter\u00e1 que enfrentar a terceira fase da Copa do Brasil, mas o advers\u00e1rio ainda n\u00e3o foi definido.<\/p>\n\n\n\n<p>Vale destacar que o Vasco j\u00e1 demonstra uma an\u00e1lise cuidadosa do calend\u00e1rio, se preparando para os jogos mais dif\u00edceis e importantes, como o cl\u00e1ssico contra o Flamengo, e est\u00e1 otimista em rela\u00e7\u00e3o \u00e0 execu\u00e7\u00e3o de seu planejamento.&nbsp;<\/p>\n\n\n\n<p>Com isso, a temporada promete momentos decisivos para o clube, que espera construir uma trajet\u00f3ria mais s\u00f3lida nas competi\u00e7\u00f5es nacionais.<\/p>\n","protected":false},"excerpt":{"rendered":"<p>Ap\u00f3s a elimina\u00e7\u00e3o no Campeonato Carioca, o Vasco agora concentra suas for\u00e7as nos desafios que marcam a sequ\u00eancia da temporada, com a estreia no Campeonato Brasileiro, a Copa Sul-Americana e a terceira fase da Copa do Brasil se aproximando.\u00a0 No entanto, \u00e9 no confronto contra o Flamengo que o clube deposita grande parte de suas [&hellip;]<\/p>\n","protected":false},"author":25,"featured_media":147443,"comment_status":"open","ping_status":"closed","sticky":false,"template":"","format":"standard","meta":{"footnotes":""},"categories":[152],"tags":[],"class_list":["post-244560","post","type-post","status-publish","format-standard","has-post-thumbnail","hentry","category-vasco"],"yoast_head":"<!-- This site is optimized with the Yoast SEO Premium plugin v24.2 (Yoast SEO v26.9) - https:\/\/yoast.com\/product\/yoast-seo-premium-wordpress\/ -->\n<title>Vasco toma atitude importante visando o cl\u00e1ssico com o Flamengo<\/title>\n<meta name=\"robots\" content=\"index, follow, max-snippet:-1, max-image-preview:large, max-video-preview:-1\" \/>\n<link rel=\"canonical\" href=\"https:\/\/www.gaveanews.com\/index.php\/2025\/03\/25\/vasco-toma-atitude-importante-visando-o-classico-com-o-flamengo\/\" \/>\n<meta property=\"og:locale\" content=\"pt_BR\" \/>\n<meta property=\"og:type\" content=\"article\" \/>\n<meta property=\"og:title\" content=\"Vasco toma atitude importante visando o cl\u00e1ssico com o Flamengo\" \/>\n<meta property=\"og:description\" content=\"Ap\u00f3s a elimina\u00e7\u00e3o no Campeonato Carioca, o Vasco agora concentra suas for\u00e7as nos desafios que marcam a sequ\u00eancia da temporada, com a estreia no Campeonato Brasileiro, a Copa Sul-Americana e a terceira fase da Copa do Brasil se aproximando.\u00a0 No entanto, \u00e9 no confronto contra o Flamengo que o clube deposita grande parte de suas [&hellip;]\" \/>\n<meta property=\"og:url\" content=\"https:\/\/www.gaveanews.com\/index.php\/2025\/03\/25\/vasco-toma-atitude-importante-visando-o-classico-com-o-flamengo\/\" \/>\n<meta property=\"og:site_name\" content=\"G\u00e1vea News\" \/>\n<meta property=\"article:publisher\" content=\"https:\/\/facebook.com\/gaveaNews\/\" \/>\n<meta property=\"article:published_time\" content=\"2025-03-25T21:10:00+00:00\" \/>\n<meta property=\"article:modified_time\" content=\"2025-03-26T18:37:14+00:00\" \/>\n<meta property=\"og:image\" content=\"http:\/\/www.gaveanews.com\/wp-content\/uploads\/Camisa-do-Vasco-da-Gama.webp\" \/>\n\t<meta property=\"og:image:width\" content=\"1440\" \/>\n\t<meta property=\"og:image:height\" content=\"960\" \/>\n\t<meta property=\"og:image:type\" content=\"image\/jpeg\" \/>\n<meta name=\"author\" content=\"Rafaela Ladeira\" \/>\n<meta name=\"twitter:card\" content=\"summary_large_image\" \/>\n<meta name=\"twitter:label1\" content=\"Escrito por\" \/>\n\t<meta name=\"twitter:data1\" content=\"Rafaela Ladeira\" \/>\n\t<meta name=\"twitter:label2\" content=\"Est. tempo de leitura\" \/>\n\t<meta name=\"twitter:data2\" content=\"3 minutos\" \/>\n<script type=\"application\/ld+json\" class=\"yoast-schema-graph\">{\"@context\":\"https:\/\/schema.org\",\"@graph\":[{\"@type\":\"NewsArticle\",\"@id\":\"https:\/\/www.gaveanews.com\/index.php\/2025\/03\/25\/vasco-toma-atitude-importante-visando-o-classico-com-o-flamengo\/#article\",\"isPartOf\":{\"@id\":\"https:\/\/www.gaveanews.com\/index.php\/2025\/03\/25\/vasco-toma-atitude-importante-visando-o-classico-com-o-flamengo\/\"},\"author\":{\"name\":\"Rafaela Ladeira\",\"@id\":\"https:\/\/www.gaveanews.com\/#\/schema\/person\/0eb3e3fe1754f0205218538adbe8f5ed\"},\"headline\":\"Vasco toma atitude importante visando o cl\u00e1ssico com o Flamengo\",\"datePublished\":\"2025-03-25T21:10:00+00:00\",\"dateModified\":\"2025-03-26T18:37:14+00:00\",\"mainEntityOfPage\":{\"@id\":\"https:\/\/www.gaveanews.com\/index.php\/2025\/03\/25\/vasco-toma-atitude-importante-visando-o-classico-com-o-flamengo\/\"},\"wordCount\":423,\"commentCount\":0,\"image\":{\"@id\":\"https:\/\/www.gaveanews.com\/index.php\/2025\/03\/25\/vasco-toma-atitude-importante-visando-o-classico-com-o-flamengo\/#primaryimage\"},\"thumbnailUrl\":\"https:\/\/www.gaveanews.com\/wp-content\/uploads\/Camisa-do-Vasco-da-Gama.webp\",\"articleSection\":[\"Vasco\"],\"inLanguage\":\"pt-BR\",\"potentialAction\":[{\"@type\":\"CommentAction\",\"name\":\"Comment\",\"target\":[\"https:\/\/www.gaveanews.com\/index.php\/2025\/03\/25\/vasco-toma-atitude-importante-visando-o-classico-com-o-flamengo\/#respond\"]}],\"copyrightYear\":\"2025\",\"copyrightHolder\":{\"@id\":\"https:\/\/www.gaveanews.com\/#organization\"}},{\"@type\":\"WebPage\",\"@id\":\"https:\/\/www.gaveanews.com\/index.php\/2025\/03\/25\/vasco-toma-atitude-importante-visando-o-classico-com-o-flamengo\/\",\"url\":\"https:\/\/www.gaveanews.com\/index.php\/2025\/03\/25\/vasco-toma-atitude-importante-visando-o-classico-com-o-flamengo\/\",\"name\":\"Vasco toma atitude importante visando o cl\u00e1ssico com o Flamengo\",\"isPartOf\":{\"@id\":\"https:\/\/www.gaveanews.com\/#website\"},\"primaryImageOfPage\":{\"@id\":\"https:\/\/www.gaveanews.com\/index.php\/2025\/03\/25\/vasco-toma-atitude-importante-visando-o-classico-com-o-flamengo\/#primaryimage\"},\"image\":{\"@id\":\"https:\/\/www.gaveanews.com\/index.php\/2025\/03\/25\/vasco-toma-atitude-importante-visando-o-classico-com-o-flamengo\/#primaryimage\"},\"thumbnailUrl\":\"https:\/\/www.gaveanews.com\/wp-content\/uploads\/Camisa-do-Vasco-da-Gama.webp\",\"datePublished\":\"2025-03-25T21:10:00+00:00\",\"dateModified\":\"2025-03-26T18:37:14+00:00\",\"author\":{\"@id\":\"https:\/\/www.gaveanews.com\/#\/schema\/person\/0eb3e3fe1754f0205218538adbe8f5ed\"},\"breadcrumb\":{\"@id\":\"https:\/\/www.gaveanews.com\/index.php\/2025\/03\/25\/vasco-toma-atitude-importante-visando-o-classico-com-o-flamengo\/#breadcrumb\"},\"inLanguage\":\"pt-BR\",\"potentialAction\":[{\"@type\":\"ReadAction\",\"target\":[\"https:\/\/www.gaveanews.com\/index.php\/2025\/03\/25\/vasco-toma-atitude-importante-visando-o-classico-com-o-flamengo\/\"]}]},{\"@type\":\"ImageObject\",\"inLanguage\":\"pt-BR\",\"@id\":\"https:\/\/www.gaveanews.com\/index.php\/2025\/03\/25\/vasco-toma-atitude-importante-visando-o-classico-com-o-flamengo\/#primaryimage\",\"url\":\"https:\/\/www.gaveanews.com\/wp-content\/uploads\/Camisa-do-Vasco-da-Gama.webp\",\"contentUrl\":\"https:\/\/www.gaveanews.com\/wp-content\/uploads\/Camisa-do-Vasco-da-Gama.webp\",\"width\":1440,\"height\":960,\"caption\":\"Camisa do Vasco da Gama (Foto: Reprodu\u00e7\u00e3o\/Instagram)\"},{\"@type\":\"BreadcrumbList\",\"@id\":\"https:\/\/www.gaveanews.com\/index.php\/2025\/03\/25\/vasco-toma-atitude-importante-visando-o-classico-com-o-flamengo\/#breadcrumb\",\"itemListElement\":[{\"@type\":\"ListItem\",\"position\":1,\"name\":\"Home\",\"item\":\"https:\/\/www.gaveanews.com\/\"},{\"@type\":\"ListItem\",\"position\":2,\"name\":\"Vasco toma atitude importante visando o cl\u00e1ssico com o Flamengo\"}]},{\"@type\":\"WebSite\",\"@id\":\"https:\/\/www.gaveanews.com\/#website\",\"url\":\"https:\/\/www.gaveanews.com\/\",\"name\":\"G\u00e1vea News\",\"description\":\"Veja todas as not\u00edcias sobre o Flamengo: Contrata\u00e7\u00f5es, categorias de base, resultados das partidas, tabela de classifica\u00e7\u00e3o, pr\u00f3ximos jogos!\",\"potentialAction\":[{\"@type\":\"SearchAction\",\"target\":{\"@type\":\"EntryPoint\",\"urlTemplate\":\"https:\/\/www.gaveanews.com\/?s={search_term_string}\"},\"query-input\":{\"@type\":\"PropertyValueSpecification\",\"valueRequired\":true,\"valueName\":\"search_term_string\"}}],\"inLanguage\":\"pt-BR\"},{\"@type\":\"Person\",\"@id\":\"https:\/\/www.gaveanews.com\/#\/schema\/person\/0eb3e3fe1754f0205218538adbe8f5ed\",\"name\":\"Rafaela Ladeira\",\"image\":{\"@type\":\"ImageObject\",\"inLanguage\":\"pt-BR\",\"@id\":\"https:\/\/www.gaveanews.com\/#\/schema\/person\/image\/\",\"url\":\"https:\/\/secure.gravatar.com\/avatar\/c31f513acffd85eacab5730cbdfdbbf59f21ba5aeada8cd890acea879fbb2455?s=96&d=mm&r=g\",\"contentUrl\":\"https:\/\/secure.gravatar.com\/avatar\/c31f513acffd85eacab5730cbdfdbbf59f21ba5aeada8cd890acea879fbb2455?s=96&d=mm&r=g\",\"caption\":\"Rafaela Ladeira\"}}]}<\/script>\n<!-- \/ Yoast SEO Premium plugin. -->","yoast_head_json":{"title":"Vasco toma atitude importante visando o cl\u00e1ssico com o Flamengo","robots":{"index":"index","follow":"follow","max-snippet":"max-snippet:-1","max-image-preview":"max-image-preview:large","max-video-preview":"max-video-preview:-1"},"canonical":"https:\/\/www.gaveanews.com\/index.php\/2025\/03\/25\/vasco-toma-atitude-importante-visando-o-classico-com-o-flamengo\/","og_locale":"pt_BR","og_type":"article","og_title":"Vasco toma atitude importante visando o cl\u00e1ssico com o Flamengo","og_description":"Ap\u00f3s a elimina\u00e7\u00e3o no Campeonato Carioca, o Vasco agora concentra suas for\u00e7as nos desafios que marcam a sequ\u00eancia da temporada, com a estreia no Campeonato Brasileiro, a Copa Sul-Americana e a terceira fase da Copa do Brasil se aproximando.\u00a0 No entanto, \u00e9 no confronto contra o Flamengo que o clube deposita grande parte de suas [&hellip;]","og_url":"https:\/\/www.gaveanews.com\/index.php\/2025\/03\/25\/vasco-toma-atitude-importante-visando-o-classico-com-o-flamengo\/","og_site_name":"G\u00e1vea News","article_publisher":"https:\/\/facebook.com\/gaveaNews\/","article_published_time":"2025-03-25T21:10:00+00:00","article_modified_time":"2025-03-26T18:37:14+00:00","og_image":[{"width":1440,"height":960,"url":"http:\/\/www.gaveanews.com\/wp-content\/uploads\/Camisa-do-Vasco-da-Gama.webp","type":"image\/jpeg"}],"author":"Rafaela Ladeira","twitter_card":"summary_large_image","twitter_misc":{"Escrito por":"Rafaela Ladeira","Est. tempo de leitura":"3 minutos"},"schema":{"@context":"https:\/\/schema.org","@graph":[{"@type":"NewsArticle","@id":"https:\/\/www.gaveanews.com\/index.php\/2025\/03\/25\/vasco-toma-atitude-importante-visando-o-classico-com-o-flamengo\/#article","isPartOf":{"@id":"https:\/\/www.gaveanews.com\/index.php\/2025\/03\/25\/vasco-toma-atitude-importante-visando-o-classico-com-o-flamengo\/"},"author":{"name":"Rafaela Ladeira","@id":"https:\/\/www.gaveanews.com\/#\/schema\/person\/0eb3e3fe1754f0205218538adbe8f5ed"},"headline":"Vasco toma atitude importante visando o cl\u00e1ssico com o Flamengo","datePublished":"2025-03-25T21:10:00+00:00","dateModified":"2025-03-26T18:37:14+00:00","mainEntityOfPage":{"@id":"https:\/\/www.gaveanews.com\/index.php\/2025\/03\/25\/vasco-toma-atitude-importante-visando-o-classico-com-o-flamengo\/"},"wordCount":423,"commentCount":0,"image":{"@id":"https:\/\/www.gaveanews.com\/index.php\/2025\/03\/25\/vasco-toma-atitude-importante-visando-o-classico-com-o-flamengo\/#primaryimage"},"thumbnailUrl":"https:\/\/www.gaveanews.com\/wp-content\/uploads\/Camisa-do-Vasco-da-Gama.webp","articleSection":["Vasco"],"inLanguage":"pt-BR","potentialAction":[{"@type":"CommentAction","name":"Comment","target":["https:\/\/www.gaveanews.com\/index.php\/2025\/03\/25\/vasco-toma-atitude-importante-visando-o-classico-com-o-flamengo\/#respond"]}],"copyrightYear":"2025","copyrightHolder":{"@id":"https:\/\/www.gaveanews.com\/#organization"}},{"@type":"WebPage","@id":"https:\/\/www.gaveanews.com\/index.php\/2025\/03\/25\/vasco-toma-atitude-importante-visando-o-classico-com-o-flamengo\/","url":"https:\/\/www.gaveanews.com\/index.php\/2025\/03\/25\/vasco-toma-atitude-importante-visando-o-classico-com-o-flamengo\/","name":"Vasco toma atitude importante visando o cl\u00e1ssico com o Flamengo","isPartOf":{"@id":"https:\/\/www.gaveanews.com\/#website"},"primaryImageOfPage":{"@id":"https:\/\/www.gaveanews.com\/index.php\/2025\/03\/25\/vasco-toma-atitude-importante-visando-o-classico-com-o-flamengo\/#primaryimage"},"image":{"@id":"https:\/\/www.gaveanews.com\/index.php\/2025\/03\/25\/vasco-toma-atitude-importante-visando-o-classico-com-o-flamengo\/#primaryimage"},"thumbnailUrl":"https:\/\/www.gaveanews.com\/wp-content\/uploads\/Camisa-do-Vasco-da-Gama.webp","datePublished":"2025-03-25T21:10:00+00:00","dateModified":"2025-03-26T18:37:14+00:00","author":{"@id":"https:\/\/www.gaveanews.com\/#\/schema\/person\/0eb3e3fe1754f0205218538adbe8f5ed"},"breadcrumb":{"@id":"https:\/\/www.gaveanews.com\/index.php\/2025\/03\/25\/vasco-toma-atitude-importante-visando-o-classico-com-o-flamengo\/#breadcrumb"},"inLanguage":"pt-BR","potentialAction":[{"@type":"ReadAction","target":["https:\/\/www.gaveanews.com\/index.php\/2025\/03\/25\/vasco-toma-atitude-importante-visando-o-classico-com-o-flamengo\/"]}]},{"@type":"ImageObject","inLanguage":"pt-BR","@id":"https:\/\/www.gaveanews.com\/index.php\/2025\/03\/25\/vasco-toma-atitude-importante-visando-o-classico-com-o-flamengo\/#primaryimage","url":"https:\/\/www.gaveanews.com\/wp-content\/uploads\/Camisa-do-Vasco-da-Gama.webp","contentUrl":"https:\/\/www.gaveanews.com\/wp-content\/uploads\/Camisa-do-Vasco-da-Gama.webp","width":1440,"height":960,"caption":"Camisa do Vasco da Gama (Foto: Reprodu\u00e7\u00e3o\/Instagram)"},{"@type":"BreadcrumbList","@id":"https:\/\/www.gaveanews.com\/index.php\/2025\/03\/25\/vasco-toma-atitude-importante-visando-o-classico-com-o-flamengo\/#breadcrumb","itemListElement":[{"@type":"ListItem","position":1,"name":"Home","item":"https:\/\/www.gaveanews.com\/"},{"@type":"ListItem","position":2,"name":"Vasco toma atitude importante visando o cl\u00e1ssico com o Flamengo"}]},{"@type":"WebSite","@id":"https:\/\/www.gaveanews.com\/#website","url":"https:\/\/www.gaveanews.com\/","name":"G\u00e1vea News","description":"Veja todas as not\u00edcias sobre o Flamengo: Contrata\u00e7\u00f5es, categorias de base, resultados das partidas, tabela de classifica\u00e7\u00e3o, pr\u00f3ximos jogos!","potentialAction":[{"@type":"SearchAction","target":{"@type":"EntryPoint","urlTemplate":"https:\/\/www.gaveanews.com\/?s={search_term_string}"},"query-input":{"@type":"PropertyValueSpecification","valueRequired":true,"valueName":"search_term_string"}}],"inLanguage":"pt-BR"},{"@type":"Person","@id":"https:\/\/www.gaveanews.com\/#\/schema\/person\/0eb3e3fe1754f0205218538adbe8f5ed","name":"Rafaela Ladeira","image":{"@type":"ImageObject","inLanguage":"pt-BR","@id":"https:\/\/www.gaveanews.com\/#\/schema\/person\/image\/","url":"https:\/\/secure.gravatar.com\/avatar\/c31f513acffd85eacab5730cbdfdbbf59f21ba5aeada8cd890acea879fbb2455?s=96&d=mm&r=g","contentUrl":"https:\/\/secure.gravatar.com\/avatar\/c31f513acffd85eacab5730cbdfdbbf59f21ba5aeada8cd890acea879fbb2455?s=96&d=mm&r=g","caption":"Rafaela Ladeira"}}]}},"_links":{"self":[{"href":"https:\/\/www.gaveanews.com\/index.php\/wp-json\/wp\/v2\/posts\/244560","targetHints":{"allow":["GET"]}}],"collection":[{"href":"https:\/\/www.gaveanews.com\/index.php\/wp-json\/wp\/v2\/posts"}],"about":[{"href":"https:\/\/www.gaveanews.com\/index.php\/wp-json\/wp\/v2\/types\/post"}],"author":[{"embeddable":true,"href":"https:\/\/www.gaveanews.com\/index.php\/wp-json\/wp\/v2\/users\/25"}],"replies":[{"embeddable":true,"href":"https:\/\/www.gaveanews.com\/index.php\/wp-json\/wp\/v2\/comments?post=244560"}],"version-history":[{"count":2,"href":"https:\/\/www.gaveanews.com\/index.php\/wp-json\/wp\/v2\/posts\/244560\/revisions"}],"predecessor-version":[{"id":245002,"href":"https:\/\/www.gaveanews.com\/index.php\/wp-json\/wp\/v2\/posts\/244560\/revisions\/245002"}],"wp:featuredmedia":[{"embeddable":true,"href":"https:\/\/www.gaveanews.com\/index.php\/wp-json\/wp\/v2\/media\/147443"}],"wp:attachment":[{"href":"https:\/\/www.gaveanews.com\/index.php\/wp-json\/wp\/v2\/media?parent=244560"}],"wp:term":[{"taxonomy":"category","embeddable":true,"href":"https:\/\/www.gaveanews.com\/index.php\/wp-json\/wp\/v2\/categories?post=244560"},{"taxonomy":"post_tag","embeddable":true,"href":"https:\/\/www.gaveanews.com\/index.php\/wp-json\/wp\/v2\/tags?post=244560"}],"curies":[{"name":"wp","href":"https:\/\/api.w.org\/{rel}","templated":true}]}}