{"id":244570,"date":"2025-03-25T18:40:00","date_gmt":"2025-03-25T21:40:00","guid":{"rendered":"https:\/\/www.gaveanews.com\/?p=244570"},"modified":"2025-03-25T16:23:53","modified_gmt":"2025-03-25T19:23:53","slug":"flamengo-tera-reforco-entre-os-pre-inscritos-para-o-super-mundial","status":"publish","type":"post","link":"https:\/\/www.gaveanews.com\/index.php\/2025\/03\/25\/flamengo-tera-reforco-entre-os-pre-inscritos-para-o-super-mundial\/","title":{"rendered":"Flamengo ter\u00e1 refor\u00e7o entre os pr\u00e9-inscritos para o Super Mundial"},"content":{"rendered":"\n<p>O Flamengo come\u00e7a a se preparar para a grande disputa no Mundial de Clubes da Fifa, que ocorrer\u00e1 em junho nos Estados Unidos. Al\u00e9m de planejar a log\u00edstica e a estrat\u00e9gia para a competi\u00e7\u00e3o, o clube j\u00e1 se adianta na prepara\u00e7\u00e3o da lista de jogadores para o torneio. Um nome de peso, Pedro, est\u00e1 entre os pr\u00e9-inscritos, o que garante sua chance de participar da disputa, mesmo que ainda n\u00e3o tenha recuperado 100% de sua forma f\u00edsica.<\/p>\n\n\n\n<h2 class=\"wp-block-heading\" id=\"h-a-importancia-da-pre-inscricao-e-os-preparativos-para-o-mundial\">A import\u00e2ncia da pr\u00e9-inscri\u00e7\u00e3o e os preparativos para o Mundial<\/h2>\n\n\n\n<figure class=\"wp-block-image size-large\"><img loading=\"lazy\" decoding=\"async\" width=\"1024\" height=\"683\" src=\"http:\/\/www.gaveanews.com\/wp-content\/uploads\/Filipe-Luis-como-tecnico-do-Flamengo-em-2024-1024x683.webp\" alt=\"\" class=\"wp-image-171213\" srcset=\"https:\/\/www.gaveanews.com\/wp-content\/uploads\/Filipe-Luis-como-tecnico-do-Flamengo-em-2024-1024x683.webp 1024w, https:\/\/www.gaveanews.com\/wp-content\/uploads\/Filipe-Luis-como-tecnico-do-Flamengo-em-2024-300x200.webp 300w, https:\/\/www.gaveanews.com\/wp-content\/uploads\/Filipe-Luis-como-tecnico-do-Flamengo-em-2024-768x512.webp 768w, https:\/\/www.gaveanews.com\/wp-content\/uploads\/Filipe-Luis-como-tecnico-do-Flamengo-em-2024-630x420.webp 630w, https:\/\/www.gaveanews.com\/wp-content\/uploads\/Filipe-Luis-como-tecnico-do-Flamengo-em-2024-640x427.webp 640w, https:\/\/www.gaveanews.com\/wp-content\/uploads\/Filipe-Luis-como-tecnico-do-Flamengo-em-2024-681x454.webp 681w, https:\/\/www.gaveanews.com\/wp-content\/uploads\/Filipe-Luis-como-tecnico-do-Flamengo-em-2024-100x67.webp 100w, https:\/\/www.gaveanews.com\/wp-content\/uploads\/Filipe-Luis-como-tecnico-do-Flamengo-em-2024.webp 1065w\" sizes=\"auto, (max-width: 1024px) 100vw, 1024px\" \/><figcaption class=\"wp-element-caption\">Filipe Lu\u00eds como t\u00e9cnico do Flamengo em 2024 (Foto: Gilvan de Souza e Marcelo Cortes \/ CRF)<\/figcaption><\/figure>\n\n\n\n<p>Com o in\u00edcio da competi\u00e7\u00e3o marcado para 16 de junho, o Flamengo precisa enviar \u00e0 Fifa uma lista preliminar com 50 jogadores. A pr\u00e9-inscri\u00e7\u00e3o \u00e9 fundamental, pois os atletas que n\u00e3o constarem nela n\u00e3o poder\u00e3o ser convocados para a lista final, que incluir\u00e1 entre 26 e 35 jogadores. Sendo assim, mesmo que Pedro ainda n\u00e3o esteja totalmente pronto para jogar, ele ser\u00e1 inclu\u00eddo na lista de pr\u00e9-inscritos para garantir sua participa\u00e7\u00e3o na competi\u00e7\u00e3o.<\/p>\n\n\n\n<p>Vale destacar que a lista de 50 atletas precisa conter pelo menos quatro goleiros, e na lista final, esse n\u00famero ser\u00e1 reduzido para tr\u00eas. Por isso, o Flamengo j\u00e1 est\u00e1 ajustando os nomes que far\u00e3o parte dessa rela\u00e7\u00e3o inicial, incluindo, \u00e9 claro, o centroavante, que \u00e9 uma pe\u00e7a chave no time rubro-negro.<\/p>\n\n\n\n<h2 class=\"wp-block-heading\" id=\"h-recuperacao-de-pedro\">Recupera\u00e7\u00e3o de Pedro<\/h2>\n\n\n\n<figure class=\"wp-block-image size-full\"><img loading=\"lazy\" decoding=\"async\" width=\"1200\" height=\"750\" src=\"http:\/\/www.gaveanews.com\/wp-content\/uploads\/Pedro-posa-para-foto-com-a-medalha-de-campeao-do-Campeonato-Carioca-de-2025.webp\" alt=\"\" class=\"wp-image-240726\"\/><figcaption class=\"wp-element-caption\">Pedro posa para foto com a medalha de campe\u00e3o do Campeonato Carioca de 2025 (Foto: Gilvan de Souza\/Flamengo)<\/figcaption><\/figure>\n\n\n\n<p>A recupera\u00e7\u00e3o de Pedro \u00e9 um dos pontos que t\u00eam gerado expectativas. Ap\u00f3s meses de reabilita\u00e7\u00e3o, o atacante j\u00e1 come\u00e7ou a treinar no campo e fez progressos significativos. <\/p>\n\n\n\n<p>&#8220;Segue o planejamento de recupera\u00e7\u00e3o estabelecido pelo Departamento M\u00e9dico, j\u00e1 realizando trabalhos com a prepara\u00e7\u00e3o f\u00edsica h\u00e1 um m\u00eas&#8221;, informou o Flamengo. <\/p>\n\n\n\n<p>Em fevereiro, o jogador fez exerc\u00edcios de coordena\u00e7\u00e3o de movimentos e participou de atividades como dribles em estacas e futev\u00f4lei, atividades que indicam sua evolu\u00e7\u00e3o positiva.<\/p>\n\n\n\n<p>Com isso, Pedro se aproxima cada vez mais de sua volta aos gramados, o que \u00e9 um al\u00edvio para a torcida e para a comiss\u00e3o t\u00e9cnica. A presen\u00e7a dele no Mundial ser\u00e1 fundamental para a disputa, caso continue sua recupera\u00e7\u00e3o de forma satisfat\u00f3ria.<\/p>\n\n\n\n<h2 class=\"wp-block-heading\" id=\"h-o-caminho-do-flamengo-no-mundial-de-clubes\">O caminho do Flamengo no Mundial de Clubes<\/h2>\n\n\n\n<p>A estreia do Flamengo no Mundial de Clubes ser\u00e1 no dia 16 de junho, contra o Esp\u00e9rance-TUN, na Filad\u00e9lfia, \u00e0s 22h (hor\u00e1rio de Bras\u00edlia). O segundo confronto, por sua vez, coloca o Flamengo frente a frente com o Chelsea, tamb\u00e9m na Filad\u00e9lfia, com hor\u00e1rio marcado para as 15h.<\/p>\n\n\n\n<p>Cabe ressaltar que o terceiro jogo da fase de grupos, originalmente contra o L\u00e9on-MEX, foi afetado pela exclus\u00e3o da equipe mexicana da competi\u00e7\u00e3o. Agora, o Flamengo aguarda a defini\u00e7\u00e3o de quem ser\u00e1 o substituto do time exclu\u00eddo pela Fifa, decis\u00e3o que ser\u00e1 anunciada oportunamente.<\/p>\n\n\n\n<p>Portanto, a prepara\u00e7\u00e3o do Flamengo para o Mundial segue a todo vapor, com o retorno de Pedro sendo uma das grandes esperan\u00e7as da torcida para o sucesso na competi\u00e7\u00e3o internacional.<\/p>\n","protected":false},"excerpt":{"rendered":"<p>O Flamengo come\u00e7a a se preparar para a grande disputa no Mundial de Clubes da Fifa, que ocorrer\u00e1 em junho nos Estados Unidos. Al\u00e9m de planejar a log\u00edstica e a estrat\u00e9gia para a competi\u00e7\u00e3o, o clube j\u00e1 se adianta na prepara\u00e7\u00e3o da lista de jogadores para o torneio. Um nome de peso, Pedro, est\u00e1 entre [&hellip;]<\/p>\n","protected":false},"author":24,"featured_media":122174,"comment_status":"open","ping_status":"closed","sticky":false,"template":"","format":"standard","meta":{"footnotes":""},"categories":[1],"tags":[],"class_list":["post-244570","post","type-post","status-publish","format-standard","has-post-thumbnail","hentry","category-flamengo"],"yoast_head":"<!-- This site is optimized with the Yoast SEO Premium plugin v24.2 (Yoast SEO v26.9) - https:\/\/yoast.com\/product\/yoast-seo-premium-wordpress\/ -->\n<title>Flamengo ter\u00e1 refor\u00e7o entre os pr\u00e9-inscritos para o Super Mundial<\/title>\n<meta name=\"robots\" content=\"index, follow, max-snippet:-1, max-image-preview:large, max-video-preview:-1\" \/>\n<link rel=\"canonical\" href=\"https:\/\/www.gaveanews.com\/index.php\/2025\/03\/25\/flamengo-tera-reforco-entre-os-pre-inscritos-para-o-super-mundial\/\" \/>\n<meta property=\"og:locale\" content=\"pt_BR\" \/>\n<meta property=\"og:type\" content=\"article\" \/>\n<meta property=\"og:title\" content=\"Flamengo ter\u00e1 refor\u00e7o entre os pr\u00e9-inscritos para o Super Mundial\" \/>\n<meta property=\"og:description\" content=\"O Flamengo come\u00e7a a se preparar para a grande disputa no Mundial de Clubes da Fifa, que ocorrer\u00e1 em junho nos Estados Unidos. Al\u00e9m de planejar a log\u00edstica e a estrat\u00e9gia para a competi\u00e7\u00e3o, o clube j\u00e1 se adianta na prepara\u00e7\u00e3o da lista de jogadores para o torneio. Um nome de peso, Pedro, est\u00e1 entre [&hellip;]\" \/>\n<meta property=\"og:url\" content=\"https:\/\/www.gaveanews.com\/index.php\/2025\/03\/25\/flamengo-tera-reforco-entre-os-pre-inscritos-para-o-super-mundial\/\" \/>\n<meta property=\"og:site_name\" content=\"G\u00e1vea News\" \/>\n<meta property=\"article:publisher\" content=\"https:\/\/facebook.com\/gaveaNews\/\" \/>\n<meta property=\"article:published_time\" content=\"2025-03-25T21:40:00+00:00\" \/>\n<meta property=\"og:image\" content=\"https:\/\/www.gaveanews.com\/wp-content\/uploads\/ninhodourubu.webp\" \/>\n\t<meta property=\"og:image:width\" content=\"1218\" \/>\n\t<meta property=\"og:image:height\" content=\"812\" \/>\n\t<meta property=\"og:image:type\" content=\"image\/webp\" \/>\n<meta name=\"author\" content=\"Leandro Cardoso\" \/>\n<meta name=\"twitter:card\" content=\"summary_large_image\" \/>\n<meta name=\"twitter:label1\" content=\"Escrito por\" \/>\n\t<meta name=\"twitter:data1\" content=\"Leandro Cardoso\" \/>\n\t<meta name=\"twitter:label2\" content=\"Est. tempo de leitura\" \/>\n\t<meta name=\"twitter:data2\" content=\"4 minutos\" \/>\n<script type=\"application\/ld+json\" class=\"yoast-schema-graph\">{\"@context\":\"https:\/\/schema.org\",\"@graph\":[{\"@type\":\"NewsArticle\",\"@id\":\"https:\/\/www.gaveanews.com\/index.php\/2025\/03\/25\/flamengo-tera-reforco-entre-os-pre-inscritos-para-o-super-mundial\/#article\",\"isPartOf\":{\"@id\":\"https:\/\/www.gaveanews.com\/index.php\/2025\/03\/25\/flamengo-tera-reforco-entre-os-pre-inscritos-para-o-super-mundial\/\"},\"author\":{\"name\":\"Leandro Cardoso\",\"@id\":\"https:\/\/www.gaveanews.com\/#\/schema\/person\/2424ec6409bc3f068411fc5e4e9b6168\"},\"headline\":\"Flamengo ter\u00e1 refor\u00e7o entre os pr\u00e9-inscritos para o Super Mundial\",\"datePublished\":\"2025-03-25T21:40:00+00:00\",\"mainEntityOfPage\":{\"@id\":\"https:\/\/www.gaveanews.com\/index.php\/2025\/03\/25\/flamengo-tera-reforco-entre-os-pre-inscritos-para-o-super-mundial\/\"},\"wordCount\":565,\"commentCount\":0,\"image\":{\"@id\":\"https:\/\/www.gaveanews.com\/index.php\/2025\/03\/25\/flamengo-tera-reforco-entre-os-pre-inscritos-para-o-super-mundial\/#primaryimage\"},\"thumbnailUrl\":\"https:\/\/www.gaveanews.com\/wp-content\/uploads\/ninhodourubu.webp\",\"articleSection\":[\"Flamengo\"],\"inLanguage\":\"pt-BR\",\"potentialAction\":[{\"@type\":\"CommentAction\",\"name\":\"Comment\",\"target\":[\"https:\/\/www.gaveanews.com\/index.php\/2025\/03\/25\/flamengo-tera-reforco-entre-os-pre-inscritos-para-o-super-mundial\/#respond\"]}],\"copyrightYear\":\"2025\",\"copyrightHolder\":{\"@id\":\"https:\/\/www.gaveanews.com\/#organization\"}},{\"@type\":\"WebPage\",\"@id\":\"https:\/\/www.gaveanews.com\/index.php\/2025\/03\/25\/flamengo-tera-reforco-entre-os-pre-inscritos-para-o-super-mundial\/\",\"url\":\"https:\/\/www.gaveanews.com\/index.php\/2025\/03\/25\/flamengo-tera-reforco-entre-os-pre-inscritos-para-o-super-mundial\/\",\"name\":\"Flamengo ter\u00e1 refor\u00e7o entre os pr\u00e9-inscritos para o Super Mundial\",\"isPartOf\":{\"@id\":\"https:\/\/www.gaveanews.com\/#website\"},\"primaryImageOfPage\":{\"@id\":\"https:\/\/www.gaveanews.com\/index.php\/2025\/03\/25\/flamengo-tera-reforco-entre-os-pre-inscritos-para-o-super-mundial\/#primaryimage\"},\"image\":{\"@id\":\"https:\/\/www.gaveanews.com\/index.php\/2025\/03\/25\/flamengo-tera-reforco-entre-os-pre-inscritos-para-o-super-mundial\/#primaryimage\"},\"thumbnailUrl\":\"https:\/\/www.gaveanews.com\/wp-content\/uploads\/ninhodourubu.webp\",\"datePublished\":\"2025-03-25T21:40:00+00:00\",\"author\":{\"@id\":\"https:\/\/www.gaveanews.com\/#\/schema\/person\/2424ec6409bc3f068411fc5e4e9b6168\"},\"breadcrumb\":{\"@id\":\"https:\/\/www.gaveanews.com\/index.php\/2025\/03\/25\/flamengo-tera-reforco-entre-os-pre-inscritos-para-o-super-mundial\/#breadcrumb\"},\"inLanguage\":\"pt-BR\",\"potentialAction\":[{\"@type\":\"ReadAction\",\"target\":[\"https:\/\/www.gaveanews.com\/index.php\/2025\/03\/25\/flamengo-tera-reforco-entre-os-pre-inscritos-para-o-super-mundial\/\"]}]},{\"@type\":\"ImageObject\",\"inLanguage\":\"pt-BR\",\"@id\":\"https:\/\/www.gaveanews.com\/index.php\/2025\/03\/25\/flamengo-tera-reforco-entre-os-pre-inscritos-para-o-super-mundial\/#primaryimage\",\"url\":\"https:\/\/www.gaveanews.com\/wp-content\/uploads\/ninhodourubu.webp\",\"contentUrl\":\"https:\/\/www.gaveanews.com\/wp-content\/uploads\/ninhodourubu.webp\",\"width\":1218,\"height\":812,\"caption\":\"Centro de treinamento do Flamengo (Foto: Reprodu\u00e7\u00e3o)\"},{\"@type\":\"BreadcrumbList\",\"@id\":\"https:\/\/www.gaveanews.com\/index.php\/2025\/03\/25\/flamengo-tera-reforco-entre-os-pre-inscritos-para-o-super-mundial\/#breadcrumb\",\"itemListElement\":[{\"@type\":\"ListItem\",\"position\":1,\"name\":\"Home\",\"item\":\"https:\/\/www.gaveanews.com\/\"},{\"@type\":\"ListItem\",\"position\":2,\"name\":\"Flamengo ter\u00e1 refor\u00e7o entre os pr\u00e9-inscritos para o Super Mundial\"}]},{\"@type\":\"WebSite\",\"@id\":\"https:\/\/www.gaveanews.com\/#website\",\"url\":\"https:\/\/www.gaveanews.com\/\",\"name\":\"G\u00e1vea News\",\"description\":\"Veja todas as not\u00edcias sobre o Flamengo: Contrata\u00e7\u00f5es, categorias de base, resultados das partidas, tabela de classifica\u00e7\u00e3o, pr\u00f3ximos jogos!\",\"potentialAction\":[{\"@type\":\"SearchAction\",\"target\":{\"@type\":\"EntryPoint\",\"urlTemplate\":\"https:\/\/www.gaveanews.com\/?s={search_term_string}\"},\"query-input\":{\"@type\":\"PropertyValueSpecification\",\"valueRequired\":true,\"valueName\":\"search_term_string\"}}],\"inLanguage\":\"pt-BR\"},{\"@type\":\"Person\",\"@id\":\"https:\/\/www.gaveanews.com\/#\/schema\/person\/2424ec6409bc3f068411fc5e4e9b6168\",\"name\":\"Leandro Cardoso\",\"image\":{\"@type\":\"ImageObject\",\"inLanguage\":\"pt-BR\",\"@id\":\"https:\/\/www.gaveanews.com\/#\/schema\/person\/image\/\",\"url\":\"https:\/\/secure.gravatar.com\/avatar\/8ca179f9b55eefe9f376f5493ef25475bfa59fbc28ce937f6076ce20e523098f?s=96&d=mm&r=g\",\"contentUrl\":\"https:\/\/secure.gravatar.com\/avatar\/8ca179f9b55eefe9f376f5493ef25475bfa59fbc28ce937f6076ce20e523098f?s=96&d=mm&r=g\",\"caption\":\"Leandro Cardoso\"}}]}<\/script>\n<!-- \/ Yoast SEO Premium plugin. -->","yoast_head_json":{"title":"Flamengo ter\u00e1 refor\u00e7o entre os pr\u00e9-inscritos para o Super Mundial","robots":{"index":"index","follow":"follow","max-snippet":"max-snippet:-1","max-image-preview":"max-image-preview:large","max-video-preview":"max-video-preview:-1"},"canonical":"https:\/\/www.gaveanews.com\/index.php\/2025\/03\/25\/flamengo-tera-reforco-entre-os-pre-inscritos-para-o-super-mundial\/","og_locale":"pt_BR","og_type":"article","og_title":"Flamengo ter\u00e1 refor\u00e7o entre os pr\u00e9-inscritos para o Super Mundial","og_description":"O Flamengo come\u00e7a a se preparar para a grande disputa no Mundial de Clubes da Fifa, que ocorrer\u00e1 em junho nos Estados Unidos. Al\u00e9m de planejar a log\u00edstica e a estrat\u00e9gia para a competi\u00e7\u00e3o, o clube j\u00e1 se adianta na prepara\u00e7\u00e3o da lista de jogadores para o torneio. Um nome de peso, Pedro, est\u00e1 entre [&hellip;]","og_url":"https:\/\/www.gaveanews.com\/index.php\/2025\/03\/25\/flamengo-tera-reforco-entre-os-pre-inscritos-para-o-super-mundial\/","og_site_name":"G\u00e1vea News","article_publisher":"https:\/\/facebook.com\/gaveaNews\/","article_published_time":"2025-03-25T21:40:00+00:00","og_image":[{"width":1218,"height":812,"url":"https:\/\/www.gaveanews.com\/wp-content\/uploads\/ninhodourubu.webp","type":"image\/webp"}],"author":"Leandro Cardoso","twitter_card":"summary_large_image","twitter_misc":{"Escrito por":"Leandro Cardoso","Est. tempo de leitura":"4 minutos"},"schema":{"@context":"https:\/\/schema.org","@graph":[{"@type":"NewsArticle","@id":"https:\/\/www.gaveanews.com\/index.php\/2025\/03\/25\/flamengo-tera-reforco-entre-os-pre-inscritos-para-o-super-mundial\/#article","isPartOf":{"@id":"https:\/\/www.gaveanews.com\/index.php\/2025\/03\/25\/flamengo-tera-reforco-entre-os-pre-inscritos-para-o-super-mundial\/"},"author":{"name":"Leandro Cardoso","@id":"https:\/\/www.gaveanews.com\/#\/schema\/person\/2424ec6409bc3f068411fc5e4e9b6168"},"headline":"Flamengo ter\u00e1 refor\u00e7o entre os pr\u00e9-inscritos para o Super Mundial","datePublished":"2025-03-25T21:40:00+00:00","mainEntityOfPage":{"@id":"https:\/\/www.gaveanews.com\/index.php\/2025\/03\/25\/flamengo-tera-reforco-entre-os-pre-inscritos-para-o-super-mundial\/"},"wordCount":565,"commentCount":0,"image":{"@id":"https:\/\/www.gaveanews.com\/index.php\/2025\/03\/25\/flamengo-tera-reforco-entre-os-pre-inscritos-para-o-super-mundial\/#primaryimage"},"thumbnailUrl":"https:\/\/www.gaveanews.com\/wp-content\/uploads\/ninhodourubu.webp","articleSection":["Flamengo"],"inLanguage":"pt-BR","potentialAction":[{"@type":"CommentAction","name":"Comment","target":["https:\/\/www.gaveanews.com\/index.php\/2025\/03\/25\/flamengo-tera-reforco-entre-os-pre-inscritos-para-o-super-mundial\/#respond"]}],"copyrightYear":"2025","copyrightHolder":{"@id":"https:\/\/www.gaveanews.com\/#organization"}},{"@type":"WebPage","@id":"https:\/\/www.gaveanews.com\/index.php\/2025\/03\/25\/flamengo-tera-reforco-entre-os-pre-inscritos-para-o-super-mundial\/","url":"https:\/\/www.gaveanews.com\/index.php\/2025\/03\/25\/flamengo-tera-reforco-entre-os-pre-inscritos-para-o-super-mundial\/","name":"Flamengo ter\u00e1 refor\u00e7o entre os pr\u00e9-inscritos para o Super Mundial","isPartOf":{"@id":"https:\/\/www.gaveanews.com\/#website"},"primaryImageOfPage":{"@id":"https:\/\/www.gaveanews.com\/index.php\/2025\/03\/25\/flamengo-tera-reforco-entre-os-pre-inscritos-para-o-super-mundial\/#primaryimage"},"image":{"@id":"https:\/\/www.gaveanews.com\/index.php\/2025\/03\/25\/flamengo-tera-reforco-entre-os-pre-inscritos-para-o-super-mundial\/#primaryimage"},"thumbnailUrl":"https:\/\/www.gaveanews.com\/wp-content\/uploads\/ninhodourubu.webp","datePublished":"2025-03-25T21:40:00+00:00","author":{"@id":"https:\/\/www.gaveanews.com\/#\/schema\/person\/2424ec6409bc3f068411fc5e4e9b6168"},"breadcrumb":{"@id":"https:\/\/www.gaveanews.com\/index.php\/2025\/03\/25\/flamengo-tera-reforco-entre-os-pre-inscritos-para-o-super-mundial\/#breadcrumb"},"inLanguage":"pt-BR","potentialAction":[{"@type":"ReadAction","target":["https:\/\/www.gaveanews.com\/index.php\/2025\/03\/25\/flamengo-tera-reforco-entre-os-pre-inscritos-para-o-super-mundial\/"]}]},{"@type":"ImageObject","inLanguage":"pt-BR","@id":"https:\/\/www.gaveanews.com\/index.php\/2025\/03\/25\/flamengo-tera-reforco-entre-os-pre-inscritos-para-o-super-mundial\/#primaryimage","url":"https:\/\/www.gaveanews.com\/wp-content\/uploads\/ninhodourubu.webp","contentUrl":"https:\/\/www.gaveanews.com\/wp-content\/uploads\/ninhodourubu.webp","width":1218,"height":812,"caption":"Centro de treinamento do Flamengo (Foto: Reprodu\u00e7\u00e3o)"},{"@type":"BreadcrumbList","@id":"https:\/\/www.gaveanews.com\/index.php\/2025\/03\/25\/flamengo-tera-reforco-entre-os-pre-inscritos-para-o-super-mundial\/#breadcrumb","itemListElement":[{"@type":"ListItem","position":1,"name":"Home","item":"https:\/\/www.gaveanews.com\/"},{"@type":"ListItem","position":2,"name":"Flamengo ter\u00e1 refor\u00e7o entre os pr\u00e9-inscritos para o Super Mundial"}]},{"@type":"WebSite","@id":"https:\/\/www.gaveanews.com\/#website","url":"https:\/\/www.gaveanews.com\/","name":"G\u00e1vea News","description":"Veja todas as not\u00edcias sobre o Flamengo: Contrata\u00e7\u00f5es, categorias de base, resultados das partidas, tabela de classifica\u00e7\u00e3o, pr\u00f3ximos jogos!","potentialAction":[{"@type":"SearchAction","target":{"@type":"EntryPoint","urlTemplate":"https:\/\/www.gaveanews.com\/?s={search_term_string}"},"query-input":{"@type":"PropertyValueSpecification","valueRequired":true,"valueName":"search_term_string"}}],"inLanguage":"pt-BR"},{"@type":"Person","@id":"https:\/\/www.gaveanews.com\/#\/schema\/person\/2424ec6409bc3f068411fc5e4e9b6168","name":"Leandro Cardoso","image":{"@type":"ImageObject","inLanguage":"pt-BR","@id":"https:\/\/www.gaveanews.com\/#\/schema\/person\/image\/","url":"https:\/\/secure.gravatar.com\/avatar\/8ca179f9b55eefe9f376f5493ef25475bfa59fbc28ce937f6076ce20e523098f?s=96&d=mm&r=g","contentUrl":"https:\/\/secure.gravatar.com\/avatar\/8ca179f9b55eefe9f376f5493ef25475bfa59fbc28ce937f6076ce20e523098f?s=96&d=mm&r=g","caption":"Leandro Cardoso"}}]}},"_links":{"self":[{"href":"https:\/\/www.gaveanews.com\/index.php\/wp-json\/wp\/v2\/posts\/244570","targetHints":{"allow":["GET"]}}],"collection":[{"href":"https:\/\/www.gaveanews.com\/index.php\/wp-json\/wp\/v2\/posts"}],"about":[{"href":"https:\/\/www.gaveanews.com\/index.php\/wp-json\/wp\/v2\/types\/post"}],"author":[{"embeddable":true,"href":"https:\/\/www.gaveanews.com\/index.php\/wp-json\/wp\/v2\/users\/24"}],"replies":[{"embeddable":true,"href":"https:\/\/www.gaveanews.com\/index.php\/wp-json\/wp\/v2\/comments?post=244570"}],"version-history":[{"count":1,"href":"https:\/\/www.gaveanews.com\/index.php\/wp-json\/wp\/v2\/posts\/244570\/revisions"}],"predecessor-version":[{"id":244574,"href":"https:\/\/www.gaveanews.com\/index.php\/wp-json\/wp\/v2\/posts\/244570\/revisions\/244574"}],"wp:featuredmedia":[{"embeddable":true,"href":"https:\/\/www.gaveanews.com\/index.php\/wp-json\/wp\/v2\/media\/122174"}],"wp:attachment":[{"href":"https:\/\/www.gaveanews.com\/index.php\/wp-json\/wp\/v2\/media?parent=244570"}],"wp:term":[{"taxonomy":"category","embeddable":true,"href":"https:\/\/www.gaveanews.com\/index.php\/wp-json\/wp\/v2\/categories?post=244570"},{"taxonomy":"post_tag","embeddable":true,"href":"https:\/\/www.gaveanews.com\/index.php\/wp-json\/wp\/v2\/tags?post=244570"}],"curies":[{"name":"wp","href":"https:\/\/api.w.org\/{rel}","templated":true}]}}