{"id":244573,"date":"2025-03-25T18:35:00","date_gmt":"2025-03-25T21:35:00","guid":{"rendered":"https:\/\/www.gaveanews.com\/?p=244573"},"modified":"2025-03-25T16:24:51","modified_gmt":"2025-03-25T19:24:51","slug":"a-declaracao-de-fellipe-bastos-sobre-a-temporada-do-vasco","status":"publish","type":"post","link":"https:\/\/www.gaveanews.com\/index.php\/2025\/03\/25\/a-declaracao-de-fellipe-bastos-sobre-a-temporada-do-vasco\/","title":{"rendered":"A declara\u00e7\u00e3o de Fellipe Bastos sobre a temporada do Vasco"},"content":{"rendered":"\n<p>O ex-volante Fellipe Bastos, atualmente atuando como comentarista esportivo, destacou a import\u00e2ncia de o Vasco adotar um planejamento mais estrat\u00e9gico para a temporada. Segundo ele, o clube deve direcionar seus esfor\u00e7os para as competi\u00e7\u00f5es de mata-mata, a fim de buscar estabilidade financeira e recuperar o prest\u00edgio junto \u00e0 sua torcida.<\/p>\n\n\n\n<p>\u201c\u00c9 preciso ser realista\u201d, afirmou Bastos, que conquistou a Copa do Brasil pelo clube em 2011. Conforme sua an\u00e1lise, o elenco cruz-maltino tem limita\u00e7\u00f5es em compara\u00e7\u00e3o a outros times da elite nacional. Assim sendo, as chances de protagonismo seriam maiores em torneios de menor dura\u00e7\u00e3o, como a Copa do Brasil e a Copa Sul-Americana.<\/p>\n\n\n\n<figure class=\"wp-block-image size-large\"><img loading=\"lazy\" decoding=\"async\" width=\"1024\" height=\"768\" src=\"http:\/\/www.gaveanews.com\/wp-content\/uploads\/Camisa-do-Vasco-2024-1024x768.webp\" alt=\"\" class=\"wp-image-161261\" srcset=\"https:\/\/www.gaveanews.com\/wp-content\/uploads\/Camisa-do-Vasco-2024-1024x768.webp 1024w, https:\/\/www.gaveanews.com\/wp-content\/uploads\/Camisa-do-Vasco-2024-300x225.webp 300w, https:\/\/www.gaveanews.com\/wp-content\/uploads\/Camisa-do-Vasco-2024-768x576.webp 768w, https:\/\/www.gaveanews.com\/wp-content\/uploads\/Camisa-do-Vasco-2024-560x420.webp 560w, https:\/\/www.gaveanews.com\/wp-content\/uploads\/Camisa-do-Vasco-2024-80x60.webp 80w, https:\/\/www.gaveanews.com\/wp-content\/uploads\/Camisa-do-Vasco-2024-160x120.webp 160w, https:\/\/www.gaveanews.com\/wp-content\/uploads\/Camisa-do-Vasco-2024-100x75.webp 100w, https:\/\/www.gaveanews.com\/wp-content\/uploads\/Camisa-do-Vasco-2024-200x150.webp 200w, https:\/\/www.gaveanews.com\/wp-content\/uploads\/Camisa-do-Vasco-2024-180x135.webp 180w, https:\/\/www.gaveanews.com\/wp-content\/uploads\/Camisa-do-Vasco-2024-360x270.webp 360w, https:\/\/www.gaveanews.com\/wp-content\/uploads\/Camisa-do-Vasco-2024-238x178.webp 238w, https:\/\/www.gaveanews.com\/wp-content\/uploads\/Camisa-do-Vasco-2024-476x356.webp 476w, https:\/\/www.gaveanews.com\/wp-content\/uploads\/Camisa-do-Vasco-2024-640x480.webp 640w, https:\/\/www.gaveanews.com\/wp-content\/uploads\/Camisa-do-Vasco-2024-681x511.webp 681w, https:\/\/www.gaveanews.com\/wp-content\/uploads\/Camisa-do-Vasco-2024.webp 1059w\" sizes=\"auto, (max-width: 1024px) 100vw, 1024px\" \/><figcaption class=\"wp-element-caption\">Camisa do Vasco 2024 (Foto: Reprodu\u00e7\u00e3o\/Instagram)<\/figcaption><\/figure>\n\n\n\n<p>O Vasco j\u00e1 garantiu vaga na terceira fase da Copa do Brasil e estreia na fase de grupos da Sul-Americana na primeira semana de abril. Para Bastos, essas duas frentes devem ser tratadas como prioridade no calend\u00e1rio. \u201cA Sul-Americana, mas tamb\u00e9m a Copa do Brasil, podem ser tamb\u00e9m um recuperar o f\u00f4lego financeiro para o clube, recuperar a confian\u00e7a do torcedor\u201d, destacou.<\/p>\n\n\n\n<p>Apesar do foco sugerido nas copas, o ex-jogador n\u00e3o ignora a import\u00e2ncia do Campeonato Brasileiro. \u201cFazer um Brasileiro sem sustos tamb\u00e9m \u00e9 importante\u201d, disse. Ele lembrou que o time teve tempo para se preparar ap\u00f3s o fim do Campeonato Carioca e que \u00e9 hora de mostrar o resultado desse trabalho em campo.<\/p>\n\n\n\n<p>Bastos tamb\u00e9m comentou sobre a atual administra\u00e7\u00e3o de Pedrinho, presidente do clube. Segundo ele, h\u00e1 sinais de reestrutura\u00e7\u00e3o importantes sendo implementados, ainda que os reflexos no desempenho esportivo levem mais tempo. \u201c\u00c9 um projeto que o Pedrinho entrou, de reestrutura\u00e7\u00e3o\u201d, pontuou. Ele criticou a forma como a SAF foi conduzida anteriormente e afirmou que a atual gest\u00e3o tenta corrigir os equ\u00edvocos.<\/p>\n\n\n\n<p>Para o ex-volante, a reconquista de t\u00edtulos passa por uma base s\u00f3lida fora das quatro linhas. \u201cA reestrutura\u00e7\u00e3o do Vasco precisa de algumas coisas que ele [Pedrinho] j\u00e1 vem fazendo e, logicamente, o futebol vai sofrer. E o torcedor, tamb\u00e9m\u201d, completou.<\/p>\n","protected":false},"excerpt":{"rendered":"<p>O ex-volante Fellipe Bastos, atualmente atuando como comentarista esportivo, destacou a import\u00e2ncia de o Vasco adotar um planejamento mais estrat\u00e9gico para a temporada. Segundo ele, o clube deve direcionar seus esfor\u00e7os para as competi\u00e7\u00f5es de mata-mata, a fim de buscar estabilidade financeira e recuperar o prest\u00edgio junto \u00e0 sua torcida. \u201c\u00c9 preciso ser realista\u201d, afirmou [&hellip;]<\/p>\n","protected":false},"author":27,"featured_media":147137,"comment_status":"open","ping_status":"closed","sticky":false,"template":"","format":"standard","meta":{"footnotes":""},"categories":[152],"tags":[],"class_list":["post-244573","post","type-post","status-publish","format-standard","has-post-thumbnail","hentry","category-vasco"],"yoast_head":"<!-- This site is optimized with the Yoast SEO Premium plugin v24.2 (Yoast SEO v26.9) - https:\/\/yoast.com\/product\/yoast-seo-premium-wordpress\/ -->\n<title>A declara\u00e7\u00e3o de Fellipe Bastos sobre a temporada do Vasco<\/title>\n<meta name=\"robots\" content=\"index, follow, max-snippet:-1, max-image-preview:large, max-video-preview:-1\" \/>\n<link rel=\"canonical\" href=\"https:\/\/www.gaveanews.com\/index.php\/2025\/03\/25\/a-declaracao-de-fellipe-bastos-sobre-a-temporada-do-vasco\/\" \/>\n<meta property=\"og:locale\" content=\"pt_BR\" \/>\n<meta property=\"og:type\" content=\"article\" \/>\n<meta property=\"og:title\" content=\"A declara\u00e7\u00e3o de Fellipe Bastos sobre a temporada do Vasco\" \/>\n<meta property=\"og:description\" content=\"O ex-volante Fellipe Bastos, atualmente atuando como comentarista esportivo, destacou a import\u00e2ncia de o Vasco adotar um planejamento mais estrat\u00e9gico para a temporada. Segundo ele, o clube deve direcionar seus esfor\u00e7os para as competi\u00e7\u00f5es de mata-mata, a fim de buscar estabilidade financeira e recuperar o prest\u00edgio junto \u00e0 sua torcida. \u201c\u00c9 preciso ser realista\u201d, afirmou [&hellip;]\" \/>\n<meta property=\"og:url\" content=\"https:\/\/www.gaveanews.com\/index.php\/2025\/03\/25\/a-declaracao-de-fellipe-bastos-sobre-a-temporada-do-vasco\/\" \/>\n<meta property=\"og:site_name\" content=\"G\u00e1vea News\" \/>\n<meta property=\"article:publisher\" content=\"https:\/\/facebook.com\/gaveaNews\/\" \/>\n<meta property=\"article:published_time\" content=\"2025-03-25T21:35:00+00:00\" \/>\n<meta property=\"og:image\" content=\"https:\/\/www.gaveanews.com\/wp-content\/uploads\/1557182039-vasco-x-gremio.webp\" \/>\n\t<meta property=\"og:image:width\" content=\"774\" \/>\n\t<meta property=\"og:image:height\" content=\"435\" \/>\n\t<meta property=\"og:image:type\" content=\"image\/webp\" \/>\n<meta name=\"author\" content=\"Matheus Felipe\" \/>\n<meta name=\"twitter:card\" content=\"summary_large_image\" \/>\n<meta name=\"twitter:label1\" content=\"Escrito por\" \/>\n\t<meta name=\"twitter:data1\" content=\"Matheus Felipe\" \/>\n\t<meta name=\"twitter:label2\" content=\"Est. tempo de leitura\" \/>\n\t<meta name=\"twitter:data2\" content=\"3 minutos\" \/>\n<script type=\"application\/ld+json\" class=\"yoast-schema-graph\">{\"@context\":\"https:\/\/schema.org\",\"@graph\":[{\"@type\":\"NewsArticle\",\"@id\":\"https:\/\/www.gaveanews.com\/index.php\/2025\/03\/25\/a-declaracao-de-fellipe-bastos-sobre-a-temporada-do-vasco\/#article\",\"isPartOf\":{\"@id\":\"https:\/\/www.gaveanews.com\/index.php\/2025\/03\/25\/a-declaracao-de-fellipe-bastos-sobre-a-temporada-do-vasco\/\"},\"author\":{\"name\":\"Matheus Felipe\",\"@id\":\"https:\/\/www.gaveanews.com\/#\/schema\/person\/8207cd4627f56151707418bfc835b2fb\"},\"headline\":\"A declara\u00e7\u00e3o de Fellipe Bastos sobre a temporada do Vasco\",\"datePublished\":\"2025-03-25T21:35:00+00:00\",\"mainEntityOfPage\":{\"@id\":\"https:\/\/www.gaveanews.com\/index.php\/2025\/03\/25\/a-declaracao-de-fellipe-bastos-sobre-a-temporada-do-vasco\/\"},\"wordCount\":360,\"commentCount\":0,\"image\":{\"@id\":\"https:\/\/www.gaveanews.com\/index.php\/2025\/03\/25\/a-declaracao-de-fellipe-bastos-sobre-a-temporada-do-vasco\/#primaryimage\"},\"thumbnailUrl\":\"https:\/\/www.gaveanews.com\/wp-content\/uploads\/1557182039-vasco-x-gremio.webp\",\"articleSection\":[\"Vasco\"],\"inLanguage\":\"pt-BR\",\"potentialAction\":[{\"@type\":\"CommentAction\",\"name\":\"Comment\",\"target\":[\"https:\/\/www.gaveanews.com\/index.php\/2025\/03\/25\/a-declaracao-de-fellipe-bastos-sobre-a-temporada-do-vasco\/#respond\"]}],\"copyrightYear\":\"2025\",\"copyrightHolder\":{\"@id\":\"https:\/\/www.gaveanews.com\/#organization\"}},{\"@type\":\"WebPage\",\"@id\":\"https:\/\/www.gaveanews.com\/index.php\/2025\/03\/25\/a-declaracao-de-fellipe-bastos-sobre-a-temporada-do-vasco\/\",\"url\":\"https:\/\/www.gaveanews.com\/index.php\/2025\/03\/25\/a-declaracao-de-fellipe-bastos-sobre-a-temporada-do-vasco\/\",\"name\":\"A declara\u00e7\u00e3o de Fellipe Bastos sobre a temporada do Vasco\",\"isPartOf\":{\"@id\":\"https:\/\/www.gaveanews.com\/#website\"},\"primaryImageOfPage\":{\"@id\":\"https:\/\/www.gaveanews.com\/index.php\/2025\/03\/25\/a-declaracao-de-fellipe-bastos-sobre-a-temporada-do-vasco\/#primaryimage\"},\"image\":{\"@id\":\"https:\/\/www.gaveanews.com\/index.php\/2025\/03\/25\/a-declaracao-de-fellipe-bastos-sobre-a-temporada-do-vasco\/#primaryimage\"},\"thumbnailUrl\":\"https:\/\/www.gaveanews.com\/wp-content\/uploads\/1557182039-vasco-x-gremio.webp\",\"datePublished\":\"2025-03-25T21:35:00+00:00\",\"author\":{\"@id\":\"https:\/\/www.gaveanews.com\/#\/schema\/person\/8207cd4627f56151707418bfc835b2fb\"},\"breadcrumb\":{\"@id\":\"https:\/\/www.gaveanews.com\/index.php\/2025\/03\/25\/a-declaracao-de-fellipe-bastos-sobre-a-temporada-do-vasco\/#breadcrumb\"},\"inLanguage\":\"pt-BR\",\"potentialAction\":[{\"@type\":\"ReadAction\",\"target\":[\"https:\/\/www.gaveanews.com\/index.php\/2025\/03\/25\/a-declaracao-de-fellipe-bastos-sobre-a-temporada-do-vasco\/\"]}]},{\"@type\":\"ImageObject\",\"inLanguage\":\"pt-BR\",\"@id\":\"https:\/\/www.gaveanews.com\/index.php\/2025\/03\/25\/a-declaracao-de-fellipe-bastos-sobre-a-temporada-do-vasco\/#primaryimage\",\"url\":\"https:\/\/www.gaveanews.com\/wp-content\/uploads\/1557182039-vasco-x-gremio.webp\",\"contentUrl\":\"https:\/\/www.gaveanews.com\/wp-content\/uploads\/1557182039-vasco-x-gremio.webp\",\"width\":774,\"height\":435,\"caption\":\"Foto: @vascodagama \/ Leandro Amorim \/ RD1\"},{\"@type\":\"BreadcrumbList\",\"@id\":\"https:\/\/www.gaveanews.com\/index.php\/2025\/03\/25\/a-declaracao-de-fellipe-bastos-sobre-a-temporada-do-vasco\/#breadcrumb\",\"itemListElement\":[{\"@type\":\"ListItem\",\"position\":1,\"name\":\"Home\",\"item\":\"https:\/\/www.gaveanews.com\/\"},{\"@type\":\"ListItem\",\"position\":2,\"name\":\"A declara\u00e7\u00e3o de Fellipe Bastos sobre a temporada do Vasco\"}]},{\"@type\":\"WebSite\",\"@id\":\"https:\/\/www.gaveanews.com\/#website\",\"url\":\"https:\/\/www.gaveanews.com\/\",\"name\":\"G\u00e1vea News\",\"description\":\"Veja todas as not\u00edcias sobre o Flamengo: Contrata\u00e7\u00f5es, categorias de base, resultados das partidas, tabela de classifica\u00e7\u00e3o, pr\u00f3ximos jogos!\",\"potentialAction\":[{\"@type\":\"SearchAction\",\"target\":{\"@type\":\"EntryPoint\",\"urlTemplate\":\"https:\/\/www.gaveanews.com\/?s={search_term_string}\"},\"query-input\":{\"@type\":\"PropertyValueSpecification\",\"valueRequired\":true,\"valueName\":\"search_term_string\"}}],\"inLanguage\":\"pt-BR\"},{\"@type\":\"Person\",\"@id\":\"https:\/\/www.gaveanews.com\/#\/schema\/person\/8207cd4627f56151707418bfc835b2fb\",\"name\":\"Matheus Felipe\",\"image\":{\"@type\":\"ImageObject\",\"inLanguage\":\"pt-BR\",\"@id\":\"https:\/\/www.gaveanews.com\/#\/schema\/person\/image\/\",\"url\":\"https:\/\/secure.gravatar.com\/avatar\/a452ffbed9130f726358b298bb3a99ce4bd3c5338411f8440e87e14d74c7c087?s=96&d=mm&r=g\",\"contentUrl\":\"https:\/\/secure.gravatar.com\/avatar\/a452ffbed9130f726358b298bb3a99ce4bd3c5338411f8440e87e14d74c7c087?s=96&d=mm&r=g\",\"caption\":\"Matheus Felipe\"}}]}<\/script>\n<!-- \/ Yoast SEO Premium plugin. -->","yoast_head_json":{"title":"A declara\u00e7\u00e3o de Fellipe Bastos sobre a temporada do Vasco","robots":{"index":"index","follow":"follow","max-snippet":"max-snippet:-1","max-image-preview":"max-image-preview:large","max-video-preview":"max-video-preview:-1"},"canonical":"https:\/\/www.gaveanews.com\/index.php\/2025\/03\/25\/a-declaracao-de-fellipe-bastos-sobre-a-temporada-do-vasco\/","og_locale":"pt_BR","og_type":"article","og_title":"A declara\u00e7\u00e3o de Fellipe Bastos sobre a temporada do Vasco","og_description":"O ex-volante Fellipe Bastos, atualmente atuando como comentarista esportivo, destacou a import\u00e2ncia de o Vasco adotar um planejamento mais estrat\u00e9gico para a temporada. Segundo ele, o clube deve direcionar seus esfor\u00e7os para as competi\u00e7\u00f5es de mata-mata, a fim de buscar estabilidade financeira e recuperar o prest\u00edgio junto \u00e0 sua torcida. \u201c\u00c9 preciso ser realista\u201d, afirmou [&hellip;]","og_url":"https:\/\/www.gaveanews.com\/index.php\/2025\/03\/25\/a-declaracao-de-fellipe-bastos-sobre-a-temporada-do-vasco\/","og_site_name":"G\u00e1vea News","article_publisher":"https:\/\/facebook.com\/gaveaNews\/","article_published_time":"2025-03-25T21:35:00+00:00","og_image":[{"width":774,"height":435,"url":"https:\/\/www.gaveanews.com\/wp-content\/uploads\/1557182039-vasco-x-gremio.webp","type":"image\/webp"}],"author":"Matheus Felipe","twitter_card":"summary_large_image","twitter_misc":{"Escrito por":"Matheus Felipe","Est. tempo de leitura":"3 minutos"},"schema":{"@context":"https:\/\/schema.org","@graph":[{"@type":"NewsArticle","@id":"https:\/\/www.gaveanews.com\/index.php\/2025\/03\/25\/a-declaracao-de-fellipe-bastos-sobre-a-temporada-do-vasco\/#article","isPartOf":{"@id":"https:\/\/www.gaveanews.com\/index.php\/2025\/03\/25\/a-declaracao-de-fellipe-bastos-sobre-a-temporada-do-vasco\/"},"author":{"name":"Matheus Felipe","@id":"https:\/\/www.gaveanews.com\/#\/schema\/person\/8207cd4627f56151707418bfc835b2fb"},"headline":"A declara\u00e7\u00e3o de Fellipe Bastos sobre a temporada do Vasco","datePublished":"2025-03-25T21:35:00+00:00","mainEntityOfPage":{"@id":"https:\/\/www.gaveanews.com\/index.php\/2025\/03\/25\/a-declaracao-de-fellipe-bastos-sobre-a-temporada-do-vasco\/"},"wordCount":360,"commentCount":0,"image":{"@id":"https:\/\/www.gaveanews.com\/index.php\/2025\/03\/25\/a-declaracao-de-fellipe-bastos-sobre-a-temporada-do-vasco\/#primaryimage"},"thumbnailUrl":"https:\/\/www.gaveanews.com\/wp-content\/uploads\/1557182039-vasco-x-gremio.webp","articleSection":["Vasco"],"inLanguage":"pt-BR","potentialAction":[{"@type":"CommentAction","name":"Comment","target":["https:\/\/www.gaveanews.com\/index.php\/2025\/03\/25\/a-declaracao-de-fellipe-bastos-sobre-a-temporada-do-vasco\/#respond"]}],"copyrightYear":"2025","copyrightHolder":{"@id":"https:\/\/www.gaveanews.com\/#organization"}},{"@type":"WebPage","@id":"https:\/\/www.gaveanews.com\/index.php\/2025\/03\/25\/a-declaracao-de-fellipe-bastos-sobre-a-temporada-do-vasco\/","url":"https:\/\/www.gaveanews.com\/index.php\/2025\/03\/25\/a-declaracao-de-fellipe-bastos-sobre-a-temporada-do-vasco\/","name":"A declara\u00e7\u00e3o de Fellipe Bastos sobre a temporada do Vasco","isPartOf":{"@id":"https:\/\/www.gaveanews.com\/#website"},"primaryImageOfPage":{"@id":"https:\/\/www.gaveanews.com\/index.php\/2025\/03\/25\/a-declaracao-de-fellipe-bastos-sobre-a-temporada-do-vasco\/#primaryimage"},"image":{"@id":"https:\/\/www.gaveanews.com\/index.php\/2025\/03\/25\/a-declaracao-de-fellipe-bastos-sobre-a-temporada-do-vasco\/#primaryimage"},"thumbnailUrl":"https:\/\/www.gaveanews.com\/wp-content\/uploads\/1557182039-vasco-x-gremio.webp","datePublished":"2025-03-25T21:35:00+00:00","author":{"@id":"https:\/\/www.gaveanews.com\/#\/schema\/person\/8207cd4627f56151707418bfc835b2fb"},"breadcrumb":{"@id":"https:\/\/www.gaveanews.com\/index.php\/2025\/03\/25\/a-declaracao-de-fellipe-bastos-sobre-a-temporada-do-vasco\/#breadcrumb"},"inLanguage":"pt-BR","potentialAction":[{"@type":"ReadAction","target":["https:\/\/www.gaveanews.com\/index.php\/2025\/03\/25\/a-declaracao-de-fellipe-bastos-sobre-a-temporada-do-vasco\/"]}]},{"@type":"ImageObject","inLanguage":"pt-BR","@id":"https:\/\/www.gaveanews.com\/index.php\/2025\/03\/25\/a-declaracao-de-fellipe-bastos-sobre-a-temporada-do-vasco\/#primaryimage","url":"https:\/\/www.gaveanews.com\/wp-content\/uploads\/1557182039-vasco-x-gremio.webp","contentUrl":"https:\/\/www.gaveanews.com\/wp-content\/uploads\/1557182039-vasco-x-gremio.webp","width":774,"height":435,"caption":"Foto: @vascodagama \/ Leandro Amorim \/ RD1"},{"@type":"BreadcrumbList","@id":"https:\/\/www.gaveanews.com\/index.php\/2025\/03\/25\/a-declaracao-de-fellipe-bastos-sobre-a-temporada-do-vasco\/#breadcrumb","itemListElement":[{"@type":"ListItem","position":1,"name":"Home","item":"https:\/\/www.gaveanews.com\/"},{"@type":"ListItem","position":2,"name":"A declara\u00e7\u00e3o de Fellipe Bastos sobre a temporada do Vasco"}]},{"@type":"WebSite","@id":"https:\/\/www.gaveanews.com\/#website","url":"https:\/\/www.gaveanews.com\/","name":"G\u00e1vea News","description":"Veja todas as not\u00edcias sobre o Flamengo: Contrata\u00e7\u00f5es, categorias de base, resultados das partidas, tabela de classifica\u00e7\u00e3o, pr\u00f3ximos jogos!","potentialAction":[{"@type":"SearchAction","target":{"@type":"EntryPoint","urlTemplate":"https:\/\/www.gaveanews.com\/?s={search_term_string}"},"query-input":{"@type":"PropertyValueSpecification","valueRequired":true,"valueName":"search_term_string"}}],"inLanguage":"pt-BR"},{"@type":"Person","@id":"https:\/\/www.gaveanews.com\/#\/schema\/person\/8207cd4627f56151707418bfc835b2fb","name":"Matheus Felipe","image":{"@type":"ImageObject","inLanguage":"pt-BR","@id":"https:\/\/www.gaveanews.com\/#\/schema\/person\/image\/","url":"https:\/\/secure.gravatar.com\/avatar\/a452ffbed9130f726358b298bb3a99ce4bd3c5338411f8440e87e14d74c7c087?s=96&d=mm&r=g","contentUrl":"https:\/\/secure.gravatar.com\/avatar\/a452ffbed9130f726358b298bb3a99ce4bd3c5338411f8440e87e14d74c7c087?s=96&d=mm&r=g","caption":"Matheus Felipe"}}]}},"_links":{"self":[{"href":"https:\/\/www.gaveanews.com\/index.php\/wp-json\/wp\/v2\/posts\/244573","targetHints":{"allow":["GET"]}}],"collection":[{"href":"https:\/\/www.gaveanews.com\/index.php\/wp-json\/wp\/v2\/posts"}],"about":[{"href":"https:\/\/www.gaveanews.com\/index.php\/wp-json\/wp\/v2\/types\/post"}],"author":[{"embeddable":true,"href":"https:\/\/www.gaveanews.com\/index.php\/wp-json\/wp\/v2\/users\/27"}],"replies":[{"embeddable":true,"href":"https:\/\/www.gaveanews.com\/index.php\/wp-json\/wp\/v2\/comments?post=244573"}],"version-history":[{"count":1,"href":"https:\/\/www.gaveanews.com\/index.php\/wp-json\/wp\/v2\/posts\/244573\/revisions"}],"predecessor-version":[{"id":244575,"href":"https:\/\/www.gaveanews.com\/index.php\/wp-json\/wp\/v2\/posts\/244573\/revisions\/244575"}],"wp:featuredmedia":[{"embeddable":true,"href":"https:\/\/www.gaveanews.com\/index.php\/wp-json\/wp\/v2\/media\/147137"}],"wp:attachment":[{"href":"https:\/\/www.gaveanews.com\/index.php\/wp-json\/wp\/v2\/media?parent=244573"}],"wp:term":[{"taxonomy":"category","embeddable":true,"href":"https:\/\/www.gaveanews.com\/index.php\/wp-json\/wp\/v2\/categories?post=244573"},{"taxonomy":"post_tag","embeddable":true,"href":"https:\/\/www.gaveanews.com\/index.php\/wp-json\/wp\/v2\/tags?post=244573"}],"curies":[{"name":"wp","href":"https:\/\/api.w.org\/{rel}","templated":true}]}}