{"id":244576,"date":"2025-03-25T18:50:00","date_gmt":"2025-03-25T21:50:00","guid":{"rendered":"https:\/\/www.gaveanews.com\/?p=244576"},"modified":"2025-03-25T16:29:10","modified_gmt":"2025-03-25T19:29:10","slug":"a-declaracao-de-pedrinho-bh-sobre-as-novas-contratacoes-do-cruzeiro","status":"publish","type":"post","link":"https:\/\/www.gaveanews.com\/index.php\/2025\/03\/25\/a-declaracao-de-pedrinho-bh-sobre-as-novas-contratacoes-do-cruzeiro\/","title":{"rendered":"A declara\u00e7\u00e3o de Pedrinho BH sobre as novas contrata\u00e7\u00f5es do Cruzeiro"},"content":{"rendered":"\n<p>Faltando poucos dias para o in\u00edcio do Campeonato Brasileiro, o Cruzeiro segue atento ao mercado de transfer\u00eancias. Ap\u00f3s uma janela movimentada, com 11 refor\u00e7os contratados, o clube mineiro ainda n\u00e3o descarta novas chegadas para a sequ\u00eancia da temporada. A informa\u00e7\u00e3o foi confirmada por Pedrinho BH, s\u00f3cio majorit\u00e1rio da SAF celeste, que mant\u00e9m a porta aberta para novas oportunidades.<\/p>\n\n\n\n<p>\u201cContrata\u00e7\u00e3o no futebol, a palavra \u2018nunca\u2019 n\u00e3o pode existir. Se tiver alguma at\u00e9 quando parar o campeonato, a gente est\u00e1 aberto a neg\u00f3cios\u201d, declarou o dirigente. A fala refor\u00e7a a postura ativa da diretoria no planejamento esportivo, sobretudo com foco em elevar o n\u00edvel de competitividade da equipe ao longo do Brasileir\u00e3o.<\/p>\n\n\n\n<figure class=\"wp-block-image size-large\"><img loading=\"lazy\" decoding=\"async\" width=\"1024\" height=\"682\" src=\"http:\/\/www.gaveanews.com\/wp-content\/uploads\/Camisa-do-Cruzeiro-2024-1024x682.webp\" alt=\"\" class=\"wp-image-163709\" srcset=\"https:\/\/www.gaveanews.com\/wp-content\/uploads\/Camisa-do-Cruzeiro-2024-1024x682.webp 1024w, https:\/\/www.gaveanews.com\/wp-content\/uploads\/Camisa-do-Cruzeiro-2024-300x200.webp 300w, https:\/\/www.gaveanews.com\/wp-content\/uploads\/Camisa-do-Cruzeiro-2024-768x512.webp 768w, https:\/\/www.gaveanews.com\/wp-content\/uploads\/Camisa-do-Cruzeiro-2024-630x420.webp 630w, https:\/\/www.gaveanews.com\/wp-content\/uploads\/Camisa-do-Cruzeiro-2024-1260x840.webp 1260w, https:\/\/www.gaveanews.com\/wp-content\/uploads\/Camisa-do-Cruzeiro-2024-640x427.webp 640w, https:\/\/www.gaveanews.com\/wp-content\/uploads\/Camisa-do-Cruzeiro-2024-1280x853.webp 1280w, https:\/\/www.gaveanews.com\/wp-content\/uploads\/Camisa-do-Cruzeiro-2024-681x454.webp 681w, https:\/\/www.gaveanews.com\/wp-content\/uploads\/Camisa-do-Cruzeiro-2024-100x67.webp 100w, https:\/\/www.gaveanews.com\/wp-content\/uploads\/Camisa-do-Cruzeiro-2024.webp 1292w\" sizes=\"auto, (max-width: 1024px) 100vw, 1024px\" \/><figcaption class=\"wp-element-caption\">Camisa do Cruzeiro 2024 (Foto: Reprodu\u00e7\u00e3o\/Instagram)<\/figcaption><\/figure>\n\n\n\n<p>A estreia do Cruzeiro na S\u00e9rie A ser\u00e1 diante do Mirassol, no s\u00e1bado (29), no Mineir\u00e3o, \u00e0s 19 horas (hor\u00e1rio de Bras\u00edlia). A partida marca tamb\u00e9m um momento hist\u00f3rico para o advers\u00e1rio, que disputar\u00e1 pela primeira vez a elite do futebol nacional. Assim, o t\u00e9cnico Leonardo Jardim trabalha para ajustar os \u00faltimos detalhes antes da primeira rodada.<\/p>\n\n\n\n<p>Apesar de a janela de transfer\u00eancias para atletas oriundos dos campeonatos estaduais n\u00e3o ser o foco da diretoria neste momento, Pedrinho BH deixou claro que o clube projeta movimenta\u00e7\u00f5es na janela do meio do ano. \u201cA gente est\u00e1 aberto a neg\u00f3cios\u201d, repetiu, refor\u00e7ando a possibilidade de novas negocia\u00e7\u00f5es conforme o andamento da temporada.<\/p>\n\n\n\n<p>O objetivo principal tra\u00e7ado pela diretoria \u00e9 claro: garantir o retorno do clube \u00e0 Copa Libertadores. \u201cA gente vai entrar o Brasileiro para fazer um bom campeonato, chegar no m\u00e1ximo que der para chegar. Nosso objetivo \u00e9 voltar para a Libertadores, no pr\u00f3ximo ano\u201d, explicou Pedrinho. A fala sinaliza o alinhamento entre dire\u00e7\u00e3o e comiss\u00e3o t\u00e9cnica quanto \u00e0s metas tra\u00e7adas.<\/p>\n\n\n\n<p>Ali\u00e1s, a reformula\u00e7\u00e3o no elenco comandada por Pedrinho BH foi um dos pilares do in\u00edcio da temporada. A expectativa \u00e9 que os novos nomes, somados ao trabalho de Leonardo Jardim, ofere\u00e7am consist\u00eancia e melhores resultados em 2025. Afinal, a constru\u00e7\u00e3o de um grupo competitivo \u00e9 parte essencial da estrat\u00e9gia da SAF cruzeirense.<\/p>\n","protected":false},"excerpt":{"rendered":"<p>Faltando poucos dias para o in\u00edcio do Campeonato Brasileiro, o Cruzeiro segue atento ao mercado de transfer\u00eancias. Ap\u00f3s uma janela movimentada, com 11 refor\u00e7os contratados, o clube mineiro ainda n\u00e3o descarta novas chegadas para a sequ\u00eancia da temporada. A informa\u00e7\u00e3o foi confirmada por Pedrinho BH, s\u00f3cio majorit\u00e1rio da SAF celeste, que mant\u00e9m a porta aberta [&hellip;]<\/p>\n","protected":false},"author":27,"featured_media":175923,"comment_status":"open","ping_status":"closed","sticky":false,"template":"","format":"standard","meta":{"footnotes":""},"categories":[143],"tags":[],"class_list":["post-244576","post","type-post","status-publish","format-standard","has-post-thumbnail","hentry","category-cruzeiro"],"yoast_head":"<!-- This site is optimized with the Yoast SEO Premium plugin v24.2 (Yoast SEO v26.9) - https:\/\/yoast.com\/product\/yoast-seo-premium-wordpress\/ -->\n<title>A declara\u00e7\u00e3o de Pedrinho BH sobre as novas contrata\u00e7\u00f5es do Cruzeiro<\/title>\n<meta name=\"robots\" content=\"index, follow, max-snippet:-1, max-image-preview:large, max-video-preview:-1\" \/>\n<link rel=\"canonical\" href=\"https:\/\/www.gaveanews.com\/index.php\/2025\/03\/25\/a-declaracao-de-pedrinho-bh-sobre-as-novas-contratacoes-do-cruzeiro\/\" \/>\n<meta property=\"og:locale\" content=\"pt_BR\" \/>\n<meta property=\"og:type\" content=\"article\" \/>\n<meta property=\"og:title\" content=\"A declara\u00e7\u00e3o de Pedrinho BH sobre as novas contrata\u00e7\u00f5es do Cruzeiro\" \/>\n<meta property=\"og:description\" content=\"Faltando poucos dias para o in\u00edcio do Campeonato Brasileiro, o Cruzeiro segue atento ao mercado de transfer\u00eancias. Ap\u00f3s uma janela movimentada, com 11 refor\u00e7os contratados, o clube mineiro ainda n\u00e3o descarta novas chegadas para a sequ\u00eancia da temporada. A informa\u00e7\u00e3o foi confirmada por Pedrinho BH, s\u00f3cio majorit\u00e1rio da SAF celeste, que mant\u00e9m a porta aberta [&hellip;]\" \/>\n<meta property=\"og:url\" content=\"https:\/\/www.gaveanews.com\/index.php\/2025\/03\/25\/a-declaracao-de-pedrinho-bh-sobre-as-novas-contratacoes-do-cruzeiro\/\" \/>\n<meta property=\"og:site_name\" content=\"G\u00e1vea News\" \/>\n<meta property=\"article:publisher\" content=\"https:\/\/facebook.com\/gaveaNews\/\" \/>\n<meta property=\"article:published_time\" content=\"2025-03-25T21:50:00+00:00\" \/>\n<meta property=\"og:image\" content=\"https:\/\/www.gaveanews.com\/wp-content\/uploads\/Pedro-Lourenco-Pedrinho.webp\" \/>\n\t<meta property=\"og:image:width\" content=\"984\" \/>\n\t<meta property=\"og:image:height\" content=\"656\" \/>\n\t<meta property=\"og:image:type\" content=\"image\/webp\" \/>\n<meta name=\"author\" content=\"Matheus Felipe\" \/>\n<meta name=\"twitter:card\" content=\"summary_large_image\" \/>\n<meta name=\"twitter:label1\" content=\"Escrito por\" \/>\n\t<meta name=\"twitter:data1\" content=\"Matheus Felipe\" \/>\n\t<meta name=\"twitter:label2\" content=\"Est. tempo de leitura\" \/>\n\t<meta name=\"twitter:data2\" content=\"3 minutos\" \/>\n<script type=\"application\/ld+json\" class=\"yoast-schema-graph\">{\"@context\":\"https:\/\/schema.org\",\"@graph\":[{\"@type\":\"NewsArticle\",\"@id\":\"https:\/\/www.gaveanews.com\/index.php\/2025\/03\/25\/a-declaracao-de-pedrinho-bh-sobre-as-novas-contratacoes-do-cruzeiro\/#article\",\"isPartOf\":{\"@id\":\"https:\/\/www.gaveanews.com\/index.php\/2025\/03\/25\/a-declaracao-de-pedrinho-bh-sobre-as-novas-contratacoes-do-cruzeiro\/\"},\"author\":{\"name\":\"Matheus Felipe\",\"@id\":\"https:\/\/www.gaveanews.com\/#\/schema\/person\/8207cd4627f56151707418bfc835b2fb\"},\"headline\":\"A declara\u00e7\u00e3o de Pedrinho BH sobre as novas contrata\u00e7\u00f5es do Cruzeiro\",\"datePublished\":\"2025-03-25T21:50:00+00:00\",\"mainEntityOfPage\":{\"@id\":\"https:\/\/www.gaveanews.com\/index.php\/2025\/03\/25\/a-declaracao-de-pedrinho-bh-sobre-as-novas-contratacoes-do-cruzeiro\/\"},\"wordCount\":388,\"commentCount\":0,\"image\":{\"@id\":\"https:\/\/www.gaveanews.com\/index.php\/2025\/03\/25\/a-declaracao-de-pedrinho-bh-sobre-as-novas-contratacoes-do-cruzeiro\/#primaryimage\"},\"thumbnailUrl\":\"https:\/\/www.gaveanews.com\/wp-content\/uploads\/Pedro-Lourenco-Pedrinho.webp\",\"articleSection\":[\"Cruzeiro\"],\"inLanguage\":\"pt-BR\",\"potentialAction\":[{\"@type\":\"CommentAction\",\"name\":\"Comment\",\"target\":[\"https:\/\/www.gaveanews.com\/index.php\/2025\/03\/25\/a-declaracao-de-pedrinho-bh-sobre-as-novas-contratacoes-do-cruzeiro\/#respond\"]}],\"copyrightYear\":\"2025\",\"copyrightHolder\":{\"@id\":\"https:\/\/www.gaveanews.com\/#organization\"}},{\"@type\":\"WebPage\",\"@id\":\"https:\/\/www.gaveanews.com\/index.php\/2025\/03\/25\/a-declaracao-de-pedrinho-bh-sobre-as-novas-contratacoes-do-cruzeiro\/\",\"url\":\"https:\/\/www.gaveanews.com\/index.php\/2025\/03\/25\/a-declaracao-de-pedrinho-bh-sobre-as-novas-contratacoes-do-cruzeiro\/\",\"name\":\"A declara\u00e7\u00e3o de Pedrinho BH sobre as novas contrata\u00e7\u00f5es do Cruzeiro\",\"isPartOf\":{\"@id\":\"https:\/\/www.gaveanews.com\/#website\"},\"primaryImageOfPage\":{\"@id\":\"https:\/\/www.gaveanews.com\/index.php\/2025\/03\/25\/a-declaracao-de-pedrinho-bh-sobre-as-novas-contratacoes-do-cruzeiro\/#primaryimage\"},\"image\":{\"@id\":\"https:\/\/www.gaveanews.com\/index.php\/2025\/03\/25\/a-declaracao-de-pedrinho-bh-sobre-as-novas-contratacoes-do-cruzeiro\/#primaryimage\"},\"thumbnailUrl\":\"https:\/\/www.gaveanews.com\/wp-content\/uploads\/Pedro-Lourenco-Pedrinho.webp\",\"datePublished\":\"2025-03-25T21:50:00+00:00\",\"author\":{\"@id\":\"https:\/\/www.gaveanews.com\/#\/schema\/person\/8207cd4627f56151707418bfc835b2fb\"},\"breadcrumb\":{\"@id\":\"https:\/\/www.gaveanews.com\/index.php\/2025\/03\/25\/a-declaracao-de-pedrinho-bh-sobre-as-novas-contratacoes-do-cruzeiro\/#breadcrumb\"},\"inLanguage\":\"pt-BR\",\"potentialAction\":[{\"@type\":\"ReadAction\",\"target\":[\"https:\/\/www.gaveanews.com\/index.php\/2025\/03\/25\/a-declaracao-de-pedrinho-bh-sobre-as-novas-contratacoes-do-cruzeiro\/\"]}]},{\"@type\":\"ImageObject\",\"inLanguage\":\"pt-BR\",\"@id\":\"https:\/\/www.gaveanews.com\/index.php\/2025\/03\/25\/a-declaracao-de-pedrinho-bh-sobre-as-novas-contratacoes-do-cruzeiro\/#primaryimage\",\"url\":\"https:\/\/www.gaveanews.com\/wp-content\/uploads\/Pedro-Lourenco-Pedrinho.webp\",\"contentUrl\":\"https:\/\/www.gaveanews.com\/wp-content\/uploads\/Pedro-Lourenco-Pedrinho.webp\",\"width\":984,\"height\":656,\"caption\":\"Pedro Louren\u00e7o (Pedrinho) (Foto: Gustavo Aleixo\/Cruzeiro)\"},{\"@type\":\"BreadcrumbList\",\"@id\":\"https:\/\/www.gaveanews.com\/index.php\/2025\/03\/25\/a-declaracao-de-pedrinho-bh-sobre-as-novas-contratacoes-do-cruzeiro\/#breadcrumb\",\"itemListElement\":[{\"@type\":\"ListItem\",\"position\":1,\"name\":\"Home\",\"item\":\"https:\/\/www.gaveanews.com\/\"},{\"@type\":\"ListItem\",\"position\":2,\"name\":\"A declara\u00e7\u00e3o de Pedrinho BH sobre as novas contrata\u00e7\u00f5es do Cruzeiro\"}]},{\"@type\":\"WebSite\",\"@id\":\"https:\/\/www.gaveanews.com\/#website\",\"url\":\"https:\/\/www.gaveanews.com\/\",\"name\":\"G\u00e1vea News\",\"description\":\"Veja todas as not\u00edcias sobre o Flamengo: Contrata\u00e7\u00f5es, categorias de base, resultados das partidas, tabela de classifica\u00e7\u00e3o, pr\u00f3ximos jogos!\",\"potentialAction\":[{\"@type\":\"SearchAction\",\"target\":{\"@type\":\"EntryPoint\",\"urlTemplate\":\"https:\/\/www.gaveanews.com\/?s={search_term_string}\"},\"query-input\":{\"@type\":\"PropertyValueSpecification\",\"valueRequired\":true,\"valueName\":\"search_term_string\"}}],\"inLanguage\":\"pt-BR\"},{\"@type\":\"Person\",\"@id\":\"https:\/\/www.gaveanews.com\/#\/schema\/person\/8207cd4627f56151707418bfc835b2fb\",\"name\":\"Matheus Felipe\",\"image\":{\"@type\":\"ImageObject\",\"inLanguage\":\"pt-BR\",\"@id\":\"https:\/\/www.gaveanews.com\/#\/schema\/person\/image\/\",\"url\":\"https:\/\/secure.gravatar.com\/avatar\/a452ffbed9130f726358b298bb3a99ce4bd3c5338411f8440e87e14d74c7c087?s=96&d=mm&r=g\",\"contentUrl\":\"https:\/\/secure.gravatar.com\/avatar\/a452ffbed9130f726358b298bb3a99ce4bd3c5338411f8440e87e14d74c7c087?s=96&d=mm&r=g\",\"caption\":\"Matheus Felipe\"}}]}<\/script>\n<!-- \/ Yoast SEO Premium plugin. -->","yoast_head_json":{"title":"A declara\u00e7\u00e3o de Pedrinho BH sobre as novas contrata\u00e7\u00f5es do Cruzeiro","robots":{"index":"index","follow":"follow","max-snippet":"max-snippet:-1","max-image-preview":"max-image-preview:large","max-video-preview":"max-video-preview:-1"},"canonical":"https:\/\/www.gaveanews.com\/index.php\/2025\/03\/25\/a-declaracao-de-pedrinho-bh-sobre-as-novas-contratacoes-do-cruzeiro\/","og_locale":"pt_BR","og_type":"article","og_title":"A declara\u00e7\u00e3o de Pedrinho BH sobre as novas contrata\u00e7\u00f5es do Cruzeiro","og_description":"Faltando poucos dias para o in\u00edcio do Campeonato Brasileiro, o Cruzeiro segue atento ao mercado de transfer\u00eancias. Ap\u00f3s uma janela movimentada, com 11 refor\u00e7os contratados, o clube mineiro ainda n\u00e3o descarta novas chegadas para a sequ\u00eancia da temporada. A informa\u00e7\u00e3o foi confirmada por Pedrinho BH, s\u00f3cio majorit\u00e1rio da SAF celeste, que mant\u00e9m a porta aberta [&hellip;]","og_url":"https:\/\/www.gaveanews.com\/index.php\/2025\/03\/25\/a-declaracao-de-pedrinho-bh-sobre-as-novas-contratacoes-do-cruzeiro\/","og_site_name":"G\u00e1vea News","article_publisher":"https:\/\/facebook.com\/gaveaNews\/","article_published_time":"2025-03-25T21:50:00+00:00","og_image":[{"width":984,"height":656,"url":"https:\/\/www.gaveanews.com\/wp-content\/uploads\/Pedro-Lourenco-Pedrinho.webp","type":"image\/webp"}],"author":"Matheus Felipe","twitter_card":"summary_large_image","twitter_misc":{"Escrito por":"Matheus Felipe","Est. tempo de leitura":"3 minutos"},"schema":{"@context":"https:\/\/schema.org","@graph":[{"@type":"NewsArticle","@id":"https:\/\/www.gaveanews.com\/index.php\/2025\/03\/25\/a-declaracao-de-pedrinho-bh-sobre-as-novas-contratacoes-do-cruzeiro\/#article","isPartOf":{"@id":"https:\/\/www.gaveanews.com\/index.php\/2025\/03\/25\/a-declaracao-de-pedrinho-bh-sobre-as-novas-contratacoes-do-cruzeiro\/"},"author":{"name":"Matheus Felipe","@id":"https:\/\/www.gaveanews.com\/#\/schema\/person\/8207cd4627f56151707418bfc835b2fb"},"headline":"A declara\u00e7\u00e3o de Pedrinho BH sobre as novas contrata\u00e7\u00f5es do Cruzeiro","datePublished":"2025-03-25T21:50:00+00:00","mainEntityOfPage":{"@id":"https:\/\/www.gaveanews.com\/index.php\/2025\/03\/25\/a-declaracao-de-pedrinho-bh-sobre-as-novas-contratacoes-do-cruzeiro\/"},"wordCount":388,"commentCount":0,"image":{"@id":"https:\/\/www.gaveanews.com\/index.php\/2025\/03\/25\/a-declaracao-de-pedrinho-bh-sobre-as-novas-contratacoes-do-cruzeiro\/#primaryimage"},"thumbnailUrl":"https:\/\/www.gaveanews.com\/wp-content\/uploads\/Pedro-Lourenco-Pedrinho.webp","articleSection":["Cruzeiro"],"inLanguage":"pt-BR","potentialAction":[{"@type":"CommentAction","name":"Comment","target":["https:\/\/www.gaveanews.com\/index.php\/2025\/03\/25\/a-declaracao-de-pedrinho-bh-sobre-as-novas-contratacoes-do-cruzeiro\/#respond"]}],"copyrightYear":"2025","copyrightHolder":{"@id":"https:\/\/www.gaveanews.com\/#organization"}},{"@type":"WebPage","@id":"https:\/\/www.gaveanews.com\/index.php\/2025\/03\/25\/a-declaracao-de-pedrinho-bh-sobre-as-novas-contratacoes-do-cruzeiro\/","url":"https:\/\/www.gaveanews.com\/index.php\/2025\/03\/25\/a-declaracao-de-pedrinho-bh-sobre-as-novas-contratacoes-do-cruzeiro\/","name":"A declara\u00e7\u00e3o de Pedrinho BH sobre as novas contrata\u00e7\u00f5es do Cruzeiro","isPartOf":{"@id":"https:\/\/www.gaveanews.com\/#website"},"primaryImageOfPage":{"@id":"https:\/\/www.gaveanews.com\/index.php\/2025\/03\/25\/a-declaracao-de-pedrinho-bh-sobre-as-novas-contratacoes-do-cruzeiro\/#primaryimage"},"image":{"@id":"https:\/\/www.gaveanews.com\/index.php\/2025\/03\/25\/a-declaracao-de-pedrinho-bh-sobre-as-novas-contratacoes-do-cruzeiro\/#primaryimage"},"thumbnailUrl":"https:\/\/www.gaveanews.com\/wp-content\/uploads\/Pedro-Lourenco-Pedrinho.webp","datePublished":"2025-03-25T21:50:00+00:00","author":{"@id":"https:\/\/www.gaveanews.com\/#\/schema\/person\/8207cd4627f56151707418bfc835b2fb"},"breadcrumb":{"@id":"https:\/\/www.gaveanews.com\/index.php\/2025\/03\/25\/a-declaracao-de-pedrinho-bh-sobre-as-novas-contratacoes-do-cruzeiro\/#breadcrumb"},"inLanguage":"pt-BR","potentialAction":[{"@type":"ReadAction","target":["https:\/\/www.gaveanews.com\/index.php\/2025\/03\/25\/a-declaracao-de-pedrinho-bh-sobre-as-novas-contratacoes-do-cruzeiro\/"]}]},{"@type":"ImageObject","inLanguage":"pt-BR","@id":"https:\/\/www.gaveanews.com\/index.php\/2025\/03\/25\/a-declaracao-de-pedrinho-bh-sobre-as-novas-contratacoes-do-cruzeiro\/#primaryimage","url":"https:\/\/www.gaveanews.com\/wp-content\/uploads\/Pedro-Lourenco-Pedrinho.webp","contentUrl":"https:\/\/www.gaveanews.com\/wp-content\/uploads\/Pedro-Lourenco-Pedrinho.webp","width":984,"height":656,"caption":"Pedro Louren\u00e7o (Pedrinho) (Foto: Gustavo Aleixo\/Cruzeiro)"},{"@type":"BreadcrumbList","@id":"https:\/\/www.gaveanews.com\/index.php\/2025\/03\/25\/a-declaracao-de-pedrinho-bh-sobre-as-novas-contratacoes-do-cruzeiro\/#breadcrumb","itemListElement":[{"@type":"ListItem","position":1,"name":"Home","item":"https:\/\/www.gaveanews.com\/"},{"@type":"ListItem","position":2,"name":"A declara\u00e7\u00e3o de Pedrinho BH sobre as novas contrata\u00e7\u00f5es do Cruzeiro"}]},{"@type":"WebSite","@id":"https:\/\/www.gaveanews.com\/#website","url":"https:\/\/www.gaveanews.com\/","name":"G\u00e1vea News","description":"Veja todas as not\u00edcias sobre o Flamengo: Contrata\u00e7\u00f5es, categorias de base, resultados das partidas, tabela de classifica\u00e7\u00e3o, pr\u00f3ximos jogos!","potentialAction":[{"@type":"SearchAction","target":{"@type":"EntryPoint","urlTemplate":"https:\/\/www.gaveanews.com\/?s={search_term_string}"},"query-input":{"@type":"PropertyValueSpecification","valueRequired":true,"valueName":"search_term_string"}}],"inLanguage":"pt-BR"},{"@type":"Person","@id":"https:\/\/www.gaveanews.com\/#\/schema\/person\/8207cd4627f56151707418bfc835b2fb","name":"Matheus Felipe","image":{"@type":"ImageObject","inLanguage":"pt-BR","@id":"https:\/\/www.gaveanews.com\/#\/schema\/person\/image\/","url":"https:\/\/secure.gravatar.com\/avatar\/a452ffbed9130f726358b298bb3a99ce4bd3c5338411f8440e87e14d74c7c087?s=96&d=mm&r=g","contentUrl":"https:\/\/secure.gravatar.com\/avatar\/a452ffbed9130f726358b298bb3a99ce4bd3c5338411f8440e87e14d74c7c087?s=96&d=mm&r=g","caption":"Matheus Felipe"}}]}},"_links":{"self":[{"href":"https:\/\/www.gaveanews.com\/index.php\/wp-json\/wp\/v2\/posts\/244576","targetHints":{"allow":["GET"]}}],"collection":[{"href":"https:\/\/www.gaveanews.com\/index.php\/wp-json\/wp\/v2\/posts"}],"about":[{"href":"https:\/\/www.gaveanews.com\/index.php\/wp-json\/wp\/v2\/types\/post"}],"author":[{"embeddable":true,"href":"https:\/\/www.gaveanews.com\/index.php\/wp-json\/wp\/v2\/users\/27"}],"replies":[{"embeddable":true,"href":"https:\/\/www.gaveanews.com\/index.php\/wp-json\/wp\/v2\/comments?post=244576"}],"version-history":[{"count":1,"href":"https:\/\/www.gaveanews.com\/index.php\/wp-json\/wp\/v2\/posts\/244576\/revisions"}],"predecessor-version":[{"id":244580,"href":"https:\/\/www.gaveanews.com\/index.php\/wp-json\/wp\/v2\/posts\/244576\/revisions\/244580"}],"wp:featuredmedia":[{"embeddable":true,"href":"https:\/\/www.gaveanews.com\/index.php\/wp-json\/wp\/v2\/media\/175923"}],"wp:attachment":[{"href":"https:\/\/www.gaveanews.com\/index.php\/wp-json\/wp\/v2\/media?parent=244576"}],"wp:term":[{"taxonomy":"category","embeddable":true,"href":"https:\/\/www.gaveanews.com\/index.php\/wp-json\/wp\/v2\/categories?post=244576"},{"taxonomy":"post_tag","embeddable":true,"href":"https:\/\/www.gaveanews.com\/index.php\/wp-json\/wp\/v2\/tags?post=244576"}],"curies":[{"name":"wp","href":"https:\/\/api.w.org\/{rel}","templated":true}]}}