{"id":244577,"date":"2025-03-25T18:45:00","date_gmt":"2025-03-25T21:45:00","guid":{"rendered":"https:\/\/www.gaveanews.com\/?p=244577"},"modified":"2025-03-25T16:27:13","modified_gmt":"2025-03-25T19:27:13","slug":"melou-flamengo-avalia-voltar-atras-em-decisao-sobre-o-estadio","status":"publish","type":"post","link":"https:\/\/www.gaveanews.com\/index.php\/2025\/03\/25\/melou-flamengo-avalia-voltar-atras-em-decisao-sobre-o-estadio\/","title":{"rendered":"Melou? Flamengo avalia voltar atr\u00e1s em decis\u00e3o sobre o est\u00e1dio"},"content":{"rendered":"\n<p>O Flamengo est\u00e1 repensando os prazos para a assinatura final do termo de compra do terreno do Gas\u00f4metro, inicialmente marcada para o dia 9 de abril. A diretoria rubro-negra est\u00e1 considerando solicitar um adiamento de at\u00e9 90 dias para garantir que todos os estudos necess\u00e1rios sobre o projeto sejam conclu\u00eddos com mais precis\u00e3o.&nbsp;<\/p>\n\n\n\n<p>O clube pretende avaliar com mais profundidade os custos e as condi\u00e7\u00f5es para a constru\u00e7\u00e3o do est\u00e1dio antes de firmar o compromisso definitivo.<\/p>\n\n\n\n<h2 class=\"wp-block-heading\" id=\"h-estudos-de-viabilidade\">Estudos de viabilidade<\/h2>\n\n\n\n<figure class=\"wp-block-image size-full\"><img loading=\"lazy\" decoding=\"async\" width=\"848\" height=\"489\" src=\"http:\/\/www.gaveanews.com\/wp-content\/uploads\/estadio-do-flamengo-no-gasometro.webp\" alt=\"\" class=\"wp-image-89206\" srcset=\"https:\/\/www.gaveanews.com\/wp-content\/uploads\/estadio-do-flamengo-no-gasometro.webp 848w, https:\/\/www.gaveanews.com\/wp-content\/uploads\/estadio-do-flamengo-no-gasometro-300x173.webp 300w, https:\/\/www.gaveanews.com\/wp-content\/uploads\/estadio-do-flamengo-no-gasometro-768x443.webp 768w, https:\/\/www.gaveanews.com\/wp-content\/uploads\/estadio-do-flamengo-no-gasometro-728x420.webp 728w, https:\/\/www.gaveanews.com\/wp-content\/uploads\/estadio-do-flamengo-no-gasometro-640x369.webp 640w, https:\/\/www.gaveanews.com\/wp-content\/uploads\/estadio-do-flamengo-no-gasometro-681x393.webp 681w, https:\/\/www.gaveanews.com\/wp-content\/uploads\/estadio-do-flamengo-no-gasometro-100x58.webp 100w\" sizes=\"auto, (max-width: 848px) 100vw, 848px\" \/><figcaption class=\"wp-element-caption\">Est\u00e1dio do Flamengo na regi\u00e3o do Gas\u00f4metro (Foto: Prefeitura do Rio de Janeiro)<\/figcaption><\/figure>\n\n\n\n<p>Para evitar problemas futuros, o Flamengo contratou duas empresas para realizar novos estudos detalhados sobre a viabilidade do terreno, o que inclui uma an\u00e1lise mais apurada dos custos.&nbsp;<\/p>\n\n\n\n<p>A gest\u00e3o de Luiz Eduardo Baptista acredita que a avalia\u00e7\u00e3o feita pela administra\u00e7\u00e3o anterior foi apressada, principalmente devido ao contexto eleitoral do clube. Sendo assim, o clube decidiu que somente ap\u00f3s a conclus\u00e3o desses estudos \u00e9 que tomar\u00e1 a decis\u00e3o de assinar o termo final.<\/p>\n\n\n\n<p>Al\u00e9m disso, a diretoria considera fundamental entender todos os aspectos t\u00e9cnicos do projeto antes de avan\u00e7ar para evitar surpresas durante a obra. Por isso, um pedido formal de adiamento ser\u00e1 feito \u00e0 Prefeitura e \u00e0 Caixa Econ\u00f4mica Federal, com o intuito de garantir mais tempo para ajustes e refinamentos no planejamento.<\/p>\n\n\n\n<h2 class=\"wp-block-heading\" id=\"h-impactos-no-cronograma-das-obras\">Impactos no cronograma das obras<\/h2>\n\n\n\n<p>Apesar da decis\u00e3o de postergar a assinatura do termo, a diretoria acredita que o adiamento n\u00e3o afetar\u00e1 o in\u00edcio das obras. Isso porque, at\u00e9 o momento, o foco \u00e9 concluir a descontamina\u00e7\u00e3o do terreno e o remanejamento da esta\u00e7\u00e3o de g\u00e1s da Companhia Distribuidora de G\u00e1s (CEG), uma etapa que precisa ser conclu\u00edda antes que a constru\u00e7\u00e3o do est\u00e1dio possa come\u00e7ar.<\/p>\n\n\n\n<p>Dessa maneira, o Flamengo continuar\u00e1 com os processos preliminares do projeto enquanto aguarda os resultados dos estudos, sem prejudicar o cronograma inicial.<\/p>\n\n\n\n<h2 class=\"wp-block-heading\" id=\"h-a-discrepancia-no-custo-da-obra\">A discrep\u00e2ncia no custo da obra<\/h2>\n\n\n\n<p>Vale destacar que a previs\u00e3o inicial de custo de R$ 1,9 bilh\u00e3o feita pela gest\u00e3o anterior foi considerada baixa pela atual administra\u00e7\u00e3o. O presidente Bap, em recente entrevista, estimou que o valor real da obra pode atingir at\u00e9 R$ 3 bilh\u00f5es, o que justifica a necessidade de uma avalia\u00e7\u00e3o mais detalhada antes de seguir com o projeto.<\/p>\n\n\n\n<p>Com isso, o Flamengo aguarda a finaliza\u00e7\u00e3o dos estudos de viabilidade para confirmar o pr\u00f3ximo passo na constru\u00e7\u00e3o do seu est\u00e1dio, com um planejamento cada vez mais focado na precis\u00e3o dos custos e no cumprimento de prazos.<\/p>\n","protected":false},"excerpt":{"rendered":"<p>O Flamengo est\u00e1 repensando os prazos para a assinatura final do termo de compra do terreno do Gas\u00f4metro, inicialmente marcada para o dia 9 de abril. A diretoria rubro-negra est\u00e1 considerando solicitar um adiamento de at\u00e9 90 dias para garantir que todos os estudos necess\u00e1rios sobre o projeto sejam conclu\u00eddos com mais precis\u00e3o.&nbsp; O clube [&hellip;]<\/p>\n","protected":false},"author":25,"featured_media":43567,"comment_status":"open","ping_status":"closed","sticky":false,"template":"","format":"standard","meta":{"footnotes":""},"categories":[1],"tags":[],"class_list":["post-244577","post","type-post","status-publish","format-standard","has-post-thumbnail","hentry","category-flamengo"],"yoast_head":"<!-- This site is optimized with the Yoast SEO Premium plugin v24.2 (Yoast SEO v26.9) - https:\/\/yoast.com\/product\/yoast-seo-premium-wordpress\/ -->\n<title>Melou? Flamengo avalia voltar atr\u00e1s em decis\u00e3o sobre o est\u00e1dio<\/title>\n<meta name=\"robots\" content=\"index, follow, max-snippet:-1, max-image-preview:large, max-video-preview:-1\" \/>\n<link rel=\"canonical\" href=\"https:\/\/www.gaveanews.com\/index.php\/2025\/03\/25\/melou-flamengo-avalia-voltar-atras-em-decisao-sobre-o-estadio\/\" \/>\n<meta property=\"og:locale\" content=\"pt_BR\" \/>\n<meta property=\"og:type\" content=\"article\" \/>\n<meta property=\"og:title\" content=\"Melou? Flamengo avalia voltar atr\u00e1s em decis\u00e3o sobre o est\u00e1dio\" \/>\n<meta property=\"og:description\" content=\"O Flamengo est\u00e1 repensando os prazos para a assinatura final do termo de compra do terreno do Gas\u00f4metro, inicialmente marcada para o dia 9 de abril. A diretoria rubro-negra est\u00e1 considerando solicitar um adiamento de at\u00e9 90 dias para garantir que todos os estudos necess\u00e1rios sobre o projeto sejam conclu\u00eddos com mais precis\u00e3o.&nbsp; O clube [&hellip;]\" \/>\n<meta property=\"og:url\" content=\"https:\/\/www.gaveanews.com\/index.php\/2025\/03\/25\/melou-flamengo-avalia-voltar-atras-em-decisao-sobre-o-estadio\/\" \/>\n<meta property=\"og:site_name\" content=\"G\u00e1vea News\" \/>\n<meta property=\"article:publisher\" content=\"https:\/\/facebook.com\/gaveaNews\/\" \/>\n<meta property=\"article:published_time\" content=\"2025-03-25T21:45:00+00:00\" \/>\n<meta property=\"og:image\" content=\"https:\/\/www.gaveanews.com\/wp-content\/uploads\/Luiz-Eduardo-Baptista-o-Bap-durante-coletiva-de-imprensa.webp\" \/>\n\t<meta property=\"og:image:width\" content=\"984\" \/>\n\t<meta property=\"og:image:height\" content=\"554\" \/>\n\t<meta property=\"og:image:type\" content=\"image\/jpeg\" \/>\n<meta name=\"author\" content=\"Rafaela Ladeira\" \/>\n<meta name=\"twitter:card\" content=\"summary_large_image\" \/>\n<meta name=\"twitter:label1\" content=\"Escrito por\" \/>\n\t<meta name=\"twitter:data1\" content=\"Rafaela Ladeira\" \/>\n\t<meta name=\"twitter:label2\" content=\"Est. tempo de leitura\" \/>\n\t<meta name=\"twitter:data2\" content=\"3 minutos\" \/>\n<script type=\"application\/ld+json\" class=\"yoast-schema-graph\">{\"@context\":\"https:\/\/schema.org\",\"@graph\":[{\"@type\":\"NewsArticle\",\"@id\":\"https:\/\/www.gaveanews.com\/index.php\/2025\/03\/25\/melou-flamengo-avalia-voltar-atras-em-decisao-sobre-o-estadio\/#article\",\"isPartOf\":{\"@id\":\"https:\/\/www.gaveanews.com\/index.php\/2025\/03\/25\/melou-flamengo-avalia-voltar-atras-em-decisao-sobre-o-estadio\/\"},\"author\":{\"name\":\"Rafaela Ladeira\",\"@id\":\"https:\/\/www.gaveanews.com\/#\/schema\/person\/0eb3e3fe1754f0205218538adbe8f5ed\"},\"headline\":\"Melou? Flamengo avalia voltar atr\u00e1s em decis\u00e3o sobre o est\u00e1dio\",\"datePublished\":\"2025-03-25T21:45:00+00:00\",\"mainEntityOfPage\":{\"@id\":\"https:\/\/www.gaveanews.com\/index.php\/2025\/03\/25\/melou-flamengo-avalia-voltar-atras-em-decisao-sobre-o-estadio\/\"},\"wordCount\":455,\"commentCount\":0,\"image\":{\"@id\":\"https:\/\/www.gaveanews.com\/index.php\/2025\/03\/25\/melou-flamengo-avalia-voltar-atras-em-decisao-sobre-o-estadio\/#primaryimage\"},\"thumbnailUrl\":\"https:\/\/www.gaveanews.com\/wp-content\/uploads\/Luiz-Eduardo-Baptista-o-Bap-durante-coletiva-de-imprensa.webp\",\"articleSection\":[\"Flamengo\"],\"inLanguage\":\"pt-BR\",\"potentialAction\":[{\"@type\":\"CommentAction\",\"name\":\"Comment\",\"target\":[\"https:\/\/www.gaveanews.com\/index.php\/2025\/03\/25\/melou-flamengo-avalia-voltar-atras-em-decisao-sobre-o-estadio\/#respond\"]}],\"copyrightYear\":\"2025\",\"copyrightHolder\":{\"@id\":\"https:\/\/www.gaveanews.com\/#organization\"}},{\"@type\":\"WebPage\",\"@id\":\"https:\/\/www.gaveanews.com\/index.php\/2025\/03\/25\/melou-flamengo-avalia-voltar-atras-em-decisao-sobre-o-estadio\/\",\"url\":\"https:\/\/www.gaveanews.com\/index.php\/2025\/03\/25\/melou-flamengo-avalia-voltar-atras-em-decisao-sobre-o-estadio\/\",\"name\":\"Melou? Flamengo avalia voltar atr\u00e1s em decis\u00e3o sobre o est\u00e1dio\",\"isPartOf\":{\"@id\":\"https:\/\/www.gaveanews.com\/#website\"},\"primaryImageOfPage\":{\"@id\":\"https:\/\/www.gaveanews.com\/index.php\/2025\/03\/25\/melou-flamengo-avalia-voltar-atras-em-decisao-sobre-o-estadio\/#primaryimage\"},\"image\":{\"@id\":\"https:\/\/www.gaveanews.com\/index.php\/2025\/03\/25\/melou-flamengo-avalia-voltar-atras-em-decisao-sobre-o-estadio\/#primaryimage\"},\"thumbnailUrl\":\"https:\/\/www.gaveanews.com\/wp-content\/uploads\/Luiz-Eduardo-Baptista-o-Bap-durante-coletiva-de-imprensa.webp\",\"datePublished\":\"2025-03-25T21:45:00+00:00\",\"author\":{\"@id\":\"https:\/\/www.gaveanews.com\/#\/schema\/person\/0eb3e3fe1754f0205218538adbe8f5ed\"},\"breadcrumb\":{\"@id\":\"https:\/\/www.gaveanews.com\/index.php\/2025\/03\/25\/melou-flamengo-avalia-voltar-atras-em-decisao-sobre-o-estadio\/#breadcrumb\"},\"inLanguage\":\"pt-BR\",\"potentialAction\":[{\"@type\":\"ReadAction\",\"target\":[\"https:\/\/www.gaveanews.com\/index.php\/2025\/03\/25\/melou-flamengo-avalia-voltar-atras-em-decisao-sobre-o-estadio\/\"]}]},{\"@type\":\"ImageObject\",\"inLanguage\":\"pt-BR\",\"@id\":\"https:\/\/www.gaveanews.com\/index.php\/2025\/03\/25\/melou-flamengo-avalia-voltar-atras-em-decisao-sobre-o-estadio\/#primaryimage\",\"url\":\"https:\/\/www.gaveanews.com\/wp-content\/uploads\/Luiz-Eduardo-Baptista-o-Bap-durante-coletiva-de-imprensa.webp\",\"contentUrl\":\"https:\/\/www.gaveanews.com\/wp-content\/uploads\/Luiz-Eduardo-Baptista-o-Bap-durante-coletiva-de-imprensa.webp\",\"width\":984,\"height\":554,\"caption\":\"Luiz Eduardo Baptista, o Bap, durante coletiva de imprensa (Foto: Divulga\u00e7\u00e3o)\"},{\"@type\":\"BreadcrumbList\",\"@id\":\"https:\/\/www.gaveanews.com\/index.php\/2025\/03\/25\/melou-flamengo-avalia-voltar-atras-em-decisao-sobre-o-estadio\/#breadcrumb\",\"itemListElement\":[{\"@type\":\"ListItem\",\"position\":1,\"name\":\"Home\",\"item\":\"https:\/\/www.gaveanews.com\/\"},{\"@type\":\"ListItem\",\"position\":2,\"name\":\"Melou? Flamengo avalia voltar atr\u00e1s em decis\u00e3o sobre o est\u00e1dio\"}]},{\"@type\":\"WebSite\",\"@id\":\"https:\/\/www.gaveanews.com\/#website\",\"url\":\"https:\/\/www.gaveanews.com\/\",\"name\":\"G\u00e1vea News\",\"description\":\"Veja todas as not\u00edcias sobre o Flamengo: Contrata\u00e7\u00f5es, categorias de base, resultados das partidas, tabela de classifica\u00e7\u00e3o, pr\u00f3ximos jogos!\",\"potentialAction\":[{\"@type\":\"SearchAction\",\"target\":{\"@type\":\"EntryPoint\",\"urlTemplate\":\"https:\/\/www.gaveanews.com\/?s={search_term_string}\"},\"query-input\":{\"@type\":\"PropertyValueSpecification\",\"valueRequired\":true,\"valueName\":\"search_term_string\"}}],\"inLanguage\":\"pt-BR\"},{\"@type\":\"Person\",\"@id\":\"https:\/\/www.gaveanews.com\/#\/schema\/person\/0eb3e3fe1754f0205218538adbe8f5ed\",\"name\":\"Rafaela Ladeira\",\"image\":{\"@type\":\"ImageObject\",\"inLanguage\":\"pt-BR\",\"@id\":\"https:\/\/www.gaveanews.com\/#\/schema\/person\/image\/\",\"url\":\"https:\/\/secure.gravatar.com\/avatar\/c31f513acffd85eacab5730cbdfdbbf59f21ba5aeada8cd890acea879fbb2455?s=96&d=mm&r=g\",\"contentUrl\":\"https:\/\/secure.gravatar.com\/avatar\/c31f513acffd85eacab5730cbdfdbbf59f21ba5aeada8cd890acea879fbb2455?s=96&d=mm&r=g\",\"caption\":\"Rafaela Ladeira\"}}]}<\/script>\n<!-- \/ Yoast SEO Premium plugin. -->","yoast_head_json":{"title":"Melou? Flamengo avalia voltar atr\u00e1s em decis\u00e3o sobre o est\u00e1dio","robots":{"index":"index","follow":"follow","max-snippet":"max-snippet:-1","max-image-preview":"max-image-preview:large","max-video-preview":"max-video-preview:-1"},"canonical":"https:\/\/www.gaveanews.com\/index.php\/2025\/03\/25\/melou-flamengo-avalia-voltar-atras-em-decisao-sobre-o-estadio\/","og_locale":"pt_BR","og_type":"article","og_title":"Melou? Flamengo avalia voltar atr\u00e1s em decis\u00e3o sobre o est\u00e1dio","og_description":"O Flamengo est\u00e1 repensando os prazos para a assinatura final do termo de compra do terreno do Gas\u00f4metro, inicialmente marcada para o dia 9 de abril. A diretoria rubro-negra est\u00e1 considerando solicitar um adiamento de at\u00e9 90 dias para garantir que todos os estudos necess\u00e1rios sobre o projeto sejam conclu\u00eddos com mais precis\u00e3o.&nbsp; O clube [&hellip;]","og_url":"https:\/\/www.gaveanews.com\/index.php\/2025\/03\/25\/melou-flamengo-avalia-voltar-atras-em-decisao-sobre-o-estadio\/","og_site_name":"G\u00e1vea News","article_publisher":"https:\/\/facebook.com\/gaveaNews\/","article_published_time":"2025-03-25T21:45:00+00:00","og_image":[{"width":984,"height":554,"url":"https:\/\/www.gaveanews.com\/wp-content\/uploads\/Luiz-Eduardo-Baptista-o-Bap-durante-coletiva-de-imprensa.webp","type":"image\/jpeg"}],"author":"Rafaela Ladeira","twitter_card":"summary_large_image","twitter_misc":{"Escrito por":"Rafaela Ladeira","Est. tempo de leitura":"3 minutos"},"schema":{"@context":"https:\/\/schema.org","@graph":[{"@type":"NewsArticle","@id":"https:\/\/www.gaveanews.com\/index.php\/2025\/03\/25\/melou-flamengo-avalia-voltar-atras-em-decisao-sobre-o-estadio\/#article","isPartOf":{"@id":"https:\/\/www.gaveanews.com\/index.php\/2025\/03\/25\/melou-flamengo-avalia-voltar-atras-em-decisao-sobre-o-estadio\/"},"author":{"name":"Rafaela Ladeira","@id":"https:\/\/www.gaveanews.com\/#\/schema\/person\/0eb3e3fe1754f0205218538adbe8f5ed"},"headline":"Melou? Flamengo avalia voltar atr\u00e1s em decis\u00e3o sobre o est\u00e1dio","datePublished":"2025-03-25T21:45:00+00:00","mainEntityOfPage":{"@id":"https:\/\/www.gaveanews.com\/index.php\/2025\/03\/25\/melou-flamengo-avalia-voltar-atras-em-decisao-sobre-o-estadio\/"},"wordCount":455,"commentCount":0,"image":{"@id":"https:\/\/www.gaveanews.com\/index.php\/2025\/03\/25\/melou-flamengo-avalia-voltar-atras-em-decisao-sobre-o-estadio\/#primaryimage"},"thumbnailUrl":"https:\/\/www.gaveanews.com\/wp-content\/uploads\/Luiz-Eduardo-Baptista-o-Bap-durante-coletiva-de-imprensa.webp","articleSection":["Flamengo"],"inLanguage":"pt-BR","potentialAction":[{"@type":"CommentAction","name":"Comment","target":["https:\/\/www.gaveanews.com\/index.php\/2025\/03\/25\/melou-flamengo-avalia-voltar-atras-em-decisao-sobre-o-estadio\/#respond"]}],"copyrightYear":"2025","copyrightHolder":{"@id":"https:\/\/www.gaveanews.com\/#organization"}},{"@type":"WebPage","@id":"https:\/\/www.gaveanews.com\/index.php\/2025\/03\/25\/melou-flamengo-avalia-voltar-atras-em-decisao-sobre-o-estadio\/","url":"https:\/\/www.gaveanews.com\/index.php\/2025\/03\/25\/melou-flamengo-avalia-voltar-atras-em-decisao-sobre-o-estadio\/","name":"Melou? Flamengo avalia voltar atr\u00e1s em decis\u00e3o sobre o est\u00e1dio","isPartOf":{"@id":"https:\/\/www.gaveanews.com\/#website"},"primaryImageOfPage":{"@id":"https:\/\/www.gaveanews.com\/index.php\/2025\/03\/25\/melou-flamengo-avalia-voltar-atras-em-decisao-sobre-o-estadio\/#primaryimage"},"image":{"@id":"https:\/\/www.gaveanews.com\/index.php\/2025\/03\/25\/melou-flamengo-avalia-voltar-atras-em-decisao-sobre-o-estadio\/#primaryimage"},"thumbnailUrl":"https:\/\/www.gaveanews.com\/wp-content\/uploads\/Luiz-Eduardo-Baptista-o-Bap-durante-coletiva-de-imprensa.webp","datePublished":"2025-03-25T21:45:00+00:00","author":{"@id":"https:\/\/www.gaveanews.com\/#\/schema\/person\/0eb3e3fe1754f0205218538adbe8f5ed"},"breadcrumb":{"@id":"https:\/\/www.gaveanews.com\/index.php\/2025\/03\/25\/melou-flamengo-avalia-voltar-atras-em-decisao-sobre-o-estadio\/#breadcrumb"},"inLanguage":"pt-BR","potentialAction":[{"@type":"ReadAction","target":["https:\/\/www.gaveanews.com\/index.php\/2025\/03\/25\/melou-flamengo-avalia-voltar-atras-em-decisao-sobre-o-estadio\/"]}]},{"@type":"ImageObject","inLanguage":"pt-BR","@id":"https:\/\/www.gaveanews.com\/index.php\/2025\/03\/25\/melou-flamengo-avalia-voltar-atras-em-decisao-sobre-o-estadio\/#primaryimage","url":"https:\/\/www.gaveanews.com\/wp-content\/uploads\/Luiz-Eduardo-Baptista-o-Bap-durante-coletiva-de-imprensa.webp","contentUrl":"https:\/\/www.gaveanews.com\/wp-content\/uploads\/Luiz-Eduardo-Baptista-o-Bap-durante-coletiva-de-imprensa.webp","width":984,"height":554,"caption":"Luiz Eduardo Baptista, o Bap, durante coletiva de imprensa (Foto: Divulga\u00e7\u00e3o)"},{"@type":"BreadcrumbList","@id":"https:\/\/www.gaveanews.com\/index.php\/2025\/03\/25\/melou-flamengo-avalia-voltar-atras-em-decisao-sobre-o-estadio\/#breadcrumb","itemListElement":[{"@type":"ListItem","position":1,"name":"Home","item":"https:\/\/www.gaveanews.com\/"},{"@type":"ListItem","position":2,"name":"Melou? Flamengo avalia voltar atr\u00e1s em decis\u00e3o sobre o est\u00e1dio"}]},{"@type":"WebSite","@id":"https:\/\/www.gaveanews.com\/#website","url":"https:\/\/www.gaveanews.com\/","name":"G\u00e1vea News","description":"Veja todas as not\u00edcias sobre o Flamengo: Contrata\u00e7\u00f5es, categorias de base, resultados das partidas, tabela de classifica\u00e7\u00e3o, pr\u00f3ximos jogos!","potentialAction":[{"@type":"SearchAction","target":{"@type":"EntryPoint","urlTemplate":"https:\/\/www.gaveanews.com\/?s={search_term_string}"},"query-input":{"@type":"PropertyValueSpecification","valueRequired":true,"valueName":"search_term_string"}}],"inLanguage":"pt-BR"},{"@type":"Person","@id":"https:\/\/www.gaveanews.com\/#\/schema\/person\/0eb3e3fe1754f0205218538adbe8f5ed","name":"Rafaela Ladeira","image":{"@type":"ImageObject","inLanguage":"pt-BR","@id":"https:\/\/www.gaveanews.com\/#\/schema\/person\/image\/","url":"https:\/\/secure.gravatar.com\/avatar\/c31f513acffd85eacab5730cbdfdbbf59f21ba5aeada8cd890acea879fbb2455?s=96&d=mm&r=g","contentUrl":"https:\/\/secure.gravatar.com\/avatar\/c31f513acffd85eacab5730cbdfdbbf59f21ba5aeada8cd890acea879fbb2455?s=96&d=mm&r=g","caption":"Rafaela Ladeira"}}]}},"_links":{"self":[{"href":"https:\/\/www.gaveanews.com\/index.php\/wp-json\/wp\/v2\/posts\/244577","targetHints":{"allow":["GET"]}}],"collection":[{"href":"https:\/\/www.gaveanews.com\/index.php\/wp-json\/wp\/v2\/posts"}],"about":[{"href":"https:\/\/www.gaveanews.com\/index.php\/wp-json\/wp\/v2\/types\/post"}],"author":[{"embeddable":true,"href":"https:\/\/www.gaveanews.com\/index.php\/wp-json\/wp\/v2\/users\/25"}],"replies":[{"embeddable":true,"href":"https:\/\/www.gaveanews.com\/index.php\/wp-json\/wp\/v2\/comments?post=244577"}],"version-history":[{"count":1,"href":"https:\/\/www.gaveanews.com\/index.php\/wp-json\/wp\/v2\/posts\/244577\/revisions"}],"predecessor-version":[{"id":244579,"href":"https:\/\/www.gaveanews.com\/index.php\/wp-json\/wp\/v2\/posts\/244577\/revisions\/244579"}],"wp:featuredmedia":[{"embeddable":true,"href":"https:\/\/www.gaveanews.com\/index.php\/wp-json\/wp\/v2\/media\/43567"}],"wp:attachment":[{"href":"https:\/\/www.gaveanews.com\/index.php\/wp-json\/wp\/v2\/media?parent=244577"}],"wp:term":[{"taxonomy":"category","embeddable":true,"href":"https:\/\/www.gaveanews.com\/index.php\/wp-json\/wp\/v2\/categories?post=244577"},{"taxonomy":"post_tag","embeddable":true,"href":"https:\/\/www.gaveanews.com\/index.php\/wp-json\/wp\/v2\/tags?post=244577"}],"curies":[{"name":"wp","href":"https:\/\/api.w.org\/{rel}","templated":true}]}}