{"id":244581,"date":"2025-03-25T19:00:00","date_gmt":"2025-03-25T22:00:00","guid":{"rendered":"https:\/\/www.gaveanews.com\/?p=244581"},"modified":"2025-03-25T16:36:38","modified_gmt":"2025-03-25T19:36:38","slug":"a-declaracao-de-cafu-direcionada-a-filipe-luis-do-flamengo","status":"publish","type":"post","link":"https:\/\/www.gaveanews.com\/index.php\/2025\/03\/25\/a-declaracao-de-cafu-direcionada-a-filipe-luis-do-flamengo\/","title":{"rendered":"A declara\u00e7\u00e3o de Cafu direcionada a Filipe Lu\u00eds, do Flamengo"},"content":{"rendered":"\n<p>Em meio aos debates sobre o futuro da Sele\u00e7\u00e3o Brasileira, Cafu, capit\u00e3o do pentacampeonato mundial, se manifestou a favor da continuidade de Dorival J\u00fanior no comando t\u00e9cnico. Para o ex-lateral, o momento exige estabilidade e confian\u00e7a no trabalho desenvolvido, sobretudo por se tratar de um ciclo que se aproxima da pr\u00f3xima Copa do Mundo.<\/p>\n\n\n\n<p>Cafu foi direto ao defender a perman\u00eancia do treinador. Segundo ele, qualquer movimenta\u00e7\u00e3o para trocar o comando t\u00e9cnico agora seria precipitada. \u201cTem que continuar o Dorival. Estamos colocando em quest\u00e3o o treinador da sele\u00e7\u00e3o e que est\u00e1 prestes a classificar para a Copa do Mundo\u201d, declarou, durante entrevista ao canal Super Mundo GV. Assim, demonstra apoio irrestrito ao atual t\u00e9cnico da sele\u00e7\u00e3o, mesmo diante de um cen\u00e1rio de cr\u00edticas pontuais.<\/p>\n\n\n\n<figure class=\"wp-block-image size-full\"><img loading=\"lazy\" decoding=\"async\" width=\"900\" height=\"599\" src=\"http:\/\/www.gaveanews.com\/wp-content\/uploads\/cafu-ex-jogador.webp\" alt=\"\" class=\"wp-image-107693\" srcset=\"https:\/\/www.gaveanews.com\/wp-content\/uploads\/cafu-ex-jogador.webp 900w, https:\/\/www.gaveanews.com\/wp-content\/uploads\/cafu-ex-jogador-300x200.webp 300w, https:\/\/www.gaveanews.com\/wp-content\/uploads\/cafu-ex-jogador-768x511.webp 768w, https:\/\/www.gaveanews.com\/wp-content\/uploads\/cafu-ex-jogador-631x420.webp 631w, https:\/\/www.gaveanews.com\/wp-content\/uploads\/cafu-ex-jogador-640x426.webp 640w, https:\/\/www.gaveanews.com\/wp-content\/uploads\/cafu-ex-jogador-681x453.webp 681w, https:\/\/www.gaveanews.com\/wp-content\/uploads\/cafu-ex-jogador-100x67.webp 100w\" sizes=\"auto, (max-width: 900px) 100vw, 900px\" \/><figcaption class=\"wp-element-caption\">Ex-jogador Cafu (Foto: Reprodu\u00e7\u00e3o)<\/figcaption><\/figure>\n\n\n\n<p>Embora n\u00e3o seja contr\u00e1rio \u00e0 presen\u00e7a de estrangeiros no futebol nacional, Cafu deixou claro que, na Sele\u00e7\u00e3o, a prioridade deve ser um t\u00e9cnico brasileiro. Ele refor\u00e7ou que, em sua vis\u00e3o, o Brasil precisa manter uma identidade pr\u00f3pria tamb\u00e9m fora das quatro linhas. \u201cEu sou a favor de um treinador brasileiro\u201d, afirmou, pontuando ainda que mudan\u00e7as nesse momento poderiam gerar instabilidade desnecess\u00e1ria.<\/p>\n\n\n\n<p>Ali\u00e1s, o ex-jogador foi al\u00e9m ao questionar o tratamento dado a treinadores nacionais em compara\u00e7\u00e3o aos estrangeiros. Conforme explicou, acredita que t\u00e9cnicos de fora do pa\u00eds receberiam menos cr\u00edticas em situa\u00e7\u00e3o similar. \u201cSe n\u00e3o vai colocar em d\u00favida o trabalho do estrangeiro, por que coloca o trabalho do brasileiro?\u201d, indagou, ao refletir sobre o peso das cobran\u00e7as.<\/p>\n\n\n\n<p>Mesmo com a ascens\u00e3o de Filipe Lu\u00eds no Flamengo, Cafu n\u00e3o considera o ex-lateral como nome ideal para assumir a Sele\u00e7\u00e3o. Ao inv\u00e9s disso, aposta na continuidade do projeto atual, destacando que uma eventual troca poderia comprometer o planejamento para o Mundial de 2026. A posi\u00e7\u00e3o firme refor\u00e7a sua cren\u00e7a de que a consist\u00eancia no comando t\u00e9cnico \u00e9 fundamental nesse momento.<\/p>\n\n\n\n<p>Por fim, ao comentar sobre o elenco brasileiro, Cafu mostrou otimismo com a atual gera\u00e7\u00e3o. Nomes como Vin\u00edcius J\u00fanior, Rodrygo, Raphinha, Savinho e Neymar foram citados como pe\u00e7as importantes. Contudo, ele destacou que \u00e9 necess\u00e1rio estabelecer um padr\u00e3o t\u00e1tico s\u00f3lido. \u201cTemos uma sele\u00e7\u00e3o boa. Mas, para que se transforme em uma sele\u00e7\u00e3o boa, temos que ter um padr\u00e3o. Copa do Mundo \u00e9 escolha. Se escolher errado, volta pra casa!\u201d, concluiu.<\/p>\n","protected":false},"excerpt":{"rendered":"<p>Em meio aos debates sobre o futuro da Sele\u00e7\u00e3o Brasileira, Cafu, capit\u00e3o do pentacampeonato mundial, se manifestou a favor da continuidade de Dorival J\u00fanior no comando t\u00e9cnico. Para o ex-lateral, o momento exige estabilidade e confian\u00e7a no trabalho desenvolvido, sobretudo por se tratar de um ciclo que se aproxima da pr\u00f3xima Copa do Mundo. Cafu [&hellip;]<\/p>\n","protected":false},"author":27,"featured_media":171103,"comment_status":"open","ping_status":"closed","sticky":false,"template":"","format":"standard","meta":{"footnotes":""},"categories":[1],"tags":[],"class_list":["post-244581","post","type-post","status-publish","format-standard","has-post-thumbnail","hentry","category-flamengo"],"yoast_head":"<!-- This site is optimized with the Yoast SEO Premium plugin v24.2 (Yoast SEO v26.9) - https:\/\/yoast.com\/product\/yoast-seo-premium-wordpress\/ -->\n<title>A declara\u00e7\u00e3o de Cafu direcionada a Filipe Lu\u00eds, do Flamengo<\/title>\n<meta name=\"robots\" content=\"index, follow, max-snippet:-1, max-image-preview:large, max-video-preview:-1\" \/>\n<link rel=\"canonical\" href=\"https:\/\/www.gaveanews.com\/index.php\/2025\/03\/25\/a-declaracao-de-cafu-direcionada-a-filipe-luis-do-flamengo\/\" \/>\n<meta property=\"og:locale\" content=\"pt_BR\" \/>\n<meta property=\"og:type\" content=\"article\" \/>\n<meta property=\"og:title\" content=\"A declara\u00e7\u00e3o de Cafu direcionada a Filipe Lu\u00eds, do Flamengo\" \/>\n<meta property=\"og:description\" content=\"Em meio aos debates sobre o futuro da Sele\u00e7\u00e3o Brasileira, Cafu, capit\u00e3o do pentacampeonato mundial, se manifestou a favor da continuidade de Dorival J\u00fanior no comando t\u00e9cnico. Para o ex-lateral, o momento exige estabilidade e confian\u00e7a no trabalho desenvolvido, sobretudo por se tratar de um ciclo que se aproxima da pr\u00f3xima Copa do Mundo. Cafu [&hellip;]\" \/>\n<meta property=\"og:url\" content=\"https:\/\/www.gaveanews.com\/index.php\/2025\/03\/25\/a-declaracao-de-cafu-direcionada-a-filipe-luis-do-flamengo\/\" \/>\n<meta property=\"og:site_name\" content=\"G\u00e1vea News\" \/>\n<meta property=\"article:publisher\" content=\"https:\/\/facebook.com\/gaveaNews\/\" \/>\n<meta property=\"article:published_time\" content=\"2025-03-25T22:00:00+00:00\" \/>\n<meta property=\"og:image\" content=\"https:\/\/www.gaveanews.com\/wp-content\/uploads\/Filipe-Luis-durante-jogo-entre-Flamengo-e-Corinthians-pela-semifinal-da-Copa-do-Brasil-no-Maracana.webp\" \/>\n\t<meta property=\"og:image:width\" content=\"742\" \/>\n\t<meta property=\"og:image:height\" content=\"493\" \/>\n\t<meta property=\"og:image:type\" content=\"image\/jpeg\" \/>\n<meta name=\"author\" content=\"Matheus Felipe\" \/>\n<meta name=\"twitter:card\" content=\"summary_large_image\" \/>\n<meta name=\"twitter:label1\" content=\"Escrito por\" \/>\n\t<meta name=\"twitter:data1\" content=\"Matheus Felipe\" \/>\n\t<meta name=\"twitter:label2\" content=\"Est. tempo de leitura\" \/>\n\t<meta name=\"twitter:data2\" content=\"3 minutos\" \/>\n<script type=\"application\/ld+json\" class=\"yoast-schema-graph\">{\"@context\":\"https:\/\/schema.org\",\"@graph\":[{\"@type\":\"NewsArticle\",\"@id\":\"https:\/\/www.gaveanews.com\/index.php\/2025\/03\/25\/a-declaracao-de-cafu-direcionada-a-filipe-luis-do-flamengo\/#article\",\"isPartOf\":{\"@id\":\"https:\/\/www.gaveanews.com\/index.php\/2025\/03\/25\/a-declaracao-de-cafu-direcionada-a-filipe-luis-do-flamengo\/\"},\"author\":{\"name\":\"Matheus Felipe\",\"@id\":\"https:\/\/www.gaveanews.com\/#\/schema\/person\/8207cd4627f56151707418bfc835b2fb\"},\"headline\":\"A declara\u00e7\u00e3o de Cafu direcionada a Filipe Lu\u00eds, do Flamengo\",\"datePublished\":\"2025-03-25T22:00:00+00:00\",\"mainEntityOfPage\":{\"@id\":\"https:\/\/www.gaveanews.com\/index.php\/2025\/03\/25\/a-declaracao-de-cafu-direcionada-a-filipe-luis-do-flamengo\/\"},\"wordCount\":442,\"commentCount\":0,\"image\":{\"@id\":\"https:\/\/www.gaveanews.com\/index.php\/2025\/03\/25\/a-declaracao-de-cafu-direcionada-a-filipe-luis-do-flamengo\/#primaryimage\"},\"thumbnailUrl\":\"https:\/\/www.gaveanews.com\/wp-content\/uploads\/Filipe-Luis-durante-jogo-entre-Flamengo-e-Corinthians-pela-semifinal-da-Copa-do-Brasil-no-Maracana.webp\",\"articleSection\":[\"Flamengo\"],\"inLanguage\":\"pt-BR\",\"potentialAction\":[{\"@type\":\"CommentAction\",\"name\":\"Comment\",\"target\":[\"https:\/\/www.gaveanews.com\/index.php\/2025\/03\/25\/a-declaracao-de-cafu-direcionada-a-filipe-luis-do-flamengo\/#respond\"]}],\"copyrightYear\":\"2025\",\"copyrightHolder\":{\"@id\":\"https:\/\/www.gaveanews.com\/#organization\"}},{\"@type\":\"WebPage\",\"@id\":\"https:\/\/www.gaveanews.com\/index.php\/2025\/03\/25\/a-declaracao-de-cafu-direcionada-a-filipe-luis-do-flamengo\/\",\"url\":\"https:\/\/www.gaveanews.com\/index.php\/2025\/03\/25\/a-declaracao-de-cafu-direcionada-a-filipe-luis-do-flamengo\/\",\"name\":\"A declara\u00e7\u00e3o de Cafu direcionada a Filipe Lu\u00eds, do Flamengo\",\"isPartOf\":{\"@id\":\"https:\/\/www.gaveanews.com\/#website\"},\"primaryImageOfPage\":{\"@id\":\"https:\/\/www.gaveanews.com\/index.php\/2025\/03\/25\/a-declaracao-de-cafu-direcionada-a-filipe-luis-do-flamengo\/#primaryimage\"},\"image\":{\"@id\":\"https:\/\/www.gaveanews.com\/index.php\/2025\/03\/25\/a-declaracao-de-cafu-direcionada-a-filipe-luis-do-flamengo\/#primaryimage\"},\"thumbnailUrl\":\"https:\/\/www.gaveanews.com\/wp-content\/uploads\/Filipe-Luis-durante-jogo-entre-Flamengo-e-Corinthians-pela-semifinal-da-Copa-do-Brasil-no-Maracana.webp\",\"datePublished\":\"2025-03-25T22:00:00+00:00\",\"author\":{\"@id\":\"https:\/\/www.gaveanews.com\/#\/schema\/person\/8207cd4627f56151707418bfc835b2fb\"},\"breadcrumb\":{\"@id\":\"https:\/\/www.gaveanews.com\/index.php\/2025\/03\/25\/a-declaracao-de-cafu-direcionada-a-filipe-luis-do-flamengo\/#breadcrumb\"},\"inLanguage\":\"pt-BR\",\"potentialAction\":[{\"@type\":\"ReadAction\",\"target\":[\"https:\/\/www.gaveanews.com\/index.php\/2025\/03\/25\/a-declaracao-de-cafu-direcionada-a-filipe-luis-do-flamengo\/\"]}]},{\"@type\":\"ImageObject\",\"inLanguage\":\"pt-BR\",\"@id\":\"https:\/\/www.gaveanews.com\/index.php\/2025\/03\/25\/a-declaracao-de-cafu-direcionada-a-filipe-luis-do-flamengo\/#primaryimage\",\"url\":\"https:\/\/www.gaveanews.com\/wp-content\/uploads\/Filipe-Luis-durante-jogo-entre-Flamengo-e-Corinthians-pela-semifinal-da-Copa-do-Brasil-no-Maracana.webp\",\"contentUrl\":\"https:\/\/www.gaveanews.com\/wp-content\/uploads\/Filipe-Luis-durante-jogo-entre-Flamengo-e-Corinthians-pela-semifinal-da-Copa-do-Brasil-no-Maracana.webp\",\"width\":742,\"height\":493,\"caption\":\"Filipe Lu\u00eds durante jogo entre Flamengo e Corinthians, pela semifinal da Copa do Brasil, no Maracan\u00e3 (Foto: Gilvan de Souza\/Flamengo)\"},{\"@type\":\"BreadcrumbList\",\"@id\":\"https:\/\/www.gaveanews.com\/index.php\/2025\/03\/25\/a-declaracao-de-cafu-direcionada-a-filipe-luis-do-flamengo\/#breadcrumb\",\"itemListElement\":[{\"@type\":\"ListItem\",\"position\":1,\"name\":\"Home\",\"item\":\"https:\/\/www.gaveanews.com\/\"},{\"@type\":\"ListItem\",\"position\":2,\"name\":\"A declara\u00e7\u00e3o de Cafu direcionada a Filipe Lu\u00eds, do Flamengo\"}]},{\"@type\":\"WebSite\",\"@id\":\"https:\/\/www.gaveanews.com\/#website\",\"url\":\"https:\/\/www.gaveanews.com\/\",\"name\":\"G\u00e1vea News\",\"description\":\"Veja todas as not\u00edcias sobre o Flamengo: Contrata\u00e7\u00f5es, categorias de base, resultados das partidas, tabela de classifica\u00e7\u00e3o, pr\u00f3ximos jogos!\",\"potentialAction\":[{\"@type\":\"SearchAction\",\"target\":{\"@type\":\"EntryPoint\",\"urlTemplate\":\"https:\/\/www.gaveanews.com\/?s={search_term_string}\"},\"query-input\":{\"@type\":\"PropertyValueSpecification\",\"valueRequired\":true,\"valueName\":\"search_term_string\"}}],\"inLanguage\":\"pt-BR\"},{\"@type\":\"Person\",\"@id\":\"https:\/\/www.gaveanews.com\/#\/schema\/person\/8207cd4627f56151707418bfc835b2fb\",\"name\":\"Matheus Felipe\",\"image\":{\"@type\":\"ImageObject\",\"inLanguage\":\"pt-BR\",\"@id\":\"https:\/\/www.gaveanews.com\/#\/schema\/person\/image\/\",\"url\":\"https:\/\/secure.gravatar.com\/avatar\/a452ffbed9130f726358b298bb3a99ce4bd3c5338411f8440e87e14d74c7c087?s=96&d=mm&r=g\",\"contentUrl\":\"https:\/\/secure.gravatar.com\/avatar\/a452ffbed9130f726358b298bb3a99ce4bd3c5338411f8440e87e14d74c7c087?s=96&d=mm&r=g\",\"caption\":\"Matheus Felipe\"}}]}<\/script>\n<!-- \/ Yoast SEO Premium plugin. -->","yoast_head_json":{"title":"A declara\u00e7\u00e3o de Cafu direcionada a Filipe Lu\u00eds, do Flamengo","robots":{"index":"index","follow":"follow","max-snippet":"max-snippet:-1","max-image-preview":"max-image-preview:large","max-video-preview":"max-video-preview:-1"},"canonical":"https:\/\/www.gaveanews.com\/index.php\/2025\/03\/25\/a-declaracao-de-cafu-direcionada-a-filipe-luis-do-flamengo\/","og_locale":"pt_BR","og_type":"article","og_title":"A declara\u00e7\u00e3o de Cafu direcionada a Filipe Lu\u00eds, do Flamengo","og_description":"Em meio aos debates sobre o futuro da Sele\u00e7\u00e3o Brasileira, Cafu, capit\u00e3o do pentacampeonato mundial, se manifestou a favor da continuidade de Dorival J\u00fanior no comando t\u00e9cnico. Para o ex-lateral, o momento exige estabilidade e confian\u00e7a no trabalho desenvolvido, sobretudo por se tratar de um ciclo que se aproxima da pr\u00f3xima Copa do Mundo. Cafu [&hellip;]","og_url":"https:\/\/www.gaveanews.com\/index.php\/2025\/03\/25\/a-declaracao-de-cafu-direcionada-a-filipe-luis-do-flamengo\/","og_site_name":"G\u00e1vea News","article_publisher":"https:\/\/facebook.com\/gaveaNews\/","article_published_time":"2025-03-25T22:00:00+00:00","og_image":[{"width":742,"height":493,"url":"https:\/\/www.gaveanews.com\/wp-content\/uploads\/Filipe-Luis-durante-jogo-entre-Flamengo-e-Corinthians-pela-semifinal-da-Copa-do-Brasil-no-Maracana.webp","type":"image\/jpeg"}],"author":"Matheus Felipe","twitter_card":"summary_large_image","twitter_misc":{"Escrito por":"Matheus Felipe","Est. tempo de leitura":"3 minutos"},"schema":{"@context":"https:\/\/schema.org","@graph":[{"@type":"NewsArticle","@id":"https:\/\/www.gaveanews.com\/index.php\/2025\/03\/25\/a-declaracao-de-cafu-direcionada-a-filipe-luis-do-flamengo\/#article","isPartOf":{"@id":"https:\/\/www.gaveanews.com\/index.php\/2025\/03\/25\/a-declaracao-de-cafu-direcionada-a-filipe-luis-do-flamengo\/"},"author":{"name":"Matheus Felipe","@id":"https:\/\/www.gaveanews.com\/#\/schema\/person\/8207cd4627f56151707418bfc835b2fb"},"headline":"A declara\u00e7\u00e3o de Cafu direcionada a Filipe Lu\u00eds, do Flamengo","datePublished":"2025-03-25T22:00:00+00:00","mainEntityOfPage":{"@id":"https:\/\/www.gaveanews.com\/index.php\/2025\/03\/25\/a-declaracao-de-cafu-direcionada-a-filipe-luis-do-flamengo\/"},"wordCount":442,"commentCount":0,"image":{"@id":"https:\/\/www.gaveanews.com\/index.php\/2025\/03\/25\/a-declaracao-de-cafu-direcionada-a-filipe-luis-do-flamengo\/#primaryimage"},"thumbnailUrl":"https:\/\/www.gaveanews.com\/wp-content\/uploads\/Filipe-Luis-durante-jogo-entre-Flamengo-e-Corinthians-pela-semifinal-da-Copa-do-Brasil-no-Maracana.webp","articleSection":["Flamengo"],"inLanguage":"pt-BR","potentialAction":[{"@type":"CommentAction","name":"Comment","target":["https:\/\/www.gaveanews.com\/index.php\/2025\/03\/25\/a-declaracao-de-cafu-direcionada-a-filipe-luis-do-flamengo\/#respond"]}],"copyrightYear":"2025","copyrightHolder":{"@id":"https:\/\/www.gaveanews.com\/#organization"}},{"@type":"WebPage","@id":"https:\/\/www.gaveanews.com\/index.php\/2025\/03\/25\/a-declaracao-de-cafu-direcionada-a-filipe-luis-do-flamengo\/","url":"https:\/\/www.gaveanews.com\/index.php\/2025\/03\/25\/a-declaracao-de-cafu-direcionada-a-filipe-luis-do-flamengo\/","name":"A declara\u00e7\u00e3o de Cafu direcionada a Filipe Lu\u00eds, do Flamengo","isPartOf":{"@id":"https:\/\/www.gaveanews.com\/#website"},"primaryImageOfPage":{"@id":"https:\/\/www.gaveanews.com\/index.php\/2025\/03\/25\/a-declaracao-de-cafu-direcionada-a-filipe-luis-do-flamengo\/#primaryimage"},"image":{"@id":"https:\/\/www.gaveanews.com\/index.php\/2025\/03\/25\/a-declaracao-de-cafu-direcionada-a-filipe-luis-do-flamengo\/#primaryimage"},"thumbnailUrl":"https:\/\/www.gaveanews.com\/wp-content\/uploads\/Filipe-Luis-durante-jogo-entre-Flamengo-e-Corinthians-pela-semifinal-da-Copa-do-Brasil-no-Maracana.webp","datePublished":"2025-03-25T22:00:00+00:00","author":{"@id":"https:\/\/www.gaveanews.com\/#\/schema\/person\/8207cd4627f56151707418bfc835b2fb"},"breadcrumb":{"@id":"https:\/\/www.gaveanews.com\/index.php\/2025\/03\/25\/a-declaracao-de-cafu-direcionada-a-filipe-luis-do-flamengo\/#breadcrumb"},"inLanguage":"pt-BR","potentialAction":[{"@type":"ReadAction","target":["https:\/\/www.gaveanews.com\/index.php\/2025\/03\/25\/a-declaracao-de-cafu-direcionada-a-filipe-luis-do-flamengo\/"]}]},{"@type":"ImageObject","inLanguage":"pt-BR","@id":"https:\/\/www.gaveanews.com\/index.php\/2025\/03\/25\/a-declaracao-de-cafu-direcionada-a-filipe-luis-do-flamengo\/#primaryimage","url":"https:\/\/www.gaveanews.com\/wp-content\/uploads\/Filipe-Luis-durante-jogo-entre-Flamengo-e-Corinthians-pela-semifinal-da-Copa-do-Brasil-no-Maracana.webp","contentUrl":"https:\/\/www.gaveanews.com\/wp-content\/uploads\/Filipe-Luis-durante-jogo-entre-Flamengo-e-Corinthians-pela-semifinal-da-Copa-do-Brasil-no-Maracana.webp","width":742,"height":493,"caption":"Filipe Lu\u00eds durante jogo entre Flamengo e Corinthians, pela semifinal da Copa do Brasil, no Maracan\u00e3 (Foto: Gilvan de Souza\/Flamengo)"},{"@type":"BreadcrumbList","@id":"https:\/\/www.gaveanews.com\/index.php\/2025\/03\/25\/a-declaracao-de-cafu-direcionada-a-filipe-luis-do-flamengo\/#breadcrumb","itemListElement":[{"@type":"ListItem","position":1,"name":"Home","item":"https:\/\/www.gaveanews.com\/"},{"@type":"ListItem","position":2,"name":"A declara\u00e7\u00e3o de Cafu direcionada a Filipe Lu\u00eds, do Flamengo"}]},{"@type":"WebSite","@id":"https:\/\/www.gaveanews.com\/#website","url":"https:\/\/www.gaveanews.com\/","name":"G\u00e1vea News","description":"Veja todas as not\u00edcias sobre o Flamengo: Contrata\u00e7\u00f5es, categorias de base, resultados das partidas, tabela de classifica\u00e7\u00e3o, pr\u00f3ximos jogos!","potentialAction":[{"@type":"SearchAction","target":{"@type":"EntryPoint","urlTemplate":"https:\/\/www.gaveanews.com\/?s={search_term_string}"},"query-input":{"@type":"PropertyValueSpecification","valueRequired":true,"valueName":"search_term_string"}}],"inLanguage":"pt-BR"},{"@type":"Person","@id":"https:\/\/www.gaveanews.com\/#\/schema\/person\/8207cd4627f56151707418bfc835b2fb","name":"Matheus Felipe","image":{"@type":"ImageObject","inLanguage":"pt-BR","@id":"https:\/\/www.gaveanews.com\/#\/schema\/person\/image\/","url":"https:\/\/secure.gravatar.com\/avatar\/a452ffbed9130f726358b298bb3a99ce4bd3c5338411f8440e87e14d74c7c087?s=96&d=mm&r=g","contentUrl":"https:\/\/secure.gravatar.com\/avatar\/a452ffbed9130f726358b298bb3a99ce4bd3c5338411f8440e87e14d74c7c087?s=96&d=mm&r=g","caption":"Matheus Felipe"}}]}},"_links":{"self":[{"href":"https:\/\/www.gaveanews.com\/index.php\/wp-json\/wp\/v2\/posts\/244581","targetHints":{"allow":["GET"]}}],"collection":[{"href":"https:\/\/www.gaveanews.com\/index.php\/wp-json\/wp\/v2\/posts"}],"about":[{"href":"https:\/\/www.gaveanews.com\/index.php\/wp-json\/wp\/v2\/types\/post"}],"author":[{"embeddable":true,"href":"https:\/\/www.gaveanews.com\/index.php\/wp-json\/wp\/v2\/users\/27"}],"replies":[{"embeddable":true,"href":"https:\/\/www.gaveanews.com\/index.php\/wp-json\/wp\/v2\/comments?post=244581"}],"version-history":[{"count":1,"href":"https:\/\/www.gaveanews.com\/index.php\/wp-json\/wp\/v2\/posts\/244581\/revisions"}],"predecessor-version":[{"id":244586,"href":"https:\/\/www.gaveanews.com\/index.php\/wp-json\/wp\/v2\/posts\/244581\/revisions\/244586"}],"wp:featuredmedia":[{"embeddable":true,"href":"https:\/\/www.gaveanews.com\/index.php\/wp-json\/wp\/v2\/media\/171103"}],"wp:attachment":[{"href":"https:\/\/www.gaveanews.com\/index.php\/wp-json\/wp\/v2\/media?parent=244581"}],"wp:term":[{"taxonomy":"category","embeddable":true,"href":"https:\/\/www.gaveanews.com\/index.php\/wp-json\/wp\/v2\/categories?post=244581"},{"taxonomy":"post_tag","embeddable":true,"href":"https:\/\/www.gaveanews.com\/index.php\/wp-json\/wp\/v2\/tags?post=244581"}],"curies":[{"name":"wp","href":"https:\/\/api.w.org\/{rel}","templated":true}]}}