{"id":244582,"date":"2025-03-25T19:05:00","date_gmt":"2025-03-25T22:05:00","guid":{"rendered":"https:\/\/www.gaveanews.com\/?p=244582"},"modified":"2025-03-25T16:35:42","modified_gmt":"2025-03-25T19:35:42","slug":"a-declaracao-de-jaylen-brown-do-boston-celtics-direcionada-a-vinicius-jr-do-real-madrid","status":"publish","type":"post","link":"https:\/\/www.gaveanews.com\/index.php\/2025\/03\/25\/a-declaracao-de-jaylen-brown-do-boston-celtics-direcionada-a-vinicius-jr-do-real-madrid\/","title":{"rendered":"A declara\u00e7\u00e3o de Jaylen Brown, do Boston Celtics, direcionada a Vinicius Jr, do Real Madrid"},"content":{"rendered":"\n<p>Em recente entrevista coletiva, o jogador Jaylen Brown, estrela do Boston Celtics, fez considera\u00e7\u00f5es sobre o talento e a postura de Vin\u00edcius J\u00fanior diante dos desafios que enfrenta no futebol.&nbsp;<\/p>\n\n\n\n<p>O campe\u00e3o da NBA n\u00e3o poupou elogios ao atacante do Real Madrid, destacando o modo como Vini Jr. lida com o racismo, n\u00e3o apenas no futebol espanhol, mas tamb\u00e9m na sociedade em geral.<\/p>\n\n\n\n<h2 class=\"wp-block-heading\" id=\"h-jaylen-brown-exalta-postura-de-vini-jr-frente-ao-racismo\">Jaylen Brown exalta postura de Vini Jr. frente ao racismo<\/h2>\n\n\n\n<blockquote class=\"instagram-media\" data-instgrm-permalink=\"https:\/\/www.instagram.com\/p\/DBeGZjluhYL\/?utm_source=ig_embed&amp;utm_campaign=loading\" data-instgrm-version=\"14\" style=\" background:#FFF; border:0; border-radius:3px; box-shadow:0 0 1px 0 rgba(0,0,0,0.5),0 1px 10px 0 rgba(0,0,0,0.15); margin: 1px; max-width:540px; min-width:326px; padding:0; width:99.375%; width:-webkit-calc(100% - 2px); width:calc(100% - 2px);\"><div style=\"padding:16px;\"> <a href=\"https:\/\/www.instagram.com\/p\/DBeGZjluhYL\/?utm_source=ig_embed&amp;utm_campaign=loading\" style=\" background:#FFFFFF; line-height:0; padding:0 0; text-align:center; text-decoration:none; width:100%;\" target=\"_blank\"> <div style=\" display: flex; flex-direction: row; align-items: center;\"> <div style=\"background-color: #F4F4F4; border-radius: 50%; flex-grow: 0; height: 40px; margin-right: 14px; width: 40px;\"><\/div> <div style=\"display: flex; flex-direction: column; flex-grow: 1; justify-content: center;\"> <div style=\" background-color: #F4F4F4; border-radius: 4px; flex-grow: 0; height: 14px; margin-bottom: 6px; width: 100px;\"><\/div> <div style=\" background-color: #F4F4F4; border-radius: 4px; flex-grow: 0; height: 14px; width: 60px;\"><\/div><\/div><\/div><div style=\"padding: 19% 0;\"><\/div> <div style=\"display:block; height:50px; margin:0 auto 12px; width:50px;\"><svg width=\"50px\" height=\"50px\" viewBox=\"0 0 60 60\" version=\"1.1\" xmlns=\"https:\/\/www.w3.org\/2000\/svg\" xmlns:xlink=\"https:\/\/www.w3.org\/1999\/xlink\"><g stroke=\"none\" stroke-width=\"1\" fill=\"none\" fill-rule=\"evenodd\"><g transform=\"translate(-511.000000, -20.000000)\" fill=\"#000000\"><g><path d=\"M556.869,30.41 C554.814,30.41 553.148,32.076 553.148,34.131 C553.148,36.186 554.814,37.852 556.869,37.852 C558.924,37.852 560.59,36.186 560.59,34.131 C560.59,32.076 558.924,30.41 556.869,30.41 M541,60.657 C535.114,60.657 530.342,55.887 530.342,50 C530.342,44.114 535.114,39.342 541,39.342 C546.887,39.342 551.658,44.114 551.658,50 C551.658,55.887 546.887,60.657 541,60.657 M541,33.886 C532.1,33.886 524.886,41.1 524.886,50 C524.886,58.899 532.1,66.113 541,66.113 C549.9,66.113 557.115,58.899 557.115,50 C557.115,41.1 549.9,33.886 541,33.886 M565.378,62.101 C565.244,65.022 564.756,66.606 564.346,67.663 C563.803,69.06 563.154,70.057 562.106,71.106 C561.058,72.155 560.06,72.803 558.662,73.347 C557.607,73.757 556.021,74.244 553.102,74.378 C549.944,74.521 548.997,74.552 541,74.552 C533.003,74.552 532.056,74.521 528.898,74.378 C525.979,74.244 524.393,73.757 523.338,73.347 C521.94,72.803 520.942,72.155 519.894,71.106 C518.846,70.057 518.197,69.06 517.654,67.663 C517.244,66.606 516.755,65.022 516.623,62.101 C516.479,58.943 516.448,57.996 516.448,50 C516.448,42.003 516.479,41.056 516.623,37.899 C516.755,34.978 517.244,33.391 517.654,32.338 C518.197,30.938 518.846,29.942 519.894,28.894 C520.942,27.846 521.94,27.196 523.338,26.654 C524.393,26.244 525.979,25.756 528.898,25.623 C532.057,25.479 533.004,25.448 541,25.448 C548.997,25.448 549.943,25.479 553.102,25.623 C556.021,25.756 557.607,26.244 558.662,26.654 C560.06,27.196 561.058,27.846 562.106,28.894 C563.154,29.942 563.803,30.938 564.346,32.338 C564.756,33.391 565.244,34.978 565.378,37.899 C565.522,41.056 565.552,42.003 565.552,50 C565.552,57.996 565.522,58.943 565.378,62.101 M570.82,37.631 C570.674,34.438 570.167,32.258 569.425,30.349 C568.659,28.377 567.633,26.702 565.965,25.035 C564.297,23.368 562.623,22.342 560.652,21.575 C558.743,20.834 556.562,20.326 553.369,20.18 C550.169,20.033 549.148,20 541,20 C532.853,20 531.831,20.033 528.631,20.18 C525.438,20.326 523.257,20.834 521.349,21.575 C519.376,22.342 517.703,23.368 516.035,25.035 C514.368,26.702 513.342,28.377 512.574,30.349 C511.834,32.258 511.326,34.438 511.181,37.631 C511.035,40.831 511,41.851 511,50 C511,58.147 511.035,59.17 511.181,62.369 C511.326,65.562 511.834,67.743 512.574,69.651 C513.342,71.625 514.368,73.296 516.035,74.965 C517.703,76.634 519.376,77.658 521.349,78.425 C523.257,79.167 525.438,79.673 528.631,79.82 C531.831,79.965 532.853,80.001 541,80.001 C549.148,80.001 550.169,79.965 553.369,79.82 C556.562,79.673 558.743,79.167 560.652,78.425 C562.623,77.658 564.297,76.634 565.965,74.965 C567.633,73.296 568.659,71.625 569.425,69.651 C570.167,67.743 570.674,65.562 570.82,62.369 C570.966,59.17 571,58.147 571,50 C571,41.851 570.966,40.831 570.82,37.631\"><\/path><\/g><\/g><\/g><\/svg><\/div><div style=\"padding-top: 8px;\"> <div style=\" color:#3897f0; font-family:Arial,sans-serif; font-size:14px; font-style:normal; font-weight:550; line-height:18px;\">Ver essa foto no Instagram<\/div><\/div><div style=\"padding: 12.5% 0;\"><\/div> <div style=\"display: flex; flex-direction: row; margin-bottom: 14px; align-items: center;\"><div> <div style=\"background-color: #F4F4F4; border-radius: 50%; height: 12.5px; width: 12.5px; transform: translateX(0px) translateY(7px);\"><\/div> <div style=\"background-color: #F4F4F4; height: 12.5px; transform: rotate(-45deg) translateX(3px) translateY(1px); width: 12.5px; flex-grow: 0; margin-right: 14px; margin-left: 2px;\"><\/div> <div style=\"background-color: #F4F4F4; border-radius: 50%; height: 12.5px; width: 12.5px; transform: translateX(9px) translateY(-18px);\"><\/div><\/div><div style=\"margin-left: 8px;\"> <div style=\" background-color: #F4F4F4; border-radius: 50%; flex-grow: 0; height: 20px; width: 20px;\"><\/div> <div style=\" width: 0; height: 0; border-top: 2px solid transparent; border-left: 6px solid #f4f4f4; border-bottom: 2px solid transparent; transform: translateX(16px) translateY(-4px) rotate(30deg)\"><\/div><\/div><div style=\"margin-left: auto;\"> <div style=\" width: 0px; border-top: 8px solid #F4F4F4; border-right: 8px solid transparent; transform: translateY(16px);\"><\/div> <div style=\" background-color: #F4F4F4; flex-grow: 0; height: 12px; width: 16px; transform: translateY(-4px);\"><\/div> <div style=\" width: 0; height: 0; border-top: 8px solid #F4F4F4; border-left: 8px solid transparent; transform: translateY(-4px) translateX(8px);\"><\/div><\/div><\/div> <div style=\"display: flex; flex-direction: column; flex-grow: 1; justify-content: center; margin-bottom: 24px;\"> <div style=\" background-color: #F4F4F4; border-radius: 4px; flex-grow: 0; height: 14px; margin-bottom: 6px; width: 224px;\"><\/div> <div style=\" background-color: #F4F4F4; border-radius: 4px; flex-grow: 0; height: 14px; width: 144px;\"><\/div><\/div><\/a><p style=\" color:#c9c8cd; font-family:Arial,sans-serif; font-size:14px; line-height:17px; margin-bottom:0; margin-top:8px; overflow:hidden; padding:8px 0 7px; text-align:center; text-overflow:ellipsis; white-space:nowrap;\"><a href=\"https:\/\/www.instagram.com\/p\/DBeGZjluhYL\/?utm_source=ig_embed&amp;utm_campaign=loading\" style=\" color:#c9c8cd; font-family:Arial,sans-serif; font-size:14px; font-style:normal; font-weight:normal; line-height:17px; text-decoration:none;\" target=\"_blank\">Uma publica\u00e7\u00e3o compartilhada por Energy Shifter (@fchwpo)<\/a><\/p><\/div><\/blockquote>\n<script async src=\"\/\/www.instagram.com\/embed.js\"><\/script>\n\n\n\n<p>Durante a entrevista, Brown revelou uma forte admira\u00e7\u00e3o pelo comportamento de Vin\u00edcius J\u00fanior, dizendo ser um amigo do jogador e que teve a oportunidade de conhecer sua cultura no Brasil.&nbsp;<\/p>\n\n\n\n<p>&#8220;Algu\u00e9m que admiro? Um bom amigo meu \u00e9 o Vini Jr. Ele n\u00e3o fala ingl\u00eas t\u00e3o bem, mas neste ver\u00e3o eu pude ir ao Brasil, para vivenciar sua cultura e como \u00e9 ser ele&#8221;, disse o astro da NBA.&nbsp;<\/p>\n\n\n\n<p>O jogador, que compartilhou experi\u00eancias com Vini Jr. e conheceu sua realidade no futebol europeu, enfatizou que o brasileiro enfrenta situa\u00e7\u00f5es dif\u00edceis, incluindo o racismo, mas sempre com dignidade.&nbsp;<\/p>\n\n\n\n<p>&#8220;Ele joga em Madrid e tem muitos dos mesmos problemas que acontecem nos Estados Unidos em torno de racismo e coisas assim. Ele vindo do Brasil e podendo representar n\u00e3o s\u00f3 seu pa\u00eds, mas a Am\u00e9rica do Sul tamb\u00e9m\u2026 e eu acho que ele est\u00e1 fazendo isso com classe&#8221;, completou Brown.<\/p>\n\n\n\n<p>Essa admira\u00e7\u00e3o demonstra que, para Brown, Vini Jr. n\u00e3o s\u00f3 \u00e9 um grande talento, mas tamb\u00e9m uma figura importante na luta contra o racismo, um problema que persiste no futebol global.<\/p>\n\n\n\n<h2 class=\"wp-block-heading\" id=\"h-os-episodios-de-racismo-que-vini-jr-enfrenta\">Os epis\u00f3dios de racismo que Vini Jr. enfrenta<\/h2>\n\n\n\n<p>Vini Jr., como \u00e9 de conhecimento p\u00fablico, tem sido alvo de racismo repetido em diversos jogos do Real Madrid, especialmente na Espanha. Os casos mais not\u00f3rios aconteceram contra o Atl\u00e9tico de Madrid e o Valencia.&nbsp;<\/p>\n\n\n\n<p>No primeiro, em um jogo da Champions League, torcedores do Atl\u00e9tico entoaram c\u00e2nticos ofensivos. J\u00e1 no segundo, em uma partida do Campeonato Espanhol, tr\u00eas torcedores proferiram insultos racistas ao atacante, que teve uma rea\u00e7\u00e3o firme ao pedir a retirada dos envolvidos, mas, em um primeiro momento, o \u00e1rbitro n\u00e3o tomou provid\u00eancias, chegando a aplicar um cart\u00e3o amarelo em Vini Jr.<\/p>\n\n\n\n<h2 class=\"wp-block-heading\" id=\"h-punicao-para-os-criminosos\">Puni\u00e7\u00e3o para os criminosos<\/h2>\n\n\n\n<p>Apesar do impacto inicial, Vini Jr. n\u00e3o deixou que essas atitudes preconceituosas o abalassem. O atacante buscou apoio do Real Madrid e da La Liga para garantir que os culpados fossem responsabilizados.&nbsp;<\/p>\n\n\n\n<p>Como resultado, ap\u00f3s mais de um ano de investiga\u00e7\u00f5es, os tr\u00eas torcedores envolvidos foram condenados a oito meses de pris\u00e3o e banidos dos est\u00e1dios espanh\u00f3is por dois anos. Esse epis\u00f3dio demonstra a determina\u00e7\u00e3o de Vini Jr. em combater o racismo, n\u00e3o apenas em campo, mas tamb\u00e9m buscando justi\u00e7a fora dele.<\/p>\n\n\n\n<p>Dessa maneira, Jaylen Brown e outros colegas de esporte reconhecem o papel essencial de Vin\u00edcius J\u00fanior, n\u00e3o s\u00f3 como jogador, mas tamb\u00e9m como um exemplo de coragem e classe na luta contra o racismo.<\/p>\n","protected":false},"excerpt":{"rendered":"<p>Em recente entrevista coletiva, o jogador Jaylen Brown, estrela do Boston Celtics, fez considera\u00e7\u00f5es sobre o talento e a postura de Vin\u00edcius J\u00fanior diante dos desafios que enfrenta no futebol.&nbsp; O campe\u00e3o da NBA n\u00e3o poupou elogios ao atacante do Real Madrid, destacando o modo como Vini Jr. lida com o racismo, n\u00e3o apenas no [&hellip;]<\/p>\n","protected":false},"author":25,"featured_media":109282,"comment_status":"open","ping_status":"closed","sticky":false,"template":"","format":"standard","meta":{"footnotes":""},"categories":[88],"tags":[],"class_list":["post-244582","post","type-post","status-publish","format-standard","has-post-thumbnail","hentry","category-real-madrid"],"yoast_head":"<!-- This site is optimized with the Yoast SEO Premium plugin v24.2 (Yoast SEO v26.9) - https:\/\/yoast.com\/product\/yoast-seo-premium-wordpress\/ -->\n<title>A declara\u00e7\u00e3o de Jaylen Brown, do Boston Celtics, direcionada a Vinicius Jr, do Real Madrid<\/title>\n<meta name=\"robots\" content=\"index, follow, max-snippet:-1, max-image-preview:large, max-video-preview:-1\" \/>\n<link rel=\"canonical\" href=\"https:\/\/www.gaveanews.com\/index.php\/2025\/03\/25\/a-declaracao-de-jaylen-brown-do-boston-celtics-direcionada-a-vinicius-jr-do-real-madrid\/\" \/>\n<meta property=\"og:locale\" content=\"pt_BR\" \/>\n<meta property=\"og:type\" content=\"article\" \/>\n<meta property=\"og:title\" content=\"A declara\u00e7\u00e3o de Jaylen Brown, do Boston Celtics, direcionada a Vinicius Jr, do Real Madrid\" \/>\n<meta property=\"og:description\" content=\"Em recente entrevista coletiva, o jogador Jaylen Brown, estrela do Boston Celtics, fez considera\u00e7\u00f5es sobre o talento e a postura de Vin\u00edcius J\u00fanior diante dos desafios que enfrenta no futebol.&nbsp; O campe\u00e3o da NBA n\u00e3o poupou elogios ao atacante do Real Madrid, destacando o modo como Vini Jr. lida com o racismo, n\u00e3o apenas no [&hellip;]\" \/>\n<meta property=\"og:url\" content=\"https:\/\/www.gaveanews.com\/index.php\/2025\/03\/25\/a-declaracao-de-jaylen-brown-do-boston-celtics-direcionada-a-vinicius-jr-do-real-madrid\/\" \/>\n<meta property=\"og:site_name\" content=\"G\u00e1vea News\" \/>\n<meta property=\"article:publisher\" content=\"https:\/\/facebook.com\/gaveaNews\/\" \/>\n<meta property=\"article:published_time\" content=\"2025-03-25T22:05:00+00:00\" \/>\n<meta property=\"og:image\" content=\"https:\/\/www.gaveanews.com\/wp-content\/uploads\/vini-jr-real-madrid.webp\" \/>\n\t<meta property=\"og:image:width\" content=\"1080\" \/>\n\t<meta property=\"og:image:height\" content=\"607\" \/>\n\t<meta property=\"og:image:type\" content=\"image\/webp\" \/>\n<meta name=\"author\" content=\"Rafaela Ladeira\" \/>\n<meta name=\"twitter:card\" content=\"summary_large_image\" \/>\n<meta name=\"twitter:label1\" content=\"Escrito por\" \/>\n\t<meta name=\"twitter:data1\" content=\"Rafaela Ladeira\" \/>\n\t<meta name=\"twitter:label2\" content=\"Est. tempo de leitura\" \/>\n\t<meta name=\"twitter:data2\" content=\"3 minutos\" \/>\n<script type=\"application\/ld+json\" class=\"yoast-schema-graph\">{\"@context\":\"https:\/\/schema.org\",\"@graph\":[{\"@type\":\"NewsArticle\",\"@id\":\"https:\/\/www.gaveanews.com\/index.php\/2025\/03\/25\/a-declaracao-de-jaylen-brown-do-boston-celtics-direcionada-a-vinicius-jr-do-real-madrid\/#article\",\"isPartOf\":{\"@id\":\"https:\/\/www.gaveanews.com\/index.php\/2025\/03\/25\/a-declaracao-de-jaylen-brown-do-boston-celtics-direcionada-a-vinicius-jr-do-real-madrid\/\"},\"author\":{\"name\":\"Rafaela Ladeira\",\"@id\":\"https:\/\/www.gaveanews.com\/#\/schema\/person\/0eb3e3fe1754f0205218538adbe8f5ed\"},\"headline\":\"A declara\u00e7\u00e3o de Jaylen Brown, do Boston Celtics, direcionada a Vinicius Jr, do Real Madrid\",\"datePublished\":\"2025-03-25T22:05:00+00:00\",\"mainEntityOfPage\":{\"@id\":\"https:\/\/www.gaveanews.com\/index.php\/2025\/03\/25\/a-declaracao-de-jaylen-brown-do-boston-celtics-direcionada-a-vinicius-jr-do-real-madrid\/\"},\"wordCount\":560,\"commentCount\":0,\"image\":{\"@id\":\"https:\/\/www.gaveanews.com\/index.php\/2025\/03\/25\/a-declaracao-de-jaylen-brown-do-boston-celtics-direcionada-a-vinicius-jr-do-real-madrid\/#primaryimage\"},\"thumbnailUrl\":\"https:\/\/www.gaveanews.com\/wp-content\/uploads\/vini-jr-real-madrid.webp\",\"articleSection\":[\"Real Madrid\"],\"inLanguage\":\"pt-BR\",\"potentialAction\":[{\"@type\":\"CommentAction\",\"name\":\"Comment\",\"target\":[\"https:\/\/www.gaveanews.com\/index.php\/2025\/03\/25\/a-declaracao-de-jaylen-brown-do-boston-celtics-direcionada-a-vinicius-jr-do-real-madrid\/#respond\"]}],\"copyrightYear\":\"2025\",\"copyrightHolder\":{\"@id\":\"https:\/\/www.gaveanews.com\/#organization\"}},{\"@type\":\"WebPage\",\"@id\":\"https:\/\/www.gaveanews.com\/index.php\/2025\/03\/25\/a-declaracao-de-jaylen-brown-do-boston-celtics-direcionada-a-vinicius-jr-do-real-madrid\/\",\"url\":\"https:\/\/www.gaveanews.com\/index.php\/2025\/03\/25\/a-declaracao-de-jaylen-brown-do-boston-celtics-direcionada-a-vinicius-jr-do-real-madrid\/\",\"name\":\"A declara\u00e7\u00e3o de Jaylen Brown, do Boston Celtics, direcionada a Vinicius Jr, do Real Madrid\",\"isPartOf\":{\"@id\":\"https:\/\/www.gaveanews.com\/#website\"},\"primaryImageOfPage\":{\"@id\":\"https:\/\/www.gaveanews.com\/index.php\/2025\/03\/25\/a-declaracao-de-jaylen-brown-do-boston-celtics-direcionada-a-vinicius-jr-do-real-madrid\/#primaryimage\"},\"image\":{\"@id\":\"https:\/\/www.gaveanews.com\/index.php\/2025\/03\/25\/a-declaracao-de-jaylen-brown-do-boston-celtics-direcionada-a-vinicius-jr-do-real-madrid\/#primaryimage\"},\"thumbnailUrl\":\"https:\/\/www.gaveanews.com\/wp-content\/uploads\/vini-jr-real-madrid.webp\",\"datePublished\":\"2025-03-25T22:05:00+00:00\",\"author\":{\"@id\":\"https:\/\/www.gaveanews.com\/#\/schema\/person\/0eb3e3fe1754f0205218538adbe8f5ed\"},\"breadcrumb\":{\"@id\":\"https:\/\/www.gaveanews.com\/index.php\/2025\/03\/25\/a-declaracao-de-jaylen-brown-do-boston-celtics-direcionada-a-vinicius-jr-do-real-madrid\/#breadcrumb\"},\"inLanguage\":\"pt-BR\",\"potentialAction\":[{\"@type\":\"ReadAction\",\"target\":[\"https:\/\/www.gaveanews.com\/index.php\/2025\/03\/25\/a-declaracao-de-jaylen-brown-do-boston-celtics-direcionada-a-vinicius-jr-do-real-madrid\/\"]}]},{\"@type\":\"ImageObject\",\"inLanguage\":\"pt-BR\",\"@id\":\"https:\/\/www.gaveanews.com\/index.php\/2025\/03\/25\/a-declaracao-de-jaylen-brown-do-boston-celtics-direcionada-a-vinicius-jr-do-real-madrid\/#primaryimage\",\"url\":\"https:\/\/www.gaveanews.com\/wp-content\/uploads\/vini-jr-real-madrid.webp\",\"contentUrl\":\"https:\/\/www.gaveanews.com\/wp-content\/uploads\/vini-jr-real-madrid.webp\",\"width\":1080,\"height\":607,\"caption\":\"Vini Jr em a\u00e7\u00e3o pelo Real Madrid (Foto: Divulga\u00e7\u00e3o\/Real Madrid)\"},{\"@type\":\"BreadcrumbList\",\"@id\":\"https:\/\/www.gaveanews.com\/index.php\/2025\/03\/25\/a-declaracao-de-jaylen-brown-do-boston-celtics-direcionada-a-vinicius-jr-do-real-madrid\/#breadcrumb\",\"itemListElement\":[{\"@type\":\"ListItem\",\"position\":1,\"name\":\"Home\",\"item\":\"https:\/\/www.gaveanews.com\/\"},{\"@type\":\"ListItem\",\"position\":2,\"name\":\"A declara\u00e7\u00e3o de Jaylen Brown, do Boston Celtics, direcionada a Vinicius Jr, do Real Madrid\"}]},{\"@type\":\"WebSite\",\"@id\":\"https:\/\/www.gaveanews.com\/#website\",\"url\":\"https:\/\/www.gaveanews.com\/\",\"name\":\"G\u00e1vea News\",\"description\":\"Veja todas as not\u00edcias sobre o Flamengo: Contrata\u00e7\u00f5es, categorias de base, resultados das partidas, tabela de classifica\u00e7\u00e3o, pr\u00f3ximos jogos!\",\"potentialAction\":[{\"@type\":\"SearchAction\",\"target\":{\"@type\":\"EntryPoint\",\"urlTemplate\":\"https:\/\/www.gaveanews.com\/?s={search_term_string}\"},\"query-input\":{\"@type\":\"PropertyValueSpecification\",\"valueRequired\":true,\"valueName\":\"search_term_string\"}}],\"inLanguage\":\"pt-BR\"},{\"@type\":\"Person\",\"@id\":\"https:\/\/www.gaveanews.com\/#\/schema\/person\/0eb3e3fe1754f0205218538adbe8f5ed\",\"name\":\"Rafaela Ladeira\",\"image\":{\"@type\":\"ImageObject\",\"inLanguage\":\"pt-BR\",\"@id\":\"https:\/\/www.gaveanews.com\/#\/schema\/person\/image\/\",\"url\":\"https:\/\/secure.gravatar.com\/avatar\/c31f513acffd85eacab5730cbdfdbbf59f21ba5aeada8cd890acea879fbb2455?s=96&d=mm&r=g\",\"contentUrl\":\"https:\/\/secure.gravatar.com\/avatar\/c31f513acffd85eacab5730cbdfdbbf59f21ba5aeada8cd890acea879fbb2455?s=96&d=mm&r=g\",\"caption\":\"Rafaela Ladeira\"}}]}<\/script>\n<!-- \/ Yoast SEO Premium plugin. -->","yoast_head_json":{"title":"A declara\u00e7\u00e3o de Jaylen Brown, do Boston Celtics, direcionada a Vinicius Jr, do Real Madrid","robots":{"index":"index","follow":"follow","max-snippet":"max-snippet:-1","max-image-preview":"max-image-preview:large","max-video-preview":"max-video-preview:-1"},"canonical":"https:\/\/www.gaveanews.com\/index.php\/2025\/03\/25\/a-declaracao-de-jaylen-brown-do-boston-celtics-direcionada-a-vinicius-jr-do-real-madrid\/","og_locale":"pt_BR","og_type":"article","og_title":"A declara\u00e7\u00e3o de Jaylen Brown, do Boston Celtics, direcionada a Vinicius Jr, do Real Madrid","og_description":"Em recente entrevista coletiva, o jogador Jaylen Brown, estrela do Boston Celtics, fez considera\u00e7\u00f5es sobre o talento e a postura de Vin\u00edcius J\u00fanior diante dos desafios que enfrenta no futebol.&nbsp; O campe\u00e3o da NBA n\u00e3o poupou elogios ao atacante do Real Madrid, destacando o modo como Vini Jr. lida com o racismo, n\u00e3o apenas no [&hellip;]","og_url":"https:\/\/www.gaveanews.com\/index.php\/2025\/03\/25\/a-declaracao-de-jaylen-brown-do-boston-celtics-direcionada-a-vinicius-jr-do-real-madrid\/","og_site_name":"G\u00e1vea News","article_publisher":"https:\/\/facebook.com\/gaveaNews\/","article_published_time":"2025-03-25T22:05:00+00:00","og_image":[{"width":1080,"height":607,"url":"https:\/\/www.gaveanews.com\/wp-content\/uploads\/vini-jr-real-madrid.webp","type":"image\/webp"}],"author":"Rafaela Ladeira","twitter_card":"summary_large_image","twitter_misc":{"Escrito por":"Rafaela Ladeira","Est. tempo de leitura":"3 minutos"},"schema":{"@context":"https:\/\/schema.org","@graph":[{"@type":"NewsArticle","@id":"https:\/\/www.gaveanews.com\/index.php\/2025\/03\/25\/a-declaracao-de-jaylen-brown-do-boston-celtics-direcionada-a-vinicius-jr-do-real-madrid\/#article","isPartOf":{"@id":"https:\/\/www.gaveanews.com\/index.php\/2025\/03\/25\/a-declaracao-de-jaylen-brown-do-boston-celtics-direcionada-a-vinicius-jr-do-real-madrid\/"},"author":{"name":"Rafaela Ladeira","@id":"https:\/\/www.gaveanews.com\/#\/schema\/person\/0eb3e3fe1754f0205218538adbe8f5ed"},"headline":"A declara\u00e7\u00e3o de Jaylen Brown, do Boston Celtics, direcionada a Vinicius Jr, do Real Madrid","datePublished":"2025-03-25T22:05:00+00:00","mainEntityOfPage":{"@id":"https:\/\/www.gaveanews.com\/index.php\/2025\/03\/25\/a-declaracao-de-jaylen-brown-do-boston-celtics-direcionada-a-vinicius-jr-do-real-madrid\/"},"wordCount":560,"commentCount":0,"image":{"@id":"https:\/\/www.gaveanews.com\/index.php\/2025\/03\/25\/a-declaracao-de-jaylen-brown-do-boston-celtics-direcionada-a-vinicius-jr-do-real-madrid\/#primaryimage"},"thumbnailUrl":"https:\/\/www.gaveanews.com\/wp-content\/uploads\/vini-jr-real-madrid.webp","articleSection":["Real Madrid"],"inLanguage":"pt-BR","potentialAction":[{"@type":"CommentAction","name":"Comment","target":["https:\/\/www.gaveanews.com\/index.php\/2025\/03\/25\/a-declaracao-de-jaylen-brown-do-boston-celtics-direcionada-a-vinicius-jr-do-real-madrid\/#respond"]}],"copyrightYear":"2025","copyrightHolder":{"@id":"https:\/\/www.gaveanews.com\/#organization"}},{"@type":"WebPage","@id":"https:\/\/www.gaveanews.com\/index.php\/2025\/03\/25\/a-declaracao-de-jaylen-brown-do-boston-celtics-direcionada-a-vinicius-jr-do-real-madrid\/","url":"https:\/\/www.gaveanews.com\/index.php\/2025\/03\/25\/a-declaracao-de-jaylen-brown-do-boston-celtics-direcionada-a-vinicius-jr-do-real-madrid\/","name":"A declara\u00e7\u00e3o de Jaylen Brown, do Boston Celtics, direcionada a Vinicius Jr, do Real Madrid","isPartOf":{"@id":"https:\/\/www.gaveanews.com\/#website"},"primaryImageOfPage":{"@id":"https:\/\/www.gaveanews.com\/index.php\/2025\/03\/25\/a-declaracao-de-jaylen-brown-do-boston-celtics-direcionada-a-vinicius-jr-do-real-madrid\/#primaryimage"},"image":{"@id":"https:\/\/www.gaveanews.com\/index.php\/2025\/03\/25\/a-declaracao-de-jaylen-brown-do-boston-celtics-direcionada-a-vinicius-jr-do-real-madrid\/#primaryimage"},"thumbnailUrl":"https:\/\/www.gaveanews.com\/wp-content\/uploads\/vini-jr-real-madrid.webp","datePublished":"2025-03-25T22:05:00+00:00","author":{"@id":"https:\/\/www.gaveanews.com\/#\/schema\/person\/0eb3e3fe1754f0205218538adbe8f5ed"},"breadcrumb":{"@id":"https:\/\/www.gaveanews.com\/index.php\/2025\/03\/25\/a-declaracao-de-jaylen-brown-do-boston-celtics-direcionada-a-vinicius-jr-do-real-madrid\/#breadcrumb"},"inLanguage":"pt-BR","potentialAction":[{"@type":"ReadAction","target":["https:\/\/www.gaveanews.com\/index.php\/2025\/03\/25\/a-declaracao-de-jaylen-brown-do-boston-celtics-direcionada-a-vinicius-jr-do-real-madrid\/"]}]},{"@type":"ImageObject","inLanguage":"pt-BR","@id":"https:\/\/www.gaveanews.com\/index.php\/2025\/03\/25\/a-declaracao-de-jaylen-brown-do-boston-celtics-direcionada-a-vinicius-jr-do-real-madrid\/#primaryimage","url":"https:\/\/www.gaveanews.com\/wp-content\/uploads\/vini-jr-real-madrid.webp","contentUrl":"https:\/\/www.gaveanews.com\/wp-content\/uploads\/vini-jr-real-madrid.webp","width":1080,"height":607,"caption":"Vini Jr em a\u00e7\u00e3o pelo Real Madrid (Foto: Divulga\u00e7\u00e3o\/Real Madrid)"},{"@type":"BreadcrumbList","@id":"https:\/\/www.gaveanews.com\/index.php\/2025\/03\/25\/a-declaracao-de-jaylen-brown-do-boston-celtics-direcionada-a-vinicius-jr-do-real-madrid\/#breadcrumb","itemListElement":[{"@type":"ListItem","position":1,"name":"Home","item":"https:\/\/www.gaveanews.com\/"},{"@type":"ListItem","position":2,"name":"A declara\u00e7\u00e3o de Jaylen Brown, do Boston Celtics, direcionada a Vinicius Jr, do Real Madrid"}]},{"@type":"WebSite","@id":"https:\/\/www.gaveanews.com\/#website","url":"https:\/\/www.gaveanews.com\/","name":"G\u00e1vea News","description":"Veja todas as not\u00edcias sobre o Flamengo: Contrata\u00e7\u00f5es, categorias de base, resultados das partidas, tabela de classifica\u00e7\u00e3o, pr\u00f3ximos jogos!","potentialAction":[{"@type":"SearchAction","target":{"@type":"EntryPoint","urlTemplate":"https:\/\/www.gaveanews.com\/?s={search_term_string}"},"query-input":{"@type":"PropertyValueSpecification","valueRequired":true,"valueName":"search_term_string"}}],"inLanguage":"pt-BR"},{"@type":"Person","@id":"https:\/\/www.gaveanews.com\/#\/schema\/person\/0eb3e3fe1754f0205218538adbe8f5ed","name":"Rafaela Ladeira","image":{"@type":"ImageObject","inLanguage":"pt-BR","@id":"https:\/\/www.gaveanews.com\/#\/schema\/person\/image\/","url":"https:\/\/secure.gravatar.com\/avatar\/c31f513acffd85eacab5730cbdfdbbf59f21ba5aeada8cd890acea879fbb2455?s=96&d=mm&r=g","contentUrl":"https:\/\/secure.gravatar.com\/avatar\/c31f513acffd85eacab5730cbdfdbbf59f21ba5aeada8cd890acea879fbb2455?s=96&d=mm&r=g","caption":"Rafaela Ladeira"}}]}},"_links":{"self":[{"href":"https:\/\/www.gaveanews.com\/index.php\/wp-json\/wp\/v2\/posts\/244582","targetHints":{"allow":["GET"]}}],"collection":[{"href":"https:\/\/www.gaveanews.com\/index.php\/wp-json\/wp\/v2\/posts"}],"about":[{"href":"https:\/\/www.gaveanews.com\/index.php\/wp-json\/wp\/v2\/types\/post"}],"author":[{"embeddable":true,"href":"https:\/\/www.gaveanews.com\/index.php\/wp-json\/wp\/v2\/users\/25"}],"replies":[{"embeddable":true,"href":"https:\/\/www.gaveanews.com\/index.php\/wp-json\/wp\/v2\/comments?post=244582"}],"version-history":[{"count":1,"href":"https:\/\/www.gaveanews.com\/index.php\/wp-json\/wp\/v2\/posts\/244582\/revisions"}],"predecessor-version":[{"id":244584,"href":"https:\/\/www.gaveanews.com\/index.php\/wp-json\/wp\/v2\/posts\/244582\/revisions\/244584"}],"wp:featuredmedia":[{"embeddable":true,"href":"https:\/\/www.gaveanews.com\/index.php\/wp-json\/wp\/v2\/media\/109282"}],"wp:attachment":[{"href":"https:\/\/www.gaveanews.com\/index.php\/wp-json\/wp\/v2\/media?parent=244582"}],"wp:term":[{"taxonomy":"category","embeddable":true,"href":"https:\/\/www.gaveanews.com\/index.php\/wp-json\/wp\/v2\/categories?post=244582"},{"taxonomy":"post_tag","embeddable":true,"href":"https:\/\/www.gaveanews.com\/index.php\/wp-json\/wp\/v2\/tags?post=244582"}],"curies":[{"name":"wp","href":"https:\/\/api.w.org\/{rel}","templated":true}]}}