{"id":244592,"date":"2025-03-26T08:00:00","date_gmt":"2025-03-26T11:00:00","guid":{"rendered":"https:\/\/www.gaveanews.com\/?p=244592"},"modified":"2025-03-26T01:26:46","modified_gmt":"2025-03-26T04:26:46","slug":"a-declaracao-de-ronaldo-fenomeno-direcionada-a-neymar-2","status":"publish","type":"post","link":"https:\/\/www.gaveanews.com\/index.php\/2025\/03\/26\/a-declaracao-de-ronaldo-fenomeno-direcionada-a-neymar-2\/","title":{"rendered":"A declara\u00e7\u00e3o de Ronaldo Fen\u00f4meno direcionada a Neymar"},"content":{"rendered":"\n<p>Ronaldo Fen\u00f4meno usou as redes sociais para pedir desculpas publicamente a Neymar. O pentacampe\u00e3o mundial com a Sele\u00e7\u00e3o Brasileira voltou atr\u00e1s em uma declara\u00e7\u00e3o na qual dizia que o camisa 10 teria uma rela\u00e7\u00e3o ruim com o presidente da Confedera\u00e7\u00e3o Brasileira de Futebol (CBF), Ednaldo Rodrigues.<\/p>\n\n\n\n<p>&#8220;Deixo aqui o meu pedido de desculpa ao Neymar por ter falado da sua rela\u00e7\u00e3o com o presidente da CBF. Como ex-jogador, sei o quanto hist\u00f3rias mal contadas podem nos prejudicar. Sei tamb\u00e9m o quanto o seu talento pode fazer a diferen\u00e7a na sele\u00e7\u00e3o brasileira. \u00c9 por isso que tor\u00e7o!&#8221;, escreveu no X, antigo Twitter.<\/p>\n\n\n\n<blockquote class=\"twitter-tweet\"><p lang=\"pt\" dir=\"ltr\">Deixo aqui o meu pedido de desculpa ao <a href=\"https:\/\/twitter.com\/neymarjr?ref_src=twsrc%5Etfw\">@neymarjr<\/a> por ter falado da sua rela\u00e7\u00e3o com o presidente da CBF. Como ex-jogador, sei o quanto hist\u00f3rias mal contadas podem nos prejudicar. Sei tamb\u00e9m o quanto o seu talento pode fazer a diferen\u00e7a na Sele\u00e7\u00e3o Brasileira. \u00c9 por isso que tor\u00e7o!<\/p>&mdash; Ronaldo Naz\u00e1rio (@Ronaldo) <a href=\"https:\/\/twitter.com\/Ronaldo\/status\/1904223264550830479?ref_src=twsrc%5Etfw\">March 24, 2025<\/a><\/blockquote> <script async src=\"https:\/\/platform.twitter.com\/widgets.js\" charset=\"utf-8\"><\/script>\n\n\n\n<p>O pedido de desculpas foi motivado por conta de uma declara\u00e7\u00e3o de Ronaldo em uma entrevista ao Charla Podcast. Durante a participa\u00e7\u00e3o, o ex-atacante disse que Neymar n\u00e3o tinha uma boa rela\u00e7\u00e3o com o presidente da CBF por culpar a entidade pela les\u00e3o que sofreu em 2023, na partida contra o Uruguai, pelas Eliminat\u00f3rias da Copa do Mundo 2026.<\/p>\n\n\n\n<p>\u201cPelo o que eu sei, ele n\u00e3o se d\u00e1 bem com o Ednaldo (Rodrigues). Ele acusa o Ednaldo de que, a les\u00e3o dele do cruzado (ligamento do joelho esquerdo), foi no campo do Cuiab\u00e1, com gramado irregular. Foi o que eu ouvi, n\u00e3o posso afirmar se \u00e9 verdade. \u00c9 o que eu ouvi\u201d, disse Ronaldo Naz\u00e1rio.<\/p>\n\n\n\n<p>Nos acr\u00e9scimos da derrota por 2 a 0 para a Celeste, em 17 de outubro de 2023, no Centen\u00e1rio, em Montevid\u00e9u, Neymar saiu de campo sentindo o joelho esquerdo, e ap\u00f3s a realiza\u00e7\u00e3o de exames, foi constatado o rompimento cruzado anterior do joelho esquerdo.<\/p>\n\n\n\n<p>A partida aconteceu cinco dias depois do embate entre Brasil e Venezuela, tamb\u00e9m pelas Eliminat\u00f3rias, na qual o Escrete Canarinho jogou na Arena Pantanal, est\u00e1dio utilizado pelo Cuiab\u00e1, e que possu\u00eda gramado irregular, segundo a primeira declara\u00e7\u00e3o do pentacampe\u00e3o mundial.<\/p>\n","protected":false},"excerpt":{"rendered":"<p>Ronaldo Fen\u00f4meno usou as redes sociais para pedir desculpas publicamente a Neymar. O pentacampe\u00e3o mundial com a Sele\u00e7\u00e3o Brasileira voltou atr\u00e1s em uma declara\u00e7\u00e3o na qual dizia que o camisa 10 teria uma rela\u00e7\u00e3o ruim com o presidente da Confedera\u00e7\u00e3o Brasileira de Futebol (CBF), Ednaldo Rodrigues. &#8220;Deixo aqui o meu pedido de desculpa ao Neymar [&hellip;]<\/p>\n","protected":false},"author":29,"featured_media":111938,"comment_status":"open","ping_status":"closed","sticky":false,"template":"","format":"standard","meta":{"footnotes":""},"categories":[478],"tags":[],"class_list":["post-244592","post","type-post","status-publish","format-standard","has-post-thumbnail","hentry","category-brasil"],"yoast_head":"<!-- This site is optimized with the Yoast SEO Premium plugin v24.2 (Yoast SEO v26.9) - https:\/\/yoast.com\/product\/yoast-seo-premium-wordpress\/ -->\n<title>A declara\u00e7\u00e3o de Ronaldo Fen\u00f4meno direcionada a Neymar<\/title>\n<meta name=\"robots\" content=\"index, follow, max-snippet:-1, max-image-preview:large, max-video-preview:-1\" \/>\n<link rel=\"canonical\" href=\"https:\/\/www.gaveanews.com\/index.php\/2025\/03\/26\/a-declaracao-de-ronaldo-fenomeno-direcionada-a-neymar-2\/\" \/>\n<meta property=\"og:locale\" content=\"pt_BR\" \/>\n<meta property=\"og:type\" content=\"article\" \/>\n<meta property=\"og:title\" content=\"A declara\u00e7\u00e3o de Ronaldo Fen\u00f4meno direcionada a Neymar\" \/>\n<meta property=\"og:description\" content=\"Ronaldo Fen\u00f4meno usou as redes sociais para pedir desculpas publicamente a Neymar. O pentacampe\u00e3o mundial com a Sele\u00e7\u00e3o Brasileira voltou atr\u00e1s em uma declara\u00e7\u00e3o na qual dizia que o camisa 10 teria uma rela\u00e7\u00e3o ruim com o presidente da Confedera\u00e7\u00e3o Brasileira de Futebol (CBF), Ednaldo Rodrigues. &#8220;Deixo aqui o meu pedido de desculpa ao Neymar [&hellip;]\" \/>\n<meta property=\"og:url\" content=\"https:\/\/www.gaveanews.com\/index.php\/2025\/03\/26\/a-declaracao-de-ronaldo-fenomeno-direcionada-a-neymar-2\/\" \/>\n<meta property=\"og:site_name\" content=\"G\u00e1vea News\" \/>\n<meta property=\"article:publisher\" content=\"https:\/\/facebook.com\/gaveaNews\/\" \/>\n<meta property=\"article:published_time\" content=\"2025-03-26T11:00:00+00:00\" \/>\n<meta property=\"og:image\" content=\"https:\/\/www.gaveanews.com\/wp-content\/uploads\/neymar-selecao.webp\" \/>\n\t<meta property=\"og:image:width\" content=\"1920\" \/>\n\t<meta property=\"og:image:height\" content=\"1280\" \/>\n\t<meta property=\"og:image:type\" content=\"image\/jpeg\" \/>\n<meta name=\"author\" content=\"Marco Menezes\" \/>\n<meta name=\"twitter:card\" content=\"summary_large_image\" \/>\n<meta name=\"twitter:label1\" content=\"Escrito por\" \/>\n\t<meta name=\"twitter:data1\" content=\"Marco Menezes\" \/>\n\t<meta name=\"twitter:label2\" content=\"Est. tempo de leitura\" \/>\n\t<meta name=\"twitter:data2\" content=\"2 minutos\" \/>\n<script type=\"application\/ld+json\" class=\"yoast-schema-graph\">{\"@context\":\"https:\/\/schema.org\",\"@graph\":[{\"@type\":\"NewsArticle\",\"@id\":\"https:\/\/www.gaveanews.com\/index.php\/2025\/03\/26\/a-declaracao-de-ronaldo-fenomeno-direcionada-a-neymar-2\/#article\",\"isPartOf\":{\"@id\":\"https:\/\/www.gaveanews.com\/index.php\/2025\/03\/26\/a-declaracao-de-ronaldo-fenomeno-direcionada-a-neymar-2\/\"},\"author\":{\"name\":\"Marco Menezes\",\"@id\":\"https:\/\/www.gaveanews.com\/#\/schema\/person\/a9f62fe75380c6bada1b2fc49bc23d69\"},\"headline\":\"A declara\u00e7\u00e3o de Ronaldo Fen\u00f4meno direcionada a Neymar\",\"datePublished\":\"2025-03-26T11:00:00+00:00\",\"mainEntityOfPage\":{\"@id\":\"https:\/\/www.gaveanews.com\/index.php\/2025\/03\/26\/a-declaracao-de-ronaldo-fenomeno-direcionada-a-neymar-2\/\"},\"wordCount\":395,\"commentCount\":0,\"image\":{\"@id\":\"https:\/\/www.gaveanews.com\/index.php\/2025\/03\/26\/a-declaracao-de-ronaldo-fenomeno-direcionada-a-neymar-2\/#primaryimage\"},\"thumbnailUrl\":\"https:\/\/www.gaveanews.com\/wp-content\/uploads\/neymar-selecao.webp\",\"articleSection\":[\"Brasil\"],\"inLanguage\":\"pt-BR\",\"potentialAction\":[{\"@type\":\"CommentAction\",\"name\":\"Comment\",\"target\":[\"https:\/\/www.gaveanews.com\/index.php\/2025\/03\/26\/a-declaracao-de-ronaldo-fenomeno-direcionada-a-neymar-2\/#respond\"]}],\"copyrightYear\":\"2025\",\"copyrightHolder\":{\"@id\":\"https:\/\/www.gaveanews.com\/#organization\"}},{\"@type\":\"WebPage\",\"@id\":\"https:\/\/www.gaveanews.com\/index.php\/2025\/03\/26\/a-declaracao-de-ronaldo-fenomeno-direcionada-a-neymar-2\/\",\"url\":\"https:\/\/www.gaveanews.com\/index.php\/2025\/03\/26\/a-declaracao-de-ronaldo-fenomeno-direcionada-a-neymar-2\/\",\"name\":\"A declara\u00e7\u00e3o de Ronaldo Fen\u00f4meno direcionada a Neymar\",\"isPartOf\":{\"@id\":\"https:\/\/www.gaveanews.com\/#website\"},\"primaryImageOfPage\":{\"@id\":\"https:\/\/www.gaveanews.com\/index.php\/2025\/03\/26\/a-declaracao-de-ronaldo-fenomeno-direcionada-a-neymar-2\/#primaryimage\"},\"image\":{\"@id\":\"https:\/\/www.gaveanews.com\/index.php\/2025\/03\/26\/a-declaracao-de-ronaldo-fenomeno-direcionada-a-neymar-2\/#primaryimage\"},\"thumbnailUrl\":\"https:\/\/www.gaveanews.com\/wp-content\/uploads\/neymar-selecao.webp\",\"datePublished\":\"2025-03-26T11:00:00+00:00\",\"author\":{\"@id\":\"https:\/\/www.gaveanews.com\/#\/schema\/person\/a9f62fe75380c6bada1b2fc49bc23d69\"},\"breadcrumb\":{\"@id\":\"https:\/\/www.gaveanews.com\/index.php\/2025\/03\/26\/a-declaracao-de-ronaldo-fenomeno-direcionada-a-neymar-2\/#breadcrumb\"},\"inLanguage\":\"pt-BR\",\"potentialAction\":[{\"@type\":\"ReadAction\",\"target\":[\"https:\/\/www.gaveanews.com\/index.php\/2025\/03\/26\/a-declaracao-de-ronaldo-fenomeno-direcionada-a-neymar-2\/\"]}]},{\"@type\":\"ImageObject\",\"inLanguage\":\"pt-BR\",\"@id\":\"https:\/\/www.gaveanews.com\/index.php\/2025\/03\/26\/a-declaracao-de-ronaldo-fenomeno-direcionada-a-neymar-2\/#primaryimage\",\"url\":\"https:\/\/www.gaveanews.com\/wp-content\/uploads\/neymar-selecao.webp\",\"contentUrl\":\"https:\/\/www.gaveanews.com\/wp-content\/uploads\/neymar-selecao.webp\",\"width\":1920,\"height\":1280,\"caption\":\"Neymar em a\u00e7\u00e3o pela Sele\u00e7\u00e3o Brasileira (Foto: Andre Borges\/EFE)\"},{\"@type\":\"BreadcrumbList\",\"@id\":\"https:\/\/www.gaveanews.com\/index.php\/2025\/03\/26\/a-declaracao-de-ronaldo-fenomeno-direcionada-a-neymar-2\/#breadcrumb\",\"itemListElement\":[{\"@type\":\"ListItem\",\"position\":1,\"name\":\"Home\",\"item\":\"https:\/\/www.gaveanews.com\/\"},{\"@type\":\"ListItem\",\"position\":2,\"name\":\"A declara\u00e7\u00e3o de Ronaldo Fen\u00f4meno direcionada a Neymar\"}]},{\"@type\":\"WebSite\",\"@id\":\"https:\/\/www.gaveanews.com\/#website\",\"url\":\"https:\/\/www.gaveanews.com\/\",\"name\":\"G\u00e1vea News\",\"description\":\"Veja todas as not\u00edcias sobre o Flamengo: Contrata\u00e7\u00f5es, categorias de base, resultados das partidas, tabela de classifica\u00e7\u00e3o, pr\u00f3ximos jogos!\",\"potentialAction\":[{\"@type\":\"SearchAction\",\"target\":{\"@type\":\"EntryPoint\",\"urlTemplate\":\"https:\/\/www.gaveanews.com\/?s={search_term_string}\"},\"query-input\":{\"@type\":\"PropertyValueSpecification\",\"valueRequired\":true,\"valueName\":\"search_term_string\"}}],\"inLanguage\":\"pt-BR\"},{\"@type\":\"Person\",\"@id\":\"https:\/\/www.gaveanews.com\/#\/schema\/person\/a9f62fe75380c6bada1b2fc49bc23d69\",\"name\":\"Marco Menezes\",\"image\":{\"@type\":\"ImageObject\",\"inLanguage\":\"pt-BR\",\"@id\":\"https:\/\/www.gaveanews.com\/#\/schema\/person\/image\/\",\"url\":\"https:\/\/secure.gravatar.com\/avatar\/a1d148ae17fc8bfc5dbccffd07979e8bd2c9ba494221779de86ec2c7907b71ec?s=96&d=mm&r=g\",\"contentUrl\":\"https:\/\/secure.gravatar.com\/avatar\/a1d148ae17fc8bfc5dbccffd07979e8bd2c9ba494221779de86ec2c7907b71ec?s=96&d=mm&r=g\",\"caption\":\"Marco Menezes\"}}]}<\/script>\n<!-- \/ Yoast SEO Premium plugin. -->","yoast_head_json":{"title":"A declara\u00e7\u00e3o de Ronaldo Fen\u00f4meno direcionada a Neymar","robots":{"index":"index","follow":"follow","max-snippet":"max-snippet:-1","max-image-preview":"max-image-preview:large","max-video-preview":"max-video-preview:-1"},"canonical":"https:\/\/www.gaveanews.com\/index.php\/2025\/03\/26\/a-declaracao-de-ronaldo-fenomeno-direcionada-a-neymar-2\/","og_locale":"pt_BR","og_type":"article","og_title":"A declara\u00e7\u00e3o de Ronaldo Fen\u00f4meno direcionada a Neymar","og_description":"Ronaldo Fen\u00f4meno usou as redes sociais para pedir desculpas publicamente a Neymar. O pentacampe\u00e3o mundial com a Sele\u00e7\u00e3o Brasileira voltou atr\u00e1s em uma declara\u00e7\u00e3o na qual dizia que o camisa 10 teria uma rela\u00e7\u00e3o ruim com o presidente da Confedera\u00e7\u00e3o Brasileira de Futebol (CBF), Ednaldo Rodrigues. &#8220;Deixo aqui o meu pedido de desculpa ao Neymar [&hellip;]","og_url":"https:\/\/www.gaveanews.com\/index.php\/2025\/03\/26\/a-declaracao-de-ronaldo-fenomeno-direcionada-a-neymar-2\/","og_site_name":"G\u00e1vea News","article_publisher":"https:\/\/facebook.com\/gaveaNews\/","article_published_time":"2025-03-26T11:00:00+00:00","og_image":[{"width":1920,"height":1280,"url":"https:\/\/www.gaveanews.com\/wp-content\/uploads\/neymar-selecao.webp","type":"image\/jpeg"}],"author":"Marco Menezes","twitter_card":"summary_large_image","twitter_misc":{"Escrito por":"Marco Menezes","Est. tempo de leitura":"2 minutos"},"schema":{"@context":"https:\/\/schema.org","@graph":[{"@type":"NewsArticle","@id":"https:\/\/www.gaveanews.com\/index.php\/2025\/03\/26\/a-declaracao-de-ronaldo-fenomeno-direcionada-a-neymar-2\/#article","isPartOf":{"@id":"https:\/\/www.gaveanews.com\/index.php\/2025\/03\/26\/a-declaracao-de-ronaldo-fenomeno-direcionada-a-neymar-2\/"},"author":{"name":"Marco Menezes","@id":"https:\/\/www.gaveanews.com\/#\/schema\/person\/a9f62fe75380c6bada1b2fc49bc23d69"},"headline":"A declara\u00e7\u00e3o de Ronaldo Fen\u00f4meno direcionada a Neymar","datePublished":"2025-03-26T11:00:00+00:00","mainEntityOfPage":{"@id":"https:\/\/www.gaveanews.com\/index.php\/2025\/03\/26\/a-declaracao-de-ronaldo-fenomeno-direcionada-a-neymar-2\/"},"wordCount":395,"commentCount":0,"image":{"@id":"https:\/\/www.gaveanews.com\/index.php\/2025\/03\/26\/a-declaracao-de-ronaldo-fenomeno-direcionada-a-neymar-2\/#primaryimage"},"thumbnailUrl":"https:\/\/www.gaveanews.com\/wp-content\/uploads\/neymar-selecao.webp","articleSection":["Brasil"],"inLanguage":"pt-BR","potentialAction":[{"@type":"CommentAction","name":"Comment","target":["https:\/\/www.gaveanews.com\/index.php\/2025\/03\/26\/a-declaracao-de-ronaldo-fenomeno-direcionada-a-neymar-2\/#respond"]}],"copyrightYear":"2025","copyrightHolder":{"@id":"https:\/\/www.gaveanews.com\/#organization"}},{"@type":"WebPage","@id":"https:\/\/www.gaveanews.com\/index.php\/2025\/03\/26\/a-declaracao-de-ronaldo-fenomeno-direcionada-a-neymar-2\/","url":"https:\/\/www.gaveanews.com\/index.php\/2025\/03\/26\/a-declaracao-de-ronaldo-fenomeno-direcionada-a-neymar-2\/","name":"A declara\u00e7\u00e3o de Ronaldo Fen\u00f4meno direcionada a Neymar","isPartOf":{"@id":"https:\/\/www.gaveanews.com\/#website"},"primaryImageOfPage":{"@id":"https:\/\/www.gaveanews.com\/index.php\/2025\/03\/26\/a-declaracao-de-ronaldo-fenomeno-direcionada-a-neymar-2\/#primaryimage"},"image":{"@id":"https:\/\/www.gaveanews.com\/index.php\/2025\/03\/26\/a-declaracao-de-ronaldo-fenomeno-direcionada-a-neymar-2\/#primaryimage"},"thumbnailUrl":"https:\/\/www.gaveanews.com\/wp-content\/uploads\/neymar-selecao.webp","datePublished":"2025-03-26T11:00:00+00:00","author":{"@id":"https:\/\/www.gaveanews.com\/#\/schema\/person\/a9f62fe75380c6bada1b2fc49bc23d69"},"breadcrumb":{"@id":"https:\/\/www.gaveanews.com\/index.php\/2025\/03\/26\/a-declaracao-de-ronaldo-fenomeno-direcionada-a-neymar-2\/#breadcrumb"},"inLanguage":"pt-BR","potentialAction":[{"@type":"ReadAction","target":["https:\/\/www.gaveanews.com\/index.php\/2025\/03\/26\/a-declaracao-de-ronaldo-fenomeno-direcionada-a-neymar-2\/"]}]},{"@type":"ImageObject","inLanguage":"pt-BR","@id":"https:\/\/www.gaveanews.com\/index.php\/2025\/03\/26\/a-declaracao-de-ronaldo-fenomeno-direcionada-a-neymar-2\/#primaryimage","url":"https:\/\/www.gaveanews.com\/wp-content\/uploads\/neymar-selecao.webp","contentUrl":"https:\/\/www.gaveanews.com\/wp-content\/uploads\/neymar-selecao.webp","width":1920,"height":1280,"caption":"Neymar em a\u00e7\u00e3o pela Sele\u00e7\u00e3o Brasileira (Foto: Andre Borges\/EFE)"},{"@type":"BreadcrumbList","@id":"https:\/\/www.gaveanews.com\/index.php\/2025\/03\/26\/a-declaracao-de-ronaldo-fenomeno-direcionada-a-neymar-2\/#breadcrumb","itemListElement":[{"@type":"ListItem","position":1,"name":"Home","item":"https:\/\/www.gaveanews.com\/"},{"@type":"ListItem","position":2,"name":"A declara\u00e7\u00e3o de Ronaldo Fen\u00f4meno direcionada a Neymar"}]},{"@type":"WebSite","@id":"https:\/\/www.gaveanews.com\/#website","url":"https:\/\/www.gaveanews.com\/","name":"G\u00e1vea News","description":"Veja todas as not\u00edcias sobre o Flamengo: Contrata\u00e7\u00f5es, categorias de base, resultados das partidas, tabela de classifica\u00e7\u00e3o, pr\u00f3ximos jogos!","potentialAction":[{"@type":"SearchAction","target":{"@type":"EntryPoint","urlTemplate":"https:\/\/www.gaveanews.com\/?s={search_term_string}"},"query-input":{"@type":"PropertyValueSpecification","valueRequired":true,"valueName":"search_term_string"}}],"inLanguage":"pt-BR"},{"@type":"Person","@id":"https:\/\/www.gaveanews.com\/#\/schema\/person\/a9f62fe75380c6bada1b2fc49bc23d69","name":"Marco Menezes","image":{"@type":"ImageObject","inLanguage":"pt-BR","@id":"https:\/\/www.gaveanews.com\/#\/schema\/person\/image\/","url":"https:\/\/secure.gravatar.com\/avatar\/a1d148ae17fc8bfc5dbccffd07979e8bd2c9ba494221779de86ec2c7907b71ec?s=96&d=mm&r=g","contentUrl":"https:\/\/secure.gravatar.com\/avatar\/a1d148ae17fc8bfc5dbccffd07979e8bd2c9ba494221779de86ec2c7907b71ec?s=96&d=mm&r=g","caption":"Marco Menezes"}}]}},"_links":{"self":[{"href":"https:\/\/www.gaveanews.com\/index.php\/wp-json\/wp\/v2\/posts\/244592","targetHints":{"allow":["GET"]}}],"collection":[{"href":"https:\/\/www.gaveanews.com\/index.php\/wp-json\/wp\/v2\/posts"}],"about":[{"href":"https:\/\/www.gaveanews.com\/index.php\/wp-json\/wp\/v2\/types\/post"}],"author":[{"embeddable":true,"href":"https:\/\/www.gaveanews.com\/index.php\/wp-json\/wp\/v2\/users\/29"}],"replies":[{"embeddable":true,"href":"https:\/\/www.gaveanews.com\/index.php\/wp-json\/wp\/v2\/comments?post=244592"}],"version-history":[{"count":1,"href":"https:\/\/www.gaveanews.com\/index.php\/wp-json\/wp\/v2\/posts\/244592\/revisions"}],"predecessor-version":[{"id":244593,"href":"https:\/\/www.gaveanews.com\/index.php\/wp-json\/wp\/v2\/posts\/244592\/revisions\/244593"}],"wp:featuredmedia":[{"embeddable":true,"href":"https:\/\/www.gaveanews.com\/index.php\/wp-json\/wp\/v2\/media\/111938"}],"wp:attachment":[{"href":"https:\/\/www.gaveanews.com\/index.php\/wp-json\/wp\/v2\/media?parent=244592"}],"wp:term":[{"taxonomy":"category","embeddable":true,"href":"https:\/\/www.gaveanews.com\/index.php\/wp-json\/wp\/v2\/categories?post=244592"},{"taxonomy":"post_tag","embeddable":true,"href":"https:\/\/www.gaveanews.com\/index.php\/wp-json\/wp\/v2\/tags?post=244592"}],"curies":[{"name":"wp","href":"https:\/\/api.w.org\/{rel}","templated":true}]}}