{"id":244596,"date":"2025-03-26T07:55:00","date_gmt":"2025-03-26T10:55:00","guid":{"rendered":"https:\/\/www.gaveanews.com\/?p=244596"},"modified":"2025-03-26T01:26:42","modified_gmt":"2025-03-26T04:26:42","slug":"milton-neves-crava-campeao-paulista-de-2025","status":"publish","type":"post","link":"https:\/\/www.gaveanews.com\/index.php\/2025\/03\/26\/milton-neves-crava-campeao-paulista-de-2025\/","title":{"rendered":"Milton Neves crava campe\u00e3o paulista de 2025"},"content":{"rendered":"\n<h2 class=\"wp-block-heading\" id=\"h-ta-na-cara-diz-jornalista\">\u201cT\u00e1 na cara\u201d, diz jornalista <\/h2>\n\n\n\n<p>Corinthians e Palmeiras se enfrentam nesta quinta-feira (27) pelo jogo de volta da grande final do Campeonato Paulista de 2025. Na ida, o Tim\u00e3o venceu e assim tem a vantagem sobre o rival. Para Milton Neves, o t\u00edtulo ficar\u00e1 no Parque S\u00e3o Jorge. <\/p>\n\n\n\n<p>No programa \u201cMesa Redonda\u201d, da TV Gazeta, Milton Neves disse que n\u00e3o existe nenhuma possibilidade do Palmeiras reverter o placar e tirar o t\u00edtulo das m\u00e3os do Corinthians. Al\u00e9m disso, o jornalista destacou que desde o in\u00edcio da competi\u00e7\u00e3o, vem cravando o Tim\u00e3o como favorito para levantar a ta\u00e7a. <\/p>\n\n\n\n<p>Na primeira partida, que foi disputada no Allianz Parque, o Corinthians venceu pelo placar de 1 a 0, com gol de Yuri Alberto no segundo tempo, ap\u00f3s assist\u00eancia de Memphis Depay. Assim, o Palmeiras precisa triunfar por dois gols de diferen\u00e7a para garantir o t\u00edtulo no tempo regulamentar. Vit\u00f3ria por um gol, a decis\u00e3o ser\u00e1 nos p\u00eanaltis e qualquer empate d\u00e1 o t\u00edtulo para o clube alvinegro. <\/p>\n\n\n\n<p>\u201cN\u00e3o precisa nem jogar. Eu conhe\u00e7o futebol e estou falando que est\u00e1 t\u00e3o na cara o Palmeiras ser\u00e1 o campe\u00e3o, que o\u00a0Corinthians\u00a0vai ser\u201d, cravou o jornalista. <\/p>\n\n\n\n<p>Embora esteja na final e tenha a vantagem do empate para conquistar o t\u00edtulo do Campeonato Paulista, o t\u00e9cnico Ram\u00f3n D\u00edaz continua sob press\u00e3o no comando do Corinthians, e h\u00e1 quem acredite que, caso n\u00e3o conquiste o trof\u00e9u na quinta-feira, o argentino ser\u00e1 demitido. Para Milton Neves, no entanto, a demiss\u00e3o n\u00e3o seria justa, pois, em sua opini\u00e3o, Ram\u00f3n vem fazendo um bom trabalho no comando do Tim\u00e3o.<\/p>\n\n\n\n<p>\u201c(N\u00e3o demitiria) porque o cara est\u00e1 na final. Quer mais o que? Se perder, \u00e9 vice. Est\u00e1 bom! O cara chega na final e vai mandar ele embora?\u201d, disse Milton Neves. <\/p>\n\n\n\n<p>Corinthians e Palmeiras se enfrentam nesta quinta-feira (27) na Neo Qu\u00edmica Arena. A bola rola \u00e0s 21h35 (hor\u00e1rio de Bras\u00edlia). <\/p>\n","protected":false},"excerpt":{"rendered":"<p>\u201cT\u00e1 na cara\u201d, diz jornalista Corinthians e Palmeiras se enfrentam nesta quinta-feira (27) pelo jogo de volta da grande final do Campeonato Paulista de 2025. Na ida, o Tim\u00e3o venceu e assim tem a vantagem sobre o rival. Para Milton Neves, o t\u00edtulo ficar\u00e1 no Parque S\u00e3o Jorge. No programa \u201cMesa Redonda\u201d, da TV Gazeta, [&hellip;]<\/p>\n","protected":false},"author":21,"featured_media":166659,"comment_status":"open","ping_status":"closed","sticky":false,"template":"","format":"standard","meta":{"footnotes":""},"categories":[141,150],"tags":[],"class_list":["post-244596","post","type-post","status-publish","format-standard","has-post-thumbnail","hentry","category-corinthians","category-palmeiras"],"yoast_head":"<!-- This site is optimized with the Yoast SEO Premium plugin v24.2 (Yoast SEO v26.9) - https:\/\/yoast.com\/product\/yoast-seo-premium-wordpress\/ -->\n<title>Milton Neves crava campe\u00e3o paulista de 2025<\/title>\n<meta name=\"robots\" content=\"index, follow, max-snippet:-1, max-image-preview:large, max-video-preview:-1\" \/>\n<link rel=\"canonical\" href=\"https:\/\/www.gaveanews.com\/index.php\/2025\/03\/26\/milton-neves-crava-campeao-paulista-de-2025\/\" \/>\n<meta property=\"og:locale\" content=\"pt_BR\" \/>\n<meta property=\"og:type\" content=\"article\" \/>\n<meta property=\"og:title\" content=\"Milton Neves crava campe\u00e3o paulista de 2025\" \/>\n<meta property=\"og:description\" content=\"\u201cT\u00e1 na cara\u201d, diz jornalista Corinthians e Palmeiras se enfrentam nesta quinta-feira (27) pelo jogo de volta da grande final do Campeonato Paulista de 2025. Na ida, o Tim\u00e3o venceu e assim tem a vantagem sobre o rival. Para Milton Neves, o t\u00edtulo ficar\u00e1 no Parque S\u00e3o Jorge. No programa \u201cMesa Redonda\u201d, da TV Gazeta, [&hellip;]\" \/>\n<meta property=\"og:url\" content=\"https:\/\/www.gaveanews.com\/index.php\/2025\/03\/26\/milton-neves-crava-campeao-paulista-de-2025\/\" \/>\n<meta property=\"og:site_name\" content=\"G\u00e1vea News\" \/>\n<meta property=\"article:publisher\" content=\"https:\/\/facebook.com\/gaveaNews\/\" \/>\n<meta property=\"article:published_time\" content=\"2025-03-26T10:55:00+00:00\" \/>\n<meta property=\"og:image\" content=\"https:\/\/www.gaveanews.com\/wp-content\/uploads\/Milton-Neves-durante-a-programacao-da-Bandeirantes.webp\" \/>\n\t<meta property=\"og:image:width\" content=\"1536\" \/>\n\t<meta property=\"og:image:height\" content=\"864\" \/>\n\t<meta property=\"og:image:type\" content=\"image\/jpeg\" \/>\n<meta name=\"author\" content=\"Andr\u00e9 Serra\" \/>\n<meta name=\"twitter:card\" content=\"summary_large_image\" \/>\n<meta name=\"twitter:label1\" content=\"Escrito por\" \/>\n\t<meta name=\"twitter:data1\" content=\"Andr\u00e9 Serra\" \/>\n\t<meta name=\"twitter:label2\" content=\"Est. tempo de leitura\" \/>\n\t<meta name=\"twitter:data2\" content=\"2 minutos\" \/>\n<script type=\"application\/ld+json\" class=\"yoast-schema-graph\">{\"@context\":\"https:\/\/schema.org\",\"@graph\":[{\"@type\":\"NewsArticle\",\"@id\":\"https:\/\/www.gaveanews.com\/index.php\/2025\/03\/26\/milton-neves-crava-campeao-paulista-de-2025\/#article\",\"isPartOf\":{\"@id\":\"https:\/\/www.gaveanews.com\/index.php\/2025\/03\/26\/milton-neves-crava-campeao-paulista-de-2025\/\"},\"author\":{\"name\":\"Andr\u00e9 Serra\",\"@id\":\"https:\/\/www.gaveanews.com\/#\/schema\/person\/0277a79a1289c451c281ec0411d84f0c\"},\"headline\":\"Milton Neves crava campe\u00e3o paulista de 2025\",\"datePublished\":\"2025-03-26T10:55:00+00:00\",\"mainEntityOfPage\":{\"@id\":\"https:\/\/www.gaveanews.com\/index.php\/2025\/03\/26\/milton-neves-crava-campeao-paulista-de-2025\/\"},\"wordCount\":351,\"commentCount\":0,\"image\":{\"@id\":\"https:\/\/www.gaveanews.com\/index.php\/2025\/03\/26\/milton-neves-crava-campeao-paulista-de-2025\/#primaryimage\"},\"thumbnailUrl\":\"https:\/\/www.gaveanews.com\/wp-content\/uploads\/Milton-Neves-durante-a-programacao-da-Bandeirantes.webp\",\"articleSection\":[\"Corinthians\",\"Palmeiras\"],\"inLanguage\":\"pt-BR\",\"potentialAction\":[{\"@type\":\"CommentAction\",\"name\":\"Comment\",\"target\":[\"https:\/\/www.gaveanews.com\/index.php\/2025\/03\/26\/milton-neves-crava-campeao-paulista-de-2025\/#respond\"]}],\"copyrightYear\":\"2025\",\"copyrightHolder\":{\"@id\":\"https:\/\/www.gaveanews.com\/#organization\"}},{\"@type\":\"WebPage\",\"@id\":\"https:\/\/www.gaveanews.com\/index.php\/2025\/03\/26\/milton-neves-crava-campeao-paulista-de-2025\/\",\"url\":\"https:\/\/www.gaveanews.com\/index.php\/2025\/03\/26\/milton-neves-crava-campeao-paulista-de-2025\/\",\"name\":\"Milton Neves crava campe\u00e3o paulista de 2025\",\"isPartOf\":{\"@id\":\"https:\/\/www.gaveanews.com\/#website\"},\"primaryImageOfPage\":{\"@id\":\"https:\/\/www.gaveanews.com\/index.php\/2025\/03\/26\/milton-neves-crava-campeao-paulista-de-2025\/#primaryimage\"},\"image\":{\"@id\":\"https:\/\/www.gaveanews.com\/index.php\/2025\/03\/26\/milton-neves-crava-campeao-paulista-de-2025\/#primaryimage\"},\"thumbnailUrl\":\"https:\/\/www.gaveanews.com\/wp-content\/uploads\/Milton-Neves-durante-a-programacao-da-Bandeirantes.webp\",\"datePublished\":\"2025-03-26T10:55:00+00:00\",\"author\":{\"@id\":\"https:\/\/www.gaveanews.com\/#\/schema\/person\/0277a79a1289c451c281ec0411d84f0c\"},\"breadcrumb\":{\"@id\":\"https:\/\/www.gaveanews.com\/index.php\/2025\/03\/26\/milton-neves-crava-campeao-paulista-de-2025\/#breadcrumb\"},\"inLanguage\":\"pt-BR\",\"potentialAction\":[{\"@type\":\"ReadAction\",\"target\":[\"https:\/\/www.gaveanews.com\/index.php\/2025\/03\/26\/milton-neves-crava-campeao-paulista-de-2025\/\"]}]},{\"@type\":\"ImageObject\",\"inLanguage\":\"pt-BR\",\"@id\":\"https:\/\/www.gaveanews.com\/index.php\/2025\/03\/26\/milton-neves-crava-campeao-paulista-de-2025\/#primaryimage\",\"url\":\"https:\/\/www.gaveanews.com\/wp-content\/uploads\/Milton-Neves-durante-a-programacao-da-Bandeirantes.webp\",\"contentUrl\":\"https:\/\/www.gaveanews.com\/wp-content\/uploads\/Milton-Neves-durante-a-programacao-da-Bandeirantes.webp\",\"width\":1536,\"height\":864,\"caption\":\"Milton Neves durante a programa\u00e7\u00e3o da Bandeirantes (Foto: Reprodu\u00e7\u00e3o\/Bandeirantes)\"},{\"@type\":\"BreadcrumbList\",\"@id\":\"https:\/\/www.gaveanews.com\/index.php\/2025\/03\/26\/milton-neves-crava-campeao-paulista-de-2025\/#breadcrumb\",\"itemListElement\":[{\"@type\":\"ListItem\",\"position\":1,\"name\":\"Home\",\"item\":\"https:\/\/www.gaveanews.com\/\"},{\"@type\":\"ListItem\",\"position\":2,\"name\":\"Milton Neves crava campe\u00e3o paulista de 2025\"}]},{\"@type\":\"WebSite\",\"@id\":\"https:\/\/www.gaveanews.com\/#website\",\"url\":\"https:\/\/www.gaveanews.com\/\",\"name\":\"G\u00e1vea News\",\"description\":\"Veja todas as not\u00edcias sobre o Flamengo: Contrata\u00e7\u00f5es, categorias de base, resultados das partidas, tabela de classifica\u00e7\u00e3o, pr\u00f3ximos jogos!\",\"potentialAction\":[{\"@type\":\"SearchAction\",\"target\":{\"@type\":\"EntryPoint\",\"urlTemplate\":\"https:\/\/www.gaveanews.com\/?s={search_term_string}\"},\"query-input\":{\"@type\":\"PropertyValueSpecification\",\"valueRequired\":true,\"valueName\":\"search_term_string\"}}],\"inLanguage\":\"pt-BR\"},{\"@type\":\"Person\",\"@id\":\"https:\/\/www.gaveanews.com\/#\/schema\/person\/0277a79a1289c451c281ec0411d84f0c\",\"name\":\"Andr\u00e9 Serra\",\"image\":{\"@type\":\"ImageObject\",\"inLanguage\":\"pt-BR\",\"@id\":\"https:\/\/www.gaveanews.com\/#\/schema\/person\/image\/\",\"url\":\"https:\/\/secure.gravatar.com\/avatar\/d7231369fe48db93292b3e88eb2162dbd9a34a47a8437d9ef3bcaca2a86a83d7?s=96&d=mm&r=g\",\"contentUrl\":\"https:\/\/secure.gravatar.com\/avatar\/d7231369fe48db93292b3e88eb2162dbd9a34a47a8437d9ef3bcaca2a86a83d7?s=96&d=mm&r=g\",\"caption\":\"Andr\u00e9 Serra\"}}]}<\/script>\n<!-- \/ Yoast SEO Premium plugin. -->","yoast_head_json":{"title":"Milton Neves crava campe\u00e3o paulista de 2025","robots":{"index":"index","follow":"follow","max-snippet":"max-snippet:-1","max-image-preview":"max-image-preview:large","max-video-preview":"max-video-preview:-1"},"canonical":"https:\/\/www.gaveanews.com\/index.php\/2025\/03\/26\/milton-neves-crava-campeao-paulista-de-2025\/","og_locale":"pt_BR","og_type":"article","og_title":"Milton Neves crava campe\u00e3o paulista de 2025","og_description":"\u201cT\u00e1 na cara\u201d, diz jornalista Corinthians e Palmeiras se enfrentam nesta quinta-feira (27) pelo jogo de volta da grande final do Campeonato Paulista de 2025. Na ida, o Tim\u00e3o venceu e assim tem a vantagem sobre o rival. Para Milton Neves, o t\u00edtulo ficar\u00e1 no Parque S\u00e3o Jorge. No programa \u201cMesa Redonda\u201d, da TV Gazeta, [&hellip;]","og_url":"https:\/\/www.gaveanews.com\/index.php\/2025\/03\/26\/milton-neves-crava-campeao-paulista-de-2025\/","og_site_name":"G\u00e1vea News","article_publisher":"https:\/\/facebook.com\/gaveaNews\/","article_published_time":"2025-03-26T10:55:00+00:00","og_image":[{"width":1536,"height":864,"url":"https:\/\/www.gaveanews.com\/wp-content\/uploads\/Milton-Neves-durante-a-programacao-da-Bandeirantes.webp","type":"image\/jpeg"}],"author":"Andr\u00e9 Serra","twitter_card":"summary_large_image","twitter_misc":{"Escrito por":"Andr\u00e9 Serra","Est. tempo de leitura":"2 minutos"},"schema":{"@context":"https:\/\/schema.org","@graph":[{"@type":"NewsArticle","@id":"https:\/\/www.gaveanews.com\/index.php\/2025\/03\/26\/milton-neves-crava-campeao-paulista-de-2025\/#article","isPartOf":{"@id":"https:\/\/www.gaveanews.com\/index.php\/2025\/03\/26\/milton-neves-crava-campeao-paulista-de-2025\/"},"author":{"name":"Andr\u00e9 Serra","@id":"https:\/\/www.gaveanews.com\/#\/schema\/person\/0277a79a1289c451c281ec0411d84f0c"},"headline":"Milton Neves crava campe\u00e3o paulista de 2025","datePublished":"2025-03-26T10:55:00+00:00","mainEntityOfPage":{"@id":"https:\/\/www.gaveanews.com\/index.php\/2025\/03\/26\/milton-neves-crava-campeao-paulista-de-2025\/"},"wordCount":351,"commentCount":0,"image":{"@id":"https:\/\/www.gaveanews.com\/index.php\/2025\/03\/26\/milton-neves-crava-campeao-paulista-de-2025\/#primaryimage"},"thumbnailUrl":"https:\/\/www.gaveanews.com\/wp-content\/uploads\/Milton-Neves-durante-a-programacao-da-Bandeirantes.webp","articleSection":["Corinthians","Palmeiras"],"inLanguage":"pt-BR","potentialAction":[{"@type":"CommentAction","name":"Comment","target":["https:\/\/www.gaveanews.com\/index.php\/2025\/03\/26\/milton-neves-crava-campeao-paulista-de-2025\/#respond"]}],"copyrightYear":"2025","copyrightHolder":{"@id":"https:\/\/www.gaveanews.com\/#organization"}},{"@type":"WebPage","@id":"https:\/\/www.gaveanews.com\/index.php\/2025\/03\/26\/milton-neves-crava-campeao-paulista-de-2025\/","url":"https:\/\/www.gaveanews.com\/index.php\/2025\/03\/26\/milton-neves-crava-campeao-paulista-de-2025\/","name":"Milton Neves crava campe\u00e3o paulista de 2025","isPartOf":{"@id":"https:\/\/www.gaveanews.com\/#website"},"primaryImageOfPage":{"@id":"https:\/\/www.gaveanews.com\/index.php\/2025\/03\/26\/milton-neves-crava-campeao-paulista-de-2025\/#primaryimage"},"image":{"@id":"https:\/\/www.gaveanews.com\/index.php\/2025\/03\/26\/milton-neves-crava-campeao-paulista-de-2025\/#primaryimage"},"thumbnailUrl":"https:\/\/www.gaveanews.com\/wp-content\/uploads\/Milton-Neves-durante-a-programacao-da-Bandeirantes.webp","datePublished":"2025-03-26T10:55:00+00:00","author":{"@id":"https:\/\/www.gaveanews.com\/#\/schema\/person\/0277a79a1289c451c281ec0411d84f0c"},"breadcrumb":{"@id":"https:\/\/www.gaveanews.com\/index.php\/2025\/03\/26\/milton-neves-crava-campeao-paulista-de-2025\/#breadcrumb"},"inLanguage":"pt-BR","potentialAction":[{"@type":"ReadAction","target":["https:\/\/www.gaveanews.com\/index.php\/2025\/03\/26\/milton-neves-crava-campeao-paulista-de-2025\/"]}]},{"@type":"ImageObject","inLanguage":"pt-BR","@id":"https:\/\/www.gaveanews.com\/index.php\/2025\/03\/26\/milton-neves-crava-campeao-paulista-de-2025\/#primaryimage","url":"https:\/\/www.gaveanews.com\/wp-content\/uploads\/Milton-Neves-durante-a-programacao-da-Bandeirantes.webp","contentUrl":"https:\/\/www.gaveanews.com\/wp-content\/uploads\/Milton-Neves-durante-a-programacao-da-Bandeirantes.webp","width":1536,"height":864,"caption":"Milton Neves durante a programa\u00e7\u00e3o da Bandeirantes (Foto: Reprodu\u00e7\u00e3o\/Bandeirantes)"},{"@type":"BreadcrumbList","@id":"https:\/\/www.gaveanews.com\/index.php\/2025\/03\/26\/milton-neves-crava-campeao-paulista-de-2025\/#breadcrumb","itemListElement":[{"@type":"ListItem","position":1,"name":"Home","item":"https:\/\/www.gaveanews.com\/"},{"@type":"ListItem","position":2,"name":"Milton Neves crava campe\u00e3o paulista de 2025"}]},{"@type":"WebSite","@id":"https:\/\/www.gaveanews.com\/#website","url":"https:\/\/www.gaveanews.com\/","name":"G\u00e1vea News","description":"Veja todas as not\u00edcias sobre o Flamengo: Contrata\u00e7\u00f5es, categorias de base, resultados das partidas, tabela de classifica\u00e7\u00e3o, pr\u00f3ximos jogos!","potentialAction":[{"@type":"SearchAction","target":{"@type":"EntryPoint","urlTemplate":"https:\/\/www.gaveanews.com\/?s={search_term_string}"},"query-input":{"@type":"PropertyValueSpecification","valueRequired":true,"valueName":"search_term_string"}}],"inLanguage":"pt-BR"},{"@type":"Person","@id":"https:\/\/www.gaveanews.com\/#\/schema\/person\/0277a79a1289c451c281ec0411d84f0c","name":"Andr\u00e9 Serra","image":{"@type":"ImageObject","inLanguage":"pt-BR","@id":"https:\/\/www.gaveanews.com\/#\/schema\/person\/image\/","url":"https:\/\/secure.gravatar.com\/avatar\/d7231369fe48db93292b3e88eb2162dbd9a34a47a8437d9ef3bcaca2a86a83d7?s=96&d=mm&r=g","contentUrl":"https:\/\/secure.gravatar.com\/avatar\/d7231369fe48db93292b3e88eb2162dbd9a34a47a8437d9ef3bcaca2a86a83d7?s=96&d=mm&r=g","caption":"Andr\u00e9 Serra"}}]}},"_links":{"self":[{"href":"https:\/\/www.gaveanews.com\/index.php\/wp-json\/wp\/v2\/posts\/244596","targetHints":{"allow":["GET"]}}],"collection":[{"href":"https:\/\/www.gaveanews.com\/index.php\/wp-json\/wp\/v2\/posts"}],"about":[{"href":"https:\/\/www.gaveanews.com\/index.php\/wp-json\/wp\/v2\/types\/post"}],"author":[{"embeddable":true,"href":"https:\/\/www.gaveanews.com\/index.php\/wp-json\/wp\/v2\/users\/21"}],"replies":[{"embeddable":true,"href":"https:\/\/www.gaveanews.com\/index.php\/wp-json\/wp\/v2\/comments?post=244596"}],"version-history":[{"count":1,"href":"https:\/\/www.gaveanews.com\/index.php\/wp-json\/wp\/v2\/posts\/244596\/revisions"}],"predecessor-version":[{"id":244606,"href":"https:\/\/www.gaveanews.com\/index.php\/wp-json\/wp\/v2\/posts\/244596\/revisions\/244606"}],"wp:featuredmedia":[{"embeddable":true,"href":"https:\/\/www.gaveanews.com\/index.php\/wp-json\/wp\/v2\/media\/166659"}],"wp:attachment":[{"href":"https:\/\/www.gaveanews.com\/index.php\/wp-json\/wp\/v2\/media?parent=244596"}],"wp:term":[{"taxonomy":"category","embeddable":true,"href":"https:\/\/www.gaveanews.com\/index.php\/wp-json\/wp\/v2\/categories?post=244596"},{"taxonomy":"post_tag","embeddable":true,"href":"https:\/\/www.gaveanews.com\/index.php\/wp-json\/wp\/v2\/tags?post=244596"}],"curies":[{"name":"wp","href":"https:\/\/api.w.org\/{rel}","templated":true}]}}