{"id":244609,"date":"2025-03-25T17:01:29","date_gmt":"2025-03-25T20:01:29","guid":{"rendered":"https:\/\/www.gaveanews.com\/?p=244609"},"modified":"2025-03-25T17:26:41","modified_gmt":"2025-03-25T20:26:41","slug":"bruxa-solta-o-resultado-do-exame-do-meia-arrascaeta-do-flamengo","status":"publish","type":"post","link":"https:\/\/www.gaveanews.com\/index.php\/2025\/03\/25\/bruxa-solta-o-resultado-do-exame-do-meia-arrascaeta-do-flamengo\/","title":{"rendered":"Bruxa solta! O resultado do exame do meia Arrascaeta, do Flamengo"},"content":{"rendered":"\n<p>Nesta ter\u00e7a-feira (25), o Flamengo emitiu um comunicado oficial para atualizar a situa\u00e7\u00e3o f\u00edsica de Giorgian de Arrascaeta, que estava \u00e0 disposi\u00e7\u00e3o da sele\u00e7\u00e3o uruguaia. Cortado pela Celeste, o camisa 10 do Meng\u00e3o apresentou problema f\u00edsico, e foi reavaliado pelo clube.<\/p>\n\n\n\n<p>Nesta ter\u00e7a-feira (25), na reapresenta\u00e7\u00e3o no Ninho do Urubu, Arrascaeta foi avaliado pelo departamento m\u00e9dico do Mengo e submetido a exames, que constaram o problema. <\/p>\n\n\n\n<p>\u201dExame de imagem realizado no clube nesta ter\u00e7a-feira (25) confirmou les\u00e3o no adutor da coxa direita. Jogador dar\u00e1 continuidade ao tratamento no CT George Helal\u201d, informou o clube.<\/p>\n\n\n\n<h2 class=\"wp-block-heading\" id=\"h-a-lesao-de-arrascaeta\">A les\u00e3o de Arrascaeta<\/h2>\n\n\n\n<p>O problema foi identificado ainda durante o aquecimento da partida da sele\u00e7\u00e3o uruguaia contra a Argentina. Arrascaeta solicitou atendimento m\u00e9dico no local e, ao longo do primeiro tempo, voltou a sentir dores. Aos 41 minutos, pediu substitui\u00e7\u00e3o e deixou o campo. Ap\u00f3s exames, a les\u00e3o foi confirmada.<\/p>\n\n\n\n<p>Dessa forma, portanto, o meia Arrascaeta ser\u00e1 aus\u00eancia no Flamengo na estreia do Campeonato Brasileiro. O camisa 10 n\u00e3o estar\u00e1 dispon\u00edvel para o duelo contra o Internacional, marcado para s\u00e1bado (29 de mar\u00e7o), \u00e0s 21 horas (hor\u00e1rio de Bras\u00edlia), no Maracan\u00e3.<\/p>\n\n\n\n<p>Al\u00e9m de Arrascaeta, Nico de La Cruz, que tamb\u00e9m estava com a sele\u00e7\u00e3o uruguaia, foi desconvocado e retornou ao Flamengo. O camisa 18, no entanto, n\u00e3o teve nenhum tipo de problema f\u00edsico, e inclusive, o corte do atleta da Celeste j\u00e1 estava programado.<\/p>\n\n\n\n<p>Sem Arrascaeta, o Flamengo tem outras preocupa\u00e7\u00f5es para o in\u00edcio do Brasileir\u00e3o. Bruno Henrique, que se recupera de les\u00e3o, acabou de iniciar a prepara\u00e7\u00e3o f\u00edsica. Gerson, cortado da Sele\u00e7\u00e3o Brasileira, n\u00e3o teve les\u00e3o constatada, mas est\u00e1 com desgaste f\u00edsico e faz trabalhos espef\u00edcos no CT George Helal. <\/p>\n\n\n\n<p>Vale destacar que os problemas de joadores que retornam da Data-Fifa lesionados s\u00e3o antigos para o Flamengo. No ano passado, o Rubro-Negro perdeu Pedro durante um treino do Brasil, e o jogador segue fora dos gramados ap\u00f3s grave contus\u00e3o.<\/p>\n","protected":false},"excerpt":{"rendered":"<p>Nesta ter\u00e7a-feira (25), o Flamengo emitiu um comunicado oficial para atualizar a situa\u00e7\u00e3o f\u00edsica de Giorgian de Arrascaeta, que estava \u00e0 disposi\u00e7\u00e3o da sele\u00e7\u00e3o uruguaia. Cortado pela Celeste, o camisa 10 do Meng\u00e3o apresentou problema f\u00edsico, e foi reavaliado pelo clube. Nesta ter\u00e7a-feira (25), na reapresenta\u00e7\u00e3o no Ninho do Urubu, Arrascaeta foi avaliado pelo departamento [&hellip;]<\/p>\n","protected":false},"author":18,"featured_media":157914,"comment_status":"open","ping_status":"closed","sticky":false,"template":"","format":"standard","meta":{"footnotes":""},"categories":[1],"tags":[],"class_list":["post-244609","post","type-post","status-publish","format-standard","has-post-thumbnail","hentry","category-flamengo"],"yoast_head":"<!-- This site is optimized with the Yoast SEO Premium plugin v24.2 (Yoast SEO v26.9) - https:\/\/yoast.com\/product\/yoast-seo-premium-wordpress\/ -->\n<title>Bruxa solta! O resultado do exame do meia Arrascaeta, do Flamengo<\/title>\n<meta name=\"robots\" content=\"index, follow, max-snippet:-1, max-image-preview:large, max-video-preview:-1\" \/>\n<link rel=\"canonical\" href=\"https:\/\/www.gaveanews.com\/index.php\/2025\/03\/25\/bruxa-solta-o-resultado-do-exame-do-meia-arrascaeta-do-flamengo\/\" \/>\n<meta property=\"og:locale\" content=\"pt_BR\" \/>\n<meta property=\"og:type\" content=\"article\" \/>\n<meta property=\"og:title\" content=\"Bruxa solta! O resultado do exame do meia Arrascaeta, do Flamengo\" \/>\n<meta property=\"og:description\" content=\"Nesta ter\u00e7a-feira (25), o Flamengo emitiu um comunicado oficial para atualizar a situa\u00e7\u00e3o f\u00edsica de Giorgian de Arrascaeta, que estava \u00e0 disposi\u00e7\u00e3o da sele\u00e7\u00e3o uruguaia. Cortado pela Celeste, o camisa 10 do Meng\u00e3o apresentou problema f\u00edsico, e foi reavaliado pelo clube. Nesta ter\u00e7a-feira (25), na reapresenta\u00e7\u00e3o no Ninho do Urubu, Arrascaeta foi avaliado pelo departamento [&hellip;]\" \/>\n<meta property=\"og:url\" content=\"https:\/\/www.gaveanews.com\/index.php\/2025\/03\/25\/bruxa-solta-o-resultado-do-exame-do-meia-arrascaeta-do-flamengo\/\" \/>\n<meta property=\"og:site_name\" content=\"G\u00e1vea News\" \/>\n<meta property=\"article:publisher\" content=\"https:\/\/facebook.com\/gaveaNews\/\" \/>\n<meta property=\"article:published_time\" content=\"2025-03-25T20:01:29+00:00\" \/>\n<meta property=\"article:modified_time\" content=\"2025-03-25T20:26:41+00:00\" \/>\n<meta property=\"og:image\" content=\"http:\/\/www.gaveanews.com\/wp-content\/uploads\/Arrascaeta-durante-jogo-contra-o-Palmeiras-pelo-Campeonato-Brasileiro-no-Maracana-.webp\" \/>\n\t<meta property=\"og:image:width\" content=\"1170\" \/>\n\t<meta property=\"og:image:height\" content=\"885\" \/>\n\t<meta property=\"og:image:type\" content=\"image\/jpeg\" \/>\n<meta name=\"author\" content=\"Paula Silva\" \/>\n<meta name=\"twitter:card\" content=\"summary_large_image\" \/>\n<meta name=\"twitter:label1\" content=\"Escrito por\" \/>\n\t<meta name=\"twitter:data1\" content=\"Paula Silva\" \/>\n\t<meta name=\"twitter:label2\" content=\"Est. tempo de leitura\" \/>\n\t<meta name=\"twitter:data2\" content=\"2 minutos\" \/>\n<script type=\"application\/ld+json\" class=\"yoast-schema-graph\">{\"@context\":\"https:\/\/schema.org\",\"@graph\":[{\"@type\":\"NewsArticle\",\"@id\":\"https:\/\/www.gaveanews.com\/index.php\/2025\/03\/25\/bruxa-solta-o-resultado-do-exame-do-meia-arrascaeta-do-flamengo\/#article\",\"isPartOf\":{\"@id\":\"https:\/\/www.gaveanews.com\/index.php\/2025\/03\/25\/bruxa-solta-o-resultado-do-exame-do-meia-arrascaeta-do-flamengo\/\"},\"author\":{\"name\":\"Paula Silva\",\"@id\":\"https:\/\/www.gaveanews.com\/#\/schema\/person\/daf63eec72e1164eb13dc35096c2b8da\"},\"headline\":\"Bruxa solta! O resultado do exame do meia Arrascaeta, do Flamengo\",\"datePublished\":\"2025-03-25T20:01:29+00:00\",\"dateModified\":\"2025-03-25T20:26:41+00:00\",\"mainEntityOfPage\":{\"@id\":\"https:\/\/www.gaveanews.com\/index.php\/2025\/03\/25\/bruxa-solta-o-resultado-do-exame-do-meia-arrascaeta-do-flamengo\/\"},\"wordCount\":360,\"commentCount\":0,\"image\":{\"@id\":\"https:\/\/www.gaveanews.com\/index.php\/2025\/03\/25\/bruxa-solta-o-resultado-do-exame-do-meia-arrascaeta-do-flamengo\/#primaryimage\"},\"thumbnailUrl\":\"https:\/\/www.gaveanews.com\/wp-content\/uploads\/Arrascaeta-durante-jogo-contra-o-Palmeiras-pelo-Campeonato-Brasileiro-no-Maracana-.webp\",\"articleSection\":[\"Flamengo\"],\"inLanguage\":\"pt-BR\",\"potentialAction\":[{\"@type\":\"CommentAction\",\"name\":\"Comment\",\"target\":[\"https:\/\/www.gaveanews.com\/index.php\/2025\/03\/25\/bruxa-solta-o-resultado-do-exame-do-meia-arrascaeta-do-flamengo\/#respond\"]}],\"copyrightYear\":\"2025\",\"copyrightHolder\":{\"@id\":\"https:\/\/www.gaveanews.com\/#organization\"}},{\"@type\":\"WebPage\",\"@id\":\"https:\/\/www.gaveanews.com\/index.php\/2025\/03\/25\/bruxa-solta-o-resultado-do-exame-do-meia-arrascaeta-do-flamengo\/\",\"url\":\"https:\/\/www.gaveanews.com\/index.php\/2025\/03\/25\/bruxa-solta-o-resultado-do-exame-do-meia-arrascaeta-do-flamengo\/\",\"name\":\"Bruxa solta! O resultado do exame do meia Arrascaeta, do Flamengo\",\"isPartOf\":{\"@id\":\"https:\/\/www.gaveanews.com\/#website\"},\"primaryImageOfPage\":{\"@id\":\"https:\/\/www.gaveanews.com\/index.php\/2025\/03\/25\/bruxa-solta-o-resultado-do-exame-do-meia-arrascaeta-do-flamengo\/#primaryimage\"},\"image\":{\"@id\":\"https:\/\/www.gaveanews.com\/index.php\/2025\/03\/25\/bruxa-solta-o-resultado-do-exame-do-meia-arrascaeta-do-flamengo\/#primaryimage\"},\"thumbnailUrl\":\"https:\/\/www.gaveanews.com\/wp-content\/uploads\/Arrascaeta-durante-jogo-contra-o-Palmeiras-pelo-Campeonato-Brasileiro-no-Maracana-.webp\",\"datePublished\":\"2025-03-25T20:01:29+00:00\",\"dateModified\":\"2025-03-25T20:26:41+00:00\",\"author\":{\"@id\":\"https:\/\/www.gaveanews.com\/#\/schema\/person\/daf63eec72e1164eb13dc35096c2b8da\"},\"breadcrumb\":{\"@id\":\"https:\/\/www.gaveanews.com\/index.php\/2025\/03\/25\/bruxa-solta-o-resultado-do-exame-do-meia-arrascaeta-do-flamengo\/#breadcrumb\"},\"inLanguage\":\"pt-BR\",\"potentialAction\":[{\"@type\":\"ReadAction\",\"target\":[\"https:\/\/www.gaveanews.com\/index.php\/2025\/03\/25\/bruxa-solta-o-resultado-do-exame-do-meia-arrascaeta-do-flamengo\/\"]}]},{\"@type\":\"ImageObject\",\"inLanguage\":\"pt-BR\",\"@id\":\"https:\/\/www.gaveanews.com\/index.php\/2025\/03\/25\/bruxa-solta-o-resultado-do-exame-do-meia-arrascaeta-do-flamengo\/#primaryimage\",\"url\":\"https:\/\/www.gaveanews.com\/wp-content\/uploads\/Arrascaeta-durante-jogo-contra-o-Palmeiras-pelo-Campeonato-Brasileiro-no-Maracana-.webp\",\"contentUrl\":\"https:\/\/www.gaveanews.com\/wp-content\/uploads\/Arrascaeta-durante-jogo-contra-o-Palmeiras-pelo-Campeonato-Brasileiro-no-Maracana-.webp\",\"width\":1170,\"height\":885,\"caption\":\"Arrascaeta durante jogo entre Flamengo e Palmeiras, pelo Brasileir\u00e3o, no Maracan\u00e3 (Foto: Divulga\u00e7\u00e3o\/Flamengo)\"},{\"@type\":\"BreadcrumbList\",\"@id\":\"https:\/\/www.gaveanews.com\/index.php\/2025\/03\/25\/bruxa-solta-o-resultado-do-exame-do-meia-arrascaeta-do-flamengo\/#breadcrumb\",\"itemListElement\":[{\"@type\":\"ListItem\",\"position\":1,\"name\":\"Home\",\"item\":\"https:\/\/www.gaveanews.com\/\"},{\"@type\":\"ListItem\",\"position\":2,\"name\":\"Bruxa solta! O resultado do exame do meia Arrascaeta, do Flamengo\"}]},{\"@type\":\"WebSite\",\"@id\":\"https:\/\/www.gaveanews.com\/#website\",\"url\":\"https:\/\/www.gaveanews.com\/\",\"name\":\"G\u00e1vea News\",\"description\":\"Veja todas as not\u00edcias sobre o Flamengo: Contrata\u00e7\u00f5es, categorias de base, resultados das partidas, tabela de classifica\u00e7\u00e3o, pr\u00f3ximos jogos!\",\"potentialAction\":[{\"@type\":\"SearchAction\",\"target\":{\"@type\":\"EntryPoint\",\"urlTemplate\":\"https:\/\/www.gaveanews.com\/?s={search_term_string}\"},\"query-input\":{\"@type\":\"PropertyValueSpecification\",\"valueRequired\":true,\"valueName\":\"search_term_string\"}}],\"inLanguage\":\"pt-BR\"},{\"@type\":\"Person\",\"@id\":\"https:\/\/www.gaveanews.com\/#\/schema\/person\/daf63eec72e1164eb13dc35096c2b8da\",\"name\":\"Paula Silva\",\"image\":{\"@type\":\"ImageObject\",\"inLanguage\":\"pt-BR\",\"@id\":\"https:\/\/www.gaveanews.com\/#\/schema\/person\/image\/\",\"url\":\"https:\/\/secure.gravatar.com\/avatar\/eda381c845527cc5d64c13b901833cda29d97500ba040d3e6461f76f51d163bb?s=96&d=mm&r=g\",\"contentUrl\":\"https:\/\/secure.gravatar.com\/avatar\/eda381c845527cc5d64c13b901833cda29d97500ba040d3e6461f76f51d163bb?s=96&d=mm&r=g\",\"caption\":\"Paula Silva\"}}]}<\/script>\n<!-- \/ Yoast SEO Premium plugin. -->","yoast_head_json":{"title":"Bruxa solta! O resultado do exame do meia Arrascaeta, do Flamengo","robots":{"index":"index","follow":"follow","max-snippet":"max-snippet:-1","max-image-preview":"max-image-preview:large","max-video-preview":"max-video-preview:-1"},"canonical":"https:\/\/www.gaveanews.com\/index.php\/2025\/03\/25\/bruxa-solta-o-resultado-do-exame-do-meia-arrascaeta-do-flamengo\/","og_locale":"pt_BR","og_type":"article","og_title":"Bruxa solta! O resultado do exame do meia Arrascaeta, do Flamengo","og_description":"Nesta ter\u00e7a-feira (25), o Flamengo emitiu um comunicado oficial para atualizar a situa\u00e7\u00e3o f\u00edsica de Giorgian de Arrascaeta, que estava \u00e0 disposi\u00e7\u00e3o da sele\u00e7\u00e3o uruguaia. Cortado pela Celeste, o camisa 10 do Meng\u00e3o apresentou problema f\u00edsico, e foi reavaliado pelo clube. Nesta ter\u00e7a-feira (25), na reapresenta\u00e7\u00e3o no Ninho do Urubu, Arrascaeta foi avaliado pelo departamento [&hellip;]","og_url":"https:\/\/www.gaveanews.com\/index.php\/2025\/03\/25\/bruxa-solta-o-resultado-do-exame-do-meia-arrascaeta-do-flamengo\/","og_site_name":"G\u00e1vea News","article_publisher":"https:\/\/facebook.com\/gaveaNews\/","article_published_time":"2025-03-25T20:01:29+00:00","article_modified_time":"2025-03-25T20:26:41+00:00","og_image":[{"width":1170,"height":885,"url":"http:\/\/www.gaveanews.com\/wp-content\/uploads\/Arrascaeta-durante-jogo-contra-o-Palmeiras-pelo-Campeonato-Brasileiro-no-Maracana-.webp","type":"image\/jpeg"}],"author":"Paula Silva","twitter_card":"summary_large_image","twitter_misc":{"Escrito por":"Paula Silva","Est. tempo de leitura":"2 minutos"},"schema":{"@context":"https:\/\/schema.org","@graph":[{"@type":"NewsArticle","@id":"https:\/\/www.gaveanews.com\/index.php\/2025\/03\/25\/bruxa-solta-o-resultado-do-exame-do-meia-arrascaeta-do-flamengo\/#article","isPartOf":{"@id":"https:\/\/www.gaveanews.com\/index.php\/2025\/03\/25\/bruxa-solta-o-resultado-do-exame-do-meia-arrascaeta-do-flamengo\/"},"author":{"name":"Paula Silva","@id":"https:\/\/www.gaveanews.com\/#\/schema\/person\/daf63eec72e1164eb13dc35096c2b8da"},"headline":"Bruxa solta! O resultado do exame do meia Arrascaeta, do Flamengo","datePublished":"2025-03-25T20:01:29+00:00","dateModified":"2025-03-25T20:26:41+00:00","mainEntityOfPage":{"@id":"https:\/\/www.gaveanews.com\/index.php\/2025\/03\/25\/bruxa-solta-o-resultado-do-exame-do-meia-arrascaeta-do-flamengo\/"},"wordCount":360,"commentCount":0,"image":{"@id":"https:\/\/www.gaveanews.com\/index.php\/2025\/03\/25\/bruxa-solta-o-resultado-do-exame-do-meia-arrascaeta-do-flamengo\/#primaryimage"},"thumbnailUrl":"https:\/\/www.gaveanews.com\/wp-content\/uploads\/Arrascaeta-durante-jogo-contra-o-Palmeiras-pelo-Campeonato-Brasileiro-no-Maracana-.webp","articleSection":["Flamengo"],"inLanguage":"pt-BR","potentialAction":[{"@type":"CommentAction","name":"Comment","target":["https:\/\/www.gaveanews.com\/index.php\/2025\/03\/25\/bruxa-solta-o-resultado-do-exame-do-meia-arrascaeta-do-flamengo\/#respond"]}],"copyrightYear":"2025","copyrightHolder":{"@id":"https:\/\/www.gaveanews.com\/#organization"}},{"@type":"WebPage","@id":"https:\/\/www.gaveanews.com\/index.php\/2025\/03\/25\/bruxa-solta-o-resultado-do-exame-do-meia-arrascaeta-do-flamengo\/","url":"https:\/\/www.gaveanews.com\/index.php\/2025\/03\/25\/bruxa-solta-o-resultado-do-exame-do-meia-arrascaeta-do-flamengo\/","name":"Bruxa solta! O resultado do exame do meia Arrascaeta, do Flamengo","isPartOf":{"@id":"https:\/\/www.gaveanews.com\/#website"},"primaryImageOfPage":{"@id":"https:\/\/www.gaveanews.com\/index.php\/2025\/03\/25\/bruxa-solta-o-resultado-do-exame-do-meia-arrascaeta-do-flamengo\/#primaryimage"},"image":{"@id":"https:\/\/www.gaveanews.com\/index.php\/2025\/03\/25\/bruxa-solta-o-resultado-do-exame-do-meia-arrascaeta-do-flamengo\/#primaryimage"},"thumbnailUrl":"https:\/\/www.gaveanews.com\/wp-content\/uploads\/Arrascaeta-durante-jogo-contra-o-Palmeiras-pelo-Campeonato-Brasileiro-no-Maracana-.webp","datePublished":"2025-03-25T20:01:29+00:00","dateModified":"2025-03-25T20:26:41+00:00","author":{"@id":"https:\/\/www.gaveanews.com\/#\/schema\/person\/daf63eec72e1164eb13dc35096c2b8da"},"breadcrumb":{"@id":"https:\/\/www.gaveanews.com\/index.php\/2025\/03\/25\/bruxa-solta-o-resultado-do-exame-do-meia-arrascaeta-do-flamengo\/#breadcrumb"},"inLanguage":"pt-BR","potentialAction":[{"@type":"ReadAction","target":["https:\/\/www.gaveanews.com\/index.php\/2025\/03\/25\/bruxa-solta-o-resultado-do-exame-do-meia-arrascaeta-do-flamengo\/"]}]},{"@type":"ImageObject","inLanguage":"pt-BR","@id":"https:\/\/www.gaveanews.com\/index.php\/2025\/03\/25\/bruxa-solta-o-resultado-do-exame-do-meia-arrascaeta-do-flamengo\/#primaryimage","url":"https:\/\/www.gaveanews.com\/wp-content\/uploads\/Arrascaeta-durante-jogo-contra-o-Palmeiras-pelo-Campeonato-Brasileiro-no-Maracana-.webp","contentUrl":"https:\/\/www.gaveanews.com\/wp-content\/uploads\/Arrascaeta-durante-jogo-contra-o-Palmeiras-pelo-Campeonato-Brasileiro-no-Maracana-.webp","width":1170,"height":885,"caption":"Arrascaeta durante jogo entre Flamengo e Palmeiras, pelo Brasileir\u00e3o, no Maracan\u00e3 (Foto: Divulga\u00e7\u00e3o\/Flamengo)"},{"@type":"BreadcrumbList","@id":"https:\/\/www.gaveanews.com\/index.php\/2025\/03\/25\/bruxa-solta-o-resultado-do-exame-do-meia-arrascaeta-do-flamengo\/#breadcrumb","itemListElement":[{"@type":"ListItem","position":1,"name":"Home","item":"https:\/\/www.gaveanews.com\/"},{"@type":"ListItem","position":2,"name":"Bruxa solta! O resultado do exame do meia Arrascaeta, do Flamengo"}]},{"@type":"WebSite","@id":"https:\/\/www.gaveanews.com\/#website","url":"https:\/\/www.gaveanews.com\/","name":"G\u00e1vea News","description":"Veja todas as not\u00edcias sobre o Flamengo: Contrata\u00e7\u00f5es, categorias de base, resultados das partidas, tabela de classifica\u00e7\u00e3o, pr\u00f3ximos jogos!","potentialAction":[{"@type":"SearchAction","target":{"@type":"EntryPoint","urlTemplate":"https:\/\/www.gaveanews.com\/?s={search_term_string}"},"query-input":{"@type":"PropertyValueSpecification","valueRequired":true,"valueName":"search_term_string"}}],"inLanguage":"pt-BR"},{"@type":"Person","@id":"https:\/\/www.gaveanews.com\/#\/schema\/person\/daf63eec72e1164eb13dc35096c2b8da","name":"Paula Silva","image":{"@type":"ImageObject","inLanguage":"pt-BR","@id":"https:\/\/www.gaveanews.com\/#\/schema\/person\/image\/","url":"https:\/\/secure.gravatar.com\/avatar\/eda381c845527cc5d64c13b901833cda29d97500ba040d3e6461f76f51d163bb?s=96&d=mm&r=g","contentUrl":"https:\/\/secure.gravatar.com\/avatar\/eda381c845527cc5d64c13b901833cda29d97500ba040d3e6461f76f51d163bb?s=96&d=mm&r=g","caption":"Paula Silva"}}]}},"_links":{"self":[{"href":"https:\/\/www.gaveanews.com\/index.php\/wp-json\/wp\/v2\/posts\/244609","targetHints":{"allow":["GET"]}}],"collection":[{"href":"https:\/\/www.gaveanews.com\/index.php\/wp-json\/wp\/v2\/posts"}],"about":[{"href":"https:\/\/www.gaveanews.com\/index.php\/wp-json\/wp\/v2\/types\/post"}],"author":[{"embeddable":true,"href":"https:\/\/www.gaveanews.com\/index.php\/wp-json\/wp\/v2\/users\/18"}],"replies":[{"embeddable":true,"href":"https:\/\/www.gaveanews.com\/index.php\/wp-json\/wp\/v2\/comments?post=244609"}],"version-history":[{"count":2,"href":"https:\/\/www.gaveanews.com\/index.php\/wp-json\/wp\/v2\/posts\/244609\/revisions"}],"predecessor-version":[{"id":244631,"href":"https:\/\/www.gaveanews.com\/index.php\/wp-json\/wp\/v2\/posts\/244609\/revisions\/244631"}],"wp:featuredmedia":[{"embeddable":true,"href":"https:\/\/www.gaveanews.com\/index.php\/wp-json\/wp\/v2\/media\/157914"}],"wp:attachment":[{"href":"https:\/\/www.gaveanews.com\/index.php\/wp-json\/wp\/v2\/media?parent=244609"}],"wp:term":[{"taxonomy":"category","embeddable":true,"href":"https:\/\/www.gaveanews.com\/index.php\/wp-json\/wp\/v2\/categories?post=244609"},{"taxonomy":"post_tag","embeddable":true,"href":"https:\/\/www.gaveanews.com\/index.php\/wp-json\/wp\/v2\/tags?post=244609"}],"curies":[{"name":"wp","href":"https:\/\/api.w.org\/{rel}","templated":true}]}}