{"id":244806,"date":"2025-03-26T08:07:24","date_gmt":"2025-03-26T11:07:24","guid":{"rendered":"https:\/\/www.gaveanews.com\/?p=244806"},"modified":"2025-04-11T15:14:56","modified_gmt":"2025-04-11T18:14:56","slug":"produto-das-camadas-jovens-do-flamengo-destaca-se-em-portugal","status":"publish","type":"post","link":"https:\/\/www.gaveanews.com\/index.php\/2025\/03\/26\/produto-das-camadas-jovens-do-flamengo-destaca-se-em-portugal\/","title":{"rendered":"Produto das camadas jovens do Flamengo destaca-se em Portugal"},"content":{"rendered":"\n<p>Ot\u00e1vio Ata\u00edde da Silva pode at\u00e9 ser um ilustre desconhecido para os adeptos do Flamengo, mas a realidade \u00e9 que este \u00e9 mais um dos frutos das camadas jovens do clube que tem feito sucesso na Europa.<\/p>\n\n\n\n<h2 class=\"wp-block-heading\" id=\"h-figura-no-fc-porto\">Figura no FC Porto<\/h2>\n\n\n\n<p>Natural de S\u00e3o Paulo, Ot\u00e1vio Ata\u00edde cedo saiu de casa para tentar a sua sorte no futebol. O defesa central, hoje com 22 anos, rumou a sul para representar os sub-15 do Internacional de Porto Alegre.<\/p>\n\n\n\n<p>A passagem pelo Colorado foi breve e, em 2017, Ot\u00e1vio mudou-se para o Flamengo. No <em>Ninho do Urubu<\/em>, Ot\u00e1vio passou pelos sub-17 e sub-20, chegando mesmo a participar num jogo na S\u00e9rie A: em 27 de setembro de 2020, o t\u00e9cnico espanhol Jordi Guerrero confiou no jovem, com ent\u00e3o 18 anos, para enfrentar o Palmeiras no Allianz Parque, numa partida que terminou empatada a um golo.<\/p>\n\n\n\n<p>Desde ent\u00e3o, Ot\u00e1vio n\u00e3o voltou a ser op\u00e7\u00e3o na equipa principal, tendo passado pelo Sampaio C\u00f4rrea por empr\u00e9stimo em 2022. Sem espa\u00e7o no Flamengo e determinado em afirmar-se no mundo do futebol, Ot\u00e1vio Ata\u00edde rumou a Portugal na \u00e9poca de 2022\/23.<\/p>\n\n\n\n<figure class=\"wp-block-image size-full\"><img loading=\"lazy\" decoding=\"async\" width=\"700\" height=\"470\" src=\"http:\/\/www.gaveanews.com\/wp-content\/uploads\/Otavio-em-acao-pelo-Flamengo-na-partida-contra-o-Palmeiras-pelo-Campeonato-Brasileiro-de-2020.webp\" alt=\"\" class=\"wp-image-48448\" srcset=\"https:\/\/www.gaveanews.com\/wp-content\/uploads\/Otavio-em-acao-pelo-Flamengo-na-partida-contra-o-Palmeiras-pelo-Campeonato-Brasileiro-de-2020.webp 700w, https:\/\/www.gaveanews.com\/wp-content\/uploads\/Otavio-em-acao-pelo-Flamengo-na-partida-contra-o-Palmeiras-pelo-Campeonato-Brasileiro-de-2020-300x201.webp 300w, https:\/\/www.gaveanews.com\/wp-content\/uploads\/Otavio-em-acao-pelo-Flamengo-na-partida-contra-o-Palmeiras-pelo-Campeonato-Brasileiro-de-2020-626x420.webp 626w, https:\/\/www.gaveanews.com\/wp-content\/uploads\/Otavio-em-acao-pelo-Flamengo-na-partida-contra-o-Palmeiras-pelo-Campeonato-Brasileiro-de-2020-537x360.webp 537w, https:\/\/www.gaveanews.com\/wp-content\/uploads\/Otavio-em-acao-pelo-Flamengo-na-partida-contra-o-Palmeiras-pelo-Campeonato-Brasileiro-de-2020-640x430.webp 640w, https:\/\/www.gaveanews.com\/wp-content\/uploads\/Otavio-em-acao-pelo-Flamengo-na-partida-contra-o-Palmeiras-pelo-Campeonato-Brasileiro-de-2020-681x457.webp 681w, https:\/\/www.gaveanews.com\/wp-content\/uploads\/Otavio-em-acao-pelo-Flamengo-na-partida-contra-o-Palmeiras-pelo-Campeonato-Brasileiro-de-2020-100x67.webp 100w\" sizes=\"auto, (max-width: 700px) 100vw, 700px\" \/><figcaption class=\"wp-element-caption\">Hugo Souza e Ot\u00e1vio em a\u00e7\u00e3o pelo Flamengo na partida contra o Palmeiras pelo Campeonato Brasileiro de 2020 (Foto: Alexandre Vidal\/Flamengo)<\/figcaption><\/figure>\n\n\n\n<p>O seu percurso come\u00e7a na equipa de sub-23 (reserva) do Famalic\u00e3o, equipa do norte de Portugal que Ot\u00e1vio representou por empr\u00e9stimo do Flamengo durante a referida \u00e9poca.<\/p>\n\n\n\n<p>Em 2023\/24, Ot\u00e1vio desvinculou-se definitivamente do <em>Fla <\/em>e assinou pelo Famalic\u00e3o, apesar da sua experi\u00eancia nesse clube ter sido curta. Em dezembro, na janela de inverno europeia, Ot\u00e1vio assinou pelo FC Porto, passando a vestir a camisa azul e branca a troco de uma quantia milion\u00e1ria.<\/p>\n\n\n\n<p>Assim como no Brasil, o futebol tamb\u00e9m \u00e9 o desporto-rei em Portugal. FC Porto, Benfica e Sporting s\u00e3o as tr\u00eas equipas que mobilizam mais adeptos, mais dinheiro e a sua popularidade vai al\u00e9m da presen\u00e7a nos est\u00e1dios. Marcas de diversos setores de atividade, desde os combust\u00edveis at\u00e9 companhias a\u00e9reas, hotelaria ou jogo, procuram associar-se aos clubes e desenvolver parcerias e produtos exclusivos.<\/p>\n\n\n\n<p>As marcas estabelecem parcerias com benef\u00edcios para os s\u00f3cios desses emblemas e empenham-se em desenvolver produtos com os clubes como temas centrais. Um exemplo disso s\u00e3o as op\u00e7\u00f5es de jackpot e blackjack do Porto, Benfica e Sporting nas sec\u00e7\u00f5es do&nbsp;<a href=\"https:\/\/www.betano.pt\/casino\/\">casino de Portugal<\/a>.<\/p>\n\n\n\n<figure class=\"wp-block-image size-large\"><img loading=\"lazy\" decoding=\"async\" width=\"1024\" height=\"683\" src=\"http:\/\/www.gaveanews.com\/wp-content\/uploads\/Otavio-1024x683.webp\" alt=\"\" class=\"wp-image-100612\" srcset=\"https:\/\/www.gaveanews.com\/wp-content\/uploads\/Otavio-1024x683.webp 1024w, https:\/\/www.gaveanews.com\/wp-content\/uploads\/Otavio-300x200.webp 300w, https:\/\/www.gaveanews.com\/wp-content\/uploads\/Otavio-768x512.webp 768w, https:\/\/www.gaveanews.com\/wp-content\/uploads\/Otavio-1536x1024.webp 1536w, https:\/\/www.gaveanews.com\/wp-content\/uploads\/Otavio-2048x1366.webp 2048w, https:\/\/www.gaveanews.com\/wp-content\/uploads\/Otavio-630x420.webp 630w, https:\/\/www.gaveanews.com\/wp-content\/uploads\/Otavio-1260x840.webp 1260w, https:\/\/www.gaveanews.com\/wp-content\/uploads\/Otavio-640x427.webp 640w, https:\/\/www.gaveanews.com\/wp-content\/uploads\/Otavio-1280x853.webp 1280w, https:\/\/www.gaveanews.com\/wp-content\/uploads\/Otavio-681x454.webp 681w, https:\/\/www.gaveanews.com\/wp-content\/uploads\/Otavio-1362x908.webp 1362w, https:\/\/www.gaveanews.com\/wp-content\/uploads\/Otavio-100x67.webp 100w\" sizes=\"auto, (max-width: 1024px) 100vw, 1024px\" \/><figcaption class=\"wp-element-caption\">Famalic\u00e3o oficializou a compra de Ot\u00e1vio, do Flamengo (Divulga\u00e7\u00e3o\/Famalic\u00e3o)<\/figcaption><\/figure>\n\n\n\n<h2 class=\"wp-block-heading\">Transfer\u00eancia para o FC Porto<\/h2>\n\n\n\n<p>O FC Porto, um dos \u201ctr\u00eas grandes\u201d de Portugal, investiu 13 milh\u00f5es de euros na <a href=\"https:\/\/onefootball.com\/fr\/news\/oficial-otavio-ataide-e-reforco-do-fc-porto-38971935\">contrata\u00e7\u00e3o de Ot\u00e1vio<\/a> em janeiro de 2025.&nbsp;O defesa central mudou-se imediatamente para a equipa da Cidade Invicta e foi op\u00e7\u00e3o regular para S\u00e9rgio Concei\u00e7\u00e3o.<\/p>\n\n\n\n<p>No final da \u00e9poca, Concei\u00e7\u00e3o abandonou o Drag\u00e3o e no seu lugar ficou o adjunto V\u00edtor Bruno que continuou a apostar em Ot\u00e1vio.<\/p>\n\n\n\n<p>No entanto, como as coisas n\u00e3o correram bem nas Antas, o <a href=\"https:\/\/www.ogol.com.br\/treinador\/martin-anselmi\/49094\">t\u00e9cnico Mart\u00edn Anselmi<\/a> assumiu a posi\u00e7\u00e3o de Bruno, continuando tamb\u00e9m ele a apostar em Ot\u00e1vio como titular na defesa que, at\u00e9 \u00e0 \u00e9poca anterior, tinha o luso-brasileiro Pepe como grande refer\u00eancia.<\/p>\n\n\n\n<h2 class=\"wp-block-heading\" id=\"h-titulado-no-flamengo\">Titulado no Flamengo<\/h2>\n\n\n\n<p>Longe de ter sido o seu t\u00edtulo mais saboroso, considerando a sua reduzida participa\u00e7\u00e3o ao longo da \u00e9poca, certo \u00e9 que o canhoto Ot\u00e1vio recebeu a medalha de campe\u00e3o brasileiro em 2020. Al\u00e9m disso, acumulou t\u00edtulos nas camadas jovens da rubro- negro, entre os quais o Brasileiro de Sub-20, o Brasileiro Sub-17, Superta\u00e7a do Brasil Sub-20 e Ta\u00e7a do Brasil Sub-17. <\/p>\n\n\n\n<p>No FC Porto, a presente \u00e9poca n\u00e3o est\u00e1 a ser f\u00e1cil, mas Ot\u00e1vio vai-se esfor\u00e7ando por continuar a ser op\u00e7\u00e3o regular no esquema de Mart\u00edn Anselmi, o argentino que desde a sua chegada ao FC Porto tem privilegiado um sistema com tr\u00eas defesas centrais no qual Ot\u00e1vio costuma ser op\u00e7\u00e3o. O brasileiro promete continuar a ser uma das refer\u00eancias da equipa portista na presente \u00e9poca.<\/p>\n","protected":false},"excerpt":{"rendered":"<p>Ot\u00e1vio Ata\u00edde da Silva pode at\u00e9 ser um ilustre desconhecido para os adeptos do Flamengo, mas a realidade \u00e9 que este \u00e9 mais um dos frutos das camadas jovens do clube que tem feito sucesso na Europa. Figura no FC Porto Natural de S\u00e3o Paulo, Ot\u00e1vio Ata\u00edde cedo saiu de casa para tentar a sua [&hellip;]<\/p>\n","protected":false},"author":1,"featured_media":148153,"comment_status":"open","ping_status":"closed","sticky":false,"template":"","format":"standard","meta":{"footnotes":""},"categories":[1],"tags":[],"class_list":["post-244806","post","type-post","status-publish","format-standard","has-post-thumbnail","hentry","category-flamengo"],"yoast_head":"<!-- This site is optimized with the Yoast SEO Premium plugin v24.2 (Yoast SEO v26.9) - https:\/\/yoast.com\/product\/yoast-seo-premium-wordpress\/ -->\n<title>Produto das camadas jovens do Flamengo destaca-se em Portugal<\/title>\n<meta name=\"robots\" content=\"index, follow, max-snippet:-1, max-image-preview:large, max-video-preview:-1\" \/>\n<link rel=\"canonical\" href=\"https:\/\/www.gaveanews.com\/index.php\/2025\/03\/26\/produto-das-camadas-jovens-do-flamengo-destaca-se-em-portugal\/\" \/>\n<meta property=\"og:locale\" content=\"pt_BR\" \/>\n<meta property=\"og:type\" content=\"article\" \/>\n<meta property=\"og:title\" content=\"Produto das camadas jovens do Flamengo destaca-se em Portugal\" \/>\n<meta property=\"og:description\" content=\"Ot\u00e1vio Ata\u00edde da Silva pode at\u00e9 ser um ilustre desconhecido para os adeptos do Flamengo, mas a realidade \u00e9 que este \u00e9 mais um dos frutos das camadas jovens do clube que tem feito sucesso na Europa. Figura no FC Porto Natural de S\u00e3o Paulo, Ot\u00e1vio Ata\u00edde cedo saiu de casa para tentar a sua [&hellip;]\" \/>\n<meta property=\"og:url\" content=\"https:\/\/www.gaveanews.com\/index.php\/2025\/03\/26\/produto-das-camadas-jovens-do-flamengo-destaca-se-em-portugal\/\" \/>\n<meta property=\"og:site_name\" content=\"G\u00e1vea News\" \/>\n<meta property=\"article:publisher\" content=\"https:\/\/facebook.com\/gaveaNews\/\" \/>\n<meta property=\"article:published_time\" content=\"2025-03-26T11:07:24+00:00\" \/>\n<meta property=\"article:modified_time\" content=\"2025-04-11T18:14:56+00:00\" \/>\n<meta property=\"og:image\" content=\"http:\/\/www.gaveanews.com\/wp-content\/uploads\/otavio-porto-portugal-flamengo.webp\" \/>\n\t<meta property=\"og:image:width\" content=\"860\" \/>\n\t<meta property=\"og:image:height\" content=\"484\" \/>\n\t<meta property=\"og:image:type\" content=\"image\/webp\" \/>\n<meta name=\"author\" content=\"Equipe G\u00e1vea News\" \/>\n<meta name=\"twitter:card\" content=\"summary_large_image\" \/>\n<meta name=\"twitter:label1\" content=\"Escrito por\" \/>\n\t<meta name=\"twitter:data1\" content=\"Equipe G\u00e1vea News\" \/>\n\t<meta name=\"twitter:label2\" content=\"Est. tempo de leitura\" \/>\n\t<meta name=\"twitter:data2\" content=\"5 minutos\" \/>\n<script type=\"application\/ld+json\" class=\"yoast-schema-graph\">{\"@context\":\"https:\/\/schema.org\",\"@graph\":[{\"@type\":\"NewsArticle\",\"@id\":\"https:\/\/www.gaveanews.com\/index.php\/2025\/03\/26\/produto-das-camadas-jovens-do-flamengo-destaca-se-em-portugal\/#article\",\"isPartOf\":{\"@id\":\"https:\/\/www.gaveanews.com\/index.php\/2025\/03\/26\/produto-das-camadas-jovens-do-flamengo-destaca-se-em-portugal\/\"},\"author\":{\"name\":\"Equipe G\u00e1vea News\",\"@id\":\"https:\/\/www.gaveanews.com\/#\/schema\/person\/2ec14f73fb96be2caf28f91afb14749d\"},\"headline\":\"Produto das camadas jovens do Flamengo destaca-se em Portugal\",\"datePublished\":\"2025-03-26T11:07:24+00:00\",\"dateModified\":\"2025-04-11T18:14:56+00:00\",\"mainEntityOfPage\":{\"@id\":\"https:\/\/www.gaveanews.com\/index.php\/2025\/03\/26\/produto-das-camadas-jovens-do-flamengo-destaca-se-em-portugal\/\"},\"wordCount\":711,\"commentCount\":0,\"image\":{\"@id\":\"https:\/\/www.gaveanews.com\/index.php\/2025\/03\/26\/produto-das-camadas-jovens-do-flamengo-destaca-se-em-portugal\/#primaryimage\"},\"thumbnailUrl\":\"https:\/\/www.gaveanews.com\/wp-content\/uploads\/otavio-porto-portugal-flamengo.webp\",\"articleSection\":[\"Flamengo\"],\"inLanguage\":\"pt-BR\",\"potentialAction\":[{\"@type\":\"CommentAction\",\"name\":\"Comment\",\"target\":[\"https:\/\/www.gaveanews.com\/index.php\/2025\/03\/26\/produto-das-camadas-jovens-do-flamengo-destaca-se-em-portugal\/#respond\"]}],\"copyrightYear\":\"2025\",\"copyrightHolder\":{\"@id\":\"https:\/\/www.gaveanews.com\/#organization\"}},{\"@type\":\"WebPage\",\"@id\":\"https:\/\/www.gaveanews.com\/index.php\/2025\/03\/26\/produto-das-camadas-jovens-do-flamengo-destaca-se-em-portugal\/\",\"url\":\"https:\/\/www.gaveanews.com\/index.php\/2025\/03\/26\/produto-das-camadas-jovens-do-flamengo-destaca-se-em-portugal\/\",\"name\":\"Produto das camadas jovens do Flamengo destaca-se em Portugal\",\"isPartOf\":{\"@id\":\"https:\/\/www.gaveanews.com\/#website\"},\"primaryImageOfPage\":{\"@id\":\"https:\/\/www.gaveanews.com\/index.php\/2025\/03\/26\/produto-das-camadas-jovens-do-flamengo-destaca-se-em-portugal\/#primaryimage\"},\"image\":{\"@id\":\"https:\/\/www.gaveanews.com\/index.php\/2025\/03\/26\/produto-das-camadas-jovens-do-flamengo-destaca-se-em-portugal\/#primaryimage\"},\"thumbnailUrl\":\"https:\/\/www.gaveanews.com\/wp-content\/uploads\/otavio-porto-portugal-flamengo.webp\",\"datePublished\":\"2025-03-26T11:07:24+00:00\",\"dateModified\":\"2025-04-11T18:14:56+00:00\",\"author\":{\"@id\":\"https:\/\/www.gaveanews.com\/#\/schema\/person\/2ec14f73fb96be2caf28f91afb14749d\"},\"breadcrumb\":{\"@id\":\"https:\/\/www.gaveanews.com\/index.php\/2025\/03\/26\/produto-das-camadas-jovens-do-flamengo-destaca-se-em-portugal\/#breadcrumb\"},\"inLanguage\":\"pt-BR\",\"potentialAction\":[{\"@type\":\"ReadAction\",\"target\":[\"https:\/\/www.gaveanews.com\/index.php\/2025\/03\/26\/produto-das-camadas-jovens-do-flamengo-destaca-se-em-portugal\/\"]}]},{\"@type\":\"ImageObject\",\"inLanguage\":\"pt-BR\",\"@id\":\"https:\/\/www.gaveanews.com\/index.php\/2025\/03\/26\/produto-das-camadas-jovens-do-flamengo-destaca-se-em-portugal\/#primaryimage\",\"url\":\"https:\/\/www.gaveanews.com\/wp-content\/uploads\/otavio-porto-portugal-flamengo.webp\",\"contentUrl\":\"https:\/\/www.gaveanews.com\/wp-content\/uploads\/otavio-porto-portugal-flamengo.webp\",\"width\":860,\"height\":484,\"caption\":\"Ot\u00e1vio \u00e9 contratado pelo Porto (Foto: Reprodu\u00e7\u00e3o)\"},{\"@type\":\"BreadcrumbList\",\"@id\":\"https:\/\/www.gaveanews.com\/index.php\/2025\/03\/26\/produto-das-camadas-jovens-do-flamengo-destaca-se-em-portugal\/#breadcrumb\",\"itemListElement\":[{\"@type\":\"ListItem\",\"position\":1,\"name\":\"Home\",\"item\":\"https:\/\/www.gaveanews.com\/\"},{\"@type\":\"ListItem\",\"position\":2,\"name\":\"Produto das camadas jovens do Flamengo destaca-se em Portugal\"}]},{\"@type\":\"WebSite\",\"@id\":\"https:\/\/www.gaveanews.com\/#website\",\"url\":\"https:\/\/www.gaveanews.com\/\",\"name\":\"G\u00e1vea News\",\"description\":\"Veja todas as not\u00edcias sobre o Flamengo: Contrata\u00e7\u00f5es, categorias de base, resultados das partidas, tabela de classifica\u00e7\u00e3o, pr\u00f3ximos jogos!\",\"potentialAction\":[{\"@type\":\"SearchAction\",\"target\":{\"@type\":\"EntryPoint\",\"urlTemplate\":\"https:\/\/www.gaveanews.com\/?s={search_term_string}\"},\"query-input\":{\"@type\":\"PropertyValueSpecification\",\"valueRequired\":true,\"valueName\":\"search_term_string\"}}],\"inLanguage\":\"pt-BR\"},{\"@type\":\"Person\",\"@id\":\"https:\/\/www.gaveanews.com\/#\/schema\/person\/2ec14f73fb96be2caf28f91afb14749d\",\"name\":\"Equipe G\u00e1vea News\",\"image\":{\"@type\":\"ImageObject\",\"inLanguage\":\"pt-BR\",\"@id\":\"https:\/\/www.gaveanews.com\/#\/schema\/person\/image\/\",\"url\":\"https:\/\/secure.gravatar.com\/avatar\/1e1956f1facbffd3f8fa53a326721950116b3b9dc9bd44939c01180fd4a745a9?s=96&d=mm&r=g\",\"contentUrl\":\"https:\/\/secure.gravatar.com\/avatar\/1e1956f1facbffd3f8fa53a326721950116b3b9dc9bd44939c01180fd4a745a9?s=96&d=mm&r=g\",\"caption\":\"Equipe G\u00e1vea News\"}}]}<\/script>\n<!-- \/ Yoast SEO Premium plugin. -->","yoast_head_json":{"title":"Produto das camadas jovens do Flamengo destaca-se em Portugal","robots":{"index":"index","follow":"follow","max-snippet":"max-snippet:-1","max-image-preview":"max-image-preview:large","max-video-preview":"max-video-preview:-1"},"canonical":"https:\/\/www.gaveanews.com\/index.php\/2025\/03\/26\/produto-das-camadas-jovens-do-flamengo-destaca-se-em-portugal\/","og_locale":"pt_BR","og_type":"article","og_title":"Produto das camadas jovens do Flamengo destaca-se em Portugal","og_description":"Ot\u00e1vio Ata\u00edde da Silva pode at\u00e9 ser um ilustre desconhecido para os adeptos do Flamengo, mas a realidade \u00e9 que este \u00e9 mais um dos frutos das camadas jovens do clube que tem feito sucesso na Europa. Figura no FC Porto Natural de S\u00e3o Paulo, Ot\u00e1vio Ata\u00edde cedo saiu de casa para tentar a sua [&hellip;]","og_url":"https:\/\/www.gaveanews.com\/index.php\/2025\/03\/26\/produto-das-camadas-jovens-do-flamengo-destaca-se-em-portugal\/","og_site_name":"G\u00e1vea News","article_publisher":"https:\/\/facebook.com\/gaveaNews\/","article_published_time":"2025-03-26T11:07:24+00:00","article_modified_time":"2025-04-11T18:14:56+00:00","og_image":[{"width":860,"height":484,"url":"http:\/\/www.gaveanews.com\/wp-content\/uploads\/otavio-porto-portugal-flamengo.webp","type":"image\/webp"}],"author":"Equipe G\u00e1vea News","twitter_card":"summary_large_image","twitter_misc":{"Escrito por":"Equipe G\u00e1vea News","Est. tempo de leitura":"5 minutos"},"schema":{"@context":"https:\/\/schema.org","@graph":[{"@type":"NewsArticle","@id":"https:\/\/www.gaveanews.com\/index.php\/2025\/03\/26\/produto-das-camadas-jovens-do-flamengo-destaca-se-em-portugal\/#article","isPartOf":{"@id":"https:\/\/www.gaveanews.com\/index.php\/2025\/03\/26\/produto-das-camadas-jovens-do-flamengo-destaca-se-em-portugal\/"},"author":{"name":"Equipe G\u00e1vea News","@id":"https:\/\/www.gaveanews.com\/#\/schema\/person\/2ec14f73fb96be2caf28f91afb14749d"},"headline":"Produto das camadas jovens do Flamengo destaca-se em Portugal","datePublished":"2025-03-26T11:07:24+00:00","dateModified":"2025-04-11T18:14:56+00:00","mainEntityOfPage":{"@id":"https:\/\/www.gaveanews.com\/index.php\/2025\/03\/26\/produto-das-camadas-jovens-do-flamengo-destaca-se-em-portugal\/"},"wordCount":711,"commentCount":0,"image":{"@id":"https:\/\/www.gaveanews.com\/index.php\/2025\/03\/26\/produto-das-camadas-jovens-do-flamengo-destaca-se-em-portugal\/#primaryimage"},"thumbnailUrl":"https:\/\/www.gaveanews.com\/wp-content\/uploads\/otavio-porto-portugal-flamengo.webp","articleSection":["Flamengo"],"inLanguage":"pt-BR","potentialAction":[{"@type":"CommentAction","name":"Comment","target":["https:\/\/www.gaveanews.com\/index.php\/2025\/03\/26\/produto-das-camadas-jovens-do-flamengo-destaca-se-em-portugal\/#respond"]}],"copyrightYear":"2025","copyrightHolder":{"@id":"https:\/\/www.gaveanews.com\/#organization"}},{"@type":"WebPage","@id":"https:\/\/www.gaveanews.com\/index.php\/2025\/03\/26\/produto-das-camadas-jovens-do-flamengo-destaca-se-em-portugal\/","url":"https:\/\/www.gaveanews.com\/index.php\/2025\/03\/26\/produto-das-camadas-jovens-do-flamengo-destaca-se-em-portugal\/","name":"Produto das camadas jovens do Flamengo destaca-se em Portugal","isPartOf":{"@id":"https:\/\/www.gaveanews.com\/#website"},"primaryImageOfPage":{"@id":"https:\/\/www.gaveanews.com\/index.php\/2025\/03\/26\/produto-das-camadas-jovens-do-flamengo-destaca-se-em-portugal\/#primaryimage"},"image":{"@id":"https:\/\/www.gaveanews.com\/index.php\/2025\/03\/26\/produto-das-camadas-jovens-do-flamengo-destaca-se-em-portugal\/#primaryimage"},"thumbnailUrl":"https:\/\/www.gaveanews.com\/wp-content\/uploads\/otavio-porto-portugal-flamengo.webp","datePublished":"2025-03-26T11:07:24+00:00","dateModified":"2025-04-11T18:14:56+00:00","author":{"@id":"https:\/\/www.gaveanews.com\/#\/schema\/person\/2ec14f73fb96be2caf28f91afb14749d"},"breadcrumb":{"@id":"https:\/\/www.gaveanews.com\/index.php\/2025\/03\/26\/produto-das-camadas-jovens-do-flamengo-destaca-se-em-portugal\/#breadcrumb"},"inLanguage":"pt-BR","potentialAction":[{"@type":"ReadAction","target":["https:\/\/www.gaveanews.com\/index.php\/2025\/03\/26\/produto-das-camadas-jovens-do-flamengo-destaca-se-em-portugal\/"]}]},{"@type":"ImageObject","inLanguage":"pt-BR","@id":"https:\/\/www.gaveanews.com\/index.php\/2025\/03\/26\/produto-das-camadas-jovens-do-flamengo-destaca-se-em-portugal\/#primaryimage","url":"https:\/\/www.gaveanews.com\/wp-content\/uploads\/otavio-porto-portugal-flamengo.webp","contentUrl":"https:\/\/www.gaveanews.com\/wp-content\/uploads\/otavio-porto-portugal-flamengo.webp","width":860,"height":484,"caption":"Ot\u00e1vio \u00e9 contratado pelo Porto (Foto: Reprodu\u00e7\u00e3o)"},{"@type":"BreadcrumbList","@id":"https:\/\/www.gaveanews.com\/index.php\/2025\/03\/26\/produto-das-camadas-jovens-do-flamengo-destaca-se-em-portugal\/#breadcrumb","itemListElement":[{"@type":"ListItem","position":1,"name":"Home","item":"https:\/\/www.gaveanews.com\/"},{"@type":"ListItem","position":2,"name":"Produto das camadas jovens do Flamengo destaca-se em Portugal"}]},{"@type":"WebSite","@id":"https:\/\/www.gaveanews.com\/#website","url":"https:\/\/www.gaveanews.com\/","name":"G\u00e1vea News","description":"Veja todas as not\u00edcias sobre o Flamengo: Contrata\u00e7\u00f5es, categorias de base, resultados das partidas, tabela de classifica\u00e7\u00e3o, pr\u00f3ximos jogos!","potentialAction":[{"@type":"SearchAction","target":{"@type":"EntryPoint","urlTemplate":"https:\/\/www.gaveanews.com\/?s={search_term_string}"},"query-input":{"@type":"PropertyValueSpecification","valueRequired":true,"valueName":"search_term_string"}}],"inLanguage":"pt-BR"},{"@type":"Person","@id":"https:\/\/www.gaveanews.com\/#\/schema\/person\/2ec14f73fb96be2caf28f91afb14749d","name":"Equipe G\u00e1vea News","image":{"@type":"ImageObject","inLanguage":"pt-BR","@id":"https:\/\/www.gaveanews.com\/#\/schema\/person\/image\/","url":"https:\/\/secure.gravatar.com\/avatar\/1e1956f1facbffd3f8fa53a326721950116b3b9dc9bd44939c01180fd4a745a9?s=96&d=mm&r=g","contentUrl":"https:\/\/secure.gravatar.com\/avatar\/1e1956f1facbffd3f8fa53a326721950116b3b9dc9bd44939c01180fd4a745a9?s=96&d=mm&r=g","caption":"Equipe G\u00e1vea News"}}]}},"_links":{"self":[{"href":"https:\/\/www.gaveanews.com\/index.php\/wp-json\/wp\/v2\/posts\/244806","targetHints":{"allow":["GET"]}}],"collection":[{"href":"https:\/\/www.gaveanews.com\/index.php\/wp-json\/wp\/v2\/posts"}],"about":[{"href":"https:\/\/www.gaveanews.com\/index.php\/wp-json\/wp\/v2\/types\/post"}],"author":[{"embeddable":true,"href":"https:\/\/www.gaveanews.com\/index.php\/wp-json\/wp\/v2\/users\/1"}],"replies":[{"embeddable":true,"href":"https:\/\/www.gaveanews.com\/index.php\/wp-json\/wp\/v2\/comments?post=244806"}],"version-history":[{"count":3,"href":"https:\/\/www.gaveanews.com\/index.php\/wp-json\/wp\/v2\/posts\/244806\/revisions"}],"predecessor-version":[{"id":252314,"href":"https:\/\/www.gaveanews.com\/index.php\/wp-json\/wp\/v2\/posts\/244806\/revisions\/252314"}],"wp:featuredmedia":[{"embeddable":true,"href":"https:\/\/www.gaveanews.com\/index.php\/wp-json\/wp\/v2\/media\/148153"}],"wp:attachment":[{"href":"https:\/\/www.gaveanews.com\/index.php\/wp-json\/wp\/v2\/media?parent=244806"}],"wp:term":[{"taxonomy":"category","embeddable":true,"href":"https:\/\/www.gaveanews.com\/index.php\/wp-json\/wp\/v2\/categories?post=244806"},{"taxonomy":"post_tag","embeddable":true,"href":"https:\/\/www.gaveanews.com\/index.php\/wp-json\/wp\/v2\/tags?post=244806"}],"curies":[{"name":"wp","href":"https:\/\/api.w.org\/{rel}","templated":true}]}}