{"id":244818,"date":"2025-03-26T09:50:00","date_gmt":"2025-03-26T12:50:00","guid":{"rendered":"https:\/\/www.gaveanews.com\/?p=244818"},"modified":"2025-03-26T09:46:24","modified_gmt":"2025-03-26T12:46:24","slug":"video-a-declaracao-de-jorge-iggor-para-ednaldo-rodriguez-apos-derrota-do-brasil-para-a-argentina","status":"publish","type":"post","link":"https:\/\/www.gaveanews.com\/index.php\/2025\/03\/26\/video-a-declaracao-de-jorge-iggor-para-ednaldo-rodriguez-apos-derrota-do-brasil-para-a-argentina\/","title":{"rendered":"V\u00eddeo: a declara\u00e7\u00e3o de Jorge Iggor para Ednaldo Rodr\u00edguez ap\u00f3s derrota do Brasil para a Argentina"},"content":{"rendered":"\n<p>A Sele\u00e7\u00e3o Brasileira viveu uma noite para esquecer em Buenos Aires. A goleada por 4 a 1 para a Argentina n\u00e3o apenas escancarou fragilidades da equipe de Dorival J\u00fanior, mas tamb\u00e9m gerou duras cr\u00edticas.&nbsp;<\/p>\n\n\n\n<p>O jornalista Jorge Iggor resumiu o sentimento geral ao dizer: &#8220;Talvez o 4 a 1 seja at\u00e9 pequeno para explicar o qu\u00e3o constrangedor foi a atua\u00e7\u00e3o da Sele\u00e7\u00e3o Brasileira.&#8221;<\/p>\n\n\n\n<figure class=\"wp-block-embed is-type-video is-provider-tiktok wp-block-embed-tiktok\"><div class=\"wp-block-embed__wrapper\">\n<blockquote class=\"tiktok-embed\" cite=\"https:\/\/www.tiktok.com\/@tntsportsbr\/video\/7485939210717875511\" data-video-id=\"7485939210717875511\" data-embed-from=\"oembed\" style=\"max-width:605px; min-width:325px;\"> <section> <a target=\"_blank\" title=\"@tntsportsbr\" href=\"https:\/\/www.tiktok.com\/@tntsportsbr?refer=embed\">@tntsportsbr<\/a> <p>O JORGE IGGOR PISTOLOU COM A CBF DEPOIS DA GOLEADA PRA ARGENTINA!! \ud83d\udc40\ud83c\udde7\ud83c\uddf7 O nosso @jorgeiggor soltou o verbo pra falar da atua\u00e7\u00e3o da Sele\u00e7\u00e3o no cl\u00e1ssico!! <a title=\"sele\u00e7\u00e3obrasileira\" target=\"_blank\" href=\"https:\/\/www.tiktok.com\/tag\/sele%C3%A7%C3%A3obrasileira?refer=embed\">#Sele\u00e7\u00e3oBrasileira<\/a> <a title=\"tiktokesportes\" target=\"_blank\" href=\"https:\/\/www.tiktok.com\/tag\/tiktokesportes?refer=embed\">#tiktokesportes<\/a> <a title=\"sportsontiktkok\" target=\"_blank\" href=\"https:\/\/www.tiktok.com\/tag\/sportsontiktkok?refer=embed\">#sportsontiktkok<\/a> <a title=\"foryoupage\" target=\"_blank\" href=\"https:\/\/www.tiktok.com\/tag\/foryoupage?refer=embed\">#foryoupage<\/a> <a title=\"hoje\" target=\"_blank\" href=\"https:\/\/www.tiktok.com\/tag\/hoje?refer=embed\">#hoje<\/a> <a title=\"viral_video\" target=\"_blank\" href=\"https:\/\/www.tiktok.com\/tag\/viral_video?refer=embed\">#viral_video<\/a> <a title=\"today\" target=\"_blank\" href=\"https:\/\/www.tiktok.com\/tag\/today?refer=embed\">#today<\/a> <a title=\"brasil\" target=\"_blank\" href=\"https:\/\/www.tiktok.com\/tag\/brasil?refer=embed\">#brasil<\/a><\/p> <a target=\"_blank\" title=\"\u266c som original - TNT Sports Brasil - TNT Sports Brasil\" href=\"https:\/\/www.tiktok.com\/music\/som-original-TNT-Sports-Brasil-7485939383528049414?refer=embed\">\u266c som original &#8211; TNT Sports Brasil &#8211; TNT Sports Brasil<\/a> <\/section> <\/blockquote> <script async src=\"https:\/\/www.tiktok.com\/embed.js\"><\/script>\n<\/div><\/figure>\n\n\n\n<h2 class=\"wp-block-heading\" id=\"h-brasil-perde-forca-nas-eliminatorias\">Brasil perde for\u00e7a nas Eliminat\u00f3rias<\/h2>\n\n\n\n<p>O resultado negativo complicou a caminhada da Sele\u00e7\u00e3o nas Eliminat\u00f3rias para a Copa do Mundo de 2026. O Brasil permaneceu com 21 pontos, sendo ultrapassado por Uruguai e Equador, que agora ocupam, respectivamente, a segunda e terceira posi\u00e7\u00e3o na tabela.&nbsp;<\/p>\n\n\n\n<p>Dessa maneira, a equipe caiu para o quarto lugar, embora ainda dentro da zona de classifica\u00e7\u00e3o direta.<\/p>\n\n\n\n<p>Vale destacar que os seis primeiros colocados garantem vaga no Mundial, enquanto o s\u00e9timo disputa a repescagem. Hoje, a Venezuela ocupa essa posi\u00e7\u00e3o, com seis pontos a menos que o Brasil.&nbsp;<\/p>\n\n\n\n<p>Sendo assim, apesar da goleada sofrida, a situa\u00e7\u00e3o da Sele\u00e7\u00e3o n\u00e3o \u00e9 desesperadora. Com quatro jogos restantes, um aproveitamento de 50% j\u00e1 seria suficiente para assegurar a classifica\u00e7\u00e3o.<\/p>\n\n\n\n<h2 class=\"wp-block-heading\" id=\"h-o-peso-da-derrota-e-o-que-vem-pela-frente\">O peso da derrota e o que vem pela frente<\/h2>\n\n\n\n<p>O rev\u00e9s contra a Argentina foi um alerta para a CBF e o t\u00e9cnico Dorival J\u00fanior. A atua\u00e7\u00e3o fraca gerou debates sobre o futuro do treinador e a qualidade do elenco. Por isso, os pr\u00f3ximos compromissos ser\u00e3o fundamentais para recuperar a confian\u00e7a.<\/p>\n\n\n\n<p>O Brasil volta a campo em junho, enfrentando o Equador e o Paraguai. Depois, em setembro, encara Chile e Bol\u00edvia. Sendo assim, a Sele\u00e7\u00e3o ainda tem tempo para ajustes, mas a press\u00e3o j\u00e1 est\u00e1 instalada. Cabe ressaltar que a torcida e a imprensa cobram n\u00e3o apenas vit\u00f3rias, mas tamb\u00e9m um desempenho convincente.<\/p>\n\n\n\n<p>Com isso, resta saber como a equipe reagir\u00e1 ap\u00f3s essa goleada hist\u00f3rica.<\/p>\n","protected":false},"excerpt":{"rendered":"<p>A Sele\u00e7\u00e3o Brasileira viveu uma noite para esquecer em Buenos Aires. A goleada por 4 a 1 para a Argentina n\u00e3o apenas escancarou fragilidades da equipe de Dorival J\u00fanior, mas tamb\u00e9m gerou duras cr\u00edticas.&nbsp; O jornalista Jorge Iggor resumiu o sentimento geral ao dizer: &#8220;Talvez o 4 a 1 seja at\u00e9 pequeno para explicar o [&hellip;]<\/p>\n","protected":false},"author":25,"featured_media":179224,"comment_status":"open","ping_status":"closed","sticky":false,"template":"","format":"standard","meta":{"footnotes":""},"categories":[478],"tags":[],"class_list":["post-244818","post","type-post","status-publish","format-standard","has-post-thumbnail","hentry","category-brasil"],"yoast_head":"<!-- This site is optimized with the Yoast SEO Premium plugin v24.2 (Yoast SEO v26.9) - https:\/\/yoast.com\/product\/yoast-seo-premium-wordpress\/ -->\n<title>V\u00eddeo: a declara\u00e7\u00e3o de Jorge Iggor para Ednaldo Rodr\u00edguez ap\u00f3s derrota do Brasil para a Argentina<\/title>\n<meta name=\"robots\" content=\"index, follow, max-snippet:-1, max-image-preview:large, max-video-preview:-1\" \/>\n<link rel=\"canonical\" href=\"https:\/\/www.gaveanews.com\/index.php\/2025\/03\/26\/video-a-declaracao-de-jorge-iggor-para-ednaldo-rodriguez-apos-derrota-do-brasil-para-a-argentina\/\" \/>\n<meta property=\"og:locale\" content=\"pt_BR\" \/>\n<meta property=\"og:type\" content=\"article\" \/>\n<meta property=\"og:title\" content=\"V\u00eddeo: a declara\u00e7\u00e3o de Jorge Iggor para Ednaldo Rodr\u00edguez ap\u00f3s derrota do Brasil para a Argentina\" \/>\n<meta property=\"og:description\" content=\"A Sele\u00e7\u00e3o Brasileira viveu uma noite para esquecer em Buenos Aires. A goleada por 4 a 1 para a Argentina n\u00e3o apenas escancarou fragilidades da equipe de Dorival J\u00fanior, mas tamb\u00e9m gerou duras cr\u00edticas.&nbsp; O jornalista Jorge Iggor resumiu o sentimento geral ao dizer: &#8220;Talvez o 4 a 1 seja at\u00e9 pequeno para explicar o [&hellip;]\" \/>\n<meta property=\"og:url\" content=\"https:\/\/www.gaveanews.com\/index.php\/2025\/03\/26\/video-a-declaracao-de-jorge-iggor-para-ednaldo-rodriguez-apos-derrota-do-brasil-para-a-argentina\/\" \/>\n<meta property=\"og:site_name\" content=\"G\u00e1vea News\" \/>\n<meta property=\"article:publisher\" content=\"https:\/\/facebook.com\/gaveaNews\/\" \/>\n<meta property=\"article:published_time\" content=\"2025-03-26T12:50:00+00:00\" \/>\n<meta property=\"og:image\" content=\"https:\/\/www.gaveanews.com\/wp-content\/uploads\/Jorge-Iggor-jornalista-esportivo.webp\" \/>\n\t<meta property=\"og:image:width\" content=\"1439\" \/>\n\t<meta property=\"og:image:height\" content=\"810\" \/>\n\t<meta property=\"og:image:type\" content=\"image\/webp\" \/>\n<meta name=\"author\" content=\"Rafaela Ladeira\" \/>\n<meta name=\"twitter:card\" content=\"summary_large_image\" \/>\n<meta name=\"twitter:label1\" content=\"Escrito por\" \/>\n\t<meta name=\"twitter:data1\" content=\"Rafaela Ladeira\" \/>\n\t<meta name=\"twitter:label2\" content=\"Est. tempo de leitura\" \/>\n\t<meta name=\"twitter:data2\" content=\"2 minutos\" \/>\n<script type=\"application\/ld+json\" class=\"yoast-schema-graph\">{\"@context\":\"https:\/\/schema.org\",\"@graph\":[{\"@type\":\"NewsArticle\",\"@id\":\"https:\/\/www.gaveanews.com\/index.php\/2025\/03\/26\/video-a-declaracao-de-jorge-iggor-para-ednaldo-rodriguez-apos-derrota-do-brasil-para-a-argentina\/#article\",\"isPartOf\":{\"@id\":\"https:\/\/www.gaveanews.com\/index.php\/2025\/03\/26\/video-a-declaracao-de-jorge-iggor-para-ednaldo-rodriguez-apos-derrota-do-brasil-para-a-argentina\/\"},\"author\":{\"name\":\"Rafaela Ladeira\",\"@id\":\"https:\/\/www.gaveanews.com\/#\/schema\/person\/0eb3e3fe1754f0205218538adbe8f5ed\"},\"headline\":\"V\u00eddeo: a declara\u00e7\u00e3o de Jorge Iggor para Ednaldo Rodr\u00edguez ap\u00f3s derrota do Brasil para a Argentina\",\"datePublished\":\"2025-03-26T12:50:00+00:00\",\"mainEntityOfPage\":{\"@id\":\"https:\/\/www.gaveanews.com\/index.php\/2025\/03\/26\/video-a-declaracao-de-jorge-iggor-para-ednaldo-rodriguez-apos-derrota-do-brasil-para-a-argentina\/\"},\"wordCount\":363,\"commentCount\":0,\"image\":{\"@id\":\"https:\/\/www.gaveanews.com\/index.php\/2025\/03\/26\/video-a-declaracao-de-jorge-iggor-para-ednaldo-rodriguez-apos-derrota-do-brasil-para-a-argentina\/#primaryimage\"},\"thumbnailUrl\":\"https:\/\/www.gaveanews.com\/wp-content\/uploads\/Jorge-Iggor-jornalista-esportivo.webp\",\"articleSection\":[\"Brasil\"],\"inLanguage\":\"pt-BR\",\"potentialAction\":[{\"@type\":\"CommentAction\",\"name\":\"Comment\",\"target\":[\"https:\/\/www.gaveanews.com\/index.php\/2025\/03\/26\/video-a-declaracao-de-jorge-iggor-para-ednaldo-rodriguez-apos-derrota-do-brasil-para-a-argentina\/#respond\"]}],\"copyrightYear\":\"2025\",\"copyrightHolder\":{\"@id\":\"https:\/\/www.gaveanews.com\/#organization\"}},{\"@type\":\"WebPage\",\"@id\":\"https:\/\/www.gaveanews.com\/index.php\/2025\/03\/26\/video-a-declaracao-de-jorge-iggor-para-ednaldo-rodriguez-apos-derrota-do-brasil-para-a-argentina\/\",\"url\":\"https:\/\/www.gaveanews.com\/index.php\/2025\/03\/26\/video-a-declaracao-de-jorge-iggor-para-ednaldo-rodriguez-apos-derrota-do-brasil-para-a-argentina\/\",\"name\":\"V\u00eddeo: a declara\u00e7\u00e3o de Jorge Iggor para Ednaldo Rodr\u00edguez ap\u00f3s derrota do Brasil para a Argentina\",\"isPartOf\":{\"@id\":\"https:\/\/www.gaveanews.com\/#website\"},\"primaryImageOfPage\":{\"@id\":\"https:\/\/www.gaveanews.com\/index.php\/2025\/03\/26\/video-a-declaracao-de-jorge-iggor-para-ednaldo-rodriguez-apos-derrota-do-brasil-para-a-argentina\/#primaryimage\"},\"image\":{\"@id\":\"https:\/\/www.gaveanews.com\/index.php\/2025\/03\/26\/video-a-declaracao-de-jorge-iggor-para-ednaldo-rodriguez-apos-derrota-do-brasil-para-a-argentina\/#primaryimage\"},\"thumbnailUrl\":\"https:\/\/www.gaveanews.com\/wp-content\/uploads\/Jorge-Iggor-jornalista-esportivo.webp\",\"datePublished\":\"2025-03-26T12:50:00+00:00\",\"author\":{\"@id\":\"https:\/\/www.gaveanews.com\/#\/schema\/person\/0eb3e3fe1754f0205218538adbe8f5ed\"},\"breadcrumb\":{\"@id\":\"https:\/\/www.gaveanews.com\/index.php\/2025\/03\/26\/video-a-declaracao-de-jorge-iggor-para-ednaldo-rodriguez-apos-derrota-do-brasil-para-a-argentina\/#breadcrumb\"},\"inLanguage\":\"pt-BR\",\"potentialAction\":[{\"@type\":\"ReadAction\",\"target\":[\"https:\/\/www.gaveanews.com\/index.php\/2025\/03\/26\/video-a-declaracao-de-jorge-iggor-para-ednaldo-rodriguez-apos-derrota-do-brasil-para-a-argentina\/\"]}]},{\"@type\":\"ImageObject\",\"inLanguage\":\"pt-BR\",\"@id\":\"https:\/\/www.gaveanews.com\/index.php\/2025\/03\/26\/video-a-declaracao-de-jorge-iggor-para-ednaldo-rodriguez-apos-derrota-do-brasil-para-a-argentina\/#primaryimage\",\"url\":\"https:\/\/www.gaveanews.com\/wp-content\/uploads\/Jorge-Iggor-jornalista-esportivo.webp\",\"contentUrl\":\"https:\/\/www.gaveanews.com\/wp-content\/uploads\/Jorge-Iggor-jornalista-esportivo.webp\",\"width\":1439,\"height\":810,\"caption\":\"Jorge Iggor, jornalista esportivo (Foto: Reprodu\u00e7\u00e3o\/Instagram)\"},{\"@type\":\"BreadcrumbList\",\"@id\":\"https:\/\/www.gaveanews.com\/index.php\/2025\/03\/26\/video-a-declaracao-de-jorge-iggor-para-ednaldo-rodriguez-apos-derrota-do-brasil-para-a-argentina\/#breadcrumb\",\"itemListElement\":[{\"@type\":\"ListItem\",\"position\":1,\"name\":\"Home\",\"item\":\"https:\/\/www.gaveanews.com\/\"},{\"@type\":\"ListItem\",\"position\":2,\"name\":\"V\u00eddeo: a declara\u00e7\u00e3o de Jorge Iggor para Ednaldo Rodr\u00edguez ap\u00f3s derrota do Brasil para a Argentina\"}]},{\"@type\":\"WebSite\",\"@id\":\"https:\/\/www.gaveanews.com\/#website\",\"url\":\"https:\/\/www.gaveanews.com\/\",\"name\":\"G\u00e1vea News\",\"description\":\"Veja todas as not\u00edcias sobre o Flamengo: Contrata\u00e7\u00f5es, categorias de base, resultados das partidas, tabela de classifica\u00e7\u00e3o, pr\u00f3ximos jogos!\",\"potentialAction\":[{\"@type\":\"SearchAction\",\"target\":{\"@type\":\"EntryPoint\",\"urlTemplate\":\"https:\/\/www.gaveanews.com\/?s={search_term_string}\"},\"query-input\":{\"@type\":\"PropertyValueSpecification\",\"valueRequired\":true,\"valueName\":\"search_term_string\"}}],\"inLanguage\":\"pt-BR\"},{\"@type\":\"Person\",\"@id\":\"https:\/\/www.gaveanews.com\/#\/schema\/person\/0eb3e3fe1754f0205218538adbe8f5ed\",\"name\":\"Rafaela Ladeira\",\"image\":{\"@type\":\"ImageObject\",\"inLanguage\":\"pt-BR\",\"@id\":\"https:\/\/www.gaveanews.com\/#\/schema\/person\/image\/\",\"url\":\"https:\/\/secure.gravatar.com\/avatar\/c31f513acffd85eacab5730cbdfdbbf59f21ba5aeada8cd890acea879fbb2455?s=96&d=mm&r=g\",\"contentUrl\":\"https:\/\/secure.gravatar.com\/avatar\/c31f513acffd85eacab5730cbdfdbbf59f21ba5aeada8cd890acea879fbb2455?s=96&d=mm&r=g\",\"caption\":\"Rafaela Ladeira\"}}]}<\/script>\n<!-- \/ Yoast SEO Premium plugin. -->","yoast_head_json":{"title":"V\u00eddeo: a declara\u00e7\u00e3o de Jorge Iggor para Ednaldo Rodr\u00edguez ap\u00f3s derrota do Brasil para a Argentina","robots":{"index":"index","follow":"follow","max-snippet":"max-snippet:-1","max-image-preview":"max-image-preview:large","max-video-preview":"max-video-preview:-1"},"canonical":"https:\/\/www.gaveanews.com\/index.php\/2025\/03\/26\/video-a-declaracao-de-jorge-iggor-para-ednaldo-rodriguez-apos-derrota-do-brasil-para-a-argentina\/","og_locale":"pt_BR","og_type":"article","og_title":"V\u00eddeo: a declara\u00e7\u00e3o de Jorge Iggor para Ednaldo Rodr\u00edguez ap\u00f3s derrota do Brasil para a Argentina","og_description":"A Sele\u00e7\u00e3o Brasileira viveu uma noite para esquecer em Buenos Aires. A goleada por 4 a 1 para a Argentina n\u00e3o apenas escancarou fragilidades da equipe de Dorival J\u00fanior, mas tamb\u00e9m gerou duras cr\u00edticas.&nbsp; O jornalista Jorge Iggor resumiu o sentimento geral ao dizer: &#8220;Talvez o 4 a 1 seja at\u00e9 pequeno para explicar o [&hellip;]","og_url":"https:\/\/www.gaveanews.com\/index.php\/2025\/03\/26\/video-a-declaracao-de-jorge-iggor-para-ednaldo-rodriguez-apos-derrota-do-brasil-para-a-argentina\/","og_site_name":"G\u00e1vea News","article_publisher":"https:\/\/facebook.com\/gaveaNews\/","article_published_time":"2025-03-26T12:50:00+00:00","og_image":[{"width":1439,"height":810,"url":"https:\/\/www.gaveanews.com\/wp-content\/uploads\/Jorge-Iggor-jornalista-esportivo.webp","type":"image\/webp"}],"author":"Rafaela Ladeira","twitter_card":"summary_large_image","twitter_misc":{"Escrito por":"Rafaela Ladeira","Est. tempo de leitura":"2 minutos"},"schema":{"@context":"https:\/\/schema.org","@graph":[{"@type":"NewsArticle","@id":"https:\/\/www.gaveanews.com\/index.php\/2025\/03\/26\/video-a-declaracao-de-jorge-iggor-para-ednaldo-rodriguez-apos-derrota-do-brasil-para-a-argentina\/#article","isPartOf":{"@id":"https:\/\/www.gaveanews.com\/index.php\/2025\/03\/26\/video-a-declaracao-de-jorge-iggor-para-ednaldo-rodriguez-apos-derrota-do-brasil-para-a-argentina\/"},"author":{"name":"Rafaela Ladeira","@id":"https:\/\/www.gaveanews.com\/#\/schema\/person\/0eb3e3fe1754f0205218538adbe8f5ed"},"headline":"V\u00eddeo: a declara\u00e7\u00e3o de Jorge Iggor para Ednaldo Rodr\u00edguez ap\u00f3s derrota do Brasil para a Argentina","datePublished":"2025-03-26T12:50:00+00:00","mainEntityOfPage":{"@id":"https:\/\/www.gaveanews.com\/index.php\/2025\/03\/26\/video-a-declaracao-de-jorge-iggor-para-ednaldo-rodriguez-apos-derrota-do-brasil-para-a-argentina\/"},"wordCount":363,"commentCount":0,"image":{"@id":"https:\/\/www.gaveanews.com\/index.php\/2025\/03\/26\/video-a-declaracao-de-jorge-iggor-para-ednaldo-rodriguez-apos-derrota-do-brasil-para-a-argentina\/#primaryimage"},"thumbnailUrl":"https:\/\/www.gaveanews.com\/wp-content\/uploads\/Jorge-Iggor-jornalista-esportivo.webp","articleSection":["Brasil"],"inLanguage":"pt-BR","potentialAction":[{"@type":"CommentAction","name":"Comment","target":["https:\/\/www.gaveanews.com\/index.php\/2025\/03\/26\/video-a-declaracao-de-jorge-iggor-para-ednaldo-rodriguez-apos-derrota-do-brasil-para-a-argentina\/#respond"]}],"copyrightYear":"2025","copyrightHolder":{"@id":"https:\/\/www.gaveanews.com\/#organization"}},{"@type":"WebPage","@id":"https:\/\/www.gaveanews.com\/index.php\/2025\/03\/26\/video-a-declaracao-de-jorge-iggor-para-ednaldo-rodriguez-apos-derrota-do-brasil-para-a-argentina\/","url":"https:\/\/www.gaveanews.com\/index.php\/2025\/03\/26\/video-a-declaracao-de-jorge-iggor-para-ednaldo-rodriguez-apos-derrota-do-brasil-para-a-argentina\/","name":"V\u00eddeo: a declara\u00e7\u00e3o de Jorge Iggor para Ednaldo Rodr\u00edguez ap\u00f3s derrota do Brasil para a Argentina","isPartOf":{"@id":"https:\/\/www.gaveanews.com\/#website"},"primaryImageOfPage":{"@id":"https:\/\/www.gaveanews.com\/index.php\/2025\/03\/26\/video-a-declaracao-de-jorge-iggor-para-ednaldo-rodriguez-apos-derrota-do-brasil-para-a-argentina\/#primaryimage"},"image":{"@id":"https:\/\/www.gaveanews.com\/index.php\/2025\/03\/26\/video-a-declaracao-de-jorge-iggor-para-ednaldo-rodriguez-apos-derrota-do-brasil-para-a-argentina\/#primaryimage"},"thumbnailUrl":"https:\/\/www.gaveanews.com\/wp-content\/uploads\/Jorge-Iggor-jornalista-esportivo.webp","datePublished":"2025-03-26T12:50:00+00:00","author":{"@id":"https:\/\/www.gaveanews.com\/#\/schema\/person\/0eb3e3fe1754f0205218538adbe8f5ed"},"breadcrumb":{"@id":"https:\/\/www.gaveanews.com\/index.php\/2025\/03\/26\/video-a-declaracao-de-jorge-iggor-para-ednaldo-rodriguez-apos-derrota-do-brasil-para-a-argentina\/#breadcrumb"},"inLanguage":"pt-BR","potentialAction":[{"@type":"ReadAction","target":["https:\/\/www.gaveanews.com\/index.php\/2025\/03\/26\/video-a-declaracao-de-jorge-iggor-para-ednaldo-rodriguez-apos-derrota-do-brasil-para-a-argentina\/"]}]},{"@type":"ImageObject","inLanguage":"pt-BR","@id":"https:\/\/www.gaveanews.com\/index.php\/2025\/03\/26\/video-a-declaracao-de-jorge-iggor-para-ednaldo-rodriguez-apos-derrota-do-brasil-para-a-argentina\/#primaryimage","url":"https:\/\/www.gaveanews.com\/wp-content\/uploads\/Jorge-Iggor-jornalista-esportivo.webp","contentUrl":"https:\/\/www.gaveanews.com\/wp-content\/uploads\/Jorge-Iggor-jornalista-esportivo.webp","width":1439,"height":810,"caption":"Jorge Iggor, jornalista esportivo (Foto: Reprodu\u00e7\u00e3o\/Instagram)"},{"@type":"BreadcrumbList","@id":"https:\/\/www.gaveanews.com\/index.php\/2025\/03\/26\/video-a-declaracao-de-jorge-iggor-para-ednaldo-rodriguez-apos-derrota-do-brasil-para-a-argentina\/#breadcrumb","itemListElement":[{"@type":"ListItem","position":1,"name":"Home","item":"https:\/\/www.gaveanews.com\/"},{"@type":"ListItem","position":2,"name":"V\u00eddeo: a declara\u00e7\u00e3o de Jorge Iggor para Ednaldo Rodr\u00edguez ap\u00f3s derrota do Brasil para a Argentina"}]},{"@type":"WebSite","@id":"https:\/\/www.gaveanews.com\/#website","url":"https:\/\/www.gaveanews.com\/","name":"G\u00e1vea News","description":"Veja todas as not\u00edcias sobre o Flamengo: Contrata\u00e7\u00f5es, categorias de base, resultados das partidas, tabela de classifica\u00e7\u00e3o, pr\u00f3ximos jogos!","potentialAction":[{"@type":"SearchAction","target":{"@type":"EntryPoint","urlTemplate":"https:\/\/www.gaveanews.com\/?s={search_term_string}"},"query-input":{"@type":"PropertyValueSpecification","valueRequired":true,"valueName":"search_term_string"}}],"inLanguage":"pt-BR"},{"@type":"Person","@id":"https:\/\/www.gaveanews.com\/#\/schema\/person\/0eb3e3fe1754f0205218538adbe8f5ed","name":"Rafaela Ladeira","image":{"@type":"ImageObject","inLanguage":"pt-BR","@id":"https:\/\/www.gaveanews.com\/#\/schema\/person\/image\/","url":"https:\/\/secure.gravatar.com\/avatar\/c31f513acffd85eacab5730cbdfdbbf59f21ba5aeada8cd890acea879fbb2455?s=96&d=mm&r=g","contentUrl":"https:\/\/secure.gravatar.com\/avatar\/c31f513acffd85eacab5730cbdfdbbf59f21ba5aeada8cd890acea879fbb2455?s=96&d=mm&r=g","caption":"Rafaela Ladeira"}}]}},"_links":{"self":[{"href":"https:\/\/www.gaveanews.com\/index.php\/wp-json\/wp\/v2\/posts\/244818","targetHints":{"allow":["GET"]}}],"collection":[{"href":"https:\/\/www.gaveanews.com\/index.php\/wp-json\/wp\/v2\/posts"}],"about":[{"href":"https:\/\/www.gaveanews.com\/index.php\/wp-json\/wp\/v2\/types\/post"}],"author":[{"embeddable":true,"href":"https:\/\/www.gaveanews.com\/index.php\/wp-json\/wp\/v2\/users\/25"}],"replies":[{"embeddable":true,"href":"https:\/\/www.gaveanews.com\/index.php\/wp-json\/wp\/v2\/comments?post=244818"}],"version-history":[{"count":1,"href":"https:\/\/www.gaveanews.com\/index.php\/wp-json\/wp\/v2\/posts\/244818\/revisions"}],"predecessor-version":[{"id":244819,"href":"https:\/\/www.gaveanews.com\/index.php\/wp-json\/wp\/v2\/posts\/244818\/revisions\/244819"}],"wp:featuredmedia":[{"embeddable":true,"href":"https:\/\/www.gaveanews.com\/index.php\/wp-json\/wp\/v2\/media\/179224"}],"wp:attachment":[{"href":"https:\/\/www.gaveanews.com\/index.php\/wp-json\/wp\/v2\/media?parent=244818"}],"wp:term":[{"taxonomy":"category","embeddable":true,"href":"https:\/\/www.gaveanews.com\/index.php\/wp-json\/wp\/v2\/categories?post=244818"},{"taxonomy":"post_tag","embeddable":true,"href":"https:\/\/www.gaveanews.com\/index.php\/wp-json\/wp\/v2\/tags?post=244818"}],"curies":[{"name":"wp","href":"https:\/\/api.w.org\/{rel}","templated":true}]}}