{"id":244820,"date":"2025-03-26T10:00:00","date_gmt":"2025-03-26T13:00:00","guid":{"rendered":"https:\/\/www.gaveanews.com\/?p=244820"},"modified":"2025-03-26T15:06:41","modified_gmt":"2025-03-26T18:06:41","slug":"video-ricardinho-exige-filipe-luis-como-tecnico-do-brasil","status":"publish","type":"post","link":"https:\/\/www.gaveanews.com\/index.php\/2025\/03\/26\/video-ricardinho-exige-filipe-luis-como-tecnico-do-brasil\/","title":{"rendered":"V\u00eddeo: Ricardinho exige Filipe Lu\u00eds como t\u00e9cnico do Brasil"},"content":{"rendered":"\n<p>A humilha\u00e7\u00e3o sofrida pela <a href=\"https:\/\/futsport.com.br\">Sele\u00e7\u00e3o Brasileira <\/a>diante da Argentina por 4 a 1 gerou uma onda de questionamentos sobre o futuro de Dorival J\u00fanior.\u00a0<\/p>\n\n\n\n<p>Entre os cr\u00edticos, Ricardinho, comentarista da TNT Sports, n\u00e3o poupou palavras: &#8220;Amanh\u00e3, o novo t\u00e9cnico da Sele\u00e7\u00e3o Brasileira tem que ser o Filipe Lu\u00eds!&#8221;.&nbsp;<\/p>\n\n\n\n<figure class=\"wp-block-embed is-type-video is-provider-tiktok wp-block-embed-tiktok\"><div class=\"wp-block-embed__wrapper\">\n<blockquote class=\"tiktok-embed\" cite=\"https:\/\/www.tiktok.com\/@tntsportsbr\/video\/7485948027744685317\" data-video-id=\"7485948027744685317\" data-embed-from=\"oembed\" style=\"max-width:605px; min-width:325px;\"> <section> <a target=\"_blank\" title=\"@tntsportsbr\" href=\"https:\/\/www.tiktok.com\/@tntsportsbr?refer=embed\">@tntsportsbr<\/a> <p>FILIPE LU\u00cdS DEVE ASSUMIR A SELE\u00c7\u00c3O BRASILEIRA?! \ud83e\udd14\ud83c\udde7\ud83c\uddf7\ud83d\udc40 Nosso @ricardinhomartinss defendeu que o treinador do Flamengo seja o substituto de Dorival no comando da Amarelinha!! <a title=\"sele\u00e7\u00e3obrasileira\ud83c\udde7\ud83c\uddf7\" target=\"_blank\" href=\"https:\/\/www.tiktok.com\/tag\/sele%C3%A7%C3%A3obrasileira%F0%9F%87%A7%F0%9F%87%B7?refer=embed\">#sele\u00e7\u00e3obrasileira\ud83c\udde7\ud83c\uddf7<\/a> <a title=\"tiktokesportes\" target=\"_blank\" href=\"https:\/\/www.tiktok.com\/tag\/tiktokesportes?refer=embed\">#tiktokesportes<\/a> <a title=\"sportsontiktkok\" target=\"_blank\" href=\"https:\/\/www.tiktok.com\/tag\/sportsontiktkok?refer=embed\">#sportsontiktkok<\/a> <a title=\"foryoupage\" target=\"_blank\" href=\"https:\/\/www.tiktok.com\/tag\/foryoupage?refer=embed\">#foryoupage<\/a> <a title=\"hoje\" target=\"_blank\" href=\"https:\/\/www.tiktok.com\/tag\/hoje?refer=embed\">#hoje<\/a> <a title=\"viral_video\" target=\"_blank\" href=\"https:\/\/www.tiktok.com\/tag\/viral_video?refer=embed\">#viral_video<\/a> <a title=\"today\" target=\"_blank\" href=\"https:\/\/www.tiktok.com\/tag\/today?refer=embed\">#today<\/a> <a title=\"brasil\" target=\"_blank\" href=\"https:\/\/www.tiktok.com\/tag\/brasil?refer=embed\">#brasil<\/a> <a title=\"dorival\" target=\"_blank\" href=\"https:\/\/www.tiktok.com\/tag\/dorival?refer=embed\">#dorival<\/a> <a title=\"filipeluis\" target=\"_blank\" href=\"https:\/\/www.tiktok.com\/tag\/filipeluis?refer=embed\">#filipeluis<\/a> <a title=\"flamengo\" target=\"_blank\" href=\"https:\/\/www.tiktok.com\/tag\/flamengo?refer=embed\">#flamengo<\/a><\/p> <a target=\"_blank\" title=\"\u266c som original - TNT Sports Brasil - TNT Sports Brasil\" href=\"https:\/\/www.tiktok.com\/music\/som-original-TNT-Sports-Brasil-7485948041862597382?refer=embed\">\u266c som original &#8211; TNT Sports Brasil &#8211; TNT Sports Brasil<\/a> <\/section> <\/blockquote> <script async src=\"https:\/\/www.tiktok.com\/embed.js\"><\/script>\n<\/div><\/figure>\n\n\n\n<p>A declara\u00e7\u00e3o reflete um sentimento crescente nos bastidores da CBF, onde a press\u00e3o sobre Ednaldo Rodrigues para mudar o comando \u00e9 cada vez maior.<\/p>\n\n\n\n<h2 class=\"wp-block-heading\" id=\"h-filipe-luis-na-selecao-brasileira\">Filipe Lu\u00eds na Sele\u00e7\u00e3o Brasileira<\/h2>\n\n\n\n<p>A ideia de Filipe Lu\u00eds assumir o Brasil vem ganhando for\u00e7a, e n\u00e3o \u00e9 de hoje! Isso porque o ex-lateral do Flamengo e da Sele\u00e7\u00e3o tem um perfil semelhante ao de Lionel Scaloni, t\u00e9cnico da Argentina.&nbsp;<\/p>\n\n\n\n<p>Jovem, sem experi\u00eancia como treinador principal, mas com conhecimento t\u00e1tico, respeito no vesti\u00e1rio e conex\u00e3o com uma nova gera\u00e7\u00e3o de atletas.<\/p>\n\n\n\n<p>Sendo assim, existe a possibilidade de montar uma comiss\u00e3o t\u00e9cnica nos moldes da Argentina, que conta com ex-jogadores como Pablo Aimar, Roberto Ayala e Walter Samuel. Filipe Lu\u00eds poderia formar sua equipe com nomes experientes e de confian\u00e7a.<\/p>\n\n\n\n<p>Vale destacar que Ednaldo Rodrigues est\u00e1 em uma encruzilhada. Apesar da press\u00e3o para agir imediatamente, ele tamb\u00e9m precisa considerar o Mundial de Clubes, que acontece entre junho e julho.&nbsp;<\/p>\n\n\n\n<p>Por isso, a CBF n\u00e3o gostaria de retirar Filipe Lu\u00eds do Flamengo antes da competi\u00e7\u00e3o. Dessa maneira, h\u00e1 um impasse: trocar Dorival agora ou esperar o meio do ano?<\/p>\n\n\n\n<h2 class=\"wp-block-heading\" id=\"h-outras-opcoes-no-radar\">Outras op\u00e7\u00f5es no radar<\/h2>\n\n\n\n<p>Caso a CBF n\u00e3o aposte em Filipe Lu\u00eds, outros nomes foram cogitados. O italiano Carlo Ancelotti, que era o sonho inicial, renovou com o Real Madrid at\u00e9 julho. Roger Machado e Rog\u00e9rio Ceni tamb\u00e9m foram mencionados, mas n\u00e3o empolgaram.<\/p>\n\n\n\n<p>Com isso, a goleada para a Argentina pode acelerar a demiss\u00e3o de Dorival e mudar os planos de Ednaldo. O fato \u00e9 que a Sele\u00e7\u00e3o precisar\u00e1 de um novo t\u00e9cnico antes da Copa do Mundo, e Filipe Lu\u00eds surge como uma aposta ousada, mas vi\u00e1vel.<\/p>\n","protected":false},"excerpt":{"rendered":"<p>A humilha\u00e7\u00e3o sofrida pela Sele\u00e7\u00e3o Brasileira diante da Argentina por 4 a 1 gerou uma onda de questionamentos sobre o futuro de Dorival J\u00fanior.\u00a0 Entre os cr\u00edticos, Ricardinho, comentarista da TNT Sports, n\u00e3o poupou palavras: &#8220;Amanh\u00e3, o novo t\u00e9cnico da Sele\u00e7\u00e3o Brasileira tem que ser o Filipe Lu\u00eds!&#8221;.&nbsp; A declara\u00e7\u00e3o reflete um sentimento crescente nos [&hellip;]<\/p>\n","protected":false},"author":25,"featured_media":171213,"comment_status":"open","ping_status":"closed","sticky":false,"template":"","format":"standard","meta":{"footnotes":""},"categories":[478,1],"tags":[],"class_list":["post-244820","post","type-post","status-publish","format-standard","has-post-thumbnail","hentry","category-brasil","category-flamengo"],"yoast_head":"<!-- This site is optimized with the Yoast SEO Premium plugin v24.2 (Yoast SEO v26.9) - https:\/\/yoast.com\/product\/yoast-seo-premium-wordpress\/ -->\n<title>V\u00eddeo: Ricardinho exige Filipe Lu\u00eds como t\u00e9cnico do Brasil<\/title>\n<meta name=\"robots\" content=\"index, follow, max-snippet:-1, max-image-preview:large, max-video-preview:-1\" \/>\n<link rel=\"canonical\" href=\"https:\/\/www.gaveanews.com\/index.php\/2025\/03\/26\/video-ricardinho-exige-filipe-luis-como-tecnico-do-brasil\/\" \/>\n<meta property=\"og:locale\" content=\"pt_BR\" \/>\n<meta property=\"og:type\" content=\"article\" \/>\n<meta property=\"og:title\" content=\"V\u00eddeo: Ricardinho exige Filipe Lu\u00eds como t\u00e9cnico do Brasil\" \/>\n<meta property=\"og:description\" content=\"A humilha\u00e7\u00e3o sofrida pela Sele\u00e7\u00e3o Brasileira diante da Argentina por 4 a 1 gerou uma onda de questionamentos sobre o futuro de Dorival J\u00fanior.\u00a0 Entre os cr\u00edticos, Ricardinho, comentarista da TNT Sports, n\u00e3o poupou palavras: &#8220;Amanh\u00e3, o novo t\u00e9cnico da Sele\u00e7\u00e3o Brasileira tem que ser o Filipe Lu\u00eds!&#8221;.&nbsp; A declara\u00e7\u00e3o reflete um sentimento crescente nos [&hellip;]\" \/>\n<meta property=\"og:url\" content=\"https:\/\/www.gaveanews.com\/index.php\/2025\/03\/26\/video-ricardinho-exige-filipe-luis-como-tecnico-do-brasil\/\" \/>\n<meta property=\"og:site_name\" content=\"G\u00e1vea News\" \/>\n<meta property=\"article:publisher\" content=\"https:\/\/facebook.com\/gaveaNews\/\" \/>\n<meta property=\"article:published_time\" content=\"2025-03-26T13:00:00+00:00\" \/>\n<meta property=\"article:modified_time\" content=\"2025-03-26T18:06:41+00:00\" \/>\n<meta property=\"og:image\" content=\"http:\/\/www.gaveanews.com\/wp-content\/uploads\/Filipe-Luis-como-tecnico-do-Flamengo-em-2024.webp\" \/>\n\t<meta property=\"og:image:width\" content=\"1065\" \/>\n\t<meta property=\"og:image:height\" content=\"710\" \/>\n\t<meta property=\"og:image:type\" content=\"image\/webp\" \/>\n<meta name=\"author\" content=\"Rafaela Ladeira\" \/>\n<meta name=\"twitter:card\" content=\"summary_large_image\" \/>\n<meta name=\"twitter:label1\" content=\"Escrito por\" \/>\n\t<meta name=\"twitter:data1\" content=\"Rafaela Ladeira\" \/>\n\t<meta name=\"twitter:label2\" content=\"Est. tempo de leitura\" \/>\n\t<meta name=\"twitter:data2\" content=\"2 minutos\" \/>\n<script type=\"application\/ld+json\" class=\"yoast-schema-graph\">{\"@context\":\"https:\/\/schema.org\",\"@graph\":[{\"@type\":\"NewsArticle\",\"@id\":\"https:\/\/www.gaveanews.com\/index.php\/2025\/03\/26\/video-ricardinho-exige-filipe-luis-como-tecnico-do-brasil\/#article\",\"isPartOf\":{\"@id\":\"https:\/\/www.gaveanews.com\/index.php\/2025\/03\/26\/video-ricardinho-exige-filipe-luis-como-tecnico-do-brasil\/\"},\"author\":{\"name\":\"Rafaela Ladeira\",\"@id\":\"https:\/\/www.gaveanews.com\/#\/schema\/person\/0eb3e3fe1754f0205218538adbe8f5ed\"},\"headline\":\"V\u00eddeo: Ricardinho exige Filipe Lu\u00eds como t\u00e9cnico do Brasil\",\"datePublished\":\"2025-03-26T13:00:00+00:00\",\"dateModified\":\"2025-03-26T18:06:41+00:00\",\"mainEntityOfPage\":{\"@id\":\"https:\/\/www.gaveanews.com\/index.php\/2025\/03\/26\/video-ricardinho-exige-filipe-luis-como-tecnico-do-brasil\/\"},\"wordCount\":383,\"commentCount\":0,\"image\":{\"@id\":\"https:\/\/www.gaveanews.com\/index.php\/2025\/03\/26\/video-ricardinho-exige-filipe-luis-como-tecnico-do-brasil\/#primaryimage\"},\"thumbnailUrl\":\"https:\/\/www.gaveanews.com\/wp-content\/uploads\/Filipe-Luis-como-tecnico-do-Flamengo-em-2024.webp\",\"articleSection\":[\"Brasil\",\"Flamengo\"],\"inLanguage\":\"pt-BR\",\"potentialAction\":[{\"@type\":\"CommentAction\",\"name\":\"Comment\",\"target\":[\"https:\/\/www.gaveanews.com\/index.php\/2025\/03\/26\/video-ricardinho-exige-filipe-luis-como-tecnico-do-brasil\/#respond\"]}],\"copyrightYear\":\"2025\",\"copyrightHolder\":{\"@id\":\"https:\/\/www.gaveanews.com\/#organization\"}},{\"@type\":\"WebPage\",\"@id\":\"https:\/\/www.gaveanews.com\/index.php\/2025\/03\/26\/video-ricardinho-exige-filipe-luis-como-tecnico-do-brasil\/\",\"url\":\"https:\/\/www.gaveanews.com\/index.php\/2025\/03\/26\/video-ricardinho-exige-filipe-luis-como-tecnico-do-brasil\/\",\"name\":\"V\u00eddeo: Ricardinho exige Filipe Lu\u00eds como t\u00e9cnico do Brasil\",\"isPartOf\":{\"@id\":\"https:\/\/www.gaveanews.com\/#website\"},\"primaryImageOfPage\":{\"@id\":\"https:\/\/www.gaveanews.com\/index.php\/2025\/03\/26\/video-ricardinho-exige-filipe-luis-como-tecnico-do-brasil\/#primaryimage\"},\"image\":{\"@id\":\"https:\/\/www.gaveanews.com\/index.php\/2025\/03\/26\/video-ricardinho-exige-filipe-luis-como-tecnico-do-brasil\/#primaryimage\"},\"thumbnailUrl\":\"https:\/\/www.gaveanews.com\/wp-content\/uploads\/Filipe-Luis-como-tecnico-do-Flamengo-em-2024.webp\",\"datePublished\":\"2025-03-26T13:00:00+00:00\",\"dateModified\":\"2025-03-26T18:06:41+00:00\",\"author\":{\"@id\":\"https:\/\/www.gaveanews.com\/#\/schema\/person\/0eb3e3fe1754f0205218538adbe8f5ed\"},\"breadcrumb\":{\"@id\":\"https:\/\/www.gaveanews.com\/index.php\/2025\/03\/26\/video-ricardinho-exige-filipe-luis-como-tecnico-do-brasil\/#breadcrumb\"},\"inLanguage\":\"pt-BR\",\"potentialAction\":[{\"@type\":\"ReadAction\",\"target\":[\"https:\/\/www.gaveanews.com\/index.php\/2025\/03\/26\/video-ricardinho-exige-filipe-luis-como-tecnico-do-brasil\/\"]}]},{\"@type\":\"ImageObject\",\"inLanguage\":\"pt-BR\",\"@id\":\"https:\/\/www.gaveanews.com\/index.php\/2025\/03\/26\/video-ricardinho-exige-filipe-luis-como-tecnico-do-brasil\/#primaryimage\",\"url\":\"https:\/\/www.gaveanews.com\/wp-content\/uploads\/Filipe-Luis-como-tecnico-do-Flamengo-em-2024.webp\",\"contentUrl\":\"https:\/\/www.gaveanews.com\/wp-content\/uploads\/Filipe-Luis-como-tecnico-do-Flamengo-em-2024.webp\",\"width\":1065,\"height\":710,\"caption\":\"Filipe Lu\u00eds como t\u00e9cnico do Flamengo em (Foto: Gilvan de Souza e Marcelo Cortes \/ CRF)\"},{\"@type\":\"BreadcrumbList\",\"@id\":\"https:\/\/www.gaveanews.com\/index.php\/2025\/03\/26\/video-ricardinho-exige-filipe-luis-como-tecnico-do-brasil\/#breadcrumb\",\"itemListElement\":[{\"@type\":\"ListItem\",\"position\":1,\"name\":\"Home\",\"item\":\"https:\/\/www.gaveanews.com\/\"},{\"@type\":\"ListItem\",\"position\":2,\"name\":\"V\u00eddeo: Ricardinho exige Filipe Lu\u00eds como t\u00e9cnico do Brasil\"}]},{\"@type\":\"WebSite\",\"@id\":\"https:\/\/www.gaveanews.com\/#website\",\"url\":\"https:\/\/www.gaveanews.com\/\",\"name\":\"G\u00e1vea News\",\"description\":\"Veja todas as not\u00edcias sobre o Flamengo: Contrata\u00e7\u00f5es, categorias de base, resultados das partidas, tabela de classifica\u00e7\u00e3o, pr\u00f3ximos jogos!\",\"potentialAction\":[{\"@type\":\"SearchAction\",\"target\":{\"@type\":\"EntryPoint\",\"urlTemplate\":\"https:\/\/www.gaveanews.com\/?s={search_term_string}\"},\"query-input\":{\"@type\":\"PropertyValueSpecification\",\"valueRequired\":true,\"valueName\":\"search_term_string\"}}],\"inLanguage\":\"pt-BR\"},{\"@type\":\"Person\",\"@id\":\"https:\/\/www.gaveanews.com\/#\/schema\/person\/0eb3e3fe1754f0205218538adbe8f5ed\",\"name\":\"Rafaela Ladeira\",\"image\":{\"@type\":\"ImageObject\",\"inLanguage\":\"pt-BR\",\"@id\":\"https:\/\/www.gaveanews.com\/#\/schema\/person\/image\/\",\"url\":\"https:\/\/secure.gravatar.com\/avatar\/c31f513acffd85eacab5730cbdfdbbf59f21ba5aeada8cd890acea879fbb2455?s=96&d=mm&r=g\",\"contentUrl\":\"https:\/\/secure.gravatar.com\/avatar\/c31f513acffd85eacab5730cbdfdbbf59f21ba5aeada8cd890acea879fbb2455?s=96&d=mm&r=g\",\"caption\":\"Rafaela Ladeira\"}}]}<\/script>\n<!-- \/ Yoast SEO Premium plugin. -->","yoast_head_json":{"title":"V\u00eddeo: Ricardinho exige Filipe Lu\u00eds como t\u00e9cnico do Brasil","robots":{"index":"index","follow":"follow","max-snippet":"max-snippet:-1","max-image-preview":"max-image-preview:large","max-video-preview":"max-video-preview:-1"},"canonical":"https:\/\/www.gaveanews.com\/index.php\/2025\/03\/26\/video-ricardinho-exige-filipe-luis-como-tecnico-do-brasil\/","og_locale":"pt_BR","og_type":"article","og_title":"V\u00eddeo: Ricardinho exige Filipe Lu\u00eds como t\u00e9cnico do Brasil","og_description":"A humilha\u00e7\u00e3o sofrida pela Sele\u00e7\u00e3o Brasileira diante da Argentina por 4 a 1 gerou uma onda de questionamentos sobre o futuro de Dorival J\u00fanior.\u00a0 Entre os cr\u00edticos, Ricardinho, comentarista da TNT Sports, n\u00e3o poupou palavras: &#8220;Amanh\u00e3, o novo t\u00e9cnico da Sele\u00e7\u00e3o Brasileira tem que ser o Filipe Lu\u00eds!&#8221;.&nbsp; A declara\u00e7\u00e3o reflete um sentimento crescente nos [&hellip;]","og_url":"https:\/\/www.gaveanews.com\/index.php\/2025\/03\/26\/video-ricardinho-exige-filipe-luis-como-tecnico-do-brasil\/","og_site_name":"G\u00e1vea News","article_publisher":"https:\/\/facebook.com\/gaveaNews\/","article_published_time":"2025-03-26T13:00:00+00:00","article_modified_time":"2025-03-26T18:06:41+00:00","og_image":[{"width":1065,"height":710,"url":"http:\/\/www.gaveanews.com\/wp-content\/uploads\/Filipe-Luis-como-tecnico-do-Flamengo-em-2024.webp","type":"image\/webp"}],"author":"Rafaela Ladeira","twitter_card":"summary_large_image","twitter_misc":{"Escrito por":"Rafaela Ladeira","Est. tempo de leitura":"2 minutos"},"schema":{"@context":"https:\/\/schema.org","@graph":[{"@type":"NewsArticle","@id":"https:\/\/www.gaveanews.com\/index.php\/2025\/03\/26\/video-ricardinho-exige-filipe-luis-como-tecnico-do-brasil\/#article","isPartOf":{"@id":"https:\/\/www.gaveanews.com\/index.php\/2025\/03\/26\/video-ricardinho-exige-filipe-luis-como-tecnico-do-brasil\/"},"author":{"name":"Rafaela Ladeira","@id":"https:\/\/www.gaveanews.com\/#\/schema\/person\/0eb3e3fe1754f0205218538adbe8f5ed"},"headline":"V\u00eddeo: Ricardinho exige Filipe Lu\u00eds como t\u00e9cnico do Brasil","datePublished":"2025-03-26T13:00:00+00:00","dateModified":"2025-03-26T18:06:41+00:00","mainEntityOfPage":{"@id":"https:\/\/www.gaveanews.com\/index.php\/2025\/03\/26\/video-ricardinho-exige-filipe-luis-como-tecnico-do-brasil\/"},"wordCount":383,"commentCount":0,"image":{"@id":"https:\/\/www.gaveanews.com\/index.php\/2025\/03\/26\/video-ricardinho-exige-filipe-luis-como-tecnico-do-brasil\/#primaryimage"},"thumbnailUrl":"https:\/\/www.gaveanews.com\/wp-content\/uploads\/Filipe-Luis-como-tecnico-do-Flamengo-em-2024.webp","articleSection":["Brasil","Flamengo"],"inLanguage":"pt-BR","potentialAction":[{"@type":"CommentAction","name":"Comment","target":["https:\/\/www.gaveanews.com\/index.php\/2025\/03\/26\/video-ricardinho-exige-filipe-luis-como-tecnico-do-brasil\/#respond"]}],"copyrightYear":"2025","copyrightHolder":{"@id":"https:\/\/www.gaveanews.com\/#organization"}},{"@type":"WebPage","@id":"https:\/\/www.gaveanews.com\/index.php\/2025\/03\/26\/video-ricardinho-exige-filipe-luis-como-tecnico-do-brasil\/","url":"https:\/\/www.gaveanews.com\/index.php\/2025\/03\/26\/video-ricardinho-exige-filipe-luis-como-tecnico-do-brasil\/","name":"V\u00eddeo: Ricardinho exige Filipe Lu\u00eds como t\u00e9cnico do Brasil","isPartOf":{"@id":"https:\/\/www.gaveanews.com\/#website"},"primaryImageOfPage":{"@id":"https:\/\/www.gaveanews.com\/index.php\/2025\/03\/26\/video-ricardinho-exige-filipe-luis-como-tecnico-do-brasil\/#primaryimage"},"image":{"@id":"https:\/\/www.gaveanews.com\/index.php\/2025\/03\/26\/video-ricardinho-exige-filipe-luis-como-tecnico-do-brasil\/#primaryimage"},"thumbnailUrl":"https:\/\/www.gaveanews.com\/wp-content\/uploads\/Filipe-Luis-como-tecnico-do-Flamengo-em-2024.webp","datePublished":"2025-03-26T13:00:00+00:00","dateModified":"2025-03-26T18:06:41+00:00","author":{"@id":"https:\/\/www.gaveanews.com\/#\/schema\/person\/0eb3e3fe1754f0205218538adbe8f5ed"},"breadcrumb":{"@id":"https:\/\/www.gaveanews.com\/index.php\/2025\/03\/26\/video-ricardinho-exige-filipe-luis-como-tecnico-do-brasil\/#breadcrumb"},"inLanguage":"pt-BR","potentialAction":[{"@type":"ReadAction","target":["https:\/\/www.gaveanews.com\/index.php\/2025\/03\/26\/video-ricardinho-exige-filipe-luis-como-tecnico-do-brasil\/"]}]},{"@type":"ImageObject","inLanguage":"pt-BR","@id":"https:\/\/www.gaveanews.com\/index.php\/2025\/03\/26\/video-ricardinho-exige-filipe-luis-como-tecnico-do-brasil\/#primaryimage","url":"https:\/\/www.gaveanews.com\/wp-content\/uploads\/Filipe-Luis-como-tecnico-do-Flamengo-em-2024.webp","contentUrl":"https:\/\/www.gaveanews.com\/wp-content\/uploads\/Filipe-Luis-como-tecnico-do-Flamengo-em-2024.webp","width":1065,"height":710,"caption":"Filipe Lu\u00eds como t\u00e9cnico do Flamengo em (Foto: Gilvan de Souza e Marcelo Cortes \/ CRF)"},{"@type":"BreadcrumbList","@id":"https:\/\/www.gaveanews.com\/index.php\/2025\/03\/26\/video-ricardinho-exige-filipe-luis-como-tecnico-do-brasil\/#breadcrumb","itemListElement":[{"@type":"ListItem","position":1,"name":"Home","item":"https:\/\/www.gaveanews.com\/"},{"@type":"ListItem","position":2,"name":"V\u00eddeo: Ricardinho exige Filipe Lu\u00eds como t\u00e9cnico do Brasil"}]},{"@type":"WebSite","@id":"https:\/\/www.gaveanews.com\/#website","url":"https:\/\/www.gaveanews.com\/","name":"G\u00e1vea News","description":"Veja todas as not\u00edcias sobre o Flamengo: Contrata\u00e7\u00f5es, categorias de base, resultados das partidas, tabela de classifica\u00e7\u00e3o, pr\u00f3ximos jogos!","potentialAction":[{"@type":"SearchAction","target":{"@type":"EntryPoint","urlTemplate":"https:\/\/www.gaveanews.com\/?s={search_term_string}"},"query-input":{"@type":"PropertyValueSpecification","valueRequired":true,"valueName":"search_term_string"}}],"inLanguage":"pt-BR"},{"@type":"Person","@id":"https:\/\/www.gaveanews.com\/#\/schema\/person\/0eb3e3fe1754f0205218538adbe8f5ed","name":"Rafaela Ladeira","image":{"@type":"ImageObject","inLanguage":"pt-BR","@id":"https:\/\/www.gaveanews.com\/#\/schema\/person\/image\/","url":"https:\/\/secure.gravatar.com\/avatar\/c31f513acffd85eacab5730cbdfdbbf59f21ba5aeada8cd890acea879fbb2455?s=96&d=mm&r=g","contentUrl":"https:\/\/secure.gravatar.com\/avatar\/c31f513acffd85eacab5730cbdfdbbf59f21ba5aeada8cd890acea879fbb2455?s=96&d=mm&r=g","caption":"Rafaela Ladeira"}}]}},"_links":{"self":[{"href":"https:\/\/www.gaveanews.com\/index.php\/wp-json\/wp\/v2\/posts\/244820","targetHints":{"allow":["GET"]}}],"collection":[{"href":"https:\/\/www.gaveanews.com\/index.php\/wp-json\/wp\/v2\/posts"}],"about":[{"href":"https:\/\/www.gaveanews.com\/index.php\/wp-json\/wp\/v2\/types\/post"}],"author":[{"embeddable":true,"href":"https:\/\/www.gaveanews.com\/index.php\/wp-json\/wp\/v2\/users\/25"}],"replies":[{"embeddable":true,"href":"https:\/\/www.gaveanews.com\/index.php\/wp-json\/wp\/v2\/comments?post=244820"}],"version-history":[{"count":2,"href":"https:\/\/www.gaveanews.com\/index.php\/wp-json\/wp\/v2\/posts\/244820\/revisions"}],"predecessor-version":[{"id":244960,"href":"https:\/\/www.gaveanews.com\/index.php\/wp-json\/wp\/v2\/posts\/244820\/revisions\/244960"}],"wp:featuredmedia":[{"embeddable":true,"href":"https:\/\/www.gaveanews.com\/index.php\/wp-json\/wp\/v2\/media\/171213"}],"wp:attachment":[{"href":"https:\/\/www.gaveanews.com\/index.php\/wp-json\/wp\/v2\/media?parent=244820"}],"wp:term":[{"taxonomy":"category","embeddable":true,"href":"https:\/\/www.gaveanews.com\/index.php\/wp-json\/wp\/v2\/categories?post=244820"},{"taxonomy":"post_tag","embeddable":true,"href":"https:\/\/www.gaveanews.com\/index.php\/wp-json\/wp\/v2\/tags?post=244820"}],"curies":[{"name":"wp","href":"https:\/\/api.w.org\/{rel}","templated":true}]}}