{"id":244840,"date":"2025-03-26T13:10:00","date_gmt":"2025-03-26T16:10:00","guid":{"rendered":"https:\/\/www.gaveanews.com\/?p=244840"},"modified":"2025-03-26T12:28:59","modified_gmt":"2025-03-26T15:28:59","slug":"flamengo-vai-ao-mercado-por-substituto-de-arrascaeta","status":"publish","type":"post","link":"https:\/\/www.gaveanews.com\/index.php\/2025\/03\/26\/flamengo-vai-ao-mercado-por-substituto-de-arrascaeta\/","title":{"rendered":"Flamengo vai ao mercado por substituto de Arrascaeta"},"content":{"rendered":"\n<p>Preocupado com a quest\u00e3o f\u00edsica de Arrascaeta, o Flamengo se planeja para ir ao mercado em busca de um meia na pr\u00f3xima janela de transfer\u00eancias. A ideia da diretoria \u00e9 contratar um jogador para revezar com o uruguaio durante a temporada, tendo em vista que ele precisa de controle de minutagem.<\/p>\n\n\n\n<p>Em entrevista ao jornalista Ven\u00ea Casagrande, Jos\u00e9 Boto j\u00e1 havia revelado que o Flamengo analisa o mercado pela contrata\u00e7\u00e3o de um novo meia de cria\u00e7\u00e3o. O diretor portugu\u00eas entende que Arrascaeta \u00e9 o \u00fanico jogador do atual elenco que n\u00e3o tem um substituto.<\/p>\n\n\n\n<p>\u201cEle \u00e9 um dos poucos jogadores que n\u00e3o tem substituto e isso fez com que ele tenha se disposto a uma carga de jogos enorme.\u00a0N\u00e3o nessa temporada, mas em outras. E tem alguns problemas f\u00edsicos\u201d, disse Boto.<\/p>\n\n\n\n<p>\u201cMuito provavelmente uma das zonas do campos que vamos ter que cuidar nas pr\u00f3ximas janelas \u00e9 algu\u00e9m que permita\u00a0Arrascaeta\u00a0ao inv\u00e9s de fazer cinco mil minutos, que fa\u00e7a tr\u00eas mil minutos de grande qualidade\u201d, finalizou.<\/p>\n\n\n\n<p>Atualmente, quando n\u00e3o tem Arrascaeta, Filipe Lu\u00eds utiliza o equatoriano Plata no setor de cria\u00e7\u00e3o. Luiz Ara\u00fajo, Michael e Matheus Gon\u00e7alves tamb\u00e9m j\u00e1 jogaram na fun\u00e7\u00e3o. Entretanto, todos eles rendem melhor em suas respectivas posi\u00e7\u00f5es de origem.<\/p>\n\n\n\n<p>O Flamengo se prepara para sua estreia no Brasileir\u00e3o S\u00e9rie A, neste s\u00e1bado (29), contra o Internacional, e Filipe Lu\u00eds j\u00e1 sabe que n\u00e3o ter\u00e1 Arrascaeta \u00e0 disposi\u00e7\u00e3o. O camisa 10 tem uma les\u00e3o no m\u00fasculo adutor da coxa direita e est\u00e1 em tratamento. A partida acontece no Maracan\u00e3, \u00e0s 21h (de Bras\u00edlia).<\/p>\n\n\n\n<p>Esse \u00e9 o 17\u00ba problema f\u00edsico de Arrascaeta desde sua chegada ao Flamengo. O levantamento foi feito pelo Espi\u00e3o Estat\u00edstico do ge. Vale destacar que a busca pelo que ficou comumente conhecido como &#8220;reserva do Arrascaeta&#8221; acontece desde 2019, no entanto sem sucesso na gest\u00e3o da \u00faltima diretoria rubro-negra.<\/p>\n","protected":false},"excerpt":{"rendered":"<p>Preocupado com a quest\u00e3o f\u00edsica de Arrascaeta, o Flamengo se planeja para ir ao mercado em busca de um meia na pr\u00f3xima janela de transfer\u00eancias. A ideia da diretoria \u00e9 contratar um jogador para revezar com o uruguaio durante a temporada, tendo em vista que ele precisa de controle de minutagem. Em entrevista ao jornalista [&hellip;]<\/p>\n","protected":false},"author":32,"featured_media":157914,"comment_status":"open","ping_status":"closed","sticky":false,"template":"","format":"standard","meta":{"footnotes":""},"categories":[1],"tags":[],"class_list":["post-244840","post","type-post","status-publish","format-standard","has-post-thumbnail","hentry","category-flamengo"],"yoast_head":"<!-- This site is optimized with the Yoast SEO Premium plugin v24.2 (Yoast SEO v26.9) - https:\/\/yoast.com\/product\/yoast-seo-premium-wordpress\/ -->\n<title>Flamengo vai ao mercado por substituto de Arrascaeta<\/title>\n<meta name=\"robots\" content=\"index, follow, max-snippet:-1, max-image-preview:large, max-video-preview:-1\" \/>\n<link rel=\"canonical\" href=\"https:\/\/www.gaveanews.com\/index.php\/2025\/03\/26\/flamengo-vai-ao-mercado-por-substituto-de-arrascaeta\/\" \/>\n<meta property=\"og:locale\" content=\"pt_BR\" \/>\n<meta property=\"og:type\" content=\"article\" \/>\n<meta property=\"og:title\" content=\"Flamengo vai ao mercado por substituto de Arrascaeta\" \/>\n<meta property=\"og:description\" content=\"Preocupado com a quest\u00e3o f\u00edsica de Arrascaeta, o Flamengo se planeja para ir ao mercado em busca de um meia na pr\u00f3xima janela de transfer\u00eancias. A ideia da diretoria \u00e9 contratar um jogador para revezar com o uruguaio durante a temporada, tendo em vista que ele precisa de controle de minutagem. Em entrevista ao jornalista [&hellip;]\" \/>\n<meta property=\"og:url\" content=\"https:\/\/www.gaveanews.com\/index.php\/2025\/03\/26\/flamengo-vai-ao-mercado-por-substituto-de-arrascaeta\/\" \/>\n<meta property=\"og:site_name\" content=\"G\u00e1vea News\" \/>\n<meta property=\"article:publisher\" content=\"https:\/\/facebook.com\/gaveaNews\/\" \/>\n<meta property=\"article:published_time\" content=\"2025-03-26T16:10:00+00:00\" \/>\n<meta property=\"og:image\" content=\"https:\/\/www.gaveanews.com\/wp-content\/uploads\/Arrascaeta-durante-jogo-contra-o-Palmeiras-pelo-Campeonato-Brasileiro-no-Maracana-.webp\" \/>\n\t<meta property=\"og:image:width\" content=\"1170\" \/>\n\t<meta property=\"og:image:height\" content=\"885\" \/>\n\t<meta property=\"og:image:type\" content=\"image\/jpeg\" \/>\n<meta name=\"author\" content=\"Matheus Leal\" \/>\n<meta name=\"twitter:card\" content=\"summary_large_image\" \/>\n<meta name=\"twitter:label1\" content=\"Escrito por\" \/>\n\t<meta name=\"twitter:data1\" content=\"Matheus Leal\" \/>\n\t<meta name=\"twitter:label2\" content=\"Est. tempo de leitura\" \/>\n\t<meta name=\"twitter:data2\" content=\"2 minutos\" \/>\n<script type=\"application\/ld+json\" class=\"yoast-schema-graph\">{\"@context\":\"https:\/\/schema.org\",\"@graph\":[{\"@type\":\"NewsArticle\",\"@id\":\"https:\/\/www.gaveanews.com\/index.php\/2025\/03\/26\/flamengo-vai-ao-mercado-por-substituto-de-arrascaeta\/#article\",\"isPartOf\":{\"@id\":\"https:\/\/www.gaveanews.com\/index.php\/2025\/03\/26\/flamengo-vai-ao-mercado-por-substituto-de-arrascaeta\/\"},\"author\":{\"name\":\"Matheus Leal\",\"@id\":\"https:\/\/www.gaveanews.com\/#\/schema\/person\/49ac99b6823a2b8d5087a6ce3aaaa128\"},\"headline\":\"Flamengo vai ao mercado por substituto de Arrascaeta\",\"datePublished\":\"2025-03-26T16:10:00+00:00\",\"mainEntityOfPage\":{\"@id\":\"https:\/\/www.gaveanews.com\/index.php\/2025\/03\/26\/flamengo-vai-ao-mercado-por-substituto-de-arrascaeta\/\"},\"wordCount\":342,\"commentCount\":0,\"image\":{\"@id\":\"https:\/\/www.gaveanews.com\/index.php\/2025\/03\/26\/flamengo-vai-ao-mercado-por-substituto-de-arrascaeta\/#primaryimage\"},\"thumbnailUrl\":\"https:\/\/www.gaveanews.com\/wp-content\/uploads\/Arrascaeta-durante-jogo-contra-o-Palmeiras-pelo-Campeonato-Brasileiro-no-Maracana-.webp\",\"articleSection\":[\"Flamengo\"],\"inLanguage\":\"pt-BR\",\"potentialAction\":[{\"@type\":\"CommentAction\",\"name\":\"Comment\",\"target\":[\"https:\/\/www.gaveanews.com\/index.php\/2025\/03\/26\/flamengo-vai-ao-mercado-por-substituto-de-arrascaeta\/#respond\"]}],\"copyrightYear\":\"2025\",\"copyrightHolder\":{\"@id\":\"https:\/\/www.gaveanews.com\/#organization\"}},{\"@type\":\"WebPage\",\"@id\":\"https:\/\/www.gaveanews.com\/index.php\/2025\/03\/26\/flamengo-vai-ao-mercado-por-substituto-de-arrascaeta\/\",\"url\":\"https:\/\/www.gaveanews.com\/index.php\/2025\/03\/26\/flamengo-vai-ao-mercado-por-substituto-de-arrascaeta\/\",\"name\":\"Flamengo vai ao mercado por substituto de Arrascaeta\",\"isPartOf\":{\"@id\":\"https:\/\/www.gaveanews.com\/#website\"},\"primaryImageOfPage\":{\"@id\":\"https:\/\/www.gaveanews.com\/index.php\/2025\/03\/26\/flamengo-vai-ao-mercado-por-substituto-de-arrascaeta\/#primaryimage\"},\"image\":{\"@id\":\"https:\/\/www.gaveanews.com\/index.php\/2025\/03\/26\/flamengo-vai-ao-mercado-por-substituto-de-arrascaeta\/#primaryimage\"},\"thumbnailUrl\":\"https:\/\/www.gaveanews.com\/wp-content\/uploads\/Arrascaeta-durante-jogo-contra-o-Palmeiras-pelo-Campeonato-Brasileiro-no-Maracana-.webp\",\"datePublished\":\"2025-03-26T16:10:00+00:00\",\"author\":{\"@id\":\"https:\/\/www.gaveanews.com\/#\/schema\/person\/49ac99b6823a2b8d5087a6ce3aaaa128\"},\"breadcrumb\":{\"@id\":\"https:\/\/www.gaveanews.com\/index.php\/2025\/03\/26\/flamengo-vai-ao-mercado-por-substituto-de-arrascaeta\/#breadcrumb\"},\"inLanguage\":\"pt-BR\",\"potentialAction\":[{\"@type\":\"ReadAction\",\"target\":[\"https:\/\/www.gaveanews.com\/index.php\/2025\/03\/26\/flamengo-vai-ao-mercado-por-substituto-de-arrascaeta\/\"]}]},{\"@type\":\"ImageObject\",\"inLanguage\":\"pt-BR\",\"@id\":\"https:\/\/www.gaveanews.com\/index.php\/2025\/03\/26\/flamengo-vai-ao-mercado-por-substituto-de-arrascaeta\/#primaryimage\",\"url\":\"https:\/\/www.gaveanews.com\/wp-content\/uploads\/Arrascaeta-durante-jogo-contra-o-Palmeiras-pelo-Campeonato-Brasileiro-no-Maracana-.webp\",\"contentUrl\":\"https:\/\/www.gaveanews.com\/wp-content\/uploads\/Arrascaeta-durante-jogo-contra-o-Palmeiras-pelo-Campeonato-Brasileiro-no-Maracana-.webp\",\"width\":1170,\"height\":885,\"caption\":\"Arrascaeta durante jogo entre Flamengo e Palmeiras, pelo Brasileir\u00e3o, no Maracan\u00e3 (Foto: Divulga\u00e7\u00e3o\/Flamengo)\"},{\"@type\":\"BreadcrumbList\",\"@id\":\"https:\/\/www.gaveanews.com\/index.php\/2025\/03\/26\/flamengo-vai-ao-mercado-por-substituto-de-arrascaeta\/#breadcrumb\",\"itemListElement\":[{\"@type\":\"ListItem\",\"position\":1,\"name\":\"Home\",\"item\":\"https:\/\/www.gaveanews.com\/\"},{\"@type\":\"ListItem\",\"position\":2,\"name\":\"Flamengo vai ao mercado por substituto de Arrascaeta\"}]},{\"@type\":\"WebSite\",\"@id\":\"https:\/\/www.gaveanews.com\/#website\",\"url\":\"https:\/\/www.gaveanews.com\/\",\"name\":\"G\u00e1vea News\",\"description\":\"Veja todas as not\u00edcias sobre o Flamengo: Contrata\u00e7\u00f5es, categorias de base, resultados das partidas, tabela de classifica\u00e7\u00e3o, pr\u00f3ximos jogos!\",\"potentialAction\":[{\"@type\":\"SearchAction\",\"target\":{\"@type\":\"EntryPoint\",\"urlTemplate\":\"https:\/\/www.gaveanews.com\/?s={search_term_string}\"},\"query-input\":{\"@type\":\"PropertyValueSpecification\",\"valueRequired\":true,\"valueName\":\"search_term_string\"}}],\"inLanguage\":\"pt-BR\"},{\"@type\":\"Person\",\"@id\":\"https:\/\/www.gaveanews.com\/#\/schema\/person\/49ac99b6823a2b8d5087a6ce3aaaa128\",\"name\":\"Matheus Leal\",\"image\":{\"@type\":\"ImageObject\",\"inLanguage\":\"pt-BR\",\"@id\":\"https:\/\/www.gaveanews.com\/#\/schema\/person\/image\/\",\"url\":\"https:\/\/secure.gravatar.com\/avatar\/21c52300d1234416f9c886f6dadd7452d8b035ac505314a51e4f56731e90c481?s=96&d=mm&r=g\",\"contentUrl\":\"https:\/\/secure.gravatar.com\/avatar\/21c52300d1234416f9c886f6dadd7452d8b035ac505314a51e4f56731e90c481?s=96&d=mm&r=g\",\"caption\":\"Matheus Leal\"}}]}<\/script>\n<!-- \/ Yoast SEO Premium plugin. -->","yoast_head_json":{"title":"Flamengo vai ao mercado por substituto de Arrascaeta","robots":{"index":"index","follow":"follow","max-snippet":"max-snippet:-1","max-image-preview":"max-image-preview:large","max-video-preview":"max-video-preview:-1"},"canonical":"https:\/\/www.gaveanews.com\/index.php\/2025\/03\/26\/flamengo-vai-ao-mercado-por-substituto-de-arrascaeta\/","og_locale":"pt_BR","og_type":"article","og_title":"Flamengo vai ao mercado por substituto de Arrascaeta","og_description":"Preocupado com a quest\u00e3o f\u00edsica de Arrascaeta, o Flamengo se planeja para ir ao mercado em busca de um meia na pr\u00f3xima janela de transfer\u00eancias. A ideia da diretoria \u00e9 contratar um jogador para revezar com o uruguaio durante a temporada, tendo em vista que ele precisa de controle de minutagem. Em entrevista ao jornalista [&hellip;]","og_url":"https:\/\/www.gaveanews.com\/index.php\/2025\/03\/26\/flamengo-vai-ao-mercado-por-substituto-de-arrascaeta\/","og_site_name":"G\u00e1vea News","article_publisher":"https:\/\/facebook.com\/gaveaNews\/","article_published_time":"2025-03-26T16:10:00+00:00","og_image":[{"width":1170,"height":885,"url":"https:\/\/www.gaveanews.com\/wp-content\/uploads\/Arrascaeta-durante-jogo-contra-o-Palmeiras-pelo-Campeonato-Brasileiro-no-Maracana-.webp","type":"image\/jpeg"}],"author":"Matheus Leal","twitter_card":"summary_large_image","twitter_misc":{"Escrito por":"Matheus Leal","Est. tempo de leitura":"2 minutos"},"schema":{"@context":"https:\/\/schema.org","@graph":[{"@type":"NewsArticle","@id":"https:\/\/www.gaveanews.com\/index.php\/2025\/03\/26\/flamengo-vai-ao-mercado-por-substituto-de-arrascaeta\/#article","isPartOf":{"@id":"https:\/\/www.gaveanews.com\/index.php\/2025\/03\/26\/flamengo-vai-ao-mercado-por-substituto-de-arrascaeta\/"},"author":{"name":"Matheus Leal","@id":"https:\/\/www.gaveanews.com\/#\/schema\/person\/49ac99b6823a2b8d5087a6ce3aaaa128"},"headline":"Flamengo vai ao mercado por substituto de Arrascaeta","datePublished":"2025-03-26T16:10:00+00:00","mainEntityOfPage":{"@id":"https:\/\/www.gaveanews.com\/index.php\/2025\/03\/26\/flamengo-vai-ao-mercado-por-substituto-de-arrascaeta\/"},"wordCount":342,"commentCount":0,"image":{"@id":"https:\/\/www.gaveanews.com\/index.php\/2025\/03\/26\/flamengo-vai-ao-mercado-por-substituto-de-arrascaeta\/#primaryimage"},"thumbnailUrl":"https:\/\/www.gaveanews.com\/wp-content\/uploads\/Arrascaeta-durante-jogo-contra-o-Palmeiras-pelo-Campeonato-Brasileiro-no-Maracana-.webp","articleSection":["Flamengo"],"inLanguage":"pt-BR","potentialAction":[{"@type":"CommentAction","name":"Comment","target":["https:\/\/www.gaveanews.com\/index.php\/2025\/03\/26\/flamengo-vai-ao-mercado-por-substituto-de-arrascaeta\/#respond"]}],"copyrightYear":"2025","copyrightHolder":{"@id":"https:\/\/www.gaveanews.com\/#organization"}},{"@type":"WebPage","@id":"https:\/\/www.gaveanews.com\/index.php\/2025\/03\/26\/flamengo-vai-ao-mercado-por-substituto-de-arrascaeta\/","url":"https:\/\/www.gaveanews.com\/index.php\/2025\/03\/26\/flamengo-vai-ao-mercado-por-substituto-de-arrascaeta\/","name":"Flamengo vai ao mercado por substituto de Arrascaeta","isPartOf":{"@id":"https:\/\/www.gaveanews.com\/#website"},"primaryImageOfPage":{"@id":"https:\/\/www.gaveanews.com\/index.php\/2025\/03\/26\/flamengo-vai-ao-mercado-por-substituto-de-arrascaeta\/#primaryimage"},"image":{"@id":"https:\/\/www.gaveanews.com\/index.php\/2025\/03\/26\/flamengo-vai-ao-mercado-por-substituto-de-arrascaeta\/#primaryimage"},"thumbnailUrl":"https:\/\/www.gaveanews.com\/wp-content\/uploads\/Arrascaeta-durante-jogo-contra-o-Palmeiras-pelo-Campeonato-Brasileiro-no-Maracana-.webp","datePublished":"2025-03-26T16:10:00+00:00","author":{"@id":"https:\/\/www.gaveanews.com\/#\/schema\/person\/49ac99b6823a2b8d5087a6ce3aaaa128"},"breadcrumb":{"@id":"https:\/\/www.gaveanews.com\/index.php\/2025\/03\/26\/flamengo-vai-ao-mercado-por-substituto-de-arrascaeta\/#breadcrumb"},"inLanguage":"pt-BR","potentialAction":[{"@type":"ReadAction","target":["https:\/\/www.gaveanews.com\/index.php\/2025\/03\/26\/flamengo-vai-ao-mercado-por-substituto-de-arrascaeta\/"]}]},{"@type":"ImageObject","inLanguage":"pt-BR","@id":"https:\/\/www.gaveanews.com\/index.php\/2025\/03\/26\/flamengo-vai-ao-mercado-por-substituto-de-arrascaeta\/#primaryimage","url":"https:\/\/www.gaveanews.com\/wp-content\/uploads\/Arrascaeta-durante-jogo-contra-o-Palmeiras-pelo-Campeonato-Brasileiro-no-Maracana-.webp","contentUrl":"https:\/\/www.gaveanews.com\/wp-content\/uploads\/Arrascaeta-durante-jogo-contra-o-Palmeiras-pelo-Campeonato-Brasileiro-no-Maracana-.webp","width":1170,"height":885,"caption":"Arrascaeta durante jogo entre Flamengo e Palmeiras, pelo Brasileir\u00e3o, no Maracan\u00e3 (Foto: Divulga\u00e7\u00e3o\/Flamengo)"},{"@type":"BreadcrumbList","@id":"https:\/\/www.gaveanews.com\/index.php\/2025\/03\/26\/flamengo-vai-ao-mercado-por-substituto-de-arrascaeta\/#breadcrumb","itemListElement":[{"@type":"ListItem","position":1,"name":"Home","item":"https:\/\/www.gaveanews.com\/"},{"@type":"ListItem","position":2,"name":"Flamengo vai ao mercado por substituto de Arrascaeta"}]},{"@type":"WebSite","@id":"https:\/\/www.gaveanews.com\/#website","url":"https:\/\/www.gaveanews.com\/","name":"G\u00e1vea News","description":"Veja todas as not\u00edcias sobre o Flamengo: Contrata\u00e7\u00f5es, categorias de base, resultados das partidas, tabela de classifica\u00e7\u00e3o, pr\u00f3ximos jogos!","potentialAction":[{"@type":"SearchAction","target":{"@type":"EntryPoint","urlTemplate":"https:\/\/www.gaveanews.com\/?s={search_term_string}"},"query-input":{"@type":"PropertyValueSpecification","valueRequired":true,"valueName":"search_term_string"}}],"inLanguage":"pt-BR"},{"@type":"Person","@id":"https:\/\/www.gaveanews.com\/#\/schema\/person\/49ac99b6823a2b8d5087a6ce3aaaa128","name":"Matheus Leal","image":{"@type":"ImageObject","inLanguage":"pt-BR","@id":"https:\/\/www.gaveanews.com\/#\/schema\/person\/image\/","url":"https:\/\/secure.gravatar.com\/avatar\/21c52300d1234416f9c886f6dadd7452d8b035ac505314a51e4f56731e90c481?s=96&d=mm&r=g","contentUrl":"https:\/\/secure.gravatar.com\/avatar\/21c52300d1234416f9c886f6dadd7452d8b035ac505314a51e4f56731e90c481?s=96&d=mm&r=g","caption":"Matheus Leal"}}]}},"_links":{"self":[{"href":"https:\/\/www.gaveanews.com\/index.php\/wp-json\/wp\/v2\/posts\/244840","targetHints":{"allow":["GET"]}}],"collection":[{"href":"https:\/\/www.gaveanews.com\/index.php\/wp-json\/wp\/v2\/posts"}],"about":[{"href":"https:\/\/www.gaveanews.com\/index.php\/wp-json\/wp\/v2\/types\/post"}],"author":[{"embeddable":true,"href":"https:\/\/www.gaveanews.com\/index.php\/wp-json\/wp\/v2\/users\/32"}],"replies":[{"embeddable":true,"href":"https:\/\/www.gaveanews.com\/index.php\/wp-json\/wp\/v2\/comments?post=244840"}],"version-history":[{"count":1,"href":"https:\/\/www.gaveanews.com\/index.php\/wp-json\/wp\/v2\/posts\/244840\/revisions"}],"predecessor-version":[{"id":244874,"href":"https:\/\/www.gaveanews.com\/index.php\/wp-json\/wp\/v2\/posts\/244840\/revisions\/244874"}],"wp:featuredmedia":[{"embeddable":true,"href":"https:\/\/www.gaveanews.com\/index.php\/wp-json\/wp\/v2\/media\/157914"}],"wp:attachment":[{"href":"https:\/\/www.gaveanews.com\/index.php\/wp-json\/wp\/v2\/media?parent=244840"}],"wp:term":[{"taxonomy":"category","embeddable":true,"href":"https:\/\/www.gaveanews.com\/index.php\/wp-json\/wp\/v2\/categories?post=244840"},{"taxonomy":"post_tag","embeddable":true,"href":"https:\/\/www.gaveanews.com\/index.php\/wp-json\/wp\/v2\/tags?post=244840"}],"curies":[{"name":"wp","href":"https:\/\/api.w.org\/{rel}","templated":true}]}}