{"id":244869,"date":"2025-03-26T17:10:00","date_gmt":"2025-03-26T20:10:00","guid":{"rendered":"https:\/\/www.gaveanews.com\/?p=244869"},"modified":"2025-03-26T16:06:54","modified_gmt":"2025-03-26T19:06:54","slug":"a-declaracao-de-luxemburgo-sobre-tecnicos-estrangeiros-no-brasil","status":"publish","type":"post","link":"https:\/\/www.gaveanews.com\/index.php\/2025\/03\/26\/a-declaracao-de-luxemburgo-sobre-tecnicos-estrangeiros-no-brasil\/","title":{"rendered":"A declara\u00e7\u00e3o de Luxemburgo sobre t\u00e9cnicos estrangeiros no Brasil"},"content":{"rendered":"\n<p>O t\u00e9cnico Vanderlei Luxemburgo manifestou sua perspectiva sobre a crescente contrata\u00e7\u00e3o de treinadores estrangeiros no futebol brasileiro nos \u00faltimos anos. Embora reconhe\u00e7a a globaliza\u00e7\u00e3o do mercado, ele diferencia a chegada de profissionais qualificados daqueles que, em sua vis\u00e3o, n\u00e3o agregam valor significativo.<\/p>\n\n\n\n<p>Durante entrevista ao &#8220;CNN Esportes S\/A&#8221;, Luxemburgo esclareceu n\u00e3o ter restri\u00e7\u00f5es a estrangeiros por princ\u00edpio, recordando sua pr\u00f3pria experi\u00eancia internacional na Espanha. &#8220;Abertura de mercado \u00e9 mundial. O t\u00e9cnico vai para onde tiver condi\u00e7\u00f5es de ir&#8221;, iniciou o treinador, contextualizando sua vis\u00e3o.<\/p>\n\n\n\n<p>Contudo, o ponto central da argumenta\u00e7\u00e3o de Luxemburgo foca na qualifica\u00e7\u00e3o. Ele percebe que a vinda de certos t\u00e9cnicos estrangeiros, sem um hist\u00f3rico de destaque, impacta negativamente o espa\u00e7o para profissionais locais.<\/p>\n\n\n\n<p>Essa din\u00e2mica, segundo o treinador, acaba por limitar as oportunidades dispon\u00edveis tanto para os jovens talentos da \u00e1rea t\u00e9cnica quanto para os treinadores brasileiros mais experientes que buscam coloca\u00e7\u00e3o. &#8220;Eu acho que tem treinadores que est\u00e3o aqui, ocupando espa\u00e7o de treinadores brasileiros jovens ou mais experientes que n\u00e3o s\u00e3o treinadores de ponta&#8221;, destacou.<\/p>\n\n\n\n<h2 class=\"wp-block-heading\" id=\"h-qualidade-reconhecida\">Qualidade reconhecida<\/h2>\n\n\n\n<p>Apesar de sua cr\u00edtica geral, Luxemburgo faz quest\u00e3o de ressaltar exce\u00e7\u00f5es importantes nesse cen\u00e1rio. Ele identifica dois profissionais estrangeiros cujo trabalho considera de alto n\u00edvel, servindo como contraponto \u00e0 sua preocupa\u00e7\u00e3o principal.<\/p>\n\n\n\n<p>Nesse sentido, ele aponta especificamente os portugueses Abel Ferreira, atualmente no Palmeiras, e Jorge Jesus, com passagem marcante pelo Flamengo em 2019 e hoje no Al Hilal. &#8220;O Abel tem qualidade. Jorge Jesus tamb\u00e9m \u00e9 um profissional de qualidade. \u00c9 diferente ter um profissional de qualidade trabalhando no seu pa\u00eds&#8221;, concluiu o experiente t\u00e9cnico.<\/p>\n\n\n\n<figure class=\"wp-block-image size-large\"><img loading=\"lazy\" decoding=\"async\" width=\"1024\" height=\"576\" src=\"http:\/\/www.gaveanews.com\/wp-content\/uploads\/Abel-Ferreira-e-fotografado-passando-instrucoes-durante-um-jogo-do-Palmeiras-1024x576.webp\" alt=\"\" class=\"wp-image-157845\" srcset=\"https:\/\/www.gaveanews.com\/wp-content\/uploads\/Abel-Ferreira-e-fotografado-passando-instrucoes-durante-um-jogo-do-Palmeiras-1024x576.webp 1024w, https:\/\/www.gaveanews.com\/wp-content\/uploads\/Abel-Ferreira-e-fotografado-passando-instrucoes-durante-um-jogo-do-Palmeiras-300x169.webp 300w, https:\/\/www.gaveanews.com\/wp-content\/uploads\/Abel-Ferreira-e-fotografado-passando-instrucoes-durante-um-jogo-do-Palmeiras-768x432.webp 768w, https:\/\/www.gaveanews.com\/wp-content\/uploads\/Abel-Ferreira-e-fotografado-passando-instrucoes-durante-um-jogo-do-Palmeiras-746x420.webp 746w, https:\/\/www.gaveanews.com\/wp-content\/uploads\/Abel-Ferreira-e-fotografado-passando-instrucoes-durante-um-jogo-do-Palmeiras-1493x840.webp 1493w, https:\/\/www.gaveanews.com\/wp-content\/uploads\/Abel-Ferreira-e-fotografado-passando-instrucoes-durante-um-jogo-do-Palmeiras-640x360.webp 640w, https:\/\/www.gaveanews.com\/wp-content\/uploads\/Abel-Ferreira-e-fotografado-passando-instrucoes-durante-um-jogo-do-Palmeiras-1280x720.webp 1280w, https:\/\/www.gaveanews.com\/wp-content\/uploads\/Abel-Ferreira-e-fotografado-passando-instrucoes-durante-um-jogo-do-Palmeiras-681x383.webp 681w, https:\/\/www.gaveanews.com\/wp-content\/uploads\/Abel-Ferreira-e-fotografado-passando-instrucoes-durante-um-jogo-do-Palmeiras-1362x766.webp 1362w, https:\/\/www.gaveanews.com\/wp-content\/uploads\/Abel-Ferreira-e-fotografado-passando-instrucoes-durante-um-jogo-do-Palmeiras-100x56.webp 100w, https:\/\/www.gaveanews.com\/wp-content\/uploads\/Abel-Ferreira-e-fotografado-passando-instrucoes-durante-um-jogo-do-Palmeiras.webp 1500w\" sizes=\"auto, (max-width: 1024px) 100vw, 1024px\" \/><figcaption class=\"wp-element-caption\">Abel Ferreira \u00e9 fotografado passando instru\u00e7\u00f5es durante um jogo do Palmeiras (Foto: Cesar Greco\/Palmeiras)<\/figcaption><\/figure>\n\n\n\n<h2 class=\"wp-block-heading\" id=\"h-critica-a-cobertura-da-midia\">Cr\u00edtica \u00e0 cobertura da m\u00eddia<\/h2>\n\n\n\n<p>Al\u00e9m de abordar a quest\u00e3o dos t\u00e9cnicos estrangeiros, Vanderlei Luxemburgo tamb\u00e9m comentou sobre a cobertura da imprensa esportiva brasileira. Assim, ele expressou descontentamento com a forma como parte da m\u00eddia retrata os treinadores nacionais.<\/p>\n\n\n\n<p>O t\u00e9cnico argumenta que essa parcela da imprensa frequentemente refor\u00e7a a ideia de que os profissionais brasileiros estariam tecnicamente ultrapassados em compara\u00e7\u00e3o aos estrangeiros. &#8220;Parte da imprensa bate nisso de que os t\u00e9cnicos brasileiros est\u00e3o ultrapassados. Isso me deixa muito revoltado&#8221;, afirmou Luxa.<\/p>\n\n\n\n<p>Para refutar essa percep\u00e7\u00e3o de defasagem, Luxemburgo utilizou um exemplo hist\u00f3rico relevante. Ele citou o trabalho t\u00e1tico de M\u00e1rio Jorge Lobo Zagallo \u00e0 frente da Sele\u00e7\u00e3o Brasileira na Copa do Mundo de 1970.<\/p>\n\n\n\n<p>Segundo Luxemburgo, as inova\u00e7\u00f5es e o estilo de jogo implementados por Zagallo naquela \u00e9poca continuam a ser refer\u00eancias aplic\u00e1veis no futebol contempor\u00e2neo. <\/p>\n\n\n\n<p>&#8220;O maior exemplo de todos os tempos no futebol mundial \u00e9 o Zagallo na Copa do Mundo de 1970. Como \u00e9 que estamos ultrapassados se o Zagallo em 1970 jogava como se joga hoje\u201d, finalizou, defendendo a atualidade do conhecimento t\u00e9cnico brasileiro.<\/p>\n","protected":false},"excerpt":{"rendered":"<p>O t\u00e9cnico Vanderlei Luxemburgo manifestou sua perspectiva sobre a crescente contrata\u00e7\u00e3o de treinadores estrangeiros no futebol brasileiro nos \u00faltimos anos. Embora reconhe\u00e7a a globaliza\u00e7\u00e3o do mercado, ele diferencia a chegada de profissionais qualificados daqueles que, em sua vis\u00e3o, n\u00e3o agregam valor significativo. Durante entrevista ao &#8220;CNN Esportes S\/A&#8221;, Luxemburgo esclareceu n\u00e3o ter restri\u00e7\u00f5es a estrangeiros [&hellip;]<\/p>\n","protected":false},"author":28,"featured_media":33890,"comment_status":"open","ping_status":"closed","sticky":false,"template":"","format":"standard","meta":{"footnotes":""},"categories":[47],"tags":[],"class_list":["post-244869","post","type-post","status-publish","format-standard","has-post-thumbnail","hentry","category-destaques"],"yoast_head":"<!-- This site is optimized with the Yoast SEO Premium plugin v24.2 (Yoast SEO v26.9) - https:\/\/yoast.com\/product\/yoast-seo-premium-wordpress\/ -->\n<title>A declara\u00e7\u00e3o de Luxemburgo sobre t\u00e9cnicos estrangeiros no Brasil<\/title>\n<meta name=\"robots\" content=\"index, follow, max-snippet:-1, max-image-preview:large, max-video-preview:-1\" \/>\n<link rel=\"canonical\" href=\"https:\/\/www.gaveanews.com\/index.php\/2025\/03\/26\/a-declaracao-de-luxemburgo-sobre-tecnicos-estrangeiros-no-brasil\/\" \/>\n<meta property=\"og:locale\" content=\"pt_BR\" \/>\n<meta property=\"og:type\" content=\"article\" \/>\n<meta property=\"og:title\" content=\"A declara\u00e7\u00e3o de Luxemburgo sobre t\u00e9cnicos estrangeiros no Brasil\" \/>\n<meta property=\"og:description\" content=\"O t\u00e9cnico Vanderlei Luxemburgo manifestou sua perspectiva sobre a crescente contrata\u00e7\u00e3o de treinadores estrangeiros no futebol brasileiro nos \u00faltimos anos. Embora reconhe\u00e7a a globaliza\u00e7\u00e3o do mercado, ele diferencia a chegada de profissionais qualificados daqueles que, em sua vis\u00e3o, n\u00e3o agregam valor significativo. Durante entrevista ao &#8220;CNN Esportes S\/A&#8221;, Luxemburgo esclareceu n\u00e3o ter restri\u00e7\u00f5es a estrangeiros [&hellip;]\" \/>\n<meta property=\"og:url\" content=\"https:\/\/www.gaveanews.com\/index.php\/2025\/03\/26\/a-declaracao-de-luxemburgo-sobre-tecnicos-estrangeiros-no-brasil\/\" \/>\n<meta property=\"og:site_name\" content=\"G\u00e1vea News\" \/>\n<meta property=\"article:publisher\" content=\"https:\/\/facebook.com\/gaveaNews\/\" \/>\n<meta property=\"article:published_time\" content=\"2025-03-26T20:10:00+00:00\" \/>\n<meta property=\"og:image\" content=\"https:\/\/www.gaveanews.com\/wp-content\/uploads\/vanderlei-luxemburgo-vasco-02-06-2019_husjdbczs8861a8jmkobu5fma.webp\" \/>\n\t<meta property=\"og:image:width\" content=\"1920\" \/>\n\t<meta property=\"og:image:height\" content=\"1080\" \/>\n\t<meta property=\"og:image:type\" content=\"image\/png\" \/>\n<meta name=\"author\" content=\"Hudson Pereira\" \/>\n<meta name=\"twitter:card\" content=\"summary_large_image\" \/>\n<meta name=\"twitter:label1\" content=\"Escrito por\" \/>\n\t<meta name=\"twitter:data1\" content=\"Hudson Pereira\" \/>\n\t<meta name=\"twitter:label2\" content=\"Est. tempo de leitura\" \/>\n\t<meta name=\"twitter:data2\" content=\"3 minutos\" \/>\n<script type=\"application\/ld+json\" class=\"yoast-schema-graph\">{\"@context\":\"https:\/\/schema.org\",\"@graph\":[{\"@type\":\"NewsArticle\",\"@id\":\"https:\/\/www.gaveanews.com\/index.php\/2025\/03\/26\/a-declaracao-de-luxemburgo-sobre-tecnicos-estrangeiros-no-brasil\/#article\",\"isPartOf\":{\"@id\":\"https:\/\/www.gaveanews.com\/index.php\/2025\/03\/26\/a-declaracao-de-luxemburgo-sobre-tecnicos-estrangeiros-no-brasil\/\"},\"author\":{\"name\":\"Hudson Pereira\",\"@id\":\"https:\/\/www.gaveanews.com\/#\/schema\/person\/bd08f00534b403119b92741a6d469ef0\"},\"headline\":\"A declara\u00e7\u00e3o de Luxemburgo sobre t\u00e9cnicos estrangeiros no Brasil\",\"datePublished\":\"2025-03-26T20:10:00+00:00\",\"mainEntityOfPage\":{\"@id\":\"https:\/\/www.gaveanews.com\/index.php\/2025\/03\/26\/a-declaracao-de-luxemburgo-sobre-tecnicos-estrangeiros-no-brasil\/\"},\"wordCount\":509,\"commentCount\":0,\"image\":{\"@id\":\"https:\/\/www.gaveanews.com\/index.php\/2025\/03\/26\/a-declaracao-de-luxemburgo-sobre-tecnicos-estrangeiros-no-brasil\/#primaryimage\"},\"thumbnailUrl\":\"https:\/\/www.gaveanews.com\/wp-content\/uploads\/vanderlei-luxemburgo-vasco-02-06-2019_husjdbczs8861a8jmkobu5fma.webp\",\"articleSection\":[\"Destaques\"],\"inLanguage\":\"pt-BR\",\"potentialAction\":[{\"@type\":\"CommentAction\",\"name\":\"Comment\",\"target\":[\"https:\/\/www.gaveanews.com\/index.php\/2025\/03\/26\/a-declaracao-de-luxemburgo-sobre-tecnicos-estrangeiros-no-brasil\/#respond\"]}],\"copyrightYear\":\"2025\",\"copyrightHolder\":{\"@id\":\"https:\/\/www.gaveanews.com\/#organization\"}},{\"@type\":\"WebPage\",\"@id\":\"https:\/\/www.gaveanews.com\/index.php\/2025\/03\/26\/a-declaracao-de-luxemburgo-sobre-tecnicos-estrangeiros-no-brasil\/\",\"url\":\"https:\/\/www.gaveanews.com\/index.php\/2025\/03\/26\/a-declaracao-de-luxemburgo-sobre-tecnicos-estrangeiros-no-brasil\/\",\"name\":\"A declara\u00e7\u00e3o de Luxemburgo sobre t\u00e9cnicos estrangeiros no Brasil\",\"isPartOf\":{\"@id\":\"https:\/\/www.gaveanews.com\/#website\"},\"primaryImageOfPage\":{\"@id\":\"https:\/\/www.gaveanews.com\/index.php\/2025\/03\/26\/a-declaracao-de-luxemburgo-sobre-tecnicos-estrangeiros-no-brasil\/#primaryimage\"},\"image\":{\"@id\":\"https:\/\/www.gaveanews.com\/index.php\/2025\/03\/26\/a-declaracao-de-luxemburgo-sobre-tecnicos-estrangeiros-no-brasil\/#primaryimage\"},\"thumbnailUrl\":\"https:\/\/www.gaveanews.com\/wp-content\/uploads\/vanderlei-luxemburgo-vasco-02-06-2019_husjdbczs8861a8jmkobu5fma.webp\",\"datePublished\":\"2025-03-26T20:10:00+00:00\",\"author\":{\"@id\":\"https:\/\/www.gaveanews.com\/#\/schema\/person\/bd08f00534b403119b92741a6d469ef0\"},\"breadcrumb\":{\"@id\":\"https:\/\/www.gaveanews.com\/index.php\/2025\/03\/26\/a-declaracao-de-luxemburgo-sobre-tecnicos-estrangeiros-no-brasil\/#breadcrumb\"},\"inLanguage\":\"pt-BR\",\"potentialAction\":[{\"@type\":\"ReadAction\",\"target\":[\"https:\/\/www.gaveanews.com\/index.php\/2025\/03\/26\/a-declaracao-de-luxemburgo-sobre-tecnicos-estrangeiros-no-brasil\/\"]}]},{\"@type\":\"ImageObject\",\"inLanguage\":\"pt-BR\",\"@id\":\"https:\/\/www.gaveanews.com\/index.php\/2025\/03\/26\/a-declaracao-de-luxemburgo-sobre-tecnicos-estrangeiros-no-brasil\/#primaryimage\",\"url\":\"https:\/\/www.gaveanews.com\/wp-content\/uploads\/vanderlei-luxemburgo-vasco-02-06-2019_husjdbczs8861a8jmkobu5fma.webp\",\"contentUrl\":\"https:\/\/www.gaveanews.com\/wp-content\/uploads\/vanderlei-luxemburgo-vasco-02-06-2019_husjdbczs8861a8jmkobu5fma.webp\",\"width\":1920,\"height\":1080,\"caption\":\"Vanderlei Luxemburgo (Foto: Divulga\u00e7\u00e3o\/Vasco)\"},{\"@type\":\"BreadcrumbList\",\"@id\":\"https:\/\/www.gaveanews.com\/index.php\/2025\/03\/26\/a-declaracao-de-luxemburgo-sobre-tecnicos-estrangeiros-no-brasil\/#breadcrumb\",\"itemListElement\":[{\"@type\":\"ListItem\",\"position\":1,\"name\":\"Home\",\"item\":\"https:\/\/www.gaveanews.com\/\"},{\"@type\":\"ListItem\",\"position\":2,\"name\":\"A declara\u00e7\u00e3o de Luxemburgo sobre t\u00e9cnicos estrangeiros no Brasil\"}]},{\"@type\":\"WebSite\",\"@id\":\"https:\/\/www.gaveanews.com\/#website\",\"url\":\"https:\/\/www.gaveanews.com\/\",\"name\":\"G\u00e1vea News\",\"description\":\"Veja todas as not\u00edcias sobre o Flamengo: Contrata\u00e7\u00f5es, categorias de base, resultados das partidas, tabela de classifica\u00e7\u00e3o, pr\u00f3ximos jogos!\",\"potentialAction\":[{\"@type\":\"SearchAction\",\"target\":{\"@type\":\"EntryPoint\",\"urlTemplate\":\"https:\/\/www.gaveanews.com\/?s={search_term_string}\"},\"query-input\":{\"@type\":\"PropertyValueSpecification\",\"valueRequired\":true,\"valueName\":\"search_term_string\"}}],\"inLanguage\":\"pt-BR\"},{\"@type\":\"Person\",\"@id\":\"https:\/\/www.gaveanews.com\/#\/schema\/person\/bd08f00534b403119b92741a6d469ef0\",\"name\":\"Hudson Pereira\",\"image\":{\"@type\":\"ImageObject\",\"inLanguage\":\"pt-BR\",\"@id\":\"https:\/\/www.gaveanews.com\/#\/schema\/person\/image\/\",\"url\":\"https:\/\/secure.gravatar.com\/avatar\/ecc491b489e454e510efffc9b23c1052ce5fb4f2e05555768ba65819cd55f03e?s=96&d=mm&r=g\",\"contentUrl\":\"https:\/\/secure.gravatar.com\/avatar\/ecc491b489e454e510efffc9b23c1052ce5fb4f2e05555768ba65819cd55f03e?s=96&d=mm&r=g\",\"caption\":\"Hudson Pereira\"}}]}<\/script>\n<!-- \/ Yoast SEO Premium plugin. -->","yoast_head_json":{"title":"A declara\u00e7\u00e3o de Luxemburgo sobre t\u00e9cnicos estrangeiros no Brasil","robots":{"index":"index","follow":"follow","max-snippet":"max-snippet:-1","max-image-preview":"max-image-preview:large","max-video-preview":"max-video-preview:-1"},"canonical":"https:\/\/www.gaveanews.com\/index.php\/2025\/03\/26\/a-declaracao-de-luxemburgo-sobre-tecnicos-estrangeiros-no-brasil\/","og_locale":"pt_BR","og_type":"article","og_title":"A declara\u00e7\u00e3o de Luxemburgo sobre t\u00e9cnicos estrangeiros no Brasil","og_description":"O t\u00e9cnico Vanderlei Luxemburgo manifestou sua perspectiva sobre a crescente contrata\u00e7\u00e3o de treinadores estrangeiros no futebol brasileiro nos \u00faltimos anos. Embora reconhe\u00e7a a globaliza\u00e7\u00e3o do mercado, ele diferencia a chegada de profissionais qualificados daqueles que, em sua vis\u00e3o, n\u00e3o agregam valor significativo. Durante entrevista ao &#8220;CNN Esportes S\/A&#8221;, Luxemburgo esclareceu n\u00e3o ter restri\u00e7\u00f5es a estrangeiros [&hellip;]","og_url":"https:\/\/www.gaveanews.com\/index.php\/2025\/03\/26\/a-declaracao-de-luxemburgo-sobre-tecnicos-estrangeiros-no-brasil\/","og_site_name":"G\u00e1vea News","article_publisher":"https:\/\/facebook.com\/gaveaNews\/","article_published_time":"2025-03-26T20:10:00+00:00","og_image":[{"width":1920,"height":1080,"url":"https:\/\/www.gaveanews.com\/wp-content\/uploads\/vanderlei-luxemburgo-vasco-02-06-2019_husjdbczs8861a8jmkobu5fma.webp","type":"image\/png"}],"author":"Hudson Pereira","twitter_card":"summary_large_image","twitter_misc":{"Escrito por":"Hudson Pereira","Est. tempo de leitura":"3 minutos"},"schema":{"@context":"https:\/\/schema.org","@graph":[{"@type":"NewsArticle","@id":"https:\/\/www.gaveanews.com\/index.php\/2025\/03\/26\/a-declaracao-de-luxemburgo-sobre-tecnicos-estrangeiros-no-brasil\/#article","isPartOf":{"@id":"https:\/\/www.gaveanews.com\/index.php\/2025\/03\/26\/a-declaracao-de-luxemburgo-sobre-tecnicos-estrangeiros-no-brasil\/"},"author":{"name":"Hudson Pereira","@id":"https:\/\/www.gaveanews.com\/#\/schema\/person\/bd08f00534b403119b92741a6d469ef0"},"headline":"A declara\u00e7\u00e3o de Luxemburgo sobre t\u00e9cnicos estrangeiros no Brasil","datePublished":"2025-03-26T20:10:00+00:00","mainEntityOfPage":{"@id":"https:\/\/www.gaveanews.com\/index.php\/2025\/03\/26\/a-declaracao-de-luxemburgo-sobre-tecnicos-estrangeiros-no-brasil\/"},"wordCount":509,"commentCount":0,"image":{"@id":"https:\/\/www.gaveanews.com\/index.php\/2025\/03\/26\/a-declaracao-de-luxemburgo-sobre-tecnicos-estrangeiros-no-brasil\/#primaryimage"},"thumbnailUrl":"https:\/\/www.gaveanews.com\/wp-content\/uploads\/vanderlei-luxemburgo-vasco-02-06-2019_husjdbczs8861a8jmkobu5fma.webp","articleSection":["Destaques"],"inLanguage":"pt-BR","potentialAction":[{"@type":"CommentAction","name":"Comment","target":["https:\/\/www.gaveanews.com\/index.php\/2025\/03\/26\/a-declaracao-de-luxemburgo-sobre-tecnicos-estrangeiros-no-brasil\/#respond"]}],"copyrightYear":"2025","copyrightHolder":{"@id":"https:\/\/www.gaveanews.com\/#organization"}},{"@type":"WebPage","@id":"https:\/\/www.gaveanews.com\/index.php\/2025\/03\/26\/a-declaracao-de-luxemburgo-sobre-tecnicos-estrangeiros-no-brasil\/","url":"https:\/\/www.gaveanews.com\/index.php\/2025\/03\/26\/a-declaracao-de-luxemburgo-sobre-tecnicos-estrangeiros-no-brasil\/","name":"A declara\u00e7\u00e3o de Luxemburgo sobre t\u00e9cnicos estrangeiros no Brasil","isPartOf":{"@id":"https:\/\/www.gaveanews.com\/#website"},"primaryImageOfPage":{"@id":"https:\/\/www.gaveanews.com\/index.php\/2025\/03\/26\/a-declaracao-de-luxemburgo-sobre-tecnicos-estrangeiros-no-brasil\/#primaryimage"},"image":{"@id":"https:\/\/www.gaveanews.com\/index.php\/2025\/03\/26\/a-declaracao-de-luxemburgo-sobre-tecnicos-estrangeiros-no-brasil\/#primaryimage"},"thumbnailUrl":"https:\/\/www.gaveanews.com\/wp-content\/uploads\/vanderlei-luxemburgo-vasco-02-06-2019_husjdbczs8861a8jmkobu5fma.webp","datePublished":"2025-03-26T20:10:00+00:00","author":{"@id":"https:\/\/www.gaveanews.com\/#\/schema\/person\/bd08f00534b403119b92741a6d469ef0"},"breadcrumb":{"@id":"https:\/\/www.gaveanews.com\/index.php\/2025\/03\/26\/a-declaracao-de-luxemburgo-sobre-tecnicos-estrangeiros-no-brasil\/#breadcrumb"},"inLanguage":"pt-BR","potentialAction":[{"@type":"ReadAction","target":["https:\/\/www.gaveanews.com\/index.php\/2025\/03\/26\/a-declaracao-de-luxemburgo-sobre-tecnicos-estrangeiros-no-brasil\/"]}]},{"@type":"ImageObject","inLanguage":"pt-BR","@id":"https:\/\/www.gaveanews.com\/index.php\/2025\/03\/26\/a-declaracao-de-luxemburgo-sobre-tecnicos-estrangeiros-no-brasil\/#primaryimage","url":"https:\/\/www.gaveanews.com\/wp-content\/uploads\/vanderlei-luxemburgo-vasco-02-06-2019_husjdbczs8861a8jmkobu5fma.webp","contentUrl":"https:\/\/www.gaveanews.com\/wp-content\/uploads\/vanderlei-luxemburgo-vasco-02-06-2019_husjdbczs8861a8jmkobu5fma.webp","width":1920,"height":1080,"caption":"Vanderlei Luxemburgo (Foto: Divulga\u00e7\u00e3o\/Vasco)"},{"@type":"BreadcrumbList","@id":"https:\/\/www.gaveanews.com\/index.php\/2025\/03\/26\/a-declaracao-de-luxemburgo-sobre-tecnicos-estrangeiros-no-brasil\/#breadcrumb","itemListElement":[{"@type":"ListItem","position":1,"name":"Home","item":"https:\/\/www.gaveanews.com\/"},{"@type":"ListItem","position":2,"name":"A declara\u00e7\u00e3o de Luxemburgo sobre t\u00e9cnicos estrangeiros no Brasil"}]},{"@type":"WebSite","@id":"https:\/\/www.gaveanews.com\/#website","url":"https:\/\/www.gaveanews.com\/","name":"G\u00e1vea News","description":"Veja todas as not\u00edcias sobre o Flamengo: Contrata\u00e7\u00f5es, categorias de base, resultados das partidas, tabela de classifica\u00e7\u00e3o, pr\u00f3ximos jogos!","potentialAction":[{"@type":"SearchAction","target":{"@type":"EntryPoint","urlTemplate":"https:\/\/www.gaveanews.com\/?s={search_term_string}"},"query-input":{"@type":"PropertyValueSpecification","valueRequired":true,"valueName":"search_term_string"}}],"inLanguage":"pt-BR"},{"@type":"Person","@id":"https:\/\/www.gaveanews.com\/#\/schema\/person\/bd08f00534b403119b92741a6d469ef0","name":"Hudson Pereira","image":{"@type":"ImageObject","inLanguage":"pt-BR","@id":"https:\/\/www.gaveanews.com\/#\/schema\/person\/image\/","url":"https:\/\/secure.gravatar.com\/avatar\/ecc491b489e454e510efffc9b23c1052ce5fb4f2e05555768ba65819cd55f03e?s=96&d=mm&r=g","contentUrl":"https:\/\/secure.gravatar.com\/avatar\/ecc491b489e454e510efffc9b23c1052ce5fb4f2e05555768ba65819cd55f03e?s=96&d=mm&r=g","caption":"Hudson Pereira"}}]}},"_links":{"self":[{"href":"https:\/\/www.gaveanews.com\/index.php\/wp-json\/wp\/v2\/posts\/244869","targetHints":{"allow":["GET"]}}],"collection":[{"href":"https:\/\/www.gaveanews.com\/index.php\/wp-json\/wp\/v2\/posts"}],"about":[{"href":"https:\/\/www.gaveanews.com\/index.php\/wp-json\/wp\/v2\/types\/post"}],"author":[{"embeddable":true,"href":"https:\/\/www.gaveanews.com\/index.php\/wp-json\/wp\/v2\/users\/28"}],"replies":[{"embeddable":true,"href":"https:\/\/www.gaveanews.com\/index.php\/wp-json\/wp\/v2\/comments?post=244869"}],"version-history":[{"count":2,"href":"https:\/\/www.gaveanews.com\/index.php\/wp-json\/wp\/v2\/posts\/244869\/revisions"}],"predecessor-version":[{"id":244879,"href":"https:\/\/www.gaveanews.com\/index.php\/wp-json\/wp\/v2\/posts\/244869\/revisions\/244879"}],"wp:featuredmedia":[{"embeddable":true,"href":"https:\/\/www.gaveanews.com\/index.php\/wp-json\/wp\/v2\/media\/33890"}],"wp:attachment":[{"href":"https:\/\/www.gaveanews.com\/index.php\/wp-json\/wp\/v2\/media?parent=244869"}],"wp:term":[{"taxonomy":"category","embeddable":true,"href":"https:\/\/www.gaveanews.com\/index.php\/wp-json\/wp\/v2\/categories?post=244869"},{"taxonomy":"post_tag","embeddable":true,"href":"https:\/\/www.gaveanews.com\/index.php\/wp-json\/wp\/v2\/tags?post=244869"}],"curies":[{"name":"wp","href":"https:\/\/api.w.org\/{rel}","templated":true}]}}