{"id":244877,"date":"2025-03-26T12:05:00","date_gmt":"2025-03-26T15:05:00","guid":{"rendered":"https:\/\/www.gaveanews.com\/?p=244877"},"modified":"2025-03-26T11:39:43","modified_gmt":"2025-03-26T14:39:43","slug":"video-vitor-sergio-rodrigues-fala-sobre-a-chegada-de-jorge-jesus-para-o-lugar-de-dorival-jr","status":"publish","type":"post","link":"https:\/\/www.gaveanews.com\/index.php\/2025\/03\/26\/video-vitor-sergio-rodrigues-fala-sobre-a-chegada-de-jorge-jesus-para-o-lugar-de-dorival-jr\/","title":{"rendered":"V\u00eddeo: Vitor S\u00e9rgio Rodrigues fala sobre a chegada de Jorge Jesus para o lugar de Dorival Jr"},"content":{"rendered":"\n<p>Nos bastidores da Sele\u00e7\u00e3o Brasileira, uma poss\u00edvel troca no comando t\u00e9cnico tem gerado grande expectativa. O nome de Jorge Jesus, ex-treinador do Flamengo e \u00eddolo da torcida rubro-negra, surge como uma das op\u00e7\u00f5es para assumir o time canarinho ap\u00f3s o Super Mundial.&nbsp;<\/p>\n\n\n\n<p>De acordo com o jornalista Vitor S\u00e9rgio Rodrigues (VSR), a CBF estaria de olho no portugu\u00eas para substituir Dorival J\u00fanior, e o &#8220;Mister&#8221; estaria disposto a aceitar o convite.<\/p>\n\n\n\n<figure class=\"wp-block-embed is-type-video is-provider-tiktok wp-block-embed-tiktok\"><div class=\"wp-block-embed__wrapper\">\n<blockquote class=\"tiktok-embed\" cite=\"https:\/\/www.tiktok.com\/@tntsportsbr\/video\/7485958675740265733\" data-video-id=\"7485958675740265733\" data-embed-from=\"oembed\" style=\"max-width:605px; min-width:325px;\"> <section> <a target=\"_blank\" title=\"@tntsportsbr\" href=\"https:\/\/www.tiktok.com\/@tntsportsbr?refer=embed\">@tntsportsbr<\/a> <p>JORGE JESUS TREINANDO A SELE\u00c7\u00c3O BRASILEIRA?! \ud83e\udd14\ud83d\udc40\ud83c\udde7\ud83c\uddf7 Se liga em todos os detalhes da apura\u00e7\u00e3o do nosso @vitorsergiovsr junto com @moniquedanello! <a title=\"sele\u00e7\u00e3obrasileira\" target=\"_blank\" href=\"https:\/\/www.tiktok.com\/tag\/sele%C3%A7%C3%A3obrasileira?refer=embed\">#Sele\u00e7\u00e3oBrasileira<\/a> <a title=\"sele\u00e7\u00e3obrasileira\ud83c\udde7\ud83c\uddf7\" target=\"_blank\" href=\"https:\/\/www.tiktok.com\/tag\/sele%C3%A7%C3%A3obrasileira%F0%9F%87%A7%F0%9F%87%B7?refer=embed\">#sele\u00e7\u00e3obrasileira\ud83c\udde7\ud83c\uddf7<\/a> <a title=\"sportsontiktkok\" target=\"_blank\" href=\"https:\/\/www.tiktok.com\/tag\/sportsontiktkok?refer=embed\">#sportsontiktkok<\/a> <a title=\"foryoupage\" target=\"_blank\" href=\"https:\/\/www.tiktok.com\/tag\/foryoupage?refer=embed\">#foryoupage<\/a> <a title=\"tiktokesportes\" target=\"_blank\" href=\"https:\/\/www.tiktok.com\/tag\/tiktokesportes?refer=embed\">#tiktokesportes<\/a> <a title=\"viral_video\" target=\"_blank\" href=\"https:\/\/www.tiktok.com\/tag\/viral_video?refer=embed\">#viral_video<\/a> <a title=\"hoje\" target=\"_blank\" href=\"https:\/\/www.tiktok.com\/tag\/hoje?refer=embed\">#hoje<\/a> <a title=\"today\" target=\"_blank\" href=\"https:\/\/www.tiktok.com\/tag\/today?refer=embed\">#today<\/a> <a title=\"brasil\" target=\"_blank\" href=\"https:\/\/www.tiktok.com\/tag\/brasil?refer=embed\">#brasil<\/a> <a title=\"dorival\" target=\"_blank\" href=\"https:\/\/www.tiktok.com\/tag\/dorival?refer=embed\">#dorival<\/a> <a title=\"jorgejesus\" target=\"_blank\" href=\"https:\/\/www.tiktok.com\/tag\/jorgejesus?refer=embed\">#jorgejesus<\/a> <a title=\"flamengo\" target=\"_blank\" href=\"https:\/\/www.tiktok.com\/tag\/flamengo?refer=embed\">#flamengo<\/a><\/p> <a target=\"_blank\" title=\"\u266c original sound - TNT Sports Brasil - TNT Sports Brasil\" href=\"https:\/\/www.tiktok.com\/music\/original-sound-TNT-Sports-Brasil-7485958684861664055?refer=embed\">\u266c original sound &#8211; TNT Sports Brasil &#8211; TNT Sports Brasil<\/a> <\/section> <\/blockquote> <script async src=\"https:\/\/www.tiktok.com\/embed.js\"><\/script>\n<\/div><\/figure>\n\n\n\n<h2 class=\"wp-block-heading\" id=\"h-jorge-jesus-pode-assumir-a-selecao-brasileira-apos-o-super-mundial\">Jorge Jesus pode assumir a Sele\u00e7\u00e3o Brasileira ap\u00f3s o Super Mundial<\/h2>\n\n\n\n<figure class=\"wp-block-image size-full\"><img loading=\"lazy\" decoding=\"async\" width=\"640\" height=\"400\" src=\"http:\/\/www.gaveanews.com\/wp-content\/uploads\/Jogadores-erguem-Jorge-Jesus-apos-Flamengo-conquistar-titulo.webp\" alt=\"\" class=\"wp-image-70094\" srcset=\"https:\/\/www.gaveanews.com\/wp-content\/uploads\/Jogadores-erguem-Jorge-Jesus-apos-Flamengo-conquistar-titulo.webp 640w, https:\/\/www.gaveanews.com\/wp-content\/uploads\/Jogadores-erguem-Jorge-Jesus-apos-Flamengo-conquistar-titulo-300x188.webp 300w, https:\/\/www.gaveanews.com\/wp-content\/uploads\/Jogadores-erguem-Jorge-Jesus-apos-Flamengo-conquistar-titulo-100x63.webp 100w\" sizes=\"auto, (max-width: 640px) 100vw, 640px\" \/><figcaption class=\"wp-element-caption\">Jogadores erguem Jorge Jesus ap\u00f3s Flamengo conquistar t\u00edtulo (Foto: Andr\u00e9 Mour\u00e3o\/GE)<\/figcaption><\/figure>\n\n\n\n<p>Atualmente no comando do Al-Hilal, na Ar\u00e1bia Saudita, Jorge Jesus tem como um dos seus maiores desejos treinar a Sele\u00e7\u00e3o Brasileira em algum momento de sua carreira.&nbsp;<\/p>\n\n\n\n<p>Vale destacar que o portugu\u00eas tem uma hist\u00f3ria marcante no Flamengo, onde conquistou t\u00edtulos importantes e conquistou o cora\u00e7\u00e3o da torcida. A aprova\u00e7\u00e3o para sua chegada \u00e0 Sele\u00e7\u00e3o \u00e9 evidente, e a possibilidade de uma troca de comando deve ocorrer apenas em julho, ap\u00f3s o Super Mundial.&nbsp;<\/p>\n\n\n\n<p>Sendo assim, a expectativa cresce, principalmente porque a Sele\u00e7\u00e3o pode garantir sua vaga na Copa do Mundo de 2026 nos pr\u00f3ximos jogos contra Equador e Paraguai.<\/p>\n\n\n\n<h2 class=\"wp-block-heading\" id=\"h-a-possivel-chegada-de-jorge-jesus-a-selecao-e-os-rivais\">A poss\u00edvel chegada de Jorge Jesus \u00e0 Sele\u00e7\u00e3o e os rivais<\/h2>\n\n\n\n<p>Segundo Vitor S\u00e9rgio Rodrigues, o nome de Jorge Jesus se destaca nas an\u00e1lises feitas pela Confedera\u00e7\u00e3o Brasileira de Futebol (CBF), mas n\u00e3o \u00e9 o \u00fanico.&nbsp;<\/p>\n\n\n\n<p>Abel Ferreira, Filipe Lu\u00eds e Carlo Ancelotti tamb\u00e9m s\u00e3o cogitados para o cargo. No entanto, uma decis\u00e3o s\u00f3 dever\u00e1 ser tomada ap\u00f3s o Super Mundial, que come\u00e7a em junho. Portanto, as pr\u00f3ximas semanas ser\u00e3o decisivas para o futuro da Sele\u00e7\u00e3o Brasileira.<\/p>\n\n\n\n<h2 class=\"wp-block-heading\" id=\"h-a-polemica-saida-de-neymar-do-al-hilal\">A pol\u00eamica sa\u00edda de Neymar do Al-Hilal<\/h2>\n\n\n\n<p>Embora a possibilidade de Jorge Jesus assumir a Sele\u00e7\u00e3o seja um assunto que domina as discuss\u00f5es, um epis\u00f3dio recente tamb\u00e9m gerou repercuss\u00e3o: a sa\u00edda de Neymar do Al-Hilal. O craque brasileiro foi dispensado por Jorge Jesus, mas, recentemente, os dois se reconciliaram em uma liga\u00e7\u00e3o.&nbsp;<\/p>\n\n\n\n<p>Isso porque Neymar n\u00e3o tinha condi\u00e7\u00f5es de jogar em alto n\u00edvel segundo o t\u00e9cnico portugu\u00eas. Desse jeito, o camisa 10 optou por deixar o clube \u00e1rabe e retornar ao Brasil, mais precisamente ao Santos.<\/p>\n\n\n\n<p>Com isso, a chegada de Jorge Jesus \u00e0 Sele\u00e7\u00e3o Brasileira pode ser apenas o come\u00e7o de uma nova fase para o futebol nacional, com grandes expectativas da torcida e da CBF para os pr\u00f3ximos anos.<\/p>\n","protected":false},"excerpt":{"rendered":"<p>Nos bastidores da Sele\u00e7\u00e3o Brasileira, uma poss\u00edvel troca no comando t\u00e9cnico tem gerado grande expectativa. O nome de Jorge Jesus, ex-treinador do Flamengo e \u00eddolo da torcida rubro-negra, surge como uma das op\u00e7\u00f5es para assumir o time canarinho ap\u00f3s o Super Mundial.&nbsp; De acordo com o jornalista Vitor S\u00e9rgio Rodrigues (VSR), a CBF estaria de [&hellip;]<\/p>\n","protected":false},"author":25,"featured_media":121610,"comment_status":"open","ping_status":"closed","sticky":false,"template":"","format":"standard","meta":{"footnotes":""},"categories":[478],"tags":[],"class_list":["post-244877","post","type-post","status-publish","format-standard","has-post-thumbnail","hentry","category-brasil"],"yoast_head":"<!-- This site is optimized with the Yoast SEO Premium plugin v24.2 (Yoast SEO v26.9) - https:\/\/yoast.com\/product\/yoast-seo-premium-wordpress\/ -->\n<title>V\u00eddeo: Vitor S\u00e9rgio Rodrigues fala sobre a chegada de Jorge Jesus para o lugar de Dorival Jr<\/title>\n<meta name=\"robots\" content=\"index, follow, max-snippet:-1, max-image-preview:large, max-video-preview:-1\" \/>\n<link rel=\"canonical\" href=\"https:\/\/www.gaveanews.com\/index.php\/2025\/03\/26\/video-vitor-sergio-rodrigues-fala-sobre-a-chegada-de-jorge-jesus-para-o-lugar-de-dorival-jr\/\" \/>\n<meta property=\"og:locale\" content=\"pt_BR\" \/>\n<meta property=\"og:type\" content=\"article\" \/>\n<meta property=\"og:title\" content=\"V\u00eddeo: Vitor S\u00e9rgio Rodrigues fala sobre a chegada de Jorge Jesus para o lugar de Dorival Jr\" \/>\n<meta property=\"og:description\" content=\"Nos bastidores da Sele\u00e7\u00e3o Brasileira, uma poss\u00edvel troca no comando t\u00e9cnico tem gerado grande expectativa. O nome de Jorge Jesus, ex-treinador do Flamengo e \u00eddolo da torcida rubro-negra, surge como uma das op\u00e7\u00f5es para assumir o time canarinho ap\u00f3s o Super Mundial.&nbsp; De acordo com o jornalista Vitor S\u00e9rgio Rodrigues (VSR), a CBF estaria de [&hellip;]\" \/>\n<meta property=\"og:url\" content=\"https:\/\/www.gaveanews.com\/index.php\/2025\/03\/26\/video-vitor-sergio-rodrigues-fala-sobre-a-chegada-de-jorge-jesus-para-o-lugar-de-dorival-jr\/\" \/>\n<meta property=\"og:site_name\" content=\"G\u00e1vea News\" \/>\n<meta property=\"article:publisher\" content=\"https:\/\/facebook.com\/gaveaNews\/\" \/>\n<meta property=\"article:published_time\" content=\"2025-03-26T15:05:00+00:00\" \/>\n<meta property=\"og:image\" content=\"https:\/\/www.gaveanews.com\/wp-content\/uploads\/Jorge-Jesus-durante-um-jogo-do-Al-Hilal-edited.webp\" \/>\n\t<meta property=\"og:image:width\" content=\"888\" \/>\n\t<meta property=\"og:image:height\" content=\"592\" \/>\n\t<meta property=\"og:image:type\" content=\"image\/webp\" \/>\n<meta name=\"author\" content=\"Rafaela Ladeira\" \/>\n<meta name=\"twitter:card\" content=\"summary_large_image\" \/>\n<meta name=\"twitter:label1\" content=\"Escrito por\" \/>\n\t<meta name=\"twitter:data1\" content=\"Rafaela Ladeira\" \/>\n\t<meta name=\"twitter:label2\" content=\"Est. tempo de leitura\" \/>\n\t<meta name=\"twitter:data2\" content=\"3 minutos\" \/>\n<script type=\"application\/ld+json\" class=\"yoast-schema-graph\">{\"@context\":\"https:\/\/schema.org\",\"@graph\":[{\"@type\":\"NewsArticle\",\"@id\":\"https:\/\/www.gaveanews.com\/index.php\/2025\/03\/26\/video-vitor-sergio-rodrigues-fala-sobre-a-chegada-de-jorge-jesus-para-o-lugar-de-dorival-jr\/#article\",\"isPartOf\":{\"@id\":\"https:\/\/www.gaveanews.com\/index.php\/2025\/03\/26\/video-vitor-sergio-rodrigues-fala-sobre-a-chegada-de-jorge-jesus-para-o-lugar-de-dorival-jr\/\"},\"author\":{\"name\":\"Rafaela Ladeira\",\"@id\":\"https:\/\/www.gaveanews.com\/#\/schema\/person\/0eb3e3fe1754f0205218538adbe8f5ed\"},\"headline\":\"V\u00eddeo: Vitor S\u00e9rgio Rodrigues fala sobre a chegada de Jorge Jesus para o lugar de Dorival Jr\",\"datePublished\":\"2025-03-26T15:05:00+00:00\",\"mainEntityOfPage\":{\"@id\":\"https:\/\/www.gaveanews.com\/index.php\/2025\/03\/26\/video-vitor-sergio-rodrigues-fala-sobre-a-chegada-de-jorge-jesus-para-o-lugar-de-dorival-jr\/\"},\"wordCount\":478,\"commentCount\":0,\"image\":{\"@id\":\"https:\/\/www.gaveanews.com\/index.php\/2025\/03\/26\/video-vitor-sergio-rodrigues-fala-sobre-a-chegada-de-jorge-jesus-para-o-lugar-de-dorival-jr\/#primaryimage\"},\"thumbnailUrl\":\"https:\/\/www.gaveanews.com\/wp-content\/uploads\/Jorge-Jesus-durante-um-jogo-do-Al-Hilal-edited.webp\",\"articleSection\":[\"Brasil\"],\"inLanguage\":\"pt-BR\",\"potentialAction\":[{\"@type\":\"CommentAction\",\"name\":\"Comment\",\"target\":[\"https:\/\/www.gaveanews.com\/index.php\/2025\/03\/26\/video-vitor-sergio-rodrigues-fala-sobre-a-chegada-de-jorge-jesus-para-o-lugar-de-dorival-jr\/#respond\"]}],\"copyrightYear\":\"2025\",\"copyrightHolder\":{\"@id\":\"https:\/\/www.gaveanews.com\/#organization\"}},{\"@type\":\"WebPage\",\"@id\":\"https:\/\/www.gaveanews.com\/index.php\/2025\/03\/26\/video-vitor-sergio-rodrigues-fala-sobre-a-chegada-de-jorge-jesus-para-o-lugar-de-dorival-jr\/\",\"url\":\"https:\/\/www.gaveanews.com\/index.php\/2025\/03\/26\/video-vitor-sergio-rodrigues-fala-sobre-a-chegada-de-jorge-jesus-para-o-lugar-de-dorival-jr\/\",\"name\":\"V\u00eddeo: Vitor S\u00e9rgio Rodrigues fala sobre a chegada de Jorge Jesus para o lugar de Dorival Jr\",\"isPartOf\":{\"@id\":\"https:\/\/www.gaveanews.com\/#website\"},\"primaryImageOfPage\":{\"@id\":\"https:\/\/www.gaveanews.com\/index.php\/2025\/03\/26\/video-vitor-sergio-rodrigues-fala-sobre-a-chegada-de-jorge-jesus-para-o-lugar-de-dorival-jr\/#primaryimage\"},\"image\":{\"@id\":\"https:\/\/www.gaveanews.com\/index.php\/2025\/03\/26\/video-vitor-sergio-rodrigues-fala-sobre-a-chegada-de-jorge-jesus-para-o-lugar-de-dorival-jr\/#primaryimage\"},\"thumbnailUrl\":\"https:\/\/www.gaveanews.com\/wp-content\/uploads\/Jorge-Jesus-durante-um-jogo-do-Al-Hilal-edited.webp\",\"datePublished\":\"2025-03-26T15:05:00+00:00\",\"author\":{\"@id\":\"https:\/\/www.gaveanews.com\/#\/schema\/person\/0eb3e3fe1754f0205218538adbe8f5ed\"},\"breadcrumb\":{\"@id\":\"https:\/\/www.gaveanews.com\/index.php\/2025\/03\/26\/video-vitor-sergio-rodrigues-fala-sobre-a-chegada-de-jorge-jesus-para-o-lugar-de-dorival-jr\/#breadcrumb\"},\"inLanguage\":\"pt-BR\",\"potentialAction\":[{\"@type\":\"ReadAction\",\"target\":[\"https:\/\/www.gaveanews.com\/index.php\/2025\/03\/26\/video-vitor-sergio-rodrigues-fala-sobre-a-chegada-de-jorge-jesus-para-o-lugar-de-dorival-jr\/\"]}]},{\"@type\":\"ImageObject\",\"inLanguage\":\"pt-BR\",\"@id\":\"https:\/\/www.gaveanews.com\/index.php\/2025\/03\/26\/video-vitor-sergio-rodrigues-fala-sobre-a-chegada-de-jorge-jesus-para-o-lugar-de-dorival-jr\/#primaryimage\",\"url\":\"https:\/\/www.gaveanews.com\/wp-content\/uploads\/Jorge-Jesus-durante-um-jogo-do-Al-Hilal-edited.webp\",\"contentUrl\":\"https:\/\/www.gaveanews.com\/wp-content\/uploads\/Jorge-Jesus-durante-um-jogo-do-Al-Hilal-edited.webp\",\"width\":888,\"height\":592,\"caption\":\"Jorge Jesus durante um jogo do Al-Hilal (Foto: Reprodu\u00e7\u00e3o\/Al-Hilal)\"},{\"@type\":\"BreadcrumbList\",\"@id\":\"https:\/\/www.gaveanews.com\/index.php\/2025\/03\/26\/video-vitor-sergio-rodrigues-fala-sobre-a-chegada-de-jorge-jesus-para-o-lugar-de-dorival-jr\/#breadcrumb\",\"itemListElement\":[{\"@type\":\"ListItem\",\"position\":1,\"name\":\"Home\",\"item\":\"https:\/\/www.gaveanews.com\/\"},{\"@type\":\"ListItem\",\"position\":2,\"name\":\"V\u00eddeo: Vitor S\u00e9rgio Rodrigues fala sobre a chegada de Jorge Jesus para o lugar de Dorival Jr\"}]},{\"@type\":\"WebSite\",\"@id\":\"https:\/\/www.gaveanews.com\/#website\",\"url\":\"https:\/\/www.gaveanews.com\/\",\"name\":\"G\u00e1vea News\",\"description\":\"Veja todas as not\u00edcias sobre o Flamengo: Contrata\u00e7\u00f5es, categorias de base, resultados das partidas, tabela de classifica\u00e7\u00e3o, pr\u00f3ximos jogos!\",\"potentialAction\":[{\"@type\":\"SearchAction\",\"target\":{\"@type\":\"EntryPoint\",\"urlTemplate\":\"https:\/\/www.gaveanews.com\/?s={search_term_string}\"},\"query-input\":{\"@type\":\"PropertyValueSpecification\",\"valueRequired\":true,\"valueName\":\"search_term_string\"}}],\"inLanguage\":\"pt-BR\"},{\"@type\":\"Person\",\"@id\":\"https:\/\/www.gaveanews.com\/#\/schema\/person\/0eb3e3fe1754f0205218538adbe8f5ed\",\"name\":\"Rafaela Ladeira\",\"image\":{\"@type\":\"ImageObject\",\"inLanguage\":\"pt-BR\",\"@id\":\"https:\/\/www.gaveanews.com\/#\/schema\/person\/image\/\",\"url\":\"https:\/\/secure.gravatar.com\/avatar\/c31f513acffd85eacab5730cbdfdbbf59f21ba5aeada8cd890acea879fbb2455?s=96&d=mm&r=g\",\"contentUrl\":\"https:\/\/secure.gravatar.com\/avatar\/c31f513acffd85eacab5730cbdfdbbf59f21ba5aeada8cd890acea879fbb2455?s=96&d=mm&r=g\",\"caption\":\"Rafaela Ladeira\"}}]}<\/script>\n<!-- \/ Yoast SEO Premium plugin. -->","yoast_head_json":{"title":"V\u00eddeo: Vitor S\u00e9rgio Rodrigues fala sobre a chegada de Jorge Jesus para o lugar de Dorival Jr","robots":{"index":"index","follow":"follow","max-snippet":"max-snippet:-1","max-image-preview":"max-image-preview:large","max-video-preview":"max-video-preview:-1"},"canonical":"https:\/\/www.gaveanews.com\/index.php\/2025\/03\/26\/video-vitor-sergio-rodrigues-fala-sobre-a-chegada-de-jorge-jesus-para-o-lugar-de-dorival-jr\/","og_locale":"pt_BR","og_type":"article","og_title":"V\u00eddeo: Vitor S\u00e9rgio Rodrigues fala sobre a chegada de Jorge Jesus para o lugar de Dorival Jr","og_description":"Nos bastidores da Sele\u00e7\u00e3o Brasileira, uma poss\u00edvel troca no comando t\u00e9cnico tem gerado grande expectativa. O nome de Jorge Jesus, ex-treinador do Flamengo e \u00eddolo da torcida rubro-negra, surge como uma das op\u00e7\u00f5es para assumir o time canarinho ap\u00f3s o Super Mundial.&nbsp; De acordo com o jornalista Vitor S\u00e9rgio Rodrigues (VSR), a CBF estaria de [&hellip;]","og_url":"https:\/\/www.gaveanews.com\/index.php\/2025\/03\/26\/video-vitor-sergio-rodrigues-fala-sobre-a-chegada-de-jorge-jesus-para-o-lugar-de-dorival-jr\/","og_site_name":"G\u00e1vea News","article_publisher":"https:\/\/facebook.com\/gaveaNews\/","article_published_time":"2025-03-26T15:05:00+00:00","og_image":[{"width":888,"height":592,"url":"https:\/\/www.gaveanews.com\/wp-content\/uploads\/Jorge-Jesus-durante-um-jogo-do-Al-Hilal-edited.webp","type":"image\/webp"}],"author":"Rafaela Ladeira","twitter_card":"summary_large_image","twitter_misc":{"Escrito por":"Rafaela Ladeira","Est. tempo de leitura":"3 minutos"},"schema":{"@context":"https:\/\/schema.org","@graph":[{"@type":"NewsArticle","@id":"https:\/\/www.gaveanews.com\/index.php\/2025\/03\/26\/video-vitor-sergio-rodrigues-fala-sobre-a-chegada-de-jorge-jesus-para-o-lugar-de-dorival-jr\/#article","isPartOf":{"@id":"https:\/\/www.gaveanews.com\/index.php\/2025\/03\/26\/video-vitor-sergio-rodrigues-fala-sobre-a-chegada-de-jorge-jesus-para-o-lugar-de-dorival-jr\/"},"author":{"name":"Rafaela Ladeira","@id":"https:\/\/www.gaveanews.com\/#\/schema\/person\/0eb3e3fe1754f0205218538adbe8f5ed"},"headline":"V\u00eddeo: Vitor S\u00e9rgio Rodrigues fala sobre a chegada de Jorge Jesus para o lugar de Dorival Jr","datePublished":"2025-03-26T15:05:00+00:00","mainEntityOfPage":{"@id":"https:\/\/www.gaveanews.com\/index.php\/2025\/03\/26\/video-vitor-sergio-rodrigues-fala-sobre-a-chegada-de-jorge-jesus-para-o-lugar-de-dorival-jr\/"},"wordCount":478,"commentCount":0,"image":{"@id":"https:\/\/www.gaveanews.com\/index.php\/2025\/03\/26\/video-vitor-sergio-rodrigues-fala-sobre-a-chegada-de-jorge-jesus-para-o-lugar-de-dorival-jr\/#primaryimage"},"thumbnailUrl":"https:\/\/www.gaveanews.com\/wp-content\/uploads\/Jorge-Jesus-durante-um-jogo-do-Al-Hilal-edited.webp","articleSection":["Brasil"],"inLanguage":"pt-BR","potentialAction":[{"@type":"CommentAction","name":"Comment","target":["https:\/\/www.gaveanews.com\/index.php\/2025\/03\/26\/video-vitor-sergio-rodrigues-fala-sobre-a-chegada-de-jorge-jesus-para-o-lugar-de-dorival-jr\/#respond"]}],"copyrightYear":"2025","copyrightHolder":{"@id":"https:\/\/www.gaveanews.com\/#organization"}},{"@type":"WebPage","@id":"https:\/\/www.gaveanews.com\/index.php\/2025\/03\/26\/video-vitor-sergio-rodrigues-fala-sobre-a-chegada-de-jorge-jesus-para-o-lugar-de-dorival-jr\/","url":"https:\/\/www.gaveanews.com\/index.php\/2025\/03\/26\/video-vitor-sergio-rodrigues-fala-sobre-a-chegada-de-jorge-jesus-para-o-lugar-de-dorival-jr\/","name":"V\u00eddeo: Vitor S\u00e9rgio Rodrigues fala sobre a chegada de Jorge Jesus para o lugar de Dorival Jr","isPartOf":{"@id":"https:\/\/www.gaveanews.com\/#website"},"primaryImageOfPage":{"@id":"https:\/\/www.gaveanews.com\/index.php\/2025\/03\/26\/video-vitor-sergio-rodrigues-fala-sobre-a-chegada-de-jorge-jesus-para-o-lugar-de-dorival-jr\/#primaryimage"},"image":{"@id":"https:\/\/www.gaveanews.com\/index.php\/2025\/03\/26\/video-vitor-sergio-rodrigues-fala-sobre-a-chegada-de-jorge-jesus-para-o-lugar-de-dorival-jr\/#primaryimage"},"thumbnailUrl":"https:\/\/www.gaveanews.com\/wp-content\/uploads\/Jorge-Jesus-durante-um-jogo-do-Al-Hilal-edited.webp","datePublished":"2025-03-26T15:05:00+00:00","author":{"@id":"https:\/\/www.gaveanews.com\/#\/schema\/person\/0eb3e3fe1754f0205218538adbe8f5ed"},"breadcrumb":{"@id":"https:\/\/www.gaveanews.com\/index.php\/2025\/03\/26\/video-vitor-sergio-rodrigues-fala-sobre-a-chegada-de-jorge-jesus-para-o-lugar-de-dorival-jr\/#breadcrumb"},"inLanguage":"pt-BR","potentialAction":[{"@type":"ReadAction","target":["https:\/\/www.gaveanews.com\/index.php\/2025\/03\/26\/video-vitor-sergio-rodrigues-fala-sobre-a-chegada-de-jorge-jesus-para-o-lugar-de-dorival-jr\/"]}]},{"@type":"ImageObject","inLanguage":"pt-BR","@id":"https:\/\/www.gaveanews.com\/index.php\/2025\/03\/26\/video-vitor-sergio-rodrigues-fala-sobre-a-chegada-de-jorge-jesus-para-o-lugar-de-dorival-jr\/#primaryimage","url":"https:\/\/www.gaveanews.com\/wp-content\/uploads\/Jorge-Jesus-durante-um-jogo-do-Al-Hilal-edited.webp","contentUrl":"https:\/\/www.gaveanews.com\/wp-content\/uploads\/Jorge-Jesus-durante-um-jogo-do-Al-Hilal-edited.webp","width":888,"height":592,"caption":"Jorge Jesus durante um jogo do Al-Hilal (Foto: Reprodu\u00e7\u00e3o\/Al-Hilal)"},{"@type":"BreadcrumbList","@id":"https:\/\/www.gaveanews.com\/index.php\/2025\/03\/26\/video-vitor-sergio-rodrigues-fala-sobre-a-chegada-de-jorge-jesus-para-o-lugar-de-dorival-jr\/#breadcrumb","itemListElement":[{"@type":"ListItem","position":1,"name":"Home","item":"https:\/\/www.gaveanews.com\/"},{"@type":"ListItem","position":2,"name":"V\u00eddeo: Vitor S\u00e9rgio Rodrigues fala sobre a chegada de Jorge Jesus para o lugar de Dorival Jr"}]},{"@type":"WebSite","@id":"https:\/\/www.gaveanews.com\/#website","url":"https:\/\/www.gaveanews.com\/","name":"G\u00e1vea News","description":"Veja todas as not\u00edcias sobre o Flamengo: Contrata\u00e7\u00f5es, categorias de base, resultados das partidas, tabela de classifica\u00e7\u00e3o, pr\u00f3ximos jogos!","potentialAction":[{"@type":"SearchAction","target":{"@type":"EntryPoint","urlTemplate":"https:\/\/www.gaveanews.com\/?s={search_term_string}"},"query-input":{"@type":"PropertyValueSpecification","valueRequired":true,"valueName":"search_term_string"}}],"inLanguage":"pt-BR"},{"@type":"Person","@id":"https:\/\/www.gaveanews.com\/#\/schema\/person\/0eb3e3fe1754f0205218538adbe8f5ed","name":"Rafaela Ladeira","image":{"@type":"ImageObject","inLanguage":"pt-BR","@id":"https:\/\/www.gaveanews.com\/#\/schema\/person\/image\/","url":"https:\/\/secure.gravatar.com\/avatar\/c31f513acffd85eacab5730cbdfdbbf59f21ba5aeada8cd890acea879fbb2455?s=96&d=mm&r=g","contentUrl":"https:\/\/secure.gravatar.com\/avatar\/c31f513acffd85eacab5730cbdfdbbf59f21ba5aeada8cd890acea879fbb2455?s=96&d=mm&r=g","caption":"Rafaela Ladeira"}}]}},"_links":{"self":[{"href":"https:\/\/www.gaveanews.com\/index.php\/wp-json\/wp\/v2\/posts\/244877","targetHints":{"allow":["GET"]}}],"collection":[{"href":"https:\/\/www.gaveanews.com\/index.php\/wp-json\/wp\/v2\/posts"}],"about":[{"href":"https:\/\/www.gaveanews.com\/index.php\/wp-json\/wp\/v2\/types\/post"}],"author":[{"embeddable":true,"href":"https:\/\/www.gaveanews.com\/index.php\/wp-json\/wp\/v2\/users\/25"}],"replies":[{"embeddable":true,"href":"https:\/\/www.gaveanews.com\/index.php\/wp-json\/wp\/v2\/comments?post=244877"}],"version-history":[{"count":2,"href":"https:\/\/www.gaveanews.com\/index.php\/wp-json\/wp\/v2\/posts\/244877\/revisions"}],"predecessor-version":[{"id":244881,"href":"https:\/\/www.gaveanews.com\/index.php\/wp-json\/wp\/v2\/posts\/244877\/revisions\/244881"}],"wp:featuredmedia":[{"embeddable":true,"href":"https:\/\/www.gaveanews.com\/index.php\/wp-json\/wp\/v2\/media\/121610"}],"wp:attachment":[{"href":"https:\/\/www.gaveanews.com\/index.php\/wp-json\/wp\/v2\/media?parent=244877"}],"wp:term":[{"taxonomy":"category","embeddable":true,"href":"https:\/\/www.gaveanews.com\/index.php\/wp-json\/wp\/v2\/categories?post=244877"},{"taxonomy":"post_tag","embeddable":true,"href":"https:\/\/www.gaveanews.com\/index.php\/wp-json\/wp\/v2\/tags?post=244877"}],"curies":[{"name":"wp","href":"https:\/\/api.w.org\/{rel}","templated":true}]}}