{"id":244883,"date":"2025-03-26T12:10:00","date_gmt":"2025-03-26T15:10:00","guid":{"rendered":"https:\/\/www.gaveanews.com\/?p=244883"},"modified":"2025-03-26T11:46:21","modified_gmt":"2025-03-26T14:46:21","slug":"situacao-de-varela-preocupa-torcida-do-flamengo","status":"publish","type":"post","link":"https:\/\/www.gaveanews.com\/index.php\/2025\/03\/26\/situacao-de-varela-preocupa-torcida-do-flamengo\/","title":{"rendered":"Situa\u00e7\u00e3o de Varela preocupa torcida do Flamengo"},"content":{"rendered":"\n<p>A Data FIFA de mar\u00e7o trouxe algumas quest\u00f5es inesperadas para o Flamengo, especialmente com a participa\u00e7\u00e3o de Guillermo Varela pela Sele\u00e7\u00e3o Uruguaia.&nbsp;<\/p>\n\n\n\n<p>A performance do lateral-direito no jogo contra a Bol\u00edvia gerou grande aten\u00e7\u00e3o entre os torcedores do Meng\u00e3o, que ficaram de olho nos desdobramentos de sua atua\u00e7\u00e3o, al\u00e9m de outros fatores que impactaram os jogadores rubro-negros.<\/p>\n\n\n\n<h2 class=\"wp-block-heading\" id=\"h-o-desafio-da-altitude-boliviana-e-os-sinais-de-cansaco\">O desafio da altitude boliviana e os sinais de cansa\u00e7o<\/h2>\n\n\n\n<figure class=\"wp-block-image size-large\"><img loading=\"lazy\" decoding=\"async\" width=\"1024\" height=\"560\" src=\"http:\/\/www.gaveanews.com\/wp-content\/uploads\/guilhermo-varela-selecao-uruguai-1024x560.webp\" alt=\"\" class=\"wp-image-91777\" srcset=\"https:\/\/www.gaveanews.com\/wp-content\/uploads\/guilhermo-varela-selecao-uruguai-1024x560.webp 1024w, https:\/\/www.gaveanews.com\/wp-content\/uploads\/guilhermo-varela-selecao-uruguai-300x164.webp 300w, https:\/\/www.gaveanews.com\/wp-content\/uploads\/guilhermo-varela-selecao-uruguai-768x420.webp 768w, https:\/\/www.gaveanews.com\/wp-content\/uploads\/guilhermo-varela-selecao-uruguai-640x350.webp 640w, https:\/\/www.gaveanews.com\/wp-content\/uploads\/guilhermo-varela-selecao-uruguai-1280x700.webp 1280w, https:\/\/www.gaveanews.com\/wp-content\/uploads\/guilhermo-varela-selecao-uruguai-681x372.webp 681w, https:\/\/www.gaveanews.com\/wp-content\/uploads\/guilhermo-varela-selecao-uruguai-1362x744.webp 1362w, https:\/\/www.gaveanews.com\/wp-content\/uploads\/guilhermo-varela-selecao-uruguai-100x55.webp 100w, https:\/\/www.gaveanews.com\/wp-content\/uploads\/guilhermo-varela-selecao-uruguai.webp 1440w\" sizes=\"auto, (max-width: 1024px) 100vw, 1024px\" \/><figcaption class=\"wp-element-caption\">Guilhermo Varela em a\u00e7\u00e3o pela Sele\u00e7\u00e3o do Uruguai na Copa do Mundo (Foto: Reprodu\u00e7\u00e3o\/Twitter)<\/figcaption><\/figure>\n\n\n\n<p>Varela foi titular na partida contra a Bol\u00edvia, realizada no Municipal Stadium El Alto, localizado a 4.150 metros de altitude. A press\u00e3o f\u00edsica da altura foi evidente j\u00e1 nos primeiros minutos, com o jogador uruguaio e seus companheiros, como Gim\u00e9nez, demonstrando sinais claros de exaust\u00e3o.&nbsp;<\/p>\n\n\n\n<p>Torcedores da Sele\u00e7\u00e3o Uruguaia expressaram sua preocupa\u00e7\u00e3o, apontando que o cansa\u00e7o foi percept\u00edvel logo no in\u00edcio da partida.&nbsp;<\/p>\n\n\n\n<p>Apesar das dificuldades impostas pela altitude, Varela n\u00e3o sofreu nenhum problema f\u00edsico s\u00e9rio e foi substitu\u00eddo apenas ap\u00f3s 60 minutos de jogo. Apesar da dura realidade da altitude, o jogador conseguiu suportar a partida sem maiores complica\u00e7\u00f5es.&nbsp;<\/p>\n\n\n\n<p>Dessa forma, ele deve retornar ao Flamengo sem grandes les\u00f5es, pronto para ajudar o clube na sequ\u00eancia da temporada.<\/p>\n\n\n\n<h2 class=\"wp-block-heading\" id=\"h-outros-desfalques\">Outros desfalques<\/h2>\n\n\n\n<p>Al\u00e9m das dificuldades enfrentadas por Varela, a Data FIFA tamb\u00e9m trouxe uma preocupa\u00e7\u00e3o extra para o Flamengo com a les\u00e3o muscular de Arrascaeta.&nbsp;<\/p>\n\n\n\n<p>O meia uruguaio n\u00e3o deve estar dispon\u00edvel para a estreia do Flamengo no Campeonato Brasileiro de 2025 contra o Internacional, devido ao afastamento por conta da contus\u00e3o. Em uma temporada j\u00e1 exigente, a aus\u00eancia do jogador pode pesar na prepara\u00e7\u00e3o do time.<\/p>\n\n\n\n<h2 class=\"wp-block-heading\" id=\"h-o-impacto-no-flamengo-e-a-expectativa-para-a-sequencia\">O impacto no Flamengo e a expectativa para a sequ\u00eancia<\/h2>\n\n\n\n<p>A torcida do Flamengo segue atenta, acompanhando a recupera\u00e7\u00e3o dos jogadores e as condi\u00e7\u00f5es f\u00edsicas dos atletas que participaram da Data FIFA.&nbsp;<\/p>\n\n\n\n<p>Com o retorno de Varela e o desfalque de Arrascaeta, o Meng\u00e3o precisar\u00e1 lidar com esses contratempos e se preparar para os desafios que vir\u00e3o. Isso porque o time continua sua luta por t\u00edtulos e os jogadores, como Varela, seguem sendo pe\u00e7as-chave para a sequ\u00eancia da temporada.<\/p>\n","protected":false},"excerpt":{"rendered":"<p>A Data FIFA de mar\u00e7o trouxe algumas quest\u00f5es inesperadas para o Flamengo, especialmente com a participa\u00e7\u00e3o de Guillermo Varela pela Sele\u00e7\u00e3o Uruguaia.&nbsp; A performance do lateral-direito no jogo contra a Bol\u00edvia gerou grande aten\u00e7\u00e3o entre os torcedores do Meng\u00e3o, que ficaram de olho nos desdobramentos de sua atua\u00e7\u00e3o, al\u00e9m de outros fatores que impactaram os [&hellip;]<\/p>\n","protected":false},"author":25,"featured_media":86918,"comment_status":"open","ping_status":"closed","sticky":false,"template":"","format":"standard","meta":{"footnotes":""},"categories":[1],"tags":[],"class_list":["post-244883","post","type-post","status-publish","format-standard","has-post-thumbnail","hentry","category-flamengo"],"yoast_head":"<!-- This site is optimized with the Yoast SEO Premium plugin v24.2 (Yoast SEO v26.9) - https:\/\/yoast.com\/product\/yoast-seo-premium-wordpress\/ -->\n<title>Situa\u00e7\u00e3o de Varela preocupa torcida do Flamengo<\/title>\n<meta name=\"robots\" content=\"index, follow, max-snippet:-1, max-image-preview:large, max-video-preview:-1\" \/>\n<link rel=\"canonical\" href=\"https:\/\/www.gaveanews.com\/index.php\/2025\/03\/26\/situacao-de-varela-preocupa-torcida-do-flamengo\/\" \/>\n<meta property=\"og:locale\" content=\"pt_BR\" \/>\n<meta property=\"og:type\" content=\"article\" \/>\n<meta property=\"og:title\" content=\"Situa\u00e7\u00e3o de Varela preocupa torcida do Flamengo\" \/>\n<meta property=\"og:description\" content=\"A Data FIFA de mar\u00e7o trouxe algumas quest\u00f5es inesperadas para o Flamengo, especialmente com a participa\u00e7\u00e3o de Guillermo Varela pela Sele\u00e7\u00e3o Uruguaia.&nbsp; A performance do lateral-direito no jogo contra a Bol\u00edvia gerou grande aten\u00e7\u00e3o entre os torcedores do Meng\u00e3o, que ficaram de olho nos desdobramentos de sua atua\u00e7\u00e3o, al\u00e9m de outros fatores que impactaram os [&hellip;]\" \/>\n<meta property=\"og:url\" content=\"https:\/\/www.gaveanews.com\/index.php\/2025\/03\/26\/situacao-de-varela-preocupa-torcida-do-flamengo\/\" \/>\n<meta property=\"og:site_name\" content=\"G\u00e1vea News\" \/>\n<meta property=\"article:publisher\" content=\"https:\/\/facebook.com\/gaveaNews\/\" \/>\n<meta property=\"article:published_time\" content=\"2025-03-26T15:10:00+00:00\" \/>\n<meta property=\"og:image\" content=\"https:\/\/www.gaveanews.com\/wp-content\/uploads\/Guilhermo-Varela-estreia-pelo-Flamengo-em-jogo-contra-o-Ceara.webp\" \/>\n\t<meta property=\"og:image:width\" content=\"799\" \/>\n\t<meta property=\"og:image:height\" content=\"533\" \/>\n\t<meta property=\"og:image:type\" content=\"image\/jpeg\" \/>\n<meta name=\"author\" content=\"Rafaela Ladeira\" \/>\n<meta name=\"twitter:card\" content=\"summary_large_image\" \/>\n<meta name=\"twitter:label1\" content=\"Escrito por\" \/>\n\t<meta name=\"twitter:data1\" content=\"Rafaela Ladeira\" \/>\n\t<meta name=\"twitter:label2\" content=\"Est. tempo de leitura\" \/>\n\t<meta name=\"twitter:data2\" content=\"3 minutos\" \/>\n<script type=\"application\/ld+json\" class=\"yoast-schema-graph\">{\"@context\":\"https:\/\/schema.org\",\"@graph\":[{\"@type\":\"NewsArticle\",\"@id\":\"https:\/\/www.gaveanews.com\/index.php\/2025\/03\/26\/situacao-de-varela-preocupa-torcida-do-flamengo\/#article\",\"isPartOf\":{\"@id\":\"https:\/\/www.gaveanews.com\/index.php\/2025\/03\/26\/situacao-de-varela-preocupa-torcida-do-flamengo\/\"},\"author\":{\"name\":\"Rafaela Ladeira\",\"@id\":\"https:\/\/www.gaveanews.com\/#\/schema\/person\/0eb3e3fe1754f0205218538adbe8f5ed\"},\"headline\":\"Situa\u00e7\u00e3o de Varela preocupa torcida do Flamengo\",\"datePublished\":\"2025-03-26T15:10:00+00:00\",\"mainEntityOfPage\":{\"@id\":\"https:\/\/www.gaveanews.com\/index.php\/2025\/03\/26\/situacao-de-varela-preocupa-torcida-do-flamengo\/\"},\"wordCount\":407,\"commentCount\":0,\"image\":{\"@id\":\"https:\/\/www.gaveanews.com\/index.php\/2025\/03\/26\/situacao-de-varela-preocupa-torcida-do-flamengo\/#primaryimage\"},\"thumbnailUrl\":\"https:\/\/www.gaveanews.com\/wp-content\/uploads\/Guilhermo-Varela-estreia-pelo-Flamengo-em-jogo-contra-o-Ceara.webp\",\"articleSection\":[\"Flamengo\"],\"inLanguage\":\"pt-BR\",\"potentialAction\":[{\"@type\":\"CommentAction\",\"name\":\"Comment\",\"target\":[\"https:\/\/www.gaveanews.com\/index.php\/2025\/03\/26\/situacao-de-varela-preocupa-torcida-do-flamengo\/#respond\"]}],\"copyrightYear\":\"2025\",\"copyrightHolder\":{\"@id\":\"https:\/\/www.gaveanews.com\/#organization\"}},{\"@type\":\"WebPage\",\"@id\":\"https:\/\/www.gaveanews.com\/index.php\/2025\/03\/26\/situacao-de-varela-preocupa-torcida-do-flamengo\/\",\"url\":\"https:\/\/www.gaveanews.com\/index.php\/2025\/03\/26\/situacao-de-varela-preocupa-torcida-do-flamengo\/\",\"name\":\"Situa\u00e7\u00e3o de Varela preocupa torcida do Flamengo\",\"isPartOf\":{\"@id\":\"https:\/\/www.gaveanews.com\/#website\"},\"primaryImageOfPage\":{\"@id\":\"https:\/\/www.gaveanews.com\/index.php\/2025\/03\/26\/situacao-de-varela-preocupa-torcida-do-flamengo\/#primaryimage\"},\"image\":{\"@id\":\"https:\/\/www.gaveanews.com\/index.php\/2025\/03\/26\/situacao-de-varela-preocupa-torcida-do-flamengo\/#primaryimage\"},\"thumbnailUrl\":\"https:\/\/www.gaveanews.com\/wp-content\/uploads\/Guilhermo-Varela-estreia-pelo-Flamengo-em-jogo-contra-o-Ceara.webp\",\"datePublished\":\"2025-03-26T15:10:00+00:00\",\"author\":{\"@id\":\"https:\/\/www.gaveanews.com\/#\/schema\/person\/0eb3e3fe1754f0205218538adbe8f5ed\"},\"breadcrumb\":{\"@id\":\"https:\/\/www.gaveanews.com\/index.php\/2025\/03\/26\/situacao-de-varela-preocupa-torcida-do-flamengo\/#breadcrumb\"},\"inLanguage\":\"pt-BR\",\"potentialAction\":[{\"@type\":\"ReadAction\",\"target\":[\"https:\/\/www.gaveanews.com\/index.php\/2025\/03\/26\/situacao-de-varela-preocupa-torcida-do-flamengo\/\"]}]},{\"@type\":\"ImageObject\",\"inLanguage\":\"pt-BR\",\"@id\":\"https:\/\/www.gaveanews.com\/index.php\/2025\/03\/26\/situacao-de-varela-preocupa-torcida-do-flamengo\/#primaryimage\",\"url\":\"https:\/\/www.gaveanews.com\/wp-content\/uploads\/Guilhermo-Varela-estreia-pelo-Flamengo-em-jogo-contra-o-Ceara.webp\",\"contentUrl\":\"https:\/\/www.gaveanews.com\/wp-content\/uploads\/Guilhermo-Varela-estreia-pelo-Flamengo-em-jogo-contra-o-Ceara.webp\",\"width\":799,\"height\":533,\"caption\":\"Guilhermo Varela estreia pelo Flamengo em jogo contra o Cear\u00e1 (Foto: Gilvan de Souza\/Flamengo)\"},{\"@type\":\"BreadcrumbList\",\"@id\":\"https:\/\/www.gaveanews.com\/index.php\/2025\/03\/26\/situacao-de-varela-preocupa-torcida-do-flamengo\/#breadcrumb\",\"itemListElement\":[{\"@type\":\"ListItem\",\"position\":1,\"name\":\"Home\",\"item\":\"https:\/\/www.gaveanews.com\/\"},{\"@type\":\"ListItem\",\"position\":2,\"name\":\"Situa\u00e7\u00e3o de Varela preocupa torcida do Flamengo\"}]},{\"@type\":\"WebSite\",\"@id\":\"https:\/\/www.gaveanews.com\/#website\",\"url\":\"https:\/\/www.gaveanews.com\/\",\"name\":\"G\u00e1vea News\",\"description\":\"Veja todas as not\u00edcias sobre o Flamengo: Contrata\u00e7\u00f5es, categorias de base, resultados das partidas, tabela de classifica\u00e7\u00e3o, pr\u00f3ximos jogos!\",\"potentialAction\":[{\"@type\":\"SearchAction\",\"target\":{\"@type\":\"EntryPoint\",\"urlTemplate\":\"https:\/\/www.gaveanews.com\/?s={search_term_string}\"},\"query-input\":{\"@type\":\"PropertyValueSpecification\",\"valueRequired\":true,\"valueName\":\"search_term_string\"}}],\"inLanguage\":\"pt-BR\"},{\"@type\":\"Person\",\"@id\":\"https:\/\/www.gaveanews.com\/#\/schema\/person\/0eb3e3fe1754f0205218538adbe8f5ed\",\"name\":\"Rafaela Ladeira\",\"image\":{\"@type\":\"ImageObject\",\"inLanguage\":\"pt-BR\",\"@id\":\"https:\/\/www.gaveanews.com\/#\/schema\/person\/image\/\",\"url\":\"https:\/\/secure.gravatar.com\/avatar\/c31f513acffd85eacab5730cbdfdbbf59f21ba5aeada8cd890acea879fbb2455?s=96&d=mm&r=g\",\"contentUrl\":\"https:\/\/secure.gravatar.com\/avatar\/c31f513acffd85eacab5730cbdfdbbf59f21ba5aeada8cd890acea879fbb2455?s=96&d=mm&r=g\",\"caption\":\"Rafaela Ladeira\"}}]}<\/script>\n<!-- \/ Yoast SEO Premium plugin. -->","yoast_head_json":{"title":"Situa\u00e7\u00e3o de Varela preocupa torcida do Flamengo","robots":{"index":"index","follow":"follow","max-snippet":"max-snippet:-1","max-image-preview":"max-image-preview:large","max-video-preview":"max-video-preview:-1"},"canonical":"https:\/\/www.gaveanews.com\/index.php\/2025\/03\/26\/situacao-de-varela-preocupa-torcida-do-flamengo\/","og_locale":"pt_BR","og_type":"article","og_title":"Situa\u00e7\u00e3o de Varela preocupa torcida do Flamengo","og_description":"A Data FIFA de mar\u00e7o trouxe algumas quest\u00f5es inesperadas para o Flamengo, especialmente com a participa\u00e7\u00e3o de Guillermo Varela pela Sele\u00e7\u00e3o Uruguaia.&nbsp; A performance do lateral-direito no jogo contra a Bol\u00edvia gerou grande aten\u00e7\u00e3o entre os torcedores do Meng\u00e3o, que ficaram de olho nos desdobramentos de sua atua\u00e7\u00e3o, al\u00e9m de outros fatores que impactaram os [&hellip;]","og_url":"https:\/\/www.gaveanews.com\/index.php\/2025\/03\/26\/situacao-de-varela-preocupa-torcida-do-flamengo\/","og_site_name":"G\u00e1vea News","article_publisher":"https:\/\/facebook.com\/gaveaNews\/","article_published_time":"2025-03-26T15:10:00+00:00","og_image":[{"width":799,"height":533,"url":"https:\/\/www.gaveanews.com\/wp-content\/uploads\/Guilhermo-Varela-estreia-pelo-Flamengo-em-jogo-contra-o-Ceara.webp","type":"image\/jpeg"}],"author":"Rafaela Ladeira","twitter_card":"summary_large_image","twitter_misc":{"Escrito por":"Rafaela Ladeira","Est. tempo de leitura":"3 minutos"},"schema":{"@context":"https:\/\/schema.org","@graph":[{"@type":"NewsArticle","@id":"https:\/\/www.gaveanews.com\/index.php\/2025\/03\/26\/situacao-de-varela-preocupa-torcida-do-flamengo\/#article","isPartOf":{"@id":"https:\/\/www.gaveanews.com\/index.php\/2025\/03\/26\/situacao-de-varela-preocupa-torcida-do-flamengo\/"},"author":{"name":"Rafaela Ladeira","@id":"https:\/\/www.gaveanews.com\/#\/schema\/person\/0eb3e3fe1754f0205218538adbe8f5ed"},"headline":"Situa\u00e7\u00e3o de Varela preocupa torcida do Flamengo","datePublished":"2025-03-26T15:10:00+00:00","mainEntityOfPage":{"@id":"https:\/\/www.gaveanews.com\/index.php\/2025\/03\/26\/situacao-de-varela-preocupa-torcida-do-flamengo\/"},"wordCount":407,"commentCount":0,"image":{"@id":"https:\/\/www.gaveanews.com\/index.php\/2025\/03\/26\/situacao-de-varela-preocupa-torcida-do-flamengo\/#primaryimage"},"thumbnailUrl":"https:\/\/www.gaveanews.com\/wp-content\/uploads\/Guilhermo-Varela-estreia-pelo-Flamengo-em-jogo-contra-o-Ceara.webp","articleSection":["Flamengo"],"inLanguage":"pt-BR","potentialAction":[{"@type":"CommentAction","name":"Comment","target":["https:\/\/www.gaveanews.com\/index.php\/2025\/03\/26\/situacao-de-varela-preocupa-torcida-do-flamengo\/#respond"]}],"copyrightYear":"2025","copyrightHolder":{"@id":"https:\/\/www.gaveanews.com\/#organization"}},{"@type":"WebPage","@id":"https:\/\/www.gaveanews.com\/index.php\/2025\/03\/26\/situacao-de-varela-preocupa-torcida-do-flamengo\/","url":"https:\/\/www.gaveanews.com\/index.php\/2025\/03\/26\/situacao-de-varela-preocupa-torcida-do-flamengo\/","name":"Situa\u00e7\u00e3o de Varela preocupa torcida do Flamengo","isPartOf":{"@id":"https:\/\/www.gaveanews.com\/#website"},"primaryImageOfPage":{"@id":"https:\/\/www.gaveanews.com\/index.php\/2025\/03\/26\/situacao-de-varela-preocupa-torcida-do-flamengo\/#primaryimage"},"image":{"@id":"https:\/\/www.gaveanews.com\/index.php\/2025\/03\/26\/situacao-de-varela-preocupa-torcida-do-flamengo\/#primaryimage"},"thumbnailUrl":"https:\/\/www.gaveanews.com\/wp-content\/uploads\/Guilhermo-Varela-estreia-pelo-Flamengo-em-jogo-contra-o-Ceara.webp","datePublished":"2025-03-26T15:10:00+00:00","author":{"@id":"https:\/\/www.gaveanews.com\/#\/schema\/person\/0eb3e3fe1754f0205218538adbe8f5ed"},"breadcrumb":{"@id":"https:\/\/www.gaveanews.com\/index.php\/2025\/03\/26\/situacao-de-varela-preocupa-torcida-do-flamengo\/#breadcrumb"},"inLanguage":"pt-BR","potentialAction":[{"@type":"ReadAction","target":["https:\/\/www.gaveanews.com\/index.php\/2025\/03\/26\/situacao-de-varela-preocupa-torcida-do-flamengo\/"]}]},{"@type":"ImageObject","inLanguage":"pt-BR","@id":"https:\/\/www.gaveanews.com\/index.php\/2025\/03\/26\/situacao-de-varela-preocupa-torcida-do-flamengo\/#primaryimage","url":"https:\/\/www.gaveanews.com\/wp-content\/uploads\/Guilhermo-Varela-estreia-pelo-Flamengo-em-jogo-contra-o-Ceara.webp","contentUrl":"https:\/\/www.gaveanews.com\/wp-content\/uploads\/Guilhermo-Varela-estreia-pelo-Flamengo-em-jogo-contra-o-Ceara.webp","width":799,"height":533,"caption":"Guilhermo Varela estreia pelo Flamengo em jogo contra o Cear\u00e1 (Foto: Gilvan de Souza\/Flamengo)"},{"@type":"BreadcrumbList","@id":"https:\/\/www.gaveanews.com\/index.php\/2025\/03\/26\/situacao-de-varela-preocupa-torcida-do-flamengo\/#breadcrumb","itemListElement":[{"@type":"ListItem","position":1,"name":"Home","item":"https:\/\/www.gaveanews.com\/"},{"@type":"ListItem","position":2,"name":"Situa\u00e7\u00e3o de Varela preocupa torcida do Flamengo"}]},{"@type":"WebSite","@id":"https:\/\/www.gaveanews.com\/#website","url":"https:\/\/www.gaveanews.com\/","name":"G\u00e1vea News","description":"Veja todas as not\u00edcias sobre o Flamengo: Contrata\u00e7\u00f5es, categorias de base, resultados das partidas, tabela de classifica\u00e7\u00e3o, pr\u00f3ximos jogos!","potentialAction":[{"@type":"SearchAction","target":{"@type":"EntryPoint","urlTemplate":"https:\/\/www.gaveanews.com\/?s={search_term_string}"},"query-input":{"@type":"PropertyValueSpecification","valueRequired":true,"valueName":"search_term_string"}}],"inLanguage":"pt-BR"},{"@type":"Person","@id":"https:\/\/www.gaveanews.com\/#\/schema\/person\/0eb3e3fe1754f0205218538adbe8f5ed","name":"Rafaela Ladeira","image":{"@type":"ImageObject","inLanguage":"pt-BR","@id":"https:\/\/www.gaveanews.com\/#\/schema\/person\/image\/","url":"https:\/\/secure.gravatar.com\/avatar\/c31f513acffd85eacab5730cbdfdbbf59f21ba5aeada8cd890acea879fbb2455?s=96&d=mm&r=g","contentUrl":"https:\/\/secure.gravatar.com\/avatar\/c31f513acffd85eacab5730cbdfdbbf59f21ba5aeada8cd890acea879fbb2455?s=96&d=mm&r=g","caption":"Rafaela Ladeira"}}]}},"_links":{"self":[{"href":"https:\/\/www.gaveanews.com\/index.php\/wp-json\/wp\/v2\/posts\/244883","targetHints":{"allow":["GET"]}}],"collection":[{"href":"https:\/\/www.gaveanews.com\/index.php\/wp-json\/wp\/v2\/posts"}],"about":[{"href":"https:\/\/www.gaveanews.com\/index.php\/wp-json\/wp\/v2\/types\/post"}],"author":[{"embeddable":true,"href":"https:\/\/www.gaveanews.com\/index.php\/wp-json\/wp\/v2\/users\/25"}],"replies":[{"embeddable":true,"href":"https:\/\/www.gaveanews.com\/index.php\/wp-json\/wp\/v2\/comments?post=244883"}],"version-history":[{"count":1,"href":"https:\/\/www.gaveanews.com\/index.php\/wp-json\/wp\/v2\/posts\/244883\/revisions"}],"predecessor-version":[{"id":244884,"href":"https:\/\/www.gaveanews.com\/index.php\/wp-json\/wp\/v2\/posts\/244883\/revisions\/244884"}],"wp:featuredmedia":[{"embeddable":true,"href":"https:\/\/www.gaveanews.com\/index.php\/wp-json\/wp\/v2\/media\/86918"}],"wp:attachment":[{"href":"https:\/\/www.gaveanews.com\/index.php\/wp-json\/wp\/v2\/media?parent=244883"}],"wp:term":[{"taxonomy":"category","embeddable":true,"href":"https:\/\/www.gaveanews.com\/index.php\/wp-json\/wp\/v2\/categories?post=244883"},{"taxonomy":"post_tag","embeddable":true,"href":"https:\/\/www.gaveanews.com\/index.php\/wp-json\/wp\/v2\/tags?post=244883"}],"curies":[{"name":"wp","href":"https:\/\/api.w.org\/{rel}","templated":true}]}}