{"id":244885,"date":"2025-03-26T12:15:00","date_gmt":"2025-03-26T15:15:00","guid":{"rendered":"https:\/\/www.gaveanews.com\/?p=244885"},"modified":"2025-03-26T11:55:15","modified_gmt":"2025-03-26T14:55:15","slug":"video-a-declaracao-de-joelinton-apos-a-derrota-no-classico-entre-brasil-x-argentina","status":"publish","type":"post","link":"https:\/\/www.gaveanews.com\/index.php\/2025\/03\/26\/video-a-declaracao-de-joelinton-apos-a-derrota-no-classico-entre-brasil-x-argentina\/","title":{"rendered":"V\u00eddeo: a declara\u00e7\u00e3o de Joelinton ap\u00f3s a derrota no cl\u00e1ssico entre Brasil x Argentina"},"content":{"rendered":"\n<p>Ap\u00f3s a pesada derrota de 4 a 1 para a Argentina nesta ter\u00e7a-feira (25), pelas Eliminat\u00f3rias da Copa do Mundo de 2026, o atacante Joelinton foi um dos poucos jogadores a se pronunciar sobre o vexame sofrido pela Sele\u00e7\u00e3o Brasileira em Buenos Aires.&nbsp;<\/p>\n\n\n\n<p>A partida, marcada por um desempenho desastroso, mostrou a fragilidade do time canarinho, que sofreu um gol atr\u00e1s do outro e n\u00e3o conseguiu reagir durante o confronto.&nbsp;<\/p>\n\n\n\n<p>Mesmo diante da humilha\u00e7\u00e3o, Joelinton pediu foco na recupera\u00e7\u00e3o e deixou claro que o time precisa se reerguer.<\/p>\n\n\n\n<h2 class=\"wp-block-heading\" id=\"h-a-declaracao-de-joelinton-sobre-a-derrota\">A declara\u00e7\u00e3o de Joelinton sobre a derrota<\/h2>\n\n\n\n<p>Em sua declara\u00e7\u00e3o ap\u00f3s o apito final, Joelinton n\u00e3o se esquivou da realidade. &#8220;Dif\u00edcil falar nessas horas. Derrota dir\u00e1, mas agora \u00e9 seguir e levantar a cabe\u00e7a&#8221;, disse o jogador.&nbsp;<\/p>\n\n\n\n<figure class=\"wp-block-embed is-type-video is-provider-tiktok wp-block-embed-tiktok\"><div class=\"wp-block-embed__wrapper\">\n<blockquote class=\"tiktok-embed\" cite=\"https:\/\/www.tiktok.com\/@tntsportsbr\/video\/7485958154048621829\" data-video-id=\"7485958154048621829\" data-embed-from=\"oembed\" style=\"max-width:605px; min-width:325px;\"> <section> <a target=\"_blank\" title=\"@tntsportsbr\" href=\"https:\/\/www.tiktok.com\/@tntsportsbr?refer=embed\">@tntsportsbr<\/a> <p>Joelinton fala ap\u00f3s a derrota da Sele\u00e7\u00e3o Brasileira para a Argentina, pelas Eliminat\u00f3rias! Sele\u00e7\u00e3oBrasileira Sele\u00e7\u00e3o Argentina Eliminatorias Joelinton<\/p> <a target=\"_blank\" title=\"\u266c original sound - TNT Sports Brasil - TNT Sports Brasil\" href=\"https:\/\/www.tiktok.com\/music\/original-sound-TNT-Sports-Brasil-7485958163766856503?refer=embed\">\u266c original sound &#8211; TNT Sports Brasil &#8211; TNT Sports Brasil<\/a> <\/section> <\/blockquote> <script async src=\"https:\/\/www.tiktok.com\/embed.js\"><\/script>\n<\/div><\/figure>\n\n\n\n<p>A frase reflete a necessidade urgente de rea\u00e7\u00e3o do time, que, apesar do resultado avassalador, n\u00e3o pode se entregar ao des\u00e2nimo. Esse discurso, portanto, aponta para um desejo de recupera\u00e7\u00e3o, j\u00e1 que a press\u00e3o para a pr\u00f3xima partida ser\u00e1 ainda maior.<\/p>\n\n\n\n<h2 class=\"wp-block-heading\" id=\"h-uma-goleada-historica-e-o-colapso-brasileiro\">Uma goleada hist\u00f3rica e o colapso brasileiro<\/h2>\n\n\n\n<p>Al\u00e9m disso, a derrota para os hermanos foi hist\u00f3rica. Com o placar de 4 a 1, o Brasil teve a pior performance de sua hist\u00f3ria nas Eliminat\u00f3rias, com o primeiro tempo sendo o mais catastr\u00f3fico de todos os tempos.&nbsp;<\/p>\n\n\n\n<p>A Sele\u00e7\u00e3o sofreu tr\u00eas gols antes mesmo do intervalo, com Juli\u00e1n \u00c1lvarez, Enzo Fern\u00e1ndez e Mac Allister marcando para os argentinos. Esse tipo de desempenho n\u00e3o acontecia desde a Copa de 1954, quando a Sele\u00e7\u00e3o Brasileira sofreu dois gols t\u00e3o r\u00e1pidos.&nbsp;<\/p>\n\n\n\n<p>&#8220;N\u00e3o conseguimos reagir&#8221;, reconheceu o t\u00e9cnico Dorival J\u00fanior, em uma coletiva cheia de frustra\u00e7\u00e3o.<\/p>\n\n\n\n<h2 class=\"wp-block-heading\" id=\"h-dorival-junior-e-a-pressao-por-uma-resposta\">Dorival J\u00fanior e a press\u00e3o por uma resposta<\/h2>\n\n\n\n<p>Sendo assim, Dorival J\u00fanior tamb\u00e9m assumiu a responsabilidade pelo p\u00e9ssimo resultado, falando sobre o peso da derrota e os desafios de manter o trabalho.&nbsp;<\/p>\n\n\n\n<p>&#8220;Press\u00e3o \u00e9 sempre grande, eu tenho consci\u00eancia de tudo o que representa&#8221;, disse o t\u00e9cnico, que se mostrou ciente das cr\u00edticas que vir\u00e3o ap\u00f3s o resultado.&nbsp;<\/p>\n\n\n\n<p>A sensa\u00e7\u00e3o de impot\u00eancia era palp\u00e1vel na coletiva, mas Dorival ainda afirmou confiar no trabalho a longo prazo.&nbsp;<\/p>\n\n\n\n<p>&#8220;Nunca desisto e sempre consegui caminhos importantes nos clubes que dirigi&#8221;, afirmou, deixando claro que, apesar da situa\u00e7\u00e3o dif\u00edcil, o foco ser\u00e1 em seguir adiante.<\/p>\n","protected":false},"excerpt":{"rendered":"<p>Ap\u00f3s a pesada derrota de 4 a 1 para a Argentina nesta ter\u00e7a-feira (25), pelas Eliminat\u00f3rias da Copa do Mundo de 2026, o atacante Joelinton foi um dos poucos jogadores a se pronunciar sobre o vexame sofrido pela Sele\u00e7\u00e3o Brasileira em Buenos Aires.&nbsp; A partida, marcada por um desempenho desastroso, mostrou a fragilidade do time [&hellip;]<\/p>\n","protected":false},"author":25,"featured_media":126556,"comment_status":"open","ping_status":"closed","sticky":false,"template":"","format":"standard","meta":{"footnotes":""},"categories":[478],"tags":[],"class_list":["post-244885","post","type-post","status-publish","format-standard","has-post-thumbnail","hentry","category-brasil"],"yoast_head":"<!-- This site is optimized with the Yoast SEO Premium plugin v24.2 (Yoast SEO v26.9) - https:\/\/yoast.com\/product\/yoast-seo-premium-wordpress\/ -->\n<title>V\u00eddeo: a declara\u00e7\u00e3o de Joelinton ap\u00f3s a derrota no cl\u00e1ssico entre Brasil x Argentina<\/title>\n<meta name=\"robots\" content=\"index, follow, max-snippet:-1, max-image-preview:large, max-video-preview:-1\" \/>\n<link rel=\"canonical\" href=\"https:\/\/www.gaveanews.com\/index.php\/2025\/03\/26\/video-a-declaracao-de-joelinton-apos-a-derrota-no-classico-entre-brasil-x-argentina\/\" \/>\n<meta property=\"og:locale\" content=\"pt_BR\" \/>\n<meta property=\"og:type\" content=\"article\" \/>\n<meta property=\"og:title\" content=\"V\u00eddeo: a declara\u00e7\u00e3o de Joelinton ap\u00f3s a derrota no cl\u00e1ssico entre Brasil x Argentina\" \/>\n<meta property=\"og:description\" content=\"Ap\u00f3s a pesada derrota de 4 a 1 para a Argentina nesta ter\u00e7a-feira (25), pelas Eliminat\u00f3rias da Copa do Mundo de 2026, o atacante Joelinton foi um dos poucos jogadores a se pronunciar sobre o vexame sofrido pela Sele\u00e7\u00e3o Brasileira em Buenos Aires.&nbsp; A partida, marcada por um desempenho desastroso, mostrou a fragilidade do time [&hellip;]\" \/>\n<meta property=\"og:url\" content=\"https:\/\/www.gaveanews.com\/index.php\/2025\/03\/26\/video-a-declaracao-de-joelinton-apos-a-derrota-no-classico-entre-brasil-x-argentina\/\" \/>\n<meta property=\"og:site_name\" content=\"G\u00e1vea News\" \/>\n<meta property=\"article:publisher\" content=\"https:\/\/facebook.com\/gaveaNews\/\" \/>\n<meta property=\"article:published_time\" content=\"2025-03-26T15:15:00+00:00\" \/>\n<meta property=\"og:image\" content=\"https:\/\/www.gaveanews.com\/wp-content\/uploads\/dorival-junior-selecao-e1704998153515.webp\" \/>\n\t<meta property=\"og:image:width\" content=\"732\" \/>\n\t<meta property=\"og:image:height\" content=\"412\" \/>\n\t<meta property=\"og:image:type\" content=\"image\/webp\" \/>\n<meta name=\"author\" content=\"Rafaela Ladeira\" \/>\n<meta name=\"twitter:card\" content=\"summary_large_image\" \/>\n<meta name=\"twitter:label1\" content=\"Escrito por\" \/>\n\t<meta name=\"twitter:data1\" content=\"Rafaela Ladeira\" \/>\n\t<meta name=\"twitter:label2\" content=\"Est. tempo de leitura\" \/>\n\t<meta name=\"twitter:data2\" content=\"3 minutos\" \/>\n<script type=\"application\/ld+json\" class=\"yoast-schema-graph\">{\"@context\":\"https:\/\/schema.org\",\"@graph\":[{\"@type\":\"NewsArticle\",\"@id\":\"https:\/\/www.gaveanews.com\/index.php\/2025\/03\/26\/video-a-declaracao-de-joelinton-apos-a-derrota-no-classico-entre-brasil-x-argentina\/#article\",\"isPartOf\":{\"@id\":\"https:\/\/www.gaveanews.com\/index.php\/2025\/03\/26\/video-a-declaracao-de-joelinton-apos-a-derrota-no-classico-entre-brasil-x-argentina\/\"},\"author\":{\"name\":\"Rafaela Ladeira\",\"@id\":\"https:\/\/www.gaveanews.com\/#\/schema\/person\/0eb3e3fe1754f0205218538adbe8f5ed\"},\"headline\":\"V\u00eddeo: a declara\u00e7\u00e3o de Joelinton ap\u00f3s a derrota no cl\u00e1ssico entre Brasil x Argentina\",\"datePublished\":\"2025-03-26T15:15:00+00:00\",\"mainEntityOfPage\":{\"@id\":\"https:\/\/www.gaveanews.com\/index.php\/2025\/03\/26\/video-a-declaracao-de-joelinton-apos-a-derrota-no-classico-entre-brasil-x-argentina\/\"},\"wordCount\":452,\"commentCount\":0,\"image\":{\"@id\":\"https:\/\/www.gaveanews.com\/index.php\/2025\/03\/26\/video-a-declaracao-de-joelinton-apos-a-derrota-no-classico-entre-brasil-x-argentina\/#primaryimage\"},\"thumbnailUrl\":\"https:\/\/www.gaveanews.com\/wp-content\/uploads\/dorival-junior-selecao-e1704998153515.webp\",\"articleSection\":[\"Brasil\"],\"inLanguage\":\"pt-BR\",\"potentialAction\":[{\"@type\":\"CommentAction\",\"name\":\"Comment\",\"target\":[\"https:\/\/www.gaveanews.com\/index.php\/2025\/03\/26\/video-a-declaracao-de-joelinton-apos-a-derrota-no-classico-entre-brasil-x-argentina\/#respond\"]}],\"copyrightYear\":\"2025\",\"copyrightHolder\":{\"@id\":\"https:\/\/www.gaveanews.com\/#organization\"}},{\"@type\":\"WebPage\",\"@id\":\"https:\/\/www.gaveanews.com\/index.php\/2025\/03\/26\/video-a-declaracao-de-joelinton-apos-a-derrota-no-classico-entre-brasil-x-argentina\/\",\"url\":\"https:\/\/www.gaveanews.com\/index.php\/2025\/03\/26\/video-a-declaracao-de-joelinton-apos-a-derrota-no-classico-entre-brasil-x-argentina\/\",\"name\":\"V\u00eddeo: a declara\u00e7\u00e3o de Joelinton ap\u00f3s a derrota no cl\u00e1ssico entre Brasil x Argentina\",\"isPartOf\":{\"@id\":\"https:\/\/www.gaveanews.com\/#website\"},\"primaryImageOfPage\":{\"@id\":\"https:\/\/www.gaveanews.com\/index.php\/2025\/03\/26\/video-a-declaracao-de-joelinton-apos-a-derrota-no-classico-entre-brasil-x-argentina\/#primaryimage\"},\"image\":{\"@id\":\"https:\/\/www.gaveanews.com\/index.php\/2025\/03\/26\/video-a-declaracao-de-joelinton-apos-a-derrota-no-classico-entre-brasil-x-argentina\/#primaryimage\"},\"thumbnailUrl\":\"https:\/\/www.gaveanews.com\/wp-content\/uploads\/dorival-junior-selecao-e1704998153515.webp\",\"datePublished\":\"2025-03-26T15:15:00+00:00\",\"author\":{\"@id\":\"https:\/\/www.gaveanews.com\/#\/schema\/person\/0eb3e3fe1754f0205218538adbe8f5ed\"},\"breadcrumb\":{\"@id\":\"https:\/\/www.gaveanews.com\/index.php\/2025\/03\/26\/video-a-declaracao-de-joelinton-apos-a-derrota-no-classico-entre-brasil-x-argentina\/#breadcrumb\"},\"inLanguage\":\"pt-BR\",\"potentialAction\":[{\"@type\":\"ReadAction\",\"target\":[\"https:\/\/www.gaveanews.com\/index.php\/2025\/03\/26\/video-a-declaracao-de-joelinton-apos-a-derrota-no-classico-entre-brasil-x-argentina\/\"]}]},{\"@type\":\"ImageObject\",\"inLanguage\":\"pt-BR\",\"@id\":\"https:\/\/www.gaveanews.com\/index.php\/2025\/03\/26\/video-a-declaracao-de-joelinton-apos-a-derrota-no-classico-entre-brasil-x-argentina\/#primaryimage\",\"url\":\"https:\/\/www.gaveanews.com\/wp-content\/uploads\/dorival-junior-selecao-e1704998153515.webp\",\"contentUrl\":\"https:\/\/www.gaveanews.com\/wp-content\/uploads\/dorival-junior-selecao-e1704998153515.webp\",\"width\":732,\"height\":412,\"caption\":\"Dorival J\u00fanior, t\u00e9cnico da Sele\u00e7\u00e3o Brasileira (Foto: Reprodu\u00e7\u00e3o)\"},{\"@type\":\"BreadcrumbList\",\"@id\":\"https:\/\/www.gaveanews.com\/index.php\/2025\/03\/26\/video-a-declaracao-de-joelinton-apos-a-derrota-no-classico-entre-brasil-x-argentina\/#breadcrumb\",\"itemListElement\":[{\"@type\":\"ListItem\",\"position\":1,\"name\":\"Home\",\"item\":\"https:\/\/www.gaveanews.com\/\"},{\"@type\":\"ListItem\",\"position\":2,\"name\":\"V\u00eddeo: a declara\u00e7\u00e3o de Joelinton ap\u00f3s a derrota no cl\u00e1ssico entre Brasil x Argentina\"}]},{\"@type\":\"WebSite\",\"@id\":\"https:\/\/www.gaveanews.com\/#website\",\"url\":\"https:\/\/www.gaveanews.com\/\",\"name\":\"G\u00e1vea News\",\"description\":\"Veja todas as not\u00edcias sobre o Flamengo: Contrata\u00e7\u00f5es, categorias de base, resultados das partidas, tabela de classifica\u00e7\u00e3o, pr\u00f3ximos jogos!\",\"potentialAction\":[{\"@type\":\"SearchAction\",\"target\":{\"@type\":\"EntryPoint\",\"urlTemplate\":\"https:\/\/www.gaveanews.com\/?s={search_term_string}\"},\"query-input\":{\"@type\":\"PropertyValueSpecification\",\"valueRequired\":true,\"valueName\":\"search_term_string\"}}],\"inLanguage\":\"pt-BR\"},{\"@type\":\"Person\",\"@id\":\"https:\/\/www.gaveanews.com\/#\/schema\/person\/0eb3e3fe1754f0205218538adbe8f5ed\",\"name\":\"Rafaela Ladeira\",\"image\":{\"@type\":\"ImageObject\",\"inLanguage\":\"pt-BR\",\"@id\":\"https:\/\/www.gaveanews.com\/#\/schema\/person\/image\/\",\"url\":\"https:\/\/secure.gravatar.com\/avatar\/c31f513acffd85eacab5730cbdfdbbf59f21ba5aeada8cd890acea879fbb2455?s=96&d=mm&r=g\",\"contentUrl\":\"https:\/\/secure.gravatar.com\/avatar\/c31f513acffd85eacab5730cbdfdbbf59f21ba5aeada8cd890acea879fbb2455?s=96&d=mm&r=g\",\"caption\":\"Rafaela Ladeira\"}}]}<\/script>\n<!-- \/ Yoast SEO Premium plugin. -->","yoast_head_json":{"title":"V\u00eddeo: a declara\u00e7\u00e3o de Joelinton ap\u00f3s a derrota no cl\u00e1ssico entre Brasil x Argentina","robots":{"index":"index","follow":"follow","max-snippet":"max-snippet:-1","max-image-preview":"max-image-preview:large","max-video-preview":"max-video-preview:-1"},"canonical":"https:\/\/www.gaveanews.com\/index.php\/2025\/03\/26\/video-a-declaracao-de-joelinton-apos-a-derrota-no-classico-entre-brasil-x-argentina\/","og_locale":"pt_BR","og_type":"article","og_title":"V\u00eddeo: a declara\u00e7\u00e3o de Joelinton ap\u00f3s a derrota no cl\u00e1ssico entre Brasil x Argentina","og_description":"Ap\u00f3s a pesada derrota de 4 a 1 para a Argentina nesta ter\u00e7a-feira (25), pelas Eliminat\u00f3rias da Copa do Mundo de 2026, o atacante Joelinton foi um dos poucos jogadores a se pronunciar sobre o vexame sofrido pela Sele\u00e7\u00e3o Brasileira em Buenos Aires.&nbsp; A partida, marcada por um desempenho desastroso, mostrou a fragilidade do time [&hellip;]","og_url":"https:\/\/www.gaveanews.com\/index.php\/2025\/03\/26\/video-a-declaracao-de-joelinton-apos-a-derrota-no-classico-entre-brasil-x-argentina\/","og_site_name":"G\u00e1vea News","article_publisher":"https:\/\/facebook.com\/gaveaNews\/","article_published_time":"2025-03-26T15:15:00+00:00","og_image":[{"width":732,"height":412,"url":"https:\/\/www.gaveanews.com\/wp-content\/uploads\/dorival-junior-selecao-e1704998153515.webp","type":"image\/webp"}],"author":"Rafaela Ladeira","twitter_card":"summary_large_image","twitter_misc":{"Escrito por":"Rafaela Ladeira","Est. tempo de leitura":"3 minutos"},"schema":{"@context":"https:\/\/schema.org","@graph":[{"@type":"NewsArticle","@id":"https:\/\/www.gaveanews.com\/index.php\/2025\/03\/26\/video-a-declaracao-de-joelinton-apos-a-derrota-no-classico-entre-brasil-x-argentina\/#article","isPartOf":{"@id":"https:\/\/www.gaveanews.com\/index.php\/2025\/03\/26\/video-a-declaracao-de-joelinton-apos-a-derrota-no-classico-entre-brasil-x-argentina\/"},"author":{"name":"Rafaela Ladeira","@id":"https:\/\/www.gaveanews.com\/#\/schema\/person\/0eb3e3fe1754f0205218538adbe8f5ed"},"headline":"V\u00eddeo: a declara\u00e7\u00e3o de Joelinton ap\u00f3s a derrota no cl\u00e1ssico entre Brasil x Argentina","datePublished":"2025-03-26T15:15:00+00:00","mainEntityOfPage":{"@id":"https:\/\/www.gaveanews.com\/index.php\/2025\/03\/26\/video-a-declaracao-de-joelinton-apos-a-derrota-no-classico-entre-brasil-x-argentina\/"},"wordCount":452,"commentCount":0,"image":{"@id":"https:\/\/www.gaveanews.com\/index.php\/2025\/03\/26\/video-a-declaracao-de-joelinton-apos-a-derrota-no-classico-entre-brasil-x-argentina\/#primaryimage"},"thumbnailUrl":"https:\/\/www.gaveanews.com\/wp-content\/uploads\/dorival-junior-selecao-e1704998153515.webp","articleSection":["Brasil"],"inLanguage":"pt-BR","potentialAction":[{"@type":"CommentAction","name":"Comment","target":["https:\/\/www.gaveanews.com\/index.php\/2025\/03\/26\/video-a-declaracao-de-joelinton-apos-a-derrota-no-classico-entre-brasil-x-argentina\/#respond"]}],"copyrightYear":"2025","copyrightHolder":{"@id":"https:\/\/www.gaveanews.com\/#organization"}},{"@type":"WebPage","@id":"https:\/\/www.gaveanews.com\/index.php\/2025\/03\/26\/video-a-declaracao-de-joelinton-apos-a-derrota-no-classico-entre-brasil-x-argentina\/","url":"https:\/\/www.gaveanews.com\/index.php\/2025\/03\/26\/video-a-declaracao-de-joelinton-apos-a-derrota-no-classico-entre-brasil-x-argentina\/","name":"V\u00eddeo: a declara\u00e7\u00e3o de Joelinton ap\u00f3s a derrota no cl\u00e1ssico entre Brasil x Argentina","isPartOf":{"@id":"https:\/\/www.gaveanews.com\/#website"},"primaryImageOfPage":{"@id":"https:\/\/www.gaveanews.com\/index.php\/2025\/03\/26\/video-a-declaracao-de-joelinton-apos-a-derrota-no-classico-entre-brasil-x-argentina\/#primaryimage"},"image":{"@id":"https:\/\/www.gaveanews.com\/index.php\/2025\/03\/26\/video-a-declaracao-de-joelinton-apos-a-derrota-no-classico-entre-brasil-x-argentina\/#primaryimage"},"thumbnailUrl":"https:\/\/www.gaveanews.com\/wp-content\/uploads\/dorival-junior-selecao-e1704998153515.webp","datePublished":"2025-03-26T15:15:00+00:00","author":{"@id":"https:\/\/www.gaveanews.com\/#\/schema\/person\/0eb3e3fe1754f0205218538adbe8f5ed"},"breadcrumb":{"@id":"https:\/\/www.gaveanews.com\/index.php\/2025\/03\/26\/video-a-declaracao-de-joelinton-apos-a-derrota-no-classico-entre-brasil-x-argentina\/#breadcrumb"},"inLanguage":"pt-BR","potentialAction":[{"@type":"ReadAction","target":["https:\/\/www.gaveanews.com\/index.php\/2025\/03\/26\/video-a-declaracao-de-joelinton-apos-a-derrota-no-classico-entre-brasil-x-argentina\/"]}]},{"@type":"ImageObject","inLanguage":"pt-BR","@id":"https:\/\/www.gaveanews.com\/index.php\/2025\/03\/26\/video-a-declaracao-de-joelinton-apos-a-derrota-no-classico-entre-brasil-x-argentina\/#primaryimage","url":"https:\/\/www.gaveanews.com\/wp-content\/uploads\/dorival-junior-selecao-e1704998153515.webp","contentUrl":"https:\/\/www.gaveanews.com\/wp-content\/uploads\/dorival-junior-selecao-e1704998153515.webp","width":732,"height":412,"caption":"Dorival J\u00fanior, t\u00e9cnico da Sele\u00e7\u00e3o Brasileira (Foto: Reprodu\u00e7\u00e3o)"},{"@type":"BreadcrumbList","@id":"https:\/\/www.gaveanews.com\/index.php\/2025\/03\/26\/video-a-declaracao-de-joelinton-apos-a-derrota-no-classico-entre-brasil-x-argentina\/#breadcrumb","itemListElement":[{"@type":"ListItem","position":1,"name":"Home","item":"https:\/\/www.gaveanews.com\/"},{"@type":"ListItem","position":2,"name":"V\u00eddeo: a declara\u00e7\u00e3o de Joelinton ap\u00f3s a derrota no cl\u00e1ssico entre Brasil x Argentina"}]},{"@type":"WebSite","@id":"https:\/\/www.gaveanews.com\/#website","url":"https:\/\/www.gaveanews.com\/","name":"G\u00e1vea News","description":"Veja todas as not\u00edcias sobre o Flamengo: Contrata\u00e7\u00f5es, categorias de base, resultados das partidas, tabela de classifica\u00e7\u00e3o, pr\u00f3ximos jogos!","potentialAction":[{"@type":"SearchAction","target":{"@type":"EntryPoint","urlTemplate":"https:\/\/www.gaveanews.com\/?s={search_term_string}"},"query-input":{"@type":"PropertyValueSpecification","valueRequired":true,"valueName":"search_term_string"}}],"inLanguage":"pt-BR"},{"@type":"Person","@id":"https:\/\/www.gaveanews.com\/#\/schema\/person\/0eb3e3fe1754f0205218538adbe8f5ed","name":"Rafaela Ladeira","image":{"@type":"ImageObject","inLanguage":"pt-BR","@id":"https:\/\/www.gaveanews.com\/#\/schema\/person\/image\/","url":"https:\/\/secure.gravatar.com\/avatar\/c31f513acffd85eacab5730cbdfdbbf59f21ba5aeada8cd890acea879fbb2455?s=96&d=mm&r=g","contentUrl":"https:\/\/secure.gravatar.com\/avatar\/c31f513acffd85eacab5730cbdfdbbf59f21ba5aeada8cd890acea879fbb2455?s=96&d=mm&r=g","caption":"Rafaela Ladeira"}}]}},"_links":{"self":[{"href":"https:\/\/www.gaveanews.com\/index.php\/wp-json\/wp\/v2\/posts\/244885","targetHints":{"allow":["GET"]}}],"collection":[{"href":"https:\/\/www.gaveanews.com\/index.php\/wp-json\/wp\/v2\/posts"}],"about":[{"href":"https:\/\/www.gaveanews.com\/index.php\/wp-json\/wp\/v2\/types\/post"}],"author":[{"embeddable":true,"href":"https:\/\/www.gaveanews.com\/index.php\/wp-json\/wp\/v2\/users\/25"}],"replies":[{"embeddable":true,"href":"https:\/\/www.gaveanews.com\/index.php\/wp-json\/wp\/v2\/comments?post=244885"}],"version-history":[{"count":1,"href":"https:\/\/www.gaveanews.com\/index.php\/wp-json\/wp\/v2\/posts\/244885\/revisions"}],"predecessor-version":[{"id":244886,"href":"https:\/\/www.gaveanews.com\/index.php\/wp-json\/wp\/v2\/posts\/244885\/revisions\/244886"}],"wp:featuredmedia":[{"embeddable":true,"href":"https:\/\/www.gaveanews.com\/index.php\/wp-json\/wp\/v2\/media\/126556"}],"wp:attachment":[{"href":"https:\/\/www.gaveanews.com\/index.php\/wp-json\/wp\/v2\/media?parent=244885"}],"wp:term":[{"taxonomy":"category","embeddable":true,"href":"https:\/\/www.gaveanews.com\/index.php\/wp-json\/wp\/v2\/categories?post=244885"},{"taxonomy":"post_tag","embeddable":true,"href":"https:\/\/www.gaveanews.com\/index.php\/wp-json\/wp\/v2\/tags?post=244885"}],"curies":[{"name":"wp","href":"https:\/\/api.w.org\/{rel}","templated":true}]}}