{"id":244887,"date":"2025-03-26T12:20:00","date_gmt":"2025-03-26T15:20:00","guid":{"rendered":"https:\/\/www.gaveanews.com\/?p=244887"},"modified":"2025-03-26T12:01:34","modified_gmt":"2025-03-26T15:01:34","slug":"a-declaracao-de-tche-tche-direcionada-a-philippe-coutinho-do-vasco","status":"publish","type":"post","link":"https:\/\/www.gaveanews.com\/index.php\/2025\/03\/26\/a-declaracao-de-tche-tche-direcionada-a-philippe-coutinho-do-vasco\/","title":{"rendered":"A declara\u00e7\u00e3o de Tch\u00ea Tch\u00ea direcionada a Philippe Coutinho, do Vasco"},"content":{"rendered":"\n<p>Em uma entrevista recente \u00e0 TNT Sports, Tch\u00ea Tch\u00ea, volante do Vasco, fez quest\u00e3o de expressar a grande admira\u00e7\u00e3o que tem por Philippe Coutinho. Mesmo com a mesma idade, Tch\u00ea Tch\u00ea acompanha a carreira de Coutinho desde os tempos de base e revelou com carinho o quanto sempre o viu como uma refer\u00eancia no futebol.&nbsp;<\/p>\n\n\n\n<p>&#8220;Brinco bastante com ele. Ele \u00e9 mais quieto, mas j\u00e1 peguei intimidade. Chamo de Pequeno Pr\u00edncipe, e alguns aqui tamb\u00e9m j\u00e1 come\u00e7aram a chamar. Tenho uma grande admira\u00e7\u00e3o&#8221;, comentou o volante, mostrando o respeito que nutre pelo colega.<\/p>\n\n\n\n<h2 class=\"wp-block-heading\" id=\"h-respeito-desde-a-base\">Respeito desde a base<\/h2>\n\n\n\n<figure class=\"wp-block-image size-large\"><img loading=\"lazy\" decoding=\"async\" width=\"1024\" height=\"768\" src=\"http:\/\/www.gaveanews.com\/wp-content\/uploads\/Philippe-Coutinho-em-acao-pelo-Vasco-1024x768.webp\" alt=\"\" class=\"wp-image-151729\" srcset=\"https:\/\/www.gaveanews.com\/wp-content\/uploads\/Philippe-Coutinho-em-acao-pelo-Vasco-1024x768.webp 1024w, https:\/\/www.gaveanews.com\/wp-content\/uploads\/Philippe-Coutinho-em-acao-pelo-Vasco-300x225.webp 300w, https:\/\/www.gaveanews.com\/wp-content\/uploads\/Philippe-Coutinho-em-acao-pelo-Vasco-768x576.webp 768w, https:\/\/www.gaveanews.com\/wp-content\/uploads\/Philippe-Coutinho-em-acao-pelo-Vasco-560x420.webp 560w, https:\/\/www.gaveanews.com\/wp-content\/uploads\/Philippe-Coutinho-em-acao-pelo-Vasco-80x60.webp 80w, https:\/\/www.gaveanews.com\/wp-content\/uploads\/Philippe-Coutinho-em-acao-pelo-Vasco-160x120.webp 160w, https:\/\/www.gaveanews.com\/wp-content\/uploads\/Philippe-Coutinho-em-acao-pelo-Vasco-100x75.webp 100w, https:\/\/www.gaveanews.com\/wp-content\/uploads\/Philippe-Coutinho-em-acao-pelo-Vasco-200x150.webp 200w, https:\/\/www.gaveanews.com\/wp-content\/uploads\/Philippe-Coutinho-em-acao-pelo-Vasco-180x135.webp 180w, https:\/\/www.gaveanews.com\/wp-content\/uploads\/Philippe-Coutinho-em-acao-pelo-Vasco-360x270.webp 360w, https:\/\/www.gaveanews.com\/wp-content\/uploads\/Philippe-Coutinho-em-acao-pelo-Vasco-238x178.webp 238w, https:\/\/www.gaveanews.com\/wp-content\/uploads\/Philippe-Coutinho-em-acao-pelo-Vasco-476x356.webp 476w, https:\/\/www.gaveanews.com\/wp-content\/uploads\/Philippe-Coutinho-em-acao-pelo-Vasco-640x480.webp 640w, https:\/\/www.gaveanews.com\/wp-content\/uploads\/Philippe-Coutinho-em-acao-pelo-Vasco-681x511.webp 681w, https:\/\/www.gaveanews.com\/wp-content\/uploads\/Philippe-Coutinho-em-acao-pelo-Vasco.webp 1080w\" sizes=\"auto, (max-width: 1024px) 100vw, 1024px\" \/><figcaption class=\"wp-element-caption\">Philippe Coutinho em a\u00e7\u00e3o pelo Vasco (Foto: Reprodu\u00e7\u00e3o\/Vasco)<\/figcaption><\/figure>\n\n\n\n<p>Al\u00e9m disso, Tch\u00ea Tch\u00ea fez quest\u00e3o de destacar como conhecia o talento de Coutinho desde a inf\u00e2ncia.&nbsp;<\/p>\n\n\n\n<p>&#8220;Desde crian\u00e7a, na base, a gente sempre sabe quem s\u00e3o os mais falados, e ele era um deles, assim como Neymar. Converso muito com ele&#8221;, revelou.&nbsp;<\/p>\n\n\n\n<p>A amizade entre os dois vem de longa data, o que faz a rela\u00e7\u00e3o ainda mais especial dentro do ambiente profissional atual.<\/p>\n\n\n\n<p>Mesmo Coutinho sendo mais reservado, Tch\u00ea Tch\u00ea sempre teve uma proximidade com o craque do Vasco.<\/p>\n\n\n\n<p>\u201cEle sempre diz que eu fico zoando porque falo que o acompanhava desde crian\u00e7a. Mas \u00e9 verdade. Quando ia jogar um campeonato, j\u00e1 sabia que ele estaria l\u00e1. Ele era um dos mais falados&#8221;, disse o volante.<\/p>\n\n\n\n<h2 class=\"wp-block-heading\" id=\"h-ambos-em-fase-de-recuperacao\">Ambos em fase de recupera\u00e7\u00e3o<\/h2>\n\n\n\n<p>Vale destacar que ambos os jogadores est\u00e3o passando por um momento de recupera\u00e7\u00e3o de les\u00f5es. Philippe Coutinho trata um edema no m\u00fasculo adutor da coxa direita, enquanto Tch\u00ea Tch\u00ea se recupera de uma les\u00e3o no ligamento colateral medial do joelho direito.&nbsp;<\/p>\n\n\n\n<p>A boa not\u00edcia \u00e9 que ambos devem estar \u00e0 disposi\u00e7\u00e3o para refor\u00e7ar a equipe do Vasco no Campeonato Brasileiro, que come\u00e7a neste fim de semana.<\/p>\n\n\n\n<p>O time carioca j\u00e1 se prepara para o duelo contra o Santos, marcado para o pr\u00f3ximo domingo (30), \u00e0s 18h30, no est\u00e1dio de S\u00e3o Janu\u00e1rio. A expectativa \u00e9 grande, porque a presen\u00e7a desses dois jogadores pode ser fundamental para o desempenho da equipe no torneio.<\/p>\n","protected":false},"excerpt":{"rendered":"<p>Em uma entrevista recente \u00e0 TNT Sports, Tch\u00ea Tch\u00ea, volante do Vasco, fez quest\u00e3o de expressar a grande admira\u00e7\u00e3o que tem por Philippe Coutinho. Mesmo com a mesma idade, Tch\u00ea Tch\u00ea acompanha a carreira de Coutinho desde os tempos de base e revelou com carinho o quanto sempre o viu como uma refer\u00eancia no futebol.&nbsp; [&hellip;]<\/p>\n","protected":false},"author":25,"featured_media":153282,"comment_status":"open","ping_status":"closed","sticky":false,"template":"","format":"standard","meta":{"footnotes":""},"categories":[152],"tags":[],"class_list":["post-244887","post","type-post","status-publish","format-standard","has-post-thumbnail","hentry","category-vasco"],"yoast_head":"<!-- This site is optimized with the Yoast SEO Premium plugin v24.2 (Yoast SEO v26.9) - https:\/\/yoast.com\/product\/yoast-seo-premium-wordpress\/ -->\n<title>A declara\u00e7\u00e3o de Tch\u00ea Tch\u00ea direcionada a Philippe Coutinho, do Vasco<\/title>\n<meta name=\"robots\" content=\"index, follow, max-snippet:-1, max-image-preview:large, max-video-preview:-1\" \/>\n<link rel=\"canonical\" href=\"https:\/\/www.gaveanews.com\/index.php\/2025\/03\/26\/a-declaracao-de-tche-tche-direcionada-a-philippe-coutinho-do-vasco\/\" \/>\n<meta property=\"og:locale\" content=\"pt_BR\" \/>\n<meta property=\"og:type\" content=\"article\" \/>\n<meta property=\"og:title\" content=\"A declara\u00e7\u00e3o de Tch\u00ea Tch\u00ea direcionada a Philippe Coutinho, do Vasco\" \/>\n<meta property=\"og:description\" content=\"Em uma entrevista recente \u00e0 TNT Sports, Tch\u00ea Tch\u00ea, volante do Vasco, fez quest\u00e3o de expressar a grande admira\u00e7\u00e3o que tem por Philippe Coutinho. Mesmo com a mesma idade, Tch\u00ea Tch\u00ea acompanha a carreira de Coutinho desde os tempos de base e revelou com carinho o quanto sempre o viu como uma refer\u00eancia no futebol.&nbsp; [&hellip;]\" \/>\n<meta property=\"og:url\" content=\"https:\/\/www.gaveanews.com\/index.php\/2025\/03\/26\/a-declaracao-de-tche-tche-direcionada-a-philippe-coutinho-do-vasco\/\" \/>\n<meta property=\"og:site_name\" content=\"G\u00e1vea News\" \/>\n<meta property=\"article:publisher\" content=\"https:\/\/facebook.com\/gaveaNews\/\" \/>\n<meta property=\"article:published_time\" content=\"2025-03-26T15:20:00+00:00\" \/>\n<meta property=\"og:image\" content=\"https:\/\/www.gaveanews.com\/wp-content\/uploads\/Philippe-Coutinho-durante-apresentacao-ao-Vasco-da-Gama-em-Sao-Januario.webp\" \/>\n\t<meta property=\"og:image:width\" content=\"799\" \/>\n\t<meta property=\"og:image:height\" content=\"533\" \/>\n\t<meta property=\"og:image:type\" content=\"image\/jpeg\" \/>\n<meta name=\"author\" content=\"Rafaela Ladeira\" \/>\n<meta name=\"twitter:card\" content=\"summary_large_image\" \/>\n<meta name=\"twitter:label1\" content=\"Escrito por\" \/>\n\t<meta name=\"twitter:data1\" content=\"Rafaela Ladeira\" \/>\n\t<meta name=\"twitter:label2\" content=\"Est. tempo de leitura\" \/>\n\t<meta name=\"twitter:data2\" content=\"3 minutos\" \/>\n<script type=\"application\/ld+json\" class=\"yoast-schema-graph\">{\"@context\":\"https:\/\/schema.org\",\"@graph\":[{\"@type\":\"NewsArticle\",\"@id\":\"https:\/\/www.gaveanews.com\/index.php\/2025\/03\/26\/a-declaracao-de-tche-tche-direcionada-a-philippe-coutinho-do-vasco\/#article\",\"isPartOf\":{\"@id\":\"https:\/\/www.gaveanews.com\/index.php\/2025\/03\/26\/a-declaracao-de-tche-tche-direcionada-a-philippe-coutinho-do-vasco\/\"},\"author\":{\"name\":\"Rafaela Ladeira\",\"@id\":\"https:\/\/www.gaveanews.com\/#\/schema\/person\/0eb3e3fe1754f0205218538adbe8f5ed\"},\"headline\":\"A declara\u00e7\u00e3o de Tch\u00ea Tch\u00ea direcionada a Philippe Coutinho, do Vasco\",\"datePublished\":\"2025-03-26T15:20:00+00:00\",\"mainEntityOfPage\":{\"@id\":\"https:\/\/www.gaveanews.com\/index.php\/2025\/03\/26\/a-declaracao-de-tche-tche-direcionada-a-philippe-coutinho-do-vasco\/\"},\"wordCount\":380,\"commentCount\":0,\"image\":{\"@id\":\"https:\/\/www.gaveanews.com\/index.php\/2025\/03\/26\/a-declaracao-de-tche-tche-direcionada-a-philippe-coutinho-do-vasco\/#primaryimage\"},\"thumbnailUrl\":\"https:\/\/www.gaveanews.com\/wp-content\/uploads\/Philippe-Coutinho-durante-apresentacao-ao-Vasco-da-Gama-em-Sao-Januario.webp\",\"articleSection\":[\"Vasco\"],\"inLanguage\":\"pt-BR\",\"potentialAction\":[{\"@type\":\"CommentAction\",\"name\":\"Comment\",\"target\":[\"https:\/\/www.gaveanews.com\/index.php\/2025\/03\/26\/a-declaracao-de-tche-tche-direcionada-a-philippe-coutinho-do-vasco\/#respond\"]}],\"copyrightYear\":\"2025\",\"copyrightHolder\":{\"@id\":\"https:\/\/www.gaveanews.com\/#organization\"}},{\"@type\":\"WebPage\",\"@id\":\"https:\/\/www.gaveanews.com\/index.php\/2025\/03\/26\/a-declaracao-de-tche-tche-direcionada-a-philippe-coutinho-do-vasco\/\",\"url\":\"https:\/\/www.gaveanews.com\/index.php\/2025\/03\/26\/a-declaracao-de-tche-tche-direcionada-a-philippe-coutinho-do-vasco\/\",\"name\":\"A declara\u00e7\u00e3o de Tch\u00ea Tch\u00ea direcionada a Philippe Coutinho, do Vasco\",\"isPartOf\":{\"@id\":\"https:\/\/www.gaveanews.com\/#website\"},\"primaryImageOfPage\":{\"@id\":\"https:\/\/www.gaveanews.com\/index.php\/2025\/03\/26\/a-declaracao-de-tche-tche-direcionada-a-philippe-coutinho-do-vasco\/#primaryimage\"},\"image\":{\"@id\":\"https:\/\/www.gaveanews.com\/index.php\/2025\/03\/26\/a-declaracao-de-tche-tche-direcionada-a-philippe-coutinho-do-vasco\/#primaryimage\"},\"thumbnailUrl\":\"https:\/\/www.gaveanews.com\/wp-content\/uploads\/Philippe-Coutinho-durante-apresentacao-ao-Vasco-da-Gama-em-Sao-Januario.webp\",\"datePublished\":\"2025-03-26T15:20:00+00:00\",\"author\":{\"@id\":\"https:\/\/www.gaveanews.com\/#\/schema\/person\/0eb3e3fe1754f0205218538adbe8f5ed\"},\"breadcrumb\":{\"@id\":\"https:\/\/www.gaveanews.com\/index.php\/2025\/03\/26\/a-declaracao-de-tche-tche-direcionada-a-philippe-coutinho-do-vasco\/#breadcrumb\"},\"inLanguage\":\"pt-BR\",\"potentialAction\":[{\"@type\":\"ReadAction\",\"target\":[\"https:\/\/www.gaveanews.com\/index.php\/2025\/03\/26\/a-declaracao-de-tche-tche-direcionada-a-philippe-coutinho-do-vasco\/\"]}]},{\"@type\":\"ImageObject\",\"inLanguage\":\"pt-BR\",\"@id\":\"https:\/\/www.gaveanews.com\/index.php\/2025\/03\/26\/a-declaracao-de-tche-tche-direcionada-a-philippe-coutinho-do-vasco\/#primaryimage\",\"url\":\"https:\/\/www.gaveanews.com\/wp-content\/uploads\/Philippe-Coutinho-durante-apresentacao-ao-Vasco-da-Gama-em-Sao-Januario.webp\",\"contentUrl\":\"https:\/\/www.gaveanews.com\/wp-content\/uploads\/Philippe-Coutinho-durante-apresentacao-ao-Vasco-da-Gama-em-Sao-Januario.webp\",\"width\":799,\"height\":533,\"caption\":\"Philippe Coutinho durante apresenta\u00e7\u00e3o ao Vasco da Gama em S\u00e3o Janu\u00e1rio (Foto: Reprodu\u00e7\u00e3o\/Vasco)\"},{\"@type\":\"BreadcrumbList\",\"@id\":\"https:\/\/www.gaveanews.com\/index.php\/2025\/03\/26\/a-declaracao-de-tche-tche-direcionada-a-philippe-coutinho-do-vasco\/#breadcrumb\",\"itemListElement\":[{\"@type\":\"ListItem\",\"position\":1,\"name\":\"Home\",\"item\":\"https:\/\/www.gaveanews.com\/\"},{\"@type\":\"ListItem\",\"position\":2,\"name\":\"A declara\u00e7\u00e3o de Tch\u00ea Tch\u00ea direcionada a Philippe Coutinho, do Vasco\"}]},{\"@type\":\"WebSite\",\"@id\":\"https:\/\/www.gaveanews.com\/#website\",\"url\":\"https:\/\/www.gaveanews.com\/\",\"name\":\"G\u00e1vea News\",\"description\":\"Veja todas as not\u00edcias sobre o Flamengo: Contrata\u00e7\u00f5es, categorias de base, resultados das partidas, tabela de classifica\u00e7\u00e3o, pr\u00f3ximos jogos!\",\"potentialAction\":[{\"@type\":\"SearchAction\",\"target\":{\"@type\":\"EntryPoint\",\"urlTemplate\":\"https:\/\/www.gaveanews.com\/?s={search_term_string}\"},\"query-input\":{\"@type\":\"PropertyValueSpecification\",\"valueRequired\":true,\"valueName\":\"search_term_string\"}}],\"inLanguage\":\"pt-BR\"},{\"@type\":\"Person\",\"@id\":\"https:\/\/www.gaveanews.com\/#\/schema\/person\/0eb3e3fe1754f0205218538adbe8f5ed\",\"name\":\"Rafaela Ladeira\",\"image\":{\"@type\":\"ImageObject\",\"inLanguage\":\"pt-BR\",\"@id\":\"https:\/\/www.gaveanews.com\/#\/schema\/person\/image\/\",\"url\":\"https:\/\/secure.gravatar.com\/avatar\/c31f513acffd85eacab5730cbdfdbbf59f21ba5aeada8cd890acea879fbb2455?s=96&d=mm&r=g\",\"contentUrl\":\"https:\/\/secure.gravatar.com\/avatar\/c31f513acffd85eacab5730cbdfdbbf59f21ba5aeada8cd890acea879fbb2455?s=96&d=mm&r=g\",\"caption\":\"Rafaela Ladeira\"}}]}<\/script>\n<!-- \/ Yoast SEO Premium plugin. -->","yoast_head_json":{"title":"A declara\u00e7\u00e3o de Tch\u00ea Tch\u00ea direcionada a Philippe Coutinho, do Vasco","robots":{"index":"index","follow":"follow","max-snippet":"max-snippet:-1","max-image-preview":"max-image-preview:large","max-video-preview":"max-video-preview:-1"},"canonical":"https:\/\/www.gaveanews.com\/index.php\/2025\/03\/26\/a-declaracao-de-tche-tche-direcionada-a-philippe-coutinho-do-vasco\/","og_locale":"pt_BR","og_type":"article","og_title":"A declara\u00e7\u00e3o de Tch\u00ea Tch\u00ea direcionada a Philippe Coutinho, do Vasco","og_description":"Em uma entrevista recente \u00e0 TNT Sports, Tch\u00ea Tch\u00ea, volante do Vasco, fez quest\u00e3o de expressar a grande admira\u00e7\u00e3o que tem por Philippe Coutinho. Mesmo com a mesma idade, Tch\u00ea Tch\u00ea acompanha a carreira de Coutinho desde os tempos de base e revelou com carinho o quanto sempre o viu como uma refer\u00eancia no futebol.&nbsp; [&hellip;]","og_url":"https:\/\/www.gaveanews.com\/index.php\/2025\/03\/26\/a-declaracao-de-tche-tche-direcionada-a-philippe-coutinho-do-vasco\/","og_site_name":"G\u00e1vea News","article_publisher":"https:\/\/facebook.com\/gaveaNews\/","article_published_time":"2025-03-26T15:20:00+00:00","og_image":[{"width":799,"height":533,"url":"https:\/\/www.gaveanews.com\/wp-content\/uploads\/Philippe-Coutinho-durante-apresentacao-ao-Vasco-da-Gama-em-Sao-Januario.webp","type":"image\/jpeg"}],"author":"Rafaela Ladeira","twitter_card":"summary_large_image","twitter_misc":{"Escrito por":"Rafaela Ladeira","Est. tempo de leitura":"3 minutos"},"schema":{"@context":"https:\/\/schema.org","@graph":[{"@type":"NewsArticle","@id":"https:\/\/www.gaveanews.com\/index.php\/2025\/03\/26\/a-declaracao-de-tche-tche-direcionada-a-philippe-coutinho-do-vasco\/#article","isPartOf":{"@id":"https:\/\/www.gaveanews.com\/index.php\/2025\/03\/26\/a-declaracao-de-tche-tche-direcionada-a-philippe-coutinho-do-vasco\/"},"author":{"name":"Rafaela Ladeira","@id":"https:\/\/www.gaveanews.com\/#\/schema\/person\/0eb3e3fe1754f0205218538adbe8f5ed"},"headline":"A declara\u00e7\u00e3o de Tch\u00ea Tch\u00ea direcionada a Philippe Coutinho, do Vasco","datePublished":"2025-03-26T15:20:00+00:00","mainEntityOfPage":{"@id":"https:\/\/www.gaveanews.com\/index.php\/2025\/03\/26\/a-declaracao-de-tche-tche-direcionada-a-philippe-coutinho-do-vasco\/"},"wordCount":380,"commentCount":0,"image":{"@id":"https:\/\/www.gaveanews.com\/index.php\/2025\/03\/26\/a-declaracao-de-tche-tche-direcionada-a-philippe-coutinho-do-vasco\/#primaryimage"},"thumbnailUrl":"https:\/\/www.gaveanews.com\/wp-content\/uploads\/Philippe-Coutinho-durante-apresentacao-ao-Vasco-da-Gama-em-Sao-Januario.webp","articleSection":["Vasco"],"inLanguage":"pt-BR","potentialAction":[{"@type":"CommentAction","name":"Comment","target":["https:\/\/www.gaveanews.com\/index.php\/2025\/03\/26\/a-declaracao-de-tche-tche-direcionada-a-philippe-coutinho-do-vasco\/#respond"]}],"copyrightYear":"2025","copyrightHolder":{"@id":"https:\/\/www.gaveanews.com\/#organization"}},{"@type":"WebPage","@id":"https:\/\/www.gaveanews.com\/index.php\/2025\/03\/26\/a-declaracao-de-tche-tche-direcionada-a-philippe-coutinho-do-vasco\/","url":"https:\/\/www.gaveanews.com\/index.php\/2025\/03\/26\/a-declaracao-de-tche-tche-direcionada-a-philippe-coutinho-do-vasco\/","name":"A declara\u00e7\u00e3o de Tch\u00ea Tch\u00ea direcionada a Philippe Coutinho, do Vasco","isPartOf":{"@id":"https:\/\/www.gaveanews.com\/#website"},"primaryImageOfPage":{"@id":"https:\/\/www.gaveanews.com\/index.php\/2025\/03\/26\/a-declaracao-de-tche-tche-direcionada-a-philippe-coutinho-do-vasco\/#primaryimage"},"image":{"@id":"https:\/\/www.gaveanews.com\/index.php\/2025\/03\/26\/a-declaracao-de-tche-tche-direcionada-a-philippe-coutinho-do-vasco\/#primaryimage"},"thumbnailUrl":"https:\/\/www.gaveanews.com\/wp-content\/uploads\/Philippe-Coutinho-durante-apresentacao-ao-Vasco-da-Gama-em-Sao-Januario.webp","datePublished":"2025-03-26T15:20:00+00:00","author":{"@id":"https:\/\/www.gaveanews.com\/#\/schema\/person\/0eb3e3fe1754f0205218538adbe8f5ed"},"breadcrumb":{"@id":"https:\/\/www.gaveanews.com\/index.php\/2025\/03\/26\/a-declaracao-de-tche-tche-direcionada-a-philippe-coutinho-do-vasco\/#breadcrumb"},"inLanguage":"pt-BR","potentialAction":[{"@type":"ReadAction","target":["https:\/\/www.gaveanews.com\/index.php\/2025\/03\/26\/a-declaracao-de-tche-tche-direcionada-a-philippe-coutinho-do-vasco\/"]}]},{"@type":"ImageObject","inLanguage":"pt-BR","@id":"https:\/\/www.gaveanews.com\/index.php\/2025\/03\/26\/a-declaracao-de-tche-tche-direcionada-a-philippe-coutinho-do-vasco\/#primaryimage","url":"https:\/\/www.gaveanews.com\/wp-content\/uploads\/Philippe-Coutinho-durante-apresentacao-ao-Vasco-da-Gama-em-Sao-Januario.webp","contentUrl":"https:\/\/www.gaveanews.com\/wp-content\/uploads\/Philippe-Coutinho-durante-apresentacao-ao-Vasco-da-Gama-em-Sao-Januario.webp","width":799,"height":533,"caption":"Philippe Coutinho durante apresenta\u00e7\u00e3o ao Vasco da Gama em S\u00e3o Janu\u00e1rio (Foto: Reprodu\u00e7\u00e3o\/Vasco)"},{"@type":"BreadcrumbList","@id":"https:\/\/www.gaveanews.com\/index.php\/2025\/03\/26\/a-declaracao-de-tche-tche-direcionada-a-philippe-coutinho-do-vasco\/#breadcrumb","itemListElement":[{"@type":"ListItem","position":1,"name":"Home","item":"https:\/\/www.gaveanews.com\/"},{"@type":"ListItem","position":2,"name":"A declara\u00e7\u00e3o de Tch\u00ea Tch\u00ea direcionada a Philippe Coutinho, do Vasco"}]},{"@type":"WebSite","@id":"https:\/\/www.gaveanews.com\/#website","url":"https:\/\/www.gaveanews.com\/","name":"G\u00e1vea News","description":"Veja todas as not\u00edcias sobre o Flamengo: Contrata\u00e7\u00f5es, categorias de base, resultados das partidas, tabela de classifica\u00e7\u00e3o, pr\u00f3ximos jogos!","potentialAction":[{"@type":"SearchAction","target":{"@type":"EntryPoint","urlTemplate":"https:\/\/www.gaveanews.com\/?s={search_term_string}"},"query-input":{"@type":"PropertyValueSpecification","valueRequired":true,"valueName":"search_term_string"}}],"inLanguage":"pt-BR"},{"@type":"Person","@id":"https:\/\/www.gaveanews.com\/#\/schema\/person\/0eb3e3fe1754f0205218538adbe8f5ed","name":"Rafaela Ladeira","image":{"@type":"ImageObject","inLanguage":"pt-BR","@id":"https:\/\/www.gaveanews.com\/#\/schema\/person\/image\/","url":"https:\/\/secure.gravatar.com\/avatar\/c31f513acffd85eacab5730cbdfdbbf59f21ba5aeada8cd890acea879fbb2455?s=96&d=mm&r=g","contentUrl":"https:\/\/secure.gravatar.com\/avatar\/c31f513acffd85eacab5730cbdfdbbf59f21ba5aeada8cd890acea879fbb2455?s=96&d=mm&r=g","caption":"Rafaela Ladeira"}}]}},"_links":{"self":[{"href":"https:\/\/www.gaveanews.com\/index.php\/wp-json\/wp\/v2\/posts\/244887","targetHints":{"allow":["GET"]}}],"collection":[{"href":"https:\/\/www.gaveanews.com\/index.php\/wp-json\/wp\/v2\/posts"}],"about":[{"href":"https:\/\/www.gaveanews.com\/index.php\/wp-json\/wp\/v2\/types\/post"}],"author":[{"embeddable":true,"href":"https:\/\/www.gaveanews.com\/index.php\/wp-json\/wp\/v2\/users\/25"}],"replies":[{"embeddable":true,"href":"https:\/\/www.gaveanews.com\/index.php\/wp-json\/wp\/v2\/comments?post=244887"}],"version-history":[{"count":1,"href":"https:\/\/www.gaveanews.com\/index.php\/wp-json\/wp\/v2\/posts\/244887\/revisions"}],"predecessor-version":[{"id":244888,"href":"https:\/\/www.gaveanews.com\/index.php\/wp-json\/wp\/v2\/posts\/244887\/revisions\/244888"}],"wp:featuredmedia":[{"embeddable":true,"href":"https:\/\/www.gaveanews.com\/index.php\/wp-json\/wp\/v2\/media\/153282"}],"wp:attachment":[{"href":"https:\/\/www.gaveanews.com\/index.php\/wp-json\/wp\/v2\/media?parent=244887"}],"wp:term":[{"taxonomy":"category","embeddable":true,"href":"https:\/\/www.gaveanews.com\/index.php\/wp-json\/wp\/v2\/categories?post=244887"},{"taxonomy":"post_tag","embeddable":true,"href":"https:\/\/www.gaveanews.com\/index.php\/wp-json\/wp\/v2\/tags?post=244887"}],"curies":[{"name":"wp","href":"https:\/\/api.w.org\/{rel}","templated":true}]}}