{"id":244889,"date":"2025-03-26T12:25:00","date_gmt":"2025-03-26T15:25:00","guid":{"rendered":"https:\/\/www.gaveanews.com\/?p=244889"},"modified":"2025-03-26T12:10:16","modified_gmt":"2025-03-26T15:10:16","slug":"video-a-atitude-de-ednaldo-rodrigues-apos-a-goleada-da-argentina-no-brasil","status":"publish","type":"post","link":"https:\/\/www.gaveanews.com\/index.php\/2025\/03\/26\/video-a-atitude-de-ednaldo-rodrigues-apos-a-goleada-da-argentina-no-brasil\/","title":{"rendered":"V\u00eddeo: a atitude de Ednaldo Rodrigues ap\u00f3s a goleada da Argentina no Brasil"},"content":{"rendered":"\n<p>A derrota do Brasil para a Argentina, no \u00faltimo jogo das Eliminat\u00f3rias, gerou grandes repercuss\u00f5es dentro e fora de campo.&nbsp;<\/p>\n\n\n\n<p>Ap\u00f3s o apito final, a aten\u00e7\u00e3o estava voltada para Ednaldo Rodrigues, presidente da Confedera\u00e7\u00e3o Brasileira de Futebol (CBF), que, ap\u00f3s as declara\u00e7\u00f5es de Dorival J\u00fanior e os questionamentos sobre a perman\u00eancia do t\u00e9cnico, optou por manter o sil\u00eancio.<\/p>\n\n\n\n<h2 class=\"wp-block-heading\" id=\"h-a-postura-de-silencio-do-presidente-da-cbf\">A postura de sil\u00eancio do presidente da CBF<\/h2>\n\n\n\n<p>Ednaldo Rodrigues foi o grande ausente nas conversas p\u00f3s-jogo. Isso porque, mesmo ap\u00f3s a coletiva de Dorival J\u00fanior, onde o t\u00e9cnico do Brasil comentou sobre seu futuro \u00e0 frente da sele\u00e7\u00e3o, o presidente da CBF n\u00e3o se pronunciou.&nbsp;<\/p>\n\n\n\n<p>Em um momento de grande tens\u00e3o, a expectativa era de que Rodrigues se posicionasse, mas ele preferiu n\u00e3o comentar sobre a situa\u00e7\u00e3o. &#8220;Amanh\u00e3 eu falo!&#8221;, disse, sem parar, na zona mista, revelando que sua comunica\u00e7\u00e3o com a imprensa ficaria para o dia seguinte.<\/p>\n\n\n\n<figure class=\"wp-block-embed is-type-video is-provider-tiktok wp-block-embed-tiktok\"><div class=\"wp-block-embed__wrapper\">\n<blockquote class=\"tiktok-embed\" cite=\"https:\/\/www.tiktok.com\/@tntsportsbr\/video\/7485956558682197303\" data-video-id=\"7485956558682197303\" data-embed-from=\"oembed\" style=\"max-width:605px; min-width:325px;\"> <section> <a target=\"_blank\" title=\"@tntsportsbr\" href=\"https:\/\/www.tiktok.com\/@tntsportsbr?refer=embed\">@tntsportsbr<\/a> <p>O PRESIDENTE DA CBF IR\u00c1 FAZER UM PRONUNCIAMENTO AMANH\u00c3!! \ud83d\udc40\ud83c\udde7\ud83c\uddf7 Ednaldo Rodrigues n\u00e3o falou na sa\u00edda do Monumental De Nu\u00f1ez mas prometeu que ir\u00e1 falar com a imprensa nesta quarta (26)!! <a title=\"sele\u00e7\u00e3obrasileira\" target=\"_blank\" href=\"https:\/\/www.tiktok.com\/tag\/sele%C3%A7%C3%A3obrasileira?refer=embed\">#Sele\u00e7\u00e3oBrasileira<\/a> <a title=\"sele\u00e7\u00e3obrasileira\ud83c\udde7\ud83c\uddf7\" target=\"_blank\" href=\"https:\/\/www.tiktok.com\/tag\/sele%C3%A7%C3%A3obrasileira%F0%9F%87%A7%F0%9F%87%B7?refer=embed\">#sele\u00e7\u00e3obrasileira\ud83c\udde7\ud83c\uddf7<\/a> <a title=\"sportsontiktkok\" target=\"_blank\" href=\"https:\/\/www.tiktok.com\/tag\/sportsontiktkok?refer=embed\">#sportsontiktkok<\/a> <a title=\"foryoupage\" target=\"_blank\" href=\"https:\/\/www.tiktok.com\/tag\/foryoupage?refer=embed\">#foryoupage<\/a> <a title=\"tiktokesportes\" target=\"_blank\" href=\"https:\/\/www.tiktok.com\/tag\/tiktokesportes?refer=embed\">#tiktokesportes<\/a> <a title=\"viral_video\" target=\"_blank\" href=\"https:\/\/www.tiktok.com\/tag\/viral_video?refer=embed\">#viral_video<\/a> <a title=\"hoje\" target=\"_blank\" href=\"https:\/\/www.tiktok.com\/tag\/hoje?refer=embed\">#hoje<\/a> <a title=\"today\" target=\"_blank\" href=\"https:\/\/www.tiktok.com\/tag\/today?refer=embed\">#today<\/a> <a title=\"brasil\" target=\"_blank\" href=\"https:\/\/www.tiktok.com\/tag\/brasil?refer=embed\">#brasil<\/a><\/p> <a target=\"_blank\" title=\"\u266c original sound - TNT Sports Brasil - TNT Sports Brasil\" href=\"https:\/\/www.tiktok.com\/music\/original-sound-TNT-Sports-Brasil-7485956560519301893?refer=embed\">\u266c original sound &#8211; TNT Sports Brasil &#8211; TNT Sports Brasil<\/a> <\/section> <\/blockquote> <script async src=\"https:\/\/www.tiktok.com\/embed.js\"><\/script>\n<\/div><\/figure>\n\n\n\n<p>Vale destacar que a aus\u00eancia de um posicionamento imediato de Ednaldo gerou uma s\u00e9rie de especula\u00e7\u00f5es. Sendo assim, a CBF viu sua autoridade ser questionada, principalmente ap\u00f3s a postura de Dorival J\u00fanior, que havia indicado que sua perman\u00eancia no cargo de t\u00e9cnico estava fora de suas m\u00e3os.<\/p>\n\n\n\n<h2 class=\"wp-block-heading\" id=\"h-o-silencio-de-raphinha-e-a-repercussao-da-fala\">O sil\u00eancio de Raphinha e a repercuss\u00e3o da fala<\/h2>\n\n\n\n<p>Al\u00e9m disso, outros personagens da sele\u00e7\u00e3o brasileira tamb\u00e9m se mantiveram em sil\u00eancio. O atacante Raphinha, visado pela torcida e pela imprensa argentina ap\u00f3s uma declara\u00e7\u00e3o pol\u00eamica em entrevista a Rom\u00e1rio, optou por n\u00e3o falar sobre o jogo e sobre o comportamento de seus rivais.&nbsp;<\/p>\n\n\n\n<p>A fala de Raphinha, que prometeu marcar um gol e &#8220;porrada&#8221; no advers\u00e1rio, gerou rea\u00e7\u00f5es intensas, com resposta do jornal argentino Ol\u00e9 e cr\u00edticas por parte dos torcedores.<\/p>\n\n\n\n<h2 class=\"wp-block-heading\" id=\"h-outros-jogadores-comentam-a-derrota\">Outros jogadores comentam a derrota<\/h2>\n\n\n\n<p>Quem tomou a frente na zona mista foi Vinicius Junior, que analisou a atua\u00e7\u00e3o do Brasil e pediu melhorias: \u201cA Argentina fez uma excelente partida, para o seu p\u00fablico. Temos de fazer muita coisa diferente. E temos um grande elenco. Temos de melhorar, cabe\u00e7a erguida\u201d, disse o atacante.&nbsp;<\/p>\n\n\n\n<p>Matheus Cunha, autor do \u00fanico gol brasileiro na derrota, tamb\u00e9m se mostrou ciente da grandeza da sele\u00e7\u00e3o, afirmando que o time pode render muito mais do que o apresentado at\u00e9 agora.<\/p>\n","protected":false},"excerpt":{"rendered":"<p>A derrota do Brasil para a Argentina, no \u00faltimo jogo das Eliminat\u00f3rias, gerou grandes repercuss\u00f5es dentro e fora de campo.&nbsp; Ap\u00f3s o apito final, a aten\u00e7\u00e3o estava voltada para Ednaldo Rodrigues, presidente da Confedera\u00e7\u00e3o Brasileira de Futebol (CBF), que, ap\u00f3s as declara\u00e7\u00f5es de Dorival J\u00fanior e os questionamentos sobre a perman\u00eancia do t\u00e9cnico, optou por [&hellip;]<\/p>\n","protected":false},"author":25,"featured_media":114931,"comment_status":"open","ping_status":"closed","sticky":false,"template":"","format":"standard","meta":{"footnotes":""},"categories":[478],"tags":[],"class_list":["post-244889","post","type-post","status-publish","format-standard","has-post-thumbnail","hentry","category-brasil"],"yoast_head":"<!-- This site is optimized with the Yoast SEO Premium plugin v24.2 (Yoast SEO v26.9) - https:\/\/yoast.com\/product\/yoast-seo-premium-wordpress\/ -->\n<title>V\u00eddeo: a atitude de Ednaldo Rodrigues ap\u00f3s a goleada da Argentina no Brasil<\/title>\n<meta name=\"robots\" content=\"index, follow, max-snippet:-1, max-image-preview:large, max-video-preview:-1\" \/>\n<link rel=\"canonical\" href=\"https:\/\/www.gaveanews.com\/index.php\/2025\/03\/26\/video-a-atitude-de-ednaldo-rodrigues-apos-a-goleada-da-argentina-no-brasil\/\" \/>\n<meta property=\"og:locale\" content=\"pt_BR\" \/>\n<meta property=\"og:type\" content=\"article\" \/>\n<meta property=\"og:title\" content=\"V\u00eddeo: a atitude de Ednaldo Rodrigues ap\u00f3s a goleada da Argentina no Brasil\" \/>\n<meta property=\"og:description\" content=\"A derrota do Brasil para a Argentina, no \u00faltimo jogo das Eliminat\u00f3rias, gerou grandes repercuss\u00f5es dentro e fora de campo.&nbsp; Ap\u00f3s o apito final, a aten\u00e7\u00e3o estava voltada para Ednaldo Rodrigues, presidente da Confedera\u00e7\u00e3o Brasileira de Futebol (CBF), que, ap\u00f3s as declara\u00e7\u00f5es de Dorival J\u00fanior e os questionamentos sobre a perman\u00eancia do t\u00e9cnico, optou por [&hellip;]\" \/>\n<meta property=\"og:url\" content=\"https:\/\/www.gaveanews.com\/index.php\/2025\/03\/26\/video-a-atitude-de-ednaldo-rodrigues-apos-a-goleada-da-argentina-no-brasil\/\" \/>\n<meta property=\"og:site_name\" content=\"G\u00e1vea News\" \/>\n<meta property=\"article:publisher\" content=\"https:\/\/facebook.com\/gaveaNews\/\" \/>\n<meta property=\"article:published_time\" content=\"2025-03-26T15:25:00+00:00\" \/>\n<meta property=\"og:image\" content=\"https:\/\/www.gaveanews.com\/wp-content\/uploads\/1_ednaldo_rodrigues_cbf_selecao_brasileira__2_-23258960.webp\" \/>\n\t<meta property=\"og:image:width\" content=\"818\" \/>\n\t<meta property=\"og:image:height\" content=\"459\" \/>\n\t<meta property=\"og:image:type\" content=\"image\/jpeg\" \/>\n<meta name=\"author\" content=\"Rafaela Ladeira\" \/>\n<meta name=\"twitter:card\" content=\"summary_large_image\" \/>\n<meta name=\"twitter:label1\" content=\"Escrito por\" \/>\n\t<meta name=\"twitter:data1\" content=\"Rafaela Ladeira\" \/>\n\t<meta name=\"twitter:label2\" content=\"Est. tempo de leitura\" \/>\n\t<meta name=\"twitter:data2\" content=\"3 minutos\" \/>\n<script type=\"application\/ld+json\" class=\"yoast-schema-graph\">{\"@context\":\"https:\/\/schema.org\",\"@graph\":[{\"@type\":\"NewsArticle\",\"@id\":\"https:\/\/www.gaveanews.com\/index.php\/2025\/03\/26\/video-a-atitude-de-ednaldo-rodrigues-apos-a-goleada-da-argentina-no-brasil\/#article\",\"isPartOf\":{\"@id\":\"https:\/\/www.gaveanews.com\/index.php\/2025\/03\/26\/video-a-atitude-de-ednaldo-rodrigues-apos-a-goleada-da-argentina-no-brasil\/\"},\"author\":{\"name\":\"Rafaela Ladeira\",\"@id\":\"https:\/\/www.gaveanews.com\/#\/schema\/person\/0eb3e3fe1754f0205218538adbe8f5ed\"},\"headline\":\"V\u00eddeo: a atitude de Ednaldo Rodrigues ap\u00f3s a goleada da Argentina no Brasil\",\"datePublished\":\"2025-03-26T15:25:00+00:00\",\"mainEntityOfPage\":{\"@id\":\"https:\/\/www.gaveanews.com\/index.php\/2025\/03\/26\/video-a-atitude-de-ednaldo-rodrigues-apos-a-goleada-da-argentina-no-brasil\/\"},\"wordCount\":439,\"commentCount\":0,\"image\":{\"@id\":\"https:\/\/www.gaveanews.com\/index.php\/2025\/03\/26\/video-a-atitude-de-ednaldo-rodrigues-apos-a-goleada-da-argentina-no-brasil\/#primaryimage\"},\"thumbnailUrl\":\"https:\/\/www.gaveanews.com\/wp-content\/uploads\/1_ednaldo_rodrigues_cbf_selecao_brasileira__2_-23258960.webp\",\"articleSection\":[\"Brasil\"],\"inLanguage\":\"pt-BR\",\"potentialAction\":[{\"@type\":\"CommentAction\",\"name\":\"Comment\",\"target\":[\"https:\/\/www.gaveanews.com\/index.php\/2025\/03\/26\/video-a-atitude-de-ednaldo-rodrigues-apos-a-goleada-da-argentina-no-brasil\/#respond\"]}],\"copyrightYear\":\"2025\",\"copyrightHolder\":{\"@id\":\"https:\/\/www.gaveanews.com\/#organization\"}},{\"@type\":\"WebPage\",\"@id\":\"https:\/\/www.gaveanews.com\/index.php\/2025\/03\/26\/video-a-atitude-de-ednaldo-rodrigues-apos-a-goleada-da-argentina-no-brasil\/\",\"url\":\"https:\/\/www.gaveanews.com\/index.php\/2025\/03\/26\/video-a-atitude-de-ednaldo-rodrigues-apos-a-goleada-da-argentina-no-brasil\/\",\"name\":\"V\u00eddeo: a atitude de Ednaldo Rodrigues ap\u00f3s a goleada da Argentina no Brasil\",\"isPartOf\":{\"@id\":\"https:\/\/www.gaveanews.com\/#website\"},\"primaryImageOfPage\":{\"@id\":\"https:\/\/www.gaveanews.com\/index.php\/2025\/03\/26\/video-a-atitude-de-ednaldo-rodrigues-apos-a-goleada-da-argentina-no-brasil\/#primaryimage\"},\"image\":{\"@id\":\"https:\/\/www.gaveanews.com\/index.php\/2025\/03\/26\/video-a-atitude-de-ednaldo-rodrigues-apos-a-goleada-da-argentina-no-brasil\/#primaryimage\"},\"thumbnailUrl\":\"https:\/\/www.gaveanews.com\/wp-content\/uploads\/1_ednaldo_rodrigues_cbf_selecao_brasileira__2_-23258960.webp\",\"datePublished\":\"2025-03-26T15:25:00+00:00\",\"author\":{\"@id\":\"https:\/\/www.gaveanews.com\/#\/schema\/person\/0eb3e3fe1754f0205218538adbe8f5ed\"},\"breadcrumb\":{\"@id\":\"https:\/\/www.gaveanews.com\/index.php\/2025\/03\/26\/video-a-atitude-de-ednaldo-rodrigues-apos-a-goleada-da-argentina-no-brasil\/#breadcrumb\"},\"inLanguage\":\"pt-BR\",\"potentialAction\":[{\"@type\":\"ReadAction\",\"target\":[\"https:\/\/www.gaveanews.com\/index.php\/2025\/03\/26\/video-a-atitude-de-ednaldo-rodrigues-apos-a-goleada-da-argentina-no-brasil\/\"]}]},{\"@type\":\"ImageObject\",\"inLanguage\":\"pt-BR\",\"@id\":\"https:\/\/www.gaveanews.com\/index.php\/2025\/03\/26\/video-a-atitude-de-ednaldo-rodrigues-apos-a-goleada-da-argentina-no-brasil\/#primaryimage\",\"url\":\"https:\/\/www.gaveanews.com\/wp-content\/uploads\/1_ednaldo_rodrigues_cbf_selecao_brasileira__2_-23258960.webp\",\"contentUrl\":\"https:\/\/www.gaveanews.com\/wp-content\/uploads\/1_ednaldo_rodrigues_cbf_selecao_brasileira__2_-23258960.webp\",\"width\":818,\"height\":459,\"caption\":\"Ednaldo Rodrigues, presidente da CBF, em entrevista coletiva da sele\u00e7\u00e3o brasileira feminina (Foto: Thais Magalh\u00e3es\/CBF)\"},{\"@type\":\"BreadcrumbList\",\"@id\":\"https:\/\/www.gaveanews.com\/index.php\/2025\/03\/26\/video-a-atitude-de-ednaldo-rodrigues-apos-a-goleada-da-argentina-no-brasil\/#breadcrumb\",\"itemListElement\":[{\"@type\":\"ListItem\",\"position\":1,\"name\":\"Home\",\"item\":\"https:\/\/www.gaveanews.com\/\"},{\"@type\":\"ListItem\",\"position\":2,\"name\":\"V\u00eddeo: a atitude de Ednaldo Rodrigues ap\u00f3s a goleada da Argentina no Brasil\"}]},{\"@type\":\"WebSite\",\"@id\":\"https:\/\/www.gaveanews.com\/#website\",\"url\":\"https:\/\/www.gaveanews.com\/\",\"name\":\"G\u00e1vea News\",\"description\":\"Veja todas as not\u00edcias sobre o Flamengo: Contrata\u00e7\u00f5es, categorias de base, resultados das partidas, tabela de classifica\u00e7\u00e3o, pr\u00f3ximos jogos!\",\"potentialAction\":[{\"@type\":\"SearchAction\",\"target\":{\"@type\":\"EntryPoint\",\"urlTemplate\":\"https:\/\/www.gaveanews.com\/?s={search_term_string}\"},\"query-input\":{\"@type\":\"PropertyValueSpecification\",\"valueRequired\":true,\"valueName\":\"search_term_string\"}}],\"inLanguage\":\"pt-BR\"},{\"@type\":\"Person\",\"@id\":\"https:\/\/www.gaveanews.com\/#\/schema\/person\/0eb3e3fe1754f0205218538adbe8f5ed\",\"name\":\"Rafaela Ladeira\",\"image\":{\"@type\":\"ImageObject\",\"inLanguage\":\"pt-BR\",\"@id\":\"https:\/\/www.gaveanews.com\/#\/schema\/person\/image\/\",\"url\":\"https:\/\/secure.gravatar.com\/avatar\/c31f513acffd85eacab5730cbdfdbbf59f21ba5aeada8cd890acea879fbb2455?s=96&d=mm&r=g\",\"contentUrl\":\"https:\/\/secure.gravatar.com\/avatar\/c31f513acffd85eacab5730cbdfdbbf59f21ba5aeada8cd890acea879fbb2455?s=96&d=mm&r=g\",\"caption\":\"Rafaela Ladeira\"}}]}<\/script>\n<!-- \/ Yoast SEO Premium plugin. -->","yoast_head_json":{"title":"V\u00eddeo: a atitude de Ednaldo Rodrigues ap\u00f3s a goleada da Argentina no Brasil","robots":{"index":"index","follow":"follow","max-snippet":"max-snippet:-1","max-image-preview":"max-image-preview:large","max-video-preview":"max-video-preview:-1"},"canonical":"https:\/\/www.gaveanews.com\/index.php\/2025\/03\/26\/video-a-atitude-de-ednaldo-rodrigues-apos-a-goleada-da-argentina-no-brasil\/","og_locale":"pt_BR","og_type":"article","og_title":"V\u00eddeo: a atitude de Ednaldo Rodrigues ap\u00f3s a goleada da Argentina no Brasil","og_description":"A derrota do Brasil para a Argentina, no \u00faltimo jogo das Eliminat\u00f3rias, gerou grandes repercuss\u00f5es dentro e fora de campo.&nbsp; Ap\u00f3s o apito final, a aten\u00e7\u00e3o estava voltada para Ednaldo Rodrigues, presidente da Confedera\u00e7\u00e3o Brasileira de Futebol (CBF), que, ap\u00f3s as declara\u00e7\u00f5es de Dorival J\u00fanior e os questionamentos sobre a perman\u00eancia do t\u00e9cnico, optou por [&hellip;]","og_url":"https:\/\/www.gaveanews.com\/index.php\/2025\/03\/26\/video-a-atitude-de-ednaldo-rodrigues-apos-a-goleada-da-argentina-no-brasil\/","og_site_name":"G\u00e1vea News","article_publisher":"https:\/\/facebook.com\/gaveaNews\/","article_published_time":"2025-03-26T15:25:00+00:00","og_image":[{"width":818,"height":459,"url":"https:\/\/www.gaveanews.com\/wp-content\/uploads\/1_ednaldo_rodrigues_cbf_selecao_brasileira__2_-23258960.webp","type":"image\/jpeg"}],"author":"Rafaela Ladeira","twitter_card":"summary_large_image","twitter_misc":{"Escrito por":"Rafaela Ladeira","Est. tempo de leitura":"3 minutos"},"schema":{"@context":"https:\/\/schema.org","@graph":[{"@type":"NewsArticle","@id":"https:\/\/www.gaveanews.com\/index.php\/2025\/03\/26\/video-a-atitude-de-ednaldo-rodrigues-apos-a-goleada-da-argentina-no-brasil\/#article","isPartOf":{"@id":"https:\/\/www.gaveanews.com\/index.php\/2025\/03\/26\/video-a-atitude-de-ednaldo-rodrigues-apos-a-goleada-da-argentina-no-brasil\/"},"author":{"name":"Rafaela Ladeira","@id":"https:\/\/www.gaveanews.com\/#\/schema\/person\/0eb3e3fe1754f0205218538adbe8f5ed"},"headline":"V\u00eddeo: a atitude de Ednaldo Rodrigues ap\u00f3s a goleada da Argentina no Brasil","datePublished":"2025-03-26T15:25:00+00:00","mainEntityOfPage":{"@id":"https:\/\/www.gaveanews.com\/index.php\/2025\/03\/26\/video-a-atitude-de-ednaldo-rodrigues-apos-a-goleada-da-argentina-no-brasil\/"},"wordCount":439,"commentCount":0,"image":{"@id":"https:\/\/www.gaveanews.com\/index.php\/2025\/03\/26\/video-a-atitude-de-ednaldo-rodrigues-apos-a-goleada-da-argentina-no-brasil\/#primaryimage"},"thumbnailUrl":"https:\/\/www.gaveanews.com\/wp-content\/uploads\/1_ednaldo_rodrigues_cbf_selecao_brasileira__2_-23258960.webp","articleSection":["Brasil"],"inLanguage":"pt-BR","potentialAction":[{"@type":"CommentAction","name":"Comment","target":["https:\/\/www.gaveanews.com\/index.php\/2025\/03\/26\/video-a-atitude-de-ednaldo-rodrigues-apos-a-goleada-da-argentina-no-brasil\/#respond"]}],"copyrightYear":"2025","copyrightHolder":{"@id":"https:\/\/www.gaveanews.com\/#organization"}},{"@type":"WebPage","@id":"https:\/\/www.gaveanews.com\/index.php\/2025\/03\/26\/video-a-atitude-de-ednaldo-rodrigues-apos-a-goleada-da-argentina-no-brasil\/","url":"https:\/\/www.gaveanews.com\/index.php\/2025\/03\/26\/video-a-atitude-de-ednaldo-rodrigues-apos-a-goleada-da-argentina-no-brasil\/","name":"V\u00eddeo: a atitude de Ednaldo Rodrigues ap\u00f3s a goleada da Argentina no Brasil","isPartOf":{"@id":"https:\/\/www.gaveanews.com\/#website"},"primaryImageOfPage":{"@id":"https:\/\/www.gaveanews.com\/index.php\/2025\/03\/26\/video-a-atitude-de-ednaldo-rodrigues-apos-a-goleada-da-argentina-no-brasil\/#primaryimage"},"image":{"@id":"https:\/\/www.gaveanews.com\/index.php\/2025\/03\/26\/video-a-atitude-de-ednaldo-rodrigues-apos-a-goleada-da-argentina-no-brasil\/#primaryimage"},"thumbnailUrl":"https:\/\/www.gaveanews.com\/wp-content\/uploads\/1_ednaldo_rodrigues_cbf_selecao_brasileira__2_-23258960.webp","datePublished":"2025-03-26T15:25:00+00:00","author":{"@id":"https:\/\/www.gaveanews.com\/#\/schema\/person\/0eb3e3fe1754f0205218538adbe8f5ed"},"breadcrumb":{"@id":"https:\/\/www.gaveanews.com\/index.php\/2025\/03\/26\/video-a-atitude-de-ednaldo-rodrigues-apos-a-goleada-da-argentina-no-brasil\/#breadcrumb"},"inLanguage":"pt-BR","potentialAction":[{"@type":"ReadAction","target":["https:\/\/www.gaveanews.com\/index.php\/2025\/03\/26\/video-a-atitude-de-ednaldo-rodrigues-apos-a-goleada-da-argentina-no-brasil\/"]}]},{"@type":"ImageObject","inLanguage":"pt-BR","@id":"https:\/\/www.gaveanews.com\/index.php\/2025\/03\/26\/video-a-atitude-de-ednaldo-rodrigues-apos-a-goleada-da-argentina-no-brasil\/#primaryimage","url":"https:\/\/www.gaveanews.com\/wp-content\/uploads\/1_ednaldo_rodrigues_cbf_selecao_brasileira__2_-23258960.webp","contentUrl":"https:\/\/www.gaveanews.com\/wp-content\/uploads\/1_ednaldo_rodrigues_cbf_selecao_brasileira__2_-23258960.webp","width":818,"height":459,"caption":"Ednaldo Rodrigues, presidente da CBF, em entrevista coletiva da sele\u00e7\u00e3o brasileira feminina (Foto: Thais Magalh\u00e3es\/CBF)"},{"@type":"BreadcrumbList","@id":"https:\/\/www.gaveanews.com\/index.php\/2025\/03\/26\/video-a-atitude-de-ednaldo-rodrigues-apos-a-goleada-da-argentina-no-brasil\/#breadcrumb","itemListElement":[{"@type":"ListItem","position":1,"name":"Home","item":"https:\/\/www.gaveanews.com\/"},{"@type":"ListItem","position":2,"name":"V\u00eddeo: a atitude de Ednaldo Rodrigues ap\u00f3s a goleada da Argentina no Brasil"}]},{"@type":"WebSite","@id":"https:\/\/www.gaveanews.com\/#website","url":"https:\/\/www.gaveanews.com\/","name":"G\u00e1vea News","description":"Veja todas as not\u00edcias sobre o Flamengo: Contrata\u00e7\u00f5es, categorias de base, resultados das partidas, tabela de classifica\u00e7\u00e3o, pr\u00f3ximos jogos!","potentialAction":[{"@type":"SearchAction","target":{"@type":"EntryPoint","urlTemplate":"https:\/\/www.gaveanews.com\/?s={search_term_string}"},"query-input":{"@type":"PropertyValueSpecification","valueRequired":true,"valueName":"search_term_string"}}],"inLanguage":"pt-BR"},{"@type":"Person","@id":"https:\/\/www.gaveanews.com\/#\/schema\/person\/0eb3e3fe1754f0205218538adbe8f5ed","name":"Rafaela Ladeira","image":{"@type":"ImageObject","inLanguage":"pt-BR","@id":"https:\/\/www.gaveanews.com\/#\/schema\/person\/image\/","url":"https:\/\/secure.gravatar.com\/avatar\/c31f513acffd85eacab5730cbdfdbbf59f21ba5aeada8cd890acea879fbb2455?s=96&d=mm&r=g","contentUrl":"https:\/\/secure.gravatar.com\/avatar\/c31f513acffd85eacab5730cbdfdbbf59f21ba5aeada8cd890acea879fbb2455?s=96&d=mm&r=g","caption":"Rafaela Ladeira"}}]}},"_links":{"self":[{"href":"https:\/\/www.gaveanews.com\/index.php\/wp-json\/wp\/v2\/posts\/244889","targetHints":{"allow":["GET"]}}],"collection":[{"href":"https:\/\/www.gaveanews.com\/index.php\/wp-json\/wp\/v2\/posts"}],"about":[{"href":"https:\/\/www.gaveanews.com\/index.php\/wp-json\/wp\/v2\/types\/post"}],"author":[{"embeddable":true,"href":"https:\/\/www.gaveanews.com\/index.php\/wp-json\/wp\/v2\/users\/25"}],"replies":[{"embeddable":true,"href":"https:\/\/www.gaveanews.com\/index.php\/wp-json\/wp\/v2\/comments?post=244889"}],"version-history":[{"count":1,"href":"https:\/\/www.gaveanews.com\/index.php\/wp-json\/wp\/v2\/posts\/244889\/revisions"}],"predecessor-version":[{"id":244890,"href":"https:\/\/www.gaveanews.com\/index.php\/wp-json\/wp\/v2\/posts\/244889\/revisions\/244890"}],"wp:featuredmedia":[{"embeddable":true,"href":"https:\/\/www.gaveanews.com\/index.php\/wp-json\/wp\/v2\/media\/114931"}],"wp:attachment":[{"href":"https:\/\/www.gaveanews.com\/index.php\/wp-json\/wp\/v2\/media?parent=244889"}],"wp:term":[{"taxonomy":"category","embeddable":true,"href":"https:\/\/www.gaveanews.com\/index.php\/wp-json\/wp\/v2\/categories?post=244889"},{"taxonomy":"post_tag","embeddable":true,"href":"https:\/\/www.gaveanews.com\/index.php\/wp-json\/wp\/v2\/tags?post=244889"}],"curies":[{"name":"wp","href":"https:\/\/api.w.org\/{rel}","templated":true}]}}