{"id":244891,"date":"2025-03-26T12:30:00","date_gmt":"2025-03-26T15:30:00","guid":{"rendered":"https:\/\/www.gaveanews.com\/?p=244891"},"modified":"2025-03-26T12:17:23","modified_gmt":"2025-03-26T15:17:23","slug":"atletico-mg-responde-ao-vasco-de-forma-oficial-sobre-brahian-palacios","status":"publish","type":"post","link":"https:\/\/www.gaveanews.com\/index.php\/2025\/03\/26\/atletico-mg-responde-ao-vasco-de-forma-oficial-sobre-brahian-palacios\/","title":{"rendered":"Atl\u00e9tico-MG responde ao Vasco de forma oficial sobre Brahian Palacios"},"content":{"rendered":"\n<p>O mercado de transfer\u00eancias no futebol brasileiro est\u00e1 longe de se encerrar, com o per\u00edodo de contrata\u00e7\u00f5es seguindo at\u00e9 11 de abril.&nbsp;<\/p>\n\n\n\n<p>No entanto, o Vasco da Gama, que busca refor\u00e7ar seu elenco para a temporada, est\u00e1 encontrando dificuldades para concretizar algumas negocia\u00e7\u00f5es, incluindo uma das mais esperadas: a contrata\u00e7\u00e3o de Brahian Palacios, atacante do Atl\u00e9tico-MG.<\/p>\n\n\n\n<h2 class=\"wp-block-heading\" id=\"h-atletico-mg-se-posiciona-sobre-negociacao\">Atl\u00e9tico-MG se posiciona sobre negocia\u00e7\u00e3o<\/h2>\n\n\n\n<figure class=\"wp-block-image size-full\"><img loading=\"lazy\" decoding=\"async\" width=\"900\" height=\"600\" src=\"http:\/\/www.gaveanews.com\/wp-content\/uploads\/Estadio-do-Atletico-MG.webp\" alt=\"\" class=\"wp-image-153999\" srcset=\"https:\/\/www.gaveanews.com\/wp-content\/uploads\/Estadio-do-Atletico-MG.webp 900w, https:\/\/www.gaveanews.com\/wp-content\/uploads\/Estadio-do-Atletico-MG-300x200.webp 300w, https:\/\/www.gaveanews.com\/wp-content\/uploads\/Estadio-do-Atletico-MG-768x512.webp 768w, https:\/\/www.gaveanews.com\/wp-content\/uploads\/Estadio-do-Atletico-MG-630x420.webp 630w, https:\/\/www.gaveanews.com\/wp-content\/uploads\/Estadio-do-Atletico-MG-640x427.webp 640w, https:\/\/www.gaveanews.com\/wp-content\/uploads\/Estadio-do-Atletico-MG-681x454.webp 681w, https:\/\/www.gaveanews.com\/wp-content\/uploads\/Estadio-do-Atletico-MG-100x67.webp 100w\" sizes=\"auto, (max-width: 900px) 100vw, 900px\" \/><figcaption class=\"wp-element-caption\">Arena MRV, est\u00e1dio do Atl\u00e9tico-MG (Foto: Reprodu\u00e7\u00e3o\/Atl\u00e9tico)<\/figcaption><\/figure>\n\n\n\n<p>Nos \u00faltimos dias, o nome de Brahian Palacios, jogador colombiano do Atl\u00e9tico-MG, foi muito comentado nos bastidores do Vasco da Gama. A equipe carioca, que precisa de um atacante de velocidade para dar mais dinamismo ao setor ofensivo, passou a demonstrar interesse pelo jogador de 22 anos.&nbsp;<\/p>\n\n\n\n<p>Vale destacar que Palacios est\u00e1 no Galo desde 2024, mas tem pouco espa\u00e7o no elenco. Em 2025, ele disputou apenas tr\u00eas partidas, somando apenas 83 minutos em campo. Dessa maneira, o Vasco vislumbrou a possibilidade de contar com o atacante, acreditando que ele poderia ser uma pe\u00e7a importante para a temporada.<\/p>\n\n\n\n<p>Por\u00e9m, apesar do interesse do Vasco, a negocia\u00e7\u00e3o n\u00e3o foi adiante. De acordo com o jornalista Jorge Nicola, em seu canal no YouTube, o Atl\u00e9tico-MG n\u00e3o aceitou as propostas do clube carioca e, a princ\u00edpio, informou que novas conversas n\u00e3o ocorreriam.&nbsp;<\/p>\n\n\n\n<p>Isso porque, nos bastidores, um dos acionistas do Galo bloqueou a negocia\u00e7\u00e3o de empr\u00e9stimo, que seria o formato desejado pelo Vasco.&nbsp;<\/p>\n\n\n\n<p>A proposta inicial do Atl\u00e9tico-MG era pela transfer\u00eancia definitiva de Palacios, o que, no momento, n\u00e3o \u00e9 vi\u00e1vel para o Gigante da Colina devido a sua atual situa\u00e7\u00e3o financeira.<\/p>\n\n\n\n<h2 class=\"wp-block-heading\" id=\"h-o-futuro-do-vasco-no-mercado-de-transferencias\">O futuro do Vasco no mercado de transfer\u00eancias<\/h2>\n\n\n\n<p>Com isso, o Vasco se v\u00ea novamente em busca de alternativas. Embora o clube tenha at\u00e9 11 de abril para concretizar novas contrata\u00e7\u00f5es, a janela est\u00e1 se aproximando do fim e a equipe precisa agir rapidamente para encontrar uma solu\u00e7\u00e3o. Portanto, o torcedor vasca\u00edno aguarda ansiosamente as pr\u00f3ximas movimenta\u00e7\u00f5es no mercado.<\/p>\n\n\n\n<p>Al\u00e9m disso, o Vasco j\u00e1 est\u00e1 de olho no in\u00edcio do Campeonato Brasileiro, com o primeiro jogo marcado para o domingo (30), contra o Santos, no Est\u00e1dio S\u00e3o Janu\u00e1rio. O advers\u00e1rio paulista, por sua vez, pode sofrer o desfalque de Neymar, que n\u00e3o est\u00e1 confirmado devido a uma les\u00e3o muscular, o que pode influenciar diretamente no desempenho da equipe.<\/p>\n\n\n\n<p>Dessa maneira, o Vasco segue a busca por refor\u00e7os, enquanto se prepara para um dos maiores desafios da temporada: o Campeonato Brasileiro.<\/p>\n","protected":false},"excerpt":{"rendered":"<p>O mercado de transfer\u00eancias no futebol brasileiro est\u00e1 longe de se encerrar, com o per\u00edodo de contrata\u00e7\u00f5es seguindo at\u00e9 11 de abril.&nbsp; No entanto, o Vasco da Gama, que busca refor\u00e7ar seu elenco para a temporada, est\u00e1 encontrando dificuldades para concretizar algumas negocia\u00e7\u00f5es, incluindo uma das mais esperadas: a contrata\u00e7\u00e3o de Brahian Palacios, atacante do [&hellip;]<\/p>\n","protected":false},"author":25,"featured_media":172474,"comment_status":"open","ping_status":"closed","sticky":false,"template":"","format":"standard","meta":{"footnotes":""},"categories":[136,152],"tags":[],"class_list":["post-244891","post","type-post","status-publish","format-standard","has-post-thumbnail","hentry","category-atletico-mg","category-vasco"],"yoast_head":"<!-- This site is optimized with the Yoast SEO Premium plugin v24.2 (Yoast SEO v26.9) - https:\/\/yoast.com\/product\/yoast-seo-premium-wordpress\/ -->\n<title>Atl\u00e9tico-MG responde ao Vasco de forma oficial sobre Brahian Palacios<\/title>\n<meta name=\"robots\" content=\"index, follow, max-snippet:-1, max-image-preview:large, max-video-preview:-1\" \/>\n<link rel=\"canonical\" href=\"https:\/\/www.gaveanews.com\/index.php\/2025\/03\/26\/atletico-mg-responde-ao-vasco-de-forma-oficial-sobre-brahian-palacios\/\" \/>\n<meta property=\"og:locale\" content=\"pt_BR\" \/>\n<meta property=\"og:type\" content=\"article\" \/>\n<meta property=\"og:title\" content=\"Atl\u00e9tico-MG responde ao Vasco de forma oficial sobre Brahian Palacios\" \/>\n<meta property=\"og:description\" content=\"O mercado de transfer\u00eancias no futebol brasileiro est\u00e1 longe de se encerrar, com o per\u00edodo de contrata\u00e7\u00f5es seguindo at\u00e9 11 de abril.&nbsp; No entanto, o Vasco da Gama, que busca refor\u00e7ar seu elenco para a temporada, est\u00e1 encontrando dificuldades para concretizar algumas negocia\u00e7\u00f5es, incluindo uma das mais esperadas: a contrata\u00e7\u00e3o de Brahian Palacios, atacante do [&hellip;]\" \/>\n<meta property=\"og:url\" content=\"https:\/\/www.gaveanews.com\/index.php\/2025\/03\/26\/atletico-mg-responde-ao-vasco-de-forma-oficial-sobre-brahian-palacios\/\" \/>\n<meta property=\"og:site_name\" content=\"G\u00e1vea News\" \/>\n<meta property=\"article:publisher\" content=\"https:\/\/facebook.com\/gaveaNews\/\" \/>\n<meta property=\"article:published_time\" content=\"2025-03-26T15:30:00+00:00\" \/>\n<meta property=\"og:image\" content=\"https:\/\/www.gaveanews.com\/wp-content\/uploads\/Brahian-Palacios-pelo-Atletico-MG.webp\" \/>\n\t<meta property=\"og:image:width\" content=\"1293\" \/>\n\t<meta property=\"og:image:height\" content=\"1066\" \/>\n\t<meta property=\"og:image:type\" content=\"image\/jpeg\" \/>\n<meta name=\"author\" content=\"Rafaela Ladeira\" \/>\n<meta name=\"twitter:card\" content=\"summary_large_image\" \/>\n<meta name=\"twitter:label1\" content=\"Escrito por\" \/>\n\t<meta name=\"twitter:data1\" content=\"Rafaela Ladeira\" \/>\n\t<meta name=\"twitter:label2\" content=\"Est. tempo de leitura\" \/>\n\t<meta name=\"twitter:data2\" content=\"3 minutos\" \/>\n<script type=\"application\/ld+json\" class=\"yoast-schema-graph\">{\"@context\":\"https:\/\/schema.org\",\"@graph\":[{\"@type\":\"NewsArticle\",\"@id\":\"https:\/\/www.gaveanews.com\/index.php\/2025\/03\/26\/atletico-mg-responde-ao-vasco-de-forma-oficial-sobre-brahian-palacios\/#article\",\"isPartOf\":{\"@id\":\"https:\/\/www.gaveanews.com\/index.php\/2025\/03\/26\/atletico-mg-responde-ao-vasco-de-forma-oficial-sobre-brahian-palacios\/\"},\"author\":{\"name\":\"Rafaela Ladeira\",\"@id\":\"https:\/\/www.gaveanews.com\/#\/schema\/person\/0eb3e3fe1754f0205218538adbe8f5ed\"},\"headline\":\"Atl\u00e9tico-MG responde ao Vasco de forma oficial sobre Brahian Palacios\",\"datePublished\":\"2025-03-26T15:30:00+00:00\",\"mainEntityOfPage\":{\"@id\":\"https:\/\/www.gaveanews.com\/index.php\/2025\/03\/26\/atletico-mg-responde-ao-vasco-de-forma-oficial-sobre-brahian-palacios\/\"},\"wordCount\":451,\"commentCount\":0,\"image\":{\"@id\":\"https:\/\/www.gaveanews.com\/index.php\/2025\/03\/26\/atletico-mg-responde-ao-vasco-de-forma-oficial-sobre-brahian-palacios\/#primaryimage\"},\"thumbnailUrl\":\"https:\/\/www.gaveanews.com\/wp-content\/uploads\/Brahian-Palacios-pelo-Atletico-MG.webp\",\"articleSection\":[\"Atl\u00e9tico-MG\",\"Vasco\"],\"inLanguage\":\"pt-BR\",\"potentialAction\":[{\"@type\":\"CommentAction\",\"name\":\"Comment\",\"target\":[\"https:\/\/www.gaveanews.com\/index.php\/2025\/03\/26\/atletico-mg-responde-ao-vasco-de-forma-oficial-sobre-brahian-palacios\/#respond\"]}],\"copyrightYear\":\"2025\",\"copyrightHolder\":{\"@id\":\"https:\/\/www.gaveanews.com\/#organization\"}},{\"@type\":\"WebPage\",\"@id\":\"https:\/\/www.gaveanews.com\/index.php\/2025\/03\/26\/atletico-mg-responde-ao-vasco-de-forma-oficial-sobre-brahian-palacios\/\",\"url\":\"https:\/\/www.gaveanews.com\/index.php\/2025\/03\/26\/atletico-mg-responde-ao-vasco-de-forma-oficial-sobre-brahian-palacios\/\",\"name\":\"Atl\u00e9tico-MG responde ao Vasco de forma oficial sobre Brahian Palacios\",\"isPartOf\":{\"@id\":\"https:\/\/www.gaveanews.com\/#website\"},\"primaryImageOfPage\":{\"@id\":\"https:\/\/www.gaveanews.com\/index.php\/2025\/03\/26\/atletico-mg-responde-ao-vasco-de-forma-oficial-sobre-brahian-palacios\/#primaryimage\"},\"image\":{\"@id\":\"https:\/\/www.gaveanews.com\/index.php\/2025\/03\/26\/atletico-mg-responde-ao-vasco-de-forma-oficial-sobre-brahian-palacios\/#primaryimage\"},\"thumbnailUrl\":\"https:\/\/www.gaveanews.com\/wp-content\/uploads\/Brahian-Palacios-pelo-Atletico-MG.webp\",\"datePublished\":\"2025-03-26T15:30:00+00:00\",\"author\":{\"@id\":\"https:\/\/www.gaveanews.com\/#\/schema\/person\/0eb3e3fe1754f0205218538adbe8f5ed\"},\"breadcrumb\":{\"@id\":\"https:\/\/www.gaveanews.com\/index.php\/2025\/03\/26\/atletico-mg-responde-ao-vasco-de-forma-oficial-sobre-brahian-palacios\/#breadcrumb\"},\"inLanguage\":\"pt-BR\",\"potentialAction\":[{\"@type\":\"ReadAction\",\"target\":[\"https:\/\/www.gaveanews.com\/index.php\/2025\/03\/26\/atletico-mg-responde-ao-vasco-de-forma-oficial-sobre-brahian-palacios\/\"]}]},{\"@type\":\"ImageObject\",\"inLanguage\":\"pt-BR\",\"@id\":\"https:\/\/www.gaveanews.com\/index.php\/2025\/03\/26\/atletico-mg-responde-ao-vasco-de-forma-oficial-sobre-brahian-palacios\/#primaryimage\",\"url\":\"https:\/\/www.gaveanews.com\/wp-content\/uploads\/Brahian-Palacios-pelo-Atletico-MG.webp\",\"contentUrl\":\"https:\/\/www.gaveanews.com\/wp-content\/uploads\/Brahian-Palacios-pelo-Atletico-MG.webp\",\"width\":1293,\"height\":1066,\"caption\":\"Brahian Palacios pelo Atl\u00e9tico-MG (Foto: Pedro Souza\/Atl\u00e9tico-MG)\"},{\"@type\":\"BreadcrumbList\",\"@id\":\"https:\/\/www.gaveanews.com\/index.php\/2025\/03\/26\/atletico-mg-responde-ao-vasco-de-forma-oficial-sobre-brahian-palacios\/#breadcrumb\",\"itemListElement\":[{\"@type\":\"ListItem\",\"position\":1,\"name\":\"Home\",\"item\":\"https:\/\/www.gaveanews.com\/\"},{\"@type\":\"ListItem\",\"position\":2,\"name\":\"Atl\u00e9tico-MG responde ao Vasco de forma oficial sobre Brahian Palacios\"}]},{\"@type\":\"WebSite\",\"@id\":\"https:\/\/www.gaveanews.com\/#website\",\"url\":\"https:\/\/www.gaveanews.com\/\",\"name\":\"G\u00e1vea News\",\"description\":\"Veja todas as not\u00edcias sobre o Flamengo: Contrata\u00e7\u00f5es, categorias de base, resultados das partidas, tabela de classifica\u00e7\u00e3o, pr\u00f3ximos jogos!\",\"potentialAction\":[{\"@type\":\"SearchAction\",\"target\":{\"@type\":\"EntryPoint\",\"urlTemplate\":\"https:\/\/www.gaveanews.com\/?s={search_term_string}\"},\"query-input\":{\"@type\":\"PropertyValueSpecification\",\"valueRequired\":true,\"valueName\":\"search_term_string\"}}],\"inLanguage\":\"pt-BR\"},{\"@type\":\"Person\",\"@id\":\"https:\/\/www.gaveanews.com\/#\/schema\/person\/0eb3e3fe1754f0205218538adbe8f5ed\",\"name\":\"Rafaela Ladeira\",\"image\":{\"@type\":\"ImageObject\",\"inLanguage\":\"pt-BR\",\"@id\":\"https:\/\/www.gaveanews.com\/#\/schema\/person\/image\/\",\"url\":\"https:\/\/secure.gravatar.com\/avatar\/c31f513acffd85eacab5730cbdfdbbf59f21ba5aeada8cd890acea879fbb2455?s=96&d=mm&r=g\",\"contentUrl\":\"https:\/\/secure.gravatar.com\/avatar\/c31f513acffd85eacab5730cbdfdbbf59f21ba5aeada8cd890acea879fbb2455?s=96&d=mm&r=g\",\"caption\":\"Rafaela Ladeira\"}}]}<\/script>\n<!-- \/ Yoast SEO Premium plugin. -->","yoast_head_json":{"title":"Atl\u00e9tico-MG responde ao Vasco de forma oficial sobre Brahian Palacios","robots":{"index":"index","follow":"follow","max-snippet":"max-snippet:-1","max-image-preview":"max-image-preview:large","max-video-preview":"max-video-preview:-1"},"canonical":"https:\/\/www.gaveanews.com\/index.php\/2025\/03\/26\/atletico-mg-responde-ao-vasco-de-forma-oficial-sobre-brahian-palacios\/","og_locale":"pt_BR","og_type":"article","og_title":"Atl\u00e9tico-MG responde ao Vasco de forma oficial sobre Brahian Palacios","og_description":"O mercado de transfer\u00eancias no futebol brasileiro est\u00e1 longe de se encerrar, com o per\u00edodo de contrata\u00e7\u00f5es seguindo at\u00e9 11 de abril.&nbsp; No entanto, o Vasco da Gama, que busca refor\u00e7ar seu elenco para a temporada, est\u00e1 encontrando dificuldades para concretizar algumas negocia\u00e7\u00f5es, incluindo uma das mais esperadas: a contrata\u00e7\u00e3o de Brahian Palacios, atacante do [&hellip;]","og_url":"https:\/\/www.gaveanews.com\/index.php\/2025\/03\/26\/atletico-mg-responde-ao-vasco-de-forma-oficial-sobre-brahian-palacios\/","og_site_name":"G\u00e1vea News","article_publisher":"https:\/\/facebook.com\/gaveaNews\/","article_published_time":"2025-03-26T15:30:00+00:00","og_image":[{"width":1293,"height":1066,"url":"https:\/\/www.gaveanews.com\/wp-content\/uploads\/Brahian-Palacios-pelo-Atletico-MG.webp","type":"image\/jpeg"}],"author":"Rafaela Ladeira","twitter_card":"summary_large_image","twitter_misc":{"Escrito por":"Rafaela Ladeira","Est. tempo de leitura":"3 minutos"},"schema":{"@context":"https:\/\/schema.org","@graph":[{"@type":"NewsArticle","@id":"https:\/\/www.gaveanews.com\/index.php\/2025\/03\/26\/atletico-mg-responde-ao-vasco-de-forma-oficial-sobre-brahian-palacios\/#article","isPartOf":{"@id":"https:\/\/www.gaveanews.com\/index.php\/2025\/03\/26\/atletico-mg-responde-ao-vasco-de-forma-oficial-sobre-brahian-palacios\/"},"author":{"name":"Rafaela Ladeira","@id":"https:\/\/www.gaveanews.com\/#\/schema\/person\/0eb3e3fe1754f0205218538adbe8f5ed"},"headline":"Atl\u00e9tico-MG responde ao Vasco de forma oficial sobre Brahian Palacios","datePublished":"2025-03-26T15:30:00+00:00","mainEntityOfPage":{"@id":"https:\/\/www.gaveanews.com\/index.php\/2025\/03\/26\/atletico-mg-responde-ao-vasco-de-forma-oficial-sobre-brahian-palacios\/"},"wordCount":451,"commentCount":0,"image":{"@id":"https:\/\/www.gaveanews.com\/index.php\/2025\/03\/26\/atletico-mg-responde-ao-vasco-de-forma-oficial-sobre-brahian-palacios\/#primaryimage"},"thumbnailUrl":"https:\/\/www.gaveanews.com\/wp-content\/uploads\/Brahian-Palacios-pelo-Atletico-MG.webp","articleSection":["Atl\u00e9tico-MG","Vasco"],"inLanguage":"pt-BR","potentialAction":[{"@type":"CommentAction","name":"Comment","target":["https:\/\/www.gaveanews.com\/index.php\/2025\/03\/26\/atletico-mg-responde-ao-vasco-de-forma-oficial-sobre-brahian-palacios\/#respond"]}],"copyrightYear":"2025","copyrightHolder":{"@id":"https:\/\/www.gaveanews.com\/#organization"}},{"@type":"WebPage","@id":"https:\/\/www.gaveanews.com\/index.php\/2025\/03\/26\/atletico-mg-responde-ao-vasco-de-forma-oficial-sobre-brahian-palacios\/","url":"https:\/\/www.gaveanews.com\/index.php\/2025\/03\/26\/atletico-mg-responde-ao-vasco-de-forma-oficial-sobre-brahian-palacios\/","name":"Atl\u00e9tico-MG responde ao Vasco de forma oficial sobre Brahian Palacios","isPartOf":{"@id":"https:\/\/www.gaveanews.com\/#website"},"primaryImageOfPage":{"@id":"https:\/\/www.gaveanews.com\/index.php\/2025\/03\/26\/atletico-mg-responde-ao-vasco-de-forma-oficial-sobre-brahian-palacios\/#primaryimage"},"image":{"@id":"https:\/\/www.gaveanews.com\/index.php\/2025\/03\/26\/atletico-mg-responde-ao-vasco-de-forma-oficial-sobre-brahian-palacios\/#primaryimage"},"thumbnailUrl":"https:\/\/www.gaveanews.com\/wp-content\/uploads\/Brahian-Palacios-pelo-Atletico-MG.webp","datePublished":"2025-03-26T15:30:00+00:00","author":{"@id":"https:\/\/www.gaveanews.com\/#\/schema\/person\/0eb3e3fe1754f0205218538adbe8f5ed"},"breadcrumb":{"@id":"https:\/\/www.gaveanews.com\/index.php\/2025\/03\/26\/atletico-mg-responde-ao-vasco-de-forma-oficial-sobre-brahian-palacios\/#breadcrumb"},"inLanguage":"pt-BR","potentialAction":[{"@type":"ReadAction","target":["https:\/\/www.gaveanews.com\/index.php\/2025\/03\/26\/atletico-mg-responde-ao-vasco-de-forma-oficial-sobre-brahian-palacios\/"]}]},{"@type":"ImageObject","inLanguage":"pt-BR","@id":"https:\/\/www.gaveanews.com\/index.php\/2025\/03\/26\/atletico-mg-responde-ao-vasco-de-forma-oficial-sobre-brahian-palacios\/#primaryimage","url":"https:\/\/www.gaveanews.com\/wp-content\/uploads\/Brahian-Palacios-pelo-Atletico-MG.webp","contentUrl":"https:\/\/www.gaveanews.com\/wp-content\/uploads\/Brahian-Palacios-pelo-Atletico-MG.webp","width":1293,"height":1066,"caption":"Brahian Palacios pelo Atl\u00e9tico-MG (Foto: Pedro Souza\/Atl\u00e9tico-MG)"},{"@type":"BreadcrumbList","@id":"https:\/\/www.gaveanews.com\/index.php\/2025\/03\/26\/atletico-mg-responde-ao-vasco-de-forma-oficial-sobre-brahian-palacios\/#breadcrumb","itemListElement":[{"@type":"ListItem","position":1,"name":"Home","item":"https:\/\/www.gaveanews.com\/"},{"@type":"ListItem","position":2,"name":"Atl\u00e9tico-MG responde ao Vasco de forma oficial sobre Brahian Palacios"}]},{"@type":"WebSite","@id":"https:\/\/www.gaveanews.com\/#website","url":"https:\/\/www.gaveanews.com\/","name":"G\u00e1vea News","description":"Veja todas as not\u00edcias sobre o Flamengo: Contrata\u00e7\u00f5es, categorias de base, resultados das partidas, tabela de classifica\u00e7\u00e3o, pr\u00f3ximos jogos!","potentialAction":[{"@type":"SearchAction","target":{"@type":"EntryPoint","urlTemplate":"https:\/\/www.gaveanews.com\/?s={search_term_string}"},"query-input":{"@type":"PropertyValueSpecification","valueRequired":true,"valueName":"search_term_string"}}],"inLanguage":"pt-BR"},{"@type":"Person","@id":"https:\/\/www.gaveanews.com\/#\/schema\/person\/0eb3e3fe1754f0205218538adbe8f5ed","name":"Rafaela Ladeira","image":{"@type":"ImageObject","inLanguage":"pt-BR","@id":"https:\/\/www.gaveanews.com\/#\/schema\/person\/image\/","url":"https:\/\/secure.gravatar.com\/avatar\/c31f513acffd85eacab5730cbdfdbbf59f21ba5aeada8cd890acea879fbb2455?s=96&d=mm&r=g","contentUrl":"https:\/\/secure.gravatar.com\/avatar\/c31f513acffd85eacab5730cbdfdbbf59f21ba5aeada8cd890acea879fbb2455?s=96&d=mm&r=g","caption":"Rafaela Ladeira"}}]}},"_links":{"self":[{"href":"https:\/\/www.gaveanews.com\/index.php\/wp-json\/wp\/v2\/posts\/244891","targetHints":{"allow":["GET"]}}],"collection":[{"href":"https:\/\/www.gaveanews.com\/index.php\/wp-json\/wp\/v2\/posts"}],"about":[{"href":"https:\/\/www.gaveanews.com\/index.php\/wp-json\/wp\/v2\/types\/post"}],"author":[{"embeddable":true,"href":"https:\/\/www.gaveanews.com\/index.php\/wp-json\/wp\/v2\/users\/25"}],"replies":[{"embeddable":true,"href":"https:\/\/www.gaveanews.com\/index.php\/wp-json\/wp\/v2\/comments?post=244891"}],"version-history":[{"count":1,"href":"https:\/\/www.gaveanews.com\/index.php\/wp-json\/wp\/v2\/posts\/244891\/revisions"}],"predecessor-version":[{"id":244892,"href":"https:\/\/www.gaveanews.com\/index.php\/wp-json\/wp\/v2\/posts\/244891\/revisions\/244892"}],"wp:featuredmedia":[{"embeddable":true,"href":"https:\/\/www.gaveanews.com\/index.php\/wp-json\/wp\/v2\/media\/172474"}],"wp:attachment":[{"href":"https:\/\/www.gaveanews.com\/index.php\/wp-json\/wp\/v2\/media?parent=244891"}],"wp:term":[{"taxonomy":"category","embeddable":true,"href":"https:\/\/www.gaveanews.com\/index.php\/wp-json\/wp\/v2\/categories?post=244891"},{"taxonomy":"post_tag","embeddable":true,"href":"https:\/\/www.gaveanews.com\/index.php\/wp-json\/wp\/v2\/tags?post=244891"}],"curies":[{"name":"wp","href":"https:\/\/api.w.org\/{rel}","templated":true}]}}