{"id":244894,"date":"2025-03-26T17:05:00","date_gmt":"2025-03-26T20:05:00","guid":{"rendered":"https:\/\/www.gaveanews.com\/?p=244894"},"modified":"2025-03-26T16:06:39","modified_gmt":"2025-03-26T19:06:39","slug":"a-declaracao-de-vinicius-junior-apos-a-derrota-do-brasil","status":"publish","type":"post","link":"https:\/\/www.gaveanews.com\/index.php\/2025\/03\/26\/a-declaracao-de-vinicius-junior-apos-a-derrota-do-brasil\/","title":{"rendered":"A declara\u00e7\u00e3o de Vinicius J\u00fanior ap\u00f3s a derrota do Brasil"},"content":{"rendered":"\n<p>A Sele\u00e7\u00e3o Brasileira enfrentou uma derrota expressiva por 4 a 1 contra a Argentina, nesta ter\u00e7a-feira, no Est\u00e1dio Monumental de N\u00fa\u00f1ez, em partida v\u00e1lida pelas Eliminat\u00f3rias Sul-Americanas. Ap\u00f3s o jogo, o atacante Vinicius J\u00fanior reconheceu o desempenho inferior da equipe e, al\u00e9m disso, destacou a necessidade de evolu\u00e7\u00e3o para os pr\u00f3ximos compromissos.<\/p>\n\n\n\n<p>Em entrevista concedida \u00e0 TV Globo logo ap\u00f3s o apito final, Vinicius J\u00fanior avaliou a performance brasileira de forma direta. Primeiramente, ele admitiu a atua\u00e7\u00e3o coletiva abaixo do esperado no confronto contra os rivais.<\/p>\n\n\n\n<p>&#8220;Fomos mal, jogamos muito mal&#8221;, declarou o atacante, enquanto reconhecia o m\u00e9rito advers\u00e1rio: &#8220;A Argentina fez uma excelente partida&#8221;. Consequentemente, ele apontou a urg\u00eancia de uma reavalia\u00e7\u00e3o interna sobre a abordagem da equipe em campo.<\/p>\n\n\n\n<p>O jogador tamb\u00e9m enfatizou a proximidade do Mundial e a responsabilidade inerente \u00e0 camisa da sele\u00e7\u00e3o. &#8220;Temos que repensar o que estamos fazendo&#8221;, afirmou, pois &#8220;as cobran\u00e7as v\u00e3o vir e o povo quer nossa vit\u00f3ria&#8221;. Adicionalmente, ele lembrou a expectativa por resultados positivos e a import\u00e2ncia da Copa do Mundo, visto que resta apenas um ano para o torneio.<\/p>\n\n\n\n<h2 class=\"wp-block-heading\" id=\"h-analise-de-vinicius-junior-sobre-o-desempenho\">An\u00e1lise de Vinicius J\u00fanior sobre o desempenho<\/h2>\n\n\n\n<p>&#8220;Acredito que temos que fazer muita coisa diferente&#8221;, complementou Vinicius J\u00fanior, embora tenha reafirmado a conhecida resili\u00eancia brasileira: &#8220;Somos brasileiros, n\u00e3o desistimos nunca. Vamos classificar para a Copa do Mundo e tentar fazer de tudo pelo nosso pa\u00eds&#8221;. O peso da camisa amarela exige melhora, segundo ele.<\/p>\n\n\n\n<p>Ao comparar as equipes, Vinicius J\u00fanior mencionou a trajet\u00f3ria mais longa da sele\u00e7\u00e3o argentina. Ele observou que os advers\u00e1rios possuem um entrosamento consolidado, j\u00e1 que atuam juntos h\u00e1 mais tempo. Al\u00e9m disso, destacou a confian\u00e7a elevada dos atuais campe\u00f5es mundiais.<\/p>\n\n\n\n<p>Em contrapartida, o atacante indicou que o Brasil ainda busca sua identidade e melhor forma de jogar sob o comando atual de Dorival J\u00fanior. &#8220;Estamos tentando encontrar a nossa maneira de jogar&#8221;, explicou, contudo, ponderou que &#8220;o trabalho \u00e9 longo e temos que seguir melhorando&#8221;.<\/p>\n\n\n\n<figure class=\"wp-block-image size-full is-resized\"><img loading=\"lazy\" decoding=\"async\" width=\"732\" height=\"412\" src=\"http:\/\/www.gaveanews.com\/wp-content\/uploads\/dorival-junior-selecao-e1704998153515.webp\" alt=\"\" class=\"wp-image-126556\" style=\"width:840px;height:auto\" srcset=\"https:\/\/www.gaveanews.com\/wp-content\/uploads\/dorival-junior-selecao-e1704998153515.webp 732w, https:\/\/www.gaveanews.com\/wp-content\/uploads\/dorival-junior-selecao-e1704998153515-300x169.webp 300w, https:\/\/www.gaveanews.com\/wp-content\/uploads\/dorival-junior-selecao-e1704998153515-640x360.webp 640w, https:\/\/www.gaveanews.com\/wp-content\/uploads\/dorival-junior-selecao-e1704998153515-681x383.webp 681w, https:\/\/www.gaveanews.com\/wp-content\/uploads\/dorival-junior-selecao-e1704998153515-100x56.webp 100w\" sizes=\"auto, (max-width: 732px) 100vw, 732px\" \/><figcaption class=\"wp-element-caption\">Dorival J\u00fanior, t\u00e9cnico da Sele\u00e7\u00e3o Brasileira (Foto: Reprodu\u00e7\u00e3o)<\/figcaption><\/figure>\n\n\n\n<h2 class=\"wp-block-heading\" id=\"h-impacto-na-classificacao-e-proximos-jogos\">Impacto na classifica\u00e7\u00e3o e pr\u00f3ximos jogos<\/h2>\n\n\n\n<p>Este resultado adverso rebaixa o Brasil para a quarta posi\u00e7\u00e3o na tabela das Eliminat\u00f3rias Sul-Americanas, somando agora 21 pontos. Paralelamente, a derrota intensifica a press\u00e3o sobre o t\u00e9cnico Dorival J\u00fanior e seu trabalho \u00e0 frente da equipe nacional.<\/p>\n\n\n\n<p>A Sele\u00e7\u00e3o Brasileira ter\u00e1 um intervalo superior a dois meses sem jogos oficiais. Posteriormente, o time retorna a campo na data Fifa de junho, quando enfrentar\u00e1 o Equador como visitante, no dia 5, pela 15\u00aa rodada das Eliminat\u00f3rias. Logo ap\u00f3s este compromisso, o Brasil jogar\u00e1 em casa contra o Paraguai.<\/p>\n","protected":false},"excerpt":{"rendered":"<p>A Sele\u00e7\u00e3o Brasileira enfrentou uma derrota expressiva por 4 a 1 contra a Argentina, nesta ter\u00e7a-feira, no Est\u00e1dio Monumental de N\u00fa\u00f1ez, em partida v\u00e1lida pelas Eliminat\u00f3rias Sul-Americanas. Ap\u00f3s o jogo, o atacante Vinicius J\u00fanior reconheceu o desempenho inferior da equipe e, al\u00e9m disso, destacou a necessidade de evolu\u00e7\u00e3o para os pr\u00f3ximos compromissos. Em entrevista concedida [&hellip;]<\/p>\n","protected":false},"author":28,"featured_media":131354,"comment_status":"open","ping_status":"closed","sticky":false,"template":"","format":"standard","meta":{"footnotes":""},"categories":[478,88],"tags":[],"class_list":["post-244894","post","type-post","status-publish","format-standard","has-post-thumbnail","hentry","category-brasil","category-real-madrid"],"yoast_head":"<!-- This site is optimized with the Yoast SEO Premium plugin v24.2 (Yoast SEO v26.9) - https:\/\/yoast.com\/product\/yoast-seo-premium-wordpress\/ -->\n<title>A declara\u00e7\u00e3o de Vinicius J\u00fanior ap\u00f3s a derrota do Brasil<\/title>\n<meta name=\"robots\" content=\"index, follow, max-snippet:-1, max-image-preview:large, max-video-preview:-1\" \/>\n<link rel=\"canonical\" href=\"https:\/\/www.gaveanews.com\/index.php\/2025\/03\/26\/a-declaracao-de-vinicius-junior-apos-a-derrota-do-brasil\/\" \/>\n<meta property=\"og:locale\" content=\"pt_BR\" \/>\n<meta property=\"og:type\" content=\"article\" \/>\n<meta property=\"og:title\" content=\"A declara\u00e7\u00e3o de Vinicius J\u00fanior ap\u00f3s a derrota do Brasil\" \/>\n<meta property=\"og:description\" content=\"A Sele\u00e7\u00e3o Brasileira enfrentou uma derrota expressiva por 4 a 1 contra a Argentina, nesta ter\u00e7a-feira, no Est\u00e1dio Monumental de N\u00fa\u00f1ez, em partida v\u00e1lida pelas Eliminat\u00f3rias Sul-Americanas. Ap\u00f3s o jogo, o atacante Vinicius J\u00fanior reconheceu o desempenho inferior da equipe e, al\u00e9m disso, destacou a necessidade de evolu\u00e7\u00e3o para os pr\u00f3ximos compromissos. Em entrevista concedida [&hellip;]\" \/>\n<meta property=\"og:url\" content=\"https:\/\/www.gaveanews.com\/index.php\/2025\/03\/26\/a-declaracao-de-vinicius-junior-apos-a-derrota-do-brasil\/\" \/>\n<meta property=\"og:site_name\" content=\"G\u00e1vea News\" \/>\n<meta property=\"article:publisher\" content=\"https:\/\/facebook.com\/gaveaNews\/\" \/>\n<meta property=\"article:published_time\" content=\"2025-03-26T20:05:00+00:00\" \/>\n<meta property=\"og:image\" content=\"https:\/\/www.gaveanews.com\/wp-content\/uploads\/vinicius-junior-hat-trick-real-madrid-barcelona.webp\" \/>\n\t<meta property=\"og:image:width\" content=\"1080\" \/>\n\t<meta property=\"og:image:height\" content=\"607\" \/>\n\t<meta property=\"og:image:type\" content=\"image\/webp\" \/>\n<meta name=\"author\" content=\"Hudson Pereira\" \/>\n<meta name=\"twitter:card\" content=\"summary_large_image\" \/>\n<meta name=\"twitter:label1\" content=\"Escrito por\" \/>\n\t<meta name=\"twitter:data1\" content=\"Hudson Pereira\" \/>\n\t<meta name=\"twitter:label2\" content=\"Est. tempo de leitura\" \/>\n\t<meta name=\"twitter:data2\" content=\"3 minutos\" \/>\n<script type=\"application\/ld+json\" class=\"yoast-schema-graph\">{\"@context\":\"https:\/\/schema.org\",\"@graph\":[{\"@type\":\"NewsArticle\",\"@id\":\"https:\/\/www.gaveanews.com\/index.php\/2025\/03\/26\/a-declaracao-de-vinicius-junior-apos-a-derrota-do-brasil\/#article\",\"isPartOf\":{\"@id\":\"https:\/\/www.gaveanews.com\/index.php\/2025\/03\/26\/a-declaracao-de-vinicius-junior-apos-a-derrota-do-brasil\/\"},\"author\":{\"name\":\"Hudson Pereira\",\"@id\":\"https:\/\/www.gaveanews.com\/#\/schema\/person\/bd08f00534b403119b92741a6d469ef0\"},\"headline\":\"A declara\u00e7\u00e3o de Vinicius J\u00fanior ap\u00f3s a derrota do Brasil\",\"datePublished\":\"2025-03-26T20:05:00+00:00\",\"mainEntityOfPage\":{\"@id\":\"https:\/\/www.gaveanews.com\/index.php\/2025\/03\/26\/a-declaracao-de-vinicius-junior-apos-a-derrota-do-brasil\/\"},\"wordCount\":477,\"commentCount\":0,\"image\":{\"@id\":\"https:\/\/www.gaveanews.com\/index.php\/2025\/03\/26\/a-declaracao-de-vinicius-junior-apos-a-derrota-do-brasil\/#primaryimage\"},\"thumbnailUrl\":\"https:\/\/www.gaveanews.com\/wp-content\/uploads\/vinicius-junior-hat-trick-real-madrid-barcelona.webp\",\"articleSection\":[\"Brasil\",\"Real Madrid\"],\"inLanguage\":\"pt-BR\",\"potentialAction\":[{\"@type\":\"CommentAction\",\"name\":\"Comment\",\"target\":[\"https:\/\/www.gaveanews.com\/index.php\/2025\/03\/26\/a-declaracao-de-vinicius-junior-apos-a-derrota-do-brasil\/#respond\"]}],\"copyrightYear\":\"2025\",\"copyrightHolder\":{\"@id\":\"https:\/\/www.gaveanews.com\/#organization\"}},{\"@type\":\"WebPage\",\"@id\":\"https:\/\/www.gaveanews.com\/index.php\/2025\/03\/26\/a-declaracao-de-vinicius-junior-apos-a-derrota-do-brasil\/\",\"url\":\"https:\/\/www.gaveanews.com\/index.php\/2025\/03\/26\/a-declaracao-de-vinicius-junior-apos-a-derrota-do-brasil\/\",\"name\":\"A declara\u00e7\u00e3o de Vinicius J\u00fanior ap\u00f3s a derrota do Brasil\",\"isPartOf\":{\"@id\":\"https:\/\/www.gaveanews.com\/#website\"},\"primaryImageOfPage\":{\"@id\":\"https:\/\/www.gaveanews.com\/index.php\/2025\/03\/26\/a-declaracao-de-vinicius-junior-apos-a-derrota-do-brasil\/#primaryimage\"},\"image\":{\"@id\":\"https:\/\/www.gaveanews.com\/index.php\/2025\/03\/26\/a-declaracao-de-vinicius-junior-apos-a-derrota-do-brasil\/#primaryimage\"},\"thumbnailUrl\":\"https:\/\/www.gaveanews.com\/wp-content\/uploads\/vinicius-junior-hat-trick-real-madrid-barcelona.webp\",\"datePublished\":\"2025-03-26T20:05:00+00:00\",\"author\":{\"@id\":\"https:\/\/www.gaveanews.com\/#\/schema\/person\/bd08f00534b403119b92741a6d469ef0\"},\"breadcrumb\":{\"@id\":\"https:\/\/www.gaveanews.com\/index.php\/2025\/03\/26\/a-declaracao-de-vinicius-junior-apos-a-derrota-do-brasil\/#breadcrumb\"},\"inLanguage\":\"pt-BR\",\"potentialAction\":[{\"@type\":\"ReadAction\",\"target\":[\"https:\/\/www.gaveanews.com\/index.php\/2025\/03\/26\/a-declaracao-de-vinicius-junior-apos-a-derrota-do-brasil\/\"]}]},{\"@type\":\"ImageObject\",\"inLanguage\":\"pt-BR\",\"@id\":\"https:\/\/www.gaveanews.com\/index.php\/2025\/03\/26\/a-declaracao-de-vinicius-junior-apos-a-derrota-do-brasil\/#primaryimage\",\"url\":\"https:\/\/www.gaveanews.com\/wp-content\/uploads\/vinicius-junior-hat-trick-real-madrid-barcelona.webp\",\"contentUrl\":\"https:\/\/www.gaveanews.com\/wp-content\/uploads\/vinicius-junior-hat-trick-real-madrid-barcelona.webp\",\"width\":1080,\"height\":607,\"caption\":\"Vin\u00edcius J\u00fanior ao comemorar gol marcado contra o Barcelona (Foto: Reprodu\u00e7\u00e3o\/Real Madrid)\"},{\"@type\":\"BreadcrumbList\",\"@id\":\"https:\/\/www.gaveanews.com\/index.php\/2025\/03\/26\/a-declaracao-de-vinicius-junior-apos-a-derrota-do-brasil\/#breadcrumb\",\"itemListElement\":[{\"@type\":\"ListItem\",\"position\":1,\"name\":\"Home\",\"item\":\"https:\/\/www.gaveanews.com\/\"},{\"@type\":\"ListItem\",\"position\":2,\"name\":\"A declara\u00e7\u00e3o de Vinicius J\u00fanior ap\u00f3s a derrota do Brasil\"}]},{\"@type\":\"WebSite\",\"@id\":\"https:\/\/www.gaveanews.com\/#website\",\"url\":\"https:\/\/www.gaveanews.com\/\",\"name\":\"G\u00e1vea News\",\"description\":\"Veja todas as not\u00edcias sobre o Flamengo: Contrata\u00e7\u00f5es, categorias de base, resultados das partidas, tabela de classifica\u00e7\u00e3o, pr\u00f3ximos jogos!\",\"potentialAction\":[{\"@type\":\"SearchAction\",\"target\":{\"@type\":\"EntryPoint\",\"urlTemplate\":\"https:\/\/www.gaveanews.com\/?s={search_term_string}\"},\"query-input\":{\"@type\":\"PropertyValueSpecification\",\"valueRequired\":true,\"valueName\":\"search_term_string\"}}],\"inLanguage\":\"pt-BR\"},{\"@type\":\"Person\",\"@id\":\"https:\/\/www.gaveanews.com\/#\/schema\/person\/bd08f00534b403119b92741a6d469ef0\",\"name\":\"Hudson Pereira\",\"image\":{\"@type\":\"ImageObject\",\"inLanguage\":\"pt-BR\",\"@id\":\"https:\/\/www.gaveanews.com\/#\/schema\/person\/image\/\",\"url\":\"https:\/\/secure.gravatar.com\/avatar\/ecc491b489e454e510efffc9b23c1052ce5fb4f2e05555768ba65819cd55f03e?s=96&d=mm&r=g\",\"contentUrl\":\"https:\/\/secure.gravatar.com\/avatar\/ecc491b489e454e510efffc9b23c1052ce5fb4f2e05555768ba65819cd55f03e?s=96&d=mm&r=g\",\"caption\":\"Hudson Pereira\"}}]}<\/script>\n<!-- \/ Yoast SEO Premium plugin. -->","yoast_head_json":{"title":"A declara\u00e7\u00e3o de Vinicius J\u00fanior ap\u00f3s a derrota do Brasil","robots":{"index":"index","follow":"follow","max-snippet":"max-snippet:-1","max-image-preview":"max-image-preview:large","max-video-preview":"max-video-preview:-1"},"canonical":"https:\/\/www.gaveanews.com\/index.php\/2025\/03\/26\/a-declaracao-de-vinicius-junior-apos-a-derrota-do-brasil\/","og_locale":"pt_BR","og_type":"article","og_title":"A declara\u00e7\u00e3o de Vinicius J\u00fanior ap\u00f3s a derrota do Brasil","og_description":"A Sele\u00e7\u00e3o Brasileira enfrentou uma derrota expressiva por 4 a 1 contra a Argentina, nesta ter\u00e7a-feira, no Est\u00e1dio Monumental de N\u00fa\u00f1ez, em partida v\u00e1lida pelas Eliminat\u00f3rias Sul-Americanas. Ap\u00f3s o jogo, o atacante Vinicius J\u00fanior reconheceu o desempenho inferior da equipe e, al\u00e9m disso, destacou a necessidade de evolu\u00e7\u00e3o para os pr\u00f3ximos compromissos. Em entrevista concedida [&hellip;]","og_url":"https:\/\/www.gaveanews.com\/index.php\/2025\/03\/26\/a-declaracao-de-vinicius-junior-apos-a-derrota-do-brasil\/","og_site_name":"G\u00e1vea News","article_publisher":"https:\/\/facebook.com\/gaveaNews\/","article_published_time":"2025-03-26T20:05:00+00:00","og_image":[{"width":1080,"height":607,"url":"https:\/\/www.gaveanews.com\/wp-content\/uploads\/vinicius-junior-hat-trick-real-madrid-barcelona.webp","type":"image\/webp"}],"author":"Hudson Pereira","twitter_card":"summary_large_image","twitter_misc":{"Escrito por":"Hudson Pereira","Est. tempo de leitura":"3 minutos"},"schema":{"@context":"https:\/\/schema.org","@graph":[{"@type":"NewsArticle","@id":"https:\/\/www.gaveanews.com\/index.php\/2025\/03\/26\/a-declaracao-de-vinicius-junior-apos-a-derrota-do-brasil\/#article","isPartOf":{"@id":"https:\/\/www.gaveanews.com\/index.php\/2025\/03\/26\/a-declaracao-de-vinicius-junior-apos-a-derrota-do-brasil\/"},"author":{"name":"Hudson Pereira","@id":"https:\/\/www.gaveanews.com\/#\/schema\/person\/bd08f00534b403119b92741a6d469ef0"},"headline":"A declara\u00e7\u00e3o de Vinicius J\u00fanior ap\u00f3s a derrota do Brasil","datePublished":"2025-03-26T20:05:00+00:00","mainEntityOfPage":{"@id":"https:\/\/www.gaveanews.com\/index.php\/2025\/03\/26\/a-declaracao-de-vinicius-junior-apos-a-derrota-do-brasil\/"},"wordCount":477,"commentCount":0,"image":{"@id":"https:\/\/www.gaveanews.com\/index.php\/2025\/03\/26\/a-declaracao-de-vinicius-junior-apos-a-derrota-do-brasil\/#primaryimage"},"thumbnailUrl":"https:\/\/www.gaveanews.com\/wp-content\/uploads\/vinicius-junior-hat-trick-real-madrid-barcelona.webp","articleSection":["Brasil","Real Madrid"],"inLanguage":"pt-BR","potentialAction":[{"@type":"CommentAction","name":"Comment","target":["https:\/\/www.gaveanews.com\/index.php\/2025\/03\/26\/a-declaracao-de-vinicius-junior-apos-a-derrota-do-brasil\/#respond"]}],"copyrightYear":"2025","copyrightHolder":{"@id":"https:\/\/www.gaveanews.com\/#organization"}},{"@type":"WebPage","@id":"https:\/\/www.gaveanews.com\/index.php\/2025\/03\/26\/a-declaracao-de-vinicius-junior-apos-a-derrota-do-brasil\/","url":"https:\/\/www.gaveanews.com\/index.php\/2025\/03\/26\/a-declaracao-de-vinicius-junior-apos-a-derrota-do-brasil\/","name":"A declara\u00e7\u00e3o de Vinicius J\u00fanior ap\u00f3s a derrota do Brasil","isPartOf":{"@id":"https:\/\/www.gaveanews.com\/#website"},"primaryImageOfPage":{"@id":"https:\/\/www.gaveanews.com\/index.php\/2025\/03\/26\/a-declaracao-de-vinicius-junior-apos-a-derrota-do-brasil\/#primaryimage"},"image":{"@id":"https:\/\/www.gaveanews.com\/index.php\/2025\/03\/26\/a-declaracao-de-vinicius-junior-apos-a-derrota-do-brasil\/#primaryimage"},"thumbnailUrl":"https:\/\/www.gaveanews.com\/wp-content\/uploads\/vinicius-junior-hat-trick-real-madrid-barcelona.webp","datePublished":"2025-03-26T20:05:00+00:00","author":{"@id":"https:\/\/www.gaveanews.com\/#\/schema\/person\/bd08f00534b403119b92741a6d469ef0"},"breadcrumb":{"@id":"https:\/\/www.gaveanews.com\/index.php\/2025\/03\/26\/a-declaracao-de-vinicius-junior-apos-a-derrota-do-brasil\/#breadcrumb"},"inLanguage":"pt-BR","potentialAction":[{"@type":"ReadAction","target":["https:\/\/www.gaveanews.com\/index.php\/2025\/03\/26\/a-declaracao-de-vinicius-junior-apos-a-derrota-do-brasil\/"]}]},{"@type":"ImageObject","inLanguage":"pt-BR","@id":"https:\/\/www.gaveanews.com\/index.php\/2025\/03\/26\/a-declaracao-de-vinicius-junior-apos-a-derrota-do-brasil\/#primaryimage","url":"https:\/\/www.gaveanews.com\/wp-content\/uploads\/vinicius-junior-hat-trick-real-madrid-barcelona.webp","contentUrl":"https:\/\/www.gaveanews.com\/wp-content\/uploads\/vinicius-junior-hat-trick-real-madrid-barcelona.webp","width":1080,"height":607,"caption":"Vin\u00edcius J\u00fanior ao comemorar gol marcado contra o Barcelona (Foto: Reprodu\u00e7\u00e3o\/Real Madrid)"},{"@type":"BreadcrumbList","@id":"https:\/\/www.gaveanews.com\/index.php\/2025\/03\/26\/a-declaracao-de-vinicius-junior-apos-a-derrota-do-brasil\/#breadcrumb","itemListElement":[{"@type":"ListItem","position":1,"name":"Home","item":"https:\/\/www.gaveanews.com\/"},{"@type":"ListItem","position":2,"name":"A declara\u00e7\u00e3o de Vinicius J\u00fanior ap\u00f3s a derrota do Brasil"}]},{"@type":"WebSite","@id":"https:\/\/www.gaveanews.com\/#website","url":"https:\/\/www.gaveanews.com\/","name":"G\u00e1vea News","description":"Veja todas as not\u00edcias sobre o Flamengo: Contrata\u00e7\u00f5es, categorias de base, resultados das partidas, tabela de classifica\u00e7\u00e3o, pr\u00f3ximos jogos!","potentialAction":[{"@type":"SearchAction","target":{"@type":"EntryPoint","urlTemplate":"https:\/\/www.gaveanews.com\/?s={search_term_string}"},"query-input":{"@type":"PropertyValueSpecification","valueRequired":true,"valueName":"search_term_string"}}],"inLanguage":"pt-BR"},{"@type":"Person","@id":"https:\/\/www.gaveanews.com\/#\/schema\/person\/bd08f00534b403119b92741a6d469ef0","name":"Hudson Pereira","image":{"@type":"ImageObject","inLanguage":"pt-BR","@id":"https:\/\/www.gaveanews.com\/#\/schema\/person\/image\/","url":"https:\/\/secure.gravatar.com\/avatar\/ecc491b489e454e510efffc9b23c1052ce5fb4f2e05555768ba65819cd55f03e?s=96&d=mm&r=g","contentUrl":"https:\/\/secure.gravatar.com\/avatar\/ecc491b489e454e510efffc9b23c1052ce5fb4f2e05555768ba65819cd55f03e?s=96&d=mm&r=g","caption":"Hudson Pereira"}}]}},"_links":{"self":[{"href":"https:\/\/www.gaveanews.com\/index.php\/wp-json\/wp\/v2\/posts\/244894","targetHints":{"allow":["GET"]}}],"collection":[{"href":"https:\/\/www.gaveanews.com\/index.php\/wp-json\/wp\/v2\/posts"}],"about":[{"href":"https:\/\/www.gaveanews.com\/index.php\/wp-json\/wp\/v2\/types\/post"}],"author":[{"embeddable":true,"href":"https:\/\/www.gaveanews.com\/index.php\/wp-json\/wp\/v2\/users\/28"}],"replies":[{"embeddable":true,"href":"https:\/\/www.gaveanews.com\/index.php\/wp-json\/wp\/v2\/comments?post=244894"}],"version-history":[{"count":2,"href":"https:\/\/www.gaveanews.com\/index.php\/wp-json\/wp\/v2\/posts\/244894\/revisions"}],"predecessor-version":[{"id":244897,"href":"https:\/\/www.gaveanews.com\/index.php\/wp-json\/wp\/v2\/posts\/244894\/revisions\/244897"}],"wp:featuredmedia":[{"embeddable":true,"href":"https:\/\/www.gaveanews.com\/index.php\/wp-json\/wp\/v2\/media\/131354"}],"wp:attachment":[{"href":"https:\/\/www.gaveanews.com\/index.php\/wp-json\/wp\/v2\/media?parent=244894"}],"wp:term":[{"taxonomy":"category","embeddable":true,"href":"https:\/\/www.gaveanews.com\/index.php\/wp-json\/wp\/v2\/categories?post=244894"},{"taxonomy":"post_tag","embeddable":true,"href":"https:\/\/www.gaveanews.com\/index.php\/wp-json\/wp\/v2\/tags?post=244894"}],"curies":[{"name":"wp","href":"https:\/\/api.w.org\/{rel}","templated":true}]}}