{"id":244901,"date":"2025-03-26T12:50:00","date_gmt":"2025-03-26T15:50:00","guid":{"rendered":"https:\/\/www.gaveanews.com\/?p=244901"},"modified":"2025-03-26T15:26:36","modified_gmt":"2025-03-26T18:26:36","slug":"vai-sair-atualizacao-sobre-a-renovacao-de-filipe-luis-com-o-flamengo","status":"publish","type":"post","link":"https:\/\/www.gaveanews.com\/index.php\/2025\/03\/26\/vai-sair-atualizacao-sobre-a-renovacao-de-filipe-luis-com-o-flamengo\/","title":{"rendered":"Vai sair? Atualiza\u00e7\u00e3o sobre a renova\u00e7\u00e3o de Filipe Lu\u00eds com o Flamengo"},"content":{"rendered":"\n<p>A diretoria do Flamengo tomou uma posi\u00e7\u00e3o clara em rela\u00e7\u00e3o ao futuro do t\u00e9cnico Filipe Lu\u00eds. Ap\u00f3s a crescente especula\u00e7\u00e3o sobre uma poss\u00edvel sa\u00edda do treinador para a Sele\u00e7\u00e3o Brasileira, o clube decidiu agir de forma preventiva. Conforme o cen\u00e1rio atual, h\u00e1 uma confian\u00e7a interna de que o ex-lateral da Sele\u00e7\u00e3o n\u00e3o aceitar\u00e1 qualquer convite da CBF neste momento.<\/p>\n\n\n\n<p>Filipe Lu\u00eds vem se destacando desde que assumiu o comando t\u00e9cnico do Flamengo. Ali\u00e1s, sua trajet\u00f3ria como treinador j\u00e1 \u00e9 marcada por conquistas relevantes. O ex-jogador j\u00e1 levou o time \u00e0 conquista da Copa do Brasil, da Ta\u00e7a Guanabara e do Campeonato Carioca. At\u00e9 aqui, sua \u00fanica derrota ocorreu em um cl\u00e1ssico contra o Fluminense, na temporada passada.<\/p>\n\n\n\n<figure class=\"wp-block-image size-full\"><img loading=\"lazy\" decoding=\"async\" width=\"984\" height=\"738\" src=\"http:\/\/www.gaveanews.com\/wp-content\/uploads\/filipe-luis-coletiva.webp\" alt=\"\" class=\"wp-image-114219\" srcset=\"https:\/\/www.gaveanews.com\/wp-content\/uploads\/filipe-luis-coletiva.webp 984w, https:\/\/www.gaveanews.com\/wp-content\/uploads\/filipe-luis-coletiva-300x225.webp 300w, https:\/\/www.gaveanews.com\/wp-content\/uploads\/filipe-luis-coletiva-768x576.webp 768w, https:\/\/www.gaveanews.com\/wp-content\/uploads\/filipe-luis-coletiva-560x420.webp 560w, https:\/\/www.gaveanews.com\/wp-content\/uploads\/filipe-luis-coletiva-80x60.webp 80w, https:\/\/www.gaveanews.com\/wp-content\/uploads\/filipe-luis-coletiva-160x120.webp 160w, https:\/\/www.gaveanews.com\/wp-content\/uploads\/filipe-luis-coletiva-100x75.webp 100w, https:\/\/www.gaveanews.com\/wp-content\/uploads\/filipe-luis-coletiva-200x150.webp 200w, https:\/\/www.gaveanews.com\/wp-content\/uploads\/filipe-luis-coletiva-180x135.webp 180w, https:\/\/www.gaveanews.com\/wp-content\/uploads\/filipe-luis-coletiva-360x270.webp 360w, https:\/\/www.gaveanews.com\/wp-content\/uploads\/filipe-luis-coletiva-238x178.webp 238w, https:\/\/www.gaveanews.com\/wp-content\/uploads\/filipe-luis-coletiva-476x356.webp 476w, https:\/\/www.gaveanews.com\/wp-content\/uploads\/filipe-luis-coletiva-640x480.webp 640w, https:\/\/www.gaveanews.com\/wp-content\/uploads\/filipe-luis-coletiva-681x511.webp 681w\" sizes=\"auto, (max-width: 984px) 100vw, 984px\" \/><figcaption class=\"wp-element-caption\">Filipe Lu\u00eds em entrevista coletiva do Flamengo (Foto: Fred Gomes)<\/figcaption><\/figure>\n\n\n\n<p>A performance positiva no comando rubro-negro despertou a aten\u00e7\u00e3o de parte da torcida brasileira e de membros ligados aos bastidores da Confedera\u00e7\u00e3o Brasileira de Futebol. Dorival J\u00fanior, atual t\u00e9cnico da Sele\u00e7\u00e3o, vive um momento delicado, e o nome de Filipe passou a ser mencionado com maior frequ\u00eancia nas redes sociais como uma poss\u00edvel alternativa.<\/p>\n\n\n\n<p>Contudo, de acordo com o posicionamento interno do clube, o foco de Filipe Lu\u00eds permanece integralmente voltado ao trabalho no Flamengo. \u201cExiste uma certeza muito grande de que ele n\u00e3o sair\u00e1 agora\u201d, indicou uma fonte ligada ao clube. Por isso, conversas para uma renova\u00e7\u00e3o contratual foram iniciadas e, segundo informa\u00e7\u00f5es apuradas, j\u00e1 h\u00e1 um princ\u00edpio de acordo entre as partes.<\/p>\n\n\n\n<p>A decis\u00e3o \u00e9 estrat\u00e9gica. Afinal, a perman\u00eancia de um treinador identificado com o clube e com resultados expressivos em t\u00e3o pouco tempo refor\u00e7a o planejamento da equipe para a temporada. A diretoria entende que manter Filipe \u00e0 frente do elenco \u00e9 essencial para dar continuidade ao bom desempenho e consolidar ainda mais a identidade do time.<\/p>\n\n\n\n<p>Por fim, \u00e9 importante destacar que a torcida do Flamengo, que anteriormente se mostrava saudosa com o per\u00edodo vitorioso de Jorge Jesus, atualmente demonstra total apoio ao trabalho de Filipe Lu\u00eds. A confian\u00e7a no treinador \u00e9 vis\u00edvel, e a expectativa interna \u00e9 que a renova\u00e7\u00e3o seja formalizada nos pr\u00f3ximos dias, encerrando qualquer d\u00favida sobre seu futuro.<\/p>\n","protected":false},"excerpt":{"rendered":"<p>A diretoria do Flamengo tomou uma posi\u00e7\u00e3o clara em rela\u00e7\u00e3o ao futuro do t\u00e9cnico Filipe Lu\u00eds. Ap\u00f3s a crescente especula\u00e7\u00e3o sobre uma poss\u00edvel sa\u00edda do treinador para a Sele\u00e7\u00e3o Brasileira, o clube decidiu agir de forma preventiva. Conforme o cen\u00e1rio atual, h\u00e1 uma confian\u00e7a interna de que o ex-lateral da Sele\u00e7\u00e3o n\u00e3o aceitar\u00e1 qualquer convite [&hellip;]<\/p>\n","protected":false},"author":27,"featured_media":161321,"comment_status":"open","ping_status":"closed","sticky":false,"template":"","format":"standard","meta":{"footnotes":""},"categories":[1],"tags":[],"class_list":["post-244901","post","type-post","status-publish","format-standard","has-post-thumbnail","hentry","category-flamengo"],"yoast_head":"<!-- This site is optimized with the Yoast SEO Premium plugin v24.2 (Yoast SEO v26.9) - https:\/\/yoast.com\/product\/yoast-seo-premium-wordpress\/ -->\n<title>Vai sair? Atualiza\u00e7\u00e3o sobre a renova\u00e7\u00e3o de Filipe Lu\u00eds com o Flamengo<\/title>\n<meta name=\"robots\" content=\"index, follow, max-snippet:-1, max-image-preview:large, max-video-preview:-1\" \/>\n<link rel=\"canonical\" href=\"https:\/\/www.gaveanews.com\/index.php\/2025\/03\/26\/vai-sair-atualizacao-sobre-a-renovacao-de-filipe-luis-com-o-flamengo\/\" \/>\n<meta property=\"og:locale\" content=\"pt_BR\" \/>\n<meta property=\"og:type\" content=\"article\" \/>\n<meta property=\"og:title\" content=\"Vai sair? Atualiza\u00e7\u00e3o sobre a renova\u00e7\u00e3o de Filipe Lu\u00eds com o Flamengo\" \/>\n<meta property=\"og:description\" content=\"A diretoria do Flamengo tomou uma posi\u00e7\u00e3o clara em rela\u00e7\u00e3o ao futuro do t\u00e9cnico Filipe Lu\u00eds. Ap\u00f3s a crescente especula\u00e7\u00e3o sobre uma poss\u00edvel sa\u00edda do treinador para a Sele\u00e7\u00e3o Brasileira, o clube decidiu agir de forma preventiva. Conforme o cen\u00e1rio atual, h\u00e1 uma confian\u00e7a interna de que o ex-lateral da Sele\u00e7\u00e3o n\u00e3o aceitar\u00e1 qualquer convite [&hellip;]\" \/>\n<meta property=\"og:url\" content=\"https:\/\/www.gaveanews.com\/index.php\/2025\/03\/26\/vai-sair-atualizacao-sobre-a-renovacao-de-filipe-luis-com-o-flamengo\/\" \/>\n<meta property=\"og:site_name\" content=\"G\u00e1vea News\" \/>\n<meta property=\"article:publisher\" content=\"https:\/\/facebook.com\/gaveaNews\/\" \/>\n<meta property=\"article:published_time\" content=\"2025-03-26T15:50:00+00:00\" \/>\n<meta property=\"article:modified_time\" content=\"2025-03-26T18:26:36+00:00\" \/>\n<meta property=\"og:image\" content=\"http:\/\/www.gaveanews.com\/wp-content\/uploads\/filipe-luis-campeao-maracana-860x538-1.webp\" \/>\n\t<meta property=\"og:image:width\" content=\"860\" \/>\n\t<meta property=\"og:image:height\" content=\"538\" \/>\n\t<meta property=\"og:image:type\" content=\"image\/webp\" \/>\n<meta name=\"author\" content=\"Matheus Felipe\" \/>\n<meta name=\"twitter:card\" content=\"summary_large_image\" \/>\n<meta name=\"twitter:label1\" content=\"Escrito por\" \/>\n\t<meta name=\"twitter:data1\" content=\"Matheus Felipe\" \/>\n\t<meta name=\"twitter:label2\" content=\"Est. tempo de leitura\" \/>\n\t<meta name=\"twitter:data2\" content=\"3 minutos\" \/>\n<script type=\"application\/ld+json\" class=\"yoast-schema-graph\">{\"@context\":\"https:\/\/schema.org\",\"@graph\":[{\"@type\":\"NewsArticle\",\"@id\":\"https:\/\/www.gaveanews.com\/index.php\/2025\/03\/26\/vai-sair-atualizacao-sobre-a-renovacao-de-filipe-luis-com-o-flamengo\/#article\",\"isPartOf\":{\"@id\":\"https:\/\/www.gaveanews.com\/index.php\/2025\/03\/26\/vai-sair-atualizacao-sobre-a-renovacao-de-filipe-luis-com-o-flamengo\/\"},\"author\":{\"name\":\"Matheus Felipe\",\"@id\":\"https:\/\/www.gaveanews.com\/#\/schema\/person\/8207cd4627f56151707418bfc835b2fb\"},\"headline\":\"Vai sair? Atualiza\u00e7\u00e3o sobre a renova\u00e7\u00e3o de Filipe Lu\u00eds com o Flamengo\",\"datePublished\":\"2025-03-26T15:50:00+00:00\",\"dateModified\":\"2025-03-26T18:26:36+00:00\",\"mainEntityOfPage\":{\"@id\":\"https:\/\/www.gaveanews.com\/index.php\/2025\/03\/26\/vai-sair-atualizacao-sobre-a-renovacao-de-filipe-luis-com-o-flamengo\/\"},\"wordCount\":404,\"commentCount\":0,\"image\":{\"@id\":\"https:\/\/www.gaveanews.com\/index.php\/2025\/03\/26\/vai-sair-atualizacao-sobre-a-renovacao-de-filipe-luis-com-o-flamengo\/#primaryimage\"},\"thumbnailUrl\":\"https:\/\/www.gaveanews.com\/wp-content\/uploads\/filipe-luis-campeao-maracana-860x538-1.webp\",\"articleSection\":[\"Flamengo\"],\"inLanguage\":\"pt-BR\",\"potentialAction\":[{\"@type\":\"CommentAction\",\"name\":\"Comment\",\"target\":[\"https:\/\/www.gaveanews.com\/index.php\/2025\/03\/26\/vai-sair-atualizacao-sobre-a-renovacao-de-filipe-luis-com-o-flamengo\/#respond\"]}],\"copyrightYear\":\"2025\",\"copyrightHolder\":{\"@id\":\"https:\/\/www.gaveanews.com\/#organization\"}},{\"@type\":\"WebPage\",\"@id\":\"https:\/\/www.gaveanews.com\/index.php\/2025\/03\/26\/vai-sair-atualizacao-sobre-a-renovacao-de-filipe-luis-com-o-flamengo\/\",\"url\":\"https:\/\/www.gaveanews.com\/index.php\/2025\/03\/26\/vai-sair-atualizacao-sobre-a-renovacao-de-filipe-luis-com-o-flamengo\/\",\"name\":\"Vai sair? Atualiza\u00e7\u00e3o sobre a renova\u00e7\u00e3o de Filipe Lu\u00eds com o Flamengo\",\"isPartOf\":{\"@id\":\"https:\/\/www.gaveanews.com\/#website\"},\"primaryImageOfPage\":{\"@id\":\"https:\/\/www.gaveanews.com\/index.php\/2025\/03\/26\/vai-sair-atualizacao-sobre-a-renovacao-de-filipe-luis-com-o-flamengo\/#primaryimage\"},\"image\":{\"@id\":\"https:\/\/www.gaveanews.com\/index.php\/2025\/03\/26\/vai-sair-atualizacao-sobre-a-renovacao-de-filipe-luis-com-o-flamengo\/#primaryimage\"},\"thumbnailUrl\":\"https:\/\/www.gaveanews.com\/wp-content\/uploads\/filipe-luis-campeao-maracana-860x538-1.webp\",\"datePublished\":\"2025-03-26T15:50:00+00:00\",\"dateModified\":\"2025-03-26T18:26:36+00:00\",\"author\":{\"@id\":\"https:\/\/www.gaveanews.com\/#\/schema\/person\/8207cd4627f56151707418bfc835b2fb\"},\"breadcrumb\":{\"@id\":\"https:\/\/www.gaveanews.com\/index.php\/2025\/03\/26\/vai-sair-atualizacao-sobre-a-renovacao-de-filipe-luis-com-o-flamengo\/#breadcrumb\"},\"inLanguage\":\"pt-BR\",\"potentialAction\":[{\"@type\":\"ReadAction\",\"target\":[\"https:\/\/www.gaveanews.com\/index.php\/2025\/03\/26\/vai-sair-atualizacao-sobre-a-renovacao-de-filipe-luis-com-o-flamengo\/\"]}]},{\"@type\":\"ImageObject\",\"inLanguage\":\"pt-BR\",\"@id\":\"https:\/\/www.gaveanews.com\/index.php\/2025\/03\/26\/vai-sair-atualizacao-sobre-a-renovacao-de-filipe-luis-com-o-flamengo\/#primaryimage\",\"url\":\"https:\/\/www.gaveanews.com\/wp-content\/uploads\/filipe-luis-campeao-maracana-860x538-1.webp\",\"contentUrl\":\"https:\/\/www.gaveanews.com\/wp-content\/uploads\/filipe-luis-campeao-maracana-860x538-1.webp\",\"width\":860,\"height\":538,\"caption\":\"Foto: Adriano Fontes \/ Flamengo\"},{\"@type\":\"BreadcrumbList\",\"@id\":\"https:\/\/www.gaveanews.com\/index.php\/2025\/03\/26\/vai-sair-atualizacao-sobre-a-renovacao-de-filipe-luis-com-o-flamengo\/#breadcrumb\",\"itemListElement\":[{\"@type\":\"ListItem\",\"position\":1,\"name\":\"Home\",\"item\":\"https:\/\/www.gaveanews.com\/\"},{\"@type\":\"ListItem\",\"position\":2,\"name\":\"Vai sair? Atualiza\u00e7\u00e3o sobre a renova\u00e7\u00e3o de Filipe Lu\u00eds com o Flamengo\"}]},{\"@type\":\"WebSite\",\"@id\":\"https:\/\/www.gaveanews.com\/#website\",\"url\":\"https:\/\/www.gaveanews.com\/\",\"name\":\"G\u00e1vea News\",\"description\":\"Veja todas as not\u00edcias sobre o Flamengo: Contrata\u00e7\u00f5es, categorias de base, resultados das partidas, tabela de classifica\u00e7\u00e3o, pr\u00f3ximos jogos!\",\"potentialAction\":[{\"@type\":\"SearchAction\",\"target\":{\"@type\":\"EntryPoint\",\"urlTemplate\":\"https:\/\/www.gaveanews.com\/?s={search_term_string}\"},\"query-input\":{\"@type\":\"PropertyValueSpecification\",\"valueRequired\":true,\"valueName\":\"search_term_string\"}}],\"inLanguage\":\"pt-BR\"},{\"@type\":\"Person\",\"@id\":\"https:\/\/www.gaveanews.com\/#\/schema\/person\/8207cd4627f56151707418bfc835b2fb\",\"name\":\"Matheus Felipe\",\"image\":{\"@type\":\"ImageObject\",\"inLanguage\":\"pt-BR\",\"@id\":\"https:\/\/www.gaveanews.com\/#\/schema\/person\/image\/\",\"url\":\"https:\/\/secure.gravatar.com\/avatar\/a452ffbed9130f726358b298bb3a99ce4bd3c5338411f8440e87e14d74c7c087?s=96&d=mm&r=g\",\"contentUrl\":\"https:\/\/secure.gravatar.com\/avatar\/a452ffbed9130f726358b298bb3a99ce4bd3c5338411f8440e87e14d74c7c087?s=96&d=mm&r=g\",\"caption\":\"Matheus Felipe\"}}]}<\/script>\n<!-- \/ Yoast SEO Premium plugin. -->","yoast_head_json":{"title":"Vai sair? Atualiza\u00e7\u00e3o sobre a renova\u00e7\u00e3o de Filipe Lu\u00eds com o Flamengo","robots":{"index":"index","follow":"follow","max-snippet":"max-snippet:-1","max-image-preview":"max-image-preview:large","max-video-preview":"max-video-preview:-1"},"canonical":"https:\/\/www.gaveanews.com\/index.php\/2025\/03\/26\/vai-sair-atualizacao-sobre-a-renovacao-de-filipe-luis-com-o-flamengo\/","og_locale":"pt_BR","og_type":"article","og_title":"Vai sair? Atualiza\u00e7\u00e3o sobre a renova\u00e7\u00e3o de Filipe Lu\u00eds com o Flamengo","og_description":"A diretoria do Flamengo tomou uma posi\u00e7\u00e3o clara em rela\u00e7\u00e3o ao futuro do t\u00e9cnico Filipe Lu\u00eds. Ap\u00f3s a crescente especula\u00e7\u00e3o sobre uma poss\u00edvel sa\u00edda do treinador para a Sele\u00e7\u00e3o Brasileira, o clube decidiu agir de forma preventiva. Conforme o cen\u00e1rio atual, h\u00e1 uma confian\u00e7a interna de que o ex-lateral da Sele\u00e7\u00e3o n\u00e3o aceitar\u00e1 qualquer convite [&hellip;]","og_url":"https:\/\/www.gaveanews.com\/index.php\/2025\/03\/26\/vai-sair-atualizacao-sobre-a-renovacao-de-filipe-luis-com-o-flamengo\/","og_site_name":"G\u00e1vea News","article_publisher":"https:\/\/facebook.com\/gaveaNews\/","article_published_time":"2025-03-26T15:50:00+00:00","article_modified_time":"2025-03-26T18:26:36+00:00","og_image":[{"width":860,"height":538,"url":"http:\/\/www.gaveanews.com\/wp-content\/uploads\/filipe-luis-campeao-maracana-860x538-1.webp","type":"image\/webp"}],"author":"Matheus Felipe","twitter_card":"summary_large_image","twitter_misc":{"Escrito por":"Matheus Felipe","Est. tempo de leitura":"3 minutos"},"schema":{"@context":"https:\/\/schema.org","@graph":[{"@type":"NewsArticle","@id":"https:\/\/www.gaveanews.com\/index.php\/2025\/03\/26\/vai-sair-atualizacao-sobre-a-renovacao-de-filipe-luis-com-o-flamengo\/#article","isPartOf":{"@id":"https:\/\/www.gaveanews.com\/index.php\/2025\/03\/26\/vai-sair-atualizacao-sobre-a-renovacao-de-filipe-luis-com-o-flamengo\/"},"author":{"name":"Matheus Felipe","@id":"https:\/\/www.gaveanews.com\/#\/schema\/person\/8207cd4627f56151707418bfc835b2fb"},"headline":"Vai sair? Atualiza\u00e7\u00e3o sobre a renova\u00e7\u00e3o de Filipe Lu\u00eds com o Flamengo","datePublished":"2025-03-26T15:50:00+00:00","dateModified":"2025-03-26T18:26:36+00:00","mainEntityOfPage":{"@id":"https:\/\/www.gaveanews.com\/index.php\/2025\/03\/26\/vai-sair-atualizacao-sobre-a-renovacao-de-filipe-luis-com-o-flamengo\/"},"wordCount":404,"commentCount":0,"image":{"@id":"https:\/\/www.gaveanews.com\/index.php\/2025\/03\/26\/vai-sair-atualizacao-sobre-a-renovacao-de-filipe-luis-com-o-flamengo\/#primaryimage"},"thumbnailUrl":"https:\/\/www.gaveanews.com\/wp-content\/uploads\/filipe-luis-campeao-maracana-860x538-1.webp","articleSection":["Flamengo"],"inLanguage":"pt-BR","potentialAction":[{"@type":"CommentAction","name":"Comment","target":["https:\/\/www.gaveanews.com\/index.php\/2025\/03\/26\/vai-sair-atualizacao-sobre-a-renovacao-de-filipe-luis-com-o-flamengo\/#respond"]}],"copyrightYear":"2025","copyrightHolder":{"@id":"https:\/\/www.gaveanews.com\/#organization"}},{"@type":"WebPage","@id":"https:\/\/www.gaveanews.com\/index.php\/2025\/03\/26\/vai-sair-atualizacao-sobre-a-renovacao-de-filipe-luis-com-o-flamengo\/","url":"https:\/\/www.gaveanews.com\/index.php\/2025\/03\/26\/vai-sair-atualizacao-sobre-a-renovacao-de-filipe-luis-com-o-flamengo\/","name":"Vai sair? Atualiza\u00e7\u00e3o sobre a renova\u00e7\u00e3o de Filipe Lu\u00eds com o Flamengo","isPartOf":{"@id":"https:\/\/www.gaveanews.com\/#website"},"primaryImageOfPage":{"@id":"https:\/\/www.gaveanews.com\/index.php\/2025\/03\/26\/vai-sair-atualizacao-sobre-a-renovacao-de-filipe-luis-com-o-flamengo\/#primaryimage"},"image":{"@id":"https:\/\/www.gaveanews.com\/index.php\/2025\/03\/26\/vai-sair-atualizacao-sobre-a-renovacao-de-filipe-luis-com-o-flamengo\/#primaryimage"},"thumbnailUrl":"https:\/\/www.gaveanews.com\/wp-content\/uploads\/filipe-luis-campeao-maracana-860x538-1.webp","datePublished":"2025-03-26T15:50:00+00:00","dateModified":"2025-03-26T18:26:36+00:00","author":{"@id":"https:\/\/www.gaveanews.com\/#\/schema\/person\/8207cd4627f56151707418bfc835b2fb"},"breadcrumb":{"@id":"https:\/\/www.gaveanews.com\/index.php\/2025\/03\/26\/vai-sair-atualizacao-sobre-a-renovacao-de-filipe-luis-com-o-flamengo\/#breadcrumb"},"inLanguage":"pt-BR","potentialAction":[{"@type":"ReadAction","target":["https:\/\/www.gaveanews.com\/index.php\/2025\/03\/26\/vai-sair-atualizacao-sobre-a-renovacao-de-filipe-luis-com-o-flamengo\/"]}]},{"@type":"ImageObject","inLanguage":"pt-BR","@id":"https:\/\/www.gaveanews.com\/index.php\/2025\/03\/26\/vai-sair-atualizacao-sobre-a-renovacao-de-filipe-luis-com-o-flamengo\/#primaryimage","url":"https:\/\/www.gaveanews.com\/wp-content\/uploads\/filipe-luis-campeao-maracana-860x538-1.webp","contentUrl":"https:\/\/www.gaveanews.com\/wp-content\/uploads\/filipe-luis-campeao-maracana-860x538-1.webp","width":860,"height":538,"caption":"Foto: Adriano Fontes \/ Flamengo"},{"@type":"BreadcrumbList","@id":"https:\/\/www.gaveanews.com\/index.php\/2025\/03\/26\/vai-sair-atualizacao-sobre-a-renovacao-de-filipe-luis-com-o-flamengo\/#breadcrumb","itemListElement":[{"@type":"ListItem","position":1,"name":"Home","item":"https:\/\/www.gaveanews.com\/"},{"@type":"ListItem","position":2,"name":"Vai sair? Atualiza\u00e7\u00e3o sobre a renova\u00e7\u00e3o de Filipe Lu\u00eds com o Flamengo"}]},{"@type":"WebSite","@id":"https:\/\/www.gaveanews.com\/#website","url":"https:\/\/www.gaveanews.com\/","name":"G\u00e1vea News","description":"Veja todas as not\u00edcias sobre o Flamengo: Contrata\u00e7\u00f5es, categorias de base, resultados das partidas, tabela de classifica\u00e7\u00e3o, pr\u00f3ximos jogos!","potentialAction":[{"@type":"SearchAction","target":{"@type":"EntryPoint","urlTemplate":"https:\/\/www.gaveanews.com\/?s={search_term_string}"},"query-input":{"@type":"PropertyValueSpecification","valueRequired":true,"valueName":"search_term_string"}}],"inLanguage":"pt-BR"},{"@type":"Person","@id":"https:\/\/www.gaveanews.com\/#\/schema\/person\/8207cd4627f56151707418bfc835b2fb","name":"Matheus Felipe","image":{"@type":"ImageObject","inLanguage":"pt-BR","@id":"https:\/\/www.gaveanews.com\/#\/schema\/person\/image\/","url":"https:\/\/secure.gravatar.com\/avatar\/a452ffbed9130f726358b298bb3a99ce4bd3c5338411f8440e87e14d74c7c087?s=96&d=mm&r=g","contentUrl":"https:\/\/secure.gravatar.com\/avatar\/a452ffbed9130f726358b298bb3a99ce4bd3c5338411f8440e87e14d74c7c087?s=96&d=mm&r=g","caption":"Matheus Felipe"}}]}},"_links":{"self":[{"href":"https:\/\/www.gaveanews.com\/index.php\/wp-json\/wp\/v2\/posts\/244901","targetHints":{"allow":["GET"]}}],"collection":[{"href":"https:\/\/www.gaveanews.com\/index.php\/wp-json\/wp\/v2\/posts"}],"about":[{"href":"https:\/\/www.gaveanews.com\/index.php\/wp-json\/wp\/v2\/types\/post"}],"author":[{"embeddable":true,"href":"https:\/\/www.gaveanews.com\/index.php\/wp-json\/wp\/v2\/users\/27"}],"replies":[{"embeddable":true,"href":"https:\/\/www.gaveanews.com\/index.php\/wp-json\/wp\/v2\/comments?post=244901"}],"version-history":[{"count":1,"href":"https:\/\/www.gaveanews.com\/index.php\/wp-json\/wp\/v2\/posts\/244901\/revisions"}],"predecessor-version":[{"id":244904,"href":"https:\/\/www.gaveanews.com\/index.php\/wp-json\/wp\/v2\/posts\/244901\/revisions\/244904"}],"wp:featuredmedia":[{"embeddable":true,"href":"https:\/\/www.gaveanews.com\/index.php\/wp-json\/wp\/v2\/media\/161321"}],"wp:attachment":[{"href":"https:\/\/www.gaveanews.com\/index.php\/wp-json\/wp\/v2\/media?parent=244901"}],"wp:term":[{"taxonomy":"category","embeddable":true,"href":"https:\/\/www.gaveanews.com\/index.php\/wp-json\/wp\/v2\/categories?post=244901"},{"taxonomy":"post_tag","embeddable":true,"href":"https:\/\/www.gaveanews.com\/index.php\/wp-json\/wp\/v2\/tags?post=244901"}],"curies":[{"name":"wp","href":"https:\/\/api.w.org\/{rel}","templated":true}]}}