{"id":244909,"date":"2025-03-26T13:20:00","date_gmt":"2025-03-26T16:20:00","guid":{"rendered":"https:\/\/www.gaveanews.com\/?p=244909"},"modified":"2025-03-26T12:54:12","modified_gmt":"2025-03-26T15:54:12","slug":"gremio-aceita-vender-cristaldo-veja-valores","status":"publish","type":"post","link":"https:\/\/www.gaveanews.com\/index.php\/2025\/03\/26\/gremio-aceita-vender-cristaldo-veja-valores\/","title":{"rendered":"Gr\u00eamio aceita vender Cristaldo; veja valores"},"content":{"rendered":"\n<p>Nos \u00faltimos dias, o nome de Franco Cristaldo, meia do Gr\u00eamio, ganhou destaque nos rumores do mercado de transfer\u00eancias, especialmente por uma poss\u00edvel ida ao Atl\u00e9tico-MG.&nbsp;<\/p>\n\n\n\n<p>No entanto, apesar da especula\u00e7\u00e3o, fontes indicam que o clube mineiro ainda n\u00e3o fez qualquer abordagem formal para contratar o jogador. O futuro de Cristaldo segue indefinido, mas, com a temporada avan\u00e7ando, o Gr\u00eamio parece j\u00e1 ter determinado o valor de venda para o argentino.<\/p>\n\n\n\n<h2 class=\"wp-block-heading\" id=\"h-atletico-mg-precisa-abrir-o-bolso-para-contratar-cristaldo\">Atl\u00e9tico-MG precisa abrir o bolso para contratar Cristaldo<\/h2>\n\n\n\n<figure class=\"wp-block-image size-full\"><img loading=\"lazy\" decoding=\"async\" width=\"900\" height=\"600\" src=\"http:\/\/www.gaveanews.com\/wp-content\/uploads\/Estadio-do-Atletico-MG.webp\" alt=\"\" class=\"wp-image-153999\" srcset=\"https:\/\/www.gaveanews.com\/wp-content\/uploads\/Estadio-do-Atletico-MG.webp 900w, https:\/\/www.gaveanews.com\/wp-content\/uploads\/Estadio-do-Atletico-MG-300x200.webp 300w, https:\/\/www.gaveanews.com\/wp-content\/uploads\/Estadio-do-Atletico-MG-768x512.webp 768w, https:\/\/www.gaveanews.com\/wp-content\/uploads\/Estadio-do-Atletico-MG-630x420.webp 630w, https:\/\/www.gaveanews.com\/wp-content\/uploads\/Estadio-do-Atletico-MG-640x427.webp 640w, https:\/\/www.gaveanews.com\/wp-content\/uploads\/Estadio-do-Atletico-MG-681x454.webp 681w, https:\/\/www.gaveanews.com\/wp-content\/uploads\/Estadio-do-Atletico-MG-100x67.webp 100w\" sizes=\"auto, (max-width: 900px) 100vw, 900px\" \/><figcaption class=\"wp-element-caption\">Arena MRV, est\u00e1dio do Atl\u00e9tico-MG (Foto: Reprodu\u00e7\u00e3o\/Atl\u00e9tico)<\/figcaption><\/figure>\n\n\n\n<p>O valor estipulado pelo Gr\u00eamio para liberar Cristaldo gira em torno de US$ 8 milh\u00f5es de d\u00f3lares (aproximadamente R$ 45,7 milh\u00f5es, na cota\u00e7\u00e3o atual). Sendo assim, para o Atl\u00e9tico-MG seguir com a contrata\u00e7\u00e3o, o Galo precisar\u00e1 fazer um esfor\u00e7o financeiro consider\u00e1vel.&nbsp;<\/p>\n\n\n\n<p>Vale destacar que, at\u00e9 o momento, o time mineiro n\u00e3o fez nenhuma movimenta\u00e7\u00e3o oficial, mas o interesse em refor\u00e7ar o elenco para a temporada segue ativo.<\/p>\n\n\n\n<p>Al\u00e9m disso, o Atl\u00e9tico-MG j\u00e1 realizou v\u00e1rias contrata\u00e7\u00f5es para o elenco, incluindo jogadores como Gabriel Menino, Cuello e Rony. Ap\u00f3s conquistar o hexacampeonato do Campeonato Mineiro, o t\u00e9cnico Cuca refor\u00e7ou a necessidade de manter o elenco competitivo e bem estruturado para os desafios da temporada.&nbsp;<\/p>\n\n\n\n<p>Cuca, inclusive, afirmou: &#8220;N\u00f3s n\u00e3o definimos ainda o nosso plantel&#8221;, indicando que ainda h\u00e1 margem para ajustes.<\/p>\n\n\n\n<h2 class=\"wp-block-heading\" id=\"h-galo-atento-ao-mercado-de-transferencias\">Galo atento ao mercado de transfer\u00eancias<\/h2>\n\n\n\n<p>Dessa maneira, mesmo ap\u00f3s as recentes aquisi\u00e7\u00f5es, o Atl\u00e9tico-MG continua monitorando o mercado de transfer\u00eancias. O diretor Victor Bagy, ao lado de Cuca, segue atento \u00e0s movimenta\u00e7\u00f5es, buscando fortalecer ainda mais o time.&nbsp;<\/p>\n\n\n\n<p>&#8220;Temos um \u00f3timo time e temos que ter um \u00f3timo elenco&#8221;, disse o treinador, destacando a import\u00e2ncia de &#8220;acertos finais&#8221; no elenco, para que o time esteja bem preparado para os pr\u00f3ximos desafios.<\/p>\n\n\n\n<h2 class=\"wp-block-heading\" id=\"h-a-sul-americana-e-os-desafios-para-o-galo\">A Sul-Americana e os desafios para o Galo<\/h2>\n\n\n\n<p>Al\u00e9m das movimenta\u00e7\u00f5es no mercado, Victor Bagy tamb\u00e9m comentou sobre o sorteio da Copa Sul-Americana, competi\u00e7\u00e3o em que o Atl\u00e9tico-MG estar\u00e1 presente. Segundo o diretor, o grupo da competi\u00e7\u00e3o \u00e9 desafiador, e o clube precisa estar sempre atento.&nbsp;<\/p>\n\n\n\n<p>&#8220;Sabemos que n\u00e3o tem vida f\u00e1cil para ningu\u00e9m. Sabemos do tamanho que a Sul-Americana tem&#8221;, afirmou Bagy. Com isso, o Galo segue em busca de refor\u00e7os para garantir um elenco forte para as competi\u00e7\u00f5es internacionais e nacionais.<\/p>\n","protected":false},"excerpt":{"rendered":"<p>Nos \u00faltimos dias, o nome de Franco Cristaldo, meia do Gr\u00eamio, ganhou destaque nos rumores do mercado de transfer\u00eancias, especialmente por uma poss\u00edvel ida ao Atl\u00e9tico-MG.&nbsp; No entanto, apesar da especula\u00e7\u00e3o, fontes indicam que o clube mineiro ainda n\u00e3o fez qualquer abordagem formal para contratar o jogador. O futuro de Cristaldo segue indefinido, mas, com [&hellip;]<\/p>\n","protected":false},"author":25,"featured_media":169834,"comment_status":"open","ping_status":"closed","sticky":false,"template":"","format":"standard","meta":{"footnotes":""},"categories":[136,147],"tags":[],"class_list":["post-244909","post","type-post","status-publish","format-standard","has-post-thumbnail","hentry","category-atletico-mg","category-gremio"],"yoast_head":"<!-- This site is optimized with the Yoast SEO Premium plugin v24.2 (Yoast SEO v26.9) - https:\/\/yoast.com\/product\/yoast-seo-premium-wordpress\/ -->\n<title>Gr\u00eamio aceita vender Cristaldo; veja valores<\/title>\n<meta name=\"robots\" content=\"index, follow, max-snippet:-1, max-image-preview:large, max-video-preview:-1\" \/>\n<link rel=\"canonical\" href=\"https:\/\/www.gaveanews.com\/index.php\/2025\/03\/26\/gremio-aceita-vender-cristaldo-veja-valores\/\" \/>\n<meta property=\"og:locale\" content=\"pt_BR\" \/>\n<meta property=\"og:type\" content=\"article\" \/>\n<meta property=\"og:title\" content=\"Gr\u00eamio aceita vender Cristaldo; veja valores\" \/>\n<meta property=\"og:description\" content=\"Nos \u00faltimos dias, o nome de Franco Cristaldo, meia do Gr\u00eamio, ganhou destaque nos rumores do mercado de transfer\u00eancias, especialmente por uma poss\u00edvel ida ao Atl\u00e9tico-MG.&nbsp; No entanto, apesar da especula\u00e7\u00e3o, fontes indicam que o clube mineiro ainda n\u00e3o fez qualquer abordagem formal para contratar o jogador. O futuro de Cristaldo segue indefinido, mas, com [&hellip;]\" \/>\n<meta property=\"og:url\" content=\"https:\/\/www.gaveanews.com\/index.php\/2025\/03\/26\/gremio-aceita-vender-cristaldo-veja-valores\/\" \/>\n<meta property=\"og:site_name\" content=\"G\u00e1vea News\" \/>\n<meta property=\"article:publisher\" content=\"https:\/\/facebook.com\/gaveaNews\/\" \/>\n<meta property=\"article:published_time\" content=\"2025-03-26T16:20:00+00:00\" \/>\n<meta property=\"og:image\" content=\"https:\/\/www.gaveanews.com\/wp-content\/uploads\/Cristaldo-pelo-Gremio.webp\" \/>\n\t<meta property=\"og:image:width\" content=\"984\" \/>\n\t<meta property=\"og:image:height\" content=\"657\" \/>\n\t<meta property=\"og:image:type\" content=\"image\/jpeg\" \/>\n<meta name=\"author\" content=\"Rafaela Ladeira\" \/>\n<meta name=\"twitter:card\" content=\"summary_large_image\" \/>\n<meta name=\"twitter:label1\" content=\"Escrito por\" \/>\n\t<meta name=\"twitter:data1\" content=\"Rafaela Ladeira\" \/>\n\t<meta name=\"twitter:label2\" content=\"Est. tempo de leitura\" \/>\n\t<meta name=\"twitter:data2\" content=\"3 minutos\" \/>\n<script type=\"application\/ld+json\" class=\"yoast-schema-graph\">{\"@context\":\"https:\/\/schema.org\",\"@graph\":[{\"@type\":\"NewsArticle\",\"@id\":\"https:\/\/www.gaveanews.com\/index.php\/2025\/03\/26\/gremio-aceita-vender-cristaldo-veja-valores\/#article\",\"isPartOf\":{\"@id\":\"https:\/\/www.gaveanews.com\/index.php\/2025\/03\/26\/gremio-aceita-vender-cristaldo-veja-valores\/\"},\"author\":{\"name\":\"Rafaela Ladeira\",\"@id\":\"https:\/\/www.gaveanews.com\/#\/schema\/person\/0eb3e3fe1754f0205218538adbe8f5ed\"},\"headline\":\"Gr\u00eamio aceita vender Cristaldo; veja valores\",\"datePublished\":\"2025-03-26T16:20:00+00:00\",\"mainEntityOfPage\":{\"@id\":\"https:\/\/www.gaveanews.com\/index.php\/2025\/03\/26\/gremio-aceita-vender-cristaldo-veja-valores\/\"},\"wordCount\":433,\"commentCount\":0,\"image\":{\"@id\":\"https:\/\/www.gaveanews.com\/index.php\/2025\/03\/26\/gremio-aceita-vender-cristaldo-veja-valores\/#primaryimage\"},\"thumbnailUrl\":\"https:\/\/www.gaveanews.com\/wp-content\/uploads\/Cristaldo-pelo-Gremio.webp\",\"articleSection\":[\"Atl\u00e9tico-MG\",\"Gr\u00eamio\"],\"inLanguage\":\"pt-BR\",\"potentialAction\":[{\"@type\":\"CommentAction\",\"name\":\"Comment\",\"target\":[\"https:\/\/www.gaveanews.com\/index.php\/2025\/03\/26\/gremio-aceita-vender-cristaldo-veja-valores\/#respond\"]}],\"copyrightYear\":\"2025\",\"copyrightHolder\":{\"@id\":\"https:\/\/www.gaveanews.com\/#organization\"}},{\"@type\":\"WebPage\",\"@id\":\"https:\/\/www.gaveanews.com\/index.php\/2025\/03\/26\/gremio-aceita-vender-cristaldo-veja-valores\/\",\"url\":\"https:\/\/www.gaveanews.com\/index.php\/2025\/03\/26\/gremio-aceita-vender-cristaldo-veja-valores\/\",\"name\":\"Gr\u00eamio aceita vender Cristaldo; veja valores\",\"isPartOf\":{\"@id\":\"https:\/\/www.gaveanews.com\/#website\"},\"primaryImageOfPage\":{\"@id\":\"https:\/\/www.gaveanews.com\/index.php\/2025\/03\/26\/gremio-aceita-vender-cristaldo-veja-valores\/#primaryimage\"},\"image\":{\"@id\":\"https:\/\/www.gaveanews.com\/index.php\/2025\/03\/26\/gremio-aceita-vender-cristaldo-veja-valores\/#primaryimage\"},\"thumbnailUrl\":\"https:\/\/www.gaveanews.com\/wp-content\/uploads\/Cristaldo-pelo-Gremio.webp\",\"datePublished\":\"2025-03-26T16:20:00+00:00\",\"author\":{\"@id\":\"https:\/\/www.gaveanews.com\/#\/schema\/person\/0eb3e3fe1754f0205218538adbe8f5ed\"},\"breadcrumb\":{\"@id\":\"https:\/\/www.gaveanews.com\/index.php\/2025\/03\/26\/gremio-aceita-vender-cristaldo-veja-valores\/#breadcrumb\"},\"inLanguage\":\"pt-BR\",\"potentialAction\":[{\"@type\":\"ReadAction\",\"target\":[\"https:\/\/www.gaveanews.com\/index.php\/2025\/03\/26\/gremio-aceita-vender-cristaldo-veja-valores\/\"]}]},{\"@type\":\"ImageObject\",\"inLanguage\":\"pt-BR\",\"@id\":\"https:\/\/www.gaveanews.com\/index.php\/2025\/03\/26\/gremio-aceita-vender-cristaldo-veja-valores\/#primaryimage\",\"url\":\"https:\/\/www.gaveanews.com\/wp-content\/uploads\/Cristaldo-pelo-Gremio.webp\",\"contentUrl\":\"https:\/\/www.gaveanews.com\/wp-content\/uploads\/Cristaldo-pelo-Gremio.webp\",\"width\":984,\"height\":657,\"caption\":\"Cristaldo pelo Gr\u00eamio (Foto: Lucas Uebel\/Gr\u00eamio)\"},{\"@type\":\"BreadcrumbList\",\"@id\":\"https:\/\/www.gaveanews.com\/index.php\/2025\/03\/26\/gremio-aceita-vender-cristaldo-veja-valores\/#breadcrumb\",\"itemListElement\":[{\"@type\":\"ListItem\",\"position\":1,\"name\":\"Home\",\"item\":\"https:\/\/www.gaveanews.com\/\"},{\"@type\":\"ListItem\",\"position\":2,\"name\":\"Gr\u00eamio aceita vender Cristaldo; veja valores\"}]},{\"@type\":\"WebSite\",\"@id\":\"https:\/\/www.gaveanews.com\/#website\",\"url\":\"https:\/\/www.gaveanews.com\/\",\"name\":\"G\u00e1vea News\",\"description\":\"Veja todas as not\u00edcias sobre o Flamengo: Contrata\u00e7\u00f5es, categorias de base, resultados das partidas, tabela de classifica\u00e7\u00e3o, pr\u00f3ximos jogos!\",\"potentialAction\":[{\"@type\":\"SearchAction\",\"target\":{\"@type\":\"EntryPoint\",\"urlTemplate\":\"https:\/\/www.gaveanews.com\/?s={search_term_string}\"},\"query-input\":{\"@type\":\"PropertyValueSpecification\",\"valueRequired\":true,\"valueName\":\"search_term_string\"}}],\"inLanguage\":\"pt-BR\"},{\"@type\":\"Person\",\"@id\":\"https:\/\/www.gaveanews.com\/#\/schema\/person\/0eb3e3fe1754f0205218538adbe8f5ed\",\"name\":\"Rafaela Ladeira\",\"image\":{\"@type\":\"ImageObject\",\"inLanguage\":\"pt-BR\",\"@id\":\"https:\/\/www.gaveanews.com\/#\/schema\/person\/image\/\",\"url\":\"https:\/\/secure.gravatar.com\/avatar\/c31f513acffd85eacab5730cbdfdbbf59f21ba5aeada8cd890acea879fbb2455?s=96&d=mm&r=g\",\"contentUrl\":\"https:\/\/secure.gravatar.com\/avatar\/c31f513acffd85eacab5730cbdfdbbf59f21ba5aeada8cd890acea879fbb2455?s=96&d=mm&r=g\",\"caption\":\"Rafaela Ladeira\"}}]}<\/script>\n<!-- \/ Yoast SEO Premium plugin. -->","yoast_head_json":{"title":"Gr\u00eamio aceita vender Cristaldo; veja valores","robots":{"index":"index","follow":"follow","max-snippet":"max-snippet:-1","max-image-preview":"max-image-preview:large","max-video-preview":"max-video-preview:-1"},"canonical":"https:\/\/www.gaveanews.com\/index.php\/2025\/03\/26\/gremio-aceita-vender-cristaldo-veja-valores\/","og_locale":"pt_BR","og_type":"article","og_title":"Gr\u00eamio aceita vender Cristaldo; veja valores","og_description":"Nos \u00faltimos dias, o nome de Franco Cristaldo, meia do Gr\u00eamio, ganhou destaque nos rumores do mercado de transfer\u00eancias, especialmente por uma poss\u00edvel ida ao Atl\u00e9tico-MG.&nbsp; No entanto, apesar da especula\u00e7\u00e3o, fontes indicam que o clube mineiro ainda n\u00e3o fez qualquer abordagem formal para contratar o jogador. O futuro de Cristaldo segue indefinido, mas, com [&hellip;]","og_url":"https:\/\/www.gaveanews.com\/index.php\/2025\/03\/26\/gremio-aceita-vender-cristaldo-veja-valores\/","og_site_name":"G\u00e1vea News","article_publisher":"https:\/\/facebook.com\/gaveaNews\/","article_published_time":"2025-03-26T16:20:00+00:00","og_image":[{"width":984,"height":657,"url":"https:\/\/www.gaveanews.com\/wp-content\/uploads\/Cristaldo-pelo-Gremio.webp","type":"image\/jpeg"}],"author":"Rafaela Ladeira","twitter_card":"summary_large_image","twitter_misc":{"Escrito por":"Rafaela Ladeira","Est. tempo de leitura":"3 minutos"},"schema":{"@context":"https:\/\/schema.org","@graph":[{"@type":"NewsArticle","@id":"https:\/\/www.gaveanews.com\/index.php\/2025\/03\/26\/gremio-aceita-vender-cristaldo-veja-valores\/#article","isPartOf":{"@id":"https:\/\/www.gaveanews.com\/index.php\/2025\/03\/26\/gremio-aceita-vender-cristaldo-veja-valores\/"},"author":{"name":"Rafaela Ladeira","@id":"https:\/\/www.gaveanews.com\/#\/schema\/person\/0eb3e3fe1754f0205218538adbe8f5ed"},"headline":"Gr\u00eamio aceita vender Cristaldo; veja valores","datePublished":"2025-03-26T16:20:00+00:00","mainEntityOfPage":{"@id":"https:\/\/www.gaveanews.com\/index.php\/2025\/03\/26\/gremio-aceita-vender-cristaldo-veja-valores\/"},"wordCount":433,"commentCount":0,"image":{"@id":"https:\/\/www.gaveanews.com\/index.php\/2025\/03\/26\/gremio-aceita-vender-cristaldo-veja-valores\/#primaryimage"},"thumbnailUrl":"https:\/\/www.gaveanews.com\/wp-content\/uploads\/Cristaldo-pelo-Gremio.webp","articleSection":["Atl\u00e9tico-MG","Gr\u00eamio"],"inLanguage":"pt-BR","potentialAction":[{"@type":"CommentAction","name":"Comment","target":["https:\/\/www.gaveanews.com\/index.php\/2025\/03\/26\/gremio-aceita-vender-cristaldo-veja-valores\/#respond"]}],"copyrightYear":"2025","copyrightHolder":{"@id":"https:\/\/www.gaveanews.com\/#organization"}},{"@type":"WebPage","@id":"https:\/\/www.gaveanews.com\/index.php\/2025\/03\/26\/gremio-aceita-vender-cristaldo-veja-valores\/","url":"https:\/\/www.gaveanews.com\/index.php\/2025\/03\/26\/gremio-aceita-vender-cristaldo-veja-valores\/","name":"Gr\u00eamio aceita vender Cristaldo; veja valores","isPartOf":{"@id":"https:\/\/www.gaveanews.com\/#website"},"primaryImageOfPage":{"@id":"https:\/\/www.gaveanews.com\/index.php\/2025\/03\/26\/gremio-aceita-vender-cristaldo-veja-valores\/#primaryimage"},"image":{"@id":"https:\/\/www.gaveanews.com\/index.php\/2025\/03\/26\/gremio-aceita-vender-cristaldo-veja-valores\/#primaryimage"},"thumbnailUrl":"https:\/\/www.gaveanews.com\/wp-content\/uploads\/Cristaldo-pelo-Gremio.webp","datePublished":"2025-03-26T16:20:00+00:00","author":{"@id":"https:\/\/www.gaveanews.com\/#\/schema\/person\/0eb3e3fe1754f0205218538adbe8f5ed"},"breadcrumb":{"@id":"https:\/\/www.gaveanews.com\/index.php\/2025\/03\/26\/gremio-aceita-vender-cristaldo-veja-valores\/#breadcrumb"},"inLanguage":"pt-BR","potentialAction":[{"@type":"ReadAction","target":["https:\/\/www.gaveanews.com\/index.php\/2025\/03\/26\/gremio-aceita-vender-cristaldo-veja-valores\/"]}]},{"@type":"ImageObject","inLanguage":"pt-BR","@id":"https:\/\/www.gaveanews.com\/index.php\/2025\/03\/26\/gremio-aceita-vender-cristaldo-veja-valores\/#primaryimage","url":"https:\/\/www.gaveanews.com\/wp-content\/uploads\/Cristaldo-pelo-Gremio.webp","contentUrl":"https:\/\/www.gaveanews.com\/wp-content\/uploads\/Cristaldo-pelo-Gremio.webp","width":984,"height":657,"caption":"Cristaldo pelo Gr\u00eamio (Foto: Lucas Uebel\/Gr\u00eamio)"},{"@type":"BreadcrumbList","@id":"https:\/\/www.gaveanews.com\/index.php\/2025\/03\/26\/gremio-aceita-vender-cristaldo-veja-valores\/#breadcrumb","itemListElement":[{"@type":"ListItem","position":1,"name":"Home","item":"https:\/\/www.gaveanews.com\/"},{"@type":"ListItem","position":2,"name":"Gr\u00eamio aceita vender Cristaldo; veja valores"}]},{"@type":"WebSite","@id":"https:\/\/www.gaveanews.com\/#website","url":"https:\/\/www.gaveanews.com\/","name":"G\u00e1vea News","description":"Veja todas as not\u00edcias sobre o Flamengo: Contrata\u00e7\u00f5es, categorias de base, resultados das partidas, tabela de classifica\u00e7\u00e3o, pr\u00f3ximos jogos!","potentialAction":[{"@type":"SearchAction","target":{"@type":"EntryPoint","urlTemplate":"https:\/\/www.gaveanews.com\/?s={search_term_string}"},"query-input":{"@type":"PropertyValueSpecification","valueRequired":true,"valueName":"search_term_string"}}],"inLanguage":"pt-BR"},{"@type":"Person","@id":"https:\/\/www.gaveanews.com\/#\/schema\/person\/0eb3e3fe1754f0205218538adbe8f5ed","name":"Rafaela Ladeira","image":{"@type":"ImageObject","inLanguage":"pt-BR","@id":"https:\/\/www.gaveanews.com\/#\/schema\/person\/image\/","url":"https:\/\/secure.gravatar.com\/avatar\/c31f513acffd85eacab5730cbdfdbbf59f21ba5aeada8cd890acea879fbb2455?s=96&d=mm&r=g","contentUrl":"https:\/\/secure.gravatar.com\/avatar\/c31f513acffd85eacab5730cbdfdbbf59f21ba5aeada8cd890acea879fbb2455?s=96&d=mm&r=g","caption":"Rafaela Ladeira"}}]}},"_links":{"self":[{"href":"https:\/\/www.gaveanews.com\/index.php\/wp-json\/wp\/v2\/posts\/244909","targetHints":{"allow":["GET"]}}],"collection":[{"href":"https:\/\/www.gaveanews.com\/index.php\/wp-json\/wp\/v2\/posts"}],"about":[{"href":"https:\/\/www.gaveanews.com\/index.php\/wp-json\/wp\/v2\/types\/post"}],"author":[{"embeddable":true,"href":"https:\/\/www.gaveanews.com\/index.php\/wp-json\/wp\/v2\/users\/25"}],"replies":[{"embeddable":true,"href":"https:\/\/www.gaveanews.com\/index.php\/wp-json\/wp\/v2\/comments?post=244909"}],"version-history":[{"count":1,"href":"https:\/\/www.gaveanews.com\/index.php\/wp-json\/wp\/v2\/posts\/244909\/revisions"}],"predecessor-version":[{"id":244910,"href":"https:\/\/www.gaveanews.com\/index.php\/wp-json\/wp\/v2\/posts\/244909\/revisions\/244910"}],"wp:featuredmedia":[{"embeddable":true,"href":"https:\/\/www.gaveanews.com\/index.php\/wp-json\/wp\/v2\/media\/169834"}],"wp:attachment":[{"href":"https:\/\/www.gaveanews.com\/index.php\/wp-json\/wp\/v2\/media?parent=244909"}],"wp:term":[{"taxonomy":"category","embeddable":true,"href":"https:\/\/www.gaveanews.com\/index.php\/wp-json\/wp\/v2\/categories?post=244909"},{"taxonomy":"post_tag","embeddable":true,"href":"https:\/\/www.gaveanews.com\/index.php\/wp-json\/wp\/v2\/tags?post=244909"}],"curies":[{"name":"wp","href":"https:\/\/api.w.org\/{rel}","templated":true}]}}