{"id":244911,"date":"2025-03-26T13:30:00","date_gmt":"2025-03-26T16:30:00","guid":{"rendered":"https:\/\/www.gaveanews.com\/?p=244911"},"modified":"2025-03-26T13:00:15","modified_gmt":"2025-03-26T16:00:15","slug":"a-reacao-da-torcida-do-flamengo-com-o-interesse-da-cbf-em-filipe-luis","status":"publish","type":"post","link":"https:\/\/www.gaveanews.com\/index.php\/2025\/03\/26\/a-reacao-da-torcida-do-flamengo-com-o-interesse-da-cbf-em-filipe-luis\/","title":{"rendered":"A rea\u00e7\u00e3o da torcida do Flamengo com o interesse da CBF em Filipe Lu\u00eds"},"content":{"rendered":"\n<p>O Flamengo vive uma fase tranquila, com t\u00edtulos do Campeonato Carioca e da Supercopa do Brasil no bolso. O time, que agora se prepara para os desafios no Brasileir\u00e3o e na Libertadores, tem aproveitado o intervalo da Data FIFA para focar no treinamento e nas melhorias no elenco.&nbsp;<\/p>\n\n\n\n<p>No entanto, uma situa\u00e7\u00e3o envolvendo Filipe Lu\u00eds, um dos nomes mais queridos da torcida, gerou um clima de tens\u00e3o entre os flamenguistas.<\/p>\n\n\n\n<h2 class=\"wp-block-heading\" id=\"h-a-selecao-brasileira-e-o-futuro-de-dorival-jr\">A Sele\u00e7\u00e3o Brasileira e o futuro de Dorival Jr.<\/h2>\n\n\n\n<figure class=\"wp-block-image size-full\"><img loading=\"lazy\" decoding=\"async\" width=\"732\" height=\"412\" src=\"http:\/\/www.gaveanews.com\/wp-content\/uploads\/dorival-junior-selecao-e1704998153515.webp\" alt=\"\" class=\"wp-image-126556\" srcset=\"https:\/\/www.gaveanews.com\/wp-content\/uploads\/dorival-junior-selecao-e1704998153515.webp 732w, https:\/\/www.gaveanews.com\/wp-content\/uploads\/dorival-junior-selecao-e1704998153515-300x169.webp 300w, https:\/\/www.gaveanews.com\/wp-content\/uploads\/dorival-junior-selecao-e1704998153515-640x360.webp 640w, https:\/\/www.gaveanews.com\/wp-content\/uploads\/dorival-junior-selecao-e1704998153515-681x383.webp 681w, https:\/\/www.gaveanews.com\/wp-content\/uploads\/dorival-junior-selecao-e1704998153515-100x56.webp 100w\" sizes=\"auto, (max-width: 732px) 100vw, 732px\" \/><figcaption class=\"wp-element-caption\">Dorival J\u00fanior, t\u00e9cnico da Sele\u00e7\u00e3o Brasileira (Foto: Reprodu\u00e7\u00e3o)<\/figcaption><\/figure>\n\n\n\n<p>A principal preocupa\u00e7\u00e3o do Flamengo neste per\u00edodo de datas FIFA foi com os jogadores que estavam a servi\u00e7o de suas sele\u00e7\u00f5es, como Arrascaeta, De La Cruz e Gerson. Durante as rodadas de Eliminat\u00f3rias, esses atletas precisaram ser desconvocados por quest\u00f5es f\u00edsicas, preocupando tanto o clube quanto os torcedores.&nbsp;<\/p>\n\n\n\n<p>Al\u00e9m disso, cinco jogadores do Flamengo estavam em campo na \u00faltima ter\u00e7a-feira (25). Varela, do Uruguai, Plata, do Equador, e Wesley e Ortiz, do Brasil, representaram suas sele\u00e7\u00f5es, enquanto Alex Sandro permaneceu no banco.<\/p>\n\n\n\n<h2 class=\"wp-block-heading\" id=\"h-a-derrota-para-a-argentina-e-o-futuro-de-dorival-jr\">A derrota para a Argentina e o futuro de Dorival Jr.<\/h2>\n\n\n\n<p>O que realmente mexeu com a torcida flamenguista, no entanto, foi a derrota expressiva da Sele\u00e7\u00e3o Brasileira para a Argentina, por 4 a 1. Isso porque, com o desempenho abaixo das expectativas, o cargo de Dorival Jr. ficou amea\u00e7ado.&nbsp;<\/p>\n\n\n\n<p>Cabe ressaltar que, ap\u00f3s sua recente reelei\u00e7\u00e3o como presidente da CBF, Ednaldo Rodrigues poder\u00e1 optar por mudan\u00e7as no comando da Sele\u00e7\u00e3o. Caso o treinador seja demitido, Filipe Lu\u00eds, atualmente em in\u00edcio de carreira como t\u00e9cnico, surge como um forte candidato ao cargo.<\/p>\n\n\n\n<h2 class=\"wp-block-heading\" id=\"h-filipe-luis-na-mira-da-cbf-a-reacao-da-torcida\">Filipe Lu\u00eds na mira da CBF: A rea\u00e7\u00e3o da torcida<\/h2>\n\n\n\n<figure class=\"wp-block-image size-large\"><img loading=\"lazy\" decoding=\"async\" width=\"1024\" height=\"683\" src=\"http:\/\/www.gaveanews.com\/wp-content\/uploads\/Filipe-Luis-como-tecnico-do-Flamengo-em-2024-1024x683.webp\" alt=\"\" class=\"wp-image-171213\" srcset=\"https:\/\/www.gaveanews.com\/wp-content\/uploads\/Filipe-Luis-como-tecnico-do-Flamengo-em-2024-1024x683.webp 1024w, https:\/\/www.gaveanews.com\/wp-content\/uploads\/Filipe-Luis-como-tecnico-do-Flamengo-em-2024-300x200.webp 300w, https:\/\/www.gaveanews.com\/wp-content\/uploads\/Filipe-Luis-como-tecnico-do-Flamengo-em-2024-768x512.webp 768w, https:\/\/www.gaveanews.com\/wp-content\/uploads\/Filipe-Luis-como-tecnico-do-Flamengo-em-2024-630x420.webp 630w, https:\/\/www.gaveanews.com\/wp-content\/uploads\/Filipe-Luis-como-tecnico-do-Flamengo-em-2024-640x427.webp 640w, https:\/\/www.gaveanews.com\/wp-content\/uploads\/Filipe-Luis-como-tecnico-do-Flamengo-em-2024-681x454.webp 681w, https:\/\/www.gaveanews.com\/wp-content\/uploads\/Filipe-Luis-como-tecnico-do-Flamengo-em-2024-100x67.webp 100w, https:\/\/www.gaveanews.com\/wp-content\/uploads\/Filipe-Luis-como-tecnico-do-Flamengo-em-2024.webp 1065w\" sizes=\"auto, (max-width: 1024px) 100vw, 1024px\" \/><figcaption class=\"wp-element-caption\">Filipe Lu\u00eds como t\u00e9cnico do Flamengo em 2024 (Foto: Gilvan de Souza e Marcelo Cortes \/ CRF)<\/figcaption><\/figure>\n\n\n\n<p>Dessa maneira, o nome de Filipe Lu\u00eds passou a ser um dos mais comentados nas redes sociais ap\u00f3s a goleada sofrida pelo Brasil. Por isso, muitos flamenguistas expressaram preocupa\u00e7\u00e3o com a poss\u00edvel sa\u00edda do \u00eddolo rubro-negro.&nbsp;<\/p>\n\n\n\n<p>&#8220;Filipe Lu\u00eds, desligue o telefone! N\u00e3o acabe com sua carreira promissora como treinador&#8221;, alertou um torcedor. Por outro lado, outros torcedores do Flamengo demonstraram uma vis\u00e3o mais otimista, acreditando que Filipe Lu\u00eds n\u00e3o toparia assumir a Sele\u00e7\u00e3o neste momento.<\/p>\n\n\n\n<p>&nbsp;&#8220;ZERO medo de Filipe Lu\u00eds ir pra sele\u00e7\u00e3o Brasileira. Ele \u00e9 inteligente o suficiente pra n\u00e3o pegar esse rabo de foguete a essa &#8216;altura do campeonato&#8217; e ficar &#8216;queimado&#8217; logo no in\u00edcio da carreira&#8221;, comentou uma torcedora.<\/p>\n\n\n\n<p>Com isso, o debate sobre o futuro de Filipe Lu\u00eds se intensifica, e a torcida do Flamengo permanece atenta \u00e0s movimenta\u00e7\u00f5es da CBF, torcendo para que o \u00eddolo continue focado em sua trajet\u00f3ria no clube.<\/p>\n","protected":false},"excerpt":{"rendered":"<p>O Flamengo vive uma fase tranquila, com t\u00edtulos do Campeonato Carioca e da Supercopa do Brasil no bolso. O time, que agora se prepara para os desafios no Brasileir\u00e3o e na Libertadores, tem aproveitado o intervalo da Data FIFA para focar no treinamento e nas melhorias no elenco.&nbsp; No entanto, uma situa\u00e7\u00e3o envolvendo Filipe Lu\u00eds, [&hellip;]<\/p>\n","protected":false},"author":25,"featured_media":161321,"comment_status":"open","ping_status":"closed","sticky":false,"template":"","format":"standard","meta":{"footnotes":""},"categories":[478,1],"tags":[],"class_list":["post-244911","post","type-post","status-publish","format-standard","has-post-thumbnail","hentry","category-brasil","category-flamengo"],"yoast_head":"<!-- This site is optimized with the Yoast SEO Premium plugin v24.2 (Yoast SEO v26.9) - https:\/\/yoast.com\/product\/yoast-seo-premium-wordpress\/ -->\n<title>A rea\u00e7\u00e3o da torcida do Flamengo com o interesse da CBF em Filipe Lu\u00eds<\/title>\n<meta name=\"robots\" content=\"index, follow, max-snippet:-1, max-image-preview:large, max-video-preview:-1\" \/>\n<link rel=\"canonical\" href=\"https:\/\/www.gaveanews.com\/index.php\/2025\/03\/26\/a-reacao-da-torcida-do-flamengo-com-o-interesse-da-cbf-em-filipe-luis\/\" \/>\n<meta property=\"og:locale\" content=\"pt_BR\" \/>\n<meta property=\"og:type\" content=\"article\" \/>\n<meta property=\"og:title\" content=\"A rea\u00e7\u00e3o da torcida do Flamengo com o interesse da CBF em Filipe Lu\u00eds\" \/>\n<meta property=\"og:description\" content=\"O Flamengo vive uma fase tranquila, com t\u00edtulos do Campeonato Carioca e da Supercopa do Brasil no bolso. O time, que agora se prepara para os desafios no Brasileir\u00e3o e na Libertadores, tem aproveitado o intervalo da Data FIFA para focar no treinamento e nas melhorias no elenco.&nbsp; No entanto, uma situa\u00e7\u00e3o envolvendo Filipe Lu\u00eds, [&hellip;]\" \/>\n<meta property=\"og:url\" content=\"https:\/\/www.gaveanews.com\/index.php\/2025\/03\/26\/a-reacao-da-torcida-do-flamengo-com-o-interesse-da-cbf-em-filipe-luis\/\" \/>\n<meta property=\"og:site_name\" content=\"G\u00e1vea News\" \/>\n<meta property=\"article:publisher\" content=\"https:\/\/facebook.com\/gaveaNews\/\" \/>\n<meta property=\"article:published_time\" content=\"2025-03-26T16:30:00+00:00\" \/>\n<meta property=\"og:image\" content=\"https:\/\/www.gaveanews.com\/wp-content\/uploads\/filipe-luis-campeao-maracana-860x538-1.webp\" \/>\n\t<meta property=\"og:image:width\" content=\"860\" \/>\n\t<meta property=\"og:image:height\" content=\"538\" \/>\n\t<meta property=\"og:image:type\" content=\"image\/webp\" \/>\n<meta name=\"author\" content=\"Rafaela Ladeira\" \/>\n<meta name=\"twitter:card\" content=\"summary_large_image\" \/>\n<meta name=\"twitter:label1\" content=\"Escrito por\" \/>\n\t<meta name=\"twitter:data1\" content=\"Rafaela Ladeira\" \/>\n\t<meta name=\"twitter:label2\" content=\"Est. tempo de leitura\" \/>\n\t<meta name=\"twitter:data2\" content=\"4 minutos\" \/>\n<script type=\"application\/ld+json\" class=\"yoast-schema-graph\">{\"@context\":\"https:\/\/schema.org\",\"@graph\":[{\"@type\":\"NewsArticle\",\"@id\":\"https:\/\/www.gaveanews.com\/index.php\/2025\/03\/26\/a-reacao-da-torcida-do-flamengo-com-o-interesse-da-cbf-em-filipe-luis\/#article\",\"isPartOf\":{\"@id\":\"https:\/\/www.gaveanews.com\/index.php\/2025\/03\/26\/a-reacao-da-torcida-do-flamengo-com-o-interesse-da-cbf-em-filipe-luis\/\"},\"author\":{\"name\":\"Rafaela Ladeira\",\"@id\":\"https:\/\/www.gaveanews.com\/#\/schema\/person\/0eb3e3fe1754f0205218538adbe8f5ed\"},\"headline\":\"A rea\u00e7\u00e3o da torcida do Flamengo com o interesse da CBF em Filipe Lu\u00eds\",\"datePublished\":\"2025-03-26T16:30:00+00:00\",\"mainEntityOfPage\":{\"@id\":\"https:\/\/www.gaveanews.com\/index.php\/2025\/03\/26\/a-reacao-da-torcida-do-flamengo-com-o-interesse-da-cbf-em-filipe-luis\/\"},\"wordCount\":501,\"commentCount\":0,\"image\":{\"@id\":\"https:\/\/www.gaveanews.com\/index.php\/2025\/03\/26\/a-reacao-da-torcida-do-flamengo-com-o-interesse-da-cbf-em-filipe-luis\/#primaryimage\"},\"thumbnailUrl\":\"https:\/\/www.gaveanews.com\/wp-content\/uploads\/filipe-luis-campeao-maracana-860x538-1.webp\",\"articleSection\":[\"Brasil\",\"Flamengo\"],\"inLanguage\":\"pt-BR\",\"potentialAction\":[{\"@type\":\"CommentAction\",\"name\":\"Comment\",\"target\":[\"https:\/\/www.gaveanews.com\/index.php\/2025\/03\/26\/a-reacao-da-torcida-do-flamengo-com-o-interesse-da-cbf-em-filipe-luis\/#respond\"]}],\"copyrightYear\":\"2025\",\"copyrightHolder\":{\"@id\":\"https:\/\/www.gaveanews.com\/#organization\"}},{\"@type\":\"WebPage\",\"@id\":\"https:\/\/www.gaveanews.com\/index.php\/2025\/03\/26\/a-reacao-da-torcida-do-flamengo-com-o-interesse-da-cbf-em-filipe-luis\/\",\"url\":\"https:\/\/www.gaveanews.com\/index.php\/2025\/03\/26\/a-reacao-da-torcida-do-flamengo-com-o-interesse-da-cbf-em-filipe-luis\/\",\"name\":\"A rea\u00e7\u00e3o da torcida do Flamengo com o interesse da CBF em Filipe Lu\u00eds\",\"isPartOf\":{\"@id\":\"https:\/\/www.gaveanews.com\/#website\"},\"primaryImageOfPage\":{\"@id\":\"https:\/\/www.gaveanews.com\/index.php\/2025\/03\/26\/a-reacao-da-torcida-do-flamengo-com-o-interesse-da-cbf-em-filipe-luis\/#primaryimage\"},\"image\":{\"@id\":\"https:\/\/www.gaveanews.com\/index.php\/2025\/03\/26\/a-reacao-da-torcida-do-flamengo-com-o-interesse-da-cbf-em-filipe-luis\/#primaryimage\"},\"thumbnailUrl\":\"https:\/\/www.gaveanews.com\/wp-content\/uploads\/filipe-luis-campeao-maracana-860x538-1.webp\",\"datePublished\":\"2025-03-26T16:30:00+00:00\",\"author\":{\"@id\":\"https:\/\/www.gaveanews.com\/#\/schema\/person\/0eb3e3fe1754f0205218538adbe8f5ed\"},\"breadcrumb\":{\"@id\":\"https:\/\/www.gaveanews.com\/index.php\/2025\/03\/26\/a-reacao-da-torcida-do-flamengo-com-o-interesse-da-cbf-em-filipe-luis\/#breadcrumb\"},\"inLanguage\":\"pt-BR\",\"potentialAction\":[{\"@type\":\"ReadAction\",\"target\":[\"https:\/\/www.gaveanews.com\/index.php\/2025\/03\/26\/a-reacao-da-torcida-do-flamengo-com-o-interesse-da-cbf-em-filipe-luis\/\"]}]},{\"@type\":\"ImageObject\",\"inLanguage\":\"pt-BR\",\"@id\":\"https:\/\/www.gaveanews.com\/index.php\/2025\/03\/26\/a-reacao-da-torcida-do-flamengo-com-o-interesse-da-cbf-em-filipe-luis\/#primaryimage\",\"url\":\"https:\/\/www.gaveanews.com\/wp-content\/uploads\/filipe-luis-campeao-maracana-860x538-1.webp\",\"contentUrl\":\"https:\/\/www.gaveanews.com\/wp-content\/uploads\/filipe-luis-campeao-maracana-860x538-1.webp\",\"width\":860,\"height\":538,\"caption\":\"Foto: Adriano Fontes \/ Flamengo\"},{\"@type\":\"BreadcrumbList\",\"@id\":\"https:\/\/www.gaveanews.com\/index.php\/2025\/03\/26\/a-reacao-da-torcida-do-flamengo-com-o-interesse-da-cbf-em-filipe-luis\/#breadcrumb\",\"itemListElement\":[{\"@type\":\"ListItem\",\"position\":1,\"name\":\"Home\",\"item\":\"https:\/\/www.gaveanews.com\/\"},{\"@type\":\"ListItem\",\"position\":2,\"name\":\"A rea\u00e7\u00e3o da torcida do Flamengo com o interesse da CBF em Filipe Lu\u00eds\"}]},{\"@type\":\"WebSite\",\"@id\":\"https:\/\/www.gaveanews.com\/#website\",\"url\":\"https:\/\/www.gaveanews.com\/\",\"name\":\"G\u00e1vea News\",\"description\":\"Veja todas as not\u00edcias sobre o Flamengo: Contrata\u00e7\u00f5es, categorias de base, resultados das partidas, tabela de classifica\u00e7\u00e3o, pr\u00f3ximos jogos!\",\"potentialAction\":[{\"@type\":\"SearchAction\",\"target\":{\"@type\":\"EntryPoint\",\"urlTemplate\":\"https:\/\/www.gaveanews.com\/?s={search_term_string}\"},\"query-input\":{\"@type\":\"PropertyValueSpecification\",\"valueRequired\":true,\"valueName\":\"search_term_string\"}}],\"inLanguage\":\"pt-BR\"},{\"@type\":\"Person\",\"@id\":\"https:\/\/www.gaveanews.com\/#\/schema\/person\/0eb3e3fe1754f0205218538adbe8f5ed\",\"name\":\"Rafaela Ladeira\",\"image\":{\"@type\":\"ImageObject\",\"inLanguage\":\"pt-BR\",\"@id\":\"https:\/\/www.gaveanews.com\/#\/schema\/person\/image\/\",\"url\":\"https:\/\/secure.gravatar.com\/avatar\/c31f513acffd85eacab5730cbdfdbbf59f21ba5aeada8cd890acea879fbb2455?s=96&d=mm&r=g\",\"contentUrl\":\"https:\/\/secure.gravatar.com\/avatar\/c31f513acffd85eacab5730cbdfdbbf59f21ba5aeada8cd890acea879fbb2455?s=96&d=mm&r=g\",\"caption\":\"Rafaela Ladeira\"}}]}<\/script>\n<!-- \/ Yoast SEO Premium plugin. -->","yoast_head_json":{"title":"A rea\u00e7\u00e3o da torcida do Flamengo com o interesse da CBF em Filipe Lu\u00eds","robots":{"index":"index","follow":"follow","max-snippet":"max-snippet:-1","max-image-preview":"max-image-preview:large","max-video-preview":"max-video-preview:-1"},"canonical":"https:\/\/www.gaveanews.com\/index.php\/2025\/03\/26\/a-reacao-da-torcida-do-flamengo-com-o-interesse-da-cbf-em-filipe-luis\/","og_locale":"pt_BR","og_type":"article","og_title":"A rea\u00e7\u00e3o da torcida do Flamengo com o interesse da CBF em Filipe Lu\u00eds","og_description":"O Flamengo vive uma fase tranquila, com t\u00edtulos do Campeonato Carioca e da Supercopa do Brasil no bolso. O time, que agora se prepara para os desafios no Brasileir\u00e3o e na Libertadores, tem aproveitado o intervalo da Data FIFA para focar no treinamento e nas melhorias no elenco.&nbsp; No entanto, uma situa\u00e7\u00e3o envolvendo Filipe Lu\u00eds, [&hellip;]","og_url":"https:\/\/www.gaveanews.com\/index.php\/2025\/03\/26\/a-reacao-da-torcida-do-flamengo-com-o-interesse-da-cbf-em-filipe-luis\/","og_site_name":"G\u00e1vea News","article_publisher":"https:\/\/facebook.com\/gaveaNews\/","article_published_time":"2025-03-26T16:30:00+00:00","og_image":[{"width":860,"height":538,"url":"https:\/\/www.gaveanews.com\/wp-content\/uploads\/filipe-luis-campeao-maracana-860x538-1.webp","type":"image\/webp"}],"author":"Rafaela Ladeira","twitter_card":"summary_large_image","twitter_misc":{"Escrito por":"Rafaela Ladeira","Est. tempo de leitura":"4 minutos"},"schema":{"@context":"https:\/\/schema.org","@graph":[{"@type":"NewsArticle","@id":"https:\/\/www.gaveanews.com\/index.php\/2025\/03\/26\/a-reacao-da-torcida-do-flamengo-com-o-interesse-da-cbf-em-filipe-luis\/#article","isPartOf":{"@id":"https:\/\/www.gaveanews.com\/index.php\/2025\/03\/26\/a-reacao-da-torcida-do-flamengo-com-o-interesse-da-cbf-em-filipe-luis\/"},"author":{"name":"Rafaela Ladeira","@id":"https:\/\/www.gaveanews.com\/#\/schema\/person\/0eb3e3fe1754f0205218538adbe8f5ed"},"headline":"A rea\u00e7\u00e3o da torcida do Flamengo com o interesse da CBF em Filipe Lu\u00eds","datePublished":"2025-03-26T16:30:00+00:00","mainEntityOfPage":{"@id":"https:\/\/www.gaveanews.com\/index.php\/2025\/03\/26\/a-reacao-da-torcida-do-flamengo-com-o-interesse-da-cbf-em-filipe-luis\/"},"wordCount":501,"commentCount":0,"image":{"@id":"https:\/\/www.gaveanews.com\/index.php\/2025\/03\/26\/a-reacao-da-torcida-do-flamengo-com-o-interesse-da-cbf-em-filipe-luis\/#primaryimage"},"thumbnailUrl":"https:\/\/www.gaveanews.com\/wp-content\/uploads\/filipe-luis-campeao-maracana-860x538-1.webp","articleSection":["Brasil","Flamengo"],"inLanguage":"pt-BR","potentialAction":[{"@type":"CommentAction","name":"Comment","target":["https:\/\/www.gaveanews.com\/index.php\/2025\/03\/26\/a-reacao-da-torcida-do-flamengo-com-o-interesse-da-cbf-em-filipe-luis\/#respond"]}],"copyrightYear":"2025","copyrightHolder":{"@id":"https:\/\/www.gaveanews.com\/#organization"}},{"@type":"WebPage","@id":"https:\/\/www.gaveanews.com\/index.php\/2025\/03\/26\/a-reacao-da-torcida-do-flamengo-com-o-interesse-da-cbf-em-filipe-luis\/","url":"https:\/\/www.gaveanews.com\/index.php\/2025\/03\/26\/a-reacao-da-torcida-do-flamengo-com-o-interesse-da-cbf-em-filipe-luis\/","name":"A rea\u00e7\u00e3o da torcida do Flamengo com o interesse da CBF em Filipe Lu\u00eds","isPartOf":{"@id":"https:\/\/www.gaveanews.com\/#website"},"primaryImageOfPage":{"@id":"https:\/\/www.gaveanews.com\/index.php\/2025\/03\/26\/a-reacao-da-torcida-do-flamengo-com-o-interesse-da-cbf-em-filipe-luis\/#primaryimage"},"image":{"@id":"https:\/\/www.gaveanews.com\/index.php\/2025\/03\/26\/a-reacao-da-torcida-do-flamengo-com-o-interesse-da-cbf-em-filipe-luis\/#primaryimage"},"thumbnailUrl":"https:\/\/www.gaveanews.com\/wp-content\/uploads\/filipe-luis-campeao-maracana-860x538-1.webp","datePublished":"2025-03-26T16:30:00+00:00","author":{"@id":"https:\/\/www.gaveanews.com\/#\/schema\/person\/0eb3e3fe1754f0205218538adbe8f5ed"},"breadcrumb":{"@id":"https:\/\/www.gaveanews.com\/index.php\/2025\/03\/26\/a-reacao-da-torcida-do-flamengo-com-o-interesse-da-cbf-em-filipe-luis\/#breadcrumb"},"inLanguage":"pt-BR","potentialAction":[{"@type":"ReadAction","target":["https:\/\/www.gaveanews.com\/index.php\/2025\/03\/26\/a-reacao-da-torcida-do-flamengo-com-o-interesse-da-cbf-em-filipe-luis\/"]}]},{"@type":"ImageObject","inLanguage":"pt-BR","@id":"https:\/\/www.gaveanews.com\/index.php\/2025\/03\/26\/a-reacao-da-torcida-do-flamengo-com-o-interesse-da-cbf-em-filipe-luis\/#primaryimage","url":"https:\/\/www.gaveanews.com\/wp-content\/uploads\/filipe-luis-campeao-maracana-860x538-1.webp","contentUrl":"https:\/\/www.gaveanews.com\/wp-content\/uploads\/filipe-luis-campeao-maracana-860x538-1.webp","width":860,"height":538,"caption":"Foto: Adriano Fontes \/ Flamengo"},{"@type":"BreadcrumbList","@id":"https:\/\/www.gaveanews.com\/index.php\/2025\/03\/26\/a-reacao-da-torcida-do-flamengo-com-o-interesse-da-cbf-em-filipe-luis\/#breadcrumb","itemListElement":[{"@type":"ListItem","position":1,"name":"Home","item":"https:\/\/www.gaveanews.com\/"},{"@type":"ListItem","position":2,"name":"A rea\u00e7\u00e3o da torcida do Flamengo com o interesse da CBF em Filipe Lu\u00eds"}]},{"@type":"WebSite","@id":"https:\/\/www.gaveanews.com\/#website","url":"https:\/\/www.gaveanews.com\/","name":"G\u00e1vea News","description":"Veja todas as not\u00edcias sobre o Flamengo: Contrata\u00e7\u00f5es, categorias de base, resultados das partidas, tabela de classifica\u00e7\u00e3o, pr\u00f3ximos jogos!","potentialAction":[{"@type":"SearchAction","target":{"@type":"EntryPoint","urlTemplate":"https:\/\/www.gaveanews.com\/?s={search_term_string}"},"query-input":{"@type":"PropertyValueSpecification","valueRequired":true,"valueName":"search_term_string"}}],"inLanguage":"pt-BR"},{"@type":"Person","@id":"https:\/\/www.gaveanews.com\/#\/schema\/person\/0eb3e3fe1754f0205218538adbe8f5ed","name":"Rafaela Ladeira","image":{"@type":"ImageObject","inLanguage":"pt-BR","@id":"https:\/\/www.gaveanews.com\/#\/schema\/person\/image\/","url":"https:\/\/secure.gravatar.com\/avatar\/c31f513acffd85eacab5730cbdfdbbf59f21ba5aeada8cd890acea879fbb2455?s=96&d=mm&r=g","contentUrl":"https:\/\/secure.gravatar.com\/avatar\/c31f513acffd85eacab5730cbdfdbbf59f21ba5aeada8cd890acea879fbb2455?s=96&d=mm&r=g","caption":"Rafaela Ladeira"}}]}},"_links":{"self":[{"href":"https:\/\/www.gaveanews.com\/index.php\/wp-json\/wp\/v2\/posts\/244911","targetHints":{"allow":["GET"]}}],"collection":[{"href":"https:\/\/www.gaveanews.com\/index.php\/wp-json\/wp\/v2\/posts"}],"about":[{"href":"https:\/\/www.gaveanews.com\/index.php\/wp-json\/wp\/v2\/types\/post"}],"author":[{"embeddable":true,"href":"https:\/\/www.gaveanews.com\/index.php\/wp-json\/wp\/v2\/users\/25"}],"replies":[{"embeddable":true,"href":"https:\/\/www.gaveanews.com\/index.php\/wp-json\/wp\/v2\/comments?post=244911"}],"version-history":[{"count":1,"href":"https:\/\/www.gaveanews.com\/index.php\/wp-json\/wp\/v2\/posts\/244911\/revisions"}],"predecessor-version":[{"id":244912,"href":"https:\/\/www.gaveanews.com\/index.php\/wp-json\/wp\/v2\/posts\/244911\/revisions\/244912"}],"wp:featuredmedia":[{"embeddable":true,"href":"https:\/\/www.gaveanews.com\/index.php\/wp-json\/wp\/v2\/media\/161321"}],"wp:attachment":[{"href":"https:\/\/www.gaveanews.com\/index.php\/wp-json\/wp\/v2\/media?parent=244911"}],"wp:term":[{"taxonomy":"category","embeddable":true,"href":"https:\/\/www.gaveanews.com\/index.php\/wp-json\/wp\/v2\/categories?post=244911"},{"taxonomy":"post_tag","embeddable":true,"href":"https:\/\/www.gaveanews.com\/index.php\/wp-json\/wp\/v2\/tags?post=244911"}],"curies":[{"name":"wp","href":"https:\/\/api.w.org\/{rel}","templated":true}]}}