{"id":244913,"date":"2025-03-26T17:00:00","date_gmt":"2025-03-26T20:00:00","guid":{"rendered":"https:\/\/www.gaveanews.com\/?p=244913"},"modified":"2025-03-26T16:06:32","modified_gmt":"2025-03-26T19:06:32","slug":"atitude-da-federacao-paulista-deixou-diretoria-do-sao-paulo-chateada","status":"publish","type":"post","link":"https:\/\/www.gaveanews.com\/index.php\/2025\/03\/26\/atitude-da-federacao-paulista-deixou-diretoria-do-sao-paulo-chateada\/","title":{"rendered":"Atitude da Federa\u00e7\u00e3o Paulista deixou diretoria do S\u00e3o Paulo chateada"},"content":{"rendered":"\n<p>A diretoria do S\u00e3o Paulo manifestou publicamente seu descontentamento em rela\u00e7\u00e3o \u00e0 nota divulgada pela Federa\u00e7\u00e3o Paulista de Futebol (FPF). A entidade reconheceu, ap\u00f3s um intervalo de duas semanas, um erro de arbitragem ocorrido durante a semifinal do Campeonato Paulista, o qual resultou na elimina\u00e7\u00e3o do time tricolor frente ao Palmeiras.<\/p>\n\n\n\n<p>Essa demora na admiss\u00e3o do erro gerou irrita\u00e7\u00e3o nos bastidores do clube do Morumbi, conforme apurou o jornalista Andr\u00e9 Hernan. Durante sua participa\u00e7\u00e3o no programa &#8220;De Primeira&#8221;, Hernan detalhou a insatisfa\u00e7\u00e3o s\u00e3o-paulina com a resposta da FPF.<\/p>\n\n\n\n<p>\u201cO S\u00e3o Paulo recebeu essa resposta e n\u00e3o gostou. Primeiro, pela demora \u2014 duas semanas depois, voc\u00ea responde e admite o erro\u201d, explicou o jornalista, ressaltando o principal ponto de atrito.<\/p>\n\n\n\n<h2 class=\"wp-block-heading\" id=\"h-reacao-a-demora-da-fpf\">Rea\u00e7\u00e3o \u00e0 demora da FPF<\/h2>\n\n\n\n<p>Al\u00e9m disso, Hernan comentou sobre declara\u00e7\u00f5es anteriores do presidente da FPF, Reinaldo Carneiro Bastos. Em entrevista ap\u00f3s a defini\u00e7\u00e3o da final, Bastos inicialmente minimizou o incidente, embora posteriormente tenha se desculpado, um pedido reiterado na nota oficial.<\/p>\n\n\n\n<p>O S\u00e3o Paulo, contudo, entendia que a FPF deveria ter assumido a responsabilidade pelo erro imediatamente ap\u00f3s a partida. Por conseguinte, o clube enviou um of\u00edcio \u00e0 Federa\u00e7\u00e3o j\u00e1 no dia seguinte ao jogo, exigindo precisamente essa admiss\u00e3o de culpa.<\/p>\n\n\n\n<p>A FPF, entretanto, s\u00f3 formalizou o reconhecimento do equ\u00edvoco quase quinze dias depois, o que intensificou o mal-estar na rela\u00e7\u00e3o entre o clube e a entidade que rege o futebol paulista.<\/p>\n\n\n\n<h2 class=\"wp-block-heading\" id=\"h-impacto-do-erro-e-ameaca-do-clube\">Impacto do erro e amea\u00e7a do clube<\/h2>\n\n\n\n<p>O Tricolor do Morumbi sustenta que o p\u00eanalti assinalado incorretamente representou um preju\u00edzo esportivo grave, pois favoreceu diretamente o Palmeiras na disputa pela vaga na final. Assim sendo, a diretoria esperava um posicionamento mais c\u00e9lere por parte da Federa\u00e7\u00e3o.<\/p>\n\n\n\n<p>Ademais, o fato de a FPF admitir o erro somente \u00e0s v\u00e9speras da decis\u00e3o do Campeonato Paulista causou profundo desagrado ao S\u00e3o Paulo. O clube interpreta a falha da arbitragem como um erro significativo cometido contra a pr\u00f3pria institui\u00e7\u00e3o.<\/p>\n\n\n\n<p>Importante relembrar que, anteriormente, h\u00e1 cerca de duas semanas, o S\u00e3o Paulo j\u00e1 havia encaminhado um of\u00edcio \u00e0 FPF. Nesse documento, o clube amea\u00e7ou escalar sua equipe Sub-20 na pr\u00f3xima edi\u00e7\u00e3o do Paulist\u00e3o, como forma de protesto caso o erro de arbitragem n\u00e3o fosse formalmente reconhecido pela entidade.<\/p>\n","protected":false},"excerpt":{"rendered":"<p>A diretoria do S\u00e3o Paulo manifestou publicamente seu descontentamento em rela\u00e7\u00e3o \u00e0 nota divulgada pela Federa\u00e7\u00e3o Paulista de Futebol (FPF). A entidade reconheceu, ap\u00f3s um intervalo de duas semanas, um erro de arbitragem ocorrido durante a semifinal do Campeonato Paulista, o qual resultou na elimina\u00e7\u00e3o do time tricolor frente ao Palmeiras. Essa demora na admiss\u00e3o [&hellip;]<\/p>\n","protected":false},"author":28,"featured_media":154249,"comment_status":"open","ping_status":"closed","sticky":false,"template":"","format":"standard","meta":{"footnotes":""},"categories":[151],"tags":[],"class_list":["post-244913","post","type-post","status-publish","format-standard","has-post-thumbnail","hentry","category-sao-paulo"],"yoast_head":"<!-- This site is optimized with the Yoast SEO Premium plugin v24.2 (Yoast SEO v26.9) - https:\/\/yoast.com\/product\/yoast-seo-premium-wordpress\/ -->\n<title>Atitude da Federa\u00e7\u00e3o Paulista deixou diretoria do S\u00e3o Paulo chateada<\/title>\n<meta name=\"robots\" content=\"index, follow, max-snippet:-1, max-image-preview:large, max-video-preview:-1\" \/>\n<link rel=\"canonical\" href=\"https:\/\/www.gaveanews.com\/index.php\/2025\/03\/26\/atitude-da-federacao-paulista-deixou-diretoria-do-sao-paulo-chateada\/\" \/>\n<meta property=\"og:locale\" content=\"pt_BR\" \/>\n<meta property=\"og:type\" content=\"article\" \/>\n<meta property=\"og:title\" content=\"Atitude da Federa\u00e7\u00e3o Paulista deixou diretoria do S\u00e3o Paulo chateada\" \/>\n<meta property=\"og:description\" content=\"A diretoria do S\u00e3o Paulo manifestou publicamente seu descontentamento em rela\u00e7\u00e3o \u00e0 nota divulgada pela Federa\u00e7\u00e3o Paulista de Futebol (FPF). A entidade reconheceu, ap\u00f3s um intervalo de duas semanas, um erro de arbitragem ocorrido durante a semifinal do Campeonato Paulista, o qual resultou na elimina\u00e7\u00e3o do time tricolor frente ao Palmeiras. Essa demora na admiss\u00e3o [&hellip;]\" \/>\n<meta property=\"og:url\" content=\"https:\/\/www.gaveanews.com\/index.php\/2025\/03\/26\/atitude-da-federacao-paulista-deixou-diretoria-do-sao-paulo-chateada\/\" \/>\n<meta property=\"og:site_name\" content=\"G\u00e1vea News\" \/>\n<meta property=\"article:publisher\" content=\"https:\/\/facebook.com\/gaveaNews\/\" \/>\n<meta property=\"article:published_time\" content=\"2025-03-26T20:00:00+00:00\" \/>\n<meta property=\"og:image\" content=\"https:\/\/www.gaveanews.com\/wp-content\/uploads\/Bandeira-do-Sao-Paulo-no-Morumbis-em-2024.webp\" \/>\n\t<meta property=\"og:image:width\" content=\"1000\" \/>\n\t<meta property=\"og:image:height\" content=\"667\" \/>\n\t<meta property=\"og:image:type\" content=\"image\/webp\" \/>\n<meta name=\"author\" content=\"Hudson Pereira\" \/>\n<meta name=\"twitter:card\" content=\"summary_large_image\" \/>\n<meta name=\"twitter:label1\" content=\"Escrito por\" \/>\n\t<meta name=\"twitter:data1\" content=\"Hudson Pereira\" \/>\n\t<meta name=\"twitter:label2\" content=\"Est. tempo de leitura\" \/>\n\t<meta name=\"twitter:data2\" content=\"3 minutos\" \/>\n<script type=\"application\/ld+json\" class=\"yoast-schema-graph\">{\"@context\":\"https:\/\/schema.org\",\"@graph\":[{\"@type\":\"NewsArticle\",\"@id\":\"https:\/\/www.gaveanews.com\/index.php\/2025\/03\/26\/atitude-da-federacao-paulista-deixou-diretoria-do-sao-paulo-chateada\/#article\",\"isPartOf\":{\"@id\":\"https:\/\/www.gaveanews.com\/index.php\/2025\/03\/26\/atitude-da-federacao-paulista-deixou-diretoria-do-sao-paulo-chateada\/\"},\"author\":{\"name\":\"Hudson Pereira\",\"@id\":\"https:\/\/www.gaveanews.com\/#\/schema\/person\/bd08f00534b403119b92741a6d469ef0\"},\"headline\":\"Atitude da Federa\u00e7\u00e3o Paulista deixou diretoria do S\u00e3o Paulo chateada\",\"datePublished\":\"2025-03-26T20:00:00+00:00\",\"mainEntityOfPage\":{\"@id\":\"https:\/\/www.gaveanews.com\/index.php\/2025\/03\/26\/atitude-da-federacao-paulista-deixou-diretoria-do-sao-paulo-chateada\/\"},\"wordCount\":413,\"commentCount\":0,\"image\":{\"@id\":\"https:\/\/www.gaveanews.com\/index.php\/2025\/03\/26\/atitude-da-federacao-paulista-deixou-diretoria-do-sao-paulo-chateada\/#primaryimage\"},\"thumbnailUrl\":\"https:\/\/www.gaveanews.com\/wp-content\/uploads\/Bandeira-do-Sao-Paulo-no-Morumbis-em-2024.webp\",\"articleSection\":[\"S\u00e3o Paulo\"],\"inLanguage\":\"pt-BR\",\"potentialAction\":[{\"@type\":\"CommentAction\",\"name\":\"Comment\",\"target\":[\"https:\/\/www.gaveanews.com\/index.php\/2025\/03\/26\/atitude-da-federacao-paulista-deixou-diretoria-do-sao-paulo-chateada\/#respond\"]}],\"copyrightYear\":\"2025\",\"copyrightHolder\":{\"@id\":\"https:\/\/www.gaveanews.com\/#organization\"}},{\"@type\":\"WebPage\",\"@id\":\"https:\/\/www.gaveanews.com\/index.php\/2025\/03\/26\/atitude-da-federacao-paulista-deixou-diretoria-do-sao-paulo-chateada\/\",\"url\":\"https:\/\/www.gaveanews.com\/index.php\/2025\/03\/26\/atitude-da-federacao-paulista-deixou-diretoria-do-sao-paulo-chateada\/\",\"name\":\"Atitude da Federa\u00e7\u00e3o Paulista deixou diretoria do S\u00e3o Paulo chateada\",\"isPartOf\":{\"@id\":\"https:\/\/www.gaveanews.com\/#website\"},\"primaryImageOfPage\":{\"@id\":\"https:\/\/www.gaveanews.com\/index.php\/2025\/03\/26\/atitude-da-federacao-paulista-deixou-diretoria-do-sao-paulo-chateada\/#primaryimage\"},\"image\":{\"@id\":\"https:\/\/www.gaveanews.com\/index.php\/2025\/03\/26\/atitude-da-federacao-paulista-deixou-diretoria-do-sao-paulo-chateada\/#primaryimage\"},\"thumbnailUrl\":\"https:\/\/www.gaveanews.com\/wp-content\/uploads\/Bandeira-do-Sao-Paulo-no-Morumbis-em-2024.webp\",\"datePublished\":\"2025-03-26T20:00:00+00:00\",\"author\":{\"@id\":\"https:\/\/www.gaveanews.com\/#\/schema\/person\/bd08f00534b403119b92741a6d469ef0\"},\"breadcrumb\":{\"@id\":\"https:\/\/www.gaveanews.com\/index.php\/2025\/03\/26\/atitude-da-federacao-paulista-deixou-diretoria-do-sao-paulo-chateada\/#breadcrumb\"},\"inLanguage\":\"pt-BR\",\"potentialAction\":[{\"@type\":\"ReadAction\",\"target\":[\"https:\/\/www.gaveanews.com\/index.php\/2025\/03\/26\/atitude-da-federacao-paulista-deixou-diretoria-do-sao-paulo-chateada\/\"]}]},{\"@type\":\"ImageObject\",\"inLanguage\":\"pt-BR\",\"@id\":\"https:\/\/www.gaveanews.com\/index.php\/2025\/03\/26\/atitude-da-federacao-paulista-deixou-diretoria-do-sao-paulo-chateada\/#primaryimage\",\"url\":\"https:\/\/www.gaveanews.com\/wp-content\/uploads\/Bandeira-do-Sao-Paulo-no-Morumbis-em-2024.webp\",\"contentUrl\":\"https:\/\/www.gaveanews.com\/wp-content\/uploads\/Bandeira-do-Sao-Paulo-no-Morumbis-em-2024.webp\",\"width\":1000,\"height\":667,\"caption\":\"Bandeira do S\u00e3o Paulo no Morumbis em 2024 (Foto: Reprodu\u00e7\u00e3o\/S\u00e3o Paulo)\"},{\"@type\":\"BreadcrumbList\",\"@id\":\"https:\/\/www.gaveanews.com\/index.php\/2025\/03\/26\/atitude-da-federacao-paulista-deixou-diretoria-do-sao-paulo-chateada\/#breadcrumb\",\"itemListElement\":[{\"@type\":\"ListItem\",\"position\":1,\"name\":\"Home\",\"item\":\"https:\/\/www.gaveanews.com\/\"},{\"@type\":\"ListItem\",\"position\":2,\"name\":\"Atitude da Federa\u00e7\u00e3o Paulista deixou diretoria do S\u00e3o Paulo chateada\"}]},{\"@type\":\"WebSite\",\"@id\":\"https:\/\/www.gaveanews.com\/#website\",\"url\":\"https:\/\/www.gaveanews.com\/\",\"name\":\"G\u00e1vea News\",\"description\":\"Veja todas as not\u00edcias sobre o Flamengo: Contrata\u00e7\u00f5es, categorias de base, resultados das partidas, tabela de classifica\u00e7\u00e3o, pr\u00f3ximos jogos!\",\"potentialAction\":[{\"@type\":\"SearchAction\",\"target\":{\"@type\":\"EntryPoint\",\"urlTemplate\":\"https:\/\/www.gaveanews.com\/?s={search_term_string}\"},\"query-input\":{\"@type\":\"PropertyValueSpecification\",\"valueRequired\":true,\"valueName\":\"search_term_string\"}}],\"inLanguage\":\"pt-BR\"},{\"@type\":\"Person\",\"@id\":\"https:\/\/www.gaveanews.com\/#\/schema\/person\/bd08f00534b403119b92741a6d469ef0\",\"name\":\"Hudson Pereira\",\"image\":{\"@type\":\"ImageObject\",\"inLanguage\":\"pt-BR\",\"@id\":\"https:\/\/www.gaveanews.com\/#\/schema\/person\/image\/\",\"url\":\"https:\/\/secure.gravatar.com\/avatar\/ecc491b489e454e510efffc9b23c1052ce5fb4f2e05555768ba65819cd55f03e?s=96&d=mm&r=g\",\"contentUrl\":\"https:\/\/secure.gravatar.com\/avatar\/ecc491b489e454e510efffc9b23c1052ce5fb4f2e05555768ba65819cd55f03e?s=96&d=mm&r=g\",\"caption\":\"Hudson Pereira\"}}]}<\/script>\n<!-- \/ Yoast SEO Premium plugin. -->","yoast_head_json":{"title":"Atitude da Federa\u00e7\u00e3o Paulista deixou diretoria do S\u00e3o Paulo chateada","robots":{"index":"index","follow":"follow","max-snippet":"max-snippet:-1","max-image-preview":"max-image-preview:large","max-video-preview":"max-video-preview:-1"},"canonical":"https:\/\/www.gaveanews.com\/index.php\/2025\/03\/26\/atitude-da-federacao-paulista-deixou-diretoria-do-sao-paulo-chateada\/","og_locale":"pt_BR","og_type":"article","og_title":"Atitude da Federa\u00e7\u00e3o Paulista deixou diretoria do S\u00e3o Paulo chateada","og_description":"A diretoria do S\u00e3o Paulo manifestou publicamente seu descontentamento em rela\u00e7\u00e3o \u00e0 nota divulgada pela Federa\u00e7\u00e3o Paulista de Futebol (FPF). A entidade reconheceu, ap\u00f3s um intervalo de duas semanas, um erro de arbitragem ocorrido durante a semifinal do Campeonato Paulista, o qual resultou na elimina\u00e7\u00e3o do time tricolor frente ao Palmeiras. Essa demora na admiss\u00e3o [&hellip;]","og_url":"https:\/\/www.gaveanews.com\/index.php\/2025\/03\/26\/atitude-da-federacao-paulista-deixou-diretoria-do-sao-paulo-chateada\/","og_site_name":"G\u00e1vea News","article_publisher":"https:\/\/facebook.com\/gaveaNews\/","article_published_time":"2025-03-26T20:00:00+00:00","og_image":[{"width":1000,"height":667,"url":"https:\/\/www.gaveanews.com\/wp-content\/uploads\/Bandeira-do-Sao-Paulo-no-Morumbis-em-2024.webp","type":"image\/webp"}],"author":"Hudson Pereira","twitter_card":"summary_large_image","twitter_misc":{"Escrito por":"Hudson Pereira","Est. tempo de leitura":"3 minutos"},"schema":{"@context":"https:\/\/schema.org","@graph":[{"@type":"NewsArticle","@id":"https:\/\/www.gaveanews.com\/index.php\/2025\/03\/26\/atitude-da-federacao-paulista-deixou-diretoria-do-sao-paulo-chateada\/#article","isPartOf":{"@id":"https:\/\/www.gaveanews.com\/index.php\/2025\/03\/26\/atitude-da-federacao-paulista-deixou-diretoria-do-sao-paulo-chateada\/"},"author":{"name":"Hudson Pereira","@id":"https:\/\/www.gaveanews.com\/#\/schema\/person\/bd08f00534b403119b92741a6d469ef0"},"headline":"Atitude da Federa\u00e7\u00e3o Paulista deixou diretoria do S\u00e3o Paulo chateada","datePublished":"2025-03-26T20:00:00+00:00","mainEntityOfPage":{"@id":"https:\/\/www.gaveanews.com\/index.php\/2025\/03\/26\/atitude-da-federacao-paulista-deixou-diretoria-do-sao-paulo-chateada\/"},"wordCount":413,"commentCount":0,"image":{"@id":"https:\/\/www.gaveanews.com\/index.php\/2025\/03\/26\/atitude-da-federacao-paulista-deixou-diretoria-do-sao-paulo-chateada\/#primaryimage"},"thumbnailUrl":"https:\/\/www.gaveanews.com\/wp-content\/uploads\/Bandeira-do-Sao-Paulo-no-Morumbis-em-2024.webp","articleSection":["S\u00e3o Paulo"],"inLanguage":"pt-BR","potentialAction":[{"@type":"CommentAction","name":"Comment","target":["https:\/\/www.gaveanews.com\/index.php\/2025\/03\/26\/atitude-da-federacao-paulista-deixou-diretoria-do-sao-paulo-chateada\/#respond"]}],"copyrightYear":"2025","copyrightHolder":{"@id":"https:\/\/www.gaveanews.com\/#organization"}},{"@type":"WebPage","@id":"https:\/\/www.gaveanews.com\/index.php\/2025\/03\/26\/atitude-da-federacao-paulista-deixou-diretoria-do-sao-paulo-chateada\/","url":"https:\/\/www.gaveanews.com\/index.php\/2025\/03\/26\/atitude-da-federacao-paulista-deixou-diretoria-do-sao-paulo-chateada\/","name":"Atitude da Federa\u00e7\u00e3o Paulista deixou diretoria do S\u00e3o Paulo chateada","isPartOf":{"@id":"https:\/\/www.gaveanews.com\/#website"},"primaryImageOfPage":{"@id":"https:\/\/www.gaveanews.com\/index.php\/2025\/03\/26\/atitude-da-federacao-paulista-deixou-diretoria-do-sao-paulo-chateada\/#primaryimage"},"image":{"@id":"https:\/\/www.gaveanews.com\/index.php\/2025\/03\/26\/atitude-da-federacao-paulista-deixou-diretoria-do-sao-paulo-chateada\/#primaryimage"},"thumbnailUrl":"https:\/\/www.gaveanews.com\/wp-content\/uploads\/Bandeira-do-Sao-Paulo-no-Morumbis-em-2024.webp","datePublished":"2025-03-26T20:00:00+00:00","author":{"@id":"https:\/\/www.gaveanews.com\/#\/schema\/person\/bd08f00534b403119b92741a6d469ef0"},"breadcrumb":{"@id":"https:\/\/www.gaveanews.com\/index.php\/2025\/03\/26\/atitude-da-federacao-paulista-deixou-diretoria-do-sao-paulo-chateada\/#breadcrumb"},"inLanguage":"pt-BR","potentialAction":[{"@type":"ReadAction","target":["https:\/\/www.gaveanews.com\/index.php\/2025\/03\/26\/atitude-da-federacao-paulista-deixou-diretoria-do-sao-paulo-chateada\/"]}]},{"@type":"ImageObject","inLanguage":"pt-BR","@id":"https:\/\/www.gaveanews.com\/index.php\/2025\/03\/26\/atitude-da-federacao-paulista-deixou-diretoria-do-sao-paulo-chateada\/#primaryimage","url":"https:\/\/www.gaveanews.com\/wp-content\/uploads\/Bandeira-do-Sao-Paulo-no-Morumbis-em-2024.webp","contentUrl":"https:\/\/www.gaveanews.com\/wp-content\/uploads\/Bandeira-do-Sao-Paulo-no-Morumbis-em-2024.webp","width":1000,"height":667,"caption":"Bandeira do S\u00e3o Paulo no Morumbis em 2024 (Foto: Reprodu\u00e7\u00e3o\/S\u00e3o Paulo)"},{"@type":"BreadcrumbList","@id":"https:\/\/www.gaveanews.com\/index.php\/2025\/03\/26\/atitude-da-federacao-paulista-deixou-diretoria-do-sao-paulo-chateada\/#breadcrumb","itemListElement":[{"@type":"ListItem","position":1,"name":"Home","item":"https:\/\/www.gaveanews.com\/"},{"@type":"ListItem","position":2,"name":"Atitude da Federa\u00e7\u00e3o Paulista deixou diretoria do S\u00e3o Paulo chateada"}]},{"@type":"WebSite","@id":"https:\/\/www.gaveanews.com\/#website","url":"https:\/\/www.gaveanews.com\/","name":"G\u00e1vea News","description":"Veja todas as not\u00edcias sobre o Flamengo: Contrata\u00e7\u00f5es, categorias de base, resultados das partidas, tabela de classifica\u00e7\u00e3o, pr\u00f3ximos jogos!","potentialAction":[{"@type":"SearchAction","target":{"@type":"EntryPoint","urlTemplate":"https:\/\/www.gaveanews.com\/?s={search_term_string}"},"query-input":{"@type":"PropertyValueSpecification","valueRequired":true,"valueName":"search_term_string"}}],"inLanguage":"pt-BR"},{"@type":"Person","@id":"https:\/\/www.gaveanews.com\/#\/schema\/person\/bd08f00534b403119b92741a6d469ef0","name":"Hudson Pereira","image":{"@type":"ImageObject","inLanguage":"pt-BR","@id":"https:\/\/www.gaveanews.com\/#\/schema\/person\/image\/","url":"https:\/\/secure.gravatar.com\/avatar\/ecc491b489e454e510efffc9b23c1052ce5fb4f2e05555768ba65819cd55f03e?s=96&d=mm&r=g","contentUrl":"https:\/\/secure.gravatar.com\/avatar\/ecc491b489e454e510efffc9b23c1052ce5fb4f2e05555768ba65819cd55f03e?s=96&d=mm&r=g","caption":"Hudson Pereira"}}]}},"_links":{"self":[{"href":"https:\/\/www.gaveanews.com\/index.php\/wp-json\/wp\/v2\/posts\/244913","targetHints":{"allow":["GET"]}}],"collection":[{"href":"https:\/\/www.gaveanews.com\/index.php\/wp-json\/wp\/v2\/posts"}],"about":[{"href":"https:\/\/www.gaveanews.com\/index.php\/wp-json\/wp\/v2\/types\/post"}],"author":[{"embeddable":true,"href":"https:\/\/www.gaveanews.com\/index.php\/wp-json\/wp\/v2\/users\/28"}],"replies":[{"embeddable":true,"href":"https:\/\/www.gaveanews.com\/index.php\/wp-json\/wp\/v2\/comments?post=244913"}],"version-history":[{"count":2,"href":"https:\/\/www.gaveanews.com\/index.php\/wp-json\/wp\/v2\/posts\/244913\/revisions"}],"predecessor-version":[{"id":244915,"href":"https:\/\/www.gaveanews.com\/index.php\/wp-json\/wp\/v2\/posts\/244913\/revisions\/244915"}],"wp:featuredmedia":[{"embeddable":true,"href":"https:\/\/www.gaveanews.com\/index.php\/wp-json\/wp\/v2\/media\/154249"}],"wp:attachment":[{"href":"https:\/\/www.gaveanews.com\/index.php\/wp-json\/wp\/v2\/media?parent=244913"}],"wp:term":[{"taxonomy":"category","embeddable":true,"href":"https:\/\/www.gaveanews.com\/index.php\/wp-json\/wp\/v2\/categories?post=244913"},{"taxonomy":"post_tag","embeddable":true,"href":"https:\/\/www.gaveanews.com\/index.php\/wp-json\/wp\/v2\/tags?post=244913"}],"curies":[{"name":"wp","href":"https:\/\/api.w.org\/{rel}","templated":true}]}}