{"id":244919,"date":"2025-03-26T14:25:00","date_gmt":"2025-03-26T17:25:00","guid":{"rendered":"https:\/\/www.gaveanews.com\/?p=244919"},"modified":"2025-03-26T14:12:52","modified_gmt":"2025-03-26T17:12:52","slug":"martelo-batido-abel-ja-sabe-se-podera-contar-com-gomez-e-paulinho-em-corinthians-x-palmeiras","status":"publish","type":"post","link":"https:\/\/www.gaveanews.com\/index.php\/2025\/03\/26\/martelo-batido-abel-ja-sabe-se-podera-contar-com-gomez-e-paulinho-em-corinthians-x-palmeiras\/","title":{"rendered":"Martelo batido! Abel j\u00e1 sabe se poder\u00e1 contar com G\u00f3mez e Paulinho em Corinthians x Palmeiras"},"content":{"rendered":"\n<p>A semana decisiva para o Palmeiras chegou! O t\u00e9cnico Abel Ferreira j\u00e1 se prepara para o jogo crucial contra o Corinthians, tentando reverter a vantagem do rival e garantir o quarto t\u00edtulo consecutivo no Campeonato Paulista.&nbsp;<\/p>\n\n\n\n<p>Por\u00e9m, desafios surgem na montagem do time, j\u00e1 que o comandante n\u00e3o poder\u00e1 contar com algumas pe\u00e7as importantes.<\/p>\n\n\n\n<h2 class=\"wp-block-heading\" id=\"h-baixas-de-peso-para-abel-ferreira\">Baixas de peso para Abel Ferreira<\/h2>\n\n\n\n<figure class=\"wp-block-image size-large\"><img loading=\"lazy\" decoding=\"async\" width=\"1024\" height=\"576\" src=\"http:\/\/www.gaveanews.com\/wp-content\/uploads\/Abel-Ferreira-e-fotografado-passando-instrucoes-durante-um-jogo-do-Palmeiras-1024x576.webp\" alt=\"\" class=\"wp-image-157845\" srcset=\"https:\/\/www.gaveanews.com\/wp-content\/uploads\/Abel-Ferreira-e-fotografado-passando-instrucoes-durante-um-jogo-do-Palmeiras-1024x576.webp 1024w, https:\/\/www.gaveanews.com\/wp-content\/uploads\/Abel-Ferreira-e-fotografado-passando-instrucoes-durante-um-jogo-do-Palmeiras-300x169.webp 300w, https:\/\/www.gaveanews.com\/wp-content\/uploads\/Abel-Ferreira-e-fotografado-passando-instrucoes-durante-um-jogo-do-Palmeiras-768x432.webp 768w, https:\/\/www.gaveanews.com\/wp-content\/uploads\/Abel-Ferreira-e-fotografado-passando-instrucoes-durante-um-jogo-do-Palmeiras-746x420.webp 746w, https:\/\/www.gaveanews.com\/wp-content\/uploads\/Abel-Ferreira-e-fotografado-passando-instrucoes-durante-um-jogo-do-Palmeiras-1493x840.webp 1493w, https:\/\/www.gaveanews.com\/wp-content\/uploads\/Abel-Ferreira-e-fotografado-passando-instrucoes-durante-um-jogo-do-Palmeiras-640x360.webp 640w, https:\/\/www.gaveanews.com\/wp-content\/uploads\/Abel-Ferreira-e-fotografado-passando-instrucoes-durante-um-jogo-do-Palmeiras-1280x720.webp 1280w, https:\/\/www.gaveanews.com\/wp-content\/uploads\/Abel-Ferreira-e-fotografado-passando-instrucoes-durante-um-jogo-do-Palmeiras-681x383.webp 681w, https:\/\/www.gaveanews.com\/wp-content\/uploads\/Abel-Ferreira-e-fotografado-passando-instrucoes-durante-um-jogo-do-Palmeiras-1362x766.webp 1362w, https:\/\/www.gaveanews.com\/wp-content\/uploads\/Abel-Ferreira-e-fotografado-passando-instrucoes-durante-um-jogo-do-Palmeiras-100x56.webp 100w, https:\/\/www.gaveanews.com\/wp-content\/uploads\/Abel-Ferreira-e-fotografado-passando-instrucoes-durante-um-jogo-do-Palmeiras.webp 1500w\" sizes=\"auto, (max-width: 1024px) 100vw, 1024px\" \/><figcaption class=\"wp-element-caption\">Abel Ferreira \u00e9 fotografado passando instru\u00e7\u00f5es durante um jogo do Palmeiras (Foto: Cesar Greco\/Palmeiras)<\/figcaption><\/figure>\n\n\n\n<p>Infelizmente para Abel, as baixas de Gustavo G\u00f3mez e Paulinho, dois pilares da equipe, s\u00e3o praticamente certas para o segundo jogo da final do Paulist\u00e3o, marcado para quinta-feira (27). Segundo informa\u00e7\u00f5es do UOL Esporte, ambos ainda est\u00e3o em tratamento separado do elenco e devem desfalcar o time alviverde.<\/p>\n\n\n\n<p>G\u00f3mez, com uma les\u00e3o no joelho direito, e Paulinho, que passou por cirurgia na perna direita, seguem sem condi\u00e7\u00e3o de jogo. Sendo assim, o Palmeiras ter\u00e1 que se adaptar sem a presen\u00e7a desses dois jogadores essenciais.&nbsp;<\/p>\n\n\n\n<p>Abel Ferreira j\u00e1 vem trabalhando com o time sem eles entre os relacionados, e a expectativa \u00e9 que ambos, ao menos, estejam prontos para a estreia no Brasileir\u00e3o contra o Botafogo, no domingo (30).<\/p>\n\n\n\n<h2 class=\"wp-block-heading\" id=\"h-o-retorno-de-mauricio\">O retorno de Maur\u00edcio<\/h2>\n\n\n\n<p>Apesar das aus\u00eancias, uma boa not\u00edcia vem surgindo: o retorno de Maur\u00edcio. O meia, artilheiro do time na temporada, avan\u00e7ou em sua recupera\u00e7\u00e3o e est\u00e1 mais pr\u00f3ximo de voltar.&nbsp;<\/p>\n\n\n\n<p>Ele j\u00e1 realizou as primeiras movimenta\u00e7\u00f5es com o elenco e, agora, est\u00e1 em transi\u00e7\u00e3o f\u00edsica, com o acompanhamento dos preparadores f\u00edsicos. Dessa maneira, sua presen\u00e7a para o jogo contra o Corinthians parece cada vez mais vi\u00e1vel, o que traz al\u00edvio ao comandante, que perder\u00e1 outros jogadores importantes.<\/p>\n\n\n\n<h2 class=\"wp-block-heading\" id=\"h-o-que-esperar-de-abel-ferreira-na-decisao\">O que esperar de Abel Ferreira na decis\u00e3o?<\/h2>\n\n\n\n<p>Abel Ferreira ter\u00e1 pouco tempo para ajustar seu time, com apenas mais um treinamento antes do grande confronto. A expectativa \u00e9 de que o time se apresente forte e determinado, apesar das aus\u00eancias.&nbsp;<\/p>\n\n\n\n<p>Vale destacar que Richard R\u00edos tamb\u00e9m preocupa, o que pode gerar mais ajustes na escala\u00e7\u00e3o. Raphael Veiga, por exemplo, pode ser improvisado como volante para suprir lacunas no time.<\/p>\n\n\n\n<p>Al\u00e9m disso, o Palmeiras segue aguardando o retorno de outros jogadores convocados para a Data Fifa, como Facundo Torres, Piquerez, Emiliano Mart\u00ednez, Richard R\u00edos, Est\u00eav\u00e3o e Weverton. Com isso, Abel Ferreira ter\u00e1 que escolher suas op\u00e7\u00f5es com cautela para garantir a for\u00e7a do time no jogo decisivo contra o Corinthians.<\/p>\n\n\n\n<h2 class=\"wp-block-heading\" id=\"h-a-expectativa-para-a-grande-final\">A expectativa para a grande final<\/h2>\n\n\n\n<p>O Palmeiras vai em busca da quarta conquista consecutiva do Paulist\u00e3o, e, apesar das dificuldades, Abel Ferreira confia que a equipe tem qualidade para superar os desafios e conquistar o t\u00edtulo.&nbsp;<\/p>\n\n\n\n<p>A torcida espera ansiosa pelo duelo, que promete ser de muita emo\u00e7\u00e3o e, certamente, marcado por estrat\u00e9gias e mudan\u00e7as importantes durante o jogo.<\/p>\n","protected":false},"excerpt":{"rendered":"<p>A semana decisiva para o Palmeiras chegou! O t\u00e9cnico Abel Ferreira j\u00e1 se prepara para o jogo crucial contra o Corinthians, tentando reverter a vantagem do rival e garantir o quarto t\u00edtulo consecutivo no Campeonato Paulista.&nbsp; Por\u00e9m, desafios surgem na montagem do time, j\u00e1 que o comandante n\u00e3o poder\u00e1 contar com algumas pe\u00e7as importantes. Baixas [&hellip;]<\/p>\n","protected":false},"author":25,"featured_media":157843,"comment_status":"open","ping_status":"closed","sticky":false,"template":"","format":"standard","meta":{"footnotes":""},"categories":[141,150],"tags":[],"class_list":["post-244919","post","type-post","status-publish","format-standard","has-post-thumbnail","hentry","category-corinthians","category-palmeiras"],"yoast_head":"<!-- This site is optimized with the Yoast SEO Premium plugin v24.2 (Yoast SEO v26.9) - https:\/\/yoast.com\/product\/yoast-seo-premium-wordpress\/ -->\n<title>Martelo batido! Abel j\u00e1 sabe se poder\u00e1 contar com G\u00f3mez e Paulinho em Corinthians x Palmeiras<\/title>\n<meta name=\"robots\" content=\"index, follow, max-snippet:-1, max-image-preview:large, max-video-preview:-1\" \/>\n<link rel=\"canonical\" href=\"https:\/\/www.gaveanews.com\/index.php\/2025\/03\/26\/martelo-batido-abel-ja-sabe-se-podera-contar-com-gomez-e-paulinho-em-corinthians-x-palmeiras\/\" \/>\n<meta property=\"og:locale\" content=\"pt_BR\" \/>\n<meta property=\"og:type\" content=\"article\" \/>\n<meta property=\"og:title\" content=\"Martelo batido! Abel j\u00e1 sabe se poder\u00e1 contar com G\u00f3mez e Paulinho em Corinthians x Palmeiras\" \/>\n<meta property=\"og:description\" content=\"A semana decisiva para o Palmeiras chegou! O t\u00e9cnico Abel Ferreira j\u00e1 se prepara para o jogo crucial contra o Corinthians, tentando reverter a vantagem do rival e garantir o quarto t\u00edtulo consecutivo no Campeonato Paulista.&nbsp; Por\u00e9m, desafios surgem na montagem do time, j\u00e1 que o comandante n\u00e3o poder\u00e1 contar com algumas pe\u00e7as importantes. Baixas [&hellip;]\" \/>\n<meta property=\"og:url\" content=\"https:\/\/www.gaveanews.com\/index.php\/2025\/03\/26\/martelo-batido-abel-ja-sabe-se-podera-contar-com-gomez-e-paulinho-em-corinthians-x-palmeiras\/\" \/>\n<meta property=\"og:site_name\" content=\"G\u00e1vea News\" \/>\n<meta property=\"article:publisher\" content=\"https:\/\/facebook.com\/gaveaNews\/\" \/>\n<meta property=\"article:published_time\" content=\"2025-03-26T17:25:00+00:00\" \/>\n<meta property=\"og:image\" content=\"https:\/\/www.gaveanews.com\/wp-content\/uploads\/Abel-Ferreira-e-fotografado-durante-um-jogo-do-Palmeiras-no-Allianz.webp\" \/>\n\t<meta property=\"og:image:width\" content=\"1349\" \/>\n\t<meta property=\"og:image:height\" content=\"1500\" \/>\n\t<meta property=\"og:image:type\" content=\"image\/jpeg\" \/>\n<meta name=\"author\" content=\"Rafaela Ladeira\" \/>\n<meta name=\"twitter:card\" content=\"summary_large_image\" \/>\n<meta name=\"twitter:label1\" content=\"Escrito por\" \/>\n\t<meta name=\"twitter:data1\" content=\"Rafaela Ladeira\" \/>\n\t<meta name=\"twitter:label2\" content=\"Est. tempo de leitura\" \/>\n\t<meta name=\"twitter:data2\" content=\"3 minutos\" \/>\n<script type=\"application\/ld+json\" class=\"yoast-schema-graph\">{\"@context\":\"https:\/\/schema.org\",\"@graph\":[{\"@type\":\"NewsArticle\",\"@id\":\"https:\/\/www.gaveanews.com\/index.php\/2025\/03\/26\/martelo-batido-abel-ja-sabe-se-podera-contar-com-gomez-e-paulinho-em-corinthians-x-palmeiras\/#article\",\"isPartOf\":{\"@id\":\"https:\/\/www.gaveanews.com\/index.php\/2025\/03\/26\/martelo-batido-abel-ja-sabe-se-podera-contar-com-gomez-e-paulinho-em-corinthians-x-palmeiras\/\"},\"author\":{\"name\":\"Rafaela Ladeira\",\"@id\":\"https:\/\/www.gaveanews.com\/#\/schema\/person\/0eb3e3fe1754f0205218538adbe8f5ed\"},\"headline\":\"Martelo batido! Abel j\u00e1 sabe se poder\u00e1 contar com G\u00f3mez e Paulinho em Corinthians x Palmeiras\",\"datePublished\":\"2025-03-26T17:25:00+00:00\",\"mainEntityOfPage\":{\"@id\":\"https:\/\/www.gaveanews.com\/index.php\/2025\/03\/26\/martelo-batido-abel-ja-sabe-se-podera-contar-com-gomez-e-paulinho-em-corinthians-x-palmeiras\/\"},\"wordCount\":517,\"commentCount\":0,\"image\":{\"@id\":\"https:\/\/www.gaveanews.com\/index.php\/2025\/03\/26\/martelo-batido-abel-ja-sabe-se-podera-contar-com-gomez-e-paulinho-em-corinthians-x-palmeiras\/#primaryimage\"},\"thumbnailUrl\":\"https:\/\/www.gaveanews.com\/wp-content\/uploads\/Abel-Ferreira-e-fotografado-durante-um-jogo-do-Palmeiras-no-Allianz.webp\",\"articleSection\":[\"Corinthians\",\"Palmeiras\"],\"inLanguage\":\"pt-BR\",\"potentialAction\":[{\"@type\":\"CommentAction\",\"name\":\"Comment\",\"target\":[\"https:\/\/www.gaveanews.com\/index.php\/2025\/03\/26\/martelo-batido-abel-ja-sabe-se-podera-contar-com-gomez-e-paulinho-em-corinthians-x-palmeiras\/#respond\"]}],\"copyrightYear\":\"2025\",\"copyrightHolder\":{\"@id\":\"https:\/\/www.gaveanews.com\/#organization\"}},{\"@type\":\"WebPage\",\"@id\":\"https:\/\/www.gaveanews.com\/index.php\/2025\/03\/26\/martelo-batido-abel-ja-sabe-se-podera-contar-com-gomez-e-paulinho-em-corinthians-x-palmeiras\/\",\"url\":\"https:\/\/www.gaveanews.com\/index.php\/2025\/03\/26\/martelo-batido-abel-ja-sabe-se-podera-contar-com-gomez-e-paulinho-em-corinthians-x-palmeiras\/\",\"name\":\"Martelo batido! Abel j\u00e1 sabe se poder\u00e1 contar com G\u00f3mez e Paulinho em Corinthians x Palmeiras\",\"isPartOf\":{\"@id\":\"https:\/\/www.gaveanews.com\/#website\"},\"primaryImageOfPage\":{\"@id\":\"https:\/\/www.gaveanews.com\/index.php\/2025\/03\/26\/martelo-batido-abel-ja-sabe-se-podera-contar-com-gomez-e-paulinho-em-corinthians-x-palmeiras\/#primaryimage\"},\"image\":{\"@id\":\"https:\/\/www.gaveanews.com\/index.php\/2025\/03\/26\/martelo-batido-abel-ja-sabe-se-podera-contar-com-gomez-e-paulinho-em-corinthians-x-palmeiras\/#primaryimage\"},\"thumbnailUrl\":\"https:\/\/www.gaveanews.com\/wp-content\/uploads\/Abel-Ferreira-e-fotografado-durante-um-jogo-do-Palmeiras-no-Allianz.webp\",\"datePublished\":\"2025-03-26T17:25:00+00:00\",\"author\":{\"@id\":\"https:\/\/www.gaveanews.com\/#\/schema\/person\/0eb3e3fe1754f0205218538adbe8f5ed\"},\"breadcrumb\":{\"@id\":\"https:\/\/www.gaveanews.com\/index.php\/2025\/03\/26\/martelo-batido-abel-ja-sabe-se-podera-contar-com-gomez-e-paulinho-em-corinthians-x-palmeiras\/#breadcrumb\"},\"inLanguage\":\"pt-BR\",\"potentialAction\":[{\"@type\":\"ReadAction\",\"target\":[\"https:\/\/www.gaveanews.com\/index.php\/2025\/03\/26\/martelo-batido-abel-ja-sabe-se-podera-contar-com-gomez-e-paulinho-em-corinthians-x-palmeiras\/\"]}]},{\"@type\":\"ImageObject\",\"inLanguage\":\"pt-BR\",\"@id\":\"https:\/\/www.gaveanews.com\/index.php\/2025\/03\/26\/martelo-batido-abel-ja-sabe-se-podera-contar-com-gomez-e-paulinho-em-corinthians-x-palmeiras\/#primaryimage\",\"url\":\"https:\/\/www.gaveanews.com\/wp-content\/uploads\/Abel-Ferreira-e-fotografado-durante-um-jogo-do-Palmeiras-no-Allianz.webp\",\"contentUrl\":\"https:\/\/www.gaveanews.com\/wp-content\/uploads\/Abel-Ferreira-e-fotografado-durante-um-jogo-do-Palmeiras-no-Allianz.webp\",\"width\":1349,\"height\":1500,\"caption\":\"Abel Ferreira \u00e9 fotografado durante um jogo do Palmeiras no Allianz (Foto: Cesar Greco\/Palmeiras)\"},{\"@type\":\"BreadcrumbList\",\"@id\":\"https:\/\/www.gaveanews.com\/index.php\/2025\/03\/26\/martelo-batido-abel-ja-sabe-se-podera-contar-com-gomez-e-paulinho-em-corinthians-x-palmeiras\/#breadcrumb\",\"itemListElement\":[{\"@type\":\"ListItem\",\"position\":1,\"name\":\"Home\",\"item\":\"https:\/\/www.gaveanews.com\/\"},{\"@type\":\"ListItem\",\"position\":2,\"name\":\"Martelo batido! Abel j\u00e1 sabe se poder\u00e1 contar com G\u00f3mez e Paulinho em Corinthians x Palmeiras\"}]},{\"@type\":\"WebSite\",\"@id\":\"https:\/\/www.gaveanews.com\/#website\",\"url\":\"https:\/\/www.gaveanews.com\/\",\"name\":\"G\u00e1vea News\",\"description\":\"Veja todas as not\u00edcias sobre o Flamengo: Contrata\u00e7\u00f5es, categorias de base, resultados das partidas, tabela de classifica\u00e7\u00e3o, pr\u00f3ximos jogos!\",\"potentialAction\":[{\"@type\":\"SearchAction\",\"target\":{\"@type\":\"EntryPoint\",\"urlTemplate\":\"https:\/\/www.gaveanews.com\/?s={search_term_string}\"},\"query-input\":{\"@type\":\"PropertyValueSpecification\",\"valueRequired\":true,\"valueName\":\"search_term_string\"}}],\"inLanguage\":\"pt-BR\"},{\"@type\":\"Person\",\"@id\":\"https:\/\/www.gaveanews.com\/#\/schema\/person\/0eb3e3fe1754f0205218538adbe8f5ed\",\"name\":\"Rafaela Ladeira\",\"image\":{\"@type\":\"ImageObject\",\"inLanguage\":\"pt-BR\",\"@id\":\"https:\/\/www.gaveanews.com\/#\/schema\/person\/image\/\",\"url\":\"https:\/\/secure.gravatar.com\/avatar\/c31f513acffd85eacab5730cbdfdbbf59f21ba5aeada8cd890acea879fbb2455?s=96&d=mm&r=g\",\"contentUrl\":\"https:\/\/secure.gravatar.com\/avatar\/c31f513acffd85eacab5730cbdfdbbf59f21ba5aeada8cd890acea879fbb2455?s=96&d=mm&r=g\",\"caption\":\"Rafaela Ladeira\"}}]}<\/script>\n<!-- \/ Yoast SEO Premium plugin. -->","yoast_head_json":{"title":"Martelo batido! Abel j\u00e1 sabe se poder\u00e1 contar com G\u00f3mez e Paulinho em Corinthians x Palmeiras","robots":{"index":"index","follow":"follow","max-snippet":"max-snippet:-1","max-image-preview":"max-image-preview:large","max-video-preview":"max-video-preview:-1"},"canonical":"https:\/\/www.gaveanews.com\/index.php\/2025\/03\/26\/martelo-batido-abel-ja-sabe-se-podera-contar-com-gomez-e-paulinho-em-corinthians-x-palmeiras\/","og_locale":"pt_BR","og_type":"article","og_title":"Martelo batido! Abel j\u00e1 sabe se poder\u00e1 contar com G\u00f3mez e Paulinho em Corinthians x Palmeiras","og_description":"A semana decisiva para o Palmeiras chegou! O t\u00e9cnico Abel Ferreira j\u00e1 se prepara para o jogo crucial contra o Corinthians, tentando reverter a vantagem do rival e garantir o quarto t\u00edtulo consecutivo no Campeonato Paulista.&nbsp; Por\u00e9m, desafios surgem na montagem do time, j\u00e1 que o comandante n\u00e3o poder\u00e1 contar com algumas pe\u00e7as importantes. Baixas [&hellip;]","og_url":"https:\/\/www.gaveanews.com\/index.php\/2025\/03\/26\/martelo-batido-abel-ja-sabe-se-podera-contar-com-gomez-e-paulinho-em-corinthians-x-palmeiras\/","og_site_name":"G\u00e1vea News","article_publisher":"https:\/\/facebook.com\/gaveaNews\/","article_published_time":"2025-03-26T17:25:00+00:00","og_image":[{"width":1349,"height":1500,"url":"https:\/\/www.gaveanews.com\/wp-content\/uploads\/Abel-Ferreira-e-fotografado-durante-um-jogo-do-Palmeiras-no-Allianz.webp","type":"image\/jpeg"}],"author":"Rafaela Ladeira","twitter_card":"summary_large_image","twitter_misc":{"Escrito por":"Rafaela Ladeira","Est. tempo de leitura":"3 minutos"},"schema":{"@context":"https:\/\/schema.org","@graph":[{"@type":"NewsArticle","@id":"https:\/\/www.gaveanews.com\/index.php\/2025\/03\/26\/martelo-batido-abel-ja-sabe-se-podera-contar-com-gomez-e-paulinho-em-corinthians-x-palmeiras\/#article","isPartOf":{"@id":"https:\/\/www.gaveanews.com\/index.php\/2025\/03\/26\/martelo-batido-abel-ja-sabe-se-podera-contar-com-gomez-e-paulinho-em-corinthians-x-palmeiras\/"},"author":{"name":"Rafaela Ladeira","@id":"https:\/\/www.gaveanews.com\/#\/schema\/person\/0eb3e3fe1754f0205218538adbe8f5ed"},"headline":"Martelo batido! Abel j\u00e1 sabe se poder\u00e1 contar com G\u00f3mez e Paulinho em Corinthians x Palmeiras","datePublished":"2025-03-26T17:25:00+00:00","mainEntityOfPage":{"@id":"https:\/\/www.gaveanews.com\/index.php\/2025\/03\/26\/martelo-batido-abel-ja-sabe-se-podera-contar-com-gomez-e-paulinho-em-corinthians-x-palmeiras\/"},"wordCount":517,"commentCount":0,"image":{"@id":"https:\/\/www.gaveanews.com\/index.php\/2025\/03\/26\/martelo-batido-abel-ja-sabe-se-podera-contar-com-gomez-e-paulinho-em-corinthians-x-palmeiras\/#primaryimage"},"thumbnailUrl":"https:\/\/www.gaveanews.com\/wp-content\/uploads\/Abel-Ferreira-e-fotografado-durante-um-jogo-do-Palmeiras-no-Allianz.webp","articleSection":["Corinthians","Palmeiras"],"inLanguage":"pt-BR","potentialAction":[{"@type":"CommentAction","name":"Comment","target":["https:\/\/www.gaveanews.com\/index.php\/2025\/03\/26\/martelo-batido-abel-ja-sabe-se-podera-contar-com-gomez-e-paulinho-em-corinthians-x-palmeiras\/#respond"]}],"copyrightYear":"2025","copyrightHolder":{"@id":"https:\/\/www.gaveanews.com\/#organization"}},{"@type":"WebPage","@id":"https:\/\/www.gaveanews.com\/index.php\/2025\/03\/26\/martelo-batido-abel-ja-sabe-se-podera-contar-com-gomez-e-paulinho-em-corinthians-x-palmeiras\/","url":"https:\/\/www.gaveanews.com\/index.php\/2025\/03\/26\/martelo-batido-abel-ja-sabe-se-podera-contar-com-gomez-e-paulinho-em-corinthians-x-palmeiras\/","name":"Martelo batido! Abel j\u00e1 sabe se poder\u00e1 contar com G\u00f3mez e Paulinho em Corinthians x Palmeiras","isPartOf":{"@id":"https:\/\/www.gaveanews.com\/#website"},"primaryImageOfPage":{"@id":"https:\/\/www.gaveanews.com\/index.php\/2025\/03\/26\/martelo-batido-abel-ja-sabe-se-podera-contar-com-gomez-e-paulinho-em-corinthians-x-palmeiras\/#primaryimage"},"image":{"@id":"https:\/\/www.gaveanews.com\/index.php\/2025\/03\/26\/martelo-batido-abel-ja-sabe-se-podera-contar-com-gomez-e-paulinho-em-corinthians-x-palmeiras\/#primaryimage"},"thumbnailUrl":"https:\/\/www.gaveanews.com\/wp-content\/uploads\/Abel-Ferreira-e-fotografado-durante-um-jogo-do-Palmeiras-no-Allianz.webp","datePublished":"2025-03-26T17:25:00+00:00","author":{"@id":"https:\/\/www.gaveanews.com\/#\/schema\/person\/0eb3e3fe1754f0205218538adbe8f5ed"},"breadcrumb":{"@id":"https:\/\/www.gaveanews.com\/index.php\/2025\/03\/26\/martelo-batido-abel-ja-sabe-se-podera-contar-com-gomez-e-paulinho-em-corinthians-x-palmeiras\/#breadcrumb"},"inLanguage":"pt-BR","potentialAction":[{"@type":"ReadAction","target":["https:\/\/www.gaveanews.com\/index.php\/2025\/03\/26\/martelo-batido-abel-ja-sabe-se-podera-contar-com-gomez-e-paulinho-em-corinthians-x-palmeiras\/"]}]},{"@type":"ImageObject","inLanguage":"pt-BR","@id":"https:\/\/www.gaveanews.com\/index.php\/2025\/03\/26\/martelo-batido-abel-ja-sabe-se-podera-contar-com-gomez-e-paulinho-em-corinthians-x-palmeiras\/#primaryimage","url":"https:\/\/www.gaveanews.com\/wp-content\/uploads\/Abel-Ferreira-e-fotografado-durante-um-jogo-do-Palmeiras-no-Allianz.webp","contentUrl":"https:\/\/www.gaveanews.com\/wp-content\/uploads\/Abel-Ferreira-e-fotografado-durante-um-jogo-do-Palmeiras-no-Allianz.webp","width":1349,"height":1500,"caption":"Abel Ferreira \u00e9 fotografado durante um jogo do Palmeiras no Allianz (Foto: Cesar Greco\/Palmeiras)"},{"@type":"BreadcrumbList","@id":"https:\/\/www.gaveanews.com\/index.php\/2025\/03\/26\/martelo-batido-abel-ja-sabe-se-podera-contar-com-gomez-e-paulinho-em-corinthians-x-palmeiras\/#breadcrumb","itemListElement":[{"@type":"ListItem","position":1,"name":"Home","item":"https:\/\/www.gaveanews.com\/"},{"@type":"ListItem","position":2,"name":"Martelo batido! Abel j\u00e1 sabe se poder\u00e1 contar com G\u00f3mez e Paulinho em Corinthians x Palmeiras"}]},{"@type":"WebSite","@id":"https:\/\/www.gaveanews.com\/#website","url":"https:\/\/www.gaveanews.com\/","name":"G\u00e1vea News","description":"Veja todas as not\u00edcias sobre o Flamengo: Contrata\u00e7\u00f5es, categorias de base, resultados das partidas, tabela de classifica\u00e7\u00e3o, pr\u00f3ximos jogos!","potentialAction":[{"@type":"SearchAction","target":{"@type":"EntryPoint","urlTemplate":"https:\/\/www.gaveanews.com\/?s={search_term_string}"},"query-input":{"@type":"PropertyValueSpecification","valueRequired":true,"valueName":"search_term_string"}}],"inLanguage":"pt-BR"},{"@type":"Person","@id":"https:\/\/www.gaveanews.com\/#\/schema\/person\/0eb3e3fe1754f0205218538adbe8f5ed","name":"Rafaela Ladeira","image":{"@type":"ImageObject","inLanguage":"pt-BR","@id":"https:\/\/www.gaveanews.com\/#\/schema\/person\/image\/","url":"https:\/\/secure.gravatar.com\/avatar\/c31f513acffd85eacab5730cbdfdbbf59f21ba5aeada8cd890acea879fbb2455?s=96&d=mm&r=g","contentUrl":"https:\/\/secure.gravatar.com\/avatar\/c31f513acffd85eacab5730cbdfdbbf59f21ba5aeada8cd890acea879fbb2455?s=96&d=mm&r=g","caption":"Rafaela Ladeira"}}]}},"_links":{"self":[{"href":"https:\/\/www.gaveanews.com\/index.php\/wp-json\/wp\/v2\/posts\/244919","targetHints":{"allow":["GET"]}}],"collection":[{"href":"https:\/\/www.gaveanews.com\/index.php\/wp-json\/wp\/v2\/posts"}],"about":[{"href":"https:\/\/www.gaveanews.com\/index.php\/wp-json\/wp\/v2\/types\/post"}],"author":[{"embeddable":true,"href":"https:\/\/www.gaveanews.com\/index.php\/wp-json\/wp\/v2\/users\/25"}],"replies":[{"embeddable":true,"href":"https:\/\/www.gaveanews.com\/index.php\/wp-json\/wp\/v2\/comments?post=244919"}],"version-history":[{"count":1,"href":"https:\/\/www.gaveanews.com\/index.php\/wp-json\/wp\/v2\/posts\/244919\/revisions"}],"predecessor-version":[{"id":244920,"href":"https:\/\/www.gaveanews.com\/index.php\/wp-json\/wp\/v2\/posts\/244919\/revisions\/244920"}],"wp:featuredmedia":[{"embeddable":true,"href":"https:\/\/www.gaveanews.com\/index.php\/wp-json\/wp\/v2\/media\/157843"}],"wp:attachment":[{"href":"https:\/\/www.gaveanews.com\/index.php\/wp-json\/wp\/v2\/media?parent=244919"}],"wp:term":[{"taxonomy":"category","embeddable":true,"href":"https:\/\/www.gaveanews.com\/index.php\/wp-json\/wp\/v2\/categories?post=244919"},{"taxonomy":"post_tag","embeddable":true,"href":"https:\/\/www.gaveanews.com\/index.php\/wp-json\/wp\/v2\/tags?post=244919"}],"curies":[{"name":"wp","href":"https:\/\/api.w.org\/{rel}","templated":true}]}}