{"id":244921,"date":"2025-03-26T14:30:00","date_gmt":"2025-03-26T17:30:00","guid":{"rendered":"https:\/\/www.gaveanews.com\/?p=244921"},"modified":"2025-03-26T14:18:18","modified_gmt":"2025-03-26T17:18:18","slug":"weverton-estevao-richard-rios-piquerez-emi-martinez-e-facundo-torres-veja-quem-pode-jogar-em-corinthians-x-palmeiras","status":"publish","type":"post","link":"https:\/\/www.gaveanews.com\/index.php\/2025\/03\/26\/weverton-estevao-richard-rios-piquerez-emi-martinez-e-facundo-torres-veja-quem-pode-jogar-em-corinthians-x-palmeiras\/","title":{"rendered":"Weverton, Est\u00eav\u00e3o, Richard R\u00edos, Piquerez, Emi Mart\u00ednez e Facundo Torres: veja quem pode jogar em Corinthians x Palmeiras"},"content":{"rendered":"\n<p>A grande final do Campeonato Paulista est\u00e1 prestes a acontecer, e o Palmeiras tem tudo para contar com seu elenco completo.&nbsp;<\/p>\n\n\n\n<p>Em busca do t\u00edtulo, o time alviverde precisa reverter a derrota por 1 a 0 sofrida no Allianz Parque, e a expectativa \u00e9 que os seis convocados para a Data Fifa retornem a tempo de estarem \u00e0 disposi\u00e7\u00e3o de Abel Ferreira para a decis\u00e3o.<\/p>\n\n\n\n<h2 class=\"wp-block-heading\" id=\"h-a-operacao-de-retorno-dos-convocados\">A opera\u00e7\u00e3o de retorno dos convocados<\/h2>\n\n\n\n<figure class=\"wp-block-image size-full\"><img loading=\"lazy\" decoding=\"async\" width=\"870\" height=\"458\" src=\"http:\/\/www.gaveanews.com\/wp-content\/uploads\/Abel-Ferreira-tecnico-do-Palmeiras.webp\" alt=\"\" class=\"wp-image-141983\" srcset=\"https:\/\/www.gaveanews.com\/wp-content\/uploads\/Abel-Ferreira-tecnico-do-Palmeiras.webp 870w, https:\/\/www.gaveanews.com\/wp-content\/uploads\/Abel-Ferreira-tecnico-do-Palmeiras-300x158.webp 300w, https:\/\/www.gaveanews.com\/wp-content\/uploads\/Abel-Ferreira-tecnico-do-Palmeiras-768x404.webp 768w, https:\/\/www.gaveanews.com\/wp-content\/uploads\/Abel-Ferreira-tecnico-do-Palmeiras-798x420.webp 798w, https:\/\/www.gaveanews.com\/wp-content\/uploads\/Abel-Ferreira-tecnico-do-Palmeiras-640x337.webp 640w, https:\/\/www.gaveanews.com\/wp-content\/uploads\/Abel-Ferreira-tecnico-do-Palmeiras-681x359.webp 681w, https:\/\/www.gaveanews.com\/wp-content\/uploads\/Abel-Ferreira-tecnico-do-Palmeiras-100x53.webp 100w\" sizes=\"auto, (max-width: 870px) 100vw, 870px\" \/><figcaption class=\"wp-element-caption\">Abel Ferreira &#8211; Foto: C\u00e9sar Greco \/ Palmeiras<\/figcaption><\/figure>\n\n\n\n<p>O Palmeiras tem se preparado para a grande final contra o Corinthians, com foco em garantir a recupera\u00e7\u00e3o dos jogadores convocados para a Data Fifa. Weverton e Est\u00eav\u00e3o com a Sele\u00e7\u00e3o Brasileira, Richard R\u00edos com a Col\u00f4mbia, e Piquerez, Emi Mart\u00ednez e Facundo Torres com o Uruguai estavam ausentes desde o dia 17 de mar\u00e7o.&nbsp;<\/p>\n\n\n\n<p>Al\u00e9m disso, Weverton se juntou ao grupo somente no dia 22, substituindo o goleiro Alisson, cortado por uma concuss\u00e3o.<\/p>\n\n\n\n<p>O t\u00e9cnico Abel Ferreira j\u00e1 montou uma estrat\u00e9gia para garantir que os atletas retornem em tempo h\u00e1bil para o jogo decisivo. Dessa maneira, os seis convocados retornaram na madrugada de quarta-feira, acompanhados por fisioterapeutas do clube para acelerar o processo de recupera\u00e7\u00e3o.<\/p>\n\n\n\n<h2 class=\"wp-block-heading\" id=\"h-expectativa-de-titulares-na-final\">Expectativa de titulares na final<\/h2>\n\n\n\n<p>Com isso, a tend\u00eancia \u00e9 que todos os seis jogadores convocados estejam entre os titulares na decis\u00e3o, caso n\u00e3o haja impedimentos f\u00edsicos. Abel Ferreira comandar\u00e1 um treino pela manh\u00e3 antes da final, como \u00e9 costume em jogos fora de casa.&nbsp;<\/p>\n\n\n\n<p>A escala\u00e7\u00e3o do time deve contar com Weverton, Mayke, Murilo, Micael, Piquerez, Emi Mart\u00ednez, Richard R\u00edos, Raphael Veiga, Est\u00eav\u00e3o, Facundo Torres e Vitor Roque.<\/p>\n\n\n\n<p>Cabe ressaltar que a presen\u00e7a desses jogadores ser\u00e1 crucial para o Palmeiras conseguir superar a vantagem do Corinthians e conquistar o t\u00edtulo do Campeonato Paulista. Al\u00e9m disso, a volta de Maur\u00edcio, que se recupera de cirurgia no ombro, tamb\u00e9m \u00e9 uma boa not\u00edcia para o time, j\u00e1 que ele pode ser uma op\u00e7\u00e3o no banco de reservas.<\/p>\n\n\n\n<h2 class=\"wp-block-heading\" id=\"h-desfalques-de-peso-na-reta-final\">Desfalques de peso na reta final<\/h2>\n\n\n\n<p>Sendo assim, o Palmeiras ter\u00e1 um elenco robusto, mas n\u00e3o completo. Paulinho, Gustavo G\u00f3mez e Marcos Rocha continuam em tratamento, e n\u00e3o devem ser op\u00e7\u00f5es para a final.&nbsp;<\/p>\n\n\n\n<p>Paulinho, com uma les\u00e3o na perna, e G\u00f3mez, com uma les\u00e3o muscular na coxa, ainda precisam de mais tempo para retornar ao campo. J\u00e1 Marcos Rocha, com les\u00e3o muscular na coxa, tamb\u00e9m n\u00e3o estar\u00e1 dispon\u00edvel.<\/p>\n\n\n\n<p>Por isso, o elenco alviverde contar\u00e1 com a for\u00e7a de seus principais jogadores para tentar conquistar o t\u00edtulo do Paulist\u00e3o. A final contra o Corinthians promete ser emocionante, e os torcedores do Palmeiras esperam que o time, com os retornos importantes, consiga reverter o placar da ida e levantar a ta\u00e7a.<\/p>\n","protected":false},"excerpt":{"rendered":"<p>A grande final do Campeonato Paulista est\u00e1 prestes a acontecer, e o Palmeiras tem tudo para contar com seu elenco completo.&nbsp; Em busca do t\u00edtulo, o time alviverde precisa reverter a derrota por 1 a 0 sofrida no Allianz Parque, e a expectativa \u00e9 que os seis convocados para a Data Fifa retornem a tempo [&hellip;]<\/p>\n","protected":false},"author":25,"featured_media":102760,"comment_status":"open","ping_status":"closed","sticky":false,"template":"","format":"standard","meta":{"footnotes":""},"categories":[150],"tags":[],"class_list":["post-244921","post","type-post","status-publish","format-standard","has-post-thumbnail","hentry","category-palmeiras"],"yoast_head":"<!-- This site is optimized with the Yoast SEO Premium plugin v24.2 (Yoast SEO v26.9) - https:\/\/yoast.com\/product\/yoast-seo-premium-wordpress\/ -->\n<title>Weverton, Est\u00eav\u00e3o, Richard R\u00edos, Piquerez, Emi Mart\u00ednez e Facundo Torres: veja quem pode jogar em Corinthians x Palmeiras<\/title>\n<meta name=\"robots\" content=\"index, follow, max-snippet:-1, max-image-preview:large, max-video-preview:-1\" \/>\n<link rel=\"canonical\" href=\"https:\/\/www.gaveanews.com\/index.php\/2025\/03\/26\/weverton-estevao-richard-rios-piquerez-emi-martinez-e-facundo-torres-veja-quem-pode-jogar-em-corinthians-x-palmeiras\/\" \/>\n<meta property=\"og:locale\" content=\"pt_BR\" \/>\n<meta property=\"og:type\" content=\"article\" \/>\n<meta property=\"og:title\" content=\"Weverton, Est\u00eav\u00e3o, Richard R\u00edos, Piquerez, Emi Mart\u00ednez e Facundo Torres: veja quem pode jogar em Corinthians x Palmeiras\" \/>\n<meta property=\"og:description\" content=\"A grande final do Campeonato Paulista est\u00e1 prestes a acontecer, e o Palmeiras tem tudo para contar com seu elenco completo.&nbsp; Em busca do t\u00edtulo, o time alviverde precisa reverter a derrota por 1 a 0 sofrida no Allianz Parque, e a expectativa \u00e9 que os seis convocados para a Data Fifa retornem a tempo [&hellip;]\" \/>\n<meta property=\"og:url\" content=\"https:\/\/www.gaveanews.com\/index.php\/2025\/03\/26\/weverton-estevao-richard-rios-piquerez-emi-martinez-e-facundo-torres-veja-quem-pode-jogar-em-corinthians-x-palmeiras\/\" \/>\n<meta property=\"og:site_name\" content=\"G\u00e1vea News\" \/>\n<meta property=\"article:publisher\" content=\"https:\/\/facebook.com\/gaveaNews\/\" \/>\n<meta property=\"article:published_time\" content=\"2025-03-26T17:30:00+00:00\" \/>\n<meta property=\"og:image\" content=\"https:\/\/www.gaveanews.com\/wp-content\/uploads\/chrome_ODu3uwWaKP.webp\" \/>\n\t<meta property=\"og:image:width\" content=\"840\" \/>\n\t<meta property=\"og:image:height\" content=\"510\" \/>\n\t<meta property=\"og:image:type\" content=\"image\/png\" \/>\n<meta name=\"author\" content=\"Rafaela Ladeira\" \/>\n<meta name=\"twitter:card\" content=\"summary_large_image\" \/>\n<meta name=\"twitter:label1\" content=\"Escrito por\" \/>\n\t<meta name=\"twitter:data1\" content=\"Rafaela Ladeira\" \/>\n\t<meta name=\"twitter:label2\" content=\"Est. tempo de leitura\" \/>\n\t<meta name=\"twitter:data2\" content=\"3 minutos\" \/>\n<script type=\"application\/ld+json\" class=\"yoast-schema-graph\">{\"@context\":\"https:\/\/schema.org\",\"@graph\":[{\"@type\":\"NewsArticle\",\"@id\":\"https:\/\/www.gaveanews.com\/index.php\/2025\/03\/26\/weverton-estevao-richard-rios-piquerez-emi-martinez-e-facundo-torres-veja-quem-pode-jogar-em-corinthians-x-palmeiras\/#article\",\"isPartOf\":{\"@id\":\"https:\/\/www.gaveanews.com\/index.php\/2025\/03\/26\/weverton-estevao-richard-rios-piquerez-emi-martinez-e-facundo-torres-veja-quem-pode-jogar-em-corinthians-x-palmeiras\/\"},\"author\":{\"name\":\"Rafaela Ladeira\",\"@id\":\"https:\/\/www.gaveanews.com\/#\/schema\/person\/0eb3e3fe1754f0205218538adbe8f5ed\"},\"headline\":\"Weverton, Est\u00eav\u00e3o, Richard R\u00edos, Piquerez, Emi Mart\u00ednez e Facundo Torres: veja quem pode jogar em Corinthians x Palmeiras\",\"datePublished\":\"2025-03-26T17:30:00+00:00\",\"mainEntityOfPage\":{\"@id\":\"https:\/\/www.gaveanews.com\/index.php\/2025\/03\/26\/weverton-estevao-richard-rios-piquerez-emi-martinez-e-facundo-torres-veja-quem-pode-jogar-em-corinthians-x-palmeiras\/\"},\"wordCount\":507,\"commentCount\":0,\"image\":{\"@id\":\"https:\/\/www.gaveanews.com\/index.php\/2025\/03\/26\/weverton-estevao-richard-rios-piquerez-emi-martinez-e-facundo-torres-veja-quem-pode-jogar-em-corinthians-x-palmeiras\/#primaryimage\"},\"thumbnailUrl\":\"https:\/\/www.gaveanews.com\/wp-content\/uploads\/chrome_ODu3uwWaKP.webp\",\"articleSection\":[\"Palmeiras\"],\"inLanguage\":\"pt-BR\",\"potentialAction\":[{\"@type\":\"CommentAction\",\"name\":\"Comment\",\"target\":[\"https:\/\/www.gaveanews.com\/index.php\/2025\/03\/26\/weverton-estevao-richard-rios-piquerez-emi-martinez-e-facundo-torres-veja-quem-pode-jogar-em-corinthians-x-palmeiras\/#respond\"]}],\"copyrightYear\":\"2025\",\"copyrightHolder\":{\"@id\":\"https:\/\/www.gaveanews.com\/#organization\"}},{\"@type\":\"WebPage\",\"@id\":\"https:\/\/www.gaveanews.com\/index.php\/2025\/03\/26\/weverton-estevao-richard-rios-piquerez-emi-martinez-e-facundo-torres-veja-quem-pode-jogar-em-corinthians-x-palmeiras\/\",\"url\":\"https:\/\/www.gaveanews.com\/index.php\/2025\/03\/26\/weverton-estevao-richard-rios-piquerez-emi-martinez-e-facundo-torres-veja-quem-pode-jogar-em-corinthians-x-palmeiras\/\",\"name\":\"Weverton, Est\u00eav\u00e3o, Richard R\u00edos, Piquerez, Emi Mart\u00ednez e Facundo Torres: veja quem pode jogar em Corinthians x Palmeiras\",\"isPartOf\":{\"@id\":\"https:\/\/www.gaveanews.com\/#website\"},\"primaryImageOfPage\":{\"@id\":\"https:\/\/www.gaveanews.com\/index.php\/2025\/03\/26\/weverton-estevao-richard-rios-piquerez-emi-martinez-e-facundo-torres-veja-quem-pode-jogar-em-corinthians-x-palmeiras\/#primaryimage\"},\"image\":{\"@id\":\"https:\/\/www.gaveanews.com\/index.php\/2025\/03\/26\/weverton-estevao-richard-rios-piquerez-emi-martinez-e-facundo-torres-veja-quem-pode-jogar-em-corinthians-x-palmeiras\/#primaryimage\"},\"thumbnailUrl\":\"https:\/\/www.gaveanews.com\/wp-content\/uploads\/chrome_ODu3uwWaKP.webp\",\"datePublished\":\"2025-03-26T17:30:00+00:00\",\"author\":{\"@id\":\"https:\/\/www.gaveanews.com\/#\/schema\/person\/0eb3e3fe1754f0205218538adbe8f5ed\"},\"breadcrumb\":{\"@id\":\"https:\/\/www.gaveanews.com\/index.php\/2025\/03\/26\/weverton-estevao-richard-rios-piquerez-emi-martinez-e-facundo-torres-veja-quem-pode-jogar-em-corinthians-x-palmeiras\/#breadcrumb\"},\"inLanguage\":\"pt-BR\",\"potentialAction\":[{\"@type\":\"ReadAction\",\"target\":[\"https:\/\/www.gaveanews.com\/index.php\/2025\/03\/26\/weverton-estevao-richard-rios-piquerez-emi-martinez-e-facundo-torres-veja-quem-pode-jogar-em-corinthians-x-palmeiras\/\"]}]},{\"@type\":\"ImageObject\",\"inLanguage\":\"pt-BR\",\"@id\":\"https:\/\/www.gaveanews.com\/index.php\/2025\/03\/26\/weverton-estevao-richard-rios-piquerez-emi-martinez-e-facundo-torres-veja-quem-pode-jogar-em-corinthians-x-palmeiras\/#primaryimage\",\"url\":\"https:\/\/www.gaveanews.com\/wp-content\/uploads\/chrome_ODu3uwWaKP.webp\",\"contentUrl\":\"https:\/\/www.gaveanews.com\/wp-content\/uploads\/chrome_ODu3uwWaKP.webp\",\"width\":840,\"height\":510,\"caption\":\"Abel Ferreira em Jogo pelo Palmeiras - Foto Reprodu\u00e7\u00e3o\"},{\"@type\":\"BreadcrumbList\",\"@id\":\"https:\/\/www.gaveanews.com\/index.php\/2025\/03\/26\/weverton-estevao-richard-rios-piquerez-emi-martinez-e-facundo-torres-veja-quem-pode-jogar-em-corinthians-x-palmeiras\/#breadcrumb\",\"itemListElement\":[{\"@type\":\"ListItem\",\"position\":1,\"name\":\"Home\",\"item\":\"https:\/\/www.gaveanews.com\/\"},{\"@type\":\"ListItem\",\"position\":2,\"name\":\"Weverton, Est\u00eav\u00e3o, Richard R\u00edos, Piquerez, Emi Mart\u00ednez e Facundo Torres: veja quem pode jogar em Corinthians x Palmeiras\"}]},{\"@type\":\"WebSite\",\"@id\":\"https:\/\/www.gaveanews.com\/#website\",\"url\":\"https:\/\/www.gaveanews.com\/\",\"name\":\"G\u00e1vea News\",\"description\":\"Veja todas as not\u00edcias sobre o Flamengo: Contrata\u00e7\u00f5es, categorias de base, resultados das partidas, tabela de classifica\u00e7\u00e3o, pr\u00f3ximos jogos!\",\"potentialAction\":[{\"@type\":\"SearchAction\",\"target\":{\"@type\":\"EntryPoint\",\"urlTemplate\":\"https:\/\/www.gaveanews.com\/?s={search_term_string}\"},\"query-input\":{\"@type\":\"PropertyValueSpecification\",\"valueRequired\":true,\"valueName\":\"search_term_string\"}}],\"inLanguage\":\"pt-BR\"},{\"@type\":\"Person\",\"@id\":\"https:\/\/www.gaveanews.com\/#\/schema\/person\/0eb3e3fe1754f0205218538adbe8f5ed\",\"name\":\"Rafaela Ladeira\",\"image\":{\"@type\":\"ImageObject\",\"inLanguage\":\"pt-BR\",\"@id\":\"https:\/\/www.gaveanews.com\/#\/schema\/person\/image\/\",\"url\":\"https:\/\/secure.gravatar.com\/avatar\/c31f513acffd85eacab5730cbdfdbbf59f21ba5aeada8cd890acea879fbb2455?s=96&d=mm&r=g\",\"contentUrl\":\"https:\/\/secure.gravatar.com\/avatar\/c31f513acffd85eacab5730cbdfdbbf59f21ba5aeada8cd890acea879fbb2455?s=96&d=mm&r=g\",\"caption\":\"Rafaela Ladeira\"}}]}<\/script>\n<!-- \/ Yoast SEO Premium plugin. -->","yoast_head_json":{"title":"Weverton, Est\u00eav\u00e3o, Richard R\u00edos, Piquerez, Emi Mart\u00ednez e Facundo Torres: veja quem pode jogar em Corinthians x Palmeiras","robots":{"index":"index","follow":"follow","max-snippet":"max-snippet:-1","max-image-preview":"max-image-preview:large","max-video-preview":"max-video-preview:-1"},"canonical":"https:\/\/www.gaveanews.com\/index.php\/2025\/03\/26\/weverton-estevao-richard-rios-piquerez-emi-martinez-e-facundo-torres-veja-quem-pode-jogar-em-corinthians-x-palmeiras\/","og_locale":"pt_BR","og_type":"article","og_title":"Weverton, Est\u00eav\u00e3o, Richard R\u00edos, Piquerez, Emi Mart\u00ednez e Facundo Torres: veja quem pode jogar em Corinthians x Palmeiras","og_description":"A grande final do Campeonato Paulista est\u00e1 prestes a acontecer, e o Palmeiras tem tudo para contar com seu elenco completo.&nbsp; Em busca do t\u00edtulo, o time alviverde precisa reverter a derrota por 1 a 0 sofrida no Allianz Parque, e a expectativa \u00e9 que os seis convocados para a Data Fifa retornem a tempo [&hellip;]","og_url":"https:\/\/www.gaveanews.com\/index.php\/2025\/03\/26\/weverton-estevao-richard-rios-piquerez-emi-martinez-e-facundo-torres-veja-quem-pode-jogar-em-corinthians-x-palmeiras\/","og_site_name":"G\u00e1vea News","article_publisher":"https:\/\/facebook.com\/gaveaNews\/","article_published_time":"2025-03-26T17:30:00+00:00","og_image":[{"width":840,"height":510,"url":"https:\/\/www.gaveanews.com\/wp-content\/uploads\/chrome_ODu3uwWaKP.webp","type":"image\/png"}],"author":"Rafaela Ladeira","twitter_card":"summary_large_image","twitter_misc":{"Escrito por":"Rafaela Ladeira","Est. tempo de leitura":"3 minutos"},"schema":{"@context":"https:\/\/schema.org","@graph":[{"@type":"NewsArticle","@id":"https:\/\/www.gaveanews.com\/index.php\/2025\/03\/26\/weverton-estevao-richard-rios-piquerez-emi-martinez-e-facundo-torres-veja-quem-pode-jogar-em-corinthians-x-palmeiras\/#article","isPartOf":{"@id":"https:\/\/www.gaveanews.com\/index.php\/2025\/03\/26\/weverton-estevao-richard-rios-piquerez-emi-martinez-e-facundo-torres-veja-quem-pode-jogar-em-corinthians-x-palmeiras\/"},"author":{"name":"Rafaela Ladeira","@id":"https:\/\/www.gaveanews.com\/#\/schema\/person\/0eb3e3fe1754f0205218538adbe8f5ed"},"headline":"Weverton, Est\u00eav\u00e3o, Richard R\u00edos, Piquerez, Emi Mart\u00ednez e Facundo Torres: veja quem pode jogar em Corinthians x Palmeiras","datePublished":"2025-03-26T17:30:00+00:00","mainEntityOfPage":{"@id":"https:\/\/www.gaveanews.com\/index.php\/2025\/03\/26\/weverton-estevao-richard-rios-piquerez-emi-martinez-e-facundo-torres-veja-quem-pode-jogar-em-corinthians-x-palmeiras\/"},"wordCount":507,"commentCount":0,"image":{"@id":"https:\/\/www.gaveanews.com\/index.php\/2025\/03\/26\/weverton-estevao-richard-rios-piquerez-emi-martinez-e-facundo-torres-veja-quem-pode-jogar-em-corinthians-x-palmeiras\/#primaryimage"},"thumbnailUrl":"https:\/\/www.gaveanews.com\/wp-content\/uploads\/chrome_ODu3uwWaKP.webp","articleSection":["Palmeiras"],"inLanguage":"pt-BR","potentialAction":[{"@type":"CommentAction","name":"Comment","target":["https:\/\/www.gaveanews.com\/index.php\/2025\/03\/26\/weverton-estevao-richard-rios-piquerez-emi-martinez-e-facundo-torres-veja-quem-pode-jogar-em-corinthians-x-palmeiras\/#respond"]}],"copyrightYear":"2025","copyrightHolder":{"@id":"https:\/\/www.gaveanews.com\/#organization"}},{"@type":"WebPage","@id":"https:\/\/www.gaveanews.com\/index.php\/2025\/03\/26\/weverton-estevao-richard-rios-piquerez-emi-martinez-e-facundo-torres-veja-quem-pode-jogar-em-corinthians-x-palmeiras\/","url":"https:\/\/www.gaveanews.com\/index.php\/2025\/03\/26\/weverton-estevao-richard-rios-piquerez-emi-martinez-e-facundo-torres-veja-quem-pode-jogar-em-corinthians-x-palmeiras\/","name":"Weverton, Est\u00eav\u00e3o, Richard R\u00edos, Piquerez, Emi Mart\u00ednez e Facundo Torres: veja quem pode jogar em Corinthians x Palmeiras","isPartOf":{"@id":"https:\/\/www.gaveanews.com\/#website"},"primaryImageOfPage":{"@id":"https:\/\/www.gaveanews.com\/index.php\/2025\/03\/26\/weverton-estevao-richard-rios-piquerez-emi-martinez-e-facundo-torres-veja-quem-pode-jogar-em-corinthians-x-palmeiras\/#primaryimage"},"image":{"@id":"https:\/\/www.gaveanews.com\/index.php\/2025\/03\/26\/weverton-estevao-richard-rios-piquerez-emi-martinez-e-facundo-torres-veja-quem-pode-jogar-em-corinthians-x-palmeiras\/#primaryimage"},"thumbnailUrl":"https:\/\/www.gaveanews.com\/wp-content\/uploads\/chrome_ODu3uwWaKP.webp","datePublished":"2025-03-26T17:30:00+00:00","author":{"@id":"https:\/\/www.gaveanews.com\/#\/schema\/person\/0eb3e3fe1754f0205218538adbe8f5ed"},"breadcrumb":{"@id":"https:\/\/www.gaveanews.com\/index.php\/2025\/03\/26\/weverton-estevao-richard-rios-piquerez-emi-martinez-e-facundo-torres-veja-quem-pode-jogar-em-corinthians-x-palmeiras\/#breadcrumb"},"inLanguage":"pt-BR","potentialAction":[{"@type":"ReadAction","target":["https:\/\/www.gaveanews.com\/index.php\/2025\/03\/26\/weverton-estevao-richard-rios-piquerez-emi-martinez-e-facundo-torres-veja-quem-pode-jogar-em-corinthians-x-palmeiras\/"]}]},{"@type":"ImageObject","inLanguage":"pt-BR","@id":"https:\/\/www.gaveanews.com\/index.php\/2025\/03\/26\/weverton-estevao-richard-rios-piquerez-emi-martinez-e-facundo-torres-veja-quem-pode-jogar-em-corinthians-x-palmeiras\/#primaryimage","url":"https:\/\/www.gaveanews.com\/wp-content\/uploads\/chrome_ODu3uwWaKP.webp","contentUrl":"https:\/\/www.gaveanews.com\/wp-content\/uploads\/chrome_ODu3uwWaKP.webp","width":840,"height":510,"caption":"Abel Ferreira em Jogo pelo Palmeiras - Foto Reprodu\u00e7\u00e3o"},{"@type":"BreadcrumbList","@id":"https:\/\/www.gaveanews.com\/index.php\/2025\/03\/26\/weverton-estevao-richard-rios-piquerez-emi-martinez-e-facundo-torres-veja-quem-pode-jogar-em-corinthians-x-palmeiras\/#breadcrumb","itemListElement":[{"@type":"ListItem","position":1,"name":"Home","item":"https:\/\/www.gaveanews.com\/"},{"@type":"ListItem","position":2,"name":"Weverton, Est\u00eav\u00e3o, Richard R\u00edos, Piquerez, Emi Mart\u00ednez e Facundo Torres: veja quem pode jogar em Corinthians x Palmeiras"}]},{"@type":"WebSite","@id":"https:\/\/www.gaveanews.com\/#website","url":"https:\/\/www.gaveanews.com\/","name":"G\u00e1vea News","description":"Veja todas as not\u00edcias sobre o Flamengo: Contrata\u00e7\u00f5es, categorias de base, resultados das partidas, tabela de classifica\u00e7\u00e3o, pr\u00f3ximos jogos!","potentialAction":[{"@type":"SearchAction","target":{"@type":"EntryPoint","urlTemplate":"https:\/\/www.gaveanews.com\/?s={search_term_string}"},"query-input":{"@type":"PropertyValueSpecification","valueRequired":true,"valueName":"search_term_string"}}],"inLanguage":"pt-BR"},{"@type":"Person","@id":"https:\/\/www.gaveanews.com\/#\/schema\/person\/0eb3e3fe1754f0205218538adbe8f5ed","name":"Rafaela Ladeira","image":{"@type":"ImageObject","inLanguage":"pt-BR","@id":"https:\/\/www.gaveanews.com\/#\/schema\/person\/image\/","url":"https:\/\/secure.gravatar.com\/avatar\/c31f513acffd85eacab5730cbdfdbbf59f21ba5aeada8cd890acea879fbb2455?s=96&d=mm&r=g","contentUrl":"https:\/\/secure.gravatar.com\/avatar\/c31f513acffd85eacab5730cbdfdbbf59f21ba5aeada8cd890acea879fbb2455?s=96&d=mm&r=g","caption":"Rafaela Ladeira"}}]}},"_links":{"self":[{"href":"https:\/\/www.gaveanews.com\/index.php\/wp-json\/wp\/v2\/posts\/244921","targetHints":{"allow":["GET"]}}],"collection":[{"href":"https:\/\/www.gaveanews.com\/index.php\/wp-json\/wp\/v2\/posts"}],"about":[{"href":"https:\/\/www.gaveanews.com\/index.php\/wp-json\/wp\/v2\/types\/post"}],"author":[{"embeddable":true,"href":"https:\/\/www.gaveanews.com\/index.php\/wp-json\/wp\/v2\/users\/25"}],"replies":[{"embeddable":true,"href":"https:\/\/www.gaveanews.com\/index.php\/wp-json\/wp\/v2\/comments?post=244921"}],"version-history":[{"count":1,"href":"https:\/\/www.gaveanews.com\/index.php\/wp-json\/wp\/v2\/posts\/244921\/revisions"}],"predecessor-version":[{"id":244922,"href":"https:\/\/www.gaveanews.com\/index.php\/wp-json\/wp\/v2\/posts\/244921\/revisions\/244922"}],"wp:featuredmedia":[{"embeddable":true,"href":"https:\/\/www.gaveanews.com\/index.php\/wp-json\/wp\/v2\/media\/102760"}],"wp:attachment":[{"href":"https:\/\/www.gaveanews.com\/index.php\/wp-json\/wp\/v2\/media?parent=244921"}],"wp:term":[{"taxonomy":"category","embeddable":true,"href":"https:\/\/www.gaveanews.com\/index.php\/wp-json\/wp\/v2\/categories?post=244921"},{"taxonomy":"post_tag","embeddable":true,"href":"https:\/\/www.gaveanews.com\/index.php\/wp-json\/wp\/v2\/tags?post=244921"}],"curies":[{"name":"wp","href":"https:\/\/api.w.org\/{rel}","templated":true}]}}