{"id":244923,"date":"2025-03-26T14:35:00","date_gmt":"2025-03-26T17:35:00","guid":{"rendered":"https:\/\/www.gaveanews.com\/?p=244923"},"modified":"2025-03-26T14:24:47","modified_gmt":"2025-03-26T17:24:47","slug":"video-vitor-sergio-rodrigues-exige-a-demissao-de-dorival-junior","status":"publish","type":"post","link":"https:\/\/www.gaveanews.com\/index.php\/2025\/03\/26\/video-vitor-sergio-rodrigues-exige-a-demissao-de-dorival-junior\/","title":{"rendered":"V\u00eddeo: Vitor S\u00e9rgio Rodrigues exige a demiss\u00e3o de Dorival J\u00fanior"},"content":{"rendered":"\n<p>Ap\u00f3s uma derrota humilhante para a Argentina por 4 a 1, a Sele\u00e7\u00e3o Brasileira vive um momento de crise e o nome de Dorival J\u00fanior est\u00e1 cada vez mais pr\u00f3ximo de ser afastado do comando.&nbsp;<\/p>\n\n\n\n<p>O desempenho p\u00edfio da equipe gerou cr\u00edticas de diversos comentaristas esportivos, incluindo Vitor S\u00e9rgio Rodrigues, que n\u00e3o poupou palavras ao exigir a demiss\u00e3o do treinador.&nbsp;<\/p>\n\n\n\n<p>\u201c\u00c9 urgente dar tchau pro Dorival, n\u00e3o est\u00e1 \u00e0 altura do tamanho do desafio\u201d, afirmou VSR, apontando a falta de preparo t\u00e1tico e a aus\u00eancia de uma identidade clara no time.<\/p>\n\n\n\n<figure class=\"wp-block-embed is-type-video is-provider-tiktok wp-block-embed-tiktok\"><div class=\"wp-block-embed__wrapper\">\n<blockquote class=\"tiktok-embed\" cite=\"https:\/\/www.tiktok.com\/@tntsportsbr\/video\/7485943228768750854\" data-video-id=\"7485943228768750854\" data-embed-from=\"oembed\" style=\"max-width:605px; min-width:325px;\"> <section> <a target=\"_blank\" title=\"@tntsportsbr\" href=\"https:\/\/www.tiktok.com\/@tntsportsbr?refer=embed\">@tntsportsbr<\/a> <p>&#8220;\u00c9 URGENTE, O &#8216;TCHAU, DORIVAL&#8217;!&#8221; \ud83d\udc40\ud83c\udde7\ud83c\uddf7 Nosso @vitorsergiovsr defendeu a demiss\u00e3o do treinador da Sele\u00e7\u00e3o Brasileira!! Concorda com ele? <a title=\"sele\u00e7\u00e3obrasileira\" target=\"_blank\" href=\"https:\/\/www.tiktok.com\/tag\/sele%C3%A7%C3%A3obrasileira?refer=embed\">#Sele\u00e7\u00e3oBrasileira<\/a> <a title=\"tiktokesportes\" target=\"_blank\" href=\"https:\/\/www.tiktok.com\/tag\/tiktokesportes?refer=embed\">#tiktokesportes<\/a> <a title=\"sportsontiktkok\" target=\"_blank\" href=\"https:\/\/www.tiktok.com\/tag\/sportsontiktkok?refer=embed\">#sportsontiktkok<\/a> <a title=\"foryoupage\" target=\"_blank\" href=\"https:\/\/www.tiktok.com\/tag\/foryoupage?refer=embed\">#foryoupage<\/a> <a title=\"hoje\" target=\"_blank\" href=\"https:\/\/www.tiktok.com\/tag\/hoje?refer=embed\">#hoje<\/a> <a title=\"viral_video\" target=\"_blank\" href=\"https:\/\/www.tiktok.com\/tag\/viral_video?refer=embed\">#viral_video<\/a> <a title=\"today\" target=\"_blank\" href=\"https:\/\/www.tiktok.com\/tag\/today?refer=embed\">#today<\/a> <a title=\"brasil\" target=\"_blank\" href=\"https:\/\/www.tiktok.com\/tag\/brasil?refer=embed\">#brasil<\/a> <a title=\"dorival\" target=\"_blank\" href=\"https:\/\/www.tiktok.com\/tag\/dorival?refer=embed\">#dorival<\/a><\/p> <a target=\"_blank\" title=\"\u266c som original - TNT Sports Brasil - TNT Sports Brasil\" href=\"https:\/\/www.tiktok.com\/music\/som-original-TNT-Sports-Brasil-7485943215804582711?refer=embed\">\u266c som original &#8211; TNT Sports Brasil &#8211; TNT Sports Brasil<\/a> <\/section> <\/blockquote> <script async src=\"https:\/\/www.tiktok.com\/embed.js\"><\/script>\n<\/div><\/figure>\n\n\n\n<h2 class=\"wp-block-heading\" id=\"h-o-vexame-contra-a-argentina\">O vexame contra a Argentina<\/h2>\n\n\n\n<p>A derrota para os hermanos n\u00e3o foi apenas um rev\u00e9s no placar, mas um golpe na moral da Sele\u00e7\u00e3o. Al\u00e9m de ser um resultado esmagador, a equipe brasileira foi completamente dominada do in\u00edcio ao fim, sem conseguir reagir.&nbsp;<\/p>\n\n\n\n<p>O gol de honra de Matheus Cunha serviu apenas para amenizar um pouco o vexame. Vale destacar que a Sele\u00e7\u00e3o n\u00e3o demonstrou organiza\u00e7\u00e3o defensiva, nem boas individualidades em campo.&nbsp;<\/p>\n\n\n\n<p>Sendo assim, as cr\u00edticas se intensificaram, e Dorival J\u00fanior tornou-se o principal alvo da insatisfa\u00e7\u00e3o.<\/p>\n\n\n\n<h2 class=\"wp-block-heading\" id=\"h-a-situacao-de-dorival-junior\">A situa\u00e7\u00e3o de Dorival J\u00fanior<\/h2>\n\n\n\n<p>Com isso, a situa\u00e7\u00e3o de Dorival est\u00e1 cada vez mais insustent\u00e1vel. O presidente da CBF, Ednaldo Rodrigues, j\u00e1 manifestou seu desejo de trocar o comando da Sele\u00e7\u00e3o, embora ainda n\u00e3o esteja claro quando a demiss\u00e3o ser\u00e1 efetivada.&nbsp;<\/p>\n\n\n\n<p>Segundo a jornalista Raisa Simplicio, a d\u00favida recai sobre o momento: se ser\u00e1 imediatamente ap\u00f3s o vexame ou se a CBF aguardar\u00e1 at\u00e9 junho, quando ocorre a pr\u00f3xima janela de datas Fifa.&nbsp;<\/p>\n\n\n\n<p>&#8220;Ele quer tirar o Dorival J\u00fanior, a quest\u00e3o \u00e9 quando&#8221;, afirmou a jornalista.<\/p>\n\n\n\n<h2 class=\"wp-block-heading\" id=\"h-substitutos-quem-pode-assumir-a-selecao\">Substitutos: quem pode assumir a Sele\u00e7\u00e3o?<\/h2>\n\n\n\n<p>Al\u00e9m disso, a quest\u00e3o da escolha de um substituto tem gerado especula\u00e7\u00f5es. De acordo com o rep\u00f3rter Cah\u00ea Mota, o nome de Carlo Ancelotti, atual treinador do Real Madrid, voltou a ser cogitado. O italiano est\u00e1 em fim de ciclo no clube espanhol e \u00e9 visto com bons olhos pela CBF.&nbsp;<\/p>\n\n\n\n<p>Contudo, Filipe Lu\u00eds, atual t\u00e9cnico do Flamengo, tamb\u00e9m \u00e9 uma op\u00e7\u00e3o forte, visto que tem se destacado no comando do Meng\u00e3o e chamado aten\u00e7\u00e3o de diversos setores do futebol brasileiro. Jorge Jesus, apesar de correr por fora, tamb\u00e9m \u00e9 lembrado nesse momento.<\/p>\n\n\n\n<p>Cabe ressaltar que, independentemente do nome escolhido, o principal desafio ser\u00e1 reconstruir a confian\u00e7a da torcida e da imprensa, algo que, por enquanto, parece distante.&nbsp;<\/p>\n\n\n\n<p>Isso porque o trabalho de Dorival J\u00fanior tem sido amplamente criticado, e o vexame contra a Argentina apenas acelerou a press\u00e3o por mudan\u00e7as.<\/p>\n","protected":false},"excerpt":{"rendered":"<p>Ap\u00f3s uma derrota humilhante para a Argentina por 4 a 1, a Sele\u00e7\u00e3o Brasileira vive um momento de crise e o nome de Dorival J\u00fanior est\u00e1 cada vez mais pr\u00f3ximo de ser afastado do comando.&nbsp; O desempenho p\u00edfio da equipe gerou cr\u00edticas de diversos comentaristas esportivos, incluindo Vitor S\u00e9rgio Rodrigues, que n\u00e3o poupou palavras ao [&hellip;]<\/p>\n","protected":false},"author":25,"featured_media":126556,"comment_status":"open","ping_status":"closed","sticky":false,"template":"","format":"standard","meta":{"footnotes":""},"categories":[478],"tags":[],"class_list":["post-244923","post","type-post","status-publish","format-standard","has-post-thumbnail","hentry","category-brasil"],"yoast_head":"<!-- This site is optimized with the Yoast SEO Premium plugin v24.2 (Yoast SEO v26.9) - https:\/\/yoast.com\/product\/yoast-seo-premium-wordpress\/ -->\n<title>V\u00eddeo: Vitor S\u00e9rgio Rodrigues exige a demiss\u00e3o de Dorival J\u00fanior<\/title>\n<meta name=\"robots\" content=\"index, follow, max-snippet:-1, max-image-preview:large, max-video-preview:-1\" \/>\n<link rel=\"canonical\" href=\"https:\/\/www.gaveanews.com\/index.php\/2025\/03\/26\/video-vitor-sergio-rodrigues-exige-a-demissao-de-dorival-junior\/\" \/>\n<meta property=\"og:locale\" content=\"pt_BR\" \/>\n<meta property=\"og:type\" content=\"article\" \/>\n<meta property=\"og:title\" content=\"V\u00eddeo: Vitor S\u00e9rgio Rodrigues exige a demiss\u00e3o de Dorival J\u00fanior\" \/>\n<meta property=\"og:description\" content=\"Ap\u00f3s uma derrota humilhante para a Argentina por 4 a 1, a Sele\u00e7\u00e3o Brasileira vive um momento de crise e o nome de Dorival J\u00fanior est\u00e1 cada vez mais pr\u00f3ximo de ser afastado do comando.&nbsp; O desempenho p\u00edfio da equipe gerou cr\u00edticas de diversos comentaristas esportivos, incluindo Vitor S\u00e9rgio Rodrigues, que n\u00e3o poupou palavras ao [&hellip;]\" \/>\n<meta property=\"og:url\" content=\"https:\/\/www.gaveanews.com\/index.php\/2025\/03\/26\/video-vitor-sergio-rodrigues-exige-a-demissao-de-dorival-junior\/\" \/>\n<meta property=\"og:site_name\" content=\"G\u00e1vea News\" \/>\n<meta property=\"article:publisher\" content=\"https:\/\/facebook.com\/gaveaNews\/\" \/>\n<meta property=\"article:published_time\" content=\"2025-03-26T17:35:00+00:00\" \/>\n<meta property=\"og:image\" content=\"https:\/\/www.gaveanews.com\/wp-content\/uploads\/dorival-junior-selecao-e1704998153515.webp\" \/>\n\t<meta property=\"og:image:width\" content=\"732\" \/>\n\t<meta property=\"og:image:height\" content=\"412\" \/>\n\t<meta property=\"og:image:type\" content=\"image\/webp\" \/>\n<meta name=\"author\" content=\"Rafaela Ladeira\" \/>\n<meta name=\"twitter:card\" content=\"summary_large_image\" \/>\n<meta name=\"twitter:label1\" content=\"Escrito por\" \/>\n\t<meta name=\"twitter:data1\" content=\"Rafaela Ladeira\" \/>\n\t<meta name=\"twitter:label2\" content=\"Est. tempo de leitura\" \/>\n\t<meta name=\"twitter:data2\" content=\"3 minutos\" \/>\n<script type=\"application\/ld+json\" class=\"yoast-schema-graph\">{\"@context\":\"https:\/\/schema.org\",\"@graph\":[{\"@type\":\"NewsArticle\",\"@id\":\"https:\/\/www.gaveanews.com\/index.php\/2025\/03\/26\/video-vitor-sergio-rodrigues-exige-a-demissao-de-dorival-junior\/#article\",\"isPartOf\":{\"@id\":\"https:\/\/www.gaveanews.com\/index.php\/2025\/03\/26\/video-vitor-sergio-rodrigues-exige-a-demissao-de-dorival-junior\/\"},\"author\":{\"name\":\"Rafaela Ladeira\",\"@id\":\"https:\/\/www.gaveanews.com\/#\/schema\/person\/0eb3e3fe1754f0205218538adbe8f5ed\"},\"headline\":\"V\u00eddeo: Vitor S\u00e9rgio Rodrigues exige a demiss\u00e3o de Dorival J\u00fanior\",\"datePublished\":\"2025-03-26T17:35:00+00:00\",\"mainEntityOfPage\":{\"@id\":\"https:\/\/www.gaveanews.com\/index.php\/2025\/03\/26\/video-vitor-sergio-rodrigues-exige-a-demissao-de-dorival-junior\/\"},\"wordCount\":490,\"commentCount\":0,\"image\":{\"@id\":\"https:\/\/www.gaveanews.com\/index.php\/2025\/03\/26\/video-vitor-sergio-rodrigues-exige-a-demissao-de-dorival-junior\/#primaryimage\"},\"thumbnailUrl\":\"https:\/\/www.gaveanews.com\/wp-content\/uploads\/dorival-junior-selecao-e1704998153515.webp\",\"articleSection\":[\"Brasil\"],\"inLanguage\":\"pt-BR\",\"potentialAction\":[{\"@type\":\"CommentAction\",\"name\":\"Comment\",\"target\":[\"https:\/\/www.gaveanews.com\/index.php\/2025\/03\/26\/video-vitor-sergio-rodrigues-exige-a-demissao-de-dorival-junior\/#respond\"]}],\"copyrightYear\":\"2025\",\"copyrightHolder\":{\"@id\":\"https:\/\/www.gaveanews.com\/#organization\"}},{\"@type\":\"WebPage\",\"@id\":\"https:\/\/www.gaveanews.com\/index.php\/2025\/03\/26\/video-vitor-sergio-rodrigues-exige-a-demissao-de-dorival-junior\/\",\"url\":\"https:\/\/www.gaveanews.com\/index.php\/2025\/03\/26\/video-vitor-sergio-rodrigues-exige-a-demissao-de-dorival-junior\/\",\"name\":\"V\u00eddeo: Vitor S\u00e9rgio Rodrigues exige a demiss\u00e3o de Dorival J\u00fanior\",\"isPartOf\":{\"@id\":\"https:\/\/www.gaveanews.com\/#website\"},\"primaryImageOfPage\":{\"@id\":\"https:\/\/www.gaveanews.com\/index.php\/2025\/03\/26\/video-vitor-sergio-rodrigues-exige-a-demissao-de-dorival-junior\/#primaryimage\"},\"image\":{\"@id\":\"https:\/\/www.gaveanews.com\/index.php\/2025\/03\/26\/video-vitor-sergio-rodrigues-exige-a-demissao-de-dorival-junior\/#primaryimage\"},\"thumbnailUrl\":\"https:\/\/www.gaveanews.com\/wp-content\/uploads\/dorival-junior-selecao-e1704998153515.webp\",\"datePublished\":\"2025-03-26T17:35:00+00:00\",\"author\":{\"@id\":\"https:\/\/www.gaveanews.com\/#\/schema\/person\/0eb3e3fe1754f0205218538adbe8f5ed\"},\"breadcrumb\":{\"@id\":\"https:\/\/www.gaveanews.com\/index.php\/2025\/03\/26\/video-vitor-sergio-rodrigues-exige-a-demissao-de-dorival-junior\/#breadcrumb\"},\"inLanguage\":\"pt-BR\",\"potentialAction\":[{\"@type\":\"ReadAction\",\"target\":[\"https:\/\/www.gaveanews.com\/index.php\/2025\/03\/26\/video-vitor-sergio-rodrigues-exige-a-demissao-de-dorival-junior\/\"]}]},{\"@type\":\"ImageObject\",\"inLanguage\":\"pt-BR\",\"@id\":\"https:\/\/www.gaveanews.com\/index.php\/2025\/03\/26\/video-vitor-sergio-rodrigues-exige-a-demissao-de-dorival-junior\/#primaryimage\",\"url\":\"https:\/\/www.gaveanews.com\/wp-content\/uploads\/dorival-junior-selecao-e1704998153515.webp\",\"contentUrl\":\"https:\/\/www.gaveanews.com\/wp-content\/uploads\/dorival-junior-selecao-e1704998153515.webp\",\"width\":732,\"height\":412,\"caption\":\"Dorival J\u00fanior, t\u00e9cnico da Sele\u00e7\u00e3o Brasileira (Foto: Reprodu\u00e7\u00e3o)\"},{\"@type\":\"BreadcrumbList\",\"@id\":\"https:\/\/www.gaveanews.com\/index.php\/2025\/03\/26\/video-vitor-sergio-rodrigues-exige-a-demissao-de-dorival-junior\/#breadcrumb\",\"itemListElement\":[{\"@type\":\"ListItem\",\"position\":1,\"name\":\"Home\",\"item\":\"https:\/\/www.gaveanews.com\/\"},{\"@type\":\"ListItem\",\"position\":2,\"name\":\"V\u00eddeo: Vitor S\u00e9rgio Rodrigues exige a demiss\u00e3o de Dorival J\u00fanior\"}]},{\"@type\":\"WebSite\",\"@id\":\"https:\/\/www.gaveanews.com\/#website\",\"url\":\"https:\/\/www.gaveanews.com\/\",\"name\":\"G\u00e1vea News\",\"description\":\"Veja todas as not\u00edcias sobre o Flamengo: Contrata\u00e7\u00f5es, categorias de base, resultados das partidas, tabela de classifica\u00e7\u00e3o, pr\u00f3ximos jogos!\",\"potentialAction\":[{\"@type\":\"SearchAction\",\"target\":{\"@type\":\"EntryPoint\",\"urlTemplate\":\"https:\/\/www.gaveanews.com\/?s={search_term_string}\"},\"query-input\":{\"@type\":\"PropertyValueSpecification\",\"valueRequired\":true,\"valueName\":\"search_term_string\"}}],\"inLanguage\":\"pt-BR\"},{\"@type\":\"Person\",\"@id\":\"https:\/\/www.gaveanews.com\/#\/schema\/person\/0eb3e3fe1754f0205218538adbe8f5ed\",\"name\":\"Rafaela Ladeira\",\"image\":{\"@type\":\"ImageObject\",\"inLanguage\":\"pt-BR\",\"@id\":\"https:\/\/www.gaveanews.com\/#\/schema\/person\/image\/\",\"url\":\"https:\/\/secure.gravatar.com\/avatar\/c31f513acffd85eacab5730cbdfdbbf59f21ba5aeada8cd890acea879fbb2455?s=96&d=mm&r=g\",\"contentUrl\":\"https:\/\/secure.gravatar.com\/avatar\/c31f513acffd85eacab5730cbdfdbbf59f21ba5aeada8cd890acea879fbb2455?s=96&d=mm&r=g\",\"caption\":\"Rafaela Ladeira\"}}]}<\/script>\n<!-- \/ Yoast SEO Premium plugin. -->","yoast_head_json":{"title":"V\u00eddeo: Vitor S\u00e9rgio Rodrigues exige a demiss\u00e3o de Dorival J\u00fanior","robots":{"index":"index","follow":"follow","max-snippet":"max-snippet:-1","max-image-preview":"max-image-preview:large","max-video-preview":"max-video-preview:-1"},"canonical":"https:\/\/www.gaveanews.com\/index.php\/2025\/03\/26\/video-vitor-sergio-rodrigues-exige-a-demissao-de-dorival-junior\/","og_locale":"pt_BR","og_type":"article","og_title":"V\u00eddeo: Vitor S\u00e9rgio Rodrigues exige a demiss\u00e3o de Dorival J\u00fanior","og_description":"Ap\u00f3s uma derrota humilhante para a Argentina por 4 a 1, a Sele\u00e7\u00e3o Brasileira vive um momento de crise e o nome de Dorival J\u00fanior est\u00e1 cada vez mais pr\u00f3ximo de ser afastado do comando.&nbsp; O desempenho p\u00edfio da equipe gerou cr\u00edticas de diversos comentaristas esportivos, incluindo Vitor S\u00e9rgio Rodrigues, que n\u00e3o poupou palavras ao [&hellip;]","og_url":"https:\/\/www.gaveanews.com\/index.php\/2025\/03\/26\/video-vitor-sergio-rodrigues-exige-a-demissao-de-dorival-junior\/","og_site_name":"G\u00e1vea News","article_publisher":"https:\/\/facebook.com\/gaveaNews\/","article_published_time":"2025-03-26T17:35:00+00:00","og_image":[{"width":732,"height":412,"url":"https:\/\/www.gaveanews.com\/wp-content\/uploads\/dorival-junior-selecao-e1704998153515.webp","type":"image\/webp"}],"author":"Rafaela Ladeira","twitter_card":"summary_large_image","twitter_misc":{"Escrito por":"Rafaela Ladeira","Est. tempo de leitura":"3 minutos"},"schema":{"@context":"https:\/\/schema.org","@graph":[{"@type":"NewsArticle","@id":"https:\/\/www.gaveanews.com\/index.php\/2025\/03\/26\/video-vitor-sergio-rodrigues-exige-a-demissao-de-dorival-junior\/#article","isPartOf":{"@id":"https:\/\/www.gaveanews.com\/index.php\/2025\/03\/26\/video-vitor-sergio-rodrigues-exige-a-demissao-de-dorival-junior\/"},"author":{"name":"Rafaela Ladeira","@id":"https:\/\/www.gaveanews.com\/#\/schema\/person\/0eb3e3fe1754f0205218538adbe8f5ed"},"headline":"V\u00eddeo: Vitor S\u00e9rgio Rodrigues exige a demiss\u00e3o de Dorival J\u00fanior","datePublished":"2025-03-26T17:35:00+00:00","mainEntityOfPage":{"@id":"https:\/\/www.gaveanews.com\/index.php\/2025\/03\/26\/video-vitor-sergio-rodrigues-exige-a-demissao-de-dorival-junior\/"},"wordCount":490,"commentCount":0,"image":{"@id":"https:\/\/www.gaveanews.com\/index.php\/2025\/03\/26\/video-vitor-sergio-rodrigues-exige-a-demissao-de-dorival-junior\/#primaryimage"},"thumbnailUrl":"https:\/\/www.gaveanews.com\/wp-content\/uploads\/dorival-junior-selecao-e1704998153515.webp","articleSection":["Brasil"],"inLanguage":"pt-BR","potentialAction":[{"@type":"CommentAction","name":"Comment","target":["https:\/\/www.gaveanews.com\/index.php\/2025\/03\/26\/video-vitor-sergio-rodrigues-exige-a-demissao-de-dorival-junior\/#respond"]}],"copyrightYear":"2025","copyrightHolder":{"@id":"https:\/\/www.gaveanews.com\/#organization"}},{"@type":"WebPage","@id":"https:\/\/www.gaveanews.com\/index.php\/2025\/03\/26\/video-vitor-sergio-rodrigues-exige-a-demissao-de-dorival-junior\/","url":"https:\/\/www.gaveanews.com\/index.php\/2025\/03\/26\/video-vitor-sergio-rodrigues-exige-a-demissao-de-dorival-junior\/","name":"V\u00eddeo: Vitor S\u00e9rgio Rodrigues exige a demiss\u00e3o de Dorival J\u00fanior","isPartOf":{"@id":"https:\/\/www.gaveanews.com\/#website"},"primaryImageOfPage":{"@id":"https:\/\/www.gaveanews.com\/index.php\/2025\/03\/26\/video-vitor-sergio-rodrigues-exige-a-demissao-de-dorival-junior\/#primaryimage"},"image":{"@id":"https:\/\/www.gaveanews.com\/index.php\/2025\/03\/26\/video-vitor-sergio-rodrigues-exige-a-demissao-de-dorival-junior\/#primaryimage"},"thumbnailUrl":"https:\/\/www.gaveanews.com\/wp-content\/uploads\/dorival-junior-selecao-e1704998153515.webp","datePublished":"2025-03-26T17:35:00+00:00","author":{"@id":"https:\/\/www.gaveanews.com\/#\/schema\/person\/0eb3e3fe1754f0205218538adbe8f5ed"},"breadcrumb":{"@id":"https:\/\/www.gaveanews.com\/index.php\/2025\/03\/26\/video-vitor-sergio-rodrigues-exige-a-demissao-de-dorival-junior\/#breadcrumb"},"inLanguage":"pt-BR","potentialAction":[{"@type":"ReadAction","target":["https:\/\/www.gaveanews.com\/index.php\/2025\/03\/26\/video-vitor-sergio-rodrigues-exige-a-demissao-de-dorival-junior\/"]}]},{"@type":"ImageObject","inLanguage":"pt-BR","@id":"https:\/\/www.gaveanews.com\/index.php\/2025\/03\/26\/video-vitor-sergio-rodrigues-exige-a-demissao-de-dorival-junior\/#primaryimage","url":"https:\/\/www.gaveanews.com\/wp-content\/uploads\/dorival-junior-selecao-e1704998153515.webp","contentUrl":"https:\/\/www.gaveanews.com\/wp-content\/uploads\/dorival-junior-selecao-e1704998153515.webp","width":732,"height":412,"caption":"Dorival J\u00fanior, t\u00e9cnico da Sele\u00e7\u00e3o Brasileira (Foto: Reprodu\u00e7\u00e3o)"},{"@type":"BreadcrumbList","@id":"https:\/\/www.gaveanews.com\/index.php\/2025\/03\/26\/video-vitor-sergio-rodrigues-exige-a-demissao-de-dorival-junior\/#breadcrumb","itemListElement":[{"@type":"ListItem","position":1,"name":"Home","item":"https:\/\/www.gaveanews.com\/"},{"@type":"ListItem","position":2,"name":"V\u00eddeo: Vitor S\u00e9rgio Rodrigues exige a demiss\u00e3o de Dorival J\u00fanior"}]},{"@type":"WebSite","@id":"https:\/\/www.gaveanews.com\/#website","url":"https:\/\/www.gaveanews.com\/","name":"G\u00e1vea News","description":"Veja todas as not\u00edcias sobre o Flamengo: Contrata\u00e7\u00f5es, categorias de base, resultados das partidas, tabela de classifica\u00e7\u00e3o, pr\u00f3ximos jogos!","potentialAction":[{"@type":"SearchAction","target":{"@type":"EntryPoint","urlTemplate":"https:\/\/www.gaveanews.com\/?s={search_term_string}"},"query-input":{"@type":"PropertyValueSpecification","valueRequired":true,"valueName":"search_term_string"}}],"inLanguage":"pt-BR"},{"@type":"Person","@id":"https:\/\/www.gaveanews.com\/#\/schema\/person\/0eb3e3fe1754f0205218538adbe8f5ed","name":"Rafaela Ladeira","image":{"@type":"ImageObject","inLanguage":"pt-BR","@id":"https:\/\/www.gaveanews.com\/#\/schema\/person\/image\/","url":"https:\/\/secure.gravatar.com\/avatar\/c31f513acffd85eacab5730cbdfdbbf59f21ba5aeada8cd890acea879fbb2455?s=96&d=mm&r=g","contentUrl":"https:\/\/secure.gravatar.com\/avatar\/c31f513acffd85eacab5730cbdfdbbf59f21ba5aeada8cd890acea879fbb2455?s=96&d=mm&r=g","caption":"Rafaela Ladeira"}}]}},"_links":{"self":[{"href":"https:\/\/www.gaveanews.com\/index.php\/wp-json\/wp\/v2\/posts\/244923","targetHints":{"allow":["GET"]}}],"collection":[{"href":"https:\/\/www.gaveanews.com\/index.php\/wp-json\/wp\/v2\/posts"}],"about":[{"href":"https:\/\/www.gaveanews.com\/index.php\/wp-json\/wp\/v2\/types\/post"}],"author":[{"embeddable":true,"href":"https:\/\/www.gaveanews.com\/index.php\/wp-json\/wp\/v2\/users\/25"}],"replies":[{"embeddable":true,"href":"https:\/\/www.gaveanews.com\/index.php\/wp-json\/wp\/v2\/comments?post=244923"}],"version-history":[{"count":1,"href":"https:\/\/www.gaveanews.com\/index.php\/wp-json\/wp\/v2\/posts\/244923\/revisions"}],"predecessor-version":[{"id":244924,"href":"https:\/\/www.gaveanews.com\/index.php\/wp-json\/wp\/v2\/posts\/244923\/revisions\/244924"}],"wp:featuredmedia":[{"embeddable":true,"href":"https:\/\/www.gaveanews.com\/index.php\/wp-json\/wp\/v2\/media\/126556"}],"wp:attachment":[{"href":"https:\/\/www.gaveanews.com\/index.php\/wp-json\/wp\/v2\/media?parent=244923"}],"wp:term":[{"taxonomy":"category","embeddable":true,"href":"https:\/\/www.gaveanews.com\/index.php\/wp-json\/wp\/v2\/categories?post=244923"},{"taxonomy":"post_tag","embeddable":true,"href":"https:\/\/www.gaveanews.com\/index.php\/wp-json\/wp\/v2\/tags?post=244923"}],"curies":[{"name":"wp","href":"https:\/\/api.w.org\/{rel}","templated":true}]}}